{"id":3590,"date":"2021-10-12T19:22:24","date_gmt":"2021-10-13T00:22:24","guid":{"rendered":"https:\/\/www.bbmnoticias.com\/labravaradiofm\/?p=3590"},"modified":"2021-10-12T19:29:36","modified_gmt":"2021-10-13T00:29:36","slug":"anuncian-alejandro-murat-y-embajador-esteban-moctezuma-mes-de-oaxaca-en-estados-unidos","status":"publish","type":"post","link":"https:\/\/www.bbmnoticias.com\/labravaradiofm\/2021\/10\/12\/anuncian-alejandro-murat-y-embajador-esteban-moctezuma-mes-de-oaxaca-en-estados-unidos\/","title":{"rendered":"Anuncian Alejandro Murat y Embajador Esteban Moctezuma \u201cMes de Oaxaca en Estados Unidos\u201d"},"content":{"rendered":"<div style=\"margin-top: 0px; margin-bottom: 0px;\" class=\"sharethis-inline-share-buttons\" ><\/div>\n<p>\u25cf Se llevar\u00e1n a cabo jornadas de trabajo con c\u00e1maras empresariales y organismos internacionales, actividades de promoci\u00f3n econ\u00f3mica y cultural, as\u00ed como un programa de reunificaci\u00f3n familiar<\/p>\n\n\n\n<p>\u25cf En el Instituto Cultural Mexicano ubicado la ciudad de Washington DC se instalar\u00e1 un altar de muertos y se presentar\u00e1 una muestra de la Guelaguetza, entre otras exhibiciones<\/p>\n\n\n\n<p>\u25cf El Gobernador agradeci\u00f3 que Oaxaca sea el primer estado en contar con este espacio para fortalecer v\u00ednculos sociales, culturales, econ\u00f3micos y acad\u00e9micos de manera sistem\u00e1tica<\/p>\n\n\n\n<p>Oaxaca de Ju\u00e1rez, Oax. M\u00e9xico y Estados Unidos fortalecer\u00e1n sus lazos de hermanamiento, as\u00ed como v\u00ednculos culturales y econ\u00f3micos a trav\u00e9s del \u201cMes de Oaxaca en Estados Unidos\u201d, un espacio que reunir\u00e1, del pr\u00f3ximo 22 de octubre al 20 de noviembre, exposiciones de arte, reencuentros de familias migrantes del programa Guelaguetza familiar, muestras gastron\u00f3micas y jornadas para fomentar la inversi\u00f3n, promoci\u00f3n y comercializaci\u00f3n de productos oaxaque\u00f1os.<\/p>\n\n\n\n<p>\u201cEstamos muy entusiasmados y agradecidos con esta oportunidad que tiene como fin hermanar nuestros pueblos y crear sinergias. Fortalecer la agenda pol\u00edtica, econ\u00f3mica y cultural entre Oaxaca y Estados Unidos resultar\u00e1 en mejores oportunidades de desarrollo para las y los oaxaque\u00f1os\u201d, se\u00f1al\u00f3 el Mandatario Estatal ante el anuncio que, al respecto, realiz\u00f3 esta ma\u00f1ana el Embajador de M\u00e9xico en Estados Unidos, Esteban Moctezuma Barrag\u00e1n.<\/p>\n\n\n\n<p>Se dio a conocer que el programa tambi\u00e9n incluir\u00e1 la participaci\u00f3n de empresarias y empresarios oaxaque\u00f1os a trav\u00e9s de presentaci\u00f3n de proyectos de inversi\u00f3n, catas de mezcal, demostraciones de distintos m\u00e9todos de extracci\u00f3n de caf\u00e9, pl\u00e1ticas con artesanos creadores de textiles, chocolate, seda de San Pedro Cajonos, entre otros productos tradicionales, con lo que se busca atraer inversiones y la apertura de nuevos canales de comercializaci\u00f3n para los productos de la entidad.<\/p>\n\n\n\n<p><\/p>\n\n\n\n<figure class=\"wp-block-image size-full\"><img loading=\"lazy\" decoding=\"async\" width=\"800\" height=\"799\" src=\"https:\/\/www.bbmnoticias.com\/labravaradiofm\/wp-content\/uploads\/sites\/5\/2021\/10\/local12102021-22.jpg\" alt=\"\" class=\"wp-image-3598\" srcset=\"https:\/\/www.bbmnoticias.com\/labravaradiofm\/wp-content\/uploads\/sites\/5\/2021\/10\/local12102021-22.jpg 800w, https:\/\/www.bbmnoticias.com\/labravaradiofm\/wp-content\/uploads\/sites\/5\/2021\/10\/local12102021-22-300x300.jpg 300w, https:\/\/www.bbmnoticias.com\/labravaradiofm\/wp-content\/uploads\/sites\/5\/2021\/10\/local12102021-22-150x150.jpg 150w, https:\/\/www.bbmnoticias.com\/labravaradiofm\/wp-content\/uploads\/sites\/5\/2021\/10\/local12102021-22-768x767.jpg 768w, https:\/\/www.bbmnoticias.com\/labravaradiofm\/wp-content\/uploads\/sites\/5\/2021\/10\/local12102021-22-421x420.jpg 421w, https:\/\/www.bbmnoticias.com\/labravaradiofm\/wp-content\/uploads\/sites\/5\/2021\/10\/local12102021-22-640x639.jpg 640w, https:\/\/www.bbmnoticias.com\/labravaradiofm\/wp-content\/uploads\/sites\/5\/2021\/10\/local12102021-22-681x680.jpg 681w\" sizes=\"auto, (max-width: 800px) 100vw, 800px\" \/><\/figure>\n\n\n\n<p>Asimismo, se realizar\u00e1n encuentros con empresas estadounidenses y asociaciones de gran relevancia como el Atlantic Council y la US Chamber of Commerce para delinear estrategias de inversi\u00f3n que favorezcan el crecimiento sostenible de la entidad y la generaci\u00f3n de m\u00e1s y mejores empleos en el estado.<\/p>\n\n\n\n<p>Se dio a conocer tambi\u00e9n que uno de los momentos m\u00e1s importantes de este encuentro ser\u00e1 la presentaci\u00f3n del programa del Gobierno de Oaxaca conocido como \u201cGuelaguetza familiar\u201d, que facilita la reunificaci\u00f3n de migrantes con sus padres, madres o abuelos que se quedaron en M\u00e9xico y a quienes no han visto en m\u00e1s de 20 a\u00f1os.<\/p>\n\n\n\n<p>Al informar que el Instituto Cultural Mexicano ser\u00e1 la sede principal de este evento que busca fortalecer los v\u00ednculos culturales entre la sociedad oaxaque\u00f1a y la estadounidense, Murat Hinojosa inform\u00f3 que ah\u00ed se instalar\u00e1 \u201cun altar de muertos como lo hacen en nuestros pueblos, para compartir con las personas de Estados Unidos que muestran un gran interes por esta tradici\u00f3n, y puedan conocer el verdadero sentido de la celebraci\u00f3n\u201d.<\/p>\n\n\n\n<p>En este marco de hermandad y colaboraci\u00f3n, el Gobernador tambi\u00e9n inform\u00f3 que el 22 de octubre se instalar\u00e1n dos alebrijes gigantes de San Mart\u00edn Tilcajete, en el Rockefeller Center de Manhatan, Nueva York, lo que constituir\u00e1 un hito en la historia del arte popular mexicano por la gran relevancia internacional que tiene este espacio<\/p>\n\n\n\n<p>\u201cEstamos muy orgullosos de lograr este espacio en los Estados Unidos, el principal socio comercial de M\u00e9xico. Desde la llegada del Embajador Moctezuma somos la primera entidad de M\u00e9xico en contar este tipo de espacio para la promoci\u00f3n y vinculaci\u00f3n. As\u00ed cumplimos con el compromiso de llevar m\u00e1s de Oaxaca al resto del mundo, y m\u00e1s del mundo a nuestro querido Oaxaca, algo que hemos fomentado con gran entusiasmo desde el principio de mi administraci\u00f3n\u201d, enfatiz\u00f3 el Gobernador.<\/p>\n\n\n\n<figure class=\"wp-block-embed is-type-rich is-provider-twitter wp-block-embed-twitter\"><div class=\"wp-block-embed__wrapper\">\n<blockquote class=\"twitter-tweet\" data-width=\"550\" data-dnt=\"true\"><p lang=\"es\" dir=\"ltr\">Del 22 de octubre al 22 de noviembre: \u00a1<a href=\"https:\/\/twitter.com\/hashtag\/Oaxaca?src=hash&amp;ref_src=twsrc%5Etfw\">#Oaxaca<\/a> va a conquistar el coraz\u00f3n de los <a href=\"https:\/\/twitter.com\/hashtag\/EstadosUnidos?src=hash&amp;ref_src=twsrc%5Etfw\">#EstadosUnidos<\/a>! <a href=\"https:\/\/t.co\/Mvd5ylICfF\">pic.twitter.com\/Mvd5ylICfF<\/a><\/p>&mdash; Esteban Moctezuma Barrag\u00e1n (@emoctezumab) <a href=\"https:\/\/twitter.com\/emoctezumab\/status\/1448038639565524995?ref_src=twsrc%5Etfw\">October 12, 2021<\/a><\/blockquote><script async src=\"https:\/\/platform.twitter.com\/widgets.js\" charset=\"utf-8\"><\/script>\n<\/div><\/figure>\n","protected":false},"excerpt":{"rendered":"<p>\u25cf Se llevar\u00e1n a cabo jornadas de trabajo con c\u00e1maras empresariales y organismos internacionales, actividades de promoci\u00f3n econ\u00f3mica y cultural, as\u00ed como un programa de reunificaci\u00f3n familiar \u25cf En el Instituto Cultural Mexicano ubicado la ciudad de Washington DC se instalar\u00e1 un altar de muertos y se presentar\u00e1 una muestra de la Guelaguetza, entre otras [&hellip;]<\/p>\n","protected":false},"author":2,"featured_media":3596,"comment_status":"closed","ping_status":"closed","sticky":false,"template":"","format":"standard","meta":{"footnotes":""},"categories":[2],"tags":[],"class_list":{"0":"post-3590","1":"post","2":"type-post","3":"status-publish","4":"format-standard","5":"has-post-thumbnail","7":"category-oaxaca"},"yoast_head":"<!-- This site is optimized with the Yoast SEO plugin v27.4 - https:\/\/yoast.com\/product\/yoast-seo-wordpress\/ -->\n<title>Anuncian Alejandro Murat y Embajador Esteban Moctezuma \u201cMes de Oaxaca en Estados Unidos\u201d - LA BRAVA RADIO<\/title>\n<meta name=\"description\" content=\"Se llevar\u00e1n a cabo jornadas de trabajo con c\u00e1maras empresariales y organismos internacionales, actividades de promoci\u00f3n econ\u00f3mica\" \/>\n<meta name=\"robots\" content=\"index, follow, max-snippet:-1, max-image-preview:large, max-video-preview:-1\" \/>\n<link rel=\"canonical\" href=\"https:\/\/www.bbmnoticias.com\/labravaradiofm\/2021\/10\/12\/anuncian-alejandro-murat-y-embajador-esteban-moctezuma-mes-de-oaxaca-en-estados-unidos\/\" \/>\n<meta property=\"og:locale\" content=\"es_MX\" \/>\n<meta property=\"og:type\" content=\"article\" \/>\n<meta property=\"og:title\" content=\"Anuncian Alejandro Murat y Embajador Esteban Moctezuma \u201cMes de Oaxaca en Estados Unidos\u201d - LA BRAVA RADIO\" \/>\n<meta property=\"og:description\" content=\"Se llevar\u00e1n a cabo jornadas de trabajo con c\u00e1maras empresariales y organismos internacionales, actividades de promoci\u00f3n econ\u00f3mica\" \/>\n<meta property=\"og:url\" content=\"https:\/\/www.bbmnoticias.com\/labravaradiofm\/2021\/10\/12\/anuncian-alejandro-murat-y-embajador-esteban-moctezuma-mes-de-oaxaca-en-estados-unidos\/\" \/>\n<meta property=\"og:site_name\" content=\"LA BRAVA RADIO\" \/>\n<meta property=\"article:published_time\" content=\"2021-10-13T00:22:24+00:00\" \/>\n<meta property=\"article:modified_time\" content=\"2021-10-13T00:29:36+00:00\" \/>\n<meta property=\"og:image\" content=\"https:\/\/www.bbmnoticias.com\/labravaradiofm\/wp-content\/uploads\/sites\/5\/2021\/10\/local12102021-20-1.jpg\" \/>\n\t<meta property=\"og:image:width\" content=\"775\" \/>\n\t<meta property=\"og:image:height\" content=\"465\" \/>\n\t<meta property=\"og:image:type\" content=\"image\/jpeg\" \/>\n<meta name=\"author\" content=\"Staff\" \/>\n<meta name=\"twitter:card\" content=\"summary_large_image\" \/>\n<meta name=\"twitter:label1\" content=\"Escrito por\" \/>\n\t<meta name=\"twitter:data1\" content=\"Staff\" \/>\n\t<meta name=\"twitter:label2\" content=\"Tiempo de lectura\" \/>\n\t<meta name=\"twitter:data2\" content=\"3 minutos\" \/>\n<script type=\"application\/ld+json\" class=\"yoast-schema-graph\">{\"@context\":\"https:\\\/\\\/schema.org\",\"@graph\":[{\"@type\":\"Article\",\"@id\":\"https:\\\/\\\/www.bbmnoticias.com\\\/labravaradiofm\\\/2021\\\/10\\\/12\\\/anuncian-alejandro-murat-y-embajador-esteban-moctezuma-mes-de-oaxaca-en-estados-unidos\\\/#article\",\"isPartOf\":{\"@id\":\"https:\\\/\\\/www.bbmnoticias.com\\\/labravaradiofm\\\/2021\\\/10\\\/12\\\/anuncian-alejandro-murat-y-embajador-esteban-moctezuma-mes-de-oaxaca-en-estados-unidos\\\/\"},\"author\":{\"name\":\"Staff\",\"@id\":\"https:\\\/\\\/www.bbmnoticias.com\\\/labravaradiofm\\\/#\\\/schema\\\/person\\\/68a9e9036ef3c5b55aeb2b71dc8bab45\"},\"headline\":\"Anuncian Alejandro Murat y Embajador Esteban Moctezuma \u201cMes de Oaxaca en Estados Unidos\u201d\",\"datePublished\":\"2021-10-13T00:22:24+00:00\",\"dateModified\":\"2021-10-13T00:29:36+00:00\",\"mainEntityOfPage\":{\"@id\":\"https:\\\/\\\/www.bbmnoticias.com\\\/labravaradiofm\\\/2021\\\/10\\\/12\\\/anuncian-alejandro-murat-y-embajador-esteban-moctezuma-mes-de-oaxaca-en-estados-unidos\\\/\"},\"wordCount\":662,\"image\":{\"@id\":\"https:\\\/\\\/www.bbmnoticias.com\\\/labravaradiofm\\\/2021\\\/10\\\/12\\\/anuncian-alejandro-murat-y-embajador-esteban-moctezuma-mes-de-oaxaca-en-estados-unidos\\\/#primaryimage\"},\"thumbnailUrl\":\"https:\\\/\\\/www.bbmnoticias.com\\\/labravaradiofm\\\/wp-content\\\/uploads\\\/sites\\\/5\\\/2021\\\/10\\\/local12102021-20-1.jpg\",\"articleSection\":[\"LOCAL\"],\"inLanguage\":\"es\"},{\"@type\":\"WebPage\",\"@id\":\"https:\\\/\\\/www.bbmnoticias.com\\\/labravaradiofm\\\/2021\\\/10\\\/12\\\/anuncian-alejandro-murat-y-embajador-esteban-moctezuma-mes-de-oaxaca-en-estados-unidos\\\/\",\"url\":\"https:\\\/\\\/www.bbmnoticias.com\\\/labravaradiofm\\\/2021\\\/10\\\/12\\\/anuncian-alejandro-murat-y-embajador-esteban-moctezuma-mes-de-oaxaca-en-estados-unidos\\\/\",\"name\":\"Anuncian Alejandro Murat y Embajador Esteban Moctezuma \u201cMes de Oaxaca en Estados Unidos\u201d - LA BRAVA RADIO\",\"isPartOf\":{\"@id\":\"https:\\\/\\\/www.bbmnoticias.com\\\/labravaradiofm\\\/#website\"},\"primaryImageOfPage\":{\"@id\":\"https:\\\/\\\/www.bbmnoticias.com\\\/labravaradiofm\\\/2021\\\/10\\\/12\\\/anuncian-alejandro-murat-y-embajador-esteban-moctezuma-mes-de-oaxaca-en-estados-unidos\\\/#primaryimage\"},\"image\":{\"@id\":\"https:\\\/\\\/www.bbmnoticias.com\\\/labravaradiofm\\\/2021\\\/10\\\/12\\\/anuncian-alejandro-murat-y-embajador-esteban-moctezuma-mes-de-oaxaca-en-estados-unidos\\\/#primaryimage\"},\"thumbnailUrl\":\"https:\\\/\\\/www.bbmnoticias.com\\\/labravaradiofm\\\/wp-content\\\/uploads\\\/sites\\\/5\\\/2021\\\/10\\\/local12102021-20-1.jpg\",\"datePublished\":\"2021-10-13T00:22:24+00:00\",\"dateModified\":\"2021-10-13T00:29:36+00:00\",\"author\":{\"@id\":\"https:\\\/\\\/www.bbmnoticias.com\\\/labravaradiofm\\\/#\\\/schema\\\/person\\\/68a9e9036ef3c5b55aeb2b71dc8bab45\"},\"description\":\"Se llevar\u00e1n a cabo jornadas de trabajo con c\u00e1maras empresariales y organismos internacionales, actividades de promoci\u00f3n econ\u00f3mica\",\"breadcrumb\":{\"@id\":\"https:\\\/\\\/www.bbmnoticias.com\\\/labravaradiofm\\\/2021\\\/10\\\/12\\\/anuncian-alejandro-murat-y-embajador-esteban-moctezuma-mes-de-oaxaca-en-estados-unidos\\\/#breadcrumb\"},\"inLanguage\":\"es\",\"potentialAction\":[{\"@type\":\"ReadAction\",\"target\":[\"https:\\\/\\\/www.bbmnoticias.com\\\/labravaradiofm\\\/2021\\\/10\\\/12\\\/anuncian-alejandro-murat-y-embajador-esteban-moctezuma-mes-de-oaxaca-en-estados-unidos\\\/\"]}]},{\"@type\":\"ImageObject\",\"inLanguage\":\"es\",\"@id\":\"https:\\\/\\\/www.bbmnoticias.com\\\/labravaradiofm\\\/2021\\\/10\\\/12\\\/anuncian-alejandro-murat-y-embajador-esteban-moctezuma-mes-de-oaxaca-en-estados-unidos\\\/#primaryimage\",\"url\":\"https:\\\/\\\/www.bbmnoticias.com\\\/labravaradiofm\\\/wp-content\\\/uploads\\\/sites\\\/5\\\/2021\\\/10\\\/local12102021-20-1.jpg\",\"contentUrl\":\"https:\\\/\\\/www.bbmnoticias.com\\\/labravaradiofm\\\/wp-content\\\/uploads\\\/sites\\\/5\\\/2021\\\/10\\\/local12102021-20-1.jpg\",\"width\":775,\"height\":465},{\"@type\":\"BreadcrumbList\",\"@id\":\"https:\\\/\\\/www.bbmnoticias.com\\\/labravaradiofm\\\/2021\\\/10\\\/12\\\/anuncian-alejandro-murat-y-embajador-esteban-moctezuma-mes-de-oaxaca-en-estados-unidos\\\/#breadcrumb\",\"itemListElement\":[{\"@type\":\"ListItem\",\"position\":1,\"name\":\"Inicio\",\"item\":\"https:\\\/\\\/www.bbmnoticias.com\\\/labravaradiofm\\\/\"},{\"@type\":\"ListItem\",\"position\":2,\"name\":\"Anuncian Alejandro Murat y Embajador Esteban Moctezuma \u201cMes de Oaxaca en Estados Unidos\u201d\"}]},{\"@type\":\"WebSite\",\"@id\":\"https:\\\/\\\/www.bbmnoticias.com\\\/labravaradiofm\\\/#website\",\"url\":\"https:\\\/\\\/www.bbmnoticias.com\\\/labravaradiofm\\\/\",\"name\":\"LA BRAVA RADIO\",\"description\":\"Empresa productora de medios, Radiodifusi\u00f3n, Noticias, tendencias y todo lo que necesitas saber de la pol\u00edtica mexicana e internacional; entretenimiento, espect\u00e1culos, salud y mucho m\u00e1s.\",\"potentialAction\":[{\"@type\":\"SearchAction\",\"target\":{\"@type\":\"EntryPoint\",\"urlTemplate\":\"https:\\\/\\\/www.bbmnoticias.com\\\/labravaradiofm\\\/?s={search_term_string}\"},\"query-input\":{\"@type\":\"PropertyValueSpecification\",\"valueRequired\":true,\"valueName\":\"search_term_string\"}}],\"inLanguage\":\"es\"},{\"@type\":\"Person\",\"@id\":\"https:\\\/\\\/www.bbmnoticias.com\\\/labravaradiofm\\\/#\\\/schema\\\/person\\\/68a9e9036ef3c5b55aeb2b71dc8bab45\",\"name\":\"Staff\",\"image\":{\"@type\":\"ImageObject\",\"inLanguage\":\"es\",\"@id\":\"https:\\\/\\\/secure.gravatar.com\\\/avatar\\\/fdd21ad66fd8b98c407f9dee5b5e588cfe7f0d8579ec20fa6527cd59bab7f0f0?s=96&d=mm&r=g\",\"url\":\"https:\\\/\\\/secure.gravatar.com\\\/avatar\\\/fdd21ad66fd8b98c407f9dee5b5e588cfe7f0d8579ec20fa6527cd59bab7f0f0?s=96&d=mm&r=g\",\"contentUrl\":\"https:\\\/\\\/secure.gravatar.com\\\/avatar\\\/fdd21ad66fd8b98c407f9dee5b5e588cfe7f0d8579ec20fa6527cd59bab7f0f0?s=96&d=mm&r=g\",\"caption\":\"Staff\"},\"url\":\"https:\\\/\\\/www.bbmnoticias.com\\\/labravaradiofm\\\/author\\\/redaccion\\\/\"}]}<\/script>\n<!-- \/ Yoast SEO plugin. -->","yoast_head_json":{"title":"Anuncian Alejandro Murat y Embajador Esteban Moctezuma \u201cMes de Oaxaca en Estados Unidos\u201d - LA BRAVA RADIO","description":"Se llevar\u00e1n a cabo jornadas de trabajo con c\u00e1maras empresariales y organismos internacionales, actividades de promoci\u00f3n econ\u00f3mica","robots":{"index":"index","follow":"follow","max-snippet":"max-snippet:-1","max-image-preview":"max-image-preview:large","max-video-preview":"max-video-preview:-1"},"canonical":"https:\/\/www.bbmnoticias.com\/labravaradiofm\/2021\/10\/12\/anuncian-alejandro-murat-y-embajador-esteban-moctezuma-mes-de-oaxaca-en-estados-unidos\/","og_locale":"es_MX","og_type":"article","og_title":"Anuncian Alejandro Murat y Embajador Esteban Moctezuma \u201cMes de Oaxaca en Estados Unidos\u201d - LA BRAVA RADIO","og_description":"Se llevar\u00e1n a cabo jornadas de trabajo con c\u00e1maras empresariales y organismos internacionales, actividades de promoci\u00f3n econ\u00f3mica","og_url":"https:\/\/www.bbmnoticias.com\/labravaradiofm\/2021\/10\/12\/anuncian-alejandro-murat-y-embajador-esteban-moctezuma-mes-de-oaxaca-en-estados-unidos\/","og_site_name":"LA BRAVA RADIO","article_published_time":"2021-10-13T00:22:24+00:00","article_modified_time":"2021-10-13T00:29:36+00:00","og_image":[{"width":775,"height":465,"url":"https:\/\/www.bbmnoticias.com\/labravaradiofm\/wp-content\/uploads\/sites\/5\/2021\/10\/local12102021-20-1.jpg","type":"image\/jpeg"}],"author":"Staff","twitter_card":"summary_large_image","twitter_misc":{"Escrito por":"Staff","Tiempo de lectura":"3 minutos"},"schema":{"@context":"https:\/\/schema.org","@graph":[{"@type":"Article","@id":"https:\/\/www.bbmnoticias.com\/labravaradiofm\/2021\/10\/12\/anuncian-alejandro-murat-y-embajador-esteban-moctezuma-mes-de-oaxaca-en-estados-unidos\/#article","isPartOf":{"@id":"https:\/\/www.bbmnoticias.com\/labravaradiofm\/2021\/10\/12\/anuncian-alejandro-murat-y-embajador-esteban-moctezuma-mes-de-oaxaca-en-estados-unidos\/"},"author":{"name":"Staff","@id":"https:\/\/www.bbmnoticias.com\/labravaradiofm\/#\/schema\/person\/68a9e9036ef3c5b55aeb2b71dc8bab45"},"headline":"Anuncian Alejandro Murat y Embajador Esteban Moctezuma \u201cMes de Oaxaca en Estados Unidos\u201d","datePublished":"2021-10-13T00:22:24+00:00","dateModified":"2021-10-13T00:29:36+00:00","mainEntityOfPage":{"@id":"https:\/\/www.bbmnoticias.com\/labravaradiofm\/2021\/10\/12\/anuncian-alejandro-murat-y-embajador-esteban-moctezuma-mes-de-oaxaca-en-estados-unidos\/"},"wordCount":662,"image":{"@id":"https:\/\/www.bbmnoticias.com\/labravaradiofm\/2021\/10\/12\/anuncian-alejandro-murat-y-embajador-esteban-moctezuma-mes-de-oaxaca-en-estados-unidos\/#primaryimage"},"thumbnailUrl":"https:\/\/www.bbmnoticias.com\/labravaradiofm\/wp-content\/uploads\/sites\/5\/2021\/10\/local12102021-20-1.jpg","articleSection":["LOCAL"],"inLanguage":"es"},{"@type":"WebPage","@id":"https:\/\/www.bbmnoticias.com\/labravaradiofm\/2021\/10\/12\/anuncian-alejandro-murat-y-embajador-esteban-moctezuma-mes-de-oaxaca-en-estados-unidos\/","url":"https:\/\/www.bbmnoticias.com\/labravaradiofm\/2021\/10\/12\/anuncian-alejandro-murat-y-embajador-esteban-moctezuma-mes-de-oaxaca-en-estados-unidos\/","name":"Anuncian Alejandro Murat y Embajador Esteban Moctezuma \u201cMes de Oaxaca en Estados Unidos\u201d - LA BRAVA RADIO","isPartOf":{"@id":"https:\/\/www.bbmnoticias.com\/labravaradiofm\/#website"},"primaryImageOfPage":{"@id":"https:\/\/www.bbmnoticias.com\/labravaradiofm\/2021\/10\/12\/anuncian-alejandro-murat-y-embajador-esteban-moctezuma-mes-de-oaxaca-en-estados-unidos\/#primaryimage"},"image":{"@id":"https:\/\/www.bbmnoticias.com\/labravaradiofm\/2021\/10\/12\/anuncian-alejandro-murat-y-embajador-esteban-moctezuma-mes-de-oaxaca-en-estados-unidos\/#primaryimage"},"thumbnailUrl":"https:\/\/www.bbmnoticias.com\/labravaradiofm\/wp-content\/uploads\/sites\/5\/2021\/10\/local12102021-20-1.jpg","datePublished":"2021-10-13T00:22:24+00:00","dateModified":"2021-10-13T00:29:36+00:00","author":{"@id":"https:\/\/www.bbmnoticias.com\/labravaradiofm\/#\/schema\/person\/68a9e9036ef3c5b55aeb2b71dc8bab45"},"description":"Se llevar\u00e1n a cabo jornadas de trabajo con c\u00e1maras empresariales y organismos internacionales, actividades de promoci\u00f3n econ\u00f3mica","breadcrumb":{"@id":"https:\/\/www.bbmnoticias.com\/labravaradiofm\/2021\/10\/12\/anuncian-alejandro-murat-y-embajador-esteban-moctezuma-mes-de-oaxaca-en-estados-unidos\/#breadcrumb"},"inLanguage":"es","potentialAction":[{"@type":"ReadAction","target":["https:\/\/www.bbmnoticias.com\/labravaradiofm\/2021\/10\/12\/anuncian-alejandro-murat-y-embajador-esteban-moctezuma-mes-de-oaxaca-en-estados-unidos\/"]}]},{"@type":"ImageObject","inLanguage":"es","@id":"https:\/\/www.bbmnoticias.com\/labravaradiofm\/2021\/10\/12\/anuncian-alejandro-murat-y-embajador-esteban-moctezuma-mes-de-oaxaca-en-estados-unidos\/#primaryimage","url":"https:\/\/www.bbmnoticias.com\/labravaradiofm\/wp-content\/uploads\/sites\/5\/2021\/10\/local12102021-20-1.jpg","contentUrl":"https:\/\/www.bbmnoticias.com\/labravaradiofm\/wp-content\/uploads\/sites\/5\/2021\/10\/local12102021-20-1.jpg","width":775,"height":465},{"@type":"BreadcrumbList","@id":"https:\/\/www.bbmnoticias.com\/labravaradiofm\/2021\/10\/12\/anuncian-alejandro-murat-y-embajador-esteban-moctezuma-mes-de-oaxaca-en-estados-unidos\/#breadcrumb","itemListElement":[{"@type":"ListItem","position":1,"name":"Inicio","item":"https:\/\/www.bbmnoticias.com\/labravaradiofm\/"},{"@type":"ListItem","position":2,"name":"Anuncian Alejandro Murat y Embajador Esteban Moctezuma \u201cMes de Oaxaca en Estados Unidos\u201d"}]},{"@type":"WebSite","@id":"https:\/\/www.bbmnoticias.com\/labravaradiofm\/#website","url":"https:\/\/www.bbmnoticias.com\/labravaradiofm\/","name":"LA BRAVA RADIO","description":"Empresa productora de medios, Radiodifusi\u00f3n, Noticias, tendencias y todo lo que necesitas saber de la pol\u00edtica mexicana e internacional; entretenimiento, espect\u00e1culos, salud y mucho m\u00e1s.","potentialAction":[{"@type":"SearchAction","target":{"@type":"EntryPoint","urlTemplate":"https:\/\/www.bbmnoticias.com\/labravaradiofm\/?s={search_term_string}"},"query-input":{"@type":"PropertyValueSpecification","valueRequired":true,"valueName":"search_term_string"}}],"inLanguage":"es"},{"@type":"Person","@id":"https:\/\/www.bbmnoticias.com\/labravaradiofm\/#\/schema\/person\/68a9e9036ef3c5b55aeb2b71dc8bab45","name":"Staff","image":{"@type":"ImageObject","inLanguage":"es","@id":"https:\/\/secure.gravatar.com\/avatar\/fdd21ad66fd8b98c407f9dee5b5e588cfe7f0d8579ec20fa6527cd59bab7f0f0?s=96&d=mm&r=g","url":"https:\/\/secure.gravatar.com\/avatar\/fdd21ad66fd8b98c407f9dee5b5e588cfe7f0d8579ec20fa6527cd59bab7f0f0?s=96&d=mm&r=g","contentUrl":"https:\/\/secure.gravatar.com\/avatar\/fdd21ad66fd8b98c407f9dee5b5e588cfe7f0d8579ec20fa6527cd59bab7f0f0?s=96&d=mm&r=g","caption":"Staff"},"url":"https:\/\/www.bbmnoticias.com\/labravaradiofm\/author\/redaccion\/"}]}},"_links":{"self":[{"href":"https:\/\/www.bbmnoticias.com\/labravaradiofm\/wp-json\/wp\/v2\/posts\/3590","targetHints":{"allow":["GET"]}}],"collection":[{"href":"https:\/\/www.bbmnoticias.com\/labravaradiofm\/wp-json\/wp\/v2\/posts"}],"about":[{"href":"https:\/\/www.bbmnoticias.com\/labravaradiofm\/wp-json\/wp\/v2\/types\/post"}],"author":[{"embeddable":true,"href":"https:\/\/www.bbmnoticias.com\/labravaradiofm\/wp-json\/wp\/v2\/users\/2"}],"replies":[{"embeddable":true,"href":"https:\/\/www.bbmnoticias.com\/labravaradiofm\/wp-json\/wp\/v2\/comments?post=3590"}],"version-history":[{"count":0,"href":"https:\/\/www.bbmnoticias.com\/labravaradiofm\/wp-json\/wp\/v2\/posts\/3590\/revisions"}],"wp:featuredmedia":[{"embeddable":true,"href":"https:\/\/www.bbmnoticias.com\/labravaradiofm\/wp-json\/wp\/v2\/media\/3596"}],"wp:attachment":[{"href":"https:\/\/www.bbmnoticias.com\/labravaradiofm\/wp-json\/wp\/v2\/media?parent=3590"}],"wp:term":[{"taxonomy":"category","embeddable":true,"href":"https:\/\/www.bbmnoticias.com\/labravaradiofm\/wp-json\/wp\/v2\/categories?post=3590"},{"taxonomy":"post_tag","embeddable":true,"href":"https:\/\/www.bbmnoticias.com\/labravaradiofm\/wp-json\/wp\/v2\/tags?post=3590"}],"curies":[{"name":"wp","href":"https:\/\/api.w.org\/{rel}","templated":true}]}}