{"id":3574,"date":"2021-10-12T14:23:15","date_gmt":"2021-10-12T19:23:15","guid":{"rendered":"https:\/\/www.bbmnoticias.com\/labravaradiofm\/?p=3574"},"modified":"2021-10-12T14:23:16","modified_gmt":"2021-10-12T19:23:16","slug":"vicente-fernandez-jr-niega-que-vicente-fernandez-tenga-muerte-cerebral","status":"publish","type":"post","link":"https:\/\/www.bbmnoticias.com\/labravaradiofm\/2021\/10\/12\/vicente-fernandez-jr-niega-que-vicente-fernandez-tenga-muerte-cerebral\/","title":{"rendered":"Vicente Fern\u00e1ndez Jr. niega que Vicente Fern\u00e1ndez tenga muerte cerebral"},"content":{"rendered":"<div style=\"margin-top: 0px; margin-bottom: 0px;\" class=\"sharethis-inline-share-buttons\" ><\/div>\n<p><strong>Vicente Fern\u00e1ndez Jr.<\/strong> desmiente que <strong>Vicente Fern\u00e1ndez <\/strong>tenga <strong>muerte cerebral <\/strong>luego de que su padre haya estado internado por 2 meses en un hospital.<\/p>\n\n\n\n<p>Despu\u00e9s de que una revista de espect\u00e1culos dijera que Vicente Fern\u00e1ndez ten\u00eda muerte cerebral, el hijo menor del cantante sali\u00f3 a desmentir y se\u00f1al\u00f3 que lo hacen por lucro.<\/p>\n\n\n\n<h2 class=\"wp-block-heading\">Vicente Fern\u00e1ndez Jr. dice que Vicente Fern\u00e1ndez no tiene muerte cerebral<\/h2>\n\n\n\n<p>Hace unas horas \u2018TvNotas\u2019 public\u00f3 una nota en donde se se\u00f1ala que luego de poco m\u00e1s de 2 meses internado, <strong>Vicente Fern\u00e1ndez<\/strong> tiene <strong>muerte cerebral.<\/strong><\/p>\n\n\n\n<p>Sin embargo, <strong>Vicente Fern\u00e1ndez Jr.<\/strong> us\u00f3 sus redes sociales para desmentir e incluso etiquetar a la revista, la cual dijo que solo deseaba lucro de su padre.<\/p>\n\n\n\n<p>Explic\u00f3 que era una tristeza que se inventen notas \u201ccomo est\u00e1\u201d, la cual se hizo \u201ccon el af\u00e1n de lucro con el p\u00fablico de mi padre\u201d.<\/p>\n\n\n\n<p>Fue la reportera Laura Palmer quien escribi\u00f3 la nota sobre el estado de salud de Vicente Fern\u00e1ndez, misma que fue etiquetada por el mismo Jr.<\/p>\n\n\n\n<iframe loading=\"lazy\" src=\"https:\/\/www.facebook.com\/plugins\/post.php?href=https%3A%2F%2Fwww.facebook.com%2FRevistaTVNotas%2Fposts%2F5073516199344174&#038;show_text=true&#038;width=500\" width=\"500\" height=\"725\" style=\"border:none;overflow:hidden\" scrolling=\"no\" frameborder=\"0\" allowfullscreen=\"true\" allow=\"autoplay; clipboard-write; encrypted-media; picture-in-picture; web-share\"><\/iframe>\n\n\n\n<blockquote class=\"wp-block-quote is-layout-flow wp-block-quote-is-layout-flow\"><p>\u201cTendr\u00e1n que demostrar la veracidad de su reportaje\u201d.Vicente Fern\u00e1ndez Jr., cantante.<\/p><\/blockquote>\n\n\n\n<p>Asimismo, Vicente Fern\u00e1ndez Jr. dijo que \u201ces un asco\u201d que un medio \u201cenga\u00f1e al p\u00fablico\u201d, cuando la familia ha sido transparente respecto a la salud del cantante.<\/p>\n\n\n\n<h2 class=\"wp-block-heading\">Vicente Fern\u00e1ndez presenta \u201cprogresi\u00f3n lenta\u201d en su estado de salud<\/h2>\n\n\n\n<p>Como cada lunes, el informe m\u00e9dico de <strong>Vicente Fern\u00e1ndez<\/strong>, se\u00f1ala el estado de salud en el que se encuentra el cantante.<\/p>\n\n\n\n<p>Por medio de un comunicado compartido por las redes sociales de la familia y del mismo \u2018Charro de Huentit\u00e1n\u2019, apuntan que tiene \u201cprogresi\u00f3n lenta\u201d.<\/p>\n\n\n\n<p>Sin que Vicente Fern\u00e1ndez tenga un avance significativo, a\u00f1aden que este est\u00e1 \u201cdespierto y consciente\u201d e incluso, interact\u00faa con su familia durante las visitas.<\/p>\n\n\n\n<p>Vicente Fern\u00e1ndez habr\u00eda sido internado despu\u00e9s de haber sufrido una ca\u00edda que requiri\u00f3 cirug\u00eda, hasta el momento el reporte es estable y \u201csin grandes cambios\u201d.<\/p>\n\n\n\n<p>Los hijos y nietos de Vicente Fern\u00e1ndez han usado sus redes sociales para mandarle \u00e1nimos al jerarca de la familia.<\/p>\n","protected":false},"excerpt":{"rendered":"<p>Vicente Fern\u00e1ndez Jr. desmiente que Vicente Fern\u00e1ndez tenga muerte cerebral luego de que su padre haya estado internado por 2 meses en un hospital. Despu\u00e9s de que una revista de espect\u00e1culos dijera que Vicente Fern\u00e1ndez ten\u00eda muerte cerebral, el hijo menor del cantante sali\u00f3 a desmentir y se\u00f1al\u00f3 que lo hacen por lucro. Vicente Fern\u00e1ndez [&hellip;]<\/p>\n","protected":false},"author":12,"featured_media":3575,"comment_status":"closed","ping_status":"closed","sticky":false,"template":"","format":"standard","meta":{"footnotes":""},"categories":[1],"tags":[],"class_list":{"0":"post-3574","1":"post","2":"type-post","3":"status-publish","4":"format-standard","5":"has-post-thumbnail","7":"category-sin-categoria"},"yoast_head":"<!-- This site is optimized with the Yoast SEO plugin v27.4 - https:\/\/yoast.com\/product\/yoast-seo-wordpress\/ -->\n<title>Vicente Fern\u00e1ndez Jr. niega que Vicente Fern\u00e1ndez tenga muerte cerebral - LA BRAVA RADIO<\/title>\n<meta name=\"description\" content=\"TvNotas public\u00f3 una nota en donde se se\u00f1ala que luego de poco m\u00e1s de 2 meses internado, Vicente Fern\u00e1ndez tiene muerte cerebral\" \/>\n<meta name=\"robots\" content=\"index, follow, max-snippet:-1, max-image-preview:large, max-video-preview:-1\" \/>\n<link rel=\"canonical\" href=\"https:\/\/www.bbmnoticias.com\/labravaradiofm\/2021\/10\/12\/vicente-fernandez-jr-niega-que-vicente-fernandez-tenga-muerte-cerebral\/\" \/>\n<meta property=\"og:locale\" content=\"es_MX\" \/>\n<meta property=\"og:type\" content=\"article\" \/>\n<meta property=\"og:title\" content=\"Vicente Fern\u00e1ndez Jr. niega que Vicente Fern\u00e1ndez tenga muerte cerebral - LA BRAVA RADIO\" \/>\n<meta property=\"og:description\" content=\"TvNotas public\u00f3 una nota en donde se se\u00f1ala que luego de poco m\u00e1s de 2 meses internado, Vicente Fern\u00e1ndez tiene muerte cerebral\" \/>\n<meta property=\"og:url\" content=\"https:\/\/www.bbmnoticias.com\/labravaradiofm\/2021\/10\/12\/vicente-fernandez-jr-niega-que-vicente-fernandez-tenga-muerte-cerebral\/\" \/>\n<meta property=\"og:site_name\" content=\"LA BRAVA RADIO\" \/>\n<meta property=\"article:published_time\" content=\"2021-10-12T19:23:15+00:00\" \/>\n<meta property=\"article:modified_time\" content=\"2021-10-12T19:23:16+00:00\" \/>\n<meta property=\"og:image\" content=\"https:\/\/www.bbmnoticias.com\/labravaradiofm\/wp-content\/uploads\/sites\/5\/2021\/10\/espectaculos12102021-5.jpg\" \/>\n\t<meta property=\"og:image:width\" content=\"640\" \/>\n\t<meta property=\"og:image:height\" content=\"360\" \/>\n\t<meta property=\"og:image:type\" content=\"image\/jpeg\" \/>\n<meta name=\"author\" content=\"SDPnoticias\" \/>\n<meta name=\"twitter:card\" content=\"summary_large_image\" \/>\n<meta name=\"twitter:label1\" content=\"Escrito por\" \/>\n\t<meta name=\"twitter:data1\" content=\"SDPnoticias\" \/>\n\t<meta name=\"twitter:label2\" content=\"Tiempo de lectura\" \/>\n\t<meta name=\"twitter:data2\" content=\"2 minutos\" \/>\n<script type=\"application\/ld+json\" class=\"yoast-schema-graph\">{\"@context\":\"https:\\\/\\\/schema.org\",\"@graph\":[{\"@type\":\"Article\",\"@id\":\"https:\\\/\\\/www.bbmnoticias.com\\\/labravaradiofm\\\/2021\\\/10\\\/12\\\/vicente-fernandez-jr-niega-que-vicente-fernandez-tenga-muerte-cerebral\\\/#article\",\"isPartOf\":{\"@id\":\"https:\\\/\\\/www.bbmnoticias.com\\\/labravaradiofm\\\/2021\\\/10\\\/12\\\/vicente-fernandez-jr-niega-que-vicente-fernandez-tenga-muerte-cerebral\\\/\"},\"author\":{\"name\":\"SDPnoticias\",\"@id\":\"https:\\\/\\\/www.bbmnoticias.com\\\/labravaradiofm\\\/#\\\/schema\\\/person\\\/baf240d77a345f5fbc3dc146f9161af9\"},\"headline\":\"Vicente Fern\u00e1ndez Jr. niega que Vicente Fern\u00e1ndez tenga muerte cerebral\",\"datePublished\":\"2021-10-12T19:23:15+00:00\",\"dateModified\":\"2021-10-12T19:23:16+00:00\",\"mainEntityOfPage\":{\"@id\":\"https:\\\/\\\/www.bbmnoticias.com\\\/labravaradiofm\\\/2021\\\/10\\\/12\\\/vicente-fernandez-jr-niega-que-vicente-fernandez-tenga-muerte-cerebral\\\/\"},\"wordCount\":377,\"image\":{\"@id\":\"https:\\\/\\\/www.bbmnoticias.com\\\/labravaradiofm\\\/2021\\\/10\\\/12\\\/vicente-fernandez-jr-niega-que-vicente-fernandez-tenga-muerte-cerebral\\\/#primaryimage\"},\"thumbnailUrl\":\"https:\\\/\\\/www.bbmnoticias.com\\\/labravaradiofm\\\/wp-content\\\/uploads\\\/sites\\\/5\\\/2021\\\/10\\\/espectaculos12102021-5.jpg\",\"inLanguage\":\"es\"},{\"@type\":\"WebPage\",\"@id\":\"https:\\\/\\\/www.bbmnoticias.com\\\/labravaradiofm\\\/2021\\\/10\\\/12\\\/vicente-fernandez-jr-niega-que-vicente-fernandez-tenga-muerte-cerebral\\\/\",\"url\":\"https:\\\/\\\/www.bbmnoticias.com\\\/labravaradiofm\\\/2021\\\/10\\\/12\\\/vicente-fernandez-jr-niega-que-vicente-fernandez-tenga-muerte-cerebral\\\/\",\"name\":\"Vicente Fern\u00e1ndez Jr. niega que Vicente Fern\u00e1ndez tenga muerte cerebral - LA BRAVA RADIO\",\"isPartOf\":{\"@id\":\"https:\\\/\\\/www.bbmnoticias.com\\\/labravaradiofm\\\/#website\"},\"primaryImageOfPage\":{\"@id\":\"https:\\\/\\\/www.bbmnoticias.com\\\/labravaradiofm\\\/2021\\\/10\\\/12\\\/vicente-fernandez-jr-niega-que-vicente-fernandez-tenga-muerte-cerebral\\\/#primaryimage\"},\"image\":{\"@id\":\"https:\\\/\\\/www.bbmnoticias.com\\\/labravaradiofm\\\/2021\\\/10\\\/12\\\/vicente-fernandez-jr-niega-que-vicente-fernandez-tenga-muerte-cerebral\\\/#primaryimage\"},\"thumbnailUrl\":\"https:\\\/\\\/www.bbmnoticias.com\\\/labravaradiofm\\\/wp-content\\\/uploads\\\/sites\\\/5\\\/2021\\\/10\\\/espectaculos12102021-5.jpg\",\"datePublished\":\"2021-10-12T19:23:15+00:00\",\"dateModified\":\"2021-10-12T19:23:16+00:00\",\"author\":{\"@id\":\"https:\\\/\\\/www.bbmnoticias.com\\\/labravaradiofm\\\/#\\\/schema\\\/person\\\/baf240d77a345f5fbc3dc146f9161af9\"},\"description\":\"TvNotas public\u00f3 una nota en donde se se\u00f1ala que luego de poco m\u00e1s de 2 meses internado, Vicente Fern\u00e1ndez tiene muerte cerebral\",\"breadcrumb\":{\"@id\":\"https:\\\/\\\/www.bbmnoticias.com\\\/labravaradiofm\\\/2021\\\/10\\\/12\\\/vicente-fernandez-jr-niega-que-vicente-fernandez-tenga-muerte-cerebral\\\/#breadcrumb\"},\"inLanguage\":\"es\",\"potentialAction\":[{\"@type\":\"ReadAction\",\"target\":[\"https:\\\/\\\/www.bbmnoticias.com\\\/labravaradiofm\\\/2021\\\/10\\\/12\\\/vicente-fernandez-jr-niega-que-vicente-fernandez-tenga-muerte-cerebral\\\/\"]}]},{\"@type\":\"ImageObject\",\"inLanguage\":\"es\",\"@id\":\"https:\\\/\\\/www.bbmnoticias.com\\\/labravaradiofm\\\/2021\\\/10\\\/12\\\/vicente-fernandez-jr-niega-que-vicente-fernandez-tenga-muerte-cerebral\\\/#primaryimage\",\"url\":\"https:\\\/\\\/www.bbmnoticias.com\\\/labravaradiofm\\\/wp-content\\\/uploads\\\/sites\\\/5\\\/2021\\\/10\\\/espectaculos12102021-5.jpg\",\"contentUrl\":\"https:\\\/\\\/www.bbmnoticias.com\\\/labravaradiofm\\\/wp-content\\\/uploads\\\/sites\\\/5\\\/2021\\\/10\\\/espectaculos12102021-5.jpg\",\"width\":640,\"height\":360},{\"@type\":\"BreadcrumbList\",\"@id\":\"https:\\\/\\\/www.bbmnoticias.com\\\/labravaradiofm\\\/2021\\\/10\\\/12\\\/vicente-fernandez-jr-niega-que-vicente-fernandez-tenga-muerte-cerebral\\\/#breadcrumb\",\"itemListElement\":[{\"@type\":\"ListItem\",\"position\":1,\"name\":\"Inicio\",\"item\":\"https:\\\/\\\/www.bbmnoticias.com\\\/labravaradiofm\\\/\"},{\"@type\":\"ListItem\",\"position\":2,\"name\":\"Vicente Fern\u00e1ndez Jr. niega que Vicente Fern\u00e1ndez tenga muerte cerebral\"}]},{\"@type\":\"WebSite\",\"@id\":\"https:\\\/\\\/www.bbmnoticias.com\\\/labravaradiofm\\\/#website\",\"url\":\"https:\\\/\\\/www.bbmnoticias.com\\\/labravaradiofm\\\/\",\"name\":\"LA BRAVA RADIO\",\"description\":\"Empresa productora de medios, Radiodifusi\u00f3n, Noticias, tendencias y todo lo que necesitas saber de la pol\u00edtica mexicana e internacional; entretenimiento, espect\u00e1culos, salud y mucho m\u00e1s.\",\"potentialAction\":[{\"@type\":\"SearchAction\",\"target\":{\"@type\":\"EntryPoint\",\"urlTemplate\":\"https:\\\/\\\/www.bbmnoticias.com\\\/labravaradiofm\\\/?s={search_term_string}\"},\"query-input\":{\"@type\":\"PropertyValueSpecification\",\"valueRequired\":true,\"valueName\":\"search_term_string\"}}],\"inLanguage\":\"es\"},{\"@type\":\"Person\",\"@id\":\"https:\\\/\\\/www.bbmnoticias.com\\\/labravaradiofm\\\/#\\\/schema\\\/person\\\/baf240d77a345f5fbc3dc146f9161af9\",\"name\":\"SDPnoticias\",\"image\":{\"@type\":\"ImageObject\",\"inLanguage\":\"es\",\"@id\":\"https:\\\/\\\/secure.gravatar.com\\\/avatar\\\/015ede9175a06d999d8b2b09e108b48c9e008e4ee44a647956086b51bbce326c?s=96&d=mm&r=g\",\"url\":\"https:\\\/\\\/secure.gravatar.com\\\/avatar\\\/015ede9175a06d999d8b2b09e108b48c9e008e4ee44a647956086b51bbce326c?s=96&d=mm&r=g\",\"contentUrl\":\"https:\\\/\\\/secure.gravatar.com\\\/avatar\\\/015ede9175a06d999d8b2b09e108b48c9e008e4ee44a647956086b51bbce326c?s=96&d=mm&r=g\",\"caption\":\"SDPnoticias\"},\"url\":\"https:\\\/\\\/www.bbmnoticias.com\\\/labravaradiofm\\\/author\\\/sdpnoticias\\\/\"}]}<\/script>\n<!-- \/ Yoast SEO plugin. -->","yoast_head_json":{"title":"Vicente Fern\u00e1ndez Jr. niega que Vicente Fern\u00e1ndez tenga muerte cerebral - LA BRAVA RADIO","description":"TvNotas public\u00f3 una nota en donde se se\u00f1ala que luego de poco m\u00e1s de 2 meses internado, Vicente Fern\u00e1ndez tiene muerte cerebral","robots":{"index":"index","follow":"follow","max-snippet":"max-snippet:-1","max-image-preview":"max-image-preview:large","max-video-preview":"max-video-preview:-1"},"canonical":"https:\/\/www.bbmnoticias.com\/labravaradiofm\/2021\/10\/12\/vicente-fernandez-jr-niega-que-vicente-fernandez-tenga-muerte-cerebral\/","og_locale":"es_MX","og_type":"article","og_title":"Vicente Fern\u00e1ndez Jr. niega que Vicente Fern\u00e1ndez tenga muerte cerebral - LA BRAVA RADIO","og_description":"TvNotas public\u00f3 una nota en donde se se\u00f1ala que luego de poco m\u00e1s de 2 meses internado, Vicente Fern\u00e1ndez tiene muerte cerebral","og_url":"https:\/\/www.bbmnoticias.com\/labravaradiofm\/2021\/10\/12\/vicente-fernandez-jr-niega-que-vicente-fernandez-tenga-muerte-cerebral\/","og_site_name":"LA BRAVA RADIO","article_published_time":"2021-10-12T19:23:15+00:00","article_modified_time":"2021-10-12T19:23:16+00:00","og_image":[{"width":640,"height":360,"url":"https:\/\/www.bbmnoticias.com\/labravaradiofm\/wp-content\/uploads\/sites\/5\/2021\/10\/espectaculos12102021-5.jpg","type":"image\/jpeg"}],"author":"SDPnoticias","twitter_card":"summary_large_image","twitter_misc":{"Escrito por":"SDPnoticias","Tiempo de lectura":"2 minutos"},"schema":{"@context":"https:\/\/schema.org","@graph":[{"@type":"Article","@id":"https:\/\/www.bbmnoticias.com\/labravaradiofm\/2021\/10\/12\/vicente-fernandez-jr-niega-que-vicente-fernandez-tenga-muerte-cerebral\/#article","isPartOf":{"@id":"https:\/\/www.bbmnoticias.com\/labravaradiofm\/2021\/10\/12\/vicente-fernandez-jr-niega-que-vicente-fernandez-tenga-muerte-cerebral\/"},"author":{"name":"SDPnoticias","@id":"https:\/\/www.bbmnoticias.com\/labravaradiofm\/#\/schema\/person\/baf240d77a345f5fbc3dc146f9161af9"},"headline":"Vicente Fern\u00e1ndez Jr. niega que Vicente Fern\u00e1ndez tenga muerte cerebral","datePublished":"2021-10-12T19:23:15+00:00","dateModified":"2021-10-12T19:23:16+00:00","mainEntityOfPage":{"@id":"https:\/\/www.bbmnoticias.com\/labravaradiofm\/2021\/10\/12\/vicente-fernandez-jr-niega-que-vicente-fernandez-tenga-muerte-cerebral\/"},"wordCount":377,"image":{"@id":"https:\/\/www.bbmnoticias.com\/labravaradiofm\/2021\/10\/12\/vicente-fernandez-jr-niega-que-vicente-fernandez-tenga-muerte-cerebral\/#primaryimage"},"thumbnailUrl":"https:\/\/www.bbmnoticias.com\/labravaradiofm\/wp-content\/uploads\/sites\/5\/2021\/10\/espectaculos12102021-5.jpg","inLanguage":"es"},{"@type":"WebPage","@id":"https:\/\/www.bbmnoticias.com\/labravaradiofm\/2021\/10\/12\/vicente-fernandez-jr-niega-que-vicente-fernandez-tenga-muerte-cerebral\/","url":"https:\/\/www.bbmnoticias.com\/labravaradiofm\/2021\/10\/12\/vicente-fernandez-jr-niega-que-vicente-fernandez-tenga-muerte-cerebral\/","name":"Vicente Fern\u00e1ndez Jr. niega que Vicente Fern\u00e1ndez tenga muerte cerebral - LA BRAVA RADIO","isPartOf":{"@id":"https:\/\/www.bbmnoticias.com\/labravaradiofm\/#website"},"primaryImageOfPage":{"@id":"https:\/\/www.bbmnoticias.com\/labravaradiofm\/2021\/10\/12\/vicente-fernandez-jr-niega-que-vicente-fernandez-tenga-muerte-cerebral\/#primaryimage"},"image":{"@id":"https:\/\/www.bbmnoticias.com\/labravaradiofm\/2021\/10\/12\/vicente-fernandez-jr-niega-que-vicente-fernandez-tenga-muerte-cerebral\/#primaryimage"},"thumbnailUrl":"https:\/\/www.bbmnoticias.com\/labravaradiofm\/wp-content\/uploads\/sites\/5\/2021\/10\/espectaculos12102021-5.jpg","datePublished":"2021-10-12T19:23:15+00:00","dateModified":"2021-10-12T19:23:16+00:00","author":{"@id":"https:\/\/www.bbmnoticias.com\/labravaradiofm\/#\/schema\/person\/baf240d77a345f5fbc3dc146f9161af9"},"description":"TvNotas public\u00f3 una nota en donde se se\u00f1ala que luego de poco m\u00e1s de 2 meses internado, Vicente Fern\u00e1ndez tiene muerte cerebral","breadcrumb":{"@id":"https:\/\/www.bbmnoticias.com\/labravaradiofm\/2021\/10\/12\/vicente-fernandez-jr-niega-que-vicente-fernandez-tenga-muerte-cerebral\/#breadcrumb"},"inLanguage":"es","potentialAction":[{"@type":"ReadAction","target":["https:\/\/www.bbmnoticias.com\/labravaradiofm\/2021\/10\/12\/vicente-fernandez-jr-niega-que-vicente-fernandez-tenga-muerte-cerebral\/"]}]},{"@type":"ImageObject","inLanguage":"es","@id":"https:\/\/www.bbmnoticias.com\/labravaradiofm\/2021\/10\/12\/vicente-fernandez-jr-niega-que-vicente-fernandez-tenga-muerte-cerebral\/#primaryimage","url":"https:\/\/www.bbmnoticias.com\/labravaradiofm\/wp-content\/uploads\/sites\/5\/2021\/10\/espectaculos12102021-5.jpg","contentUrl":"https:\/\/www.bbmnoticias.com\/labravaradiofm\/wp-content\/uploads\/sites\/5\/2021\/10\/espectaculos12102021-5.jpg","width":640,"height":360},{"@type":"BreadcrumbList","@id":"https:\/\/www.bbmnoticias.com\/labravaradiofm\/2021\/10\/12\/vicente-fernandez-jr-niega-que-vicente-fernandez-tenga-muerte-cerebral\/#breadcrumb","itemListElement":[{"@type":"ListItem","position":1,"name":"Inicio","item":"https:\/\/www.bbmnoticias.com\/labravaradiofm\/"},{"@type":"ListItem","position":2,"name":"Vicente Fern\u00e1ndez Jr. niega que Vicente Fern\u00e1ndez tenga muerte cerebral"}]},{"@type":"WebSite","@id":"https:\/\/www.bbmnoticias.com\/labravaradiofm\/#website","url":"https:\/\/www.bbmnoticias.com\/labravaradiofm\/","name":"LA BRAVA RADIO","description":"Empresa productora de medios, Radiodifusi\u00f3n, Noticias, tendencias y todo lo que necesitas saber de la pol\u00edtica mexicana e internacional; entretenimiento, espect\u00e1culos, salud y mucho m\u00e1s.","potentialAction":[{"@type":"SearchAction","target":{"@type":"EntryPoint","urlTemplate":"https:\/\/www.bbmnoticias.com\/labravaradiofm\/?s={search_term_string}"},"query-input":{"@type":"PropertyValueSpecification","valueRequired":true,"valueName":"search_term_string"}}],"inLanguage":"es"},{"@type":"Person","@id":"https:\/\/www.bbmnoticias.com\/labravaradiofm\/#\/schema\/person\/baf240d77a345f5fbc3dc146f9161af9","name":"SDPnoticias","image":{"@type":"ImageObject","inLanguage":"es","@id":"https:\/\/secure.gravatar.com\/avatar\/015ede9175a06d999d8b2b09e108b48c9e008e4ee44a647956086b51bbce326c?s=96&d=mm&r=g","url":"https:\/\/secure.gravatar.com\/avatar\/015ede9175a06d999d8b2b09e108b48c9e008e4ee44a647956086b51bbce326c?s=96&d=mm&r=g","contentUrl":"https:\/\/secure.gravatar.com\/avatar\/015ede9175a06d999d8b2b09e108b48c9e008e4ee44a647956086b51bbce326c?s=96&d=mm&r=g","caption":"SDPnoticias"},"url":"https:\/\/www.bbmnoticias.com\/labravaradiofm\/author\/sdpnoticias\/"}]}},"_links":{"self":[{"href":"https:\/\/www.bbmnoticias.com\/labravaradiofm\/wp-json\/wp\/v2\/posts\/3574","targetHints":{"allow":["GET"]}}],"collection":[{"href":"https:\/\/www.bbmnoticias.com\/labravaradiofm\/wp-json\/wp\/v2\/posts"}],"about":[{"href":"https:\/\/www.bbmnoticias.com\/labravaradiofm\/wp-json\/wp\/v2\/types\/post"}],"author":[{"embeddable":true,"href":"https:\/\/www.bbmnoticias.com\/labravaradiofm\/wp-json\/wp\/v2\/users\/12"}],"replies":[{"embeddable":true,"href":"https:\/\/www.bbmnoticias.com\/labravaradiofm\/wp-json\/wp\/v2\/comments?post=3574"}],"version-history":[{"count":0,"href":"https:\/\/www.bbmnoticias.com\/labravaradiofm\/wp-json\/wp\/v2\/posts\/3574\/revisions"}],"wp:featuredmedia":[{"embeddable":true,"href":"https:\/\/www.bbmnoticias.com\/labravaradiofm\/wp-json\/wp\/v2\/media\/3575"}],"wp:attachment":[{"href":"https:\/\/www.bbmnoticias.com\/labravaradiofm\/wp-json\/wp\/v2\/media?parent=3574"}],"wp:term":[{"taxonomy":"category","embeddable":true,"href":"https:\/\/www.bbmnoticias.com\/labravaradiofm\/wp-json\/wp\/v2\/categories?post=3574"},{"taxonomy":"post_tag","embeddable":true,"href":"https:\/\/www.bbmnoticias.com\/labravaradiofm\/wp-json\/wp\/v2\/tags?post=3574"}],"curies":[{"name":"wp","href":"https:\/\/api.w.org\/{rel}","templated":true}]}}