{"id":3571,"date":"2021-10-12T14:13:09","date_gmt":"2021-10-12T19:13:09","guid":{"rendered":"https:\/\/www.bbmnoticias.com\/labravaradiofm\/?p=3571"},"modified":"2021-10-12T14:13:10","modified_gmt":"2021-10-12T19:13:10","slug":"abren-al-publico-las-galerias-de-la-casa-de-la-cultura-oaxaquena","status":"publish","type":"post","link":"https:\/\/www.bbmnoticias.com\/labravaradiofm\/2021\/10\/12\/abren-al-publico-las-galerias-de-la-casa-de-la-cultura-oaxaquena\/","title":{"rendered":"Abren al p\u00fablico las galer\u00edas de la Casa de la Cultura Oaxaque\u00f1a"},"content":{"rendered":"<div style=\"margin-top: 0px; margin-bottom: 0px;\" class=\"sharethis-inline-share-buttons\" ><\/div>\n<p><strong>Oaxaca de Ju\u00e1rez, Oax.<\/strong> La Casa de la Cultura Oaxaque\u00f1a (CCO) abri\u00f3 al p\u00fablico en general las visitas a sus galer\u00edas, en un horario de 15:30 a 18:30 horas, de lunes a viernes, implementando todos los protocolos sanitarios para evitar la propagaci\u00f3n del coronavirus.<\/p>\n\n\n\n<p>Luego de que las autoridades sanitarias, autorizaron el cambio del sem\u00e1foro epidemiol\u00f3gico a color verde, las y los usuarios de la Casa de la Cultura Oaxaque\u00f1a podr\u00e1n visitar las exposiciones \u201cLa casa, el cielo y la serpiente\u201d y \u201cMil caminos, una mirada\u201d, de los artistas Jos\u00e9 \u00c1ngel Santiago y Manuel Jim\u00e9nez, exhibidas en las galer\u00edas \u201cRufino Tamayo\u201d y \u201cAlfonso Rivas\u201d, respectivamente, en el marco del 50 aniversario de la instituci\u00f3n.<\/p>\n\n\n\n<p>Las y los visitantes a estas exposiciones podr\u00e1n ingresar en grupos de seis personas como m\u00e1ximo, deber\u00e1n hacer uso del tapete sanitizante y respetar la sana distancia, asimismo el personal de la CCO realizar\u00e1 la toma de la temperatura y proporcionar\u00e1 gel antibacterial, cabe destacar que el uso del cubrebocas es obligatorio.<\/p>\n\n\n\n<p>Cabe resaltar que al inicio de la pandemia, la Casa de la Cultura Oaxaque\u00f1a fue el primer recinto cultural en abrir las puertas de sus galer\u00edas en el mes de septiembre del a\u00f1o 2020, desde esa fecha, mientras el sem\u00e1foro epidemiol\u00f3gico lo permite, la instituci\u00f3n ha garantizado los derechos culturales de las y los oaxaque\u00f1os.<\/p>\n\n\n\n<p><\/p>\n\n\n\n<p><\/p>\n\n\n\n<p><\/p>\n\n\n\n<p><\/p>\n\n\n\n<p><\/p>\n","protected":false},"excerpt":{"rendered":"<p>Oaxaca de Ju\u00e1rez, Oax. La Casa de la Cultura Oaxaque\u00f1a (CCO) abri\u00f3 al p\u00fablico en general las visitas a sus galer\u00edas, en un horario de 15:30 a 18:30 horas, de lunes a viernes, implementando todos los protocolos sanitarios para evitar la propagaci\u00f3n del coronavirus. Luego de que las autoridades sanitarias, autorizaron el cambio del sem\u00e1foro [&hellip;]<\/p>\n","protected":false},"author":2,"featured_media":3572,"comment_status":"closed","ping_status":"closed","sticky":false,"template":"","format":"standard","meta":{"footnotes":""},"categories":[2],"tags":[],"class_list":{"0":"post-3571","1":"post","2":"type-post","3":"status-publish","4":"format-standard","5":"has-post-thumbnail","7":"category-oaxaca"},"yoast_head":"<!-- This site is optimized with the Yoast SEO plugin v27.4 - https:\/\/yoast.com\/product\/yoast-seo-wordpress\/ -->\n<title>Abren al p\u00fablico las galer\u00edas de la Casa de la Cultura Oaxaque\u00f1a - LA BRAVA RADIO<\/title>\n<meta name=\"description\" content=\"Las y los visitantes a estas exposiciones podr\u00e1n ingresar en grupos de seis personas como m\u00e1ximo, usar sanitizante y respetar la distancia\" \/>\n<meta name=\"robots\" content=\"index, follow, max-snippet:-1, max-image-preview:large, max-video-preview:-1\" \/>\n<link rel=\"canonical\" href=\"https:\/\/www.bbmnoticias.com\/labravaradiofm\/2021\/10\/12\/abren-al-publico-las-galerias-de-la-casa-de-la-cultura-oaxaquena\/\" \/>\n<meta property=\"og:locale\" content=\"es_MX\" \/>\n<meta property=\"og:type\" content=\"article\" \/>\n<meta property=\"og:title\" content=\"Abren al p\u00fablico las galer\u00edas de la Casa de la Cultura Oaxaque\u00f1a - LA BRAVA RADIO\" \/>\n<meta property=\"og:description\" content=\"Las y los visitantes a estas exposiciones podr\u00e1n ingresar en grupos de seis personas como m\u00e1ximo, usar sanitizante y respetar la distancia\" \/>\n<meta property=\"og:url\" content=\"https:\/\/www.bbmnoticias.com\/labravaradiofm\/2021\/10\/12\/abren-al-publico-las-galerias-de-la-casa-de-la-cultura-oaxaquena\/\" \/>\n<meta property=\"og:site_name\" content=\"LA BRAVA RADIO\" \/>\n<meta property=\"article:published_time\" content=\"2021-10-12T19:13:09+00:00\" \/>\n<meta property=\"article:modified_time\" content=\"2021-10-12T19:13:10+00:00\" \/>\n<meta property=\"og:image\" content=\"https:\/\/www.bbmnoticias.com\/labravaradiofm\/wp-content\/uploads\/sites\/5\/2021\/10\/local12102021-13.jpg\" \/>\n\t<meta property=\"og:image:width\" content=\"1280\" \/>\n\t<meta property=\"og:image:height\" content=\"853\" \/>\n\t<meta property=\"og:image:type\" content=\"image\/jpeg\" \/>\n<meta name=\"author\" content=\"Staff\" \/>\n<meta name=\"twitter:card\" content=\"summary_large_image\" \/>\n<meta name=\"twitter:label1\" content=\"Escrito por\" \/>\n\t<meta name=\"twitter:data1\" content=\"Staff\" \/>\n\t<meta name=\"twitter:label2\" content=\"Tiempo de lectura\" \/>\n\t<meta name=\"twitter:data2\" content=\"1 minuto\" \/>\n<script type=\"application\/ld+json\" class=\"yoast-schema-graph\">{\"@context\":\"https:\\\/\\\/schema.org\",\"@graph\":[{\"@type\":\"Article\",\"@id\":\"https:\\\/\\\/www.bbmnoticias.com\\\/labravaradiofm\\\/2021\\\/10\\\/12\\\/abren-al-publico-las-galerias-de-la-casa-de-la-cultura-oaxaquena\\\/#article\",\"isPartOf\":{\"@id\":\"https:\\\/\\\/www.bbmnoticias.com\\\/labravaradiofm\\\/2021\\\/10\\\/12\\\/abren-al-publico-las-galerias-de-la-casa-de-la-cultura-oaxaquena\\\/\"},\"author\":{\"name\":\"Staff\",\"@id\":\"https:\\\/\\\/www.bbmnoticias.com\\\/labravaradiofm\\\/#\\\/schema\\\/person\\\/68a9e9036ef3c5b55aeb2b71dc8bab45\"},\"headline\":\"Abren al p\u00fablico las galer\u00edas de la Casa de la Cultura Oaxaque\u00f1a\",\"datePublished\":\"2021-10-12T19:13:09+00:00\",\"dateModified\":\"2021-10-12T19:13:10+00:00\",\"mainEntityOfPage\":{\"@id\":\"https:\\\/\\\/www.bbmnoticias.com\\\/labravaradiofm\\\/2021\\\/10\\\/12\\\/abren-al-publico-las-galerias-de-la-casa-de-la-cultura-oaxaquena\\\/\"},\"wordCount\":254,\"image\":{\"@id\":\"https:\\\/\\\/www.bbmnoticias.com\\\/labravaradiofm\\\/2021\\\/10\\\/12\\\/abren-al-publico-las-galerias-de-la-casa-de-la-cultura-oaxaquena\\\/#primaryimage\"},\"thumbnailUrl\":\"https:\\\/\\\/www.bbmnoticias.com\\\/labravaradiofm\\\/wp-content\\\/uploads\\\/sites\\\/5\\\/2021\\\/10\\\/local12102021-13.jpg\",\"articleSection\":[\"LOCAL\"],\"inLanguage\":\"es\"},{\"@type\":\"WebPage\",\"@id\":\"https:\\\/\\\/www.bbmnoticias.com\\\/labravaradiofm\\\/2021\\\/10\\\/12\\\/abren-al-publico-las-galerias-de-la-casa-de-la-cultura-oaxaquena\\\/\",\"url\":\"https:\\\/\\\/www.bbmnoticias.com\\\/labravaradiofm\\\/2021\\\/10\\\/12\\\/abren-al-publico-las-galerias-de-la-casa-de-la-cultura-oaxaquena\\\/\",\"name\":\"Abren al p\u00fablico las galer\u00edas de la Casa de la Cultura Oaxaque\u00f1a - LA BRAVA RADIO\",\"isPartOf\":{\"@id\":\"https:\\\/\\\/www.bbmnoticias.com\\\/labravaradiofm\\\/#website\"},\"primaryImageOfPage\":{\"@id\":\"https:\\\/\\\/www.bbmnoticias.com\\\/labravaradiofm\\\/2021\\\/10\\\/12\\\/abren-al-publico-las-galerias-de-la-casa-de-la-cultura-oaxaquena\\\/#primaryimage\"},\"image\":{\"@id\":\"https:\\\/\\\/www.bbmnoticias.com\\\/labravaradiofm\\\/2021\\\/10\\\/12\\\/abren-al-publico-las-galerias-de-la-casa-de-la-cultura-oaxaquena\\\/#primaryimage\"},\"thumbnailUrl\":\"https:\\\/\\\/www.bbmnoticias.com\\\/labravaradiofm\\\/wp-content\\\/uploads\\\/sites\\\/5\\\/2021\\\/10\\\/local12102021-13.jpg\",\"datePublished\":\"2021-10-12T19:13:09+00:00\",\"dateModified\":\"2021-10-12T19:13:10+00:00\",\"author\":{\"@id\":\"https:\\\/\\\/www.bbmnoticias.com\\\/labravaradiofm\\\/#\\\/schema\\\/person\\\/68a9e9036ef3c5b55aeb2b71dc8bab45\"},\"description\":\"Las y los visitantes a estas exposiciones podr\u00e1n ingresar en grupos de seis personas como m\u00e1ximo, usar sanitizante y respetar la distancia\",\"breadcrumb\":{\"@id\":\"https:\\\/\\\/www.bbmnoticias.com\\\/labravaradiofm\\\/2021\\\/10\\\/12\\\/abren-al-publico-las-galerias-de-la-casa-de-la-cultura-oaxaquena\\\/#breadcrumb\"},\"inLanguage\":\"es\",\"potentialAction\":[{\"@type\":\"ReadAction\",\"target\":[\"https:\\\/\\\/www.bbmnoticias.com\\\/labravaradiofm\\\/2021\\\/10\\\/12\\\/abren-al-publico-las-galerias-de-la-casa-de-la-cultura-oaxaquena\\\/\"]}]},{\"@type\":\"ImageObject\",\"inLanguage\":\"es\",\"@id\":\"https:\\\/\\\/www.bbmnoticias.com\\\/labravaradiofm\\\/2021\\\/10\\\/12\\\/abren-al-publico-las-galerias-de-la-casa-de-la-cultura-oaxaquena\\\/#primaryimage\",\"url\":\"https:\\\/\\\/www.bbmnoticias.com\\\/labravaradiofm\\\/wp-content\\\/uploads\\\/sites\\\/5\\\/2021\\\/10\\\/local12102021-13.jpg\",\"contentUrl\":\"https:\\\/\\\/www.bbmnoticias.com\\\/labravaradiofm\\\/wp-content\\\/uploads\\\/sites\\\/5\\\/2021\\\/10\\\/local12102021-13.jpg\",\"width\":1280,\"height\":853},{\"@type\":\"BreadcrumbList\",\"@id\":\"https:\\\/\\\/www.bbmnoticias.com\\\/labravaradiofm\\\/2021\\\/10\\\/12\\\/abren-al-publico-las-galerias-de-la-casa-de-la-cultura-oaxaquena\\\/#breadcrumb\",\"itemListElement\":[{\"@type\":\"ListItem\",\"position\":1,\"name\":\"Inicio\",\"item\":\"https:\\\/\\\/www.bbmnoticias.com\\\/labravaradiofm\\\/\"},{\"@type\":\"ListItem\",\"position\":2,\"name\":\"Abren al p\u00fablico las galer\u00edas de la Casa de la Cultura Oaxaque\u00f1a\"}]},{\"@type\":\"WebSite\",\"@id\":\"https:\\\/\\\/www.bbmnoticias.com\\\/labravaradiofm\\\/#website\",\"url\":\"https:\\\/\\\/www.bbmnoticias.com\\\/labravaradiofm\\\/\",\"name\":\"LA BRAVA RADIO\",\"description\":\"Empresa productora de medios, Radiodifusi\u00f3n, Noticias, tendencias y todo lo que necesitas saber de la pol\u00edtica mexicana e internacional; entretenimiento, espect\u00e1culos, salud y mucho m\u00e1s.\",\"potentialAction\":[{\"@type\":\"SearchAction\",\"target\":{\"@type\":\"EntryPoint\",\"urlTemplate\":\"https:\\\/\\\/www.bbmnoticias.com\\\/labravaradiofm\\\/?s={search_term_string}\"},\"query-input\":{\"@type\":\"PropertyValueSpecification\",\"valueRequired\":true,\"valueName\":\"search_term_string\"}}],\"inLanguage\":\"es\"},{\"@type\":\"Person\",\"@id\":\"https:\\\/\\\/www.bbmnoticias.com\\\/labravaradiofm\\\/#\\\/schema\\\/person\\\/68a9e9036ef3c5b55aeb2b71dc8bab45\",\"name\":\"Staff\",\"image\":{\"@type\":\"ImageObject\",\"inLanguage\":\"es\",\"@id\":\"https:\\\/\\\/secure.gravatar.com\\\/avatar\\\/fdd21ad66fd8b98c407f9dee5b5e588cfe7f0d8579ec20fa6527cd59bab7f0f0?s=96&d=mm&r=g\",\"url\":\"https:\\\/\\\/secure.gravatar.com\\\/avatar\\\/fdd21ad66fd8b98c407f9dee5b5e588cfe7f0d8579ec20fa6527cd59bab7f0f0?s=96&d=mm&r=g\",\"contentUrl\":\"https:\\\/\\\/secure.gravatar.com\\\/avatar\\\/fdd21ad66fd8b98c407f9dee5b5e588cfe7f0d8579ec20fa6527cd59bab7f0f0?s=96&d=mm&r=g\",\"caption\":\"Staff\"},\"url\":\"https:\\\/\\\/www.bbmnoticias.com\\\/labravaradiofm\\\/author\\\/redaccion\\\/\"}]}<\/script>\n<!-- \/ Yoast SEO plugin. -->","yoast_head_json":{"title":"Abren al p\u00fablico las galer\u00edas de la Casa de la Cultura Oaxaque\u00f1a - LA BRAVA RADIO","description":"Las y los visitantes a estas exposiciones podr\u00e1n ingresar en grupos de seis personas como m\u00e1ximo, usar sanitizante y respetar la distancia","robots":{"index":"index","follow":"follow","max-snippet":"max-snippet:-1","max-image-preview":"max-image-preview:large","max-video-preview":"max-video-preview:-1"},"canonical":"https:\/\/www.bbmnoticias.com\/labravaradiofm\/2021\/10\/12\/abren-al-publico-las-galerias-de-la-casa-de-la-cultura-oaxaquena\/","og_locale":"es_MX","og_type":"article","og_title":"Abren al p\u00fablico las galer\u00edas de la Casa de la Cultura Oaxaque\u00f1a - LA BRAVA RADIO","og_description":"Las y los visitantes a estas exposiciones podr\u00e1n ingresar en grupos de seis personas como m\u00e1ximo, usar sanitizante y respetar la distancia","og_url":"https:\/\/www.bbmnoticias.com\/labravaradiofm\/2021\/10\/12\/abren-al-publico-las-galerias-de-la-casa-de-la-cultura-oaxaquena\/","og_site_name":"LA BRAVA RADIO","article_published_time":"2021-10-12T19:13:09+00:00","article_modified_time":"2021-10-12T19:13:10+00:00","og_image":[{"width":1280,"height":853,"url":"https:\/\/www.bbmnoticias.com\/labravaradiofm\/wp-content\/uploads\/sites\/5\/2021\/10\/local12102021-13.jpg","type":"image\/jpeg"}],"author":"Staff","twitter_card":"summary_large_image","twitter_misc":{"Escrito por":"Staff","Tiempo de lectura":"1 minuto"},"schema":{"@context":"https:\/\/schema.org","@graph":[{"@type":"Article","@id":"https:\/\/www.bbmnoticias.com\/labravaradiofm\/2021\/10\/12\/abren-al-publico-las-galerias-de-la-casa-de-la-cultura-oaxaquena\/#article","isPartOf":{"@id":"https:\/\/www.bbmnoticias.com\/labravaradiofm\/2021\/10\/12\/abren-al-publico-las-galerias-de-la-casa-de-la-cultura-oaxaquena\/"},"author":{"name":"Staff","@id":"https:\/\/www.bbmnoticias.com\/labravaradiofm\/#\/schema\/person\/68a9e9036ef3c5b55aeb2b71dc8bab45"},"headline":"Abren al p\u00fablico las galer\u00edas de la Casa de la Cultura Oaxaque\u00f1a","datePublished":"2021-10-12T19:13:09+00:00","dateModified":"2021-10-12T19:13:10+00:00","mainEntityOfPage":{"@id":"https:\/\/www.bbmnoticias.com\/labravaradiofm\/2021\/10\/12\/abren-al-publico-las-galerias-de-la-casa-de-la-cultura-oaxaquena\/"},"wordCount":254,"image":{"@id":"https:\/\/www.bbmnoticias.com\/labravaradiofm\/2021\/10\/12\/abren-al-publico-las-galerias-de-la-casa-de-la-cultura-oaxaquena\/#primaryimage"},"thumbnailUrl":"https:\/\/www.bbmnoticias.com\/labravaradiofm\/wp-content\/uploads\/sites\/5\/2021\/10\/local12102021-13.jpg","articleSection":["LOCAL"],"inLanguage":"es"},{"@type":"WebPage","@id":"https:\/\/www.bbmnoticias.com\/labravaradiofm\/2021\/10\/12\/abren-al-publico-las-galerias-de-la-casa-de-la-cultura-oaxaquena\/","url":"https:\/\/www.bbmnoticias.com\/labravaradiofm\/2021\/10\/12\/abren-al-publico-las-galerias-de-la-casa-de-la-cultura-oaxaquena\/","name":"Abren al p\u00fablico las galer\u00edas de la Casa de la Cultura Oaxaque\u00f1a - LA BRAVA RADIO","isPartOf":{"@id":"https:\/\/www.bbmnoticias.com\/labravaradiofm\/#website"},"primaryImageOfPage":{"@id":"https:\/\/www.bbmnoticias.com\/labravaradiofm\/2021\/10\/12\/abren-al-publico-las-galerias-de-la-casa-de-la-cultura-oaxaquena\/#primaryimage"},"image":{"@id":"https:\/\/www.bbmnoticias.com\/labravaradiofm\/2021\/10\/12\/abren-al-publico-las-galerias-de-la-casa-de-la-cultura-oaxaquena\/#primaryimage"},"thumbnailUrl":"https:\/\/www.bbmnoticias.com\/labravaradiofm\/wp-content\/uploads\/sites\/5\/2021\/10\/local12102021-13.jpg","datePublished":"2021-10-12T19:13:09+00:00","dateModified":"2021-10-12T19:13:10+00:00","author":{"@id":"https:\/\/www.bbmnoticias.com\/labravaradiofm\/#\/schema\/person\/68a9e9036ef3c5b55aeb2b71dc8bab45"},"description":"Las y los visitantes a estas exposiciones podr\u00e1n ingresar en grupos de seis personas como m\u00e1ximo, usar sanitizante y respetar la distancia","breadcrumb":{"@id":"https:\/\/www.bbmnoticias.com\/labravaradiofm\/2021\/10\/12\/abren-al-publico-las-galerias-de-la-casa-de-la-cultura-oaxaquena\/#breadcrumb"},"inLanguage":"es","potentialAction":[{"@type":"ReadAction","target":["https:\/\/www.bbmnoticias.com\/labravaradiofm\/2021\/10\/12\/abren-al-publico-las-galerias-de-la-casa-de-la-cultura-oaxaquena\/"]}]},{"@type":"ImageObject","inLanguage":"es","@id":"https:\/\/www.bbmnoticias.com\/labravaradiofm\/2021\/10\/12\/abren-al-publico-las-galerias-de-la-casa-de-la-cultura-oaxaquena\/#primaryimage","url":"https:\/\/www.bbmnoticias.com\/labravaradiofm\/wp-content\/uploads\/sites\/5\/2021\/10\/local12102021-13.jpg","contentUrl":"https:\/\/www.bbmnoticias.com\/labravaradiofm\/wp-content\/uploads\/sites\/5\/2021\/10\/local12102021-13.jpg","width":1280,"height":853},{"@type":"BreadcrumbList","@id":"https:\/\/www.bbmnoticias.com\/labravaradiofm\/2021\/10\/12\/abren-al-publico-las-galerias-de-la-casa-de-la-cultura-oaxaquena\/#breadcrumb","itemListElement":[{"@type":"ListItem","position":1,"name":"Inicio","item":"https:\/\/www.bbmnoticias.com\/labravaradiofm\/"},{"@type":"ListItem","position":2,"name":"Abren al p\u00fablico las galer\u00edas de la Casa de la Cultura Oaxaque\u00f1a"}]},{"@type":"WebSite","@id":"https:\/\/www.bbmnoticias.com\/labravaradiofm\/#website","url":"https:\/\/www.bbmnoticias.com\/labravaradiofm\/","name":"LA BRAVA RADIO","description":"Empresa productora de medios, Radiodifusi\u00f3n, Noticias, tendencias y todo lo que necesitas saber de la pol\u00edtica mexicana e internacional; entretenimiento, espect\u00e1culos, salud y mucho m\u00e1s.","potentialAction":[{"@type":"SearchAction","target":{"@type":"EntryPoint","urlTemplate":"https:\/\/www.bbmnoticias.com\/labravaradiofm\/?s={search_term_string}"},"query-input":{"@type":"PropertyValueSpecification","valueRequired":true,"valueName":"search_term_string"}}],"inLanguage":"es"},{"@type":"Person","@id":"https:\/\/www.bbmnoticias.com\/labravaradiofm\/#\/schema\/person\/68a9e9036ef3c5b55aeb2b71dc8bab45","name":"Staff","image":{"@type":"ImageObject","inLanguage":"es","@id":"https:\/\/secure.gravatar.com\/avatar\/fdd21ad66fd8b98c407f9dee5b5e588cfe7f0d8579ec20fa6527cd59bab7f0f0?s=96&d=mm&r=g","url":"https:\/\/secure.gravatar.com\/avatar\/fdd21ad66fd8b98c407f9dee5b5e588cfe7f0d8579ec20fa6527cd59bab7f0f0?s=96&d=mm&r=g","contentUrl":"https:\/\/secure.gravatar.com\/avatar\/fdd21ad66fd8b98c407f9dee5b5e588cfe7f0d8579ec20fa6527cd59bab7f0f0?s=96&d=mm&r=g","caption":"Staff"},"url":"https:\/\/www.bbmnoticias.com\/labravaradiofm\/author\/redaccion\/"}]}},"_links":{"self":[{"href":"https:\/\/www.bbmnoticias.com\/labravaradiofm\/wp-json\/wp\/v2\/posts\/3571","targetHints":{"allow":["GET"]}}],"collection":[{"href":"https:\/\/www.bbmnoticias.com\/labravaradiofm\/wp-json\/wp\/v2\/posts"}],"about":[{"href":"https:\/\/www.bbmnoticias.com\/labravaradiofm\/wp-json\/wp\/v2\/types\/post"}],"author":[{"embeddable":true,"href":"https:\/\/www.bbmnoticias.com\/labravaradiofm\/wp-json\/wp\/v2\/users\/2"}],"replies":[{"embeddable":true,"href":"https:\/\/www.bbmnoticias.com\/labravaradiofm\/wp-json\/wp\/v2\/comments?post=3571"}],"version-history":[{"count":0,"href":"https:\/\/www.bbmnoticias.com\/labravaradiofm\/wp-json\/wp\/v2\/posts\/3571\/revisions"}],"wp:featuredmedia":[{"embeddable":true,"href":"https:\/\/www.bbmnoticias.com\/labravaradiofm\/wp-json\/wp\/v2\/media\/3572"}],"wp:attachment":[{"href":"https:\/\/www.bbmnoticias.com\/labravaradiofm\/wp-json\/wp\/v2\/media?parent=3571"}],"wp:term":[{"taxonomy":"category","embeddable":true,"href":"https:\/\/www.bbmnoticias.com\/labravaradiofm\/wp-json\/wp\/v2\/categories?post=3571"},{"taxonomy":"post_tag","embeddable":true,"href":"https:\/\/www.bbmnoticias.com\/labravaradiofm\/wp-json\/wp\/v2\/tags?post=3571"}],"curies":[{"name":"wp","href":"https:\/\/api.w.org\/{rel}","templated":true}]}}