{"id":3561,"date":"2021-10-12T12:06:27","date_gmt":"2021-10-12T17:06:27","guid":{"rendered":"https:\/\/www.bbmnoticias.com\/labravaradiofm\/?p=3561"},"modified":"2021-10-12T12:06:28","modified_gmt":"2021-10-12T17:06:28","slug":"bloquean-avenida-juarez-por-anuncio-de-reapertura-de-hierve-el-agua","status":"publish","type":"post","link":"https:\/\/www.bbmnoticias.com\/labravaradiofm\/2021\/10\/12\/bloquean-avenida-juarez-por-anuncio-de-reapertura-de-hierve-el-agua\/","title":{"rendered":"Bloquean avenida Ju\u00e1rez por anuncio de reapertura de Hierve El Agua"},"content":{"rendered":"<div style=\"margin-top: 0px; margin-bottom: 0px;\" class=\"sharethis-inline-share-buttons\" ><\/div>\n<p>OAXACA, Oax.- Un grupo de habitantes de San Lorenzo Alabarradas bloque\u00f3 la avenida Ju\u00e1rez para pedir a la Secretar\u00eda de Turismo de Oaxaca una explicaci\u00f3n sobre el anuncio de reapertura de Hierve El Agua.<\/p>\n\n\n\n<p>Indicaron que nadie les pregunt\u00f3 sobre esta determinaci\u00f3n y no van a permitir que se abra ni el acceso a los turistas.<\/p>\n\n\n\n<p>El secretario de Turismo, Juan Carlos Rivera sali\u00f3 a recibir a los manifestantes y les explic\u00f3 que en tanto no se pongan de acuerdo en una mesa de di\u00e1logo con la Secretar\u00eda General de Gobierno, quedar\u00e1 pendiente dicha reapertura de este importante atractivo tur\u00edstico del Valle Central.<\/p>\n\n\n\n<p>\u201cPor obvias y evidentes razones no puede haber un banderazo para dicha reapertura mientras no se llegue a un acuerdo\u201d, reiter\u00f3.<\/p>\n\n\n\n<p>El funcionario recibi\u00f3 a una comisi\u00f3n de los manifestantes para comentarles sobre la propuesta de las autoridades de San Isidro Roagu\u00eda para la reapertura de Hierve El Agua a quien les dijo que tendr\u00edan que ponerse de acuerdo con sus vecinos de Albarradas para realizarla.<\/p>\n\n\n\n<p>Los vecinos de San Lorenzo Albarradas se retiraron de las oficinas de la Secretar\u00eda de Turismo y levantaron el bloqueo de la avenida Ju\u00e1rez para acudir a la reuni\u00f3n que ya ten\u00edan programada con las autoridades de la Secretar\u00eda General de Gobierno.<\/p>\n\n\n\n<p>El 24 de marzo del a\u00f1o 2020 cerraron este destino tur\u00edstico cuyo principal atractivo son las cascadas petrificadas y pozas de aguas termales.<\/p>\n\n\n\n<p>El conflicto por este zona natural protegida inici\u00f3 hace unos 15 a\u00f1os por temas agrarios y de territorio entre San Lorenzo Albarradas y San Isidro Roagu\u00eda.<\/p>\n\n\n\n<p>Entre los motivos que se\u00f1alaron las autoridades de Albarradas para cerrar Hierve El Agua est\u00e1 que la mayor\u00eda de los recursos que se generan por la visita a este lugar se queda en las agencias de turismo y muy pocos en beneficio de la comunidad.<\/p>\n\n\n\n<figure class=\"wp-block-embed is-type-rich is-provider-twitter wp-block-embed-twitter\"><div class=\"wp-block-embed__wrapper\">\n<blockquote class=\"twitter-tweet\" data-width=\"550\" data-dnt=\"true\"><p lang=\"es\" dir=\"ltr\">\u203c\ufe0fHabitantes de Sn Lorenzo Albarradas confrontan a <a href=\"https:\/\/twitter.com\/JuanCRiveraC?ref_src=twsrc%5Etfw\">@JuanCRiveraC<\/a> titular de <a href=\"https:\/\/twitter.com\/SECTUR_GobOax?ref_src=twsrc%5Etfw\">@SECTUR_GobOax<\/a>,  bloquean Av. Ju\u00e1rez como exigencia que cumpla el acuerdo de ejidatarios para no dar banderazo de apertura de Hierve El Agua, Oaxaca. Amagan con intesificar su bloque\u00f3 si no los atienden. <a href=\"https:\/\/t.co\/E4bd3TnoD4\">pic.twitter.com\/E4bd3TnoD4<\/a><\/p>&mdash; La Garrapata S-22 (@LagarrapataS22) <a href=\"https:\/\/twitter.com\/LagarrapataS22\/status\/1447950843681165315?ref_src=twsrc%5Etfw\">October 12, 2021<\/a><\/blockquote><script async src=\"https:\/\/platform.twitter.com\/widgets.js\" charset=\"utf-8\"><\/script>\n<\/div><\/figure>\n","protected":false},"excerpt":{"rendered":"<p>OAXACA, Oax.- Un grupo de habitantes de San Lorenzo Alabarradas bloque\u00f3 la avenida Ju\u00e1rez para pedir a la Secretar\u00eda de Turismo de Oaxaca una explicaci\u00f3n sobre el anuncio de reapertura de Hierve El Agua. Indicaron que nadie les pregunt\u00f3 sobre esta determinaci\u00f3n y no van a permitir que se abra ni el acceso a los [&hellip;]<\/p>\n","protected":false},"author":5,"featured_media":3562,"comment_status":"closed","ping_status":"closed","sticky":false,"template":"","format":"standard","meta":{"footnotes":""},"categories":[2],"tags":[],"class_list":{"0":"post-3561","1":"post","2":"type-post","3":"status-publish","4":"format-standard","5":"has-post-thumbnail","7":"category-oaxaca"},"yoast_head":"<!-- This site is optimized with the Yoast SEO plugin v27.4 - https:\/\/yoast.com\/product\/yoast-seo-wordpress\/ -->\n<title>Bloquean avenida Ju\u00e1rez por anuncio de reapertura de Hierve El Agua - LA BRAVA RADIO<\/title>\n<meta name=\"description\" content=\"Indicaron que nadie les pregunt\u00f3 sobre esta determinaci\u00f3n y no van a permitir que se abra ni el acceso a los turistas.\" \/>\n<meta name=\"robots\" content=\"index, follow, max-snippet:-1, max-image-preview:large, max-video-preview:-1\" \/>\n<link rel=\"canonical\" href=\"https:\/\/www.bbmnoticias.com\/labravaradiofm\/2021\/10\/12\/bloquean-avenida-juarez-por-anuncio-de-reapertura-de-hierve-el-agua\/\" \/>\n<meta property=\"og:locale\" content=\"es_MX\" \/>\n<meta property=\"og:type\" content=\"article\" \/>\n<meta property=\"og:title\" content=\"Bloquean avenida Ju\u00e1rez por anuncio de reapertura de Hierve El Agua - LA BRAVA RADIO\" \/>\n<meta property=\"og:description\" content=\"Indicaron que nadie les pregunt\u00f3 sobre esta determinaci\u00f3n y no van a permitir que se abra ni el acceso a los turistas.\" \/>\n<meta property=\"og:url\" content=\"https:\/\/www.bbmnoticias.com\/labravaradiofm\/2021\/10\/12\/bloquean-avenida-juarez-por-anuncio-de-reapertura-de-hierve-el-agua\/\" \/>\n<meta property=\"og:site_name\" content=\"LA BRAVA RADIO\" \/>\n<meta property=\"article:published_time\" content=\"2021-10-12T17:06:27+00:00\" \/>\n<meta property=\"article:modified_time\" content=\"2021-10-12T17:06:28+00:00\" \/>\n<meta property=\"og:image\" content=\"https:\/\/www.bbmnoticias.com\/labravaradiofm\/wp-content\/uploads\/sites\/5\/2021\/10\/local12102021-11.jpg\" \/>\n\t<meta property=\"og:image:width\" content=\"680\" \/>\n\t<meta property=\"og:image:height\" content=\"510\" \/>\n\t<meta property=\"og:image:type\" content=\"image\/jpeg\" \/>\n<meta name=\"author\" content=\"Quadratin\" \/>\n<meta name=\"twitter:card\" content=\"summary_large_image\" \/>\n<meta name=\"twitter:label1\" content=\"Escrito por\" \/>\n\t<meta name=\"twitter:data1\" content=\"Quadratin\" \/>\n\t<meta name=\"twitter:label2\" content=\"Tiempo de lectura\" \/>\n\t<meta name=\"twitter:data2\" content=\"2 minutos\" \/>\n<script type=\"application\/ld+json\" class=\"yoast-schema-graph\">{\"@context\":\"https:\\\/\\\/schema.org\",\"@graph\":[{\"@type\":\"Article\",\"@id\":\"https:\\\/\\\/www.bbmnoticias.com\\\/labravaradiofm\\\/2021\\\/10\\\/12\\\/bloquean-avenida-juarez-por-anuncio-de-reapertura-de-hierve-el-agua\\\/#article\",\"isPartOf\":{\"@id\":\"https:\\\/\\\/www.bbmnoticias.com\\\/labravaradiofm\\\/2021\\\/10\\\/12\\\/bloquean-avenida-juarez-por-anuncio-de-reapertura-de-hierve-el-agua\\\/\"},\"author\":{\"name\":\"Quadratin\",\"@id\":\"https:\\\/\\\/www.bbmnoticias.com\\\/labravaradiofm\\\/#\\\/schema\\\/person\\\/c316b6f6c03640cce5d9482ba5a8e5c2\"},\"headline\":\"Bloquean avenida Ju\u00e1rez por anuncio de reapertura de Hierve El Agua\",\"datePublished\":\"2021-10-12T17:06:27+00:00\",\"dateModified\":\"2021-10-12T17:06:28+00:00\",\"mainEntityOfPage\":{\"@id\":\"https:\\\/\\\/www.bbmnoticias.com\\\/labravaradiofm\\\/2021\\\/10\\\/12\\\/bloquean-avenida-juarez-por-anuncio-de-reapertura-de-hierve-el-agua\\\/\"},\"wordCount\":341,\"image\":{\"@id\":\"https:\\\/\\\/www.bbmnoticias.com\\\/labravaradiofm\\\/2021\\\/10\\\/12\\\/bloquean-avenida-juarez-por-anuncio-de-reapertura-de-hierve-el-agua\\\/#primaryimage\"},\"thumbnailUrl\":\"https:\\\/\\\/www.bbmnoticias.com\\\/labravaradiofm\\\/wp-content\\\/uploads\\\/sites\\\/5\\\/2021\\\/10\\\/local12102021-11.jpg\",\"articleSection\":[\"LOCAL\"],\"inLanguage\":\"es\"},{\"@type\":\"WebPage\",\"@id\":\"https:\\\/\\\/www.bbmnoticias.com\\\/labravaradiofm\\\/2021\\\/10\\\/12\\\/bloquean-avenida-juarez-por-anuncio-de-reapertura-de-hierve-el-agua\\\/\",\"url\":\"https:\\\/\\\/www.bbmnoticias.com\\\/labravaradiofm\\\/2021\\\/10\\\/12\\\/bloquean-avenida-juarez-por-anuncio-de-reapertura-de-hierve-el-agua\\\/\",\"name\":\"Bloquean avenida Ju\u00e1rez por anuncio de reapertura de Hierve El Agua - LA BRAVA RADIO\",\"isPartOf\":{\"@id\":\"https:\\\/\\\/www.bbmnoticias.com\\\/labravaradiofm\\\/#website\"},\"primaryImageOfPage\":{\"@id\":\"https:\\\/\\\/www.bbmnoticias.com\\\/labravaradiofm\\\/2021\\\/10\\\/12\\\/bloquean-avenida-juarez-por-anuncio-de-reapertura-de-hierve-el-agua\\\/#primaryimage\"},\"image\":{\"@id\":\"https:\\\/\\\/www.bbmnoticias.com\\\/labravaradiofm\\\/2021\\\/10\\\/12\\\/bloquean-avenida-juarez-por-anuncio-de-reapertura-de-hierve-el-agua\\\/#primaryimage\"},\"thumbnailUrl\":\"https:\\\/\\\/www.bbmnoticias.com\\\/labravaradiofm\\\/wp-content\\\/uploads\\\/sites\\\/5\\\/2021\\\/10\\\/local12102021-11.jpg\",\"datePublished\":\"2021-10-12T17:06:27+00:00\",\"dateModified\":\"2021-10-12T17:06:28+00:00\",\"author\":{\"@id\":\"https:\\\/\\\/www.bbmnoticias.com\\\/labravaradiofm\\\/#\\\/schema\\\/person\\\/c316b6f6c03640cce5d9482ba5a8e5c2\"},\"description\":\"Indicaron que nadie les pregunt\u00f3 sobre esta determinaci\u00f3n y no van a permitir que se abra ni el acceso a los turistas.\",\"breadcrumb\":{\"@id\":\"https:\\\/\\\/www.bbmnoticias.com\\\/labravaradiofm\\\/2021\\\/10\\\/12\\\/bloquean-avenida-juarez-por-anuncio-de-reapertura-de-hierve-el-agua\\\/#breadcrumb\"},\"inLanguage\":\"es\",\"potentialAction\":[{\"@type\":\"ReadAction\",\"target\":[\"https:\\\/\\\/www.bbmnoticias.com\\\/labravaradiofm\\\/2021\\\/10\\\/12\\\/bloquean-avenida-juarez-por-anuncio-de-reapertura-de-hierve-el-agua\\\/\"]}]},{\"@type\":\"ImageObject\",\"inLanguage\":\"es\",\"@id\":\"https:\\\/\\\/www.bbmnoticias.com\\\/labravaradiofm\\\/2021\\\/10\\\/12\\\/bloquean-avenida-juarez-por-anuncio-de-reapertura-de-hierve-el-agua\\\/#primaryimage\",\"url\":\"https:\\\/\\\/www.bbmnoticias.com\\\/labravaradiofm\\\/wp-content\\\/uploads\\\/sites\\\/5\\\/2021\\\/10\\\/local12102021-11.jpg\",\"contentUrl\":\"https:\\\/\\\/www.bbmnoticias.com\\\/labravaradiofm\\\/wp-content\\\/uploads\\\/sites\\\/5\\\/2021\\\/10\\\/local12102021-11.jpg\",\"width\":680,\"height\":510},{\"@type\":\"BreadcrumbList\",\"@id\":\"https:\\\/\\\/www.bbmnoticias.com\\\/labravaradiofm\\\/2021\\\/10\\\/12\\\/bloquean-avenida-juarez-por-anuncio-de-reapertura-de-hierve-el-agua\\\/#breadcrumb\",\"itemListElement\":[{\"@type\":\"ListItem\",\"position\":1,\"name\":\"Inicio\",\"item\":\"https:\\\/\\\/www.bbmnoticias.com\\\/labravaradiofm\\\/\"},{\"@type\":\"ListItem\",\"position\":2,\"name\":\"Bloquean avenida Ju\u00e1rez por anuncio de reapertura de Hierve El Agua\"}]},{\"@type\":\"WebSite\",\"@id\":\"https:\\\/\\\/www.bbmnoticias.com\\\/labravaradiofm\\\/#website\",\"url\":\"https:\\\/\\\/www.bbmnoticias.com\\\/labravaradiofm\\\/\",\"name\":\"LA BRAVA RADIO\",\"description\":\"Empresa productora de medios, Radiodifusi\u00f3n, Noticias, tendencias y todo lo que necesitas saber de la pol\u00edtica mexicana e internacional; entretenimiento, espect\u00e1culos, salud y mucho m\u00e1s.\",\"potentialAction\":[{\"@type\":\"SearchAction\",\"target\":{\"@type\":\"EntryPoint\",\"urlTemplate\":\"https:\\\/\\\/www.bbmnoticias.com\\\/labravaradiofm\\\/?s={search_term_string}\"},\"query-input\":{\"@type\":\"PropertyValueSpecification\",\"valueRequired\":true,\"valueName\":\"search_term_string\"}}],\"inLanguage\":\"es\"},{\"@type\":\"Person\",\"@id\":\"https:\\\/\\\/www.bbmnoticias.com\\\/labravaradiofm\\\/#\\\/schema\\\/person\\\/c316b6f6c03640cce5d9482ba5a8e5c2\",\"name\":\"Quadratin\",\"image\":{\"@type\":\"ImageObject\",\"inLanguage\":\"es\",\"@id\":\"https:\\\/\\\/secure.gravatar.com\\\/avatar\\\/34008d7d72488432d6a74f81e839efc9f754b118786ca32cf39d9d5508a68f63?s=96&d=mm&r=g\",\"url\":\"https:\\\/\\\/secure.gravatar.com\\\/avatar\\\/34008d7d72488432d6a74f81e839efc9f754b118786ca32cf39d9d5508a68f63?s=96&d=mm&r=g\",\"contentUrl\":\"https:\\\/\\\/secure.gravatar.com\\\/avatar\\\/34008d7d72488432d6a74f81e839efc9f754b118786ca32cf39d9d5508a68f63?s=96&d=mm&r=g\",\"caption\":\"Quadratin\"},\"url\":\"https:\\\/\\\/www.bbmnoticias.com\\\/labravaradiofm\\\/author\\\/quadratin\\\/\"}]}<\/script>\n<!-- \/ Yoast SEO plugin. -->","yoast_head_json":{"title":"Bloquean avenida Ju\u00e1rez por anuncio de reapertura de Hierve El Agua - LA BRAVA RADIO","description":"Indicaron que nadie les pregunt\u00f3 sobre esta determinaci\u00f3n y no van a permitir que se abra ni el acceso a los turistas.","robots":{"index":"index","follow":"follow","max-snippet":"max-snippet:-1","max-image-preview":"max-image-preview:large","max-video-preview":"max-video-preview:-1"},"canonical":"https:\/\/www.bbmnoticias.com\/labravaradiofm\/2021\/10\/12\/bloquean-avenida-juarez-por-anuncio-de-reapertura-de-hierve-el-agua\/","og_locale":"es_MX","og_type":"article","og_title":"Bloquean avenida Ju\u00e1rez por anuncio de reapertura de Hierve El Agua - LA BRAVA RADIO","og_description":"Indicaron que nadie les pregunt\u00f3 sobre esta determinaci\u00f3n y no van a permitir que se abra ni el acceso a los turistas.","og_url":"https:\/\/www.bbmnoticias.com\/labravaradiofm\/2021\/10\/12\/bloquean-avenida-juarez-por-anuncio-de-reapertura-de-hierve-el-agua\/","og_site_name":"LA BRAVA RADIO","article_published_time":"2021-10-12T17:06:27+00:00","article_modified_time":"2021-10-12T17:06:28+00:00","og_image":[{"width":680,"height":510,"url":"https:\/\/www.bbmnoticias.com\/labravaradiofm\/wp-content\/uploads\/sites\/5\/2021\/10\/local12102021-11.jpg","type":"image\/jpeg"}],"author":"Quadratin","twitter_card":"summary_large_image","twitter_misc":{"Escrito por":"Quadratin","Tiempo de lectura":"2 minutos"},"schema":{"@context":"https:\/\/schema.org","@graph":[{"@type":"Article","@id":"https:\/\/www.bbmnoticias.com\/labravaradiofm\/2021\/10\/12\/bloquean-avenida-juarez-por-anuncio-de-reapertura-de-hierve-el-agua\/#article","isPartOf":{"@id":"https:\/\/www.bbmnoticias.com\/labravaradiofm\/2021\/10\/12\/bloquean-avenida-juarez-por-anuncio-de-reapertura-de-hierve-el-agua\/"},"author":{"name":"Quadratin","@id":"https:\/\/www.bbmnoticias.com\/labravaradiofm\/#\/schema\/person\/c316b6f6c03640cce5d9482ba5a8e5c2"},"headline":"Bloquean avenida Ju\u00e1rez por anuncio de reapertura de Hierve El Agua","datePublished":"2021-10-12T17:06:27+00:00","dateModified":"2021-10-12T17:06:28+00:00","mainEntityOfPage":{"@id":"https:\/\/www.bbmnoticias.com\/labravaradiofm\/2021\/10\/12\/bloquean-avenida-juarez-por-anuncio-de-reapertura-de-hierve-el-agua\/"},"wordCount":341,"image":{"@id":"https:\/\/www.bbmnoticias.com\/labravaradiofm\/2021\/10\/12\/bloquean-avenida-juarez-por-anuncio-de-reapertura-de-hierve-el-agua\/#primaryimage"},"thumbnailUrl":"https:\/\/www.bbmnoticias.com\/labravaradiofm\/wp-content\/uploads\/sites\/5\/2021\/10\/local12102021-11.jpg","articleSection":["LOCAL"],"inLanguage":"es"},{"@type":"WebPage","@id":"https:\/\/www.bbmnoticias.com\/labravaradiofm\/2021\/10\/12\/bloquean-avenida-juarez-por-anuncio-de-reapertura-de-hierve-el-agua\/","url":"https:\/\/www.bbmnoticias.com\/labravaradiofm\/2021\/10\/12\/bloquean-avenida-juarez-por-anuncio-de-reapertura-de-hierve-el-agua\/","name":"Bloquean avenida Ju\u00e1rez por anuncio de reapertura de Hierve El Agua - LA BRAVA RADIO","isPartOf":{"@id":"https:\/\/www.bbmnoticias.com\/labravaradiofm\/#website"},"primaryImageOfPage":{"@id":"https:\/\/www.bbmnoticias.com\/labravaradiofm\/2021\/10\/12\/bloquean-avenida-juarez-por-anuncio-de-reapertura-de-hierve-el-agua\/#primaryimage"},"image":{"@id":"https:\/\/www.bbmnoticias.com\/labravaradiofm\/2021\/10\/12\/bloquean-avenida-juarez-por-anuncio-de-reapertura-de-hierve-el-agua\/#primaryimage"},"thumbnailUrl":"https:\/\/www.bbmnoticias.com\/labravaradiofm\/wp-content\/uploads\/sites\/5\/2021\/10\/local12102021-11.jpg","datePublished":"2021-10-12T17:06:27+00:00","dateModified":"2021-10-12T17:06:28+00:00","author":{"@id":"https:\/\/www.bbmnoticias.com\/labravaradiofm\/#\/schema\/person\/c316b6f6c03640cce5d9482ba5a8e5c2"},"description":"Indicaron que nadie les pregunt\u00f3 sobre esta determinaci\u00f3n y no van a permitir que se abra ni el acceso a los turistas.","breadcrumb":{"@id":"https:\/\/www.bbmnoticias.com\/labravaradiofm\/2021\/10\/12\/bloquean-avenida-juarez-por-anuncio-de-reapertura-de-hierve-el-agua\/#breadcrumb"},"inLanguage":"es","potentialAction":[{"@type":"ReadAction","target":["https:\/\/www.bbmnoticias.com\/labravaradiofm\/2021\/10\/12\/bloquean-avenida-juarez-por-anuncio-de-reapertura-de-hierve-el-agua\/"]}]},{"@type":"ImageObject","inLanguage":"es","@id":"https:\/\/www.bbmnoticias.com\/labravaradiofm\/2021\/10\/12\/bloquean-avenida-juarez-por-anuncio-de-reapertura-de-hierve-el-agua\/#primaryimage","url":"https:\/\/www.bbmnoticias.com\/labravaradiofm\/wp-content\/uploads\/sites\/5\/2021\/10\/local12102021-11.jpg","contentUrl":"https:\/\/www.bbmnoticias.com\/labravaradiofm\/wp-content\/uploads\/sites\/5\/2021\/10\/local12102021-11.jpg","width":680,"height":510},{"@type":"BreadcrumbList","@id":"https:\/\/www.bbmnoticias.com\/labravaradiofm\/2021\/10\/12\/bloquean-avenida-juarez-por-anuncio-de-reapertura-de-hierve-el-agua\/#breadcrumb","itemListElement":[{"@type":"ListItem","position":1,"name":"Inicio","item":"https:\/\/www.bbmnoticias.com\/labravaradiofm\/"},{"@type":"ListItem","position":2,"name":"Bloquean avenida Ju\u00e1rez por anuncio de reapertura de Hierve El Agua"}]},{"@type":"WebSite","@id":"https:\/\/www.bbmnoticias.com\/labravaradiofm\/#website","url":"https:\/\/www.bbmnoticias.com\/labravaradiofm\/","name":"LA BRAVA RADIO","description":"Empresa productora de medios, Radiodifusi\u00f3n, Noticias, tendencias y todo lo que necesitas saber de la pol\u00edtica mexicana e internacional; entretenimiento, espect\u00e1culos, salud y mucho m\u00e1s.","potentialAction":[{"@type":"SearchAction","target":{"@type":"EntryPoint","urlTemplate":"https:\/\/www.bbmnoticias.com\/labravaradiofm\/?s={search_term_string}"},"query-input":{"@type":"PropertyValueSpecification","valueRequired":true,"valueName":"search_term_string"}}],"inLanguage":"es"},{"@type":"Person","@id":"https:\/\/www.bbmnoticias.com\/labravaradiofm\/#\/schema\/person\/c316b6f6c03640cce5d9482ba5a8e5c2","name":"Quadratin","image":{"@type":"ImageObject","inLanguage":"es","@id":"https:\/\/secure.gravatar.com\/avatar\/34008d7d72488432d6a74f81e839efc9f754b118786ca32cf39d9d5508a68f63?s=96&d=mm&r=g","url":"https:\/\/secure.gravatar.com\/avatar\/34008d7d72488432d6a74f81e839efc9f754b118786ca32cf39d9d5508a68f63?s=96&d=mm&r=g","contentUrl":"https:\/\/secure.gravatar.com\/avatar\/34008d7d72488432d6a74f81e839efc9f754b118786ca32cf39d9d5508a68f63?s=96&d=mm&r=g","caption":"Quadratin"},"url":"https:\/\/www.bbmnoticias.com\/labravaradiofm\/author\/quadratin\/"}]}},"_links":{"self":[{"href":"https:\/\/www.bbmnoticias.com\/labravaradiofm\/wp-json\/wp\/v2\/posts\/3561","targetHints":{"allow":["GET"]}}],"collection":[{"href":"https:\/\/www.bbmnoticias.com\/labravaradiofm\/wp-json\/wp\/v2\/posts"}],"about":[{"href":"https:\/\/www.bbmnoticias.com\/labravaradiofm\/wp-json\/wp\/v2\/types\/post"}],"author":[{"embeddable":true,"href":"https:\/\/www.bbmnoticias.com\/labravaradiofm\/wp-json\/wp\/v2\/users\/5"}],"replies":[{"embeddable":true,"href":"https:\/\/www.bbmnoticias.com\/labravaradiofm\/wp-json\/wp\/v2\/comments?post=3561"}],"version-history":[{"count":0,"href":"https:\/\/www.bbmnoticias.com\/labravaradiofm\/wp-json\/wp\/v2\/posts\/3561\/revisions"}],"wp:featuredmedia":[{"embeddable":true,"href":"https:\/\/www.bbmnoticias.com\/labravaradiofm\/wp-json\/wp\/v2\/media\/3562"}],"wp:attachment":[{"href":"https:\/\/www.bbmnoticias.com\/labravaradiofm\/wp-json\/wp\/v2\/media?parent=3561"}],"wp:term":[{"taxonomy":"category","embeddable":true,"href":"https:\/\/www.bbmnoticias.com\/labravaradiofm\/wp-json\/wp\/v2\/categories?post=3561"},{"taxonomy":"post_tag","embeddable":true,"href":"https:\/\/www.bbmnoticias.com\/labravaradiofm\/wp-json\/wp\/v2\/tags?post=3561"}],"curies":[{"name":"wp","href":"https:\/\/api.w.org\/{rel}","templated":true}]}}