{"id":3557,"date":"2021-10-12T11:52:18","date_gmt":"2021-10-12T16:52:18","guid":{"rendered":"https:\/\/www.bbmnoticias.com\/labravaradiofm\/?p=3557"},"modified":"2021-10-12T11:52:28","modified_gmt":"2021-10-12T16:52:28","slug":"aseguran-que-vicente-fernandez-tiene-muerte-cerebral","status":"publish","type":"post","link":"https:\/\/www.bbmnoticias.com\/labravaradiofm\/2021\/10\/12\/aseguran-que-vicente-fernandez-tiene-muerte-cerebral\/","title":{"rendered":"Aseguran que Vicente Fern\u00e1ndez tiene muerte cerebral"},"content":{"rendered":"<div style=\"margin-top: 0px; margin-bottom: 0px;\" class=\"sharethis-inline-share-buttons\" ><\/div>\n<p>Aseguran que <strong>Vicente Fern\u00e1ndez<\/strong> tiene muerte cerebral, luego de que m\u00e9dicos del cantante revelaran que es muy dependiente de ventilaci\u00f3n por traqueostom\u00eda.<\/p>\n\n\n\n<p>La revista TV Notas cuenta su \u201cverdad\u201d afirmando que el hijo mayor de <strong>Vicente Fern\u00e1ndez<\/strong> minti\u00f3 al asegurar que su padre se encuentra por lo que no ser\u00e1 desconectado y es que la realidad es otra les revel\u00f3 un amigo cercano a la familia.<\/p>\n\n\n\n<p>De acuerdo con la fuente, desde la semana pasada la salud del <u>\u2018Charro de Huentit\u00e1n\u2019<\/u> se ha complicado por lo que tuvo que ser conectado a dos ventiladores que hoy le sirven de soporte para respirar.<\/p>\n\n\n\n<p>Le hicieron una <strong>traqueostom\u00eda<\/strong> tras haber presentado una <strong>saturaci\u00f3n de oxigeno<\/strong> de entre 76% y 73%. Lo intentaron estabilizar pero fue en vano.<\/p>\n\n\n\n<p>Debido a que el cuerpo del cantante es muy viejo, el pasado 5 de octubre el cantante fue declarado con muerte cerebral.<\/p>\n\n\n\n<p>Tras recibir la triste noticia sobre <strong>Vicente Fern\u00e1ndez<\/strong>, su esposa <strong>Do\u00f1a Cuquita<\/strong>, quiso llev\u00e1rselo al rancho Tres Potrillos para quepasar\u00e1 ah\u00ed sus \u00faltimos d\u00edas; sin embargo, m\u00e9dicos no se lo recomendaron.<\/p>\n\n\n\n<p><\/p>\n\n\n\n<p>Y es que los doctores le advirtieron que <strong>Vicente Fern\u00e1ndez<\/strong>, de 81 a\u00f1os de edad, podr\u00eda colapsar debido a que tiene muy da\u00f1ados los pulmones.<\/p>\n\n\n\n<p><\/p>\n\n\n\n<figure class=\"wp-block-image size-full\"><img loading=\"lazy\" decoding=\"async\" width=\"640\" height=\"400\" src=\"https:\/\/www.bbmnoticias.com\/labravaradiofm\/wp-content\/uploads\/sites\/5\/2021\/10\/espectaculos12102021-4.jpeg\" alt=\"\" class=\"wp-image-3559\" srcset=\"https:\/\/www.bbmnoticias.com\/labravaradiofm\/wp-content\/uploads\/sites\/5\/2021\/10\/espectaculos12102021-4.jpeg 640w, https:\/\/www.bbmnoticias.com\/labravaradiofm\/wp-content\/uploads\/sites\/5\/2021\/10\/espectaculos12102021-4-300x188.jpeg 300w\" sizes=\"auto, (max-width: 640px) 100vw, 640px\" \/><\/figure>\n\n\n\n<p>Raz\u00f3n por la que le administran dexametasona para desinflamar los pulmones y evitar un paro respiratorio.<\/p>\n\n\n\n<p>Cabe se\u00f1alar que si Vicente Fern\u00e1ndez llega a ser desconectado de los ventiladores, morir\u00e1 de inmediato, por lo que recomiendan que contin\u00fae en el hospital para evitar imprevistos.<\/p>\n\n\n\n<h2 class=\"wp-block-heading\">Familia Fern\u00e1ndez gasta millones en hospitalizaci\u00f3n de Vicente Fern\u00e1ndez<\/h2>\n\n\n\n<p>Actualmente <strong>Vicente Fern\u00e1ndez<\/strong> se encuentra hospitalizado en Guadalajara, Jalisco, donde lo atienden 24\/7, por lo que la<strong> familia Fern\u00e1ndez ha gastado 19 millones de pesos<\/strong>. Siendo que les cobran 324 mil pesos al d\u00eda.<\/p>\n\n\n\n<p><strong>Gastos de hospitalizaci\u00f3n<\/strong> que podr\u00edan llegar a su fin en dos semanas ya que es el tiempo que los m\u00e9dicos le dan de vida. Dan por hecho que en cualquier momento su coraz\u00f3n puede dejar de latir por lo que su cuerpo colapsar\u00eda.<\/p>\n","protected":false},"excerpt":{"rendered":"<p>Aseguran que Vicente Fern\u00e1ndez tiene muerte cerebral, luego de que m\u00e9dicos del cantante revelaran que es muy dependiente de ventilaci\u00f3n por traqueostom\u00eda. La revista TV Notas cuenta su \u201cverdad\u201d afirmando que el hijo mayor de Vicente Fern\u00e1ndez minti\u00f3 al asegurar que su padre se encuentra por lo que no ser\u00e1 desconectado y es que la [&hellip;]<\/p>\n","protected":false},"author":12,"featured_media":3558,"comment_status":"closed","ping_status":"closed","sticky":false,"template":"","format":"standard","meta":{"footnotes":""},"categories":[1],"tags":[],"class_list":{"0":"post-3557","1":"post","2":"type-post","3":"status-publish","4":"format-standard","5":"has-post-thumbnail","7":"category-sin-categoria"},"yoast_head":"<!-- This site is optimized with the Yoast SEO plugin v27.4 - https:\/\/yoast.com\/product\/yoast-seo-wordpress\/ -->\n<title>Aseguran que Vicente Fern\u00e1ndez tiene muerte cerebral - LA BRAVA RADIO<\/title>\n<meta name=\"description\" content=\"Le hicieron una traqueostom\u00eda tras haber presentado una saturaci\u00f3n de oxigeno de entre 76% y 73%. Lo intentaron estabilizar pero fue en vano.\" \/>\n<meta name=\"robots\" content=\"index, follow, max-snippet:-1, max-image-preview:large, max-video-preview:-1\" \/>\n<link rel=\"canonical\" href=\"https:\/\/www.bbmnoticias.com\/labravaradiofm\/2021\/10\/12\/aseguran-que-vicente-fernandez-tiene-muerte-cerebral\/\" \/>\n<meta property=\"og:locale\" content=\"es_MX\" \/>\n<meta property=\"og:type\" content=\"article\" \/>\n<meta property=\"og:title\" content=\"Aseguran que Vicente Fern\u00e1ndez tiene muerte cerebral - LA BRAVA RADIO\" \/>\n<meta property=\"og:description\" content=\"Le hicieron una traqueostom\u00eda tras haber presentado una saturaci\u00f3n de oxigeno de entre 76% y 73%. Lo intentaron estabilizar pero fue en vano.\" \/>\n<meta property=\"og:url\" content=\"https:\/\/www.bbmnoticias.com\/labravaradiofm\/2021\/10\/12\/aseguran-que-vicente-fernandez-tiene-muerte-cerebral\/\" \/>\n<meta property=\"og:site_name\" content=\"LA BRAVA RADIO\" \/>\n<meta property=\"article:published_time\" content=\"2021-10-12T16:52:18+00:00\" \/>\n<meta property=\"article:modified_time\" content=\"2021-10-12T16:52:28+00:00\" \/>\n<meta property=\"og:image\" content=\"https:\/\/www.bbmnoticias.com\/labravaradiofm\/wp-content\/uploads\/sites\/5\/2021\/10\/espectaculos12102021-3.webp\" \/>\n\t<meta property=\"og:image:width\" content=\"640\" \/>\n\t<meta property=\"og:image:height\" content=\"360\" \/>\n\t<meta property=\"og:image:type\" content=\"image\/webp\" \/>\n<meta name=\"author\" content=\"SDPnoticias\" \/>\n<meta name=\"twitter:card\" content=\"summary_large_image\" \/>\n<meta name=\"twitter:label1\" content=\"Escrito por\" \/>\n\t<meta name=\"twitter:data1\" content=\"SDPnoticias\" \/>\n\t<meta name=\"twitter:label2\" content=\"Tiempo de lectura\" \/>\n\t<meta name=\"twitter:data2\" content=\"2 minutos\" \/>\n<script type=\"application\/ld+json\" class=\"yoast-schema-graph\">{\"@context\":\"https:\\\/\\\/schema.org\",\"@graph\":[{\"@type\":\"Article\",\"@id\":\"https:\\\/\\\/www.bbmnoticias.com\\\/labravaradiofm\\\/2021\\\/10\\\/12\\\/aseguran-que-vicente-fernandez-tiene-muerte-cerebral\\\/#article\",\"isPartOf\":{\"@id\":\"https:\\\/\\\/www.bbmnoticias.com\\\/labravaradiofm\\\/2021\\\/10\\\/12\\\/aseguran-que-vicente-fernandez-tiene-muerte-cerebral\\\/\"},\"author\":{\"name\":\"SDPnoticias\",\"@id\":\"https:\\\/\\\/www.bbmnoticias.com\\\/labravaradiofm\\\/#\\\/schema\\\/person\\\/baf240d77a345f5fbc3dc146f9161af9\"},\"headline\":\"Aseguran que Vicente Fern\u00e1ndez tiene muerte cerebral\",\"datePublished\":\"2021-10-12T16:52:18+00:00\",\"dateModified\":\"2021-10-12T16:52:28+00:00\",\"mainEntityOfPage\":{\"@id\":\"https:\\\/\\\/www.bbmnoticias.com\\\/labravaradiofm\\\/2021\\\/10\\\/12\\\/aseguran-que-vicente-fernandez-tiene-muerte-cerebral\\\/\"},\"wordCount\":366,\"image\":{\"@id\":\"https:\\\/\\\/www.bbmnoticias.com\\\/labravaradiofm\\\/2021\\\/10\\\/12\\\/aseguran-que-vicente-fernandez-tiene-muerte-cerebral\\\/#primaryimage\"},\"thumbnailUrl\":\"https:\\\/\\\/www.bbmnoticias.com\\\/labravaradiofm\\\/wp-content\\\/uploads\\\/sites\\\/5\\\/2021\\\/10\\\/espectaculos12102021-3.webp\",\"inLanguage\":\"es\"},{\"@type\":\"WebPage\",\"@id\":\"https:\\\/\\\/www.bbmnoticias.com\\\/labravaradiofm\\\/2021\\\/10\\\/12\\\/aseguran-que-vicente-fernandez-tiene-muerte-cerebral\\\/\",\"url\":\"https:\\\/\\\/www.bbmnoticias.com\\\/labravaradiofm\\\/2021\\\/10\\\/12\\\/aseguran-que-vicente-fernandez-tiene-muerte-cerebral\\\/\",\"name\":\"Aseguran que Vicente Fern\u00e1ndez tiene muerte cerebral - LA BRAVA RADIO\",\"isPartOf\":{\"@id\":\"https:\\\/\\\/www.bbmnoticias.com\\\/labravaradiofm\\\/#website\"},\"primaryImageOfPage\":{\"@id\":\"https:\\\/\\\/www.bbmnoticias.com\\\/labravaradiofm\\\/2021\\\/10\\\/12\\\/aseguran-que-vicente-fernandez-tiene-muerte-cerebral\\\/#primaryimage\"},\"image\":{\"@id\":\"https:\\\/\\\/www.bbmnoticias.com\\\/labravaradiofm\\\/2021\\\/10\\\/12\\\/aseguran-que-vicente-fernandez-tiene-muerte-cerebral\\\/#primaryimage\"},\"thumbnailUrl\":\"https:\\\/\\\/www.bbmnoticias.com\\\/labravaradiofm\\\/wp-content\\\/uploads\\\/sites\\\/5\\\/2021\\\/10\\\/espectaculos12102021-3.webp\",\"datePublished\":\"2021-10-12T16:52:18+00:00\",\"dateModified\":\"2021-10-12T16:52:28+00:00\",\"author\":{\"@id\":\"https:\\\/\\\/www.bbmnoticias.com\\\/labravaradiofm\\\/#\\\/schema\\\/person\\\/baf240d77a345f5fbc3dc146f9161af9\"},\"description\":\"Le hicieron una traqueostom\u00eda tras haber presentado una saturaci\u00f3n de oxigeno de entre 76% y 73%. Lo intentaron estabilizar pero fue en vano.\",\"breadcrumb\":{\"@id\":\"https:\\\/\\\/www.bbmnoticias.com\\\/labravaradiofm\\\/2021\\\/10\\\/12\\\/aseguran-que-vicente-fernandez-tiene-muerte-cerebral\\\/#breadcrumb\"},\"inLanguage\":\"es\",\"potentialAction\":[{\"@type\":\"ReadAction\",\"target\":[\"https:\\\/\\\/www.bbmnoticias.com\\\/labravaradiofm\\\/2021\\\/10\\\/12\\\/aseguran-que-vicente-fernandez-tiene-muerte-cerebral\\\/\"]}]},{\"@type\":\"ImageObject\",\"inLanguage\":\"es\",\"@id\":\"https:\\\/\\\/www.bbmnoticias.com\\\/labravaradiofm\\\/2021\\\/10\\\/12\\\/aseguran-que-vicente-fernandez-tiene-muerte-cerebral\\\/#primaryimage\",\"url\":\"https:\\\/\\\/www.bbmnoticias.com\\\/labravaradiofm\\\/wp-content\\\/uploads\\\/sites\\\/5\\\/2021\\\/10\\\/espectaculos12102021-3.webp\",\"contentUrl\":\"https:\\\/\\\/www.bbmnoticias.com\\\/labravaradiofm\\\/wp-content\\\/uploads\\\/sites\\\/5\\\/2021\\\/10\\\/espectaculos12102021-3.webp\",\"width\":640,\"height\":360},{\"@type\":\"BreadcrumbList\",\"@id\":\"https:\\\/\\\/www.bbmnoticias.com\\\/labravaradiofm\\\/2021\\\/10\\\/12\\\/aseguran-que-vicente-fernandez-tiene-muerte-cerebral\\\/#breadcrumb\",\"itemListElement\":[{\"@type\":\"ListItem\",\"position\":1,\"name\":\"Inicio\",\"item\":\"https:\\\/\\\/www.bbmnoticias.com\\\/labravaradiofm\\\/\"},{\"@type\":\"ListItem\",\"position\":2,\"name\":\"Aseguran que Vicente Fern\u00e1ndez tiene muerte cerebral\"}]},{\"@type\":\"WebSite\",\"@id\":\"https:\\\/\\\/www.bbmnoticias.com\\\/labravaradiofm\\\/#website\",\"url\":\"https:\\\/\\\/www.bbmnoticias.com\\\/labravaradiofm\\\/\",\"name\":\"LA BRAVA RADIO\",\"description\":\"Empresa productora de medios, Radiodifusi\u00f3n, Noticias, tendencias y todo lo que necesitas saber de la pol\u00edtica mexicana e internacional; entretenimiento, espect\u00e1culos, salud y mucho m\u00e1s.\",\"potentialAction\":[{\"@type\":\"SearchAction\",\"target\":{\"@type\":\"EntryPoint\",\"urlTemplate\":\"https:\\\/\\\/www.bbmnoticias.com\\\/labravaradiofm\\\/?s={search_term_string}\"},\"query-input\":{\"@type\":\"PropertyValueSpecification\",\"valueRequired\":true,\"valueName\":\"search_term_string\"}}],\"inLanguage\":\"es\"},{\"@type\":\"Person\",\"@id\":\"https:\\\/\\\/www.bbmnoticias.com\\\/labravaradiofm\\\/#\\\/schema\\\/person\\\/baf240d77a345f5fbc3dc146f9161af9\",\"name\":\"SDPnoticias\",\"image\":{\"@type\":\"ImageObject\",\"inLanguage\":\"es\",\"@id\":\"https:\\\/\\\/secure.gravatar.com\\\/avatar\\\/015ede9175a06d999d8b2b09e108b48c9e008e4ee44a647956086b51bbce326c?s=96&d=mm&r=g\",\"url\":\"https:\\\/\\\/secure.gravatar.com\\\/avatar\\\/015ede9175a06d999d8b2b09e108b48c9e008e4ee44a647956086b51bbce326c?s=96&d=mm&r=g\",\"contentUrl\":\"https:\\\/\\\/secure.gravatar.com\\\/avatar\\\/015ede9175a06d999d8b2b09e108b48c9e008e4ee44a647956086b51bbce326c?s=96&d=mm&r=g\",\"caption\":\"SDPnoticias\"},\"url\":\"https:\\\/\\\/www.bbmnoticias.com\\\/labravaradiofm\\\/author\\\/sdpnoticias\\\/\"}]}<\/script>\n<!-- \/ Yoast SEO plugin. -->","yoast_head_json":{"title":"Aseguran que Vicente Fern\u00e1ndez tiene muerte cerebral - LA BRAVA RADIO","description":"Le hicieron una traqueostom\u00eda tras haber presentado una saturaci\u00f3n de oxigeno de entre 76% y 73%. Lo intentaron estabilizar pero fue en vano.","robots":{"index":"index","follow":"follow","max-snippet":"max-snippet:-1","max-image-preview":"max-image-preview:large","max-video-preview":"max-video-preview:-1"},"canonical":"https:\/\/www.bbmnoticias.com\/labravaradiofm\/2021\/10\/12\/aseguran-que-vicente-fernandez-tiene-muerte-cerebral\/","og_locale":"es_MX","og_type":"article","og_title":"Aseguran que Vicente Fern\u00e1ndez tiene muerte cerebral - LA BRAVA RADIO","og_description":"Le hicieron una traqueostom\u00eda tras haber presentado una saturaci\u00f3n de oxigeno de entre 76% y 73%. Lo intentaron estabilizar pero fue en vano.","og_url":"https:\/\/www.bbmnoticias.com\/labravaradiofm\/2021\/10\/12\/aseguran-que-vicente-fernandez-tiene-muerte-cerebral\/","og_site_name":"LA BRAVA RADIO","article_published_time":"2021-10-12T16:52:18+00:00","article_modified_time":"2021-10-12T16:52:28+00:00","og_image":[{"width":640,"height":360,"url":"https:\/\/www.bbmnoticias.com\/labravaradiofm\/wp-content\/uploads\/sites\/5\/2021\/10\/espectaculos12102021-3.webp","type":"image\/webp"}],"author":"SDPnoticias","twitter_card":"summary_large_image","twitter_misc":{"Escrito por":"SDPnoticias","Tiempo de lectura":"2 minutos"},"schema":{"@context":"https:\/\/schema.org","@graph":[{"@type":"Article","@id":"https:\/\/www.bbmnoticias.com\/labravaradiofm\/2021\/10\/12\/aseguran-que-vicente-fernandez-tiene-muerte-cerebral\/#article","isPartOf":{"@id":"https:\/\/www.bbmnoticias.com\/labravaradiofm\/2021\/10\/12\/aseguran-que-vicente-fernandez-tiene-muerte-cerebral\/"},"author":{"name":"SDPnoticias","@id":"https:\/\/www.bbmnoticias.com\/labravaradiofm\/#\/schema\/person\/baf240d77a345f5fbc3dc146f9161af9"},"headline":"Aseguran que Vicente Fern\u00e1ndez tiene muerte cerebral","datePublished":"2021-10-12T16:52:18+00:00","dateModified":"2021-10-12T16:52:28+00:00","mainEntityOfPage":{"@id":"https:\/\/www.bbmnoticias.com\/labravaradiofm\/2021\/10\/12\/aseguran-que-vicente-fernandez-tiene-muerte-cerebral\/"},"wordCount":366,"image":{"@id":"https:\/\/www.bbmnoticias.com\/labravaradiofm\/2021\/10\/12\/aseguran-que-vicente-fernandez-tiene-muerte-cerebral\/#primaryimage"},"thumbnailUrl":"https:\/\/www.bbmnoticias.com\/labravaradiofm\/wp-content\/uploads\/sites\/5\/2021\/10\/espectaculos12102021-3.webp","inLanguage":"es"},{"@type":"WebPage","@id":"https:\/\/www.bbmnoticias.com\/labravaradiofm\/2021\/10\/12\/aseguran-que-vicente-fernandez-tiene-muerte-cerebral\/","url":"https:\/\/www.bbmnoticias.com\/labravaradiofm\/2021\/10\/12\/aseguran-que-vicente-fernandez-tiene-muerte-cerebral\/","name":"Aseguran que Vicente Fern\u00e1ndez tiene muerte cerebral - LA BRAVA RADIO","isPartOf":{"@id":"https:\/\/www.bbmnoticias.com\/labravaradiofm\/#website"},"primaryImageOfPage":{"@id":"https:\/\/www.bbmnoticias.com\/labravaradiofm\/2021\/10\/12\/aseguran-que-vicente-fernandez-tiene-muerte-cerebral\/#primaryimage"},"image":{"@id":"https:\/\/www.bbmnoticias.com\/labravaradiofm\/2021\/10\/12\/aseguran-que-vicente-fernandez-tiene-muerte-cerebral\/#primaryimage"},"thumbnailUrl":"https:\/\/www.bbmnoticias.com\/labravaradiofm\/wp-content\/uploads\/sites\/5\/2021\/10\/espectaculos12102021-3.webp","datePublished":"2021-10-12T16:52:18+00:00","dateModified":"2021-10-12T16:52:28+00:00","author":{"@id":"https:\/\/www.bbmnoticias.com\/labravaradiofm\/#\/schema\/person\/baf240d77a345f5fbc3dc146f9161af9"},"description":"Le hicieron una traqueostom\u00eda tras haber presentado una saturaci\u00f3n de oxigeno de entre 76% y 73%. Lo intentaron estabilizar pero fue en vano.","breadcrumb":{"@id":"https:\/\/www.bbmnoticias.com\/labravaradiofm\/2021\/10\/12\/aseguran-que-vicente-fernandez-tiene-muerte-cerebral\/#breadcrumb"},"inLanguage":"es","potentialAction":[{"@type":"ReadAction","target":["https:\/\/www.bbmnoticias.com\/labravaradiofm\/2021\/10\/12\/aseguran-que-vicente-fernandez-tiene-muerte-cerebral\/"]}]},{"@type":"ImageObject","inLanguage":"es","@id":"https:\/\/www.bbmnoticias.com\/labravaradiofm\/2021\/10\/12\/aseguran-que-vicente-fernandez-tiene-muerte-cerebral\/#primaryimage","url":"https:\/\/www.bbmnoticias.com\/labravaradiofm\/wp-content\/uploads\/sites\/5\/2021\/10\/espectaculos12102021-3.webp","contentUrl":"https:\/\/www.bbmnoticias.com\/labravaradiofm\/wp-content\/uploads\/sites\/5\/2021\/10\/espectaculos12102021-3.webp","width":640,"height":360},{"@type":"BreadcrumbList","@id":"https:\/\/www.bbmnoticias.com\/labravaradiofm\/2021\/10\/12\/aseguran-que-vicente-fernandez-tiene-muerte-cerebral\/#breadcrumb","itemListElement":[{"@type":"ListItem","position":1,"name":"Inicio","item":"https:\/\/www.bbmnoticias.com\/labravaradiofm\/"},{"@type":"ListItem","position":2,"name":"Aseguran que Vicente Fern\u00e1ndez tiene muerte cerebral"}]},{"@type":"WebSite","@id":"https:\/\/www.bbmnoticias.com\/labravaradiofm\/#website","url":"https:\/\/www.bbmnoticias.com\/labravaradiofm\/","name":"LA BRAVA RADIO","description":"Empresa productora de medios, Radiodifusi\u00f3n, Noticias, tendencias y todo lo que necesitas saber de la pol\u00edtica mexicana e internacional; entretenimiento, espect\u00e1culos, salud y mucho m\u00e1s.","potentialAction":[{"@type":"SearchAction","target":{"@type":"EntryPoint","urlTemplate":"https:\/\/www.bbmnoticias.com\/labravaradiofm\/?s={search_term_string}"},"query-input":{"@type":"PropertyValueSpecification","valueRequired":true,"valueName":"search_term_string"}}],"inLanguage":"es"},{"@type":"Person","@id":"https:\/\/www.bbmnoticias.com\/labravaradiofm\/#\/schema\/person\/baf240d77a345f5fbc3dc146f9161af9","name":"SDPnoticias","image":{"@type":"ImageObject","inLanguage":"es","@id":"https:\/\/secure.gravatar.com\/avatar\/015ede9175a06d999d8b2b09e108b48c9e008e4ee44a647956086b51bbce326c?s=96&d=mm&r=g","url":"https:\/\/secure.gravatar.com\/avatar\/015ede9175a06d999d8b2b09e108b48c9e008e4ee44a647956086b51bbce326c?s=96&d=mm&r=g","contentUrl":"https:\/\/secure.gravatar.com\/avatar\/015ede9175a06d999d8b2b09e108b48c9e008e4ee44a647956086b51bbce326c?s=96&d=mm&r=g","caption":"SDPnoticias"},"url":"https:\/\/www.bbmnoticias.com\/labravaradiofm\/author\/sdpnoticias\/"}]}},"_links":{"self":[{"href":"https:\/\/www.bbmnoticias.com\/labravaradiofm\/wp-json\/wp\/v2\/posts\/3557","targetHints":{"allow":["GET"]}}],"collection":[{"href":"https:\/\/www.bbmnoticias.com\/labravaradiofm\/wp-json\/wp\/v2\/posts"}],"about":[{"href":"https:\/\/www.bbmnoticias.com\/labravaradiofm\/wp-json\/wp\/v2\/types\/post"}],"author":[{"embeddable":true,"href":"https:\/\/www.bbmnoticias.com\/labravaradiofm\/wp-json\/wp\/v2\/users\/12"}],"replies":[{"embeddable":true,"href":"https:\/\/www.bbmnoticias.com\/labravaradiofm\/wp-json\/wp\/v2\/comments?post=3557"}],"version-history":[{"count":0,"href":"https:\/\/www.bbmnoticias.com\/labravaradiofm\/wp-json\/wp\/v2\/posts\/3557\/revisions"}],"wp:featuredmedia":[{"embeddable":true,"href":"https:\/\/www.bbmnoticias.com\/labravaradiofm\/wp-json\/wp\/v2\/media\/3558"}],"wp:attachment":[{"href":"https:\/\/www.bbmnoticias.com\/labravaradiofm\/wp-json\/wp\/v2\/media?parent=3557"}],"wp:term":[{"taxonomy":"category","embeddable":true,"href":"https:\/\/www.bbmnoticias.com\/labravaradiofm\/wp-json\/wp\/v2\/categories?post=3557"},{"taxonomy":"post_tag","embeddable":true,"href":"https:\/\/www.bbmnoticias.com\/labravaradiofm\/wp-json\/wp\/v2\/tags?post=3557"}],"curies":[{"name":"wp","href":"https:\/\/api.w.org\/{rel}","templated":true}]}}