{"id":3500,"date":"2021-10-11T17:26:24","date_gmt":"2021-10-11T22:26:24","guid":{"rendered":"https:\/\/www.bbmnoticias.com\/labravaradiofm\/?p=3500"},"modified":"2021-10-11T17:26:25","modified_gmt":"2021-10-11T22:26:25","slug":"por-el-delito-de-violencia-familiar-fueron-detenidos-y-sujetos-a-proceso","status":"publish","type":"post","link":"https:\/\/www.bbmnoticias.com\/labravaradiofm\/2021\/10\/11\/por-el-delito-de-violencia-familiar-fueron-detenidos-y-sujetos-a-proceso\/","title":{"rendered":"Por el delito de violencia familiar fueron detenidos y sujetos a proceso"},"content":{"rendered":"<div style=\"margin-top: 0px; margin-bottom: 0px;\" class=\"sharethis-inline-share-buttons\" ><\/div>\n<p>*En casos distintos, fueron vinculados a proceso J. J. M., y J. A. M. B., como probables responsables del delito de violencia familiar<\/p>\n\n\n\n<p>La Fiscal\u00eda General del Estado de Oaxaca (FGEO) obtuvo, del Juzgado de Control, auto de vinculaci\u00f3n a proceso contra la persona del sexo masculino identificada como J. J. M., probable responsable del delito de violencia familiar en agravio de una mujer, identificada como R. R. Z., cometido en jurisdicci\u00f3n de Oaxaca de Ju\u00e1rez, en la regi\u00f3n de Valles Centrales.<\/p>\n\n\n\n<p>De acuerdo a la causa penal 1037\/2021, el 2 de octubre de 2021, aproximadamente a las 23:00 horas, el imputado probablemente agredi\u00f3 de manera f\u00edsica a la v\u00edctima cuando se encontraba en un domicilio, ubicado en inmediaciones de la Agencia de Santa Rosa Panzacola, perteneciente a la capital oaxaque\u00f1a.<\/p>\n\n\n\n<p>En audiencia y tras validar los datos de prueba proporcionados por la instituci\u00f3n de procuraci\u00f3n de justicia, el Juez en turno determin\u00f3 vincular a proceso a J. J. M. y concedi\u00f3 tres meses para el cierre de investigaci\u00f3n complementaria. As\u00ed tambi\u00e9n otorg\u00f3 medidas cautelares en beneficio de la v\u00edctima.<\/p>\n\n\n\n<p>En atenci\u00f3n a otro caso, la Instituci\u00f3n de procuraci\u00f3n de justicia -a trav\u00e9s de la Fiscal\u00eda Especializada en Atenci\u00f3n a Delitos contra la Mujer por Raz\u00f3n de G\u00e9nero-, obtuvo auto de vinculaci\u00f3n a proceso contra J. A. M. B., por el delito de violencia familiar en contra de M. D. C. R. P.<\/p>\n\n\n\n<p>De acuerdo a la causa penal 887\/2021, en los d\u00edas 14 y 20 de mayo de 2021, la v\u00edctima se encontraba en un domicilio ubicado en inmediaciones de la colonia Independencia, perteneciente al municipio de Santa Cruz Xoxocotl\u00e1n, cuando el imputado arrib\u00f3 al lugar antes mencionado y la agredi\u00f3 de forma f\u00edsica.<\/p>\n\n\n\n<p>En audiencia, el Juzgado de Control dict\u00f3 auto de vinculaci\u00f3n a proceso contra el probable responsable y otorg\u00f3 dos meses para el cierre de investigaci\u00f3n complementaria. En este sentido, tambi\u00e9n otorg\u00f3 medidas cautelares en beneficio de la v\u00edctima.<\/p>\n\n\n\n<p>La Fiscal\u00eda General refrenda en los hechos su compromiso de procurar justicia a v\u00edctimas de delitos, aplicando la Ley sin distingo a quienes resulten responsables.<\/p>\n","protected":false},"excerpt":{"rendered":"<p>*En casos distintos, fueron vinculados a proceso J. J. M., y J. A. M. B., como probables responsables del delito de violencia familiar La Fiscal\u00eda General del Estado de Oaxaca (FGEO) obtuvo, del Juzgado de Control, auto de vinculaci\u00f3n a proceso contra la persona del sexo masculino identificada como J. J. M., probable responsable del [&hellip;]<\/p>\n","protected":false},"author":2,"featured_media":3252,"comment_status":"closed","ping_status":"closed","sticky":false,"template":"","format":"standard","meta":{"footnotes":""},"categories":[20],"tags":[],"class_list":{"0":"post-3500","1":"post","2":"type-post","3":"status-publish","4":"format-standard","5":"has-post-thumbnail","7":"category-policiaca"},"yoast_head":"<!-- This site is optimized with the Yoast SEO plugin v27.4 - https:\/\/yoast.com\/product\/yoast-seo-wordpress\/ -->\n<title>Por el delito de violencia familiar fueron detenidos y sujetos a proceso - LA BRAVA RADIO<\/title>\n<meta name=\"robots\" content=\"index, follow, max-snippet:-1, max-image-preview:large, max-video-preview:-1\" \/>\n<link rel=\"canonical\" href=\"https:\/\/www.bbmnoticias.com\/labravaradiofm\/2021\/10\/11\/por-el-delito-de-violencia-familiar-fueron-detenidos-y-sujetos-a-proceso\/\" \/>\n<meta property=\"og:locale\" content=\"es_MX\" \/>\n<meta property=\"og:type\" content=\"article\" \/>\n<meta property=\"og:title\" content=\"Por el delito de violencia familiar fueron detenidos y sujetos a proceso - LA BRAVA RADIO\" \/>\n<meta property=\"og:description\" content=\"*En casos distintos, fueron vinculados a proceso J. J. M., y J. A. M. B., como probables responsables del delito de violencia familiar La Fiscal\u00eda General del Estado de Oaxaca (FGEO) obtuvo, del Juzgado de Control, auto de vinculaci\u00f3n a proceso contra la persona del sexo masculino identificada como J. J. M., probable responsable del [&hellip;]\" \/>\n<meta property=\"og:url\" content=\"https:\/\/www.bbmnoticias.com\/labravaradiofm\/2021\/10\/11\/por-el-delito-de-violencia-familiar-fueron-detenidos-y-sujetos-a-proceso\/\" \/>\n<meta property=\"og:site_name\" content=\"LA BRAVA RADIO\" \/>\n<meta property=\"article:published_time\" content=\"2021-10-11T22:26:24+00:00\" \/>\n<meta property=\"article:modified_time\" content=\"2021-10-11T22:26:25+00:00\" \/>\n<meta property=\"og:image\" content=\"https:\/\/www.bbmnoticias.com\/labravaradiofm\/wp-content\/uploads\/sites\/5\/2021\/10\/policiaca06102021-42.jpg\" \/>\n\t<meta property=\"og:image:width\" content=\"534\" \/>\n\t<meta property=\"og:image:height\" content=\"326\" \/>\n\t<meta property=\"og:image:type\" content=\"image\/jpeg\" \/>\n<meta name=\"author\" content=\"Staff\" \/>\n<meta name=\"twitter:card\" content=\"summary_large_image\" \/>\n<meta name=\"twitter:label1\" content=\"Escrito por\" \/>\n\t<meta name=\"twitter:data1\" content=\"Staff\" \/>\n\t<meta name=\"twitter:label2\" content=\"Tiempo de lectura\" \/>\n\t<meta name=\"twitter:data2\" content=\"2 minutos\" \/>\n<script type=\"application\/ld+json\" class=\"yoast-schema-graph\">{\"@context\":\"https:\\\/\\\/schema.org\",\"@graph\":[{\"@type\":\"Article\",\"@id\":\"https:\\\/\\\/www.bbmnoticias.com\\\/labravaradiofm\\\/2021\\\/10\\\/11\\\/por-el-delito-de-violencia-familiar-fueron-detenidos-y-sujetos-a-proceso\\\/#article\",\"isPartOf\":{\"@id\":\"https:\\\/\\\/www.bbmnoticias.com\\\/labravaradiofm\\\/2021\\\/10\\\/11\\\/por-el-delito-de-violencia-familiar-fueron-detenidos-y-sujetos-a-proceso\\\/\"},\"author\":{\"name\":\"Staff\",\"@id\":\"https:\\\/\\\/www.bbmnoticias.com\\\/labravaradiofm\\\/#\\\/schema\\\/person\\\/34b139c617a70ea5bef5678bffe4dd7b\"},\"headline\":\"Por el delito de violencia familiar fueron detenidos y sujetos a proceso\",\"datePublished\":\"2021-10-11T22:26:24+00:00\",\"dateModified\":\"2021-10-11T22:26:25+00:00\",\"mainEntityOfPage\":{\"@id\":\"https:\\\/\\\/www.bbmnoticias.com\\\/labravaradiofm\\\/2021\\\/10\\\/11\\\/por-el-delito-de-violencia-familiar-fueron-detenidos-y-sujetos-a-proceso\\\/\"},\"wordCount\":384,\"image\":{\"@id\":\"https:\\\/\\\/www.bbmnoticias.com\\\/labravaradiofm\\\/2021\\\/10\\\/11\\\/por-el-delito-de-violencia-familiar-fueron-detenidos-y-sujetos-a-proceso\\\/#primaryimage\"},\"thumbnailUrl\":\"https:\\\/\\\/www.bbmnoticias.com\\\/labravaradiofm\\\/wp-content\\\/uploads\\\/sites\\\/5\\\/2021\\\/10\\\/policiaca06102021-42.jpg\",\"articleSection\":[\"POLICIACA\"],\"inLanguage\":\"es\"},{\"@type\":\"WebPage\",\"@id\":\"https:\\\/\\\/www.bbmnoticias.com\\\/labravaradiofm\\\/2021\\\/10\\\/11\\\/por-el-delito-de-violencia-familiar-fueron-detenidos-y-sujetos-a-proceso\\\/\",\"url\":\"https:\\\/\\\/www.bbmnoticias.com\\\/labravaradiofm\\\/2021\\\/10\\\/11\\\/por-el-delito-de-violencia-familiar-fueron-detenidos-y-sujetos-a-proceso\\\/\",\"name\":\"Por el delito de violencia familiar fueron detenidos y sujetos a proceso - LA BRAVA RADIO\",\"isPartOf\":{\"@id\":\"https:\\\/\\\/www.bbmnoticias.com\\\/labravaradiofm\\\/#website\"},\"primaryImageOfPage\":{\"@id\":\"https:\\\/\\\/www.bbmnoticias.com\\\/labravaradiofm\\\/2021\\\/10\\\/11\\\/por-el-delito-de-violencia-familiar-fueron-detenidos-y-sujetos-a-proceso\\\/#primaryimage\"},\"image\":{\"@id\":\"https:\\\/\\\/www.bbmnoticias.com\\\/labravaradiofm\\\/2021\\\/10\\\/11\\\/por-el-delito-de-violencia-familiar-fueron-detenidos-y-sujetos-a-proceso\\\/#primaryimage\"},\"thumbnailUrl\":\"https:\\\/\\\/www.bbmnoticias.com\\\/labravaradiofm\\\/wp-content\\\/uploads\\\/sites\\\/5\\\/2021\\\/10\\\/policiaca06102021-42.jpg\",\"datePublished\":\"2021-10-11T22:26:24+00:00\",\"dateModified\":\"2021-10-11T22:26:25+00:00\",\"author\":{\"@id\":\"https:\\\/\\\/www.bbmnoticias.com\\\/labravaradiofm\\\/#\\\/schema\\\/person\\\/34b139c617a70ea5bef5678bffe4dd7b\"},\"breadcrumb\":{\"@id\":\"https:\\\/\\\/www.bbmnoticias.com\\\/labravaradiofm\\\/2021\\\/10\\\/11\\\/por-el-delito-de-violencia-familiar-fueron-detenidos-y-sujetos-a-proceso\\\/#breadcrumb\"},\"inLanguage\":\"es\",\"potentialAction\":[{\"@type\":\"ReadAction\",\"target\":[\"https:\\\/\\\/www.bbmnoticias.com\\\/labravaradiofm\\\/2021\\\/10\\\/11\\\/por-el-delito-de-violencia-familiar-fueron-detenidos-y-sujetos-a-proceso\\\/\"]}]},{\"@type\":\"ImageObject\",\"inLanguage\":\"es\",\"@id\":\"https:\\\/\\\/www.bbmnoticias.com\\\/labravaradiofm\\\/2021\\\/10\\\/11\\\/por-el-delito-de-violencia-familiar-fueron-detenidos-y-sujetos-a-proceso\\\/#primaryimage\",\"url\":\"https:\\\/\\\/www.bbmnoticias.com\\\/labravaradiofm\\\/wp-content\\\/uploads\\\/sites\\\/5\\\/2021\\\/10\\\/policiaca06102021-42.jpg\",\"contentUrl\":\"https:\\\/\\\/www.bbmnoticias.com\\\/labravaradiofm\\\/wp-content\\\/uploads\\\/sites\\\/5\\\/2021\\\/10\\\/policiaca06102021-42.jpg\",\"width\":534,\"height\":326},{\"@type\":\"BreadcrumbList\",\"@id\":\"https:\\\/\\\/www.bbmnoticias.com\\\/labravaradiofm\\\/2021\\\/10\\\/11\\\/por-el-delito-de-violencia-familiar-fueron-detenidos-y-sujetos-a-proceso\\\/#breadcrumb\",\"itemListElement\":[{\"@type\":\"ListItem\",\"position\":1,\"name\":\"Inicio\",\"item\":\"https:\\\/\\\/www.bbmnoticias.com\\\/labravaradiofm\\\/\"},{\"@type\":\"ListItem\",\"position\":2,\"name\":\"Por el delito de violencia familiar fueron detenidos y sujetos a proceso\"}]},{\"@type\":\"WebSite\",\"@id\":\"https:\\\/\\\/www.bbmnoticias.com\\\/labravaradiofm\\\/#website\",\"url\":\"https:\\\/\\\/www.bbmnoticias.com\\\/labravaradiofm\\\/\",\"name\":\"LA BRAVA RADIO\",\"description\":\"Empresa productora de medios, Radiodifusi\u00f3n, Noticias, tendencias y todo lo que necesitas saber de la pol\u00edtica mexicana e internacional; entretenimiento, espect\u00e1culos, salud y mucho m\u00e1s.\",\"potentialAction\":[{\"@type\":\"SearchAction\",\"target\":{\"@type\":\"EntryPoint\",\"urlTemplate\":\"https:\\\/\\\/www.bbmnoticias.com\\\/labravaradiofm\\\/?s={search_term_string}\"},\"query-input\":{\"@type\":\"PropertyValueSpecification\",\"valueRequired\":true,\"valueName\":\"search_term_string\"}}],\"inLanguage\":\"es\"},{\"@type\":\"Person\",\"@id\":\"https:\\\/\\\/www.bbmnoticias.com\\\/labravaradiofm\\\/#\\\/schema\\\/person\\\/34b139c617a70ea5bef5678bffe4dd7b\",\"name\":\"Staff\",\"image\":{\"@type\":\"ImageObject\",\"inLanguage\":\"es\",\"@id\":\"https:\\\/\\\/secure.gravatar.com\\\/avatar\\\/fdd21ad66fd8b98c407f9dee5b5e588cfe7f0d8579ec20fa6527cd59bab7f0f0?s=96&d=mm&r=g\",\"url\":\"https:\\\/\\\/secure.gravatar.com\\\/avatar\\\/fdd21ad66fd8b98c407f9dee5b5e588cfe7f0d8579ec20fa6527cd59bab7f0f0?s=96&d=mm&r=g\",\"contentUrl\":\"https:\\\/\\\/secure.gravatar.com\\\/avatar\\\/fdd21ad66fd8b98c407f9dee5b5e588cfe7f0d8579ec20fa6527cd59bab7f0f0?s=96&d=mm&r=g\",\"caption\":\"Staff\"},\"url\":\"https:\\\/\\\/www.bbmnoticias.com\\\/labravaradiofm\\\/author\\\/redaccion\\\/\"}]}<\/script>\n<!-- \/ Yoast SEO plugin. -->","yoast_head_json":{"title":"Por el delito de violencia familiar fueron detenidos y sujetos a proceso - LA BRAVA RADIO","robots":{"index":"index","follow":"follow","max-snippet":"max-snippet:-1","max-image-preview":"max-image-preview:large","max-video-preview":"max-video-preview:-1"},"canonical":"https:\/\/www.bbmnoticias.com\/labravaradiofm\/2021\/10\/11\/por-el-delito-de-violencia-familiar-fueron-detenidos-y-sujetos-a-proceso\/","og_locale":"es_MX","og_type":"article","og_title":"Por el delito de violencia familiar fueron detenidos y sujetos a proceso - LA BRAVA RADIO","og_description":"*En casos distintos, fueron vinculados a proceso J. J. M., y J. A. M. B., como probables responsables del delito de violencia familiar La Fiscal\u00eda General del Estado de Oaxaca (FGEO) obtuvo, del Juzgado de Control, auto de vinculaci\u00f3n a proceso contra la persona del sexo masculino identificada como J. J. M., probable responsable del [&hellip;]","og_url":"https:\/\/www.bbmnoticias.com\/labravaradiofm\/2021\/10\/11\/por-el-delito-de-violencia-familiar-fueron-detenidos-y-sujetos-a-proceso\/","og_site_name":"LA BRAVA RADIO","article_published_time":"2021-10-11T22:26:24+00:00","article_modified_time":"2021-10-11T22:26:25+00:00","og_image":[{"width":534,"height":326,"url":"https:\/\/www.bbmnoticias.com\/labravaradiofm\/wp-content\/uploads\/sites\/5\/2021\/10\/policiaca06102021-42.jpg","type":"image\/jpeg"}],"author":"Staff","twitter_card":"summary_large_image","twitter_misc":{"Escrito por":"Staff","Tiempo de lectura":"2 minutos"},"schema":{"@context":"https:\/\/schema.org","@graph":[{"@type":"Article","@id":"https:\/\/www.bbmnoticias.com\/labravaradiofm\/2021\/10\/11\/por-el-delito-de-violencia-familiar-fueron-detenidos-y-sujetos-a-proceso\/#article","isPartOf":{"@id":"https:\/\/www.bbmnoticias.com\/labravaradiofm\/2021\/10\/11\/por-el-delito-de-violencia-familiar-fueron-detenidos-y-sujetos-a-proceso\/"},"author":{"name":"Staff","@id":"https:\/\/www.bbmnoticias.com\/labravaradiofm\/#\/schema\/person\/34b139c617a70ea5bef5678bffe4dd7b"},"headline":"Por el delito de violencia familiar fueron detenidos y sujetos a proceso","datePublished":"2021-10-11T22:26:24+00:00","dateModified":"2021-10-11T22:26:25+00:00","mainEntityOfPage":{"@id":"https:\/\/www.bbmnoticias.com\/labravaradiofm\/2021\/10\/11\/por-el-delito-de-violencia-familiar-fueron-detenidos-y-sujetos-a-proceso\/"},"wordCount":384,"image":{"@id":"https:\/\/www.bbmnoticias.com\/labravaradiofm\/2021\/10\/11\/por-el-delito-de-violencia-familiar-fueron-detenidos-y-sujetos-a-proceso\/#primaryimage"},"thumbnailUrl":"https:\/\/www.bbmnoticias.com\/labravaradiofm\/wp-content\/uploads\/sites\/5\/2021\/10\/policiaca06102021-42.jpg","articleSection":["POLICIACA"],"inLanguage":"es"},{"@type":"WebPage","@id":"https:\/\/www.bbmnoticias.com\/labravaradiofm\/2021\/10\/11\/por-el-delito-de-violencia-familiar-fueron-detenidos-y-sujetos-a-proceso\/","url":"https:\/\/www.bbmnoticias.com\/labravaradiofm\/2021\/10\/11\/por-el-delito-de-violencia-familiar-fueron-detenidos-y-sujetos-a-proceso\/","name":"Por el delito de violencia familiar fueron detenidos y sujetos a proceso - LA BRAVA RADIO","isPartOf":{"@id":"https:\/\/www.bbmnoticias.com\/labravaradiofm\/#website"},"primaryImageOfPage":{"@id":"https:\/\/www.bbmnoticias.com\/labravaradiofm\/2021\/10\/11\/por-el-delito-de-violencia-familiar-fueron-detenidos-y-sujetos-a-proceso\/#primaryimage"},"image":{"@id":"https:\/\/www.bbmnoticias.com\/labravaradiofm\/2021\/10\/11\/por-el-delito-de-violencia-familiar-fueron-detenidos-y-sujetos-a-proceso\/#primaryimage"},"thumbnailUrl":"https:\/\/www.bbmnoticias.com\/labravaradiofm\/wp-content\/uploads\/sites\/5\/2021\/10\/policiaca06102021-42.jpg","datePublished":"2021-10-11T22:26:24+00:00","dateModified":"2021-10-11T22:26:25+00:00","author":{"@id":"https:\/\/www.bbmnoticias.com\/labravaradiofm\/#\/schema\/person\/34b139c617a70ea5bef5678bffe4dd7b"},"breadcrumb":{"@id":"https:\/\/www.bbmnoticias.com\/labravaradiofm\/2021\/10\/11\/por-el-delito-de-violencia-familiar-fueron-detenidos-y-sujetos-a-proceso\/#breadcrumb"},"inLanguage":"es","potentialAction":[{"@type":"ReadAction","target":["https:\/\/www.bbmnoticias.com\/labravaradiofm\/2021\/10\/11\/por-el-delito-de-violencia-familiar-fueron-detenidos-y-sujetos-a-proceso\/"]}]},{"@type":"ImageObject","inLanguage":"es","@id":"https:\/\/www.bbmnoticias.com\/labravaradiofm\/2021\/10\/11\/por-el-delito-de-violencia-familiar-fueron-detenidos-y-sujetos-a-proceso\/#primaryimage","url":"https:\/\/www.bbmnoticias.com\/labravaradiofm\/wp-content\/uploads\/sites\/5\/2021\/10\/policiaca06102021-42.jpg","contentUrl":"https:\/\/www.bbmnoticias.com\/labravaradiofm\/wp-content\/uploads\/sites\/5\/2021\/10\/policiaca06102021-42.jpg","width":534,"height":326},{"@type":"BreadcrumbList","@id":"https:\/\/www.bbmnoticias.com\/labravaradiofm\/2021\/10\/11\/por-el-delito-de-violencia-familiar-fueron-detenidos-y-sujetos-a-proceso\/#breadcrumb","itemListElement":[{"@type":"ListItem","position":1,"name":"Inicio","item":"https:\/\/www.bbmnoticias.com\/labravaradiofm\/"},{"@type":"ListItem","position":2,"name":"Por el delito de violencia familiar fueron detenidos y sujetos a proceso"}]},{"@type":"WebSite","@id":"https:\/\/www.bbmnoticias.com\/labravaradiofm\/#website","url":"https:\/\/www.bbmnoticias.com\/labravaradiofm\/","name":"LA BRAVA RADIO","description":"Empresa productora de medios, Radiodifusi\u00f3n, Noticias, tendencias y todo lo que necesitas saber de la pol\u00edtica mexicana e internacional; entretenimiento, espect\u00e1culos, salud y mucho m\u00e1s.","potentialAction":[{"@type":"SearchAction","target":{"@type":"EntryPoint","urlTemplate":"https:\/\/www.bbmnoticias.com\/labravaradiofm\/?s={search_term_string}"},"query-input":{"@type":"PropertyValueSpecification","valueRequired":true,"valueName":"search_term_string"}}],"inLanguage":"es"},{"@type":"Person","@id":"https:\/\/www.bbmnoticias.com\/labravaradiofm\/#\/schema\/person\/34b139c617a70ea5bef5678bffe4dd7b","name":"Staff","image":{"@type":"ImageObject","inLanguage":"es","@id":"https:\/\/secure.gravatar.com\/avatar\/fdd21ad66fd8b98c407f9dee5b5e588cfe7f0d8579ec20fa6527cd59bab7f0f0?s=96&d=mm&r=g","url":"https:\/\/secure.gravatar.com\/avatar\/fdd21ad66fd8b98c407f9dee5b5e588cfe7f0d8579ec20fa6527cd59bab7f0f0?s=96&d=mm&r=g","contentUrl":"https:\/\/secure.gravatar.com\/avatar\/fdd21ad66fd8b98c407f9dee5b5e588cfe7f0d8579ec20fa6527cd59bab7f0f0?s=96&d=mm&r=g","caption":"Staff"},"url":"https:\/\/www.bbmnoticias.com\/labravaradiofm\/author\/redaccion\/"}]}},"_links":{"self":[{"href":"https:\/\/www.bbmnoticias.com\/labravaradiofm\/wp-json\/wp\/v2\/posts\/3500","targetHints":{"allow":["GET"]}}],"collection":[{"href":"https:\/\/www.bbmnoticias.com\/labravaradiofm\/wp-json\/wp\/v2\/posts"}],"about":[{"href":"https:\/\/www.bbmnoticias.com\/labravaradiofm\/wp-json\/wp\/v2\/types\/post"}],"author":[{"embeddable":true,"href":"https:\/\/www.bbmnoticias.com\/labravaradiofm\/wp-json\/wp\/v2\/users\/2"}],"replies":[{"embeddable":true,"href":"https:\/\/www.bbmnoticias.com\/labravaradiofm\/wp-json\/wp\/v2\/comments?post=3500"}],"version-history":[{"count":0,"href":"https:\/\/www.bbmnoticias.com\/labravaradiofm\/wp-json\/wp\/v2\/posts\/3500\/revisions"}],"wp:featuredmedia":[{"embeddable":true,"href":"https:\/\/www.bbmnoticias.com\/labravaradiofm\/wp-json\/wp\/v2\/media\/3252"}],"wp:attachment":[{"href":"https:\/\/www.bbmnoticias.com\/labravaradiofm\/wp-json\/wp\/v2\/media?parent=3500"}],"wp:term":[{"taxonomy":"category","embeddable":true,"href":"https:\/\/www.bbmnoticias.com\/labravaradiofm\/wp-json\/wp\/v2\/categories?post=3500"},{"taxonomy":"post_tag","embeddable":true,"href":"https:\/\/www.bbmnoticias.com\/labravaradiofm\/wp-json\/wp\/v2\/tags?post=3500"}],"curies":[{"name":"wp","href":"https:\/\/api.w.org\/{rel}","templated":true}]}}