{"id":3497,"date":"2021-10-11T16:15:11","date_gmt":"2021-10-11T21:15:11","guid":{"rendered":"https:\/\/www.bbmnoticias.com\/labravaradiofm\/?p=3497"},"modified":"2021-10-11T16:15:12","modified_gmt":"2021-10-11T21:15:12","slug":"participa-titular-de-la-sspo-en-foro-de-seguridad-y-proteccion-civil-en-huajuapan-de-leon","status":"publish","type":"post","link":"https:\/\/www.bbmnoticias.com\/labravaradiofm\/2021\/10\/11\/participa-titular-de-la-sspo-en-foro-de-seguridad-y-proteccion-civil-en-huajuapan-de-leon\/","title":{"rendered":"Participa titular de la SSPO en Foro de Seguridad y Protecci\u00f3n Civil en Huajuapan de Le\u00f3n"},"content":{"rendered":"<div style=\"margin-top: 0px; margin-bottom: 0px;\" class=\"sharethis-inline-share-buttons\" ><\/div>\n<p><strong>Huajuapan de Le\u00f3n, Oax.- <\/strong>El titular de la Secretar\u00eda de Seguridad P\u00fablica de Oaxaca (SSPO), Heliodoro D\u00edaz Esc\u00e1rraga particip\u00f3 esta ma\u00f1ana en el Foro de \u00a0\u00a0\u00a0\u00a0\u00a0\u00a0 Seguridad P\u00fablica y Protecci\u00f3n Civil, organizado por los concejales electos del Municipio de Huajuapan de Le\u00f3n, a fin de conocer un diagn\u00f3stico oportuno de la situaci\u00f3n actual en dicha localidad.<\/p>\n\n\n\n<p>En este ejercicio democr\u00e1tico, D\u00edaz Esc\u00e1rraga refiri\u00f3 que estos espacios permiten orientar las pol\u00edticas y programas de las nuevas administraciones, a fin de afrontar oportunamente los retos principales de estos tiempos.<\/p>\n\n\n\n<p>Asimismo y como parte de dicha din\u00e1mica plante\u00f3 reorganizar a la corporaci\u00f3n municipal, enfocado hacia un esquema de proximidad social; mejorar y hacer permanente la coordinaci\u00f3n entre los tres \u00f3rdenes de gobierno y generar informaci\u00f3n de inteligencia.<\/p>\n\n\n\n<p>Tambi\u00e9n, impulsar las comunicaciones, videovigilancia y llamadas de emergencia; capacitar y profesionalizar a los cuerpos policiales; as\u00ed como, reforzar los mecanismos de participaci\u00f3n ciudadana para propiciar una nueva cultura de la prevenci\u00f3n del delito.<\/p>\n\n\n\n<p>Por ello, recalc\u00f3 que \u201cla seguridad p\u00fablica no debe ser comprendida exclusivamente bajo criterios policiales, pues va m\u00e1s all\u00e1 de la prevenci\u00f3n, reacci\u00f3n o investigaci\u00f3n de conductas antisociales y delictivas, articulando a los procesos de justicia y pol\u00edtica, y desde esos planos propicia el progreso, desarrollo humano y bienestar com\u00fan\u201d.<\/p>\n","protected":false},"excerpt":{"rendered":"<p>Huajuapan de Le\u00f3n, Oax.- El titular de la Secretar\u00eda de Seguridad P\u00fablica de Oaxaca (SSPO), Heliodoro D\u00edaz Esc\u00e1rraga particip\u00f3 esta ma\u00f1ana en el Foro de \u00a0\u00a0\u00a0\u00a0\u00a0\u00a0 Seguridad P\u00fablica y Protecci\u00f3n Civil, organizado por los concejales electos del Municipio de Huajuapan de Le\u00f3n, a fin de conocer un diagn\u00f3stico oportuno de la situaci\u00f3n actual en dicha [&hellip;]<\/p>\n","protected":false},"author":2,"featured_media":3498,"comment_status":"closed","ping_status":"closed","sticky":false,"template":"","format":"standard","meta":{"footnotes":""},"categories":[2],"tags":[],"class_list":{"0":"post-3497","1":"post","2":"type-post","3":"status-publish","4":"format-standard","5":"has-post-thumbnail","7":"category-oaxaca"},"yoast_head":"<!-- This site is optimized with the Yoast SEO plugin v27.4 - https:\/\/yoast.com\/product\/yoast-seo-wordpress\/ -->\n<title>Participa titular de la SSPO en Foro de Seguridad y Protecci\u00f3n Civil en Huajuapan de Le\u00f3n - LA BRAVA RADIO<\/title>\n<meta name=\"description\" content=\"D\u00edaz Esc\u00e1rraga refiri\u00f3 que estos espacios orientan las pol\u00edticas y programas de las nuevas administraciones, a fin de afrontar los retos\" \/>\n<meta name=\"robots\" content=\"index, follow, max-snippet:-1, max-image-preview:large, max-video-preview:-1\" \/>\n<link rel=\"canonical\" href=\"https:\/\/www.bbmnoticias.com\/labravaradiofm\/2021\/10\/11\/participa-titular-de-la-sspo-en-foro-de-seguridad-y-proteccion-civil-en-huajuapan-de-leon\/\" \/>\n<meta property=\"og:locale\" content=\"es_MX\" \/>\n<meta property=\"og:type\" content=\"article\" \/>\n<meta property=\"og:title\" content=\"Participa titular de la SSPO en Foro de Seguridad y Protecci\u00f3n Civil en Huajuapan de Le\u00f3n - LA BRAVA RADIO\" \/>\n<meta property=\"og:description\" content=\"D\u00edaz Esc\u00e1rraga refiri\u00f3 que estos espacios orientan las pol\u00edticas y programas de las nuevas administraciones, a fin de afrontar los retos\" \/>\n<meta property=\"og:url\" content=\"https:\/\/www.bbmnoticias.com\/labravaradiofm\/2021\/10\/11\/participa-titular-de-la-sspo-en-foro-de-seguridad-y-proteccion-civil-en-huajuapan-de-leon\/\" \/>\n<meta property=\"og:site_name\" content=\"LA BRAVA RADIO\" \/>\n<meta property=\"article:published_time\" content=\"2021-10-11T21:15:11+00:00\" \/>\n<meta property=\"article:modified_time\" content=\"2021-10-11T21:15:12+00:00\" \/>\n<meta property=\"og:image\" content=\"https:\/\/www.bbmnoticias.com\/labravaradiofm\/wp-content\/uploads\/sites\/5\/2021\/10\/local11102021-11.jpg\" \/>\n\t<meta property=\"og:image:width\" content=\"1169\" \/>\n\t<meta property=\"og:image:height\" content=\"780\" \/>\n\t<meta property=\"og:image:type\" content=\"image\/jpeg\" \/>\n<meta name=\"author\" content=\"Staff\" \/>\n<meta name=\"twitter:card\" content=\"summary_large_image\" \/>\n<meta name=\"twitter:label1\" content=\"Escrito por\" \/>\n\t<meta name=\"twitter:data1\" content=\"Staff\" \/>\n\t<meta name=\"twitter:label2\" content=\"Tiempo de lectura\" \/>\n\t<meta name=\"twitter:data2\" content=\"1 minuto\" \/>\n<script type=\"application\/ld+json\" class=\"yoast-schema-graph\">{\"@context\":\"https:\\\/\\\/schema.org\",\"@graph\":[{\"@type\":\"Article\",\"@id\":\"https:\\\/\\\/www.bbmnoticias.com\\\/labravaradiofm\\\/2021\\\/10\\\/11\\\/participa-titular-de-la-sspo-en-foro-de-seguridad-y-proteccion-civil-en-huajuapan-de-leon\\\/#article\",\"isPartOf\":{\"@id\":\"https:\\\/\\\/www.bbmnoticias.com\\\/labravaradiofm\\\/2021\\\/10\\\/11\\\/participa-titular-de-la-sspo-en-foro-de-seguridad-y-proteccion-civil-en-huajuapan-de-leon\\\/\"},\"author\":{\"name\":\"Staff\",\"@id\":\"https:\\\/\\\/www.bbmnoticias.com\\\/labravaradiofm\\\/#\\\/schema\\\/person\\\/34b139c617a70ea5bef5678bffe4dd7b\"},\"headline\":\"Participa titular de la SSPO en Foro de Seguridad y Protecci\u00f3n Civil en Huajuapan de Le\u00f3n\",\"datePublished\":\"2021-10-11T21:15:11+00:00\",\"dateModified\":\"2021-10-11T21:15:12+00:00\",\"mainEntityOfPage\":{\"@id\":\"https:\\\/\\\/www.bbmnoticias.com\\\/labravaradiofm\\\/2021\\\/10\\\/11\\\/participa-titular-de-la-sspo-en-foro-de-seguridad-y-proteccion-civil-en-huajuapan-de-leon\\\/\"},\"wordCount\":255,\"image\":{\"@id\":\"https:\\\/\\\/www.bbmnoticias.com\\\/labravaradiofm\\\/2021\\\/10\\\/11\\\/participa-titular-de-la-sspo-en-foro-de-seguridad-y-proteccion-civil-en-huajuapan-de-leon\\\/#primaryimage\"},\"thumbnailUrl\":\"https:\\\/\\\/www.bbmnoticias.com\\\/labravaradiofm\\\/wp-content\\\/uploads\\\/sites\\\/5\\\/2021\\\/10\\\/local11102021-11.jpg\",\"articleSection\":[\"LOCAL\"],\"inLanguage\":\"es\"},{\"@type\":\"WebPage\",\"@id\":\"https:\\\/\\\/www.bbmnoticias.com\\\/labravaradiofm\\\/2021\\\/10\\\/11\\\/participa-titular-de-la-sspo-en-foro-de-seguridad-y-proteccion-civil-en-huajuapan-de-leon\\\/\",\"url\":\"https:\\\/\\\/www.bbmnoticias.com\\\/labravaradiofm\\\/2021\\\/10\\\/11\\\/participa-titular-de-la-sspo-en-foro-de-seguridad-y-proteccion-civil-en-huajuapan-de-leon\\\/\",\"name\":\"Participa titular de la SSPO en Foro de Seguridad y Protecci\u00f3n Civil en Huajuapan de Le\u00f3n - LA BRAVA RADIO\",\"isPartOf\":{\"@id\":\"https:\\\/\\\/www.bbmnoticias.com\\\/labravaradiofm\\\/#website\"},\"primaryImageOfPage\":{\"@id\":\"https:\\\/\\\/www.bbmnoticias.com\\\/labravaradiofm\\\/2021\\\/10\\\/11\\\/participa-titular-de-la-sspo-en-foro-de-seguridad-y-proteccion-civil-en-huajuapan-de-leon\\\/#primaryimage\"},\"image\":{\"@id\":\"https:\\\/\\\/www.bbmnoticias.com\\\/labravaradiofm\\\/2021\\\/10\\\/11\\\/participa-titular-de-la-sspo-en-foro-de-seguridad-y-proteccion-civil-en-huajuapan-de-leon\\\/#primaryimage\"},\"thumbnailUrl\":\"https:\\\/\\\/www.bbmnoticias.com\\\/labravaradiofm\\\/wp-content\\\/uploads\\\/sites\\\/5\\\/2021\\\/10\\\/local11102021-11.jpg\",\"datePublished\":\"2021-10-11T21:15:11+00:00\",\"dateModified\":\"2021-10-11T21:15:12+00:00\",\"author\":{\"@id\":\"https:\\\/\\\/www.bbmnoticias.com\\\/labravaradiofm\\\/#\\\/schema\\\/person\\\/34b139c617a70ea5bef5678bffe4dd7b\"},\"description\":\"D\u00edaz Esc\u00e1rraga refiri\u00f3 que estos espacios orientan las pol\u00edticas y programas de las nuevas administraciones, a fin de afrontar los retos\",\"breadcrumb\":{\"@id\":\"https:\\\/\\\/www.bbmnoticias.com\\\/labravaradiofm\\\/2021\\\/10\\\/11\\\/participa-titular-de-la-sspo-en-foro-de-seguridad-y-proteccion-civil-en-huajuapan-de-leon\\\/#breadcrumb\"},\"inLanguage\":\"es\",\"potentialAction\":[{\"@type\":\"ReadAction\",\"target\":[\"https:\\\/\\\/www.bbmnoticias.com\\\/labravaradiofm\\\/2021\\\/10\\\/11\\\/participa-titular-de-la-sspo-en-foro-de-seguridad-y-proteccion-civil-en-huajuapan-de-leon\\\/\"]}]},{\"@type\":\"ImageObject\",\"inLanguage\":\"es\",\"@id\":\"https:\\\/\\\/www.bbmnoticias.com\\\/labravaradiofm\\\/2021\\\/10\\\/11\\\/participa-titular-de-la-sspo-en-foro-de-seguridad-y-proteccion-civil-en-huajuapan-de-leon\\\/#primaryimage\",\"url\":\"https:\\\/\\\/www.bbmnoticias.com\\\/labravaradiofm\\\/wp-content\\\/uploads\\\/sites\\\/5\\\/2021\\\/10\\\/local11102021-11.jpg\",\"contentUrl\":\"https:\\\/\\\/www.bbmnoticias.com\\\/labravaradiofm\\\/wp-content\\\/uploads\\\/sites\\\/5\\\/2021\\\/10\\\/local11102021-11.jpg\",\"width\":1169,\"height\":780},{\"@type\":\"BreadcrumbList\",\"@id\":\"https:\\\/\\\/www.bbmnoticias.com\\\/labravaradiofm\\\/2021\\\/10\\\/11\\\/participa-titular-de-la-sspo-en-foro-de-seguridad-y-proteccion-civil-en-huajuapan-de-leon\\\/#breadcrumb\",\"itemListElement\":[{\"@type\":\"ListItem\",\"position\":1,\"name\":\"Inicio\",\"item\":\"https:\\\/\\\/www.bbmnoticias.com\\\/labravaradiofm\\\/\"},{\"@type\":\"ListItem\",\"position\":2,\"name\":\"Participa titular de la SSPO en Foro de Seguridad y Protecci\u00f3n Civil en Huajuapan de Le\u00f3n\"}]},{\"@type\":\"WebSite\",\"@id\":\"https:\\\/\\\/www.bbmnoticias.com\\\/labravaradiofm\\\/#website\",\"url\":\"https:\\\/\\\/www.bbmnoticias.com\\\/labravaradiofm\\\/\",\"name\":\"LA BRAVA RADIO\",\"description\":\"Empresa productora de medios, Radiodifusi\u00f3n, Noticias, tendencias y todo lo que necesitas saber de la pol\u00edtica mexicana e internacional; entretenimiento, espect\u00e1culos, salud y mucho m\u00e1s.\",\"potentialAction\":[{\"@type\":\"SearchAction\",\"target\":{\"@type\":\"EntryPoint\",\"urlTemplate\":\"https:\\\/\\\/www.bbmnoticias.com\\\/labravaradiofm\\\/?s={search_term_string}\"},\"query-input\":{\"@type\":\"PropertyValueSpecification\",\"valueRequired\":true,\"valueName\":\"search_term_string\"}}],\"inLanguage\":\"es\"},{\"@type\":\"Person\",\"@id\":\"https:\\\/\\\/www.bbmnoticias.com\\\/labravaradiofm\\\/#\\\/schema\\\/person\\\/34b139c617a70ea5bef5678bffe4dd7b\",\"name\":\"Staff\",\"image\":{\"@type\":\"ImageObject\",\"inLanguage\":\"es\",\"@id\":\"https:\\\/\\\/secure.gravatar.com\\\/avatar\\\/fdd21ad66fd8b98c407f9dee5b5e588cfe7f0d8579ec20fa6527cd59bab7f0f0?s=96&d=mm&r=g\",\"url\":\"https:\\\/\\\/secure.gravatar.com\\\/avatar\\\/fdd21ad66fd8b98c407f9dee5b5e588cfe7f0d8579ec20fa6527cd59bab7f0f0?s=96&d=mm&r=g\",\"contentUrl\":\"https:\\\/\\\/secure.gravatar.com\\\/avatar\\\/fdd21ad66fd8b98c407f9dee5b5e588cfe7f0d8579ec20fa6527cd59bab7f0f0?s=96&d=mm&r=g\",\"caption\":\"Staff\"},\"url\":\"https:\\\/\\\/www.bbmnoticias.com\\\/labravaradiofm\\\/author\\\/redaccion\\\/\"}]}<\/script>\n<!-- \/ Yoast SEO plugin. -->","yoast_head_json":{"title":"Participa titular de la SSPO en Foro de Seguridad y Protecci\u00f3n Civil en Huajuapan de Le\u00f3n - LA BRAVA RADIO","description":"D\u00edaz Esc\u00e1rraga refiri\u00f3 que estos espacios orientan las pol\u00edticas y programas de las nuevas administraciones, a fin de afrontar los retos","robots":{"index":"index","follow":"follow","max-snippet":"max-snippet:-1","max-image-preview":"max-image-preview:large","max-video-preview":"max-video-preview:-1"},"canonical":"https:\/\/www.bbmnoticias.com\/labravaradiofm\/2021\/10\/11\/participa-titular-de-la-sspo-en-foro-de-seguridad-y-proteccion-civil-en-huajuapan-de-leon\/","og_locale":"es_MX","og_type":"article","og_title":"Participa titular de la SSPO en Foro de Seguridad y Protecci\u00f3n Civil en Huajuapan de Le\u00f3n - LA BRAVA RADIO","og_description":"D\u00edaz Esc\u00e1rraga refiri\u00f3 que estos espacios orientan las pol\u00edticas y programas de las nuevas administraciones, a fin de afrontar los retos","og_url":"https:\/\/www.bbmnoticias.com\/labravaradiofm\/2021\/10\/11\/participa-titular-de-la-sspo-en-foro-de-seguridad-y-proteccion-civil-en-huajuapan-de-leon\/","og_site_name":"LA BRAVA RADIO","article_published_time":"2021-10-11T21:15:11+00:00","article_modified_time":"2021-10-11T21:15:12+00:00","og_image":[{"width":1169,"height":780,"url":"https:\/\/www.bbmnoticias.com\/labravaradiofm\/wp-content\/uploads\/sites\/5\/2021\/10\/local11102021-11.jpg","type":"image\/jpeg"}],"author":"Staff","twitter_card":"summary_large_image","twitter_misc":{"Escrito por":"Staff","Tiempo de lectura":"1 minuto"},"schema":{"@context":"https:\/\/schema.org","@graph":[{"@type":"Article","@id":"https:\/\/www.bbmnoticias.com\/labravaradiofm\/2021\/10\/11\/participa-titular-de-la-sspo-en-foro-de-seguridad-y-proteccion-civil-en-huajuapan-de-leon\/#article","isPartOf":{"@id":"https:\/\/www.bbmnoticias.com\/labravaradiofm\/2021\/10\/11\/participa-titular-de-la-sspo-en-foro-de-seguridad-y-proteccion-civil-en-huajuapan-de-leon\/"},"author":{"name":"Staff","@id":"https:\/\/www.bbmnoticias.com\/labravaradiofm\/#\/schema\/person\/34b139c617a70ea5bef5678bffe4dd7b"},"headline":"Participa titular de la SSPO en Foro de Seguridad y Protecci\u00f3n Civil en Huajuapan de Le\u00f3n","datePublished":"2021-10-11T21:15:11+00:00","dateModified":"2021-10-11T21:15:12+00:00","mainEntityOfPage":{"@id":"https:\/\/www.bbmnoticias.com\/labravaradiofm\/2021\/10\/11\/participa-titular-de-la-sspo-en-foro-de-seguridad-y-proteccion-civil-en-huajuapan-de-leon\/"},"wordCount":255,"image":{"@id":"https:\/\/www.bbmnoticias.com\/labravaradiofm\/2021\/10\/11\/participa-titular-de-la-sspo-en-foro-de-seguridad-y-proteccion-civil-en-huajuapan-de-leon\/#primaryimage"},"thumbnailUrl":"https:\/\/www.bbmnoticias.com\/labravaradiofm\/wp-content\/uploads\/sites\/5\/2021\/10\/local11102021-11.jpg","articleSection":["LOCAL"],"inLanguage":"es"},{"@type":"WebPage","@id":"https:\/\/www.bbmnoticias.com\/labravaradiofm\/2021\/10\/11\/participa-titular-de-la-sspo-en-foro-de-seguridad-y-proteccion-civil-en-huajuapan-de-leon\/","url":"https:\/\/www.bbmnoticias.com\/labravaradiofm\/2021\/10\/11\/participa-titular-de-la-sspo-en-foro-de-seguridad-y-proteccion-civil-en-huajuapan-de-leon\/","name":"Participa titular de la SSPO en Foro de Seguridad y Protecci\u00f3n Civil en Huajuapan de Le\u00f3n - LA BRAVA RADIO","isPartOf":{"@id":"https:\/\/www.bbmnoticias.com\/labravaradiofm\/#website"},"primaryImageOfPage":{"@id":"https:\/\/www.bbmnoticias.com\/labravaradiofm\/2021\/10\/11\/participa-titular-de-la-sspo-en-foro-de-seguridad-y-proteccion-civil-en-huajuapan-de-leon\/#primaryimage"},"image":{"@id":"https:\/\/www.bbmnoticias.com\/labravaradiofm\/2021\/10\/11\/participa-titular-de-la-sspo-en-foro-de-seguridad-y-proteccion-civil-en-huajuapan-de-leon\/#primaryimage"},"thumbnailUrl":"https:\/\/www.bbmnoticias.com\/labravaradiofm\/wp-content\/uploads\/sites\/5\/2021\/10\/local11102021-11.jpg","datePublished":"2021-10-11T21:15:11+00:00","dateModified":"2021-10-11T21:15:12+00:00","author":{"@id":"https:\/\/www.bbmnoticias.com\/labravaradiofm\/#\/schema\/person\/34b139c617a70ea5bef5678bffe4dd7b"},"description":"D\u00edaz Esc\u00e1rraga refiri\u00f3 que estos espacios orientan las pol\u00edticas y programas de las nuevas administraciones, a fin de afrontar los retos","breadcrumb":{"@id":"https:\/\/www.bbmnoticias.com\/labravaradiofm\/2021\/10\/11\/participa-titular-de-la-sspo-en-foro-de-seguridad-y-proteccion-civil-en-huajuapan-de-leon\/#breadcrumb"},"inLanguage":"es","potentialAction":[{"@type":"ReadAction","target":["https:\/\/www.bbmnoticias.com\/labravaradiofm\/2021\/10\/11\/participa-titular-de-la-sspo-en-foro-de-seguridad-y-proteccion-civil-en-huajuapan-de-leon\/"]}]},{"@type":"ImageObject","inLanguage":"es","@id":"https:\/\/www.bbmnoticias.com\/labravaradiofm\/2021\/10\/11\/participa-titular-de-la-sspo-en-foro-de-seguridad-y-proteccion-civil-en-huajuapan-de-leon\/#primaryimage","url":"https:\/\/www.bbmnoticias.com\/labravaradiofm\/wp-content\/uploads\/sites\/5\/2021\/10\/local11102021-11.jpg","contentUrl":"https:\/\/www.bbmnoticias.com\/labravaradiofm\/wp-content\/uploads\/sites\/5\/2021\/10\/local11102021-11.jpg","width":1169,"height":780},{"@type":"BreadcrumbList","@id":"https:\/\/www.bbmnoticias.com\/labravaradiofm\/2021\/10\/11\/participa-titular-de-la-sspo-en-foro-de-seguridad-y-proteccion-civil-en-huajuapan-de-leon\/#breadcrumb","itemListElement":[{"@type":"ListItem","position":1,"name":"Inicio","item":"https:\/\/www.bbmnoticias.com\/labravaradiofm\/"},{"@type":"ListItem","position":2,"name":"Participa titular de la SSPO en Foro de Seguridad y Protecci\u00f3n Civil en Huajuapan de Le\u00f3n"}]},{"@type":"WebSite","@id":"https:\/\/www.bbmnoticias.com\/labravaradiofm\/#website","url":"https:\/\/www.bbmnoticias.com\/labravaradiofm\/","name":"LA BRAVA RADIO","description":"Empresa productora de medios, Radiodifusi\u00f3n, Noticias, tendencias y todo lo que necesitas saber de la pol\u00edtica mexicana e internacional; entretenimiento, espect\u00e1culos, salud y mucho m\u00e1s.","potentialAction":[{"@type":"SearchAction","target":{"@type":"EntryPoint","urlTemplate":"https:\/\/www.bbmnoticias.com\/labravaradiofm\/?s={search_term_string}"},"query-input":{"@type":"PropertyValueSpecification","valueRequired":true,"valueName":"search_term_string"}}],"inLanguage":"es"},{"@type":"Person","@id":"https:\/\/www.bbmnoticias.com\/labravaradiofm\/#\/schema\/person\/34b139c617a70ea5bef5678bffe4dd7b","name":"Staff","image":{"@type":"ImageObject","inLanguage":"es","@id":"https:\/\/secure.gravatar.com\/avatar\/fdd21ad66fd8b98c407f9dee5b5e588cfe7f0d8579ec20fa6527cd59bab7f0f0?s=96&d=mm&r=g","url":"https:\/\/secure.gravatar.com\/avatar\/fdd21ad66fd8b98c407f9dee5b5e588cfe7f0d8579ec20fa6527cd59bab7f0f0?s=96&d=mm&r=g","contentUrl":"https:\/\/secure.gravatar.com\/avatar\/fdd21ad66fd8b98c407f9dee5b5e588cfe7f0d8579ec20fa6527cd59bab7f0f0?s=96&d=mm&r=g","caption":"Staff"},"url":"https:\/\/www.bbmnoticias.com\/labravaradiofm\/author\/redaccion\/"}]}},"_links":{"self":[{"href":"https:\/\/www.bbmnoticias.com\/labravaradiofm\/wp-json\/wp\/v2\/posts\/3497","targetHints":{"allow":["GET"]}}],"collection":[{"href":"https:\/\/www.bbmnoticias.com\/labravaradiofm\/wp-json\/wp\/v2\/posts"}],"about":[{"href":"https:\/\/www.bbmnoticias.com\/labravaradiofm\/wp-json\/wp\/v2\/types\/post"}],"author":[{"embeddable":true,"href":"https:\/\/www.bbmnoticias.com\/labravaradiofm\/wp-json\/wp\/v2\/users\/2"}],"replies":[{"embeddable":true,"href":"https:\/\/www.bbmnoticias.com\/labravaradiofm\/wp-json\/wp\/v2\/comments?post=3497"}],"version-history":[{"count":0,"href":"https:\/\/www.bbmnoticias.com\/labravaradiofm\/wp-json\/wp\/v2\/posts\/3497\/revisions"}],"wp:featuredmedia":[{"embeddable":true,"href":"https:\/\/www.bbmnoticias.com\/labravaradiofm\/wp-json\/wp\/v2\/media\/3498"}],"wp:attachment":[{"href":"https:\/\/www.bbmnoticias.com\/labravaradiofm\/wp-json\/wp\/v2\/media?parent=3497"}],"wp:term":[{"taxonomy":"category","embeddable":true,"href":"https:\/\/www.bbmnoticias.com\/labravaradiofm\/wp-json\/wp\/v2\/categories?post=3497"},{"taxonomy":"post_tag","embeddable":true,"href":"https:\/\/www.bbmnoticias.com\/labravaradiofm\/wp-json\/wp\/v2\/tags?post=3497"}],"curies":[{"name":"wp","href":"https:\/\/api.w.org\/{rel}","templated":true}]}}