{"id":3474,"date":"2021-10-11T14:53:31","date_gmt":"2021-10-11T19:53:31","guid":{"rendered":"https:\/\/www.bbmnoticias.com\/labravaradiofm\/?p=3474"},"modified":"2021-10-11T14:53:32","modified_gmt":"2021-10-11T19:53:32","slug":"continua-dif-oaxaca-invitando-a-las-y-los-jovenes-a-participar-en-el-concurso-te-creo-en-corto","status":"publish","type":"post","link":"https:\/\/www.bbmnoticias.com\/labravaradiofm\/2021\/10\/11\/continua-dif-oaxaca-invitando-a-las-y-los-jovenes-a-participar-en-el-concurso-te-creo-en-corto\/","title":{"rendered":"Contin\u00faa DIF Oaxaca invitando a las y los j\u00f3venes a participar en el concurso \u201cTe Creo en Corto\u201d"},"content":{"rendered":"<div style=\"margin-top: 0px; margin-bottom: 0px;\" class=\"sharethis-inline-share-buttons\" ><\/div>\n<p><strong>Oaxaca de Ju\u00e1rez, Oax.-<\/strong> Con la finalidad de hacer part\u00edcipes a las y los j\u00f3venes oaxaque\u00f1os en la prevenci\u00f3n del abuso sexual infantil, y concientizar a la sociedad oaxaque\u00f1a de esta gran problem\u00e1tica que aqueja a nuestra ni\u00f1ez, el Sistema para el Desarrollo Integral de la Familia (DIF) Oaxaca, contin\u00faa invitando a este sector de la sociedad a participar en la 3ra. edici\u00f3n de \u201cT\u00e9 Creo en Corto\u201d.<\/p>\n\n\n\n<p>\u201cTe Creo en Corto, es una convocatoria abierta a j\u00f3venes de 18 a 29 a\u00f1os de las 8 regiones del estado, donde podr\u00e1n contar a trav\u00e9s de diferentes formatos, historias que se relacionen con la tem\u00e1tica de la prevenci\u00f3n del abuso sexual infantil\u201d, se\u00f1al\u00f3 Christian Holm Rodr\u00edguez, director general del Sistema DIF Oaxaca.<\/p>\n\n\n\n<p>Dicha convocatoria cierra este viernes 15 de octubre y tiene tres categor\u00edas: ficci\u00f3n, documental y animaci\u00f3n. \u201cCabe destacar que dichos trabajos pueden ser producidos con cualquier herramienta de video, desde un celular hasta una c\u00e1mara semi o profesional, aqu\u00ed lo que cuenta es la imaginaci\u00f3n de los j\u00f3venes y sus ganas de participar\u201d, asent\u00f3 Holm Rodr\u00edguez.<\/p>\n\n\n\n<p>Para mayores informes visita <a href=\"http:\/\/www.difoaxaca.gob.mx\" target=\"_blank\" rel=\"noreferrer noopener\">www.difoaxaca.gob.mx<\/a><\/p>\n\n\n\n<p>Por otra parte, la presidenta honoraria del Sistema DIF Oaxaca, Ivette Mor\u00e1n de Murat, entreg\u00f3 una donaci\u00f3n a la Fundaci\u00f3n \u201cGrupo Retro\u201d A.C.; esto en el marco del mes de la sensibilizaci\u00f3n sobre el c\u00e1ncer de mama.<\/p>\n\n\n\n<p>Dicha asociaci\u00f3n tiene como objetivo crear conciencia de autoexploraci\u00f3n para la detecci\u00f3n oportuna de c\u00e1ncer de mama y, as\u00ed lograr la recuperaci\u00f3n integral de las pacientes.<\/p>\n","protected":false},"excerpt":{"rendered":"<p>Oaxaca de Ju\u00e1rez, Oax.- Con la finalidad de hacer part\u00edcipes a las y los j\u00f3venes oaxaque\u00f1os en la prevenci\u00f3n del abuso sexual infantil, y concientizar a la sociedad oaxaque\u00f1a de esta gran problem\u00e1tica que aqueja a nuestra ni\u00f1ez, el Sistema para el Desarrollo Integral de la Familia (DIF) Oaxaca, contin\u00faa invitando a este sector de [&hellip;]<\/p>\n","protected":false},"author":2,"featured_media":3475,"comment_status":"closed","ping_status":"closed","sticky":false,"template":"","format":"standard","meta":{"footnotes":""},"categories":[2],"tags":[],"class_list":{"0":"post-3474","1":"post","2":"type-post","3":"status-publish","4":"format-standard","5":"has-post-thumbnail","7":"category-oaxaca"},"yoast_head":"<!-- This site is optimized with the Yoast SEO plugin v27.4 - https:\/\/yoast.com\/product\/yoast-seo-wordpress\/ -->\n<title>Contin\u00faa DIF Oaxaca invitando a las y los j\u00f3venes a participar en el concurso \u201cTe Creo en Corto\u201d - LA BRAVA RADIO<\/title>\n<meta name=\"description\" content=\"Por otra parte, la presidenta honoraria del Sistema DIF Oaxaca, Ivette Mor\u00e1n de Murat, entreg\u00f3 una donaci\u00f3n a la Fundaci\u00f3n \u201cGrupo Retro\u201d\" \/>\n<meta name=\"robots\" content=\"index, follow, max-snippet:-1, max-image-preview:large, max-video-preview:-1\" \/>\n<link rel=\"canonical\" href=\"https:\/\/www.bbmnoticias.com\/labravaradiofm\/2021\/10\/11\/continua-dif-oaxaca-invitando-a-las-y-los-jovenes-a-participar-en-el-concurso-te-creo-en-corto\/\" \/>\n<meta property=\"og:locale\" content=\"es_MX\" \/>\n<meta property=\"og:type\" content=\"article\" \/>\n<meta property=\"og:title\" content=\"Contin\u00faa DIF Oaxaca invitando a las y los j\u00f3venes a participar en el concurso \u201cTe Creo en Corto\u201d - LA BRAVA RADIO\" \/>\n<meta property=\"og:description\" content=\"Por otra parte, la presidenta honoraria del Sistema DIF Oaxaca, Ivette Mor\u00e1n de Murat, entreg\u00f3 una donaci\u00f3n a la Fundaci\u00f3n \u201cGrupo Retro\u201d\" \/>\n<meta property=\"og:url\" content=\"https:\/\/www.bbmnoticias.com\/labravaradiofm\/2021\/10\/11\/continua-dif-oaxaca-invitando-a-las-y-los-jovenes-a-participar-en-el-concurso-te-creo-en-corto\/\" \/>\n<meta property=\"og:site_name\" content=\"LA BRAVA RADIO\" \/>\n<meta property=\"article:published_time\" content=\"2021-10-11T19:53:31+00:00\" \/>\n<meta property=\"article:modified_time\" content=\"2021-10-11T19:53:32+00:00\" \/>\n<meta property=\"og:image\" content=\"https:\/\/www.bbmnoticias.com\/labravaradiofm\/wp-content\/uploads\/sites\/5\/2021\/10\/local11102021-9.jpg\" \/>\n\t<meta property=\"og:image:width\" content=\"873\" \/>\n\t<meta property=\"og:image:height\" content=\"654\" \/>\n\t<meta property=\"og:image:type\" content=\"image\/jpeg\" \/>\n<meta name=\"author\" content=\"Staff\" \/>\n<meta name=\"twitter:card\" content=\"summary_large_image\" \/>\n<meta name=\"twitter:label1\" content=\"Escrito por\" \/>\n\t<meta name=\"twitter:data1\" content=\"Staff\" \/>\n\t<meta name=\"twitter:label2\" content=\"Tiempo de lectura\" \/>\n\t<meta name=\"twitter:data2\" content=\"2 minutos\" \/>\n<script type=\"application\/ld+json\" class=\"yoast-schema-graph\">{\"@context\":\"https:\\\/\\\/schema.org\",\"@graph\":[{\"@type\":\"Article\",\"@id\":\"https:\\\/\\\/www.bbmnoticias.com\\\/labravaradiofm\\\/2021\\\/10\\\/11\\\/continua-dif-oaxaca-invitando-a-las-y-los-jovenes-a-participar-en-el-concurso-te-creo-en-corto\\\/#article\",\"isPartOf\":{\"@id\":\"https:\\\/\\\/www.bbmnoticias.com\\\/labravaradiofm\\\/2021\\\/10\\\/11\\\/continua-dif-oaxaca-invitando-a-las-y-los-jovenes-a-participar-en-el-concurso-te-creo-en-corto\\\/\"},\"author\":{\"name\":\"Staff\",\"@id\":\"https:\\\/\\\/www.bbmnoticias.com\\\/labravaradiofm\\\/#\\\/schema\\\/person\\\/34b139c617a70ea5bef5678bffe4dd7b\"},\"headline\":\"Contin\u00faa DIF Oaxaca invitando a las y los j\u00f3venes a participar en el concurso \u201cTe Creo en Corto\u201d\",\"datePublished\":\"2021-10-11T19:53:31+00:00\",\"dateModified\":\"2021-10-11T19:53:32+00:00\",\"mainEntityOfPage\":{\"@id\":\"https:\\\/\\\/www.bbmnoticias.com\\\/labravaradiofm\\\/2021\\\/10\\\/11\\\/continua-dif-oaxaca-invitando-a-las-y-los-jovenes-a-participar-en-el-concurso-te-creo-en-corto\\\/\"},\"wordCount\":301,\"image\":{\"@id\":\"https:\\\/\\\/www.bbmnoticias.com\\\/labravaradiofm\\\/2021\\\/10\\\/11\\\/continua-dif-oaxaca-invitando-a-las-y-los-jovenes-a-participar-en-el-concurso-te-creo-en-corto\\\/#primaryimage\"},\"thumbnailUrl\":\"https:\\\/\\\/www.bbmnoticias.com\\\/labravaradiofm\\\/wp-content\\\/uploads\\\/sites\\\/5\\\/2021\\\/10\\\/local11102021-9.jpg\",\"articleSection\":[\"LOCAL\"],\"inLanguage\":\"es\"},{\"@type\":\"WebPage\",\"@id\":\"https:\\\/\\\/www.bbmnoticias.com\\\/labravaradiofm\\\/2021\\\/10\\\/11\\\/continua-dif-oaxaca-invitando-a-las-y-los-jovenes-a-participar-en-el-concurso-te-creo-en-corto\\\/\",\"url\":\"https:\\\/\\\/www.bbmnoticias.com\\\/labravaradiofm\\\/2021\\\/10\\\/11\\\/continua-dif-oaxaca-invitando-a-las-y-los-jovenes-a-participar-en-el-concurso-te-creo-en-corto\\\/\",\"name\":\"Contin\u00faa DIF Oaxaca invitando a las y los j\u00f3venes a participar en el concurso \u201cTe Creo en Corto\u201d - LA BRAVA RADIO\",\"isPartOf\":{\"@id\":\"https:\\\/\\\/www.bbmnoticias.com\\\/labravaradiofm\\\/#website\"},\"primaryImageOfPage\":{\"@id\":\"https:\\\/\\\/www.bbmnoticias.com\\\/labravaradiofm\\\/2021\\\/10\\\/11\\\/continua-dif-oaxaca-invitando-a-las-y-los-jovenes-a-participar-en-el-concurso-te-creo-en-corto\\\/#primaryimage\"},\"image\":{\"@id\":\"https:\\\/\\\/www.bbmnoticias.com\\\/labravaradiofm\\\/2021\\\/10\\\/11\\\/continua-dif-oaxaca-invitando-a-las-y-los-jovenes-a-participar-en-el-concurso-te-creo-en-corto\\\/#primaryimage\"},\"thumbnailUrl\":\"https:\\\/\\\/www.bbmnoticias.com\\\/labravaradiofm\\\/wp-content\\\/uploads\\\/sites\\\/5\\\/2021\\\/10\\\/local11102021-9.jpg\",\"datePublished\":\"2021-10-11T19:53:31+00:00\",\"dateModified\":\"2021-10-11T19:53:32+00:00\",\"author\":{\"@id\":\"https:\\\/\\\/www.bbmnoticias.com\\\/labravaradiofm\\\/#\\\/schema\\\/person\\\/34b139c617a70ea5bef5678bffe4dd7b\"},\"description\":\"Por otra parte, la presidenta honoraria del Sistema DIF Oaxaca, Ivette Mor\u00e1n de Murat, entreg\u00f3 una donaci\u00f3n a la Fundaci\u00f3n \u201cGrupo Retro\u201d\",\"breadcrumb\":{\"@id\":\"https:\\\/\\\/www.bbmnoticias.com\\\/labravaradiofm\\\/2021\\\/10\\\/11\\\/continua-dif-oaxaca-invitando-a-las-y-los-jovenes-a-participar-en-el-concurso-te-creo-en-corto\\\/#breadcrumb\"},\"inLanguage\":\"es\",\"potentialAction\":[{\"@type\":\"ReadAction\",\"target\":[\"https:\\\/\\\/www.bbmnoticias.com\\\/labravaradiofm\\\/2021\\\/10\\\/11\\\/continua-dif-oaxaca-invitando-a-las-y-los-jovenes-a-participar-en-el-concurso-te-creo-en-corto\\\/\"]}]},{\"@type\":\"ImageObject\",\"inLanguage\":\"es\",\"@id\":\"https:\\\/\\\/www.bbmnoticias.com\\\/labravaradiofm\\\/2021\\\/10\\\/11\\\/continua-dif-oaxaca-invitando-a-las-y-los-jovenes-a-participar-en-el-concurso-te-creo-en-corto\\\/#primaryimage\",\"url\":\"https:\\\/\\\/www.bbmnoticias.com\\\/labravaradiofm\\\/wp-content\\\/uploads\\\/sites\\\/5\\\/2021\\\/10\\\/local11102021-9.jpg\",\"contentUrl\":\"https:\\\/\\\/www.bbmnoticias.com\\\/labravaradiofm\\\/wp-content\\\/uploads\\\/sites\\\/5\\\/2021\\\/10\\\/local11102021-9.jpg\",\"width\":873,\"height\":654},{\"@type\":\"BreadcrumbList\",\"@id\":\"https:\\\/\\\/www.bbmnoticias.com\\\/labravaradiofm\\\/2021\\\/10\\\/11\\\/continua-dif-oaxaca-invitando-a-las-y-los-jovenes-a-participar-en-el-concurso-te-creo-en-corto\\\/#breadcrumb\",\"itemListElement\":[{\"@type\":\"ListItem\",\"position\":1,\"name\":\"Inicio\",\"item\":\"https:\\\/\\\/www.bbmnoticias.com\\\/labravaradiofm\\\/\"},{\"@type\":\"ListItem\",\"position\":2,\"name\":\"Contin\u00faa DIF Oaxaca invitando a las y los j\u00f3venes a participar en el concurso \u201cTe Creo en Corto\u201d\"}]},{\"@type\":\"WebSite\",\"@id\":\"https:\\\/\\\/www.bbmnoticias.com\\\/labravaradiofm\\\/#website\",\"url\":\"https:\\\/\\\/www.bbmnoticias.com\\\/labravaradiofm\\\/\",\"name\":\"LA BRAVA RADIO\",\"description\":\"Empresa productora de medios, Radiodifusi\u00f3n, Noticias, tendencias y todo lo que necesitas saber de la pol\u00edtica mexicana e internacional; entretenimiento, espect\u00e1culos, salud y mucho m\u00e1s.\",\"potentialAction\":[{\"@type\":\"SearchAction\",\"target\":{\"@type\":\"EntryPoint\",\"urlTemplate\":\"https:\\\/\\\/www.bbmnoticias.com\\\/labravaradiofm\\\/?s={search_term_string}\"},\"query-input\":{\"@type\":\"PropertyValueSpecification\",\"valueRequired\":true,\"valueName\":\"search_term_string\"}}],\"inLanguage\":\"es\"},{\"@type\":\"Person\",\"@id\":\"https:\\\/\\\/www.bbmnoticias.com\\\/labravaradiofm\\\/#\\\/schema\\\/person\\\/34b139c617a70ea5bef5678bffe4dd7b\",\"name\":\"Staff\",\"image\":{\"@type\":\"ImageObject\",\"inLanguage\":\"es\",\"@id\":\"https:\\\/\\\/secure.gravatar.com\\\/avatar\\\/fdd21ad66fd8b98c407f9dee5b5e588cfe7f0d8579ec20fa6527cd59bab7f0f0?s=96&d=mm&r=g\",\"url\":\"https:\\\/\\\/secure.gravatar.com\\\/avatar\\\/fdd21ad66fd8b98c407f9dee5b5e588cfe7f0d8579ec20fa6527cd59bab7f0f0?s=96&d=mm&r=g\",\"contentUrl\":\"https:\\\/\\\/secure.gravatar.com\\\/avatar\\\/fdd21ad66fd8b98c407f9dee5b5e588cfe7f0d8579ec20fa6527cd59bab7f0f0?s=96&d=mm&r=g\",\"caption\":\"Staff\"},\"url\":\"https:\\\/\\\/www.bbmnoticias.com\\\/labravaradiofm\\\/author\\\/redaccion\\\/\"}]}<\/script>\n<!-- \/ Yoast SEO plugin. -->","yoast_head_json":{"title":"Contin\u00faa DIF Oaxaca invitando a las y los j\u00f3venes a participar en el concurso \u201cTe Creo en Corto\u201d - LA BRAVA RADIO","description":"Por otra parte, la presidenta honoraria del Sistema DIF Oaxaca, Ivette Mor\u00e1n de Murat, entreg\u00f3 una donaci\u00f3n a la Fundaci\u00f3n \u201cGrupo Retro\u201d","robots":{"index":"index","follow":"follow","max-snippet":"max-snippet:-1","max-image-preview":"max-image-preview:large","max-video-preview":"max-video-preview:-1"},"canonical":"https:\/\/www.bbmnoticias.com\/labravaradiofm\/2021\/10\/11\/continua-dif-oaxaca-invitando-a-las-y-los-jovenes-a-participar-en-el-concurso-te-creo-en-corto\/","og_locale":"es_MX","og_type":"article","og_title":"Contin\u00faa DIF Oaxaca invitando a las y los j\u00f3venes a participar en el concurso \u201cTe Creo en Corto\u201d - LA BRAVA RADIO","og_description":"Por otra parte, la presidenta honoraria del Sistema DIF Oaxaca, Ivette Mor\u00e1n de Murat, entreg\u00f3 una donaci\u00f3n a la Fundaci\u00f3n \u201cGrupo Retro\u201d","og_url":"https:\/\/www.bbmnoticias.com\/labravaradiofm\/2021\/10\/11\/continua-dif-oaxaca-invitando-a-las-y-los-jovenes-a-participar-en-el-concurso-te-creo-en-corto\/","og_site_name":"LA BRAVA RADIO","article_published_time":"2021-10-11T19:53:31+00:00","article_modified_time":"2021-10-11T19:53:32+00:00","og_image":[{"width":873,"height":654,"url":"https:\/\/www.bbmnoticias.com\/labravaradiofm\/wp-content\/uploads\/sites\/5\/2021\/10\/local11102021-9.jpg","type":"image\/jpeg"}],"author":"Staff","twitter_card":"summary_large_image","twitter_misc":{"Escrito por":"Staff","Tiempo de lectura":"2 minutos"},"schema":{"@context":"https:\/\/schema.org","@graph":[{"@type":"Article","@id":"https:\/\/www.bbmnoticias.com\/labravaradiofm\/2021\/10\/11\/continua-dif-oaxaca-invitando-a-las-y-los-jovenes-a-participar-en-el-concurso-te-creo-en-corto\/#article","isPartOf":{"@id":"https:\/\/www.bbmnoticias.com\/labravaradiofm\/2021\/10\/11\/continua-dif-oaxaca-invitando-a-las-y-los-jovenes-a-participar-en-el-concurso-te-creo-en-corto\/"},"author":{"name":"Staff","@id":"https:\/\/www.bbmnoticias.com\/labravaradiofm\/#\/schema\/person\/34b139c617a70ea5bef5678bffe4dd7b"},"headline":"Contin\u00faa DIF Oaxaca invitando a las y los j\u00f3venes a participar en el concurso \u201cTe Creo en Corto\u201d","datePublished":"2021-10-11T19:53:31+00:00","dateModified":"2021-10-11T19:53:32+00:00","mainEntityOfPage":{"@id":"https:\/\/www.bbmnoticias.com\/labravaradiofm\/2021\/10\/11\/continua-dif-oaxaca-invitando-a-las-y-los-jovenes-a-participar-en-el-concurso-te-creo-en-corto\/"},"wordCount":301,"image":{"@id":"https:\/\/www.bbmnoticias.com\/labravaradiofm\/2021\/10\/11\/continua-dif-oaxaca-invitando-a-las-y-los-jovenes-a-participar-en-el-concurso-te-creo-en-corto\/#primaryimage"},"thumbnailUrl":"https:\/\/www.bbmnoticias.com\/labravaradiofm\/wp-content\/uploads\/sites\/5\/2021\/10\/local11102021-9.jpg","articleSection":["LOCAL"],"inLanguage":"es"},{"@type":"WebPage","@id":"https:\/\/www.bbmnoticias.com\/labravaradiofm\/2021\/10\/11\/continua-dif-oaxaca-invitando-a-las-y-los-jovenes-a-participar-en-el-concurso-te-creo-en-corto\/","url":"https:\/\/www.bbmnoticias.com\/labravaradiofm\/2021\/10\/11\/continua-dif-oaxaca-invitando-a-las-y-los-jovenes-a-participar-en-el-concurso-te-creo-en-corto\/","name":"Contin\u00faa DIF Oaxaca invitando a las y los j\u00f3venes a participar en el concurso \u201cTe Creo en Corto\u201d - LA BRAVA RADIO","isPartOf":{"@id":"https:\/\/www.bbmnoticias.com\/labravaradiofm\/#website"},"primaryImageOfPage":{"@id":"https:\/\/www.bbmnoticias.com\/labravaradiofm\/2021\/10\/11\/continua-dif-oaxaca-invitando-a-las-y-los-jovenes-a-participar-en-el-concurso-te-creo-en-corto\/#primaryimage"},"image":{"@id":"https:\/\/www.bbmnoticias.com\/labravaradiofm\/2021\/10\/11\/continua-dif-oaxaca-invitando-a-las-y-los-jovenes-a-participar-en-el-concurso-te-creo-en-corto\/#primaryimage"},"thumbnailUrl":"https:\/\/www.bbmnoticias.com\/labravaradiofm\/wp-content\/uploads\/sites\/5\/2021\/10\/local11102021-9.jpg","datePublished":"2021-10-11T19:53:31+00:00","dateModified":"2021-10-11T19:53:32+00:00","author":{"@id":"https:\/\/www.bbmnoticias.com\/labravaradiofm\/#\/schema\/person\/34b139c617a70ea5bef5678bffe4dd7b"},"description":"Por otra parte, la presidenta honoraria del Sistema DIF Oaxaca, Ivette Mor\u00e1n de Murat, entreg\u00f3 una donaci\u00f3n a la Fundaci\u00f3n \u201cGrupo Retro\u201d","breadcrumb":{"@id":"https:\/\/www.bbmnoticias.com\/labravaradiofm\/2021\/10\/11\/continua-dif-oaxaca-invitando-a-las-y-los-jovenes-a-participar-en-el-concurso-te-creo-en-corto\/#breadcrumb"},"inLanguage":"es","potentialAction":[{"@type":"ReadAction","target":["https:\/\/www.bbmnoticias.com\/labravaradiofm\/2021\/10\/11\/continua-dif-oaxaca-invitando-a-las-y-los-jovenes-a-participar-en-el-concurso-te-creo-en-corto\/"]}]},{"@type":"ImageObject","inLanguage":"es","@id":"https:\/\/www.bbmnoticias.com\/labravaradiofm\/2021\/10\/11\/continua-dif-oaxaca-invitando-a-las-y-los-jovenes-a-participar-en-el-concurso-te-creo-en-corto\/#primaryimage","url":"https:\/\/www.bbmnoticias.com\/labravaradiofm\/wp-content\/uploads\/sites\/5\/2021\/10\/local11102021-9.jpg","contentUrl":"https:\/\/www.bbmnoticias.com\/labravaradiofm\/wp-content\/uploads\/sites\/5\/2021\/10\/local11102021-9.jpg","width":873,"height":654},{"@type":"BreadcrumbList","@id":"https:\/\/www.bbmnoticias.com\/labravaradiofm\/2021\/10\/11\/continua-dif-oaxaca-invitando-a-las-y-los-jovenes-a-participar-en-el-concurso-te-creo-en-corto\/#breadcrumb","itemListElement":[{"@type":"ListItem","position":1,"name":"Inicio","item":"https:\/\/www.bbmnoticias.com\/labravaradiofm\/"},{"@type":"ListItem","position":2,"name":"Contin\u00faa DIF Oaxaca invitando a las y los j\u00f3venes a participar en el concurso \u201cTe Creo en Corto\u201d"}]},{"@type":"WebSite","@id":"https:\/\/www.bbmnoticias.com\/labravaradiofm\/#website","url":"https:\/\/www.bbmnoticias.com\/labravaradiofm\/","name":"LA BRAVA RADIO","description":"Empresa productora de medios, Radiodifusi\u00f3n, Noticias, tendencias y todo lo que necesitas saber de la pol\u00edtica mexicana e internacional; entretenimiento, espect\u00e1culos, salud y mucho m\u00e1s.","potentialAction":[{"@type":"SearchAction","target":{"@type":"EntryPoint","urlTemplate":"https:\/\/www.bbmnoticias.com\/labravaradiofm\/?s={search_term_string}"},"query-input":{"@type":"PropertyValueSpecification","valueRequired":true,"valueName":"search_term_string"}}],"inLanguage":"es"},{"@type":"Person","@id":"https:\/\/www.bbmnoticias.com\/labravaradiofm\/#\/schema\/person\/34b139c617a70ea5bef5678bffe4dd7b","name":"Staff","image":{"@type":"ImageObject","inLanguage":"es","@id":"https:\/\/secure.gravatar.com\/avatar\/fdd21ad66fd8b98c407f9dee5b5e588cfe7f0d8579ec20fa6527cd59bab7f0f0?s=96&d=mm&r=g","url":"https:\/\/secure.gravatar.com\/avatar\/fdd21ad66fd8b98c407f9dee5b5e588cfe7f0d8579ec20fa6527cd59bab7f0f0?s=96&d=mm&r=g","contentUrl":"https:\/\/secure.gravatar.com\/avatar\/fdd21ad66fd8b98c407f9dee5b5e588cfe7f0d8579ec20fa6527cd59bab7f0f0?s=96&d=mm&r=g","caption":"Staff"},"url":"https:\/\/www.bbmnoticias.com\/labravaradiofm\/author\/redaccion\/"}]}},"_links":{"self":[{"href":"https:\/\/www.bbmnoticias.com\/labravaradiofm\/wp-json\/wp\/v2\/posts\/3474","targetHints":{"allow":["GET"]}}],"collection":[{"href":"https:\/\/www.bbmnoticias.com\/labravaradiofm\/wp-json\/wp\/v2\/posts"}],"about":[{"href":"https:\/\/www.bbmnoticias.com\/labravaradiofm\/wp-json\/wp\/v2\/types\/post"}],"author":[{"embeddable":true,"href":"https:\/\/www.bbmnoticias.com\/labravaradiofm\/wp-json\/wp\/v2\/users\/2"}],"replies":[{"embeddable":true,"href":"https:\/\/www.bbmnoticias.com\/labravaradiofm\/wp-json\/wp\/v2\/comments?post=3474"}],"version-history":[{"count":0,"href":"https:\/\/www.bbmnoticias.com\/labravaradiofm\/wp-json\/wp\/v2\/posts\/3474\/revisions"}],"wp:featuredmedia":[{"embeddable":true,"href":"https:\/\/www.bbmnoticias.com\/labravaradiofm\/wp-json\/wp\/v2\/media\/3475"}],"wp:attachment":[{"href":"https:\/\/www.bbmnoticias.com\/labravaradiofm\/wp-json\/wp\/v2\/media?parent=3474"}],"wp:term":[{"taxonomy":"category","embeddable":true,"href":"https:\/\/www.bbmnoticias.com\/labravaradiofm\/wp-json\/wp\/v2\/categories?post=3474"},{"taxonomy":"post_tag","embeddable":true,"href":"https:\/\/www.bbmnoticias.com\/labravaradiofm\/wp-json\/wp\/v2\/tags?post=3474"}],"curies":[{"name":"wp","href":"https:\/\/api.w.org\/{rel}","templated":true}]}}