{"id":3460,"date":"2021-10-11T13:42:19","date_gmt":"2021-10-11T18:42:19","guid":{"rendered":"https:\/\/www.bbmnoticias.com\/labravaradiofm\/?p=3460"},"modified":"2021-10-11T13:42:20","modified_gmt":"2021-10-11T18:42:20","slug":"fgr-responde-a-criticas-emilio-lozoya-sigue-siendo-procesado-y-su-tiempo-para-aportar-pruebas-termina-el-3-de-noviembre","status":"publish","type":"post","link":"https:\/\/www.bbmnoticias.com\/labravaradiofm\/2021\/10\/11\/fgr-responde-a-criticas-emilio-lozoya-sigue-siendo-procesado-y-su-tiempo-para-aportar-pruebas-termina-el-3-de-noviembre\/","title":{"rendered":"FGR responde a cr\u00edticas: Emilio Lozoya sigue siendo procesado y su tiempo para aportar pruebas termina el 3 de noviembre"},"content":{"rendered":"<div style=\"margin-top: 0px; margin-bottom: 0px;\" class=\"sharethis-inline-share-buttons\" ><\/div>\n<p>La Fiscal\u00eda General de la Rep\u00fablica (<strong>FGR<\/strong>) respondi\u00f3 al caso de<strong> Emilio Lozoya<\/strong>, luego de que el exdirector de Pemex fuera visto en un restaurante de lujo de la CDMX la noche del 9 de agosto.<\/p>\n\n\n\n<p>La FGR informa en un comunicado lanzado hoy 11 de octubre que <strong>Emilio Lozoya sigue siendo procesado y su tiempo para aportar pruebas termina el 3 de noviembre<\/strong>.<\/p>\n\n\n\n<h2 class=\"wp-block-heading\"><strong>FGR: Emilio Lozoya solicit\u00f3 el criterio de oportunidad para se\u00f1alar a sus c\u00f3mplices<\/strong><\/h2>\n\n\n\n<p>La<strong> FGR<\/strong> se\u00f1al\u00f3 que desde 2017, la entonces Procuradur\u00eda General de la Rep\u00fablica (PGR) \u201ccongel\u00f3\u201d el esc\u00e1ndalo de corrupci\u00f3n internacional de Am\u00e9rica Latina: Odebrecht.<\/p>\n\n\n\n<p>Sin embargo, fue la FGR quien investig\u00f3 &nbsp;el caso, as\u00ed como el de Agronitrogenados, en los que<strong> Emilio Lozoya<\/strong> \u201cera uno de los principales responsables\u201d.<\/p>\n\n\n\n<p>La Fiscal\u00eda apunt\u00f3 que se obtuvo la judicializaci\u00f3n de Lozoya, sin embargo, alguien lo alert\u00f3 y dio la oportunidad de huir.<\/p>\n\n\n\n<p>Emilio Lozoya solicit\u00f3 el criterio de oportunidad, se\u00f1alado en el art\u00edculo 256 del C\u00f3digo Nacional de Procedimientos Penales, para se\u00f1alar a sus c\u00f3mplices y encubridores en ambos casos.<\/p>\n\n\n\n<p>Esto luego de que , tras un a\u00f1os de fuga, Lozoya fuera localizado en Espa\u00f1a gracias al apoyo de la INTERPOL.<\/p>\n\n\n\n<p>Adem\u00e1s, <strong>Emilio Lozoya<\/strong> ya hab\u00eda perdido en todas las instancias de extradici\u00f3n \u201cfrente a las acciones de la FGR\u201d.<\/p>\n","protected":false},"excerpt":{"rendered":"<p>La Fiscal\u00eda General de la Rep\u00fablica (FGR) respondi\u00f3 al caso de Emilio Lozoya, luego de que el exdirector de Pemex fuera visto en un restaurante de lujo de la CDMX la noche del 9 de agosto. La FGR informa en un comunicado lanzado hoy 11 de octubre que Emilio Lozoya sigue siendo procesado y su [&hellip;]<\/p>\n","protected":false},"author":2,"featured_media":3461,"comment_status":"closed","ping_status":"closed","sticky":false,"template":"","format":"standard","meta":{"footnotes":""},"categories":[19],"tags":[],"class_list":{"0":"post-3460","1":"post","2":"type-post","3":"status-publish","4":"format-standard","5":"has-post-thumbnail","7":"category-nacional"},"yoast_head":"<!-- This site is optimized with the Yoast SEO plugin v27.4 - https:\/\/yoast.com\/product\/yoast-seo-wordpress\/ -->\n<title>FGR responde a cr\u00edticas: Emilio Lozoya sigue siendo procesado y su tiempo para aportar pruebas termina el 3 de noviembre - LA BRAVA RADIO<\/title>\n<meta name=\"description\" content=\"Lozoya solicit\u00f3 el criterio de oportunidad, en el art\u00edculo 256 del C\u00f3digo Nacional de Procedimientos Penales, para se\u00f1alar a sus c\u00f3mplices\" \/>\n<meta name=\"robots\" content=\"index, follow, max-snippet:-1, max-image-preview:large, max-video-preview:-1\" \/>\n<link rel=\"canonical\" href=\"https:\/\/www.bbmnoticias.com\/labravaradiofm\/2021\/10\/11\/fgr-responde-a-criticas-emilio-lozoya-sigue-siendo-procesado-y-su-tiempo-para-aportar-pruebas-termina-el-3-de-noviembre\/\" \/>\n<meta property=\"og:locale\" content=\"es_MX\" \/>\n<meta property=\"og:type\" content=\"article\" \/>\n<meta property=\"og:title\" content=\"FGR responde a cr\u00edticas: Emilio Lozoya sigue siendo procesado y su tiempo para aportar pruebas termina el 3 de noviembre - LA BRAVA RADIO\" \/>\n<meta property=\"og:description\" content=\"Lozoya solicit\u00f3 el criterio de oportunidad, en el art\u00edculo 256 del C\u00f3digo Nacional de Procedimientos Penales, para se\u00f1alar a sus c\u00f3mplices\" \/>\n<meta property=\"og:url\" content=\"https:\/\/www.bbmnoticias.com\/labravaradiofm\/2021\/10\/11\/fgr-responde-a-criticas-emilio-lozoya-sigue-siendo-procesado-y-su-tiempo-para-aportar-pruebas-termina-el-3-de-noviembre\/\" \/>\n<meta property=\"og:site_name\" content=\"LA BRAVA RADIO\" \/>\n<meta property=\"article:published_time\" content=\"2021-10-11T18:42:19+00:00\" \/>\n<meta property=\"article:modified_time\" content=\"2021-10-11T18:42:20+00:00\" \/>\n<meta property=\"og:image\" content=\"https:\/\/www.bbmnoticias.com\/labravaradiofm\/wp-content\/uploads\/sites\/5\/2021\/10\/nacional11102021-6.jpg\" \/>\n\t<meta property=\"og:image:width\" content=\"640\" \/>\n\t<meta property=\"og:image:height\" content=\"360\" \/>\n\t<meta property=\"og:image:type\" content=\"image\/jpeg\" \/>\n<meta name=\"author\" content=\"Staff\" \/>\n<meta name=\"twitter:card\" content=\"summary_large_image\" \/>\n<meta name=\"twitter:label1\" content=\"Escrito por\" \/>\n\t<meta name=\"twitter:data1\" content=\"Staff\" \/>\n\t<meta name=\"twitter:label2\" content=\"Tiempo de lectura\" \/>\n\t<meta name=\"twitter:data2\" content=\"1 minuto\" \/>\n<script type=\"application\/ld+json\" class=\"yoast-schema-graph\">{\"@context\":\"https:\\\/\\\/schema.org\",\"@graph\":[{\"@type\":\"Article\",\"@id\":\"https:\\\/\\\/www.bbmnoticias.com\\\/labravaradiofm\\\/2021\\\/10\\\/11\\\/fgr-responde-a-criticas-emilio-lozoya-sigue-siendo-procesado-y-su-tiempo-para-aportar-pruebas-termina-el-3-de-noviembre\\\/#article\",\"isPartOf\":{\"@id\":\"https:\\\/\\\/www.bbmnoticias.com\\\/labravaradiofm\\\/2021\\\/10\\\/11\\\/fgr-responde-a-criticas-emilio-lozoya-sigue-siendo-procesado-y-su-tiempo-para-aportar-pruebas-termina-el-3-de-noviembre\\\/\"},\"author\":{\"name\":\"Staff\",\"@id\":\"https:\\\/\\\/www.bbmnoticias.com\\\/labravaradiofm\\\/#\\\/schema\\\/person\\\/34b139c617a70ea5bef5678bffe4dd7b\"},\"headline\":\"FGR responde a cr\u00edticas: Emilio Lozoya sigue siendo procesado y su tiempo para aportar pruebas termina el 3 de noviembre\",\"datePublished\":\"2021-10-11T18:42:19+00:00\",\"dateModified\":\"2021-10-11T18:42:20+00:00\",\"mainEntityOfPage\":{\"@id\":\"https:\\\/\\\/www.bbmnoticias.com\\\/labravaradiofm\\\/2021\\\/10\\\/11\\\/fgr-responde-a-criticas-emilio-lozoya-sigue-siendo-procesado-y-su-tiempo-para-aportar-pruebas-termina-el-3-de-noviembre\\\/\"},\"wordCount\":252,\"image\":{\"@id\":\"https:\\\/\\\/www.bbmnoticias.com\\\/labravaradiofm\\\/2021\\\/10\\\/11\\\/fgr-responde-a-criticas-emilio-lozoya-sigue-siendo-procesado-y-su-tiempo-para-aportar-pruebas-termina-el-3-de-noviembre\\\/#primaryimage\"},\"thumbnailUrl\":\"https:\\\/\\\/www.bbmnoticias.com\\\/labravaradiofm\\\/wp-content\\\/uploads\\\/sites\\\/5\\\/2021\\\/10\\\/nacional11102021-6.jpg\",\"articleSection\":[\"NACIONAL\"],\"inLanguage\":\"es\"},{\"@type\":\"WebPage\",\"@id\":\"https:\\\/\\\/www.bbmnoticias.com\\\/labravaradiofm\\\/2021\\\/10\\\/11\\\/fgr-responde-a-criticas-emilio-lozoya-sigue-siendo-procesado-y-su-tiempo-para-aportar-pruebas-termina-el-3-de-noviembre\\\/\",\"url\":\"https:\\\/\\\/www.bbmnoticias.com\\\/labravaradiofm\\\/2021\\\/10\\\/11\\\/fgr-responde-a-criticas-emilio-lozoya-sigue-siendo-procesado-y-su-tiempo-para-aportar-pruebas-termina-el-3-de-noviembre\\\/\",\"name\":\"FGR responde a cr\u00edticas: Emilio Lozoya sigue siendo procesado y su tiempo para aportar pruebas termina el 3 de noviembre - LA BRAVA RADIO\",\"isPartOf\":{\"@id\":\"https:\\\/\\\/www.bbmnoticias.com\\\/labravaradiofm\\\/#website\"},\"primaryImageOfPage\":{\"@id\":\"https:\\\/\\\/www.bbmnoticias.com\\\/labravaradiofm\\\/2021\\\/10\\\/11\\\/fgr-responde-a-criticas-emilio-lozoya-sigue-siendo-procesado-y-su-tiempo-para-aportar-pruebas-termina-el-3-de-noviembre\\\/#primaryimage\"},\"image\":{\"@id\":\"https:\\\/\\\/www.bbmnoticias.com\\\/labravaradiofm\\\/2021\\\/10\\\/11\\\/fgr-responde-a-criticas-emilio-lozoya-sigue-siendo-procesado-y-su-tiempo-para-aportar-pruebas-termina-el-3-de-noviembre\\\/#primaryimage\"},\"thumbnailUrl\":\"https:\\\/\\\/www.bbmnoticias.com\\\/labravaradiofm\\\/wp-content\\\/uploads\\\/sites\\\/5\\\/2021\\\/10\\\/nacional11102021-6.jpg\",\"datePublished\":\"2021-10-11T18:42:19+00:00\",\"dateModified\":\"2021-10-11T18:42:20+00:00\",\"author\":{\"@id\":\"https:\\\/\\\/www.bbmnoticias.com\\\/labravaradiofm\\\/#\\\/schema\\\/person\\\/34b139c617a70ea5bef5678bffe4dd7b\"},\"description\":\"Lozoya solicit\u00f3 el criterio de oportunidad, en el art\u00edculo 256 del C\u00f3digo Nacional de Procedimientos Penales, para se\u00f1alar a sus c\u00f3mplices\",\"breadcrumb\":{\"@id\":\"https:\\\/\\\/www.bbmnoticias.com\\\/labravaradiofm\\\/2021\\\/10\\\/11\\\/fgr-responde-a-criticas-emilio-lozoya-sigue-siendo-procesado-y-su-tiempo-para-aportar-pruebas-termina-el-3-de-noviembre\\\/#breadcrumb\"},\"inLanguage\":\"es\",\"potentialAction\":[{\"@type\":\"ReadAction\",\"target\":[\"https:\\\/\\\/www.bbmnoticias.com\\\/labravaradiofm\\\/2021\\\/10\\\/11\\\/fgr-responde-a-criticas-emilio-lozoya-sigue-siendo-procesado-y-su-tiempo-para-aportar-pruebas-termina-el-3-de-noviembre\\\/\"]}]},{\"@type\":\"ImageObject\",\"inLanguage\":\"es\",\"@id\":\"https:\\\/\\\/www.bbmnoticias.com\\\/labravaradiofm\\\/2021\\\/10\\\/11\\\/fgr-responde-a-criticas-emilio-lozoya-sigue-siendo-procesado-y-su-tiempo-para-aportar-pruebas-termina-el-3-de-noviembre\\\/#primaryimage\",\"url\":\"https:\\\/\\\/www.bbmnoticias.com\\\/labravaradiofm\\\/wp-content\\\/uploads\\\/sites\\\/5\\\/2021\\\/10\\\/nacional11102021-6.jpg\",\"contentUrl\":\"https:\\\/\\\/www.bbmnoticias.com\\\/labravaradiofm\\\/wp-content\\\/uploads\\\/sites\\\/5\\\/2021\\\/10\\\/nacional11102021-6.jpg\",\"width\":640,\"height\":360},{\"@type\":\"BreadcrumbList\",\"@id\":\"https:\\\/\\\/www.bbmnoticias.com\\\/labravaradiofm\\\/2021\\\/10\\\/11\\\/fgr-responde-a-criticas-emilio-lozoya-sigue-siendo-procesado-y-su-tiempo-para-aportar-pruebas-termina-el-3-de-noviembre\\\/#breadcrumb\",\"itemListElement\":[{\"@type\":\"ListItem\",\"position\":1,\"name\":\"Inicio\",\"item\":\"https:\\\/\\\/www.bbmnoticias.com\\\/labravaradiofm\\\/\"},{\"@type\":\"ListItem\",\"position\":2,\"name\":\"FGR responde a cr\u00edticas: Emilio Lozoya sigue siendo procesado y su tiempo para aportar pruebas termina el 3 de noviembre\"}]},{\"@type\":\"WebSite\",\"@id\":\"https:\\\/\\\/www.bbmnoticias.com\\\/labravaradiofm\\\/#website\",\"url\":\"https:\\\/\\\/www.bbmnoticias.com\\\/labravaradiofm\\\/\",\"name\":\"LA BRAVA RADIO\",\"description\":\"Empresa productora de medios, Radiodifusi\u00f3n, Noticias, tendencias y todo lo que necesitas saber de la pol\u00edtica mexicana e internacional; entretenimiento, espect\u00e1culos, salud y mucho m\u00e1s.\",\"potentialAction\":[{\"@type\":\"SearchAction\",\"target\":{\"@type\":\"EntryPoint\",\"urlTemplate\":\"https:\\\/\\\/www.bbmnoticias.com\\\/labravaradiofm\\\/?s={search_term_string}\"},\"query-input\":{\"@type\":\"PropertyValueSpecification\",\"valueRequired\":true,\"valueName\":\"search_term_string\"}}],\"inLanguage\":\"es\"},{\"@type\":\"Person\",\"@id\":\"https:\\\/\\\/www.bbmnoticias.com\\\/labravaradiofm\\\/#\\\/schema\\\/person\\\/34b139c617a70ea5bef5678bffe4dd7b\",\"name\":\"Staff\",\"image\":{\"@type\":\"ImageObject\",\"inLanguage\":\"es\",\"@id\":\"https:\\\/\\\/secure.gravatar.com\\\/avatar\\\/fdd21ad66fd8b98c407f9dee5b5e588cfe7f0d8579ec20fa6527cd59bab7f0f0?s=96&d=mm&r=g\",\"url\":\"https:\\\/\\\/secure.gravatar.com\\\/avatar\\\/fdd21ad66fd8b98c407f9dee5b5e588cfe7f0d8579ec20fa6527cd59bab7f0f0?s=96&d=mm&r=g\",\"contentUrl\":\"https:\\\/\\\/secure.gravatar.com\\\/avatar\\\/fdd21ad66fd8b98c407f9dee5b5e588cfe7f0d8579ec20fa6527cd59bab7f0f0?s=96&d=mm&r=g\",\"caption\":\"Staff\"},\"url\":\"https:\\\/\\\/www.bbmnoticias.com\\\/labravaradiofm\\\/author\\\/redaccion\\\/\"}]}<\/script>\n<!-- \/ Yoast SEO plugin. -->","yoast_head_json":{"title":"FGR responde a cr\u00edticas: Emilio Lozoya sigue siendo procesado y su tiempo para aportar pruebas termina el 3 de noviembre - LA BRAVA RADIO","description":"Lozoya solicit\u00f3 el criterio de oportunidad, en el art\u00edculo 256 del C\u00f3digo Nacional de Procedimientos Penales, para se\u00f1alar a sus c\u00f3mplices","robots":{"index":"index","follow":"follow","max-snippet":"max-snippet:-1","max-image-preview":"max-image-preview:large","max-video-preview":"max-video-preview:-1"},"canonical":"https:\/\/www.bbmnoticias.com\/labravaradiofm\/2021\/10\/11\/fgr-responde-a-criticas-emilio-lozoya-sigue-siendo-procesado-y-su-tiempo-para-aportar-pruebas-termina-el-3-de-noviembre\/","og_locale":"es_MX","og_type":"article","og_title":"FGR responde a cr\u00edticas: Emilio Lozoya sigue siendo procesado y su tiempo para aportar pruebas termina el 3 de noviembre - LA BRAVA RADIO","og_description":"Lozoya solicit\u00f3 el criterio de oportunidad, en el art\u00edculo 256 del C\u00f3digo Nacional de Procedimientos Penales, para se\u00f1alar a sus c\u00f3mplices","og_url":"https:\/\/www.bbmnoticias.com\/labravaradiofm\/2021\/10\/11\/fgr-responde-a-criticas-emilio-lozoya-sigue-siendo-procesado-y-su-tiempo-para-aportar-pruebas-termina-el-3-de-noviembre\/","og_site_name":"LA BRAVA RADIO","article_published_time":"2021-10-11T18:42:19+00:00","article_modified_time":"2021-10-11T18:42:20+00:00","og_image":[{"width":640,"height":360,"url":"https:\/\/www.bbmnoticias.com\/labravaradiofm\/wp-content\/uploads\/sites\/5\/2021\/10\/nacional11102021-6.jpg","type":"image\/jpeg"}],"author":"Staff","twitter_card":"summary_large_image","twitter_misc":{"Escrito por":"Staff","Tiempo de lectura":"1 minuto"},"schema":{"@context":"https:\/\/schema.org","@graph":[{"@type":"Article","@id":"https:\/\/www.bbmnoticias.com\/labravaradiofm\/2021\/10\/11\/fgr-responde-a-criticas-emilio-lozoya-sigue-siendo-procesado-y-su-tiempo-para-aportar-pruebas-termina-el-3-de-noviembre\/#article","isPartOf":{"@id":"https:\/\/www.bbmnoticias.com\/labravaradiofm\/2021\/10\/11\/fgr-responde-a-criticas-emilio-lozoya-sigue-siendo-procesado-y-su-tiempo-para-aportar-pruebas-termina-el-3-de-noviembre\/"},"author":{"name":"Staff","@id":"https:\/\/www.bbmnoticias.com\/labravaradiofm\/#\/schema\/person\/34b139c617a70ea5bef5678bffe4dd7b"},"headline":"FGR responde a cr\u00edticas: Emilio Lozoya sigue siendo procesado y su tiempo para aportar pruebas termina el 3 de noviembre","datePublished":"2021-10-11T18:42:19+00:00","dateModified":"2021-10-11T18:42:20+00:00","mainEntityOfPage":{"@id":"https:\/\/www.bbmnoticias.com\/labravaradiofm\/2021\/10\/11\/fgr-responde-a-criticas-emilio-lozoya-sigue-siendo-procesado-y-su-tiempo-para-aportar-pruebas-termina-el-3-de-noviembre\/"},"wordCount":252,"image":{"@id":"https:\/\/www.bbmnoticias.com\/labravaradiofm\/2021\/10\/11\/fgr-responde-a-criticas-emilio-lozoya-sigue-siendo-procesado-y-su-tiempo-para-aportar-pruebas-termina-el-3-de-noviembre\/#primaryimage"},"thumbnailUrl":"https:\/\/www.bbmnoticias.com\/labravaradiofm\/wp-content\/uploads\/sites\/5\/2021\/10\/nacional11102021-6.jpg","articleSection":["NACIONAL"],"inLanguage":"es"},{"@type":"WebPage","@id":"https:\/\/www.bbmnoticias.com\/labravaradiofm\/2021\/10\/11\/fgr-responde-a-criticas-emilio-lozoya-sigue-siendo-procesado-y-su-tiempo-para-aportar-pruebas-termina-el-3-de-noviembre\/","url":"https:\/\/www.bbmnoticias.com\/labravaradiofm\/2021\/10\/11\/fgr-responde-a-criticas-emilio-lozoya-sigue-siendo-procesado-y-su-tiempo-para-aportar-pruebas-termina-el-3-de-noviembre\/","name":"FGR responde a cr\u00edticas: Emilio Lozoya sigue siendo procesado y su tiempo para aportar pruebas termina el 3 de noviembre - LA BRAVA RADIO","isPartOf":{"@id":"https:\/\/www.bbmnoticias.com\/labravaradiofm\/#website"},"primaryImageOfPage":{"@id":"https:\/\/www.bbmnoticias.com\/labravaradiofm\/2021\/10\/11\/fgr-responde-a-criticas-emilio-lozoya-sigue-siendo-procesado-y-su-tiempo-para-aportar-pruebas-termina-el-3-de-noviembre\/#primaryimage"},"image":{"@id":"https:\/\/www.bbmnoticias.com\/labravaradiofm\/2021\/10\/11\/fgr-responde-a-criticas-emilio-lozoya-sigue-siendo-procesado-y-su-tiempo-para-aportar-pruebas-termina-el-3-de-noviembre\/#primaryimage"},"thumbnailUrl":"https:\/\/www.bbmnoticias.com\/labravaradiofm\/wp-content\/uploads\/sites\/5\/2021\/10\/nacional11102021-6.jpg","datePublished":"2021-10-11T18:42:19+00:00","dateModified":"2021-10-11T18:42:20+00:00","author":{"@id":"https:\/\/www.bbmnoticias.com\/labravaradiofm\/#\/schema\/person\/34b139c617a70ea5bef5678bffe4dd7b"},"description":"Lozoya solicit\u00f3 el criterio de oportunidad, en el art\u00edculo 256 del C\u00f3digo Nacional de Procedimientos Penales, para se\u00f1alar a sus c\u00f3mplices","breadcrumb":{"@id":"https:\/\/www.bbmnoticias.com\/labravaradiofm\/2021\/10\/11\/fgr-responde-a-criticas-emilio-lozoya-sigue-siendo-procesado-y-su-tiempo-para-aportar-pruebas-termina-el-3-de-noviembre\/#breadcrumb"},"inLanguage":"es","potentialAction":[{"@type":"ReadAction","target":["https:\/\/www.bbmnoticias.com\/labravaradiofm\/2021\/10\/11\/fgr-responde-a-criticas-emilio-lozoya-sigue-siendo-procesado-y-su-tiempo-para-aportar-pruebas-termina-el-3-de-noviembre\/"]}]},{"@type":"ImageObject","inLanguage":"es","@id":"https:\/\/www.bbmnoticias.com\/labravaradiofm\/2021\/10\/11\/fgr-responde-a-criticas-emilio-lozoya-sigue-siendo-procesado-y-su-tiempo-para-aportar-pruebas-termina-el-3-de-noviembre\/#primaryimage","url":"https:\/\/www.bbmnoticias.com\/labravaradiofm\/wp-content\/uploads\/sites\/5\/2021\/10\/nacional11102021-6.jpg","contentUrl":"https:\/\/www.bbmnoticias.com\/labravaradiofm\/wp-content\/uploads\/sites\/5\/2021\/10\/nacional11102021-6.jpg","width":640,"height":360},{"@type":"BreadcrumbList","@id":"https:\/\/www.bbmnoticias.com\/labravaradiofm\/2021\/10\/11\/fgr-responde-a-criticas-emilio-lozoya-sigue-siendo-procesado-y-su-tiempo-para-aportar-pruebas-termina-el-3-de-noviembre\/#breadcrumb","itemListElement":[{"@type":"ListItem","position":1,"name":"Inicio","item":"https:\/\/www.bbmnoticias.com\/labravaradiofm\/"},{"@type":"ListItem","position":2,"name":"FGR responde a cr\u00edticas: Emilio Lozoya sigue siendo procesado y su tiempo para aportar pruebas termina el 3 de noviembre"}]},{"@type":"WebSite","@id":"https:\/\/www.bbmnoticias.com\/labravaradiofm\/#website","url":"https:\/\/www.bbmnoticias.com\/labravaradiofm\/","name":"LA BRAVA RADIO","description":"Empresa productora de medios, Radiodifusi\u00f3n, Noticias, tendencias y todo lo que necesitas saber de la pol\u00edtica mexicana e internacional; entretenimiento, espect\u00e1culos, salud y mucho m\u00e1s.","potentialAction":[{"@type":"SearchAction","target":{"@type":"EntryPoint","urlTemplate":"https:\/\/www.bbmnoticias.com\/labravaradiofm\/?s={search_term_string}"},"query-input":{"@type":"PropertyValueSpecification","valueRequired":true,"valueName":"search_term_string"}}],"inLanguage":"es"},{"@type":"Person","@id":"https:\/\/www.bbmnoticias.com\/labravaradiofm\/#\/schema\/person\/34b139c617a70ea5bef5678bffe4dd7b","name":"Staff","image":{"@type":"ImageObject","inLanguage":"es","@id":"https:\/\/secure.gravatar.com\/avatar\/fdd21ad66fd8b98c407f9dee5b5e588cfe7f0d8579ec20fa6527cd59bab7f0f0?s=96&d=mm&r=g","url":"https:\/\/secure.gravatar.com\/avatar\/fdd21ad66fd8b98c407f9dee5b5e588cfe7f0d8579ec20fa6527cd59bab7f0f0?s=96&d=mm&r=g","contentUrl":"https:\/\/secure.gravatar.com\/avatar\/fdd21ad66fd8b98c407f9dee5b5e588cfe7f0d8579ec20fa6527cd59bab7f0f0?s=96&d=mm&r=g","caption":"Staff"},"url":"https:\/\/www.bbmnoticias.com\/labravaradiofm\/author\/redaccion\/"}]}},"_links":{"self":[{"href":"https:\/\/www.bbmnoticias.com\/labravaradiofm\/wp-json\/wp\/v2\/posts\/3460","targetHints":{"allow":["GET"]}}],"collection":[{"href":"https:\/\/www.bbmnoticias.com\/labravaradiofm\/wp-json\/wp\/v2\/posts"}],"about":[{"href":"https:\/\/www.bbmnoticias.com\/labravaradiofm\/wp-json\/wp\/v2\/types\/post"}],"author":[{"embeddable":true,"href":"https:\/\/www.bbmnoticias.com\/labravaradiofm\/wp-json\/wp\/v2\/users\/2"}],"replies":[{"embeddable":true,"href":"https:\/\/www.bbmnoticias.com\/labravaradiofm\/wp-json\/wp\/v2\/comments?post=3460"}],"version-history":[{"count":0,"href":"https:\/\/www.bbmnoticias.com\/labravaradiofm\/wp-json\/wp\/v2\/posts\/3460\/revisions"}],"wp:featuredmedia":[{"embeddable":true,"href":"https:\/\/www.bbmnoticias.com\/labravaradiofm\/wp-json\/wp\/v2\/media\/3461"}],"wp:attachment":[{"href":"https:\/\/www.bbmnoticias.com\/labravaradiofm\/wp-json\/wp\/v2\/media?parent=3460"}],"wp:term":[{"taxonomy":"category","embeddable":true,"href":"https:\/\/www.bbmnoticias.com\/labravaradiofm\/wp-json\/wp\/v2\/categories?post=3460"},{"taxonomy":"post_tag","embeddable":true,"href":"https:\/\/www.bbmnoticias.com\/labravaradiofm\/wp-json\/wp\/v2\/tags?post=3460"}],"curies":[{"name":"wp","href":"https:\/\/api.w.org\/{rel}","templated":true}]}}