{"id":3448,"date":"2021-10-11T12:05:29","date_gmt":"2021-10-11T17:05:29","guid":{"rendered":"https:\/\/www.bbmnoticias.com\/labravaradiofm\/?p=3448"},"modified":"2021-10-11T12:05:30","modified_gmt":"2021-10-11T17:05:30","slug":"autoridades-agrarias-y-municipales-de-valles-centrales-reciben-amenazas-en-movilizacion-por-exigir-cancelacion-de-proyecto-minero","status":"publish","type":"post","link":"https:\/\/www.bbmnoticias.com\/labravaradiofm\/2021\/10\/11\/autoridades-agrarias-y-municipales-de-valles-centrales-reciben-amenazas-en-movilizacion-por-exigir-cancelacion-de-proyecto-minero\/","title":{"rendered":"Autoridades agrarias y municipales de Valles Centrales reciben amenazas en movilizaci\u00f3n por exigir cancelaci\u00f3n de proyecto minero"},"content":{"rendered":"<div style=\"margin-top: 0px; margin-bottom: 0px;\" class=\"sharethis-inline-share-buttons\" ><\/div>\n<p>Las autoridades municipales y agrarias integrantes del Frente no a la miner\u00eda por un futuro de Todxs denunciamos que el d\u00eda de hoy, 11 de octubre de 2021 hemos recibido amenazas durante la movilizaci\u00f3n efectuada para exigir la cancelaci\u00f3n del proyecto minero San Jos\u00e9, operado por Fortuna Silver Mines.<\/p>\n\n\n\n<p>En la primera ocasi\u00f3n, personas dijeron que \u00abiban a venir personas para quitar el bloqueo, que a ellos no les gustaba esa \u00abchingadera\u00bb \u00bb se\u00f1alaron que la gente que estaba en el bloqueo no era de Magdalena\u00bb, dijeron \u00abque ellos traer\u00edan armas para sacar a los de la movilizaci\u00f3n\u00bb las autoridades integrantes del Frente tambi\u00e9n han recibido mensajes diciendo que: \u00abya sabemos qui\u00e9nes son, que los tenemos ubicados\u00bb.<\/p>\n\n\n\n<p>Quienes suscribimos somos autoridades municipales constitucionales y \u00f3rganos de representaci\u00f3n agraria de 10 comunidades que en ejercicio de nuestra libre determinaci\u00f3n mantenemos una oposici\u00f3n rotunda a la empresa minera Cuzcatl\u00e1n, filial de la Canadiense Fortuna Silver Mines.<\/p>\n\n\n\n<p>Nuestra acci\u00f3n de movilizaci\u00f3n es pac\u00edfica, se encuentran apegadas a derecho, en el marco constitucional y en cumplimiento a los acuerdos de las asamblea generales de prohibir las actividades mineras.<\/p>\n\n\n\n<p>En la movilizaci\u00f3n tambi\u00e9n se encuentra presente la Defensor\u00eda de los Derechos Humanos del Pueblo de Oaxaca.<\/p>\n\n\n\n<p>Responsabilizamos a la empresa minera Cuzcatl\u00e1n-FSM por cualquier por agresi\u00f3n hacia las autoridades o ciudadanas\/ciudadanos de Valles Centrales.<\/p>\n","protected":false},"excerpt":{"rendered":"<p>Las autoridades municipales y agrarias integrantes del Frente no a la miner\u00eda por un futuro de Todxs denunciamos que el d\u00eda de hoy, 11 de octubre de 2021 hemos recibido amenazas durante la movilizaci\u00f3n efectuada para exigir la cancelaci\u00f3n del proyecto minero San Jos\u00e9, operado por Fortuna Silver Mines. En la primera ocasi\u00f3n, personas dijeron [&hellip;]<\/p>\n","protected":false},"author":2,"featured_media":3449,"comment_status":"closed","ping_status":"closed","sticky":false,"template":"","format":"standard","meta":{"footnotes":""},"categories":[2],"tags":[],"class_list":{"0":"post-3448","1":"post","2":"type-post","3":"status-publish","4":"format-standard","5":"has-post-thumbnail","7":"category-oaxaca"},"yoast_head":"<!-- This site is optimized with the Yoast SEO plugin v27.4 - https:\/\/yoast.com\/product\/yoast-seo-wordpress\/ -->\n<title>Autoridades agrarias y municipales de Valles Centrales reciben amenazas en movilizaci\u00f3n por exigir cancelaci\u00f3n de proyecto minero - LA BRAVA RADIO<\/title>\n<meta name=\"description\" content=\"En la primera ocasi\u00f3n, personas dijeron que \u00abiban a venir para quitar el bloqueo, que a ellos no les gustaba esa \u00abchingadera\u00bb \u00bb se\u00f1alaron\" \/>\n<meta name=\"robots\" content=\"index, follow, max-snippet:-1, max-image-preview:large, max-video-preview:-1\" \/>\n<link rel=\"canonical\" href=\"https:\/\/www.bbmnoticias.com\/labravaradiofm\/2021\/10\/11\/autoridades-agrarias-y-municipales-de-valles-centrales-reciben-amenazas-en-movilizacion-por-exigir-cancelacion-de-proyecto-minero\/\" \/>\n<meta property=\"og:locale\" content=\"es_MX\" \/>\n<meta property=\"og:type\" content=\"article\" \/>\n<meta property=\"og:title\" content=\"Autoridades agrarias y municipales de Valles Centrales reciben amenazas en movilizaci\u00f3n por exigir cancelaci\u00f3n de proyecto minero - LA BRAVA RADIO\" \/>\n<meta property=\"og:description\" content=\"En la primera ocasi\u00f3n, personas dijeron que \u00abiban a venir para quitar el bloqueo, que a ellos no les gustaba esa \u00abchingadera\u00bb \u00bb se\u00f1alaron\" \/>\n<meta property=\"og:url\" content=\"https:\/\/www.bbmnoticias.com\/labravaradiofm\/2021\/10\/11\/autoridades-agrarias-y-municipales-de-valles-centrales-reciben-amenazas-en-movilizacion-por-exigir-cancelacion-de-proyecto-minero\/\" \/>\n<meta property=\"og:site_name\" content=\"LA BRAVA RADIO\" \/>\n<meta property=\"article:published_time\" content=\"2021-10-11T17:05:29+00:00\" \/>\n<meta property=\"article:modified_time\" content=\"2021-10-11T17:05:30+00:00\" \/>\n<meta property=\"og:image\" content=\"https:\/\/www.bbmnoticias.com\/labravaradiofm\/wp-content\/uploads\/sites\/5\/2021\/10\/local11102021-5.png\" \/>\n\t<meta property=\"og:image:width\" content=\"1280\" \/>\n\t<meta property=\"og:image:height\" content=\"960\" \/>\n\t<meta property=\"og:image:type\" content=\"image\/png\" \/>\n<meta name=\"author\" content=\"Staff\" \/>\n<meta name=\"twitter:card\" content=\"summary_large_image\" \/>\n<meta name=\"twitter:label1\" content=\"Escrito por\" \/>\n\t<meta name=\"twitter:data1\" content=\"Staff\" \/>\n\t<meta name=\"twitter:label2\" content=\"Tiempo de lectura\" \/>\n\t<meta name=\"twitter:data2\" content=\"1 minuto\" \/>\n<script type=\"application\/ld+json\" class=\"yoast-schema-graph\">{\"@context\":\"https:\\\/\\\/schema.org\",\"@graph\":[{\"@type\":\"Article\",\"@id\":\"https:\\\/\\\/www.bbmnoticias.com\\\/labravaradiofm\\\/2021\\\/10\\\/11\\\/autoridades-agrarias-y-municipales-de-valles-centrales-reciben-amenazas-en-movilizacion-por-exigir-cancelacion-de-proyecto-minero\\\/#article\",\"isPartOf\":{\"@id\":\"https:\\\/\\\/www.bbmnoticias.com\\\/labravaradiofm\\\/2021\\\/10\\\/11\\\/autoridades-agrarias-y-municipales-de-valles-centrales-reciben-amenazas-en-movilizacion-por-exigir-cancelacion-de-proyecto-minero\\\/\"},\"author\":{\"name\":\"Staff\",\"@id\":\"https:\\\/\\\/www.bbmnoticias.com\\\/labravaradiofm\\\/#\\\/schema\\\/person\\\/34b139c617a70ea5bef5678bffe4dd7b\"},\"headline\":\"Autoridades agrarias y municipales de Valles Centrales reciben amenazas en movilizaci\u00f3n por exigir cancelaci\u00f3n de proyecto minero\",\"datePublished\":\"2021-10-11T17:05:29+00:00\",\"dateModified\":\"2021-10-11T17:05:30+00:00\",\"mainEntityOfPage\":{\"@id\":\"https:\\\/\\\/www.bbmnoticias.com\\\/labravaradiofm\\\/2021\\\/10\\\/11\\\/autoridades-agrarias-y-municipales-de-valles-centrales-reciben-amenazas-en-movilizacion-por-exigir-cancelacion-de-proyecto-minero\\\/\"},\"wordCount\":257,\"image\":{\"@id\":\"https:\\\/\\\/www.bbmnoticias.com\\\/labravaradiofm\\\/2021\\\/10\\\/11\\\/autoridades-agrarias-y-municipales-de-valles-centrales-reciben-amenazas-en-movilizacion-por-exigir-cancelacion-de-proyecto-minero\\\/#primaryimage\"},\"thumbnailUrl\":\"https:\\\/\\\/www.bbmnoticias.com\\\/labravaradiofm\\\/wp-content\\\/uploads\\\/sites\\\/5\\\/2021\\\/10\\\/local11102021-5.png\",\"articleSection\":[\"LOCAL\"],\"inLanguage\":\"es\"},{\"@type\":\"WebPage\",\"@id\":\"https:\\\/\\\/www.bbmnoticias.com\\\/labravaradiofm\\\/2021\\\/10\\\/11\\\/autoridades-agrarias-y-municipales-de-valles-centrales-reciben-amenazas-en-movilizacion-por-exigir-cancelacion-de-proyecto-minero\\\/\",\"url\":\"https:\\\/\\\/www.bbmnoticias.com\\\/labravaradiofm\\\/2021\\\/10\\\/11\\\/autoridades-agrarias-y-municipales-de-valles-centrales-reciben-amenazas-en-movilizacion-por-exigir-cancelacion-de-proyecto-minero\\\/\",\"name\":\"Autoridades agrarias y municipales de Valles Centrales reciben amenazas en movilizaci\u00f3n por exigir cancelaci\u00f3n de proyecto minero - LA BRAVA RADIO\",\"isPartOf\":{\"@id\":\"https:\\\/\\\/www.bbmnoticias.com\\\/labravaradiofm\\\/#website\"},\"primaryImageOfPage\":{\"@id\":\"https:\\\/\\\/www.bbmnoticias.com\\\/labravaradiofm\\\/2021\\\/10\\\/11\\\/autoridades-agrarias-y-municipales-de-valles-centrales-reciben-amenazas-en-movilizacion-por-exigir-cancelacion-de-proyecto-minero\\\/#primaryimage\"},\"image\":{\"@id\":\"https:\\\/\\\/www.bbmnoticias.com\\\/labravaradiofm\\\/2021\\\/10\\\/11\\\/autoridades-agrarias-y-municipales-de-valles-centrales-reciben-amenazas-en-movilizacion-por-exigir-cancelacion-de-proyecto-minero\\\/#primaryimage\"},\"thumbnailUrl\":\"https:\\\/\\\/www.bbmnoticias.com\\\/labravaradiofm\\\/wp-content\\\/uploads\\\/sites\\\/5\\\/2021\\\/10\\\/local11102021-5.png\",\"datePublished\":\"2021-10-11T17:05:29+00:00\",\"dateModified\":\"2021-10-11T17:05:30+00:00\",\"author\":{\"@id\":\"https:\\\/\\\/www.bbmnoticias.com\\\/labravaradiofm\\\/#\\\/schema\\\/person\\\/34b139c617a70ea5bef5678bffe4dd7b\"},\"description\":\"En la primera ocasi\u00f3n, personas dijeron que \u00abiban a venir para quitar el bloqueo, que a ellos no les gustaba esa \u00abchingadera\u00bb \u00bb se\u00f1alaron\",\"breadcrumb\":{\"@id\":\"https:\\\/\\\/www.bbmnoticias.com\\\/labravaradiofm\\\/2021\\\/10\\\/11\\\/autoridades-agrarias-y-municipales-de-valles-centrales-reciben-amenazas-en-movilizacion-por-exigir-cancelacion-de-proyecto-minero\\\/#breadcrumb\"},\"inLanguage\":\"es\",\"potentialAction\":[{\"@type\":\"ReadAction\",\"target\":[\"https:\\\/\\\/www.bbmnoticias.com\\\/labravaradiofm\\\/2021\\\/10\\\/11\\\/autoridades-agrarias-y-municipales-de-valles-centrales-reciben-amenazas-en-movilizacion-por-exigir-cancelacion-de-proyecto-minero\\\/\"]}]},{\"@type\":\"ImageObject\",\"inLanguage\":\"es\",\"@id\":\"https:\\\/\\\/www.bbmnoticias.com\\\/labravaradiofm\\\/2021\\\/10\\\/11\\\/autoridades-agrarias-y-municipales-de-valles-centrales-reciben-amenazas-en-movilizacion-por-exigir-cancelacion-de-proyecto-minero\\\/#primaryimage\",\"url\":\"https:\\\/\\\/www.bbmnoticias.com\\\/labravaradiofm\\\/wp-content\\\/uploads\\\/sites\\\/5\\\/2021\\\/10\\\/local11102021-5.png\",\"contentUrl\":\"https:\\\/\\\/www.bbmnoticias.com\\\/labravaradiofm\\\/wp-content\\\/uploads\\\/sites\\\/5\\\/2021\\\/10\\\/local11102021-5.png\",\"width\":1280,\"height\":960},{\"@type\":\"BreadcrumbList\",\"@id\":\"https:\\\/\\\/www.bbmnoticias.com\\\/labravaradiofm\\\/2021\\\/10\\\/11\\\/autoridades-agrarias-y-municipales-de-valles-centrales-reciben-amenazas-en-movilizacion-por-exigir-cancelacion-de-proyecto-minero\\\/#breadcrumb\",\"itemListElement\":[{\"@type\":\"ListItem\",\"position\":1,\"name\":\"Inicio\",\"item\":\"https:\\\/\\\/www.bbmnoticias.com\\\/labravaradiofm\\\/\"},{\"@type\":\"ListItem\",\"position\":2,\"name\":\"Autoridades agrarias y municipales de Valles Centrales reciben amenazas en movilizaci\u00f3n por exigir cancelaci\u00f3n de proyecto minero\"}]},{\"@type\":\"WebSite\",\"@id\":\"https:\\\/\\\/www.bbmnoticias.com\\\/labravaradiofm\\\/#website\",\"url\":\"https:\\\/\\\/www.bbmnoticias.com\\\/labravaradiofm\\\/\",\"name\":\"LA BRAVA RADIO\",\"description\":\"Empresa productora de medios, Radiodifusi\u00f3n, Noticias, tendencias y todo lo que necesitas saber de la pol\u00edtica mexicana e internacional; entretenimiento, espect\u00e1culos, salud y mucho m\u00e1s.\",\"potentialAction\":[{\"@type\":\"SearchAction\",\"target\":{\"@type\":\"EntryPoint\",\"urlTemplate\":\"https:\\\/\\\/www.bbmnoticias.com\\\/labravaradiofm\\\/?s={search_term_string}\"},\"query-input\":{\"@type\":\"PropertyValueSpecification\",\"valueRequired\":true,\"valueName\":\"search_term_string\"}}],\"inLanguage\":\"es\"},{\"@type\":\"Person\",\"@id\":\"https:\\\/\\\/www.bbmnoticias.com\\\/labravaradiofm\\\/#\\\/schema\\\/person\\\/34b139c617a70ea5bef5678bffe4dd7b\",\"name\":\"Staff\",\"image\":{\"@type\":\"ImageObject\",\"inLanguage\":\"es\",\"@id\":\"https:\\\/\\\/secure.gravatar.com\\\/avatar\\\/fdd21ad66fd8b98c407f9dee5b5e588cfe7f0d8579ec20fa6527cd59bab7f0f0?s=96&d=mm&r=g\",\"url\":\"https:\\\/\\\/secure.gravatar.com\\\/avatar\\\/fdd21ad66fd8b98c407f9dee5b5e588cfe7f0d8579ec20fa6527cd59bab7f0f0?s=96&d=mm&r=g\",\"contentUrl\":\"https:\\\/\\\/secure.gravatar.com\\\/avatar\\\/fdd21ad66fd8b98c407f9dee5b5e588cfe7f0d8579ec20fa6527cd59bab7f0f0?s=96&d=mm&r=g\",\"caption\":\"Staff\"},\"url\":\"https:\\\/\\\/www.bbmnoticias.com\\\/labravaradiofm\\\/author\\\/redaccion\\\/\"}]}<\/script>\n<!-- \/ Yoast SEO plugin. -->","yoast_head_json":{"title":"Autoridades agrarias y municipales de Valles Centrales reciben amenazas en movilizaci\u00f3n por exigir cancelaci\u00f3n de proyecto minero - LA BRAVA RADIO","description":"En la primera ocasi\u00f3n, personas dijeron que \u00abiban a venir para quitar el bloqueo, que a ellos no les gustaba esa \u00abchingadera\u00bb \u00bb se\u00f1alaron","robots":{"index":"index","follow":"follow","max-snippet":"max-snippet:-1","max-image-preview":"max-image-preview:large","max-video-preview":"max-video-preview:-1"},"canonical":"https:\/\/www.bbmnoticias.com\/labravaradiofm\/2021\/10\/11\/autoridades-agrarias-y-municipales-de-valles-centrales-reciben-amenazas-en-movilizacion-por-exigir-cancelacion-de-proyecto-minero\/","og_locale":"es_MX","og_type":"article","og_title":"Autoridades agrarias y municipales de Valles Centrales reciben amenazas en movilizaci\u00f3n por exigir cancelaci\u00f3n de proyecto minero - LA BRAVA RADIO","og_description":"En la primera ocasi\u00f3n, personas dijeron que \u00abiban a venir para quitar el bloqueo, que a ellos no les gustaba esa \u00abchingadera\u00bb \u00bb se\u00f1alaron","og_url":"https:\/\/www.bbmnoticias.com\/labravaradiofm\/2021\/10\/11\/autoridades-agrarias-y-municipales-de-valles-centrales-reciben-amenazas-en-movilizacion-por-exigir-cancelacion-de-proyecto-minero\/","og_site_name":"LA BRAVA RADIO","article_published_time":"2021-10-11T17:05:29+00:00","article_modified_time":"2021-10-11T17:05:30+00:00","og_image":[{"width":1280,"height":960,"url":"https:\/\/www.bbmnoticias.com\/labravaradiofm\/wp-content\/uploads\/sites\/5\/2021\/10\/local11102021-5.png","type":"image\/png"}],"author":"Staff","twitter_card":"summary_large_image","twitter_misc":{"Escrito por":"Staff","Tiempo de lectura":"1 minuto"},"schema":{"@context":"https:\/\/schema.org","@graph":[{"@type":"Article","@id":"https:\/\/www.bbmnoticias.com\/labravaradiofm\/2021\/10\/11\/autoridades-agrarias-y-municipales-de-valles-centrales-reciben-amenazas-en-movilizacion-por-exigir-cancelacion-de-proyecto-minero\/#article","isPartOf":{"@id":"https:\/\/www.bbmnoticias.com\/labravaradiofm\/2021\/10\/11\/autoridades-agrarias-y-municipales-de-valles-centrales-reciben-amenazas-en-movilizacion-por-exigir-cancelacion-de-proyecto-minero\/"},"author":{"name":"Staff","@id":"https:\/\/www.bbmnoticias.com\/labravaradiofm\/#\/schema\/person\/34b139c617a70ea5bef5678bffe4dd7b"},"headline":"Autoridades agrarias y municipales de Valles Centrales reciben amenazas en movilizaci\u00f3n por exigir cancelaci\u00f3n de proyecto minero","datePublished":"2021-10-11T17:05:29+00:00","dateModified":"2021-10-11T17:05:30+00:00","mainEntityOfPage":{"@id":"https:\/\/www.bbmnoticias.com\/labravaradiofm\/2021\/10\/11\/autoridades-agrarias-y-municipales-de-valles-centrales-reciben-amenazas-en-movilizacion-por-exigir-cancelacion-de-proyecto-minero\/"},"wordCount":257,"image":{"@id":"https:\/\/www.bbmnoticias.com\/labravaradiofm\/2021\/10\/11\/autoridades-agrarias-y-municipales-de-valles-centrales-reciben-amenazas-en-movilizacion-por-exigir-cancelacion-de-proyecto-minero\/#primaryimage"},"thumbnailUrl":"https:\/\/www.bbmnoticias.com\/labravaradiofm\/wp-content\/uploads\/sites\/5\/2021\/10\/local11102021-5.png","articleSection":["LOCAL"],"inLanguage":"es"},{"@type":"WebPage","@id":"https:\/\/www.bbmnoticias.com\/labravaradiofm\/2021\/10\/11\/autoridades-agrarias-y-municipales-de-valles-centrales-reciben-amenazas-en-movilizacion-por-exigir-cancelacion-de-proyecto-minero\/","url":"https:\/\/www.bbmnoticias.com\/labravaradiofm\/2021\/10\/11\/autoridades-agrarias-y-municipales-de-valles-centrales-reciben-amenazas-en-movilizacion-por-exigir-cancelacion-de-proyecto-minero\/","name":"Autoridades agrarias y municipales de Valles Centrales reciben amenazas en movilizaci\u00f3n por exigir cancelaci\u00f3n de proyecto minero - LA BRAVA RADIO","isPartOf":{"@id":"https:\/\/www.bbmnoticias.com\/labravaradiofm\/#website"},"primaryImageOfPage":{"@id":"https:\/\/www.bbmnoticias.com\/labravaradiofm\/2021\/10\/11\/autoridades-agrarias-y-municipales-de-valles-centrales-reciben-amenazas-en-movilizacion-por-exigir-cancelacion-de-proyecto-minero\/#primaryimage"},"image":{"@id":"https:\/\/www.bbmnoticias.com\/labravaradiofm\/2021\/10\/11\/autoridades-agrarias-y-municipales-de-valles-centrales-reciben-amenazas-en-movilizacion-por-exigir-cancelacion-de-proyecto-minero\/#primaryimage"},"thumbnailUrl":"https:\/\/www.bbmnoticias.com\/labravaradiofm\/wp-content\/uploads\/sites\/5\/2021\/10\/local11102021-5.png","datePublished":"2021-10-11T17:05:29+00:00","dateModified":"2021-10-11T17:05:30+00:00","author":{"@id":"https:\/\/www.bbmnoticias.com\/labravaradiofm\/#\/schema\/person\/34b139c617a70ea5bef5678bffe4dd7b"},"description":"En la primera ocasi\u00f3n, personas dijeron que \u00abiban a venir para quitar el bloqueo, que a ellos no les gustaba esa \u00abchingadera\u00bb \u00bb se\u00f1alaron","breadcrumb":{"@id":"https:\/\/www.bbmnoticias.com\/labravaradiofm\/2021\/10\/11\/autoridades-agrarias-y-municipales-de-valles-centrales-reciben-amenazas-en-movilizacion-por-exigir-cancelacion-de-proyecto-minero\/#breadcrumb"},"inLanguage":"es","potentialAction":[{"@type":"ReadAction","target":["https:\/\/www.bbmnoticias.com\/labravaradiofm\/2021\/10\/11\/autoridades-agrarias-y-municipales-de-valles-centrales-reciben-amenazas-en-movilizacion-por-exigir-cancelacion-de-proyecto-minero\/"]}]},{"@type":"ImageObject","inLanguage":"es","@id":"https:\/\/www.bbmnoticias.com\/labravaradiofm\/2021\/10\/11\/autoridades-agrarias-y-municipales-de-valles-centrales-reciben-amenazas-en-movilizacion-por-exigir-cancelacion-de-proyecto-minero\/#primaryimage","url":"https:\/\/www.bbmnoticias.com\/labravaradiofm\/wp-content\/uploads\/sites\/5\/2021\/10\/local11102021-5.png","contentUrl":"https:\/\/www.bbmnoticias.com\/labravaradiofm\/wp-content\/uploads\/sites\/5\/2021\/10\/local11102021-5.png","width":1280,"height":960},{"@type":"BreadcrumbList","@id":"https:\/\/www.bbmnoticias.com\/labravaradiofm\/2021\/10\/11\/autoridades-agrarias-y-municipales-de-valles-centrales-reciben-amenazas-en-movilizacion-por-exigir-cancelacion-de-proyecto-minero\/#breadcrumb","itemListElement":[{"@type":"ListItem","position":1,"name":"Inicio","item":"https:\/\/www.bbmnoticias.com\/labravaradiofm\/"},{"@type":"ListItem","position":2,"name":"Autoridades agrarias y municipales de Valles Centrales reciben amenazas en movilizaci\u00f3n por exigir cancelaci\u00f3n de proyecto minero"}]},{"@type":"WebSite","@id":"https:\/\/www.bbmnoticias.com\/labravaradiofm\/#website","url":"https:\/\/www.bbmnoticias.com\/labravaradiofm\/","name":"LA BRAVA RADIO","description":"Empresa productora de medios, Radiodifusi\u00f3n, Noticias, tendencias y todo lo que necesitas saber de la pol\u00edtica mexicana e internacional; entretenimiento, espect\u00e1culos, salud y mucho m\u00e1s.","potentialAction":[{"@type":"SearchAction","target":{"@type":"EntryPoint","urlTemplate":"https:\/\/www.bbmnoticias.com\/labravaradiofm\/?s={search_term_string}"},"query-input":{"@type":"PropertyValueSpecification","valueRequired":true,"valueName":"search_term_string"}}],"inLanguage":"es"},{"@type":"Person","@id":"https:\/\/www.bbmnoticias.com\/labravaradiofm\/#\/schema\/person\/34b139c617a70ea5bef5678bffe4dd7b","name":"Staff","image":{"@type":"ImageObject","inLanguage":"es","@id":"https:\/\/secure.gravatar.com\/avatar\/fdd21ad66fd8b98c407f9dee5b5e588cfe7f0d8579ec20fa6527cd59bab7f0f0?s=96&d=mm&r=g","url":"https:\/\/secure.gravatar.com\/avatar\/fdd21ad66fd8b98c407f9dee5b5e588cfe7f0d8579ec20fa6527cd59bab7f0f0?s=96&d=mm&r=g","contentUrl":"https:\/\/secure.gravatar.com\/avatar\/fdd21ad66fd8b98c407f9dee5b5e588cfe7f0d8579ec20fa6527cd59bab7f0f0?s=96&d=mm&r=g","caption":"Staff"},"url":"https:\/\/www.bbmnoticias.com\/labravaradiofm\/author\/redaccion\/"}]}},"_links":{"self":[{"href":"https:\/\/www.bbmnoticias.com\/labravaradiofm\/wp-json\/wp\/v2\/posts\/3448","targetHints":{"allow":["GET"]}}],"collection":[{"href":"https:\/\/www.bbmnoticias.com\/labravaradiofm\/wp-json\/wp\/v2\/posts"}],"about":[{"href":"https:\/\/www.bbmnoticias.com\/labravaradiofm\/wp-json\/wp\/v2\/types\/post"}],"author":[{"embeddable":true,"href":"https:\/\/www.bbmnoticias.com\/labravaradiofm\/wp-json\/wp\/v2\/users\/2"}],"replies":[{"embeddable":true,"href":"https:\/\/www.bbmnoticias.com\/labravaradiofm\/wp-json\/wp\/v2\/comments?post=3448"}],"version-history":[{"count":0,"href":"https:\/\/www.bbmnoticias.com\/labravaradiofm\/wp-json\/wp\/v2\/posts\/3448\/revisions"}],"wp:featuredmedia":[{"embeddable":true,"href":"https:\/\/www.bbmnoticias.com\/labravaradiofm\/wp-json\/wp\/v2\/media\/3449"}],"wp:attachment":[{"href":"https:\/\/www.bbmnoticias.com\/labravaradiofm\/wp-json\/wp\/v2\/media?parent=3448"}],"wp:term":[{"taxonomy":"category","embeddable":true,"href":"https:\/\/www.bbmnoticias.com\/labravaradiofm\/wp-json\/wp\/v2\/categories?post=3448"},{"taxonomy":"post_tag","embeddable":true,"href":"https:\/\/www.bbmnoticias.com\/labravaradiofm\/wp-json\/wp\/v2\/tags?post=3448"}],"curies":[{"name":"wp","href":"https:\/\/api.w.org\/{rel}","templated":true}]}}