{"id":3440,"date":"2021-10-11T11:33:25","date_gmt":"2021-10-11T16:33:25","guid":{"rendered":"https:\/\/www.bbmnoticias.com\/labravaradiofm\/?p=3440"},"modified":"2021-10-11T11:33:26","modified_gmt":"2021-10-11T16:33:26","slug":"la-cocei-nueva-generacion-activa-bloqueo-en-el-istmo","status":"publish","type":"post","link":"https:\/\/www.bbmnoticias.com\/labravaradiofm\/2021\/10\/11\/la-cocei-nueva-generacion-activa-bloqueo-en-el-istmo\/","title":{"rendered":"La COCEI-Nueva Generaci\u00f3n activa bloqueo en el Istmo"},"content":{"rendered":"<div style=\"margin-top: 0px; margin-bottom: 0px;\" class=\"sharethis-inline-share-buttons\" ><\/div>\n<p>Tehuantepec, Oaxaca. Integrantes de la Coalici\u00f3n Obrera, Campesina, Estudiantil del Istmo Cocei Nueva Generaci\u00f3n, instalaron un bloqueo carretero sobre la carretera Panamericana tramo Tehuantepec-Jalapa del Marqu\u00e9s a la altura del punto conocido como el Caracol, como parte de una movilizaci\u00f3n de car\u00e1cter regional que anunci\u00f3 esta organizaci\u00f3n para la atenci\u00f3n de diversas demandas sociales.<\/p>\n\n\n\n<p>Esta organizaci\u00f3n anunci\u00f3 esta serie de movilizaciones la semana pasada en conferencia de prensa, ante el abandono al desarrollo, justicia y paz social en que mantiene el Gobierno del Estado a municipios del Istmo.<\/p>\n\n\n\n<p>Los participantes argumentaron que existe negativa de parte del gobierno del Estado en atender su pliego de demandas sociales y que existe cerraz\u00f3n de funcionarios de la Secretar\u00eda General de Gobierno Segego y de la Coordinaci\u00f3n General del Comit\u00e9 Estatal de Planeaci\u00f3n para el Desarrollo de Oaxaca Coplade para establecer una mesa de di\u00e1logo.<\/p>\n\n\n\n<p>En su pliego de demandas sociales, solicitan la liberaci\u00f3n de programas como Techo Firme y Piso Firme, cocinas ecol\u00f3gicas, programas alimentarios, abasto de medicamentos e insumos a los hospitales y centros de salud.<\/p>\n\n\n\n<p>De la misma manera piden la construcci\u00f3n de espacios dignos para alumnos de escuelas de educaci\u00f3n b\u00e1sica de la regi\u00f3n del Istmo y el cumplimento del segundo censo de reconstrucci\u00f3n de viviendas.<\/p>\n\n\n\n<p>Sin olvidar la atenci\u00f3n a los damnificados de las pasadas lluvias en la regi\u00f3n del Istmo.<\/p>\n\n\n\n<p>Para ello, tiene programado adem\u00e1s del bloqueo en la carretera Panamericana uno m\u00e1s en el tramo Tehuantepec-Juchit\u00e1n a la altura de la escuela la IMECA y otros m\u00e1s en el tramo La Venta-Zanatepec, a la altura de la poblaci\u00f3n de Niltepec y en la Autopista La Ventosa-SalinaCruz, altura de Ciudad Ixtepec.<\/p>\n\n\n\n<p>As\u00ed como la toma de oficinas gubernamentales y un planton en la Ciudad de Oaxaca.<\/p>\n","protected":false},"excerpt":{"rendered":"<p>Tehuantepec, Oaxaca. Integrantes de la Coalici\u00f3n Obrera, Campesina, Estudiantil del Istmo Cocei Nueva Generaci\u00f3n, instalaron un bloqueo carretero sobre la carretera Panamericana tramo Tehuantepec-Jalapa del Marqu\u00e9s a la altura del punto conocido como el Caracol, como parte de una movilizaci\u00f3n de car\u00e1cter regional que anunci\u00f3 esta organizaci\u00f3n para la atenci\u00f3n de diversas demandas sociales. Esta [&hellip;]<\/p>\n","protected":false},"author":3,"featured_media":3441,"comment_status":"closed","ping_status":"closed","sticky":false,"template":"","format":"standard","meta":{"footnotes":""},"categories":[2],"tags":[],"class_list":{"0":"post-3440","1":"post","2":"type-post","3":"status-publish","4":"format-standard","5":"has-post-thumbnail","7":"category-oaxaca"},"yoast_head":"<!-- This site is optimized with the Yoast SEO plugin v27.4 - https:\/\/yoast.com\/product\/yoast-seo-wordpress\/ -->\n<title>La COCEI-Nueva Generaci\u00f3n activa bloqueo en el Istmo - LA BRAVA RADIO<\/title>\n<meta name=\"description\" content=\"Esta organizaci\u00f3n anunci\u00f3 esta serie de movilizaciones la semana pasada en conferencia de prensa, ante el abandono al desarrollo\" \/>\n<meta name=\"robots\" content=\"index, follow, max-snippet:-1, max-image-preview:large, max-video-preview:-1\" \/>\n<link rel=\"canonical\" href=\"https:\/\/www.bbmnoticias.com\/labravaradiofm\/2021\/10\/11\/la-cocei-nueva-generacion-activa-bloqueo-en-el-istmo\/\" \/>\n<meta property=\"og:locale\" content=\"es_MX\" \/>\n<meta property=\"og:type\" content=\"article\" \/>\n<meta property=\"og:title\" content=\"La COCEI-Nueva Generaci\u00f3n activa bloqueo en el Istmo - LA BRAVA RADIO\" \/>\n<meta property=\"og:description\" content=\"Esta organizaci\u00f3n anunci\u00f3 esta serie de movilizaciones la semana pasada en conferencia de prensa, ante el abandono al desarrollo\" \/>\n<meta property=\"og:url\" content=\"https:\/\/www.bbmnoticias.com\/labravaradiofm\/2021\/10\/11\/la-cocei-nueva-generacion-activa-bloqueo-en-el-istmo\/\" \/>\n<meta property=\"og:site_name\" content=\"LA BRAVA RADIO\" \/>\n<meta property=\"article:author\" content=\"https:\/\/www.facebook.com\/EdwinMeneses30\" \/>\n<meta property=\"article:published_time\" content=\"2021-10-11T16:33:25+00:00\" \/>\n<meta property=\"article:modified_time\" content=\"2021-10-11T16:33:26+00:00\" \/>\n<meta property=\"og:image\" content=\"https:\/\/www.bbmnoticias.com\/labravaradiofm\/wp-content\/uploads\/sites\/5\/2021\/10\/local11102021-3.jpg\" \/>\n\t<meta property=\"og:image:width\" content=\"960\" \/>\n\t<meta property=\"og:image:height\" content=\"573\" \/>\n\t<meta property=\"og:image:type\" content=\"image\/jpeg\" \/>\n<meta name=\"author\" content=\"Edwin MENESES\" \/>\n<meta name=\"twitter:card\" content=\"summary_large_image\" \/>\n<meta name=\"twitter:creator\" content=\"@https:\/\/twitter.com\/edwin_meneses81\" \/>\n<meta name=\"twitter:label1\" content=\"Escrito por\" \/>\n\t<meta name=\"twitter:data1\" content=\"Edwin MENESES\" \/>\n\t<meta name=\"twitter:label2\" content=\"Tiempo de lectura\" \/>\n\t<meta name=\"twitter:data2\" content=\"2 minutos\" \/>\n<script type=\"application\/ld+json\" class=\"yoast-schema-graph\">{\"@context\":\"https:\\\/\\\/schema.org\",\"@graph\":[{\"@type\":\"Article\",\"@id\":\"https:\\\/\\\/www.bbmnoticias.com\\\/labravaradiofm\\\/2021\\\/10\\\/11\\\/la-cocei-nueva-generacion-activa-bloqueo-en-el-istmo\\\/#article\",\"isPartOf\":{\"@id\":\"https:\\\/\\\/www.bbmnoticias.com\\\/labravaradiofm\\\/2021\\\/10\\\/11\\\/la-cocei-nueva-generacion-activa-bloqueo-en-el-istmo\\\/\"},\"author\":{\"name\":\"Edwin MENESES\",\"@id\":\"https:\\\/\\\/www.bbmnoticias.com\\\/labravaradiofm\\\/#\\\/schema\\\/person\\\/ac8532773d4f65dd24a852ecaf4c3ed0\"},\"headline\":\"La COCEI-Nueva Generaci\u00f3n activa bloqueo en el Istmo\",\"datePublished\":\"2021-10-11T16:33:25+00:00\",\"dateModified\":\"2021-10-11T16:33:26+00:00\",\"mainEntityOfPage\":{\"@id\":\"https:\\\/\\\/www.bbmnoticias.com\\\/labravaradiofm\\\/2021\\\/10\\\/11\\\/la-cocei-nueva-generacion-activa-bloqueo-en-el-istmo\\\/\"},\"wordCount\":325,\"image\":{\"@id\":\"https:\\\/\\\/www.bbmnoticias.com\\\/labravaradiofm\\\/2021\\\/10\\\/11\\\/la-cocei-nueva-generacion-activa-bloqueo-en-el-istmo\\\/#primaryimage\"},\"thumbnailUrl\":\"https:\\\/\\\/www.bbmnoticias.com\\\/labravaradiofm\\\/wp-content\\\/uploads\\\/sites\\\/5\\\/2021\\\/10\\\/local11102021-3.jpg\",\"articleSection\":[\"LOCAL\"],\"inLanguage\":\"es\"},{\"@type\":\"WebPage\",\"@id\":\"https:\\\/\\\/www.bbmnoticias.com\\\/labravaradiofm\\\/2021\\\/10\\\/11\\\/la-cocei-nueva-generacion-activa-bloqueo-en-el-istmo\\\/\",\"url\":\"https:\\\/\\\/www.bbmnoticias.com\\\/labravaradiofm\\\/2021\\\/10\\\/11\\\/la-cocei-nueva-generacion-activa-bloqueo-en-el-istmo\\\/\",\"name\":\"La COCEI-Nueva Generaci\u00f3n activa bloqueo en el Istmo - LA BRAVA RADIO\",\"isPartOf\":{\"@id\":\"https:\\\/\\\/www.bbmnoticias.com\\\/labravaradiofm\\\/#website\"},\"primaryImageOfPage\":{\"@id\":\"https:\\\/\\\/www.bbmnoticias.com\\\/labravaradiofm\\\/2021\\\/10\\\/11\\\/la-cocei-nueva-generacion-activa-bloqueo-en-el-istmo\\\/#primaryimage\"},\"image\":{\"@id\":\"https:\\\/\\\/www.bbmnoticias.com\\\/labravaradiofm\\\/2021\\\/10\\\/11\\\/la-cocei-nueva-generacion-activa-bloqueo-en-el-istmo\\\/#primaryimage\"},\"thumbnailUrl\":\"https:\\\/\\\/www.bbmnoticias.com\\\/labravaradiofm\\\/wp-content\\\/uploads\\\/sites\\\/5\\\/2021\\\/10\\\/local11102021-3.jpg\",\"datePublished\":\"2021-10-11T16:33:25+00:00\",\"dateModified\":\"2021-10-11T16:33:26+00:00\",\"author\":{\"@id\":\"https:\\\/\\\/www.bbmnoticias.com\\\/labravaradiofm\\\/#\\\/schema\\\/person\\\/ac8532773d4f65dd24a852ecaf4c3ed0\"},\"description\":\"Esta organizaci\u00f3n anunci\u00f3 esta serie de movilizaciones la semana pasada en conferencia de prensa, ante el abandono al desarrollo\",\"breadcrumb\":{\"@id\":\"https:\\\/\\\/www.bbmnoticias.com\\\/labravaradiofm\\\/2021\\\/10\\\/11\\\/la-cocei-nueva-generacion-activa-bloqueo-en-el-istmo\\\/#breadcrumb\"},\"inLanguage\":\"es\",\"potentialAction\":[{\"@type\":\"ReadAction\",\"target\":[\"https:\\\/\\\/www.bbmnoticias.com\\\/labravaradiofm\\\/2021\\\/10\\\/11\\\/la-cocei-nueva-generacion-activa-bloqueo-en-el-istmo\\\/\"]}]},{\"@type\":\"ImageObject\",\"inLanguage\":\"es\",\"@id\":\"https:\\\/\\\/www.bbmnoticias.com\\\/labravaradiofm\\\/2021\\\/10\\\/11\\\/la-cocei-nueva-generacion-activa-bloqueo-en-el-istmo\\\/#primaryimage\",\"url\":\"https:\\\/\\\/www.bbmnoticias.com\\\/labravaradiofm\\\/wp-content\\\/uploads\\\/sites\\\/5\\\/2021\\\/10\\\/local11102021-3.jpg\",\"contentUrl\":\"https:\\\/\\\/www.bbmnoticias.com\\\/labravaradiofm\\\/wp-content\\\/uploads\\\/sites\\\/5\\\/2021\\\/10\\\/local11102021-3.jpg\",\"width\":960,\"height\":573},{\"@type\":\"BreadcrumbList\",\"@id\":\"https:\\\/\\\/www.bbmnoticias.com\\\/labravaradiofm\\\/2021\\\/10\\\/11\\\/la-cocei-nueva-generacion-activa-bloqueo-en-el-istmo\\\/#breadcrumb\",\"itemListElement\":[{\"@type\":\"ListItem\",\"position\":1,\"name\":\"Inicio\",\"item\":\"https:\\\/\\\/www.bbmnoticias.com\\\/labravaradiofm\\\/\"},{\"@type\":\"ListItem\",\"position\":2,\"name\":\"La COCEI-Nueva Generaci\u00f3n activa bloqueo en el Istmo\"}]},{\"@type\":\"WebSite\",\"@id\":\"https:\\\/\\\/www.bbmnoticias.com\\\/labravaradiofm\\\/#website\",\"url\":\"https:\\\/\\\/www.bbmnoticias.com\\\/labravaradiofm\\\/\",\"name\":\"LA BRAVA RADIO\",\"description\":\"Empresa productora de medios, Radiodifusi\u00f3n, Noticias, tendencias y todo lo que necesitas saber de la pol\u00edtica mexicana e internacional; entretenimiento, espect\u00e1culos, salud y mucho m\u00e1s.\",\"potentialAction\":[{\"@type\":\"SearchAction\",\"target\":{\"@type\":\"EntryPoint\",\"urlTemplate\":\"https:\\\/\\\/www.bbmnoticias.com\\\/labravaradiofm\\\/?s={search_term_string}\"},\"query-input\":{\"@type\":\"PropertyValueSpecification\",\"valueRequired\":true,\"valueName\":\"search_term_string\"}}],\"inLanguage\":\"es\"},{\"@type\":\"Person\",\"@id\":\"https:\\\/\\\/www.bbmnoticias.com\\\/labravaradiofm\\\/#\\\/schema\\\/person\\\/ac8532773d4f65dd24a852ecaf4c3ed0\",\"name\":\"Edwin MENESES\",\"image\":{\"@type\":\"ImageObject\",\"inLanguage\":\"es\",\"@id\":\"https:\\\/\\\/secure.gravatar.com\\\/avatar\\\/202a15439445248653d719ff745fa195bcc0553404b070fe317543754f253c4f?s=96&d=mm&r=g\",\"url\":\"https:\\\/\\\/secure.gravatar.com\\\/avatar\\\/202a15439445248653d719ff745fa195bcc0553404b070fe317543754f253c4f?s=96&d=mm&r=g\",\"contentUrl\":\"https:\\\/\\\/secure.gravatar.com\\\/avatar\\\/202a15439445248653d719ff745fa195bcc0553404b070fe317543754f253c4f?s=96&d=mm&r=g\",\"caption\":\"Edwin MENESES\"},\"sameAs\":[\"https:\\\/\\\/www.bbmnoticias.com\",\"https:\\\/\\\/www.facebook.com\\\/EdwinMeneses30\",\"https:\\\/\\\/x.com\\\/https:\\\/\\\/twitter.com\\\/edwin_meneses81\"],\"url\":\"https:\\\/\\\/www.bbmnoticias.com\\\/labravaradiofm\\\/author\\\/edwin\\\/\"}]}<\/script>\n<!-- \/ Yoast SEO plugin. -->","yoast_head_json":{"title":"La COCEI-Nueva Generaci\u00f3n activa bloqueo en el Istmo - LA BRAVA RADIO","description":"Esta organizaci\u00f3n anunci\u00f3 esta serie de movilizaciones la semana pasada en conferencia de prensa, ante el abandono al desarrollo","robots":{"index":"index","follow":"follow","max-snippet":"max-snippet:-1","max-image-preview":"max-image-preview:large","max-video-preview":"max-video-preview:-1"},"canonical":"https:\/\/www.bbmnoticias.com\/labravaradiofm\/2021\/10\/11\/la-cocei-nueva-generacion-activa-bloqueo-en-el-istmo\/","og_locale":"es_MX","og_type":"article","og_title":"La COCEI-Nueva Generaci\u00f3n activa bloqueo en el Istmo - LA BRAVA RADIO","og_description":"Esta organizaci\u00f3n anunci\u00f3 esta serie de movilizaciones la semana pasada en conferencia de prensa, ante el abandono al desarrollo","og_url":"https:\/\/www.bbmnoticias.com\/labravaradiofm\/2021\/10\/11\/la-cocei-nueva-generacion-activa-bloqueo-en-el-istmo\/","og_site_name":"LA BRAVA RADIO","article_author":"https:\/\/www.facebook.com\/EdwinMeneses30","article_published_time":"2021-10-11T16:33:25+00:00","article_modified_time":"2021-10-11T16:33:26+00:00","og_image":[{"width":960,"height":573,"url":"https:\/\/www.bbmnoticias.com\/labravaradiofm\/wp-content\/uploads\/sites\/5\/2021\/10\/local11102021-3.jpg","type":"image\/jpeg"}],"author":"Edwin MENESES","twitter_card":"summary_large_image","twitter_creator":"@https:\/\/twitter.com\/edwin_meneses81","twitter_misc":{"Escrito por":"Edwin MENESES","Tiempo de lectura":"2 minutos"},"schema":{"@context":"https:\/\/schema.org","@graph":[{"@type":"Article","@id":"https:\/\/www.bbmnoticias.com\/labravaradiofm\/2021\/10\/11\/la-cocei-nueva-generacion-activa-bloqueo-en-el-istmo\/#article","isPartOf":{"@id":"https:\/\/www.bbmnoticias.com\/labravaradiofm\/2021\/10\/11\/la-cocei-nueva-generacion-activa-bloqueo-en-el-istmo\/"},"author":{"name":"Edwin MENESES","@id":"https:\/\/www.bbmnoticias.com\/labravaradiofm\/#\/schema\/person\/ac8532773d4f65dd24a852ecaf4c3ed0"},"headline":"La COCEI-Nueva Generaci\u00f3n activa bloqueo en el Istmo","datePublished":"2021-10-11T16:33:25+00:00","dateModified":"2021-10-11T16:33:26+00:00","mainEntityOfPage":{"@id":"https:\/\/www.bbmnoticias.com\/labravaradiofm\/2021\/10\/11\/la-cocei-nueva-generacion-activa-bloqueo-en-el-istmo\/"},"wordCount":325,"image":{"@id":"https:\/\/www.bbmnoticias.com\/labravaradiofm\/2021\/10\/11\/la-cocei-nueva-generacion-activa-bloqueo-en-el-istmo\/#primaryimage"},"thumbnailUrl":"https:\/\/www.bbmnoticias.com\/labravaradiofm\/wp-content\/uploads\/sites\/5\/2021\/10\/local11102021-3.jpg","articleSection":["LOCAL"],"inLanguage":"es"},{"@type":"WebPage","@id":"https:\/\/www.bbmnoticias.com\/labravaradiofm\/2021\/10\/11\/la-cocei-nueva-generacion-activa-bloqueo-en-el-istmo\/","url":"https:\/\/www.bbmnoticias.com\/labravaradiofm\/2021\/10\/11\/la-cocei-nueva-generacion-activa-bloqueo-en-el-istmo\/","name":"La COCEI-Nueva Generaci\u00f3n activa bloqueo en el Istmo - LA BRAVA RADIO","isPartOf":{"@id":"https:\/\/www.bbmnoticias.com\/labravaradiofm\/#website"},"primaryImageOfPage":{"@id":"https:\/\/www.bbmnoticias.com\/labravaradiofm\/2021\/10\/11\/la-cocei-nueva-generacion-activa-bloqueo-en-el-istmo\/#primaryimage"},"image":{"@id":"https:\/\/www.bbmnoticias.com\/labravaradiofm\/2021\/10\/11\/la-cocei-nueva-generacion-activa-bloqueo-en-el-istmo\/#primaryimage"},"thumbnailUrl":"https:\/\/www.bbmnoticias.com\/labravaradiofm\/wp-content\/uploads\/sites\/5\/2021\/10\/local11102021-3.jpg","datePublished":"2021-10-11T16:33:25+00:00","dateModified":"2021-10-11T16:33:26+00:00","author":{"@id":"https:\/\/www.bbmnoticias.com\/labravaradiofm\/#\/schema\/person\/ac8532773d4f65dd24a852ecaf4c3ed0"},"description":"Esta organizaci\u00f3n anunci\u00f3 esta serie de movilizaciones la semana pasada en conferencia de prensa, ante el abandono al desarrollo","breadcrumb":{"@id":"https:\/\/www.bbmnoticias.com\/labravaradiofm\/2021\/10\/11\/la-cocei-nueva-generacion-activa-bloqueo-en-el-istmo\/#breadcrumb"},"inLanguage":"es","potentialAction":[{"@type":"ReadAction","target":["https:\/\/www.bbmnoticias.com\/labravaradiofm\/2021\/10\/11\/la-cocei-nueva-generacion-activa-bloqueo-en-el-istmo\/"]}]},{"@type":"ImageObject","inLanguage":"es","@id":"https:\/\/www.bbmnoticias.com\/labravaradiofm\/2021\/10\/11\/la-cocei-nueva-generacion-activa-bloqueo-en-el-istmo\/#primaryimage","url":"https:\/\/www.bbmnoticias.com\/labravaradiofm\/wp-content\/uploads\/sites\/5\/2021\/10\/local11102021-3.jpg","contentUrl":"https:\/\/www.bbmnoticias.com\/labravaradiofm\/wp-content\/uploads\/sites\/5\/2021\/10\/local11102021-3.jpg","width":960,"height":573},{"@type":"BreadcrumbList","@id":"https:\/\/www.bbmnoticias.com\/labravaradiofm\/2021\/10\/11\/la-cocei-nueva-generacion-activa-bloqueo-en-el-istmo\/#breadcrumb","itemListElement":[{"@type":"ListItem","position":1,"name":"Inicio","item":"https:\/\/www.bbmnoticias.com\/labravaradiofm\/"},{"@type":"ListItem","position":2,"name":"La COCEI-Nueva Generaci\u00f3n activa bloqueo en el Istmo"}]},{"@type":"WebSite","@id":"https:\/\/www.bbmnoticias.com\/labravaradiofm\/#website","url":"https:\/\/www.bbmnoticias.com\/labravaradiofm\/","name":"LA BRAVA RADIO","description":"Empresa productora de medios, Radiodifusi\u00f3n, Noticias, tendencias y todo lo que necesitas saber de la pol\u00edtica mexicana e internacional; entretenimiento, espect\u00e1culos, salud y mucho m\u00e1s.","potentialAction":[{"@type":"SearchAction","target":{"@type":"EntryPoint","urlTemplate":"https:\/\/www.bbmnoticias.com\/labravaradiofm\/?s={search_term_string}"},"query-input":{"@type":"PropertyValueSpecification","valueRequired":true,"valueName":"search_term_string"}}],"inLanguage":"es"},{"@type":"Person","@id":"https:\/\/www.bbmnoticias.com\/labravaradiofm\/#\/schema\/person\/ac8532773d4f65dd24a852ecaf4c3ed0","name":"Edwin MENESES","image":{"@type":"ImageObject","inLanguage":"es","@id":"https:\/\/secure.gravatar.com\/avatar\/202a15439445248653d719ff745fa195bcc0553404b070fe317543754f253c4f?s=96&d=mm&r=g","url":"https:\/\/secure.gravatar.com\/avatar\/202a15439445248653d719ff745fa195bcc0553404b070fe317543754f253c4f?s=96&d=mm&r=g","contentUrl":"https:\/\/secure.gravatar.com\/avatar\/202a15439445248653d719ff745fa195bcc0553404b070fe317543754f253c4f?s=96&d=mm&r=g","caption":"Edwin MENESES"},"sameAs":["https:\/\/www.bbmnoticias.com","https:\/\/www.facebook.com\/EdwinMeneses30","https:\/\/x.com\/https:\/\/twitter.com\/edwin_meneses81"],"url":"https:\/\/www.bbmnoticias.com\/labravaradiofm\/author\/edwin\/"}]}},"_links":{"self":[{"href":"https:\/\/www.bbmnoticias.com\/labravaradiofm\/wp-json\/wp\/v2\/posts\/3440","targetHints":{"allow":["GET"]}}],"collection":[{"href":"https:\/\/www.bbmnoticias.com\/labravaradiofm\/wp-json\/wp\/v2\/posts"}],"about":[{"href":"https:\/\/www.bbmnoticias.com\/labravaradiofm\/wp-json\/wp\/v2\/types\/post"}],"author":[{"embeddable":true,"href":"https:\/\/www.bbmnoticias.com\/labravaradiofm\/wp-json\/wp\/v2\/users\/3"}],"replies":[{"embeddable":true,"href":"https:\/\/www.bbmnoticias.com\/labravaradiofm\/wp-json\/wp\/v2\/comments?post=3440"}],"version-history":[{"count":0,"href":"https:\/\/www.bbmnoticias.com\/labravaradiofm\/wp-json\/wp\/v2\/posts\/3440\/revisions"}],"wp:featuredmedia":[{"embeddable":true,"href":"https:\/\/www.bbmnoticias.com\/labravaradiofm\/wp-json\/wp\/v2\/media\/3441"}],"wp:attachment":[{"href":"https:\/\/www.bbmnoticias.com\/labravaradiofm\/wp-json\/wp\/v2\/media?parent=3440"}],"wp:term":[{"taxonomy":"category","embeddable":true,"href":"https:\/\/www.bbmnoticias.com\/labravaradiofm\/wp-json\/wp\/v2\/categories?post=3440"},{"taxonomy":"post_tag","embeddable":true,"href":"https:\/\/www.bbmnoticias.com\/labravaradiofm\/wp-json\/wp\/v2\/tags?post=3440"}],"curies":[{"name":"wp","href":"https:\/\/api.w.org\/{rel}","templated":true}]}}