{"id":3435,"date":"2021-10-11T10:58:39","date_gmt":"2021-10-11T15:58:39","guid":{"rendered":"https:\/\/www.bbmnoticias.com\/labravaradiofm\/?p=3435"},"modified":"2021-10-11T10:58:40","modified_gmt":"2021-10-11T15:58:40","slug":"abogados-advierten-riesgos-en-edificio-que-alberga-juzgados-familiar-y-civil-por-dano-estructur","status":"publish","type":"post","link":"https:\/\/www.bbmnoticias.com\/labravaradiofm\/2021\/10\/11\/abogados-advierten-riesgos-en-edificio-que-alberga-juzgados-familiar-y-civil-por-dano-estructur\/","title":{"rendered":"Abogados advierten riesgos en edificio que alberga Juzgados Familiar y Civil, por da\u00f1o estructur"},"content":{"rendered":"<div style=\"margin-top: 0px; margin-bottom: 0px;\" class=\"sharethis-inline-share-buttons\" ><\/div>\n<p>Salina Cruz, Oaxaca. Abogados del puerto de Salina Cruz, advirtieron el mal estado en que se encuentra el edificio que alberga los Juzgados Familiar y Civil de esta ciudad y, el riesgo al que se exponen a diario trabajadores y ciudadanos.<\/p>\n\n\n\n<p>El edificio que se da\u00f1\u00f3 desde del terremoto del 2017, tuvo una remodelaci\u00f3n a medias, sin considerarse las recomendaciones t\u00e9cnicas y de riesgo de Protecci\u00f3n Civil.<\/p>\n\n\n\n<p>Este inmueble en un principio alberg\u00f3 a una escuela que ante el inminente riesgo de colapso, tuvieron que abandonarlo por presentar da\u00f1o estructural.<\/p>\n\n\n\n<p>Despu\u00e9s de mucho tiempo de permanecer abandonado llegando al punto de hallar a una mujer sin vida en situaci\u00f3n de calle, este edificio ahora con una \u201cremodelaci\u00f3n\u201d, lo pusieron en renta al Poder Judicial del Estado de Oaxaca, para habilitarlo como Juzgados familiar y civil.<\/p>\n\n\n\n<p>Sin embargo, tanto para el personal del Juzgado, como abogados y p\u00fablico en general, el edificio presenta muchas carencias, desde su estructura, servicio de sanitarios, rutas de evacuaci\u00f3n y dem\u00e1s.<\/p>\n\n\n\n<p>Tal mal se encuentra la estructura del edificio que los anaqueles donde est\u00e1n los expedientes que conforman el archivo, tuvieron que ser alojados en la primera planta del inmueble para evitar un colapso por el peso.<\/p>\n\n\n\n<p>No obstante, el inmueble del que se presume pertenece a un funcionario del Gobierno del Estado, sigue estando en servicio con riesgo de que cualquier otro sismo de mayor magnitud ocasione un da\u00f1o catastr\u00f3fico.<\/p>\n","protected":false},"excerpt":{"rendered":"<p>Salina Cruz, Oaxaca. Abogados del puerto de Salina Cruz, advirtieron el mal estado en que se encuentra el edificio que alberga los Juzgados Familiar y Civil de esta ciudad y, el riesgo al que se exponen a diario trabajadores y ciudadanos. El edificio que se da\u00f1\u00f3 desde del terremoto del 2017, tuvo una remodelaci\u00f3n a [&hellip;]<\/p>\n","protected":false},"author":3,"featured_media":3436,"comment_status":"closed","ping_status":"closed","sticky":false,"template":"","format":"standard","meta":{"footnotes":""},"categories":[2],"tags":[],"class_list":{"0":"post-3435","1":"post","2":"type-post","3":"status-publish","4":"format-standard","5":"has-post-thumbnail","7":"category-oaxaca"},"yoast_head":"<!-- This site is optimized with the Yoast SEO plugin v27.4 - https:\/\/yoast.com\/product\/yoast-seo-wordpress\/ -->\n<title>Abogados advierten riesgos en edificio que alberga Juzgados Familiar y Civil, por da\u00f1o estructur - LA BRAVA RADIO<\/title>\n<meta name=\"robots\" content=\"index, follow, max-snippet:-1, max-image-preview:large, max-video-preview:-1\" \/>\n<link rel=\"canonical\" href=\"https:\/\/www.bbmnoticias.com\/labravaradiofm\/2021\/10\/11\/abogados-advierten-riesgos-en-edificio-que-alberga-juzgados-familiar-y-civil-por-dano-estructur\/\" \/>\n<meta property=\"og:locale\" content=\"es_MX\" \/>\n<meta property=\"og:type\" content=\"article\" \/>\n<meta property=\"og:title\" content=\"Abogados advierten riesgos en edificio que alberga Juzgados Familiar y Civil, por da\u00f1o estructur - LA BRAVA RADIO\" \/>\n<meta property=\"og:description\" content=\"Salina Cruz, Oaxaca. Abogados del puerto de Salina Cruz, advirtieron el mal estado en que se encuentra el edificio que alberga los Juzgados Familiar y Civil de esta ciudad y, el riesgo al que se exponen a diario trabajadores y ciudadanos. El edificio que se da\u00f1\u00f3 desde del terremoto del 2017, tuvo una remodelaci\u00f3n a [&hellip;]\" \/>\n<meta property=\"og:url\" content=\"https:\/\/www.bbmnoticias.com\/labravaradiofm\/2021\/10\/11\/abogados-advierten-riesgos-en-edificio-que-alberga-juzgados-familiar-y-civil-por-dano-estructur\/\" \/>\n<meta property=\"og:site_name\" content=\"LA BRAVA RADIO\" \/>\n<meta property=\"article:author\" content=\"https:\/\/www.facebook.com\/EdwinMeneses30\" \/>\n<meta property=\"article:published_time\" content=\"2021-10-11T15:58:39+00:00\" \/>\n<meta property=\"article:modified_time\" content=\"2021-10-11T15:58:40+00:00\" \/>\n<meta property=\"og:image\" content=\"https:\/\/www.bbmnoticias.com\/labravaradiofm\/wp-content\/uploads\/sites\/5\/2021\/10\/local11102021-1.jpg\" \/>\n\t<meta property=\"og:image:width\" content=\"1600\" \/>\n\t<meta property=\"og:image:height\" content=\"1040\" \/>\n\t<meta property=\"og:image:type\" content=\"image\/jpeg\" \/>\n<meta name=\"author\" content=\"Edwin MENESES\" \/>\n<meta name=\"twitter:card\" content=\"summary_large_image\" \/>\n<meta name=\"twitter:creator\" content=\"@https:\/\/twitter.com\/edwin_meneses81\" \/>\n<meta name=\"twitter:label1\" content=\"Escrito por\" \/>\n\t<meta name=\"twitter:data1\" content=\"Edwin MENESES\" \/>\n\t<meta name=\"twitter:label2\" content=\"Tiempo de lectura\" \/>\n\t<meta name=\"twitter:data2\" content=\"2 minutos\" \/>\n<script type=\"application\/ld+json\" class=\"yoast-schema-graph\">{\"@context\":\"https:\\\/\\\/schema.org\",\"@graph\":[{\"@type\":\"Article\",\"@id\":\"https:\\\/\\\/www.bbmnoticias.com\\\/labravaradiofm\\\/2021\\\/10\\\/11\\\/abogados-advierten-riesgos-en-edificio-que-alberga-juzgados-familiar-y-civil-por-dano-estructur\\\/#article\",\"isPartOf\":{\"@id\":\"https:\\\/\\\/www.bbmnoticias.com\\\/labravaradiofm\\\/2021\\\/10\\\/11\\\/abogados-advierten-riesgos-en-edificio-que-alberga-juzgados-familiar-y-civil-por-dano-estructur\\\/\"},\"author\":{\"name\":\"Edwin MENESES\",\"@id\":\"https:\\\/\\\/www.bbmnoticias.com\\\/labravaradiofm\\\/#\\\/schema\\\/person\\\/ac8532773d4f65dd24a852ecaf4c3ed0\"},\"headline\":\"Abogados advierten riesgos en edificio que alberga Juzgados Familiar y Civil, por da\u00f1o estructur\",\"datePublished\":\"2021-10-11T15:58:39+00:00\",\"dateModified\":\"2021-10-11T15:58:40+00:00\",\"mainEntityOfPage\":{\"@id\":\"https:\\\/\\\/www.bbmnoticias.com\\\/labravaradiofm\\\/2021\\\/10\\\/11\\\/abogados-advierten-riesgos-en-edificio-que-alberga-juzgados-familiar-y-civil-por-dano-estructur\\\/\"},\"wordCount\":262,\"image\":{\"@id\":\"https:\\\/\\\/www.bbmnoticias.com\\\/labravaradiofm\\\/2021\\\/10\\\/11\\\/abogados-advierten-riesgos-en-edificio-que-alberga-juzgados-familiar-y-civil-por-dano-estructur\\\/#primaryimage\"},\"thumbnailUrl\":\"https:\\\/\\\/www.bbmnoticias.com\\\/labravaradiofm\\\/wp-content\\\/uploads\\\/sites\\\/5\\\/2021\\\/10\\\/local11102021-1.jpg\",\"articleSection\":[\"LOCAL\"],\"inLanguage\":\"es\"},{\"@type\":\"WebPage\",\"@id\":\"https:\\\/\\\/www.bbmnoticias.com\\\/labravaradiofm\\\/2021\\\/10\\\/11\\\/abogados-advierten-riesgos-en-edificio-que-alberga-juzgados-familiar-y-civil-por-dano-estructur\\\/\",\"url\":\"https:\\\/\\\/www.bbmnoticias.com\\\/labravaradiofm\\\/2021\\\/10\\\/11\\\/abogados-advierten-riesgos-en-edificio-que-alberga-juzgados-familiar-y-civil-por-dano-estructur\\\/\",\"name\":\"Abogados advierten riesgos en edificio que alberga Juzgados Familiar y Civil, por da\u00f1o estructur - LA BRAVA RADIO\",\"isPartOf\":{\"@id\":\"https:\\\/\\\/www.bbmnoticias.com\\\/labravaradiofm\\\/#website\"},\"primaryImageOfPage\":{\"@id\":\"https:\\\/\\\/www.bbmnoticias.com\\\/labravaradiofm\\\/2021\\\/10\\\/11\\\/abogados-advierten-riesgos-en-edificio-que-alberga-juzgados-familiar-y-civil-por-dano-estructur\\\/#primaryimage\"},\"image\":{\"@id\":\"https:\\\/\\\/www.bbmnoticias.com\\\/labravaradiofm\\\/2021\\\/10\\\/11\\\/abogados-advierten-riesgos-en-edificio-que-alberga-juzgados-familiar-y-civil-por-dano-estructur\\\/#primaryimage\"},\"thumbnailUrl\":\"https:\\\/\\\/www.bbmnoticias.com\\\/labravaradiofm\\\/wp-content\\\/uploads\\\/sites\\\/5\\\/2021\\\/10\\\/local11102021-1.jpg\",\"datePublished\":\"2021-10-11T15:58:39+00:00\",\"dateModified\":\"2021-10-11T15:58:40+00:00\",\"author\":{\"@id\":\"https:\\\/\\\/www.bbmnoticias.com\\\/labravaradiofm\\\/#\\\/schema\\\/person\\\/ac8532773d4f65dd24a852ecaf4c3ed0\"},\"breadcrumb\":{\"@id\":\"https:\\\/\\\/www.bbmnoticias.com\\\/labravaradiofm\\\/2021\\\/10\\\/11\\\/abogados-advierten-riesgos-en-edificio-que-alberga-juzgados-familiar-y-civil-por-dano-estructur\\\/#breadcrumb\"},\"inLanguage\":\"es\",\"potentialAction\":[{\"@type\":\"ReadAction\",\"target\":[\"https:\\\/\\\/www.bbmnoticias.com\\\/labravaradiofm\\\/2021\\\/10\\\/11\\\/abogados-advierten-riesgos-en-edificio-que-alberga-juzgados-familiar-y-civil-por-dano-estructur\\\/\"]}]},{\"@type\":\"ImageObject\",\"inLanguage\":\"es\",\"@id\":\"https:\\\/\\\/www.bbmnoticias.com\\\/labravaradiofm\\\/2021\\\/10\\\/11\\\/abogados-advierten-riesgos-en-edificio-que-alberga-juzgados-familiar-y-civil-por-dano-estructur\\\/#primaryimage\",\"url\":\"https:\\\/\\\/www.bbmnoticias.com\\\/labravaradiofm\\\/wp-content\\\/uploads\\\/sites\\\/5\\\/2021\\\/10\\\/local11102021-1.jpg\",\"contentUrl\":\"https:\\\/\\\/www.bbmnoticias.com\\\/labravaradiofm\\\/wp-content\\\/uploads\\\/sites\\\/5\\\/2021\\\/10\\\/local11102021-1.jpg\",\"width\":1600,\"height\":1040},{\"@type\":\"BreadcrumbList\",\"@id\":\"https:\\\/\\\/www.bbmnoticias.com\\\/labravaradiofm\\\/2021\\\/10\\\/11\\\/abogados-advierten-riesgos-en-edificio-que-alberga-juzgados-familiar-y-civil-por-dano-estructur\\\/#breadcrumb\",\"itemListElement\":[{\"@type\":\"ListItem\",\"position\":1,\"name\":\"Inicio\",\"item\":\"https:\\\/\\\/www.bbmnoticias.com\\\/labravaradiofm\\\/\"},{\"@type\":\"ListItem\",\"position\":2,\"name\":\"Abogados advierten riesgos en edificio que alberga Juzgados Familiar y Civil, por da\u00f1o estructur\"}]},{\"@type\":\"WebSite\",\"@id\":\"https:\\\/\\\/www.bbmnoticias.com\\\/labravaradiofm\\\/#website\",\"url\":\"https:\\\/\\\/www.bbmnoticias.com\\\/labravaradiofm\\\/\",\"name\":\"LA BRAVA RADIO\",\"description\":\"Empresa productora de medios, Radiodifusi\u00f3n, Noticias, tendencias y todo lo que necesitas saber de la pol\u00edtica mexicana e internacional; entretenimiento, espect\u00e1culos, salud y mucho m\u00e1s.\",\"potentialAction\":[{\"@type\":\"SearchAction\",\"target\":{\"@type\":\"EntryPoint\",\"urlTemplate\":\"https:\\\/\\\/www.bbmnoticias.com\\\/labravaradiofm\\\/?s={search_term_string}\"},\"query-input\":{\"@type\":\"PropertyValueSpecification\",\"valueRequired\":true,\"valueName\":\"search_term_string\"}}],\"inLanguage\":\"es\"},{\"@type\":\"Person\",\"@id\":\"https:\\\/\\\/www.bbmnoticias.com\\\/labravaradiofm\\\/#\\\/schema\\\/person\\\/ac8532773d4f65dd24a852ecaf4c3ed0\",\"name\":\"Edwin MENESES\",\"image\":{\"@type\":\"ImageObject\",\"inLanguage\":\"es\",\"@id\":\"https:\\\/\\\/secure.gravatar.com\\\/avatar\\\/202a15439445248653d719ff745fa195bcc0553404b070fe317543754f253c4f?s=96&d=mm&r=g\",\"url\":\"https:\\\/\\\/secure.gravatar.com\\\/avatar\\\/202a15439445248653d719ff745fa195bcc0553404b070fe317543754f253c4f?s=96&d=mm&r=g\",\"contentUrl\":\"https:\\\/\\\/secure.gravatar.com\\\/avatar\\\/202a15439445248653d719ff745fa195bcc0553404b070fe317543754f253c4f?s=96&d=mm&r=g\",\"caption\":\"Edwin MENESES\"},\"sameAs\":[\"https:\\\/\\\/www.bbmnoticias.com\",\"https:\\\/\\\/www.facebook.com\\\/EdwinMeneses30\",\"https:\\\/\\\/x.com\\\/https:\\\/\\\/twitter.com\\\/edwin_meneses81\"],\"url\":\"https:\\\/\\\/www.bbmnoticias.com\\\/labravaradiofm\\\/author\\\/edwin\\\/\"}]}<\/script>\n<!-- \/ Yoast SEO plugin. -->","yoast_head_json":{"title":"Abogados advierten riesgos en edificio que alberga Juzgados Familiar y Civil, por da\u00f1o estructur - LA BRAVA RADIO","robots":{"index":"index","follow":"follow","max-snippet":"max-snippet:-1","max-image-preview":"max-image-preview:large","max-video-preview":"max-video-preview:-1"},"canonical":"https:\/\/www.bbmnoticias.com\/labravaradiofm\/2021\/10\/11\/abogados-advierten-riesgos-en-edificio-que-alberga-juzgados-familiar-y-civil-por-dano-estructur\/","og_locale":"es_MX","og_type":"article","og_title":"Abogados advierten riesgos en edificio que alberga Juzgados Familiar y Civil, por da\u00f1o estructur - LA BRAVA RADIO","og_description":"Salina Cruz, Oaxaca. Abogados del puerto de Salina Cruz, advirtieron el mal estado en que se encuentra el edificio que alberga los Juzgados Familiar y Civil de esta ciudad y, el riesgo al que se exponen a diario trabajadores y ciudadanos. El edificio que se da\u00f1\u00f3 desde del terremoto del 2017, tuvo una remodelaci\u00f3n a [&hellip;]","og_url":"https:\/\/www.bbmnoticias.com\/labravaradiofm\/2021\/10\/11\/abogados-advierten-riesgos-en-edificio-que-alberga-juzgados-familiar-y-civil-por-dano-estructur\/","og_site_name":"LA BRAVA RADIO","article_author":"https:\/\/www.facebook.com\/EdwinMeneses30","article_published_time":"2021-10-11T15:58:39+00:00","article_modified_time":"2021-10-11T15:58:40+00:00","og_image":[{"width":1600,"height":1040,"url":"https:\/\/www.bbmnoticias.com\/labravaradiofm\/wp-content\/uploads\/sites\/5\/2021\/10\/local11102021-1.jpg","type":"image\/jpeg"}],"author":"Edwin MENESES","twitter_card":"summary_large_image","twitter_creator":"@https:\/\/twitter.com\/edwin_meneses81","twitter_misc":{"Escrito por":"Edwin MENESES","Tiempo de lectura":"2 minutos"},"schema":{"@context":"https:\/\/schema.org","@graph":[{"@type":"Article","@id":"https:\/\/www.bbmnoticias.com\/labravaradiofm\/2021\/10\/11\/abogados-advierten-riesgos-en-edificio-que-alberga-juzgados-familiar-y-civil-por-dano-estructur\/#article","isPartOf":{"@id":"https:\/\/www.bbmnoticias.com\/labravaradiofm\/2021\/10\/11\/abogados-advierten-riesgos-en-edificio-que-alberga-juzgados-familiar-y-civil-por-dano-estructur\/"},"author":{"name":"Edwin MENESES","@id":"https:\/\/www.bbmnoticias.com\/labravaradiofm\/#\/schema\/person\/ac8532773d4f65dd24a852ecaf4c3ed0"},"headline":"Abogados advierten riesgos en edificio que alberga Juzgados Familiar y Civil, por da\u00f1o estructur","datePublished":"2021-10-11T15:58:39+00:00","dateModified":"2021-10-11T15:58:40+00:00","mainEntityOfPage":{"@id":"https:\/\/www.bbmnoticias.com\/labravaradiofm\/2021\/10\/11\/abogados-advierten-riesgos-en-edificio-que-alberga-juzgados-familiar-y-civil-por-dano-estructur\/"},"wordCount":262,"image":{"@id":"https:\/\/www.bbmnoticias.com\/labravaradiofm\/2021\/10\/11\/abogados-advierten-riesgos-en-edificio-que-alberga-juzgados-familiar-y-civil-por-dano-estructur\/#primaryimage"},"thumbnailUrl":"https:\/\/www.bbmnoticias.com\/labravaradiofm\/wp-content\/uploads\/sites\/5\/2021\/10\/local11102021-1.jpg","articleSection":["LOCAL"],"inLanguage":"es"},{"@type":"WebPage","@id":"https:\/\/www.bbmnoticias.com\/labravaradiofm\/2021\/10\/11\/abogados-advierten-riesgos-en-edificio-que-alberga-juzgados-familiar-y-civil-por-dano-estructur\/","url":"https:\/\/www.bbmnoticias.com\/labravaradiofm\/2021\/10\/11\/abogados-advierten-riesgos-en-edificio-que-alberga-juzgados-familiar-y-civil-por-dano-estructur\/","name":"Abogados advierten riesgos en edificio que alberga Juzgados Familiar y Civil, por da\u00f1o estructur - LA BRAVA RADIO","isPartOf":{"@id":"https:\/\/www.bbmnoticias.com\/labravaradiofm\/#website"},"primaryImageOfPage":{"@id":"https:\/\/www.bbmnoticias.com\/labravaradiofm\/2021\/10\/11\/abogados-advierten-riesgos-en-edificio-que-alberga-juzgados-familiar-y-civil-por-dano-estructur\/#primaryimage"},"image":{"@id":"https:\/\/www.bbmnoticias.com\/labravaradiofm\/2021\/10\/11\/abogados-advierten-riesgos-en-edificio-que-alberga-juzgados-familiar-y-civil-por-dano-estructur\/#primaryimage"},"thumbnailUrl":"https:\/\/www.bbmnoticias.com\/labravaradiofm\/wp-content\/uploads\/sites\/5\/2021\/10\/local11102021-1.jpg","datePublished":"2021-10-11T15:58:39+00:00","dateModified":"2021-10-11T15:58:40+00:00","author":{"@id":"https:\/\/www.bbmnoticias.com\/labravaradiofm\/#\/schema\/person\/ac8532773d4f65dd24a852ecaf4c3ed0"},"breadcrumb":{"@id":"https:\/\/www.bbmnoticias.com\/labravaradiofm\/2021\/10\/11\/abogados-advierten-riesgos-en-edificio-que-alberga-juzgados-familiar-y-civil-por-dano-estructur\/#breadcrumb"},"inLanguage":"es","potentialAction":[{"@type":"ReadAction","target":["https:\/\/www.bbmnoticias.com\/labravaradiofm\/2021\/10\/11\/abogados-advierten-riesgos-en-edificio-que-alberga-juzgados-familiar-y-civil-por-dano-estructur\/"]}]},{"@type":"ImageObject","inLanguage":"es","@id":"https:\/\/www.bbmnoticias.com\/labravaradiofm\/2021\/10\/11\/abogados-advierten-riesgos-en-edificio-que-alberga-juzgados-familiar-y-civil-por-dano-estructur\/#primaryimage","url":"https:\/\/www.bbmnoticias.com\/labravaradiofm\/wp-content\/uploads\/sites\/5\/2021\/10\/local11102021-1.jpg","contentUrl":"https:\/\/www.bbmnoticias.com\/labravaradiofm\/wp-content\/uploads\/sites\/5\/2021\/10\/local11102021-1.jpg","width":1600,"height":1040},{"@type":"BreadcrumbList","@id":"https:\/\/www.bbmnoticias.com\/labravaradiofm\/2021\/10\/11\/abogados-advierten-riesgos-en-edificio-que-alberga-juzgados-familiar-y-civil-por-dano-estructur\/#breadcrumb","itemListElement":[{"@type":"ListItem","position":1,"name":"Inicio","item":"https:\/\/www.bbmnoticias.com\/labravaradiofm\/"},{"@type":"ListItem","position":2,"name":"Abogados advierten riesgos en edificio que alberga Juzgados Familiar y Civil, por da\u00f1o estructur"}]},{"@type":"WebSite","@id":"https:\/\/www.bbmnoticias.com\/labravaradiofm\/#website","url":"https:\/\/www.bbmnoticias.com\/labravaradiofm\/","name":"LA BRAVA RADIO","description":"Empresa productora de medios, Radiodifusi\u00f3n, Noticias, tendencias y todo lo que necesitas saber de la pol\u00edtica mexicana e internacional; entretenimiento, espect\u00e1culos, salud y mucho m\u00e1s.","potentialAction":[{"@type":"SearchAction","target":{"@type":"EntryPoint","urlTemplate":"https:\/\/www.bbmnoticias.com\/labravaradiofm\/?s={search_term_string}"},"query-input":{"@type":"PropertyValueSpecification","valueRequired":true,"valueName":"search_term_string"}}],"inLanguage":"es"},{"@type":"Person","@id":"https:\/\/www.bbmnoticias.com\/labravaradiofm\/#\/schema\/person\/ac8532773d4f65dd24a852ecaf4c3ed0","name":"Edwin MENESES","image":{"@type":"ImageObject","inLanguage":"es","@id":"https:\/\/secure.gravatar.com\/avatar\/202a15439445248653d719ff745fa195bcc0553404b070fe317543754f253c4f?s=96&d=mm&r=g","url":"https:\/\/secure.gravatar.com\/avatar\/202a15439445248653d719ff745fa195bcc0553404b070fe317543754f253c4f?s=96&d=mm&r=g","contentUrl":"https:\/\/secure.gravatar.com\/avatar\/202a15439445248653d719ff745fa195bcc0553404b070fe317543754f253c4f?s=96&d=mm&r=g","caption":"Edwin MENESES"},"sameAs":["https:\/\/www.bbmnoticias.com","https:\/\/www.facebook.com\/EdwinMeneses30","https:\/\/x.com\/https:\/\/twitter.com\/edwin_meneses81"],"url":"https:\/\/www.bbmnoticias.com\/labravaradiofm\/author\/edwin\/"}]}},"_links":{"self":[{"href":"https:\/\/www.bbmnoticias.com\/labravaradiofm\/wp-json\/wp\/v2\/posts\/3435","targetHints":{"allow":["GET"]}}],"collection":[{"href":"https:\/\/www.bbmnoticias.com\/labravaradiofm\/wp-json\/wp\/v2\/posts"}],"about":[{"href":"https:\/\/www.bbmnoticias.com\/labravaradiofm\/wp-json\/wp\/v2\/types\/post"}],"author":[{"embeddable":true,"href":"https:\/\/www.bbmnoticias.com\/labravaradiofm\/wp-json\/wp\/v2\/users\/3"}],"replies":[{"embeddable":true,"href":"https:\/\/www.bbmnoticias.com\/labravaradiofm\/wp-json\/wp\/v2\/comments?post=3435"}],"version-history":[{"count":0,"href":"https:\/\/www.bbmnoticias.com\/labravaradiofm\/wp-json\/wp\/v2\/posts\/3435\/revisions"}],"wp:featuredmedia":[{"embeddable":true,"href":"https:\/\/www.bbmnoticias.com\/labravaradiofm\/wp-json\/wp\/v2\/media\/3436"}],"wp:attachment":[{"href":"https:\/\/www.bbmnoticias.com\/labravaradiofm\/wp-json\/wp\/v2\/media?parent=3435"}],"wp:term":[{"taxonomy":"category","embeddable":true,"href":"https:\/\/www.bbmnoticias.com\/labravaradiofm\/wp-json\/wp\/v2\/categories?post=3435"},{"taxonomy":"post_tag","embeddable":true,"href":"https:\/\/www.bbmnoticias.com\/labravaradiofm\/wp-json\/wp\/v2\/tags?post=3435"}],"curies":[{"name":"wp","href":"https:\/\/api.w.org\/{rel}","templated":true}]}}