{"id":3397,"date":"2021-10-08T17:16:48","date_gmt":"2021-10-08T22:16:48","guid":{"rendered":"https:\/\/www.bbmnoticias.com\/labravaradiofm\/?p=3397"},"modified":"2021-10-08T17:16:49","modified_gmt":"2021-10-08T22:16:49","slug":"llegara-campana-de-registros-de-nacimientos-gratuitos-a-la-costa-y-la-canada","status":"publish","type":"post","link":"https:\/\/www.bbmnoticias.com\/labravaradiofm\/2021\/10\/08\/llegara-campana-de-registros-de-nacimientos-gratuitos-a-la-costa-y-la-canada\/","title":{"rendered":"Llegar\u00e1 campa\u00f1a de Registros de Nacimientos gratuitos a la Costa y la Ca\u00f1ada"},"content":{"rendered":"<div style=\"margin-top: 0px; margin-bottom: 0px;\" class=\"sharethis-inline-share-buttons\" ><\/div>\n<p>La campa\u00f1a de Registros de Nacimientos Gratuitos para reci\u00e9n nacidos y ni\u00f1os de hasta 6 a\u00f1os de edad, que realiza el Registro Civil en coordinaci\u00f3n con el Registro Nacional de Poblaci\u00f3n (Renapo), la campa\u00f1a iniciar\u00e1 el 11 y durar\u00e1 hasta el 19 de octubre en las regiones de la Ca\u00f1ada y la Costa. <strong><\/strong><\/p>\n\n\n\n<p>La directora de esta instituci\u00f3n, Rosa Nidia Villalobos Gonz\u00e1lez, inform\u00f3 que los oficiales itinerantes atienden la instrucci\u00f3n del gobernador Alejandro Murat, de llegar a las comunidades m\u00e1s apartadas de la capital del estado y dar certeza jur\u00eddica a quienes m\u00e1s lo necesitan.<\/p>\n\n\n\n<p>\u201cLos oficiales redoblan esfuerzos para ofrecer los servicios gratuitos en las comunidades m\u00e1s alejadas y de dif\u00edcil acceso. Pedimos a las familias que acudan &nbsp;y que doten a sus peque\u00f1os de identidad jur\u00eddica para que mantengan a salvo todos sus derechos\u201d, dijo la funcionaria.<\/p>\n\n\n\n<p>Las brigadas estar\u00e1n en la Ca\u00f1ada en San Jos\u00e9 Tenango del lunes 11 al jueves 14 de octubre; en Huautla de Jim\u00e9nez del 15 hasta el 19 de octubre, en donde beneficiar\u00e1n a las diferentes agencias y rancher\u00edas, entre ellas El Carrizal, R\u00edo Santiago, San Andr\u00e9s Hidalgo, Santa Catarina Buenavista y Santa Cruz de Ju\u00e1rez, entre otras.<\/p>\n\n\n\n<p>En la Costa los servicios de los oficiales itinerantes comienzan en Pinotepa Nacional el mi\u00e9rcoles 13 de octubre en la localidad de Mancuernas, Santa Mar\u00eda Jicaltepec y Piedra Blanca; el jueves 14 de octubre en El Carrizo&nbsp; y el 15 de octubre en El Ciruelo y Corralero; tambi\u00e9n llegar\u00e1n a Collantes, Lagartero y Cerro de la Esperanza, los d\u00edas 16, 17, 18 y 19 de octubre.<\/p>\n\n\n\n<p>Las actividades de los oficiales itinerantes comienzan a las 9 de la ma\u00f1ana y concluyen hasta que se termina el \u00faltimo registro.<\/p>\n\n\n\n<p>Los requisitos que deben presentar los padres de familia para el registro son presentaci\u00f3n de la ni\u00f1a (o), identificaci\u00f3n oficial vigente del padre, madre, ambos o persona distinta; en parejas casadas acta de matrimonio; en padres solteros actas de nacimiento; y certificado de nacimiento de los SSO, IMSS, ISSSTE o cl\u00ednica particular.<\/p>\n\n\n\n<p>Adem\u00e1s de dos testigos mayores de 18 a\u00f1os con identificaci\u00f3n oficial, que puede ser cualquiera de las siguientes: credencial de elector, c\u00e9dula profesional, cartilla de servicio militar o pasaporte.<\/p>\n\n\n\n<p>Los padres menores de 18 a\u00f1os, deber\u00e1n acompa\u00f1arse de sus padres o de quien ejerza la patria potestad y presentar acta de matrimonio de los padres (en parejas casadas), acta de nacimiento de ambos padres (en padres solteros), acta de nacimiento del padre, madre o ambos menores de edad.<\/p>\n\n\n\n<p>En la p\u00e1gina del Registro Civil www.oaxaca.gob.mx\/civil podr\u00e1n consultarse las fechas semanales de la llegada de las brigadas a los municipios beneficiados o cambios en las mismas dependiendo del sem\u00e1foro epidemiol\u00f3gico. Tambi\u00e9n en los perfiles de redes sociales en Facebook: Registro Civil Estado de Oaxaca; y en Twitter: Registro Civil Oax.<\/p>\n","protected":false},"excerpt":{"rendered":"<p>La campa\u00f1a de Registros de Nacimientos Gratuitos para reci\u00e9n nacidos y ni\u00f1os de hasta 6 a\u00f1os de edad, que realiza el Registro Civil en coordinaci\u00f3n con el Registro Nacional de Poblaci\u00f3n (Renapo), la campa\u00f1a iniciar\u00e1 el 11 y durar\u00e1 hasta el 19 de octubre en las regiones de la Ca\u00f1ada y la Costa. La directora [&hellip;]<\/p>\n","protected":false},"author":2,"featured_media":3399,"comment_status":"closed","ping_status":"closed","sticky":false,"template":"","format":"standard","meta":{"footnotes":""},"categories":[2],"tags":[],"class_list":{"0":"post-3397","1":"post","2":"type-post","3":"status-publish","4":"format-standard","5":"has-post-thumbnail","7":"category-oaxaca"},"yoast_head":"<!-- This site is optimized with the Yoast SEO plugin v27.4 - https:\/\/yoast.com\/product\/yoast-seo-wordpress\/ -->\n<title>Llegar\u00e1 campa\u00f1a de Registros de Nacimientos gratuitos a la Costa y la Ca\u00f1ada - LA BRAVA RADIO<\/title>\n<meta name=\"robots\" content=\"index, follow, max-snippet:-1, max-image-preview:large, max-video-preview:-1\" \/>\n<link rel=\"canonical\" href=\"https:\/\/www.bbmnoticias.com\/labravaradiofm\/2021\/10\/08\/llegara-campana-de-registros-de-nacimientos-gratuitos-a-la-costa-y-la-canada\/\" \/>\n<meta property=\"og:locale\" content=\"es_MX\" \/>\n<meta property=\"og:type\" content=\"article\" \/>\n<meta property=\"og:title\" content=\"Llegar\u00e1 campa\u00f1a de Registros de Nacimientos gratuitos a la Costa y la Ca\u00f1ada - LA BRAVA RADIO\" \/>\n<meta property=\"og:description\" content=\"La campa\u00f1a de Registros de Nacimientos Gratuitos para reci\u00e9n nacidos y ni\u00f1os de hasta 6 a\u00f1os de edad, que realiza el Registro Civil en coordinaci\u00f3n con el Registro Nacional de Poblaci\u00f3n (Renapo), la campa\u00f1a iniciar\u00e1 el 11 y durar\u00e1 hasta el 19 de octubre en las regiones de la Ca\u00f1ada y la Costa. La directora [&hellip;]\" \/>\n<meta property=\"og:url\" content=\"https:\/\/www.bbmnoticias.com\/labravaradiofm\/2021\/10\/08\/llegara-campana-de-registros-de-nacimientos-gratuitos-a-la-costa-y-la-canada\/\" \/>\n<meta property=\"og:site_name\" content=\"LA BRAVA RADIO\" \/>\n<meta property=\"article:published_time\" content=\"2021-10-08T22:16:48+00:00\" \/>\n<meta property=\"article:modified_time\" content=\"2021-10-08T22:16:49+00:00\" \/>\n<meta property=\"og:image\" content=\"https:\/\/www.bbmnoticias.com\/labravaradiofm\/wp-content\/uploads\/sites\/5\/2021\/10\/local08102021-1-2.jpg\" \/>\n\t<meta property=\"og:image:width\" content=\"1280\" \/>\n\t<meta property=\"og:image:height\" content=\"960\" \/>\n\t<meta property=\"og:image:type\" content=\"image\/jpeg\" \/>\n<meta name=\"author\" content=\"Staff\" \/>\n<meta name=\"twitter:card\" content=\"summary_large_image\" \/>\n<meta name=\"twitter:label1\" content=\"Escrito por\" \/>\n\t<meta name=\"twitter:data1\" content=\"Staff\" \/>\n\t<meta name=\"twitter:label2\" content=\"Tiempo de lectura\" \/>\n\t<meta name=\"twitter:data2\" content=\"3 minutos\" \/>\n<script type=\"application\/ld+json\" class=\"yoast-schema-graph\">{\"@context\":\"https:\\\/\\\/schema.org\",\"@graph\":[{\"@type\":\"Article\",\"@id\":\"https:\\\/\\\/www.bbmnoticias.com\\\/labravaradiofm\\\/2021\\\/10\\\/08\\\/llegara-campana-de-registros-de-nacimientos-gratuitos-a-la-costa-y-la-canada\\\/#article\",\"isPartOf\":{\"@id\":\"https:\\\/\\\/www.bbmnoticias.com\\\/labravaradiofm\\\/2021\\\/10\\\/08\\\/llegara-campana-de-registros-de-nacimientos-gratuitos-a-la-costa-y-la-canada\\\/\"},\"author\":{\"name\":\"Staff\",\"@id\":\"https:\\\/\\\/www.bbmnoticias.com\\\/labravaradiofm\\\/#\\\/schema\\\/person\\\/68a9e9036ef3c5b55aeb2b71dc8bab45\"},\"headline\":\"Llegar\u00e1 campa\u00f1a de Registros de Nacimientos gratuitos a la Costa y la Ca\u00f1ada\",\"datePublished\":\"2021-10-08T22:16:48+00:00\",\"dateModified\":\"2021-10-08T22:16:49+00:00\",\"mainEntityOfPage\":{\"@id\":\"https:\\\/\\\/www.bbmnoticias.com\\\/labravaradiofm\\\/2021\\\/10\\\/08\\\/llegara-campana-de-registros-de-nacimientos-gratuitos-a-la-costa-y-la-canada\\\/\"},\"wordCount\":517,\"image\":{\"@id\":\"https:\\\/\\\/www.bbmnoticias.com\\\/labravaradiofm\\\/2021\\\/10\\\/08\\\/llegara-campana-de-registros-de-nacimientos-gratuitos-a-la-costa-y-la-canada\\\/#primaryimage\"},\"thumbnailUrl\":\"https:\\\/\\\/www.bbmnoticias.com\\\/labravaradiofm\\\/wp-content\\\/uploads\\\/sites\\\/5\\\/2021\\\/10\\\/local08102021-1-2.jpg\",\"articleSection\":[\"LOCAL\"],\"inLanguage\":\"es\"},{\"@type\":\"WebPage\",\"@id\":\"https:\\\/\\\/www.bbmnoticias.com\\\/labravaradiofm\\\/2021\\\/10\\\/08\\\/llegara-campana-de-registros-de-nacimientos-gratuitos-a-la-costa-y-la-canada\\\/\",\"url\":\"https:\\\/\\\/www.bbmnoticias.com\\\/labravaradiofm\\\/2021\\\/10\\\/08\\\/llegara-campana-de-registros-de-nacimientos-gratuitos-a-la-costa-y-la-canada\\\/\",\"name\":\"Llegar\u00e1 campa\u00f1a de Registros de Nacimientos gratuitos a la Costa y la Ca\u00f1ada - LA BRAVA RADIO\",\"isPartOf\":{\"@id\":\"https:\\\/\\\/www.bbmnoticias.com\\\/labravaradiofm\\\/#website\"},\"primaryImageOfPage\":{\"@id\":\"https:\\\/\\\/www.bbmnoticias.com\\\/labravaradiofm\\\/2021\\\/10\\\/08\\\/llegara-campana-de-registros-de-nacimientos-gratuitos-a-la-costa-y-la-canada\\\/#primaryimage\"},\"image\":{\"@id\":\"https:\\\/\\\/www.bbmnoticias.com\\\/labravaradiofm\\\/2021\\\/10\\\/08\\\/llegara-campana-de-registros-de-nacimientos-gratuitos-a-la-costa-y-la-canada\\\/#primaryimage\"},\"thumbnailUrl\":\"https:\\\/\\\/www.bbmnoticias.com\\\/labravaradiofm\\\/wp-content\\\/uploads\\\/sites\\\/5\\\/2021\\\/10\\\/local08102021-1-2.jpg\",\"datePublished\":\"2021-10-08T22:16:48+00:00\",\"dateModified\":\"2021-10-08T22:16:49+00:00\",\"author\":{\"@id\":\"https:\\\/\\\/www.bbmnoticias.com\\\/labravaradiofm\\\/#\\\/schema\\\/person\\\/68a9e9036ef3c5b55aeb2b71dc8bab45\"},\"breadcrumb\":{\"@id\":\"https:\\\/\\\/www.bbmnoticias.com\\\/labravaradiofm\\\/2021\\\/10\\\/08\\\/llegara-campana-de-registros-de-nacimientos-gratuitos-a-la-costa-y-la-canada\\\/#breadcrumb\"},\"inLanguage\":\"es\",\"potentialAction\":[{\"@type\":\"ReadAction\",\"target\":[\"https:\\\/\\\/www.bbmnoticias.com\\\/labravaradiofm\\\/2021\\\/10\\\/08\\\/llegara-campana-de-registros-de-nacimientos-gratuitos-a-la-costa-y-la-canada\\\/\"]}]},{\"@type\":\"ImageObject\",\"inLanguage\":\"es\",\"@id\":\"https:\\\/\\\/www.bbmnoticias.com\\\/labravaradiofm\\\/2021\\\/10\\\/08\\\/llegara-campana-de-registros-de-nacimientos-gratuitos-a-la-costa-y-la-canada\\\/#primaryimage\",\"url\":\"https:\\\/\\\/www.bbmnoticias.com\\\/labravaradiofm\\\/wp-content\\\/uploads\\\/sites\\\/5\\\/2021\\\/10\\\/local08102021-1-2.jpg\",\"contentUrl\":\"https:\\\/\\\/www.bbmnoticias.com\\\/labravaradiofm\\\/wp-content\\\/uploads\\\/sites\\\/5\\\/2021\\\/10\\\/local08102021-1-2.jpg\",\"width\":1280,\"height\":960},{\"@type\":\"BreadcrumbList\",\"@id\":\"https:\\\/\\\/www.bbmnoticias.com\\\/labravaradiofm\\\/2021\\\/10\\\/08\\\/llegara-campana-de-registros-de-nacimientos-gratuitos-a-la-costa-y-la-canada\\\/#breadcrumb\",\"itemListElement\":[{\"@type\":\"ListItem\",\"position\":1,\"name\":\"Inicio\",\"item\":\"https:\\\/\\\/www.bbmnoticias.com\\\/labravaradiofm\\\/\"},{\"@type\":\"ListItem\",\"position\":2,\"name\":\"Llegar\u00e1 campa\u00f1a de Registros de Nacimientos gratuitos a la Costa y la Ca\u00f1ada\"}]},{\"@type\":\"WebSite\",\"@id\":\"https:\\\/\\\/www.bbmnoticias.com\\\/labravaradiofm\\\/#website\",\"url\":\"https:\\\/\\\/www.bbmnoticias.com\\\/labravaradiofm\\\/\",\"name\":\"LA BRAVA RADIO\",\"description\":\"Empresa productora de medios, Radiodifusi\u00f3n, Noticias, tendencias y todo lo que necesitas saber de la pol\u00edtica mexicana e internacional; entretenimiento, espect\u00e1culos, salud y mucho m\u00e1s.\",\"potentialAction\":[{\"@type\":\"SearchAction\",\"target\":{\"@type\":\"EntryPoint\",\"urlTemplate\":\"https:\\\/\\\/www.bbmnoticias.com\\\/labravaradiofm\\\/?s={search_term_string}\"},\"query-input\":{\"@type\":\"PropertyValueSpecification\",\"valueRequired\":true,\"valueName\":\"search_term_string\"}}],\"inLanguage\":\"es\"},{\"@type\":\"Person\",\"@id\":\"https:\\\/\\\/www.bbmnoticias.com\\\/labravaradiofm\\\/#\\\/schema\\\/person\\\/68a9e9036ef3c5b55aeb2b71dc8bab45\",\"name\":\"Staff\",\"image\":{\"@type\":\"ImageObject\",\"inLanguage\":\"es\",\"@id\":\"https:\\\/\\\/secure.gravatar.com\\\/avatar\\\/fdd21ad66fd8b98c407f9dee5b5e588cfe7f0d8579ec20fa6527cd59bab7f0f0?s=96&d=mm&r=g\",\"url\":\"https:\\\/\\\/secure.gravatar.com\\\/avatar\\\/fdd21ad66fd8b98c407f9dee5b5e588cfe7f0d8579ec20fa6527cd59bab7f0f0?s=96&d=mm&r=g\",\"contentUrl\":\"https:\\\/\\\/secure.gravatar.com\\\/avatar\\\/fdd21ad66fd8b98c407f9dee5b5e588cfe7f0d8579ec20fa6527cd59bab7f0f0?s=96&d=mm&r=g\",\"caption\":\"Staff\"},\"url\":\"https:\\\/\\\/www.bbmnoticias.com\\\/labravaradiofm\\\/author\\\/redaccion\\\/\"}]}<\/script>\n<!-- \/ Yoast SEO plugin. -->","yoast_head_json":{"title":"Llegar\u00e1 campa\u00f1a de Registros de Nacimientos gratuitos a la Costa y la Ca\u00f1ada - LA BRAVA RADIO","robots":{"index":"index","follow":"follow","max-snippet":"max-snippet:-1","max-image-preview":"max-image-preview:large","max-video-preview":"max-video-preview:-1"},"canonical":"https:\/\/www.bbmnoticias.com\/labravaradiofm\/2021\/10\/08\/llegara-campana-de-registros-de-nacimientos-gratuitos-a-la-costa-y-la-canada\/","og_locale":"es_MX","og_type":"article","og_title":"Llegar\u00e1 campa\u00f1a de Registros de Nacimientos gratuitos a la Costa y la Ca\u00f1ada - LA BRAVA RADIO","og_description":"La campa\u00f1a de Registros de Nacimientos Gratuitos para reci\u00e9n nacidos y ni\u00f1os de hasta 6 a\u00f1os de edad, que realiza el Registro Civil en coordinaci\u00f3n con el Registro Nacional de Poblaci\u00f3n (Renapo), la campa\u00f1a iniciar\u00e1 el 11 y durar\u00e1 hasta el 19 de octubre en las regiones de la Ca\u00f1ada y la Costa. La directora [&hellip;]","og_url":"https:\/\/www.bbmnoticias.com\/labravaradiofm\/2021\/10\/08\/llegara-campana-de-registros-de-nacimientos-gratuitos-a-la-costa-y-la-canada\/","og_site_name":"LA BRAVA RADIO","article_published_time":"2021-10-08T22:16:48+00:00","article_modified_time":"2021-10-08T22:16:49+00:00","og_image":[{"width":1280,"height":960,"url":"https:\/\/www.bbmnoticias.com\/labravaradiofm\/wp-content\/uploads\/sites\/5\/2021\/10\/local08102021-1-2.jpg","type":"image\/jpeg"}],"author":"Staff","twitter_card":"summary_large_image","twitter_misc":{"Escrito por":"Staff","Tiempo de lectura":"3 minutos"},"schema":{"@context":"https:\/\/schema.org","@graph":[{"@type":"Article","@id":"https:\/\/www.bbmnoticias.com\/labravaradiofm\/2021\/10\/08\/llegara-campana-de-registros-de-nacimientos-gratuitos-a-la-costa-y-la-canada\/#article","isPartOf":{"@id":"https:\/\/www.bbmnoticias.com\/labravaradiofm\/2021\/10\/08\/llegara-campana-de-registros-de-nacimientos-gratuitos-a-la-costa-y-la-canada\/"},"author":{"name":"Staff","@id":"https:\/\/www.bbmnoticias.com\/labravaradiofm\/#\/schema\/person\/68a9e9036ef3c5b55aeb2b71dc8bab45"},"headline":"Llegar\u00e1 campa\u00f1a de Registros de Nacimientos gratuitos a la Costa y la Ca\u00f1ada","datePublished":"2021-10-08T22:16:48+00:00","dateModified":"2021-10-08T22:16:49+00:00","mainEntityOfPage":{"@id":"https:\/\/www.bbmnoticias.com\/labravaradiofm\/2021\/10\/08\/llegara-campana-de-registros-de-nacimientos-gratuitos-a-la-costa-y-la-canada\/"},"wordCount":517,"image":{"@id":"https:\/\/www.bbmnoticias.com\/labravaradiofm\/2021\/10\/08\/llegara-campana-de-registros-de-nacimientos-gratuitos-a-la-costa-y-la-canada\/#primaryimage"},"thumbnailUrl":"https:\/\/www.bbmnoticias.com\/labravaradiofm\/wp-content\/uploads\/sites\/5\/2021\/10\/local08102021-1-2.jpg","articleSection":["LOCAL"],"inLanguage":"es"},{"@type":"WebPage","@id":"https:\/\/www.bbmnoticias.com\/labravaradiofm\/2021\/10\/08\/llegara-campana-de-registros-de-nacimientos-gratuitos-a-la-costa-y-la-canada\/","url":"https:\/\/www.bbmnoticias.com\/labravaradiofm\/2021\/10\/08\/llegara-campana-de-registros-de-nacimientos-gratuitos-a-la-costa-y-la-canada\/","name":"Llegar\u00e1 campa\u00f1a de Registros de Nacimientos gratuitos a la Costa y la Ca\u00f1ada - LA BRAVA RADIO","isPartOf":{"@id":"https:\/\/www.bbmnoticias.com\/labravaradiofm\/#website"},"primaryImageOfPage":{"@id":"https:\/\/www.bbmnoticias.com\/labravaradiofm\/2021\/10\/08\/llegara-campana-de-registros-de-nacimientos-gratuitos-a-la-costa-y-la-canada\/#primaryimage"},"image":{"@id":"https:\/\/www.bbmnoticias.com\/labravaradiofm\/2021\/10\/08\/llegara-campana-de-registros-de-nacimientos-gratuitos-a-la-costa-y-la-canada\/#primaryimage"},"thumbnailUrl":"https:\/\/www.bbmnoticias.com\/labravaradiofm\/wp-content\/uploads\/sites\/5\/2021\/10\/local08102021-1-2.jpg","datePublished":"2021-10-08T22:16:48+00:00","dateModified":"2021-10-08T22:16:49+00:00","author":{"@id":"https:\/\/www.bbmnoticias.com\/labravaradiofm\/#\/schema\/person\/68a9e9036ef3c5b55aeb2b71dc8bab45"},"breadcrumb":{"@id":"https:\/\/www.bbmnoticias.com\/labravaradiofm\/2021\/10\/08\/llegara-campana-de-registros-de-nacimientos-gratuitos-a-la-costa-y-la-canada\/#breadcrumb"},"inLanguage":"es","potentialAction":[{"@type":"ReadAction","target":["https:\/\/www.bbmnoticias.com\/labravaradiofm\/2021\/10\/08\/llegara-campana-de-registros-de-nacimientos-gratuitos-a-la-costa-y-la-canada\/"]}]},{"@type":"ImageObject","inLanguage":"es","@id":"https:\/\/www.bbmnoticias.com\/labravaradiofm\/2021\/10\/08\/llegara-campana-de-registros-de-nacimientos-gratuitos-a-la-costa-y-la-canada\/#primaryimage","url":"https:\/\/www.bbmnoticias.com\/labravaradiofm\/wp-content\/uploads\/sites\/5\/2021\/10\/local08102021-1-2.jpg","contentUrl":"https:\/\/www.bbmnoticias.com\/labravaradiofm\/wp-content\/uploads\/sites\/5\/2021\/10\/local08102021-1-2.jpg","width":1280,"height":960},{"@type":"BreadcrumbList","@id":"https:\/\/www.bbmnoticias.com\/labravaradiofm\/2021\/10\/08\/llegara-campana-de-registros-de-nacimientos-gratuitos-a-la-costa-y-la-canada\/#breadcrumb","itemListElement":[{"@type":"ListItem","position":1,"name":"Inicio","item":"https:\/\/www.bbmnoticias.com\/labravaradiofm\/"},{"@type":"ListItem","position":2,"name":"Llegar\u00e1 campa\u00f1a de Registros de Nacimientos gratuitos a la Costa y la Ca\u00f1ada"}]},{"@type":"WebSite","@id":"https:\/\/www.bbmnoticias.com\/labravaradiofm\/#website","url":"https:\/\/www.bbmnoticias.com\/labravaradiofm\/","name":"LA BRAVA RADIO","description":"Empresa productora de medios, Radiodifusi\u00f3n, Noticias, tendencias y todo lo que necesitas saber de la pol\u00edtica mexicana e internacional; entretenimiento, espect\u00e1culos, salud y mucho m\u00e1s.","potentialAction":[{"@type":"SearchAction","target":{"@type":"EntryPoint","urlTemplate":"https:\/\/www.bbmnoticias.com\/labravaradiofm\/?s={search_term_string}"},"query-input":{"@type":"PropertyValueSpecification","valueRequired":true,"valueName":"search_term_string"}}],"inLanguage":"es"},{"@type":"Person","@id":"https:\/\/www.bbmnoticias.com\/labravaradiofm\/#\/schema\/person\/68a9e9036ef3c5b55aeb2b71dc8bab45","name":"Staff","image":{"@type":"ImageObject","inLanguage":"es","@id":"https:\/\/secure.gravatar.com\/avatar\/fdd21ad66fd8b98c407f9dee5b5e588cfe7f0d8579ec20fa6527cd59bab7f0f0?s=96&d=mm&r=g","url":"https:\/\/secure.gravatar.com\/avatar\/fdd21ad66fd8b98c407f9dee5b5e588cfe7f0d8579ec20fa6527cd59bab7f0f0?s=96&d=mm&r=g","contentUrl":"https:\/\/secure.gravatar.com\/avatar\/fdd21ad66fd8b98c407f9dee5b5e588cfe7f0d8579ec20fa6527cd59bab7f0f0?s=96&d=mm&r=g","caption":"Staff"},"url":"https:\/\/www.bbmnoticias.com\/labravaradiofm\/author\/redaccion\/"}]}},"_links":{"self":[{"href":"https:\/\/www.bbmnoticias.com\/labravaradiofm\/wp-json\/wp\/v2\/posts\/3397","targetHints":{"allow":["GET"]}}],"collection":[{"href":"https:\/\/www.bbmnoticias.com\/labravaradiofm\/wp-json\/wp\/v2\/posts"}],"about":[{"href":"https:\/\/www.bbmnoticias.com\/labravaradiofm\/wp-json\/wp\/v2\/types\/post"}],"author":[{"embeddable":true,"href":"https:\/\/www.bbmnoticias.com\/labravaradiofm\/wp-json\/wp\/v2\/users\/2"}],"replies":[{"embeddable":true,"href":"https:\/\/www.bbmnoticias.com\/labravaradiofm\/wp-json\/wp\/v2\/comments?post=3397"}],"version-history":[{"count":0,"href":"https:\/\/www.bbmnoticias.com\/labravaradiofm\/wp-json\/wp\/v2\/posts\/3397\/revisions"}],"wp:featuredmedia":[{"embeddable":true,"href":"https:\/\/www.bbmnoticias.com\/labravaradiofm\/wp-json\/wp\/v2\/media\/3399"}],"wp:attachment":[{"href":"https:\/\/www.bbmnoticias.com\/labravaradiofm\/wp-json\/wp\/v2\/media?parent=3397"}],"wp:term":[{"taxonomy":"category","embeddable":true,"href":"https:\/\/www.bbmnoticias.com\/labravaradiofm\/wp-json\/wp\/v2\/categories?post=3397"},{"taxonomy":"post_tag","embeddable":true,"href":"https:\/\/www.bbmnoticias.com\/labravaradiofm\/wp-json\/wp\/v2\/tags?post=3397"}],"curies":[{"name":"wp","href":"https:\/\/api.w.org\/{rel}","templated":true}]}}