{"id":3377,"date":"2021-10-08T13:50:38","date_gmt":"2021-10-08T18:50:38","guid":{"rendered":"https:\/\/www.bbmnoticias.com\/labravaradiofm\/?p=3377"},"modified":"2021-10-08T13:50:39","modified_gmt":"2021-10-08T18:50:39","slug":"fortalecera-sepia-red-del-sistema-de-agua-potable-en-municipios-indigenas-de-oaxaca","status":"publish","type":"post","link":"https:\/\/www.bbmnoticias.com\/labravaradiofm\/2021\/10\/08\/fortalecera-sepia-red-del-sistema-de-agua-potable-en-municipios-indigenas-de-oaxaca\/","title":{"rendered":"Fortalecer\u00e1 Sepia red del Sistema de Agua Potable en municipios ind\u00edgenas de Oaxaca"},"content":{"rendered":"<div style=\"margin-top: 0px; margin-bottom: 0px;\" class=\"sharethis-inline-share-buttons\" ><\/div>\n<p><strong>Tlalixtac de Cabrera, Oax.-<\/strong> Para acercar servicios de primera necesidad a municipios ind\u00edgenas y afromexicanos de Oaxaca, la\u00a0 titular de la Secretar\u00eda de Pueblos Ind\u00edgenas y Afromexicano (Sepia), Nallely Hern\u00e1ndez Garc\u00eda, suscribi\u00f3 los convenios PROAGUA 2021 con nueve autoridades municipales, teniendo como invitado especial al director general del Organismo de Cuenca Pacifico Sur de la Comisi\u00f3n Nacional del Agua (CONAGUA), Miguel \u00c1ngel Mart\u00ednez Cordero.<\/p>\n\n\n\n<p>Con una inversi\u00f3n de 22.2 millones de pesos, la Sepia, CONAGUA y los municipios de Santiago Huauclilla, Mesones Hidalgo, San Lorenzo Texmelucan, Santo Tom\u00e1s Ocotepec, Santiago Tilantongo, Santa Mar\u00eda Ipalapa, Santa Cruz Nundaco, Chiquihuitl\u00e1n de Benito Ju\u00e1rez y Chalcatongo de Hidalgo, garantizar\u00e1n servicios de primera necesidad a las familias oaxaque\u00f1as.<\/p>\n\n\n\n<p>Durante su intervensi\u00f3n, la Secretaria de Pueblos Ind\u00edgenas y Afromexicano destac\u00f3 las acciones conjuntas que se realizan para elevar la calidad de vida de los habitantes. \u201cEn la administraci\u00f3n del gobernador Alejandro Murat Hinojosa estamos trabajando todos los d\u00edas para construir el Oaxaca que todas y todos nos merecemos, un Oaxaca con m\u00e1s oportunidades, un Oaxaca que cuente con m\u00e1s servicios b\u00e1sicos, un Oaxaca mejor conectado, un Oaxaca donde tengamos mayores oportunidades de comunicaci\u00f3n\u201d, enfatiz\u00f3.<\/p>\n\n\n\n<p>En tanto, el Director General del Organismo de Cuenca Pacifico Sur de la CONAGUA &nbsp;agradeci\u00f3 el respaldo de la Secretar\u00eda de Pueblos Ind\u00edgenas y Afromexicano para realizar acciones conjuntas que beneficien a las poblaciones m\u00e1s desfavorecidas.<\/p>\n\n\n\n<p>\u201cCon este trabajo en equipo que demuestran el Gobierno Federal y Estatal, podemos caminar juntos, no importa la filiaci\u00f3n pol\u00edtica, aqu\u00ed solamente hay trabajo, ganas de hacer las cosas, respeto y armon\u00eda para que estos apoyos lleguen a quienes m\u00e1s lo necesitan\u201d, manifest\u00f3.<\/p>\n\n\n\n<p>En representaci\u00f3n de las autoridades municipales, el edil de Santa Cruz Nundaco, Enrique Aguilar Barrios, dijo que este proyecto impactar\u00e1 con mejores condiciones de vida para los ciudadanos beneficiados.<\/p>\n\n\n\n<p>\u201cAgradecer a la Sepia que apoya a las comunidades m\u00e1s necesitadas y que trabaja de la mano con los presidentes municipales; muchas gracias por su esfuerzo, por su dedicaci\u00f3n a este proyecto que pronto aterrizar\u00e1 en nuestras localidades\u201d, se\u00f1al\u00f3.<\/p>\n\n\n\n<p>El Gobierno del Estado, a trav\u00e9s de la Secretar\u00eda de Pueblos Ind\u00edgenas y Afromexicano, refrenda su compromiso de seguir acercando servicios b\u00e1sicos a las familias oaxaque\u00f1as.<\/p>\n","protected":false},"excerpt":{"rendered":"<p>Tlalixtac de Cabrera, Oax.- Para acercar servicios de primera necesidad a municipios ind\u00edgenas y afromexicanos de Oaxaca, la\u00a0 titular de la Secretar\u00eda de Pueblos Ind\u00edgenas y Afromexicano (Sepia), Nallely Hern\u00e1ndez Garc\u00eda, suscribi\u00f3 los convenios PROAGUA 2021 con nueve autoridades municipales, teniendo como invitado especial al director general del Organismo de Cuenca Pacifico Sur de la [&hellip;]<\/p>\n","protected":false},"author":2,"featured_media":3378,"comment_status":"closed","ping_status":"closed","sticky":false,"template":"","format":"standard","meta":{"footnotes":""},"categories":[2],"tags":[],"class_list":{"0":"post-3377","1":"post","2":"type-post","3":"status-publish","4":"format-standard","5":"has-post-thumbnail","7":"category-oaxaca"},"yoast_head":"<!-- This site is optimized with the Yoast SEO plugin v27.4 - https:\/\/yoast.com\/product\/yoast-seo-wordpress\/ -->\n<title>Fortalecer\u00e1 Sepia red del Sistema de Agua Potable en municipios ind\u00edgenas de Oaxaca - LA BRAVA RADIO<\/title>\n<meta name=\"description\" content=\"Con este trabajo en equipo que demuestran el Gobierno Federal y Estatal, podemos caminar juntos, no importa la filiaci\u00f3n pol\u00edtica\" \/>\n<meta name=\"robots\" content=\"index, follow, max-snippet:-1, max-image-preview:large, max-video-preview:-1\" \/>\n<link rel=\"canonical\" href=\"https:\/\/www.bbmnoticias.com\/labravaradiofm\/2021\/10\/08\/fortalecera-sepia-red-del-sistema-de-agua-potable-en-municipios-indigenas-de-oaxaca\/\" \/>\n<meta property=\"og:locale\" content=\"es_MX\" \/>\n<meta property=\"og:type\" content=\"article\" \/>\n<meta property=\"og:title\" content=\"Fortalecer\u00e1 Sepia red del Sistema de Agua Potable en municipios ind\u00edgenas de Oaxaca - LA BRAVA RADIO\" \/>\n<meta property=\"og:description\" content=\"Con este trabajo en equipo que demuestran el Gobierno Federal y Estatal, podemos caminar juntos, no importa la filiaci\u00f3n pol\u00edtica\" \/>\n<meta property=\"og:url\" content=\"https:\/\/www.bbmnoticias.com\/labravaradiofm\/2021\/10\/08\/fortalecera-sepia-red-del-sistema-de-agua-potable-en-municipios-indigenas-de-oaxaca\/\" \/>\n<meta property=\"og:site_name\" content=\"LA BRAVA RADIO\" \/>\n<meta property=\"article:published_time\" content=\"2021-10-08T18:50:38+00:00\" \/>\n<meta property=\"article:modified_time\" content=\"2021-10-08T18:50:39+00:00\" \/>\n<meta property=\"og:image\" content=\"https:\/\/www.bbmnoticias.com\/labravaradiofm\/wp-content\/uploads\/sites\/5\/2021\/10\/local08102021-9.jpg\" \/>\n\t<meta property=\"og:image:width\" content=\"960\" \/>\n\t<meta property=\"og:image:height\" content=\"635\" \/>\n\t<meta property=\"og:image:type\" content=\"image\/jpeg\" \/>\n<meta name=\"author\" content=\"Staff\" \/>\n<meta name=\"twitter:card\" content=\"summary_large_image\" \/>\n<meta name=\"twitter:label1\" content=\"Escrito por\" \/>\n\t<meta name=\"twitter:data1\" content=\"Staff\" \/>\n\t<meta name=\"twitter:label2\" content=\"Tiempo de lectura\" \/>\n\t<meta name=\"twitter:data2\" content=\"2 minutos\" \/>\n<script type=\"application\/ld+json\" class=\"yoast-schema-graph\">{\"@context\":\"https:\\\/\\\/schema.org\",\"@graph\":[{\"@type\":\"Article\",\"@id\":\"https:\\\/\\\/www.bbmnoticias.com\\\/labravaradiofm\\\/2021\\\/10\\\/08\\\/fortalecera-sepia-red-del-sistema-de-agua-potable-en-municipios-indigenas-de-oaxaca\\\/#article\",\"isPartOf\":{\"@id\":\"https:\\\/\\\/www.bbmnoticias.com\\\/labravaradiofm\\\/2021\\\/10\\\/08\\\/fortalecera-sepia-red-del-sistema-de-agua-potable-en-municipios-indigenas-de-oaxaca\\\/\"},\"author\":{\"name\":\"Staff\",\"@id\":\"https:\\\/\\\/www.bbmnoticias.com\\\/labravaradiofm\\\/#\\\/schema\\\/person\\\/34b139c617a70ea5bef5678bffe4dd7b\"},\"headline\":\"Fortalecer\u00e1 Sepia red del Sistema de Agua Potable en municipios ind\u00edgenas de Oaxaca\",\"datePublished\":\"2021-10-08T18:50:38+00:00\",\"dateModified\":\"2021-10-08T18:50:39+00:00\",\"mainEntityOfPage\":{\"@id\":\"https:\\\/\\\/www.bbmnoticias.com\\\/labravaradiofm\\\/2021\\\/10\\\/08\\\/fortalecera-sepia-red-del-sistema-de-agua-potable-en-municipios-indigenas-de-oaxaca\\\/\"},\"wordCount\":414,\"image\":{\"@id\":\"https:\\\/\\\/www.bbmnoticias.com\\\/labravaradiofm\\\/2021\\\/10\\\/08\\\/fortalecera-sepia-red-del-sistema-de-agua-potable-en-municipios-indigenas-de-oaxaca\\\/#primaryimage\"},\"thumbnailUrl\":\"https:\\\/\\\/www.bbmnoticias.com\\\/labravaradiofm\\\/wp-content\\\/uploads\\\/sites\\\/5\\\/2021\\\/10\\\/local08102021-9.jpg\",\"articleSection\":[\"LOCAL\"],\"inLanguage\":\"es\"},{\"@type\":\"WebPage\",\"@id\":\"https:\\\/\\\/www.bbmnoticias.com\\\/labravaradiofm\\\/2021\\\/10\\\/08\\\/fortalecera-sepia-red-del-sistema-de-agua-potable-en-municipios-indigenas-de-oaxaca\\\/\",\"url\":\"https:\\\/\\\/www.bbmnoticias.com\\\/labravaradiofm\\\/2021\\\/10\\\/08\\\/fortalecera-sepia-red-del-sistema-de-agua-potable-en-municipios-indigenas-de-oaxaca\\\/\",\"name\":\"Fortalecer\u00e1 Sepia red del Sistema de Agua Potable en municipios ind\u00edgenas de Oaxaca - LA BRAVA RADIO\",\"isPartOf\":{\"@id\":\"https:\\\/\\\/www.bbmnoticias.com\\\/labravaradiofm\\\/#website\"},\"primaryImageOfPage\":{\"@id\":\"https:\\\/\\\/www.bbmnoticias.com\\\/labravaradiofm\\\/2021\\\/10\\\/08\\\/fortalecera-sepia-red-del-sistema-de-agua-potable-en-municipios-indigenas-de-oaxaca\\\/#primaryimage\"},\"image\":{\"@id\":\"https:\\\/\\\/www.bbmnoticias.com\\\/labravaradiofm\\\/2021\\\/10\\\/08\\\/fortalecera-sepia-red-del-sistema-de-agua-potable-en-municipios-indigenas-de-oaxaca\\\/#primaryimage\"},\"thumbnailUrl\":\"https:\\\/\\\/www.bbmnoticias.com\\\/labravaradiofm\\\/wp-content\\\/uploads\\\/sites\\\/5\\\/2021\\\/10\\\/local08102021-9.jpg\",\"datePublished\":\"2021-10-08T18:50:38+00:00\",\"dateModified\":\"2021-10-08T18:50:39+00:00\",\"author\":{\"@id\":\"https:\\\/\\\/www.bbmnoticias.com\\\/labravaradiofm\\\/#\\\/schema\\\/person\\\/34b139c617a70ea5bef5678bffe4dd7b\"},\"description\":\"Con este trabajo en equipo que demuestran el Gobierno Federal y Estatal, podemos caminar juntos, no importa la filiaci\u00f3n pol\u00edtica\",\"breadcrumb\":{\"@id\":\"https:\\\/\\\/www.bbmnoticias.com\\\/labravaradiofm\\\/2021\\\/10\\\/08\\\/fortalecera-sepia-red-del-sistema-de-agua-potable-en-municipios-indigenas-de-oaxaca\\\/#breadcrumb\"},\"inLanguage\":\"es\",\"potentialAction\":[{\"@type\":\"ReadAction\",\"target\":[\"https:\\\/\\\/www.bbmnoticias.com\\\/labravaradiofm\\\/2021\\\/10\\\/08\\\/fortalecera-sepia-red-del-sistema-de-agua-potable-en-municipios-indigenas-de-oaxaca\\\/\"]}]},{\"@type\":\"ImageObject\",\"inLanguage\":\"es\",\"@id\":\"https:\\\/\\\/www.bbmnoticias.com\\\/labravaradiofm\\\/2021\\\/10\\\/08\\\/fortalecera-sepia-red-del-sistema-de-agua-potable-en-municipios-indigenas-de-oaxaca\\\/#primaryimage\",\"url\":\"https:\\\/\\\/www.bbmnoticias.com\\\/labravaradiofm\\\/wp-content\\\/uploads\\\/sites\\\/5\\\/2021\\\/10\\\/local08102021-9.jpg\",\"contentUrl\":\"https:\\\/\\\/www.bbmnoticias.com\\\/labravaradiofm\\\/wp-content\\\/uploads\\\/sites\\\/5\\\/2021\\\/10\\\/local08102021-9.jpg\",\"width\":960,\"height\":635},{\"@type\":\"BreadcrumbList\",\"@id\":\"https:\\\/\\\/www.bbmnoticias.com\\\/labravaradiofm\\\/2021\\\/10\\\/08\\\/fortalecera-sepia-red-del-sistema-de-agua-potable-en-municipios-indigenas-de-oaxaca\\\/#breadcrumb\",\"itemListElement\":[{\"@type\":\"ListItem\",\"position\":1,\"name\":\"Inicio\",\"item\":\"https:\\\/\\\/www.bbmnoticias.com\\\/labravaradiofm\\\/\"},{\"@type\":\"ListItem\",\"position\":2,\"name\":\"Fortalecer\u00e1 Sepia red del Sistema de Agua Potable en municipios ind\u00edgenas de Oaxaca\"}]},{\"@type\":\"WebSite\",\"@id\":\"https:\\\/\\\/www.bbmnoticias.com\\\/labravaradiofm\\\/#website\",\"url\":\"https:\\\/\\\/www.bbmnoticias.com\\\/labravaradiofm\\\/\",\"name\":\"LA BRAVA RADIO\",\"description\":\"Empresa productora de medios, Radiodifusi\u00f3n, Noticias, tendencias y todo lo que necesitas saber de la pol\u00edtica mexicana e internacional; entretenimiento, espect\u00e1culos, salud y mucho m\u00e1s.\",\"potentialAction\":[{\"@type\":\"SearchAction\",\"target\":{\"@type\":\"EntryPoint\",\"urlTemplate\":\"https:\\\/\\\/www.bbmnoticias.com\\\/labravaradiofm\\\/?s={search_term_string}\"},\"query-input\":{\"@type\":\"PropertyValueSpecification\",\"valueRequired\":true,\"valueName\":\"search_term_string\"}}],\"inLanguage\":\"es\"},{\"@type\":\"Person\",\"@id\":\"https:\\\/\\\/www.bbmnoticias.com\\\/labravaradiofm\\\/#\\\/schema\\\/person\\\/34b139c617a70ea5bef5678bffe4dd7b\",\"name\":\"Staff\",\"image\":{\"@type\":\"ImageObject\",\"inLanguage\":\"es\",\"@id\":\"https:\\\/\\\/secure.gravatar.com\\\/avatar\\\/fdd21ad66fd8b98c407f9dee5b5e588cfe7f0d8579ec20fa6527cd59bab7f0f0?s=96&d=mm&r=g\",\"url\":\"https:\\\/\\\/secure.gravatar.com\\\/avatar\\\/fdd21ad66fd8b98c407f9dee5b5e588cfe7f0d8579ec20fa6527cd59bab7f0f0?s=96&d=mm&r=g\",\"contentUrl\":\"https:\\\/\\\/secure.gravatar.com\\\/avatar\\\/fdd21ad66fd8b98c407f9dee5b5e588cfe7f0d8579ec20fa6527cd59bab7f0f0?s=96&d=mm&r=g\",\"caption\":\"Staff\"},\"url\":\"https:\\\/\\\/www.bbmnoticias.com\\\/labravaradiofm\\\/author\\\/redaccion\\\/\"}]}<\/script>\n<!-- \/ Yoast SEO plugin. -->","yoast_head_json":{"title":"Fortalecer\u00e1 Sepia red del Sistema de Agua Potable en municipios ind\u00edgenas de Oaxaca - LA BRAVA RADIO","description":"Con este trabajo en equipo que demuestran el Gobierno Federal y Estatal, podemos caminar juntos, no importa la filiaci\u00f3n pol\u00edtica","robots":{"index":"index","follow":"follow","max-snippet":"max-snippet:-1","max-image-preview":"max-image-preview:large","max-video-preview":"max-video-preview:-1"},"canonical":"https:\/\/www.bbmnoticias.com\/labravaradiofm\/2021\/10\/08\/fortalecera-sepia-red-del-sistema-de-agua-potable-en-municipios-indigenas-de-oaxaca\/","og_locale":"es_MX","og_type":"article","og_title":"Fortalecer\u00e1 Sepia red del Sistema de Agua Potable en municipios ind\u00edgenas de Oaxaca - LA BRAVA RADIO","og_description":"Con este trabajo en equipo que demuestran el Gobierno Federal y Estatal, podemos caminar juntos, no importa la filiaci\u00f3n pol\u00edtica","og_url":"https:\/\/www.bbmnoticias.com\/labravaradiofm\/2021\/10\/08\/fortalecera-sepia-red-del-sistema-de-agua-potable-en-municipios-indigenas-de-oaxaca\/","og_site_name":"LA BRAVA RADIO","article_published_time":"2021-10-08T18:50:38+00:00","article_modified_time":"2021-10-08T18:50:39+00:00","og_image":[{"width":960,"height":635,"url":"https:\/\/www.bbmnoticias.com\/labravaradiofm\/wp-content\/uploads\/sites\/5\/2021\/10\/local08102021-9.jpg","type":"image\/jpeg"}],"author":"Staff","twitter_card":"summary_large_image","twitter_misc":{"Escrito por":"Staff","Tiempo de lectura":"2 minutos"},"schema":{"@context":"https:\/\/schema.org","@graph":[{"@type":"Article","@id":"https:\/\/www.bbmnoticias.com\/labravaradiofm\/2021\/10\/08\/fortalecera-sepia-red-del-sistema-de-agua-potable-en-municipios-indigenas-de-oaxaca\/#article","isPartOf":{"@id":"https:\/\/www.bbmnoticias.com\/labravaradiofm\/2021\/10\/08\/fortalecera-sepia-red-del-sistema-de-agua-potable-en-municipios-indigenas-de-oaxaca\/"},"author":{"name":"Staff","@id":"https:\/\/www.bbmnoticias.com\/labravaradiofm\/#\/schema\/person\/34b139c617a70ea5bef5678bffe4dd7b"},"headline":"Fortalecer\u00e1 Sepia red del Sistema de Agua Potable en municipios ind\u00edgenas de Oaxaca","datePublished":"2021-10-08T18:50:38+00:00","dateModified":"2021-10-08T18:50:39+00:00","mainEntityOfPage":{"@id":"https:\/\/www.bbmnoticias.com\/labravaradiofm\/2021\/10\/08\/fortalecera-sepia-red-del-sistema-de-agua-potable-en-municipios-indigenas-de-oaxaca\/"},"wordCount":414,"image":{"@id":"https:\/\/www.bbmnoticias.com\/labravaradiofm\/2021\/10\/08\/fortalecera-sepia-red-del-sistema-de-agua-potable-en-municipios-indigenas-de-oaxaca\/#primaryimage"},"thumbnailUrl":"https:\/\/www.bbmnoticias.com\/labravaradiofm\/wp-content\/uploads\/sites\/5\/2021\/10\/local08102021-9.jpg","articleSection":["LOCAL"],"inLanguage":"es"},{"@type":"WebPage","@id":"https:\/\/www.bbmnoticias.com\/labravaradiofm\/2021\/10\/08\/fortalecera-sepia-red-del-sistema-de-agua-potable-en-municipios-indigenas-de-oaxaca\/","url":"https:\/\/www.bbmnoticias.com\/labravaradiofm\/2021\/10\/08\/fortalecera-sepia-red-del-sistema-de-agua-potable-en-municipios-indigenas-de-oaxaca\/","name":"Fortalecer\u00e1 Sepia red del Sistema de Agua Potable en municipios ind\u00edgenas de Oaxaca - LA BRAVA RADIO","isPartOf":{"@id":"https:\/\/www.bbmnoticias.com\/labravaradiofm\/#website"},"primaryImageOfPage":{"@id":"https:\/\/www.bbmnoticias.com\/labravaradiofm\/2021\/10\/08\/fortalecera-sepia-red-del-sistema-de-agua-potable-en-municipios-indigenas-de-oaxaca\/#primaryimage"},"image":{"@id":"https:\/\/www.bbmnoticias.com\/labravaradiofm\/2021\/10\/08\/fortalecera-sepia-red-del-sistema-de-agua-potable-en-municipios-indigenas-de-oaxaca\/#primaryimage"},"thumbnailUrl":"https:\/\/www.bbmnoticias.com\/labravaradiofm\/wp-content\/uploads\/sites\/5\/2021\/10\/local08102021-9.jpg","datePublished":"2021-10-08T18:50:38+00:00","dateModified":"2021-10-08T18:50:39+00:00","author":{"@id":"https:\/\/www.bbmnoticias.com\/labravaradiofm\/#\/schema\/person\/34b139c617a70ea5bef5678bffe4dd7b"},"description":"Con este trabajo en equipo que demuestran el Gobierno Federal y Estatal, podemos caminar juntos, no importa la filiaci\u00f3n pol\u00edtica","breadcrumb":{"@id":"https:\/\/www.bbmnoticias.com\/labravaradiofm\/2021\/10\/08\/fortalecera-sepia-red-del-sistema-de-agua-potable-en-municipios-indigenas-de-oaxaca\/#breadcrumb"},"inLanguage":"es","potentialAction":[{"@type":"ReadAction","target":["https:\/\/www.bbmnoticias.com\/labravaradiofm\/2021\/10\/08\/fortalecera-sepia-red-del-sistema-de-agua-potable-en-municipios-indigenas-de-oaxaca\/"]}]},{"@type":"ImageObject","inLanguage":"es","@id":"https:\/\/www.bbmnoticias.com\/labravaradiofm\/2021\/10\/08\/fortalecera-sepia-red-del-sistema-de-agua-potable-en-municipios-indigenas-de-oaxaca\/#primaryimage","url":"https:\/\/www.bbmnoticias.com\/labravaradiofm\/wp-content\/uploads\/sites\/5\/2021\/10\/local08102021-9.jpg","contentUrl":"https:\/\/www.bbmnoticias.com\/labravaradiofm\/wp-content\/uploads\/sites\/5\/2021\/10\/local08102021-9.jpg","width":960,"height":635},{"@type":"BreadcrumbList","@id":"https:\/\/www.bbmnoticias.com\/labravaradiofm\/2021\/10\/08\/fortalecera-sepia-red-del-sistema-de-agua-potable-en-municipios-indigenas-de-oaxaca\/#breadcrumb","itemListElement":[{"@type":"ListItem","position":1,"name":"Inicio","item":"https:\/\/www.bbmnoticias.com\/labravaradiofm\/"},{"@type":"ListItem","position":2,"name":"Fortalecer\u00e1 Sepia red del Sistema de Agua Potable en municipios ind\u00edgenas de Oaxaca"}]},{"@type":"WebSite","@id":"https:\/\/www.bbmnoticias.com\/labravaradiofm\/#website","url":"https:\/\/www.bbmnoticias.com\/labravaradiofm\/","name":"LA BRAVA RADIO","description":"Empresa productora de medios, Radiodifusi\u00f3n, Noticias, tendencias y todo lo que necesitas saber de la pol\u00edtica mexicana e internacional; entretenimiento, espect\u00e1culos, salud y mucho m\u00e1s.","potentialAction":[{"@type":"SearchAction","target":{"@type":"EntryPoint","urlTemplate":"https:\/\/www.bbmnoticias.com\/labravaradiofm\/?s={search_term_string}"},"query-input":{"@type":"PropertyValueSpecification","valueRequired":true,"valueName":"search_term_string"}}],"inLanguage":"es"},{"@type":"Person","@id":"https:\/\/www.bbmnoticias.com\/labravaradiofm\/#\/schema\/person\/34b139c617a70ea5bef5678bffe4dd7b","name":"Staff","image":{"@type":"ImageObject","inLanguage":"es","@id":"https:\/\/secure.gravatar.com\/avatar\/fdd21ad66fd8b98c407f9dee5b5e588cfe7f0d8579ec20fa6527cd59bab7f0f0?s=96&d=mm&r=g","url":"https:\/\/secure.gravatar.com\/avatar\/fdd21ad66fd8b98c407f9dee5b5e588cfe7f0d8579ec20fa6527cd59bab7f0f0?s=96&d=mm&r=g","contentUrl":"https:\/\/secure.gravatar.com\/avatar\/fdd21ad66fd8b98c407f9dee5b5e588cfe7f0d8579ec20fa6527cd59bab7f0f0?s=96&d=mm&r=g","caption":"Staff"},"url":"https:\/\/www.bbmnoticias.com\/labravaradiofm\/author\/redaccion\/"}]}},"_links":{"self":[{"href":"https:\/\/www.bbmnoticias.com\/labravaradiofm\/wp-json\/wp\/v2\/posts\/3377","targetHints":{"allow":["GET"]}}],"collection":[{"href":"https:\/\/www.bbmnoticias.com\/labravaradiofm\/wp-json\/wp\/v2\/posts"}],"about":[{"href":"https:\/\/www.bbmnoticias.com\/labravaradiofm\/wp-json\/wp\/v2\/types\/post"}],"author":[{"embeddable":true,"href":"https:\/\/www.bbmnoticias.com\/labravaradiofm\/wp-json\/wp\/v2\/users\/2"}],"replies":[{"embeddable":true,"href":"https:\/\/www.bbmnoticias.com\/labravaradiofm\/wp-json\/wp\/v2\/comments?post=3377"}],"version-history":[{"count":0,"href":"https:\/\/www.bbmnoticias.com\/labravaradiofm\/wp-json\/wp\/v2\/posts\/3377\/revisions"}],"wp:featuredmedia":[{"embeddable":true,"href":"https:\/\/www.bbmnoticias.com\/labravaradiofm\/wp-json\/wp\/v2\/media\/3378"}],"wp:attachment":[{"href":"https:\/\/www.bbmnoticias.com\/labravaradiofm\/wp-json\/wp\/v2\/media?parent=3377"}],"wp:term":[{"taxonomy":"category","embeddable":true,"href":"https:\/\/www.bbmnoticias.com\/labravaradiofm\/wp-json\/wp\/v2\/categories?post=3377"},{"taxonomy":"post_tag","embeddable":true,"href":"https:\/\/www.bbmnoticias.com\/labravaradiofm\/wp-json\/wp\/v2\/tags?post=3377"}],"curies":[{"name":"wp","href":"https:\/\/api.w.org\/{rel}","templated":true}]}}