{"id":3357,"date":"2021-10-08T12:15:10","date_gmt":"2021-10-08T17:15:10","guid":{"rendered":"https:\/\/www.bbmnoticias.com\/labravaradiofm\/?p=3357"},"modified":"2021-10-08T12:17:11","modified_gmt":"2021-10-08T17:17:11","slug":"invita-sso-registrar-a-menores-de-12-a-17-anos-con-comorbilidades-para-vacunacion-anticovid","status":"publish","type":"post","link":"https:\/\/www.bbmnoticias.com\/labravaradiofm\/2021\/10\/08\/invita-sso-registrar-a-menores-de-12-a-17-anos-con-comorbilidades-para-vacunacion-anticovid\/","title":{"rendered":"Invita SSO registrar a menores de 12 a 17 a\u00f1os con comorbilidades para vacunaci\u00f3n anticovid"},"content":{"rendered":"<div style=\"margin-top: 0px; margin-bottom: 0px;\" class=\"sharethis-inline-share-buttons\" ><\/div>\n<p><strong>Oaxaca de Ju\u00e1rez, Oax.- <\/strong>Atendiendo a los nuevos lineamientos de la Pol\u00edtica Nacional de Vacunaci\u00f3n contra el virus SARS-CoV-2 para la prevenci\u00f3n del COVID-19 en M\u00e9xico que incluye a personas adolescentes de 12 a 17 a\u00f1os que viven con alguna comorbilidad, los Servicios de Salud de Oaxaca (SSO) hacen el llamado e invitaci\u00f3n a padres, madres o tutores para que pre-registren a sus hijas e hijos con factores de riesgo en la siguiente liga: <a href=\"https:\/\/mivacuna.salud.gob.mx\" target=\"_blank\" rel=\"noreferrer noopener\">https:\/\/mivacuna.salud.gob.mx<\/a><\/p>\n\n\n\n<p>Tambi\u00e9n deber\u00e1n hacerlo en el enlace: <a href=\"https:\/\/forms.gle\/wGifsM9Gsg1VSj4Q6\" target=\"_blank\" rel=\"noreferrer noopener\">https:\/\/forms.gle\/wGifsM9Gsg1VSj4Q6<\/a>, con el prop\u00f3sito de tener un censo nominal que incluya las patolog\u00edas de cada adolescente por grupo de comorbilidades; lo anterior permitir\u00e1 adem\u00e1s llevar a cabo la planeaci\u00f3n, aplicaci\u00f3n y registro final de vacunaci\u00f3n.<\/p>\n\n\n\n<p><\/p>\n\n\n\n<figure class=\"wp-block-image size-large\"><img loading=\"lazy\" decoding=\"async\" width=\"1280\" height=\"712\" src=\"https:\/\/www.bbmnoticias.com\/labravaradiofm\/wp-content\/uploads\/sites\/5\/2021\/10\/local08102021-7.jpg\" alt=\"\" class=\"wp-image-3360\" srcset=\"https:\/\/www.bbmnoticias.com\/labravaradiofm\/wp-content\/uploads\/sites\/5\/2021\/10\/local08102021-7.jpg 1280w, https:\/\/www.bbmnoticias.com\/labravaradiofm\/wp-content\/uploads\/sites\/5\/2021\/10\/local08102021-7-300x167.jpg 300w, https:\/\/www.bbmnoticias.com\/labravaradiofm\/wp-content\/uploads\/sites\/5\/2021\/10\/local08102021-7-1024x570.jpg 1024w, https:\/\/www.bbmnoticias.com\/labravaradiofm\/wp-content\/uploads\/sites\/5\/2021\/10\/local08102021-7-768x427.jpg 768w, https:\/\/www.bbmnoticias.com\/labravaradiofm\/wp-content\/uploads\/sites\/5\/2021\/10\/local08102021-7-755x420.jpg 755w, https:\/\/www.bbmnoticias.com\/labravaradiofm\/wp-content\/uploads\/sites\/5\/2021\/10\/local08102021-7-640x356.jpg 640w, https:\/\/www.bbmnoticias.com\/labravaradiofm\/wp-content\/uploads\/sites\/5\/2021\/10\/local08102021-7-681x379.jpg 681w\" sizes=\"auto, (max-width: 1280px) 100vw, 1280px\" \/><\/figure>\n\n\n\n<p>La dependencia precisa que con base en las recomendaciones del Grupo T\u00e9cnico Asesor en Vacunaci\u00f3n COVID-19 (GTAV), se ha modificado la Pol\u00edtica Nacional de Vacunaci\u00f3n contra esta patolog\u00eda infecciosa, con el prop\u00f3sito de incluir a personas adolescentes en el rango antes mencionado, que viven con alg\u00fan padecimiento que los hace mayormente vulnerables a poder enfermar de gravedad e incluso perder la vida a causa del SARS-CoV-2.<\/p>\n\n\n\n<p>Con informaci\u00f3n de la Secretar\u00eda de Salud Federal (SSA) y del Instituto de Salud para el Bienestar (INSABI), las enfermedades o factores de riesgo que ser\u00e1n considerados en la poblaci\u00f3n en cuesti\u00f3n se podr\u00e1n consultar en este v\u00ednculo:<\/p>\n\n\n\n<p><a href=\"http:\/\/vacunacovid.gob.mx\/wordpress\/wp-content\/uploads\/sites\/5\/2021\/09\/2021.09.28-Vacunacion-COVID-adolescentes-riesgo.pdf\" target=\"_blank\" rel=\"noreferrer noopener\">http:\/\/vacunacovid.gob.mx\/wordpress\/wp-content\/uploads\/sites\/5\/2021\/09\/2021.09.28-Vacunacion-COVID-adolescentes-riesgo.pdf<\/a><\/p>\n\n\n\n<p>En este sentido, la instituci\u00f3n de salud refiri\u00f3 que las enfermedades o factores de riesgo que ser\u00e1n considerados para tal fin son:<\/p>\n\n\n\n<p>Condiciones card\u00edacas cr\u00f3nicas, como es el caso de enfermedad card\u00edaca cong\u00e9nita o adquirida con datos de insuficiencia card\u00edaca, hipertensi\u00f3n arterial primaria o secundaria en tratamiento m\u00e9dico con anti-hipertensivos.<\/p>\n\n\n\n<p>Quienes tengan enfermedad pulmonar cr\u00f3nica, como es el caso del asma grave mal controlada, fibrosis qu\u00edstica, pulmonar intersticial o malformaciones cong\u00e9nitas del sistema respiratorio.<\/p>\n\n\n\n<p>Con afecciones cr\u00f3nicas del ri\u00f1\u00f3n, h\u00edgado o sistema digestivo, por ejemplo, malformaciones cong\u00e9nitas de ri\u00f1\u00f3n, h\u00edgado o sistema digestivo que condiciona un riesgo para la vida, reflujo gastroesof\u00e1gico severo que puede predisponer a infecciones respiratorias, pacientes con gastrostom\u00eda, cirrosis, insuficiencia renal cr\u00f3nica grado tres o quienes se encuentren en terapia de hemodi\u00e1lisis y di\u00e1lisis peritoneal.<\/p>\n\n\n\n<p><\/p>\n\n\n\n<figure class=\"wp-block-image size-large\"><img loading=\"lazy\" decoding=\"async\" width=\"1280\" height=\"1280\" src=\"https:\/\/www.bbmnoticias.com\/labravaradiofm\/wp-content\/uploads\/sites\/5\/2021\/10\/local08102021-8.jpeg\" alt=\"\" class=\"wp-image-3362\" srcset=\"https:\/\/www.bbmnoticias.com\/labravaradiofm\/wp-content\/uploads\/sites\/5\/2021\/10\/local08102021-8.jpeg 1280w, https:\/\/www.bbmnoticias.com\/labravaradiofm\/wp-content\/uploads\/sites\/5\/2021\/10\/local08102021-8-300x300.jpeg 300w, https:\/\/www.bbmnoticias.com\/labravaradiofm\/wp-content\/uploads\/sites\/5\/2021\/10\/local08102021-8-1024x1024.jpeg 1024w, https:\/\/www.bbmnoticias.com\/labravaradiofm\/wp-content\/uploads\/sites\/5\/2021\/10\/local08102021-8-150x150.jpeg 150w, https:\/\/www.bbmnoticias.com\/labravaradiofm\/wp-content\/uploads\/sites\/5\/2021\/10\/local08102021-8-768x768.jpeg 768w, https:\/\/www.bbmnoticias.com\/labravaradiofm\/wp-content\/uploads\/sites\/5\/2021\/10\/local08102021-8-420x420.jpeg 420w, https:\/\/www.bbmnoticias.com\/labravaradiofm\/wp-content\/uploads\/sites\/5\/2021\/10\/local08102021-8-640x640.jpeg 640w, https:\/\/www.bbmnoticias.com\/labravaradiofm\/wp-content\/uploads\/sites\/5\/2021\/10\/local08102021-8-681x681.jpeg 681w\" sizes=\"auto, (max-width: 1280px) 100vw, 1280px\" \/><\/figure>\n\n\n\n<p>As\u00ed como, enfermedad neurol\u00f3gica cr\u00f3nica, por ejemplo, neurodiscapacidad y\/o enfermedad neuromuscular que incluye par\u00e1lisis cerebral, autismo moderado o grave, epilepsia de dif\u00edcil control y con afecci\u00f3n neurol\u00f3gica y distrofia muscular, trastornos cong\u00e9nitos que puedan afectar al sistema nervioso, esclerosis m\u00faltiple y s\u00edndrome de Down.<\/p>\n\n\n\n<p>Adem\u00e1s de menores con diagn\u00f3stico de padecimientos end\u00f3crinos como es el caso de la diabetes mellitus en cualquiera de sus formas y grado de control, s\u00edndrome de Addison e hipotuitario y obesidad grave.<\/p>\n\n\n\n<p>As\u00ed tambi\u00e9n, con inmunosupresi\u00f3n moderada a grave, como es el caso de quienes est\u00e1n en tratamiento activo para tumores s\u00f3lidos o neoplasias malignas hematol\u00f3gicas (leucemia, linfoma y mieloma), o dentro de los tres a\u00f1os posteriores a la curaci\u00f3n; receptores de trasplantes de \u00f3rganos s\u00f3lidos o de c\u00e9lulas madre dentro de los dos a\u00f1os posteriores al trasplante o recibiendo tratamiento inmunosupresor, en lista de espera para trasplante, infecci\u00f3n por VIH\/Sida, entre otros.<\/p>\n\n\n\n<p>De igual manera, a las y los que padecen asplenia o disfunci\u00f3n del bazo y enfermedades hematol\u00f3gicas, por ejemplo, la hemofilia; con anomal\u00edas gen\u00e9ticas graves que afectan varios sistemas y embarazo adolescente a partir de las nueve semanas de gestaci\u00f3n.<\/p>\n\n\n\n<p>Los SSO puntualizaron que las y los adolescentes con enfermedades que debilitan su sistema inmunol\u00f3gico son m\u00e1s vulnerables a que la COVID-19 pueda presentar complicaciones graves que ameriten hospitalizaci\u00f3n, ingreso a unidades de terapia intensiva, necesidad de ventilaci\u00f3n mec\u00e1nica invasiva o condiciones que aumentan el riesgo de morir.<\/p>\n\n\n\n<p>La vacuna que se utilizar\u00e1 ser\u00e1 la BNT162b2 de Pfizer\/BioNTech&nbsp; que, hasta&nbsp; la&nbsp; fecha, es la \u00fanica que ha demostrado &nbsp;seguridad e inmunogenicidad en personas de 12 a\u00f1os en adelante, y cuenta con la aprobaci\u00f3n para su aplicaci\u00f3n de emergencia por la Comisi\u00f3n Federal para la Protecci\u00f3n Contra Riesgos Sanitarios (COFEPRIS) de M\u00e9xico.<\/p>\n","protected":false},"excerpt":{"rendered":"<p>Oaxaca de Ju\u00e1rez, Oax.- Atendiendo a los nuevos lineamientos de la Pol\u00edtica Nacional de Vacunaci\u00f3n contra el virus SARS-CoV-2 para la prevenci\u00f3n del COVID-19 en M\u00e9xico que incluye a personas adolescentes de 12 a 17 a\u00f1os que viven con alguna comorbilidad, los Servicios de Salud de Oaxaca (SSO) hacen el llamado e invitaci\u00f3n a padres, [&hellip;]<\/p>\n","protected":false},"author":2,"featured_media":3358,"comment_status":"closed","ping_status":"closed","sticky":false,"template":"","format":"standard","meta":{"footnotes":""},"categories":[1],"tags":[],"class_list":{"0":"post-3357","1":"post","2":"type-post","3":"status-publish","4":"format-standard","5":"has-post-thumbnail","7":"category-sin-categoria"},"yoast_head":"<!-- This site is optimized with the Yoast SEO plugin v27.4 - https:\/\/yoast.com\/product\/yoast-seo-wordpress\/ -->\n<title>Invita SSO registrar a menores de 12 a 17 a\u00f1os con comorbilidades para vacunaci\u00f3n anticovid - LA BRAVA RADIO<\/title>\n<meta name=\"description\" content=\"La vacuna que se utilizar\u00e1 ser\u00e1 la BNT162b2 de Pfizer\/BioNTech\u00a0 que, hasta\u00a0 la\u00a0 fecha, es la \u00fanica que ha demostrado \u00a0seguridad\" \/>\n<meta name=\"robots\" content=\"index, follow, max-snippet:-1, max-image-preview:large, max-video-preview:-1\" \/>\n<link rel=\"canonical\" href=\"https:\/\/www.bbmnoticias.com\/labravaradiofm\/2021\/10\/08\/invita-sso-registrar-a-menores-de-12-a-17-anos-con-comorbilidades-para-vacunacion-anticovid\/\" \/>\n<meta property=\"og:locale\" content=\"es_MX\" \/>\n<meta property=\"og:type\" content=\"article\" \/>\n<meta property=\"og:title\" content=\"Invita SSO registrar a menores de 12 a 17 a\u00f1os con comorbilidades para vacunaci\u00f3n anticovid - LA BRAVA RADIO\" \/>\n<meta property=\"og:description\" content=\"La vacuna que se utilizar\u00e1 ser\u00e1 la BNT162b2 de Pfizer\/BioNTech\u00a0 que, hasta\u00a0 la\u00a0 fecha, es la \u00fanica que ha demostrado \u00a0seguridad\" \/>\n<meta property=\"og:url\" content=\"https:\/\/www.bbmnoticias.com\/labravaradiofm\/2021\/10\/08\/invita-sso-registrar-a-menores-de-12-a-17-anos-con-comorbilidades-para-vacunacion-anticovid\/\" \/>\n<meta property=\"og:site_name\" content=\"LA BRAVA RADIO\" \/>\n<meta property=\"article:published_time\" content=\"2021-10-08T17:15:10+00:00\" \/>\n<meta property=\"article:modified_time\" content=\"2021-10-08T17:17:11+00:00\" \/>\n<meta property=\"og:image\" content=\"https:\/\/www.bbmnoticias.com\/labravaradiofm\/wp-content\/uploads\/sites\/5\/2021\/10\/local08102021-6.jpg\" \/>\n\t<meta property=\"og:image:width\" content=\"1280\" \/>\n\t<meta property=\"og:image:height\" content=\"744\" \/>\n\t<meta property=\"og:image:type\" content=\"image\/jpeg\" \/>\n<meta name=\"author\" content=\"Staff\" \/>\n<meta name=\"twitter:card\" content=\"summary_large_image\" \/>\n<meta name=\"twitter:label1\" content=\"Escrito por\" \/>\n\t<meta name=\"twitter:data1\" content=\"Staff\" \/>\n\t<meta name=\"twitter:label2\" content=\"Tiempo de lectura\" \/>\n\t<meta name=\"twitter:data2\" content=\"4 minutos\" \/>\n<script type=\"application\/ld+json\" class=\"yoast-schema-graph\">{\"@context\":\"https:\\\/\\\/schema.org\",\"@graph\":[{\"@type\":\"Article\",\"@id\":\"https:\\\/\\\/www.bbmnoticias.com\\\/labravaradiofm\\\/2021\\\/10\\\/08\\\/invita-sso-registrar-a-menores-de-12-a-17-anos-con-comorbilidades-para-vacunacion-anticovid\\\/#article\",\"isPartOf\":{\"@id\":\"https:\\\/\\\/www.bbmnoticias.com\\\/labravaradiofm\\\/2021\\\/10\\\/08\\\/invita-sso-registrar-a-menores-de-12-a-17-anos-con-comorbilidades-para-vacunacion-anticovid\\\/\"},\"author\":{\"name\":\"Staff\",\"@id\":\"https:\\\/\\\/www.bbmnoticias.com\\\/labravaradiofm\\\/#\\\/schema\\\/person\\\/34b139c617a70ea5bef5678bffe4dd7b\"},\"headline\":\"Invita SSO registrar a menores de 12 a 17 a\u00f1os con comorbilidades para vacunaci\u00f3n anticovid\",\"datePublished\":\"2021-10-08T17:15:10+00:00\",\"dateModified\":\"2021-10-08T17:17:11+00:00\",\"mainEntityOfPage\":{\"@id\":\"https:\\\/\\\/www.bbmnoticias.com\\\/labravaradiofm\\\/2021\\\/10\\\/08\\\/invita-sso-registrar-a-menores-de-12-a-17-anos-con-comorbilidades-para-vacunacion-anticovid\\\/\"},\"wordCount\":771,\"image\":{\"@id\":\"https:\\\/\\\/www.bbmnoticias.com\\\/labravaradiofm\\\/2021\\\/10\\\/08\\\/invita-sso-registrar-a-menores-de-12-a-17-anos-con-comorbilidades-para-vacunacion-anticovid\\\/#primaryimage\"},\"thumbnailUrl\":\"https:\\\/\\\/www.bbmnoticias.com\\\/labravaradiofm\\\/wp-content\\\/uploads\\\/sites\\\/5\\\/2021\\\/10\\\/local08102021-6.jpg\",\"inLanguage\":\"es\"},{\"@type\":\"WebPage\",\"@id\":\"https:\\\/\\\/www.bbmnoticias.com\\\/labravaradiofm\\\/2021\\\/10\\\/08\\\/invita-sso-registrar-a-menores-de-12-a-17-anos-con-comorbilidades-para-vacunacion-anticovid\\\/\",\"url\":\"https:\\\/\\\/www.bbmnoticias.com\\\/labravaradiofm\\\/2021\\\/10\\\/08\\\/invita-sso-registrar-a-menores-de-12-a-17-anos-con-comorbilidades-para-vacunacion-anticovid\\\/\",\"name\":\"Invita SSO registrar a menores de 12 a 17 a\u00f1os con comorbilidades para vacunaci\u00f3n anticovid - LA BRAVA RADIO\",\"isPartOf\":{\"@id\":\"https:\\\/\\\/www.bbmnoticias.com\\\/labravaradiofm\\\/#website\"},\"primaryImageOfPage\":{\"@id\":\"https:\\\/\\\/www.bbmnoticias.com\\\/labravaradiofm\\\/2021\\\/10\\\/08\\\/invita-sso-registrar-a-menores-de-12-a-17-anos-con-comorbilidades-para-vacunacion-anticovid\\\/#primaryimage\"},\"image\":{\"@id\":\"https:\\\/\\\/www.bbmnoticias.com\\\/labravaradiofm\\\/2021\\\/10\\\/08\\\/invita-sso-registrar-a-menores-de-12-a-17-anos-con-comorbilidades-para-vacunacion-anticovid\\\/#primaryimage\"},\"thumbnailUrl\":\"https:\\\/\\\/www.bbmnoticias.com\\\/labravaradiofm\\\/wp-content\\\/uploads\\\/sites\\\/5\\\/2021\\\/10\\\/local08102021-6.jpg\",\"datePublished\":\"2021-10-08T17:15:10+00:00\",\"dateModified\":\"2021-10-08T17:17:11+00:00\",\"author\":{\"@id\":\"https:\\\/\\\/www.bbmnoticias.com\\\/labravaradiofm\\\/#\\\/schema\\\/person\\\/34b139c617a70ea5bef5678bffe4dd7b\"},\"description\":\"La vacuna que se utilizar\u00e1 ser\u00e1 la BNT162b2 de Pfizer\\\/BioNTech\u00a0 que, hasta\u00a0 la\u00a0 fecha, es la \u00fanica que ha demostrado \u00a0seguridad\",\"breadcrumb\":{\"@id\":\"https:\\\/\\\/www.bbmnoticias.com\\\/labravaradiofm\\\/2021\\\/10\\\/08\\\/invita-sso-registrar-a-menores-de-12-a-17-anos-con-comorbilidades-para-vacunacion-anticovid\\\/#breadcrumb\"},\"inLanguage\":\"es\",\"potentialAction\":[{\"@type\":\"ReadAction\",\"target\":[\"https:\\\/\\\/www.bbmnoticias.com\\\/labravaradiofm\\\/2021\\\/10\\\/08\\\/invita-sso-registrar-a-menores-de-12-a-17-anos-con-comorbilidades-para-vacunacion-anticovid\\\/\"]}]},{\"@type\":\"ImageObject\",\"inLanguage\":\"es\",\"@id\":\"https:\\\/\\\/www.bbmnoticias.com\\\/labravaradiofm\\\/2021\\\/10\\\/08\\\/invita-sso-registrar-a-menores-de-12-a-17-anos-con-comorbilidades-para-vacunacion-anticovid\\\/#primaryimage\",\"url\":\"https:\\\/\\\/www.bbmnoticias.com\\\/labravaradiofm\\\/wp-content\\\/uploads\\\/sites\\\/5\\\/2021\\\/10\\\/local08102021-6.jpg\",\"contentUrl\":\"https:\\\/\\\/www.bbmnoticias.com\\\/labravaradiofm\\\/wp-content\\\/uploads\\\/sites\\\/5\\\/2021\\\/10\\\/local08102021-6.jpg\",\"width\":1280,\"height\":744},{\"@type\":\"BreadcrumbList\",\"@id\":\"https:\\\/\\\/www.bbmnoticias.com\\\/labravaradiofm\\\/2021\\\/10\\\/08\\\/invita-sso-registrar-a-menores-de-12-a-17-anos-con-comorbilidades-para-vacunacion-anticovid\\\/#breadcrumb\",\"itemListElement\":[{\"@type\":\"ListItem\",\"position\":1,\"name\":\"Inicio\",\"item\":\"https:\\\/\\\/www.bbmnoticias.com\\\/labravaradiofm\\\/\"},{\"@type\":\"ListItem\",\"position\":2,\"name\":\"Invita SSO registrar a menores de 12 a 17 a\u00f1os con comorbilidades para vacunaci\u00f3n anticovid\"}]},{\"@type\":\"WebSite\",\"@id\":\"https:\\\/\\\/www.bbmnoticias.com\\\/labravaradiofm\\\/#website\",\"url\":\"https:\\\/\\\/www.bbmnoticias.com\\\/labravaradiofm\\\/\",\"name\":\"LA BRAVA RADIO\",\"description\":\"Empresa productora de medios, Radiodifusi\u00f3n, Noticias, tendencias y todo lo que necesitas saber de la pol\u00edtica mexicana e internacional; entretenimiento, espect\u00e1culos, salud y mucho m\u00e1s.\",\"potentialAction\":[{\"@type\":\"SearchAction\",\"target\":{\"@type\":\"EntryPoint\",\"urlTemplate\":\"https:\\\/\\\/www.bbmnoticias.com\\\/labravaradiofm\\\/?s={search_term_string}\"},\"query-input\":{\"@type\":\"PropertyValueSpecification\",\"valueRequired\":true,\"valueName\":\"search_term_string\"}}],\"inLanguage\":\"es\"},{\"@type\":\"Person\",\"@id\":\"https:\\\/\\\/www.bbmnoticias.com\\\/labravaradiofm\\\/#\\\/schema\\\/person\\\/34b139c617a70ea5bef5678bffe4dd7b\",\"name\":\"Staff\",\"image\":{\"@type\":\"ImageObject\",\"inLanguage\":\"es\",\"@id\":\"https:\\\/\\\/secure.gravatar.com\\\/avatar\\\/fdd21ad66fd8b98c407f9dee5b5e588cfe7f0d8579ec20fa6527cd59bab7f0f0?s=96&d=mm&r=g\",\"url\":\"https:\\\/\\\/secure.gravatar.com\\\/avatar\\\/fdd21ad66fd8b98c407f9dee5b5e588cfe7f0d8579ec20fa6527cd59bab7f0f0?s=96&d=mm&r=g\",\"contentUrl\":\"https:\\\/\\\/secure.gravatar.com\\\/avatar\\\/fdd21ad66fd8b98c407f9dee5b5e588cfe7f0d8579ec20fa6527cd59bab7f0f0?s=96&d=mm&r=g\",\"caption\":\"Staff\"},\"url\":\"https:\\\/\\\/www.bbmnoticias.com\\\/labravaradiofm\\\/author\\\/redaccion\\\/\"}]}<\/script>\n<!-- \/ Yoast SEO plugin. -->","yoast_head_json":{"title":"Invita SSO registrar a menores de 12 a 17 a\u00f1os con comorbilidades para vacunaci\u00f3n anticovid - LA BRAVA RADIO","description":"La vacuna que se utilizar\u00e1 ser\u00e1 la BNT162b2 de Pfizer\/BioNTech\u00a0 que, hasta\u00a0 la\u00a0 fecha, es la \u00fanica que ha demostrado \u00a0seguridad","robots":{"index":"index","follow":"follow","max-snippet":"max-snippet:-1","max-image-preview":"max-image-preview:large","max-video-preview":"max-video-preview:-1"},"canonical":"https:\/\/www.bbmnoticias.com\/labravaradiofm\/2021\/10\/08\/invita-sso-registrar-a-menores-de-12-a-17-anos-con-comorbilidades-para-vacunacion-anticovid\/","og_locale":"es_MX","og_type":"article","og_title":"Invita SSO registrar a menores de 12 a 17 a\u00f1os con comorbilidades para vacunaci\u00f3n anticovid - LA BRAVA RADIO","og_description":"La vacuna que se utilizar\u00e1 ser\u00e1 la BNT162b2 de Pfizer\/BioNTech\u00a0 que, hasta\u00a0 la\u00a0 fecha, es la \u00fanica que ha demostrado \u00a0seguridad","og_url":"https:\/\/www.bbmnoticias.com\/labravaradiofm\/2021\/10\/08\/invita-sso-registrar-a-menores-de-12-a-17-anos-con-comorbilidades-para-vacunacion-anticovid\/","og_site_name":"LA BRAVA RADIO","article_published_time":"2021-10-08T17:15:10+00:00","article_modified_time":"2021-10-08T17:17:11+00:00","og_image":[{"width":1280,"height":744,"url":"https:\/\/www.bbmnoticias.com\/labravaradiofm\/wp-content\/uploads\/sites\/5\/2021\/10\/local08102021-6.jpg","type":"image\/jpeg"}],"author":"Staff","twitter_card":"summary_large_image","twitter_misc":{"Escrito por":"Staff","Tiempo de lectura":"4 minutos"},"schema":{"@context":"https:\/\/schema.org","@graph":[{"@type":"Article","@id":"https:\/\/www.bbmnoticias.com\/labravaradiofm\/2021\/10\/08\/invita-sso-registrar-a-menores-de-12-a-17-anos-con-comorbilidades-para-vacunacion-anticovid\/#article","isPartOf":{"@id":"https:\/\/www.bbmnoticias.com\/labravaradiofm\/2021\/10\/08\/invita-sso-registrar-a-menores-de-12-a-17-anos-con-comorbilidades-para-vacunacion-anticovid\/"},"author":{"name":"Staff","@id":"https:\/\/www.bbmnoticias.com\/labravaradiofm\/#\/schema\/person\/34b139c617a70ea5bef5678bffe4dd7b"},"headline":"Invita SSO registrar a menores de 12 a 17 a\u00f1os con comorbilidades para vacunaci\u00f3n anticovid","datePublished":"2021-10-08T17:15:10+00:00","dateModified":"2021-10-08T17:17:11+00:00","mainEntityOfPage":{"@id":"https:\/\/www.bbmnoticias.com\/labravaradiofm\/2021\/10\/08\/invita-sso-registrar-a-menores-de-12-a-17-anos-con-comorbilidades-para-vacunacion-anticovid\/"},"wordCount":771,"image":{"@id":"https:\/\/www.bbmnoticias.com\/labravaradiofm\/2021\/10\/08\/invita-sso-registrar-a-menores-de-12-a-17-anos-con-comorbilidades-para-vacunacion-anticovid\/#primaryimage"},"thumbnailUrl":"https:\/\/www.bbmnoticias.com\/labravaradiofm\/wp-content\/uploads\/sites\/5\/2021\/10\/local08102021-6.jpg","inLanguage":"es"},{"@type":"WebPage","@id":"https:\/\/www.bbmnoticias.com\/labravaradiofm\/2021\/10\/08\/invita-sso-registrar-a-menores-de-12-a-17-anos-con-comorbilidades-para-vacunacion-anticovid\/","url":"https:\/\/www.bbmnoticias.com\/labravaradiofm\/2021\/10\/08\/invita-sso-registrar-a-menores-de-12-a-17-anos-con-comorbilidades-para-vacunacion-anticovid\/","name":"Invita SSO registrar a menores de 12 a 17 a\u00f1os con comorbilidades para vacunaci\u00f3n anticovid - LA BRAVA RADIO","isPartOf":{"@id":"https:\/\/www.bbmnoticias.com\/labravaradiofm\/#website"},"primaryImageOfPage":{"@id":"https:\/\/www.bbmnoticias.com\/labravaradiofm\/2021\/10\/08\/invita-sso-registrar-a-menores-de-12-a-17-anos-con-comorbilidades-para-vacunacion-anticovid\/#primaryimage"},"image":{"@id":"https:\/\/www.bbmnoticias.com\/labravaradiofm\/2021\/10\/08\/invita-sso-registrar-a-menores-de-12-a-17-anos-con-comorbilidades-para-vacunacion-anticovid\/#primaryimage"},"thumbnailUrl":"https:\/\/www.bbmnoticias.com\/labravaradiofm\/wp-content\/uploads\/sites\/5\/2021\/10\/local08102021-6.jpg","datePublished":"2021-10-08T17:15:10+00:00","dateModified":"2021-10-08T17:17:11+00:00","author":{"@id":"https:\/\/www.bbmnoticias.com\/labravaradiofm\/#\/schema\/person\/34b139c617a70ea5bef5678bffe4dd7b"},"description":"La vacuna que se utilizar\u00e1 ser\u00e1 la BNT162b2 de Pfizer\/BioNTech\u00a0 que, hasta\u00a0 la\u00a0 fecha, es la \u00fanica que ha demostrado \u00a0seguridad","breadcrumb":{"@id":"https:\/\/www.bbmnoticias.com\/labravaradiofm\/2021\/10\/08\/invita-sso-registrar-a-menores-de-12-a-17-anos-con-comorbilidades-para-vacunacion-anticovid\/#breadcrumb"},"inLanguage":"es","potentialAction":[{"@type":"ReadAction","target":["https:\/\/www.bbmnoticias.com\/labravaradiofm\/2021\/10\/08\/invita-sso-registrar-a-menores-de-12-a-17-anos-con-comorbilidades-para-vacunacion-anticovid\/"]}]},{"@type":"ImageObject","inLanguage":"es","@id":"https:\/\/www.bbmnoticias.com\/labravaradiofm\/2021\/10\/08\/invita-sso-registrar-a-menores-de-12-a-17-anos-con-comorbilidades-para-vacunacion-anticovid\/#primaryimage","url":"https:\/\/www.bbmnoticias.com\/labravaradiofm\/wp-content\/uploads\/sites\/5\/2021\/10\/local08102021-6.jpg","contentUrl":"https:\/\/www.bbmnoticias.com\/labravaradiofm\/wp-content\/uploads\/sites\/5\/2021\/10\/local08102021-6.jpg","width":1280,"height":744},{"@type":"BreadcrumbList","@id":"https:\/\/www.bbmnoticias.com\/labravaradiofm\/2021\/10\/08\/invita-sso-registrar-a-menores-de-12-a-17-anos-con-comorbilidades-para-vacunacion-anticovid\/#breadcrumb","itemListElement":[{"@type":"ListItem","position":1,"name":"Inicio","item":"https:\/\/www.bbmnoticias.com\/labravaradiofm\/"},{"@type":"ListItem","position":2,"name":"Invita SSO registrar a menores de 12 a 17 a\u00f1os con comorbilidades para vacunaci\u00f3n anticovid"}]},{"@type":"WebSite","@id":"https:\/\/www.bbmnoticias.com\/labravaradiofm\/#website","url":"https:\/\/www.bbmnoticias.com\/labravaradiofm\/","name":"LA BRAVA RADIO","description":"Empresa productora de medios, Radiodifusi\u00f3n, Noticias, tendencias y todo lo que necesitas saber de la pol\u00edtica mexicana e internacional; entretenimiento, espect\u00e1culos, salud y mucho m\u00e1s.","potentialAction":[{"@type":"SearchAction","target":{"@type":"EntryPoint","urlTemplate":"https:\/\/www.bbmnoticias.com\/labravaradiofm\/?s={search_term_string}"},"query-input":{"@type":"PropertyValueSpecification","valueRequired":true,"valueName":"search_term_string"}}],"inLanguage":"es"},{"@type":"Person","@id":"https:\/\/www.bbmnoticias.com\/labravaradiofm\/#\/schema\/person\/34b139c617a70ea5bef5678bffe4dd7b","name":"Staff","image":{"@type":"ImageObject","inLanguage":"es","@id":"https:\/\/secure.gravatar.com\/avatar\/fdd21ad66fd8b98c407f9dee5b5e588cfe7f0d8579ec20fa6527cd59bab7f0f0?s=96&d=mm&r=g","url":"https:\/\/secure.gravatar.com\/avatar\/fdd21ad66fd8b98c407f9dee5b5e588cfe7f0d8579ec20fa6527cd59bab7f0f0?s=96&d=mm&r=g","contentUrl":"https:\/\/secure.gravatar.com\/avatar\/fdd21ad66fd8b98c407f9dee5b5e588cfe7f0d8579ec20fa6527cd59bab7f0f0?s=96&d=mm&r=g","caption":"Staff"},"url":"https:\/\/www.bbmnoticias.com\/labravaradiofm\/author\/redaccion\/"}]}},"_links":{"self":[{"href":"https:\/\/www.bbmnoticias.com\/labravaradiofm\/wp-json\/wp\/v2\/posts\/3357","targetHints":{"allow":["GET"]}}],"collection":[{"href":"https:\/\/www.bbmnoticias.com\/labravaradiofm\/wp-json\/wp\/v2\/posts"}],"about":[{"href":"https:\/\/www.bbmnoticias.com\/labravaradiofm\/wp-json\/wp\/v2\/types\/post"}],"author":[{"embeddable":true,"href":"https:\/\/www.bbmnoticias.com\/labravaradiofm\/wp-json\/wp\/v2\/users\/2"}],"replies":[{"embeddable":true,"href":"https:\/\/www.bbmnoticias.com\/labravaradiofm\/wp-json\/wp\/v2\/comments?post=3357"}],"version-history":[{"count":0,"href":"https:\/\/www.bbmnoticias.com\/labravaradiofm\/wp-json\/wp\/v2\/posts\/3357\/revisions"}],"wp:featuredmedia":[{"embeddable":true,"href":"https:\/\/www.bbmnoticias.com\/labravaradiofm\/wp-json\/wp\/v2\/media\/3358"}],"wp:attachment":[{"href":"https:\/\/www.bbmnoticias.com\/labravaradiofm\/wp-json\/wp\/v2\/media?parent=3357"}],"wp:term":[{"taxonomy":"category","embeddable":true,"href":"https:\/\/www.bbmnoticias.com\/labravaradiofm\/wp-json\/wp\/v2\/categories?post=3357"},{"taxonomy":"post_tag","embeddable":true,"href":"https:\/\/www.bbmnoticias.com\/labravaradiofm\/wp-json\/wp\/v2\/tags?post=3357"}],"curies":[{"name":"wp","href":"https:\/\/api.w.org\/{rel}","templated":true}]}}