{"id":3354,"date":"2021-10-08T12:04:35","date_gmt":"2021-10-08T17:04:35","guid":{"rendered":"https:\/\/www.bbmnoticias.com\/labravaradiofm\/?p=3354"},"modified":"2021-10-08T12:04:37","modified_gmt":"2021-10-08T17:04:37","slug":"lanzan-sonda-espacial-ana-en-tlacolula","status":"publish","type":"post","link":"https:\/\/www.bbmnoticias.com\/labravaradiofm\/2021\/10\/08\/lanzan-sonda-espacial-ana-en-tlacolula\/","title":{"rendered":"Lanzan sonda espacial Ana en Tlacolula"},"content":{"rendered":"<div style=\"margin-top: 0px; margin-bottom: 0px;\" class=\"sharethis-inline-share-buttons\" ><\/div>\n<p>SAN FRANCISCO TANIVET, Oax. 8 de octubre de 2021.- En San Francisco Tanivet , agencia municipal Tlacolula de Matamoros fue lanzada la sonda espacial Ana que aportar\u00e1 datos sobre temperatura, presi\u00f3n atmosf\u00e9rica, latitud para pr\u00f3ximas tecnolog\u00edas.<\/p>\n\n\n\n<p>Los inventores de esta sonda espacial fueron cinco j\u00f3venes de diferentes municipios de Oaxaca quienes aportaron sus conocimientos para construirla.<\/p>\n\n\n\n<p>Mario Salgado mencion\u00f3 que es el primer dispositivo oaxaque\u00f1o y el primero en su tipo en M\u00e9xico.<\/p>\n\n\n\n<p>De igual manera tendr\u00e1 un sistema de adquisici\u00f3n de datos, una tarjeta que realizar\u00e1 mediciones en el espacio, de igual forma tomar\u00e1 informaci\u00f3n de la atmosf\u00e9rica, radiaci\u00f3n, temperatura y la altitud alcanzada.<\/p>\n\n\n\n<p>Destac\u00f3 que el objetivo que tiene este dispositivo es estudiar la atm\u00f3sfera, ya que no existen estudios en Oaxaca sobre este tema, y con ello, innovar en pr\u00f3ximas tecnolog\u00edas.<\/p>\n\n\n\n<p>Por su parte, Carlos Fierro, f\u00edsico de la Universidad Aut\u00f3noma de M\u00e9xico (UNAM), explic\u00f3 que la sonda se lanz\u00f3 con un globo atmosf\u00e9rico se va a elevar a 30 mil metros de altura y el vuelo tendr\u00e1 una duraci\u00f3n de tres horas.<\/p>\n\n\n\n<p>En el lanzamiento estuvieron presentes quienes participaron en la construcci\u00f3n del proyecto y ni\u00f1os y j\u00f3venes de la comunidad que fueron testigos de lo que aconteci\u00f3.<\/p>\n","protected":false},"excerpt":{"rendered":"<p>SAN FRANCISCO TANIVET, Oax. 8 de octubre de 2021.- En San Francisco Tanivet , agencia municipal Tlacolula de Matamoros fue lanzada la sonda espacial Ana que aportar\u00e1 datos sobre temperatura, presi\u00f3n atmosf\u00e9rica, latitud para pr\u00f3ximas tecnolog\u00edas. Los inventores de esta sonda espacial fueron cinco j\u00f3venes de diferentes municipios de Oaxaca quienes aportaron sus conocimientos para [&hellip;]<\/p>\n","protected":false},"author":5,"featured_media":3355,"comment_status":"closed","ping_status":"closed","sticky":false,"template":"","format":"standard","meta":{"footnotes":""},"categories":[2],"tags":[],"class_list":{"0":"post-3354","1":"post","2":"type-post","3":"status-publish","4":"format-standard","5":"has-post-thumbnail","7":"category-oaxaca"},"yoast_head":"<!-- This site is optimized with the Yoast SEO plugin v27.4 - https:\/\/yoast.com\/product\/yoast-seo-wordpress\/ -->\n<title>Lanzan sonda espacial Ana en Tlacolula - LA BRAVA RADIO<\/title>\n<meta name=\"description\" content=\"Los inventores de esta sonda espacial fueron cinco j\u00f3venes de diferentes municipios de Oaxaca quienes aportaron sus conocimientos\" \/>\n<meta name=\"robots\" content=\"index, follow, max-snippet:-1, max-image-preview:large, max-video-preview:-1\" \/>\n<link rel=\"canonical\" href=\"https:\/\/www.bbmnoticias.com\/labravaradiofm\/2021\/10\/08\/lanzan-sonda-espacial-ana-en-tlacolula\/\" \/>\n<meta property=\"og:locale\" content=\"es_MX\" \/>\n<meta property=\"og:type\" content=\"article\" \/>\n<meta property=\"og:title\" content=\"Lanzan sonda espacial Ana en Tlacolula - LA BRAVA RADIO\" \/>\n<meta property=\"og:description\" content=\"Los inventores de esta sonda espacial fueron cinco j\u00f3venes de diferentes municipios de Oaxaca quienes aportaron sus conocimientos\" \/>\n<meta property=\"og:url\" content=\"https:\/\/www.bbmnoticias.com\/labravaradiofm\/2021\/10\/08\/lanzan-sonda-espacial-ana-en-tlacolula\/\" \/>\n<meta property=\"og:site_name\" content=\"LA BRAVA RADIO\" \/>\n<meta property=\"article:published_time\" content=\"2021-10-08T17:04:35+00:00\" \/>\n<meta property=\"article:modified_time\" content=\"2021-10-08T17:04:37+00:00\" \/>\n<meta property=\"og:image\" content=\"https:\/\/www.bbmnoticias.com\/labravaradiofm\/wp-content\/uploads\/sites\/5\/2021\/10\/local08102021-5.jpg\" \/>\n\t<meta property=\"og:image:width\" content=\"1500\" \/>\n\t<meta property=\"og:image:height\" content=\"1000\" \/>\n\t<meta property=\"og:image:type\" content=\"image\/jpeg\" \/>\n<meta name=\"author\" content=\"Quadratin\" \/>\n<meta name=\"twitter:card\" content=\"summary_large_image\" \/>\n<meta name=\"twitter:label1\" content=\"Escrito por\" \/>\n\t<meta name=\"twitter:data1\" content=\"Quadratin\" \/>\n\t<meta name=\"twitter:label2\" content=\"Tiempo de lectura\" \/>\n\t<meta name=\"twitter:data2\" content=\"1 minuto\" \/>\n<script type=\"application\/ld+json\" class=\"yoast-schema-graph\">{\"@context\":\"https:\\\/\\\/schema.org\",\"@graph\":[{\"@type\":\"Article\",\"@id\":\"https:\\\/\\\/www.bbmnoticias.com\\\/labravaradiofm\\\/2021\\\/10\\\/08\\\/lanzan-sonda-espacial-ana-en-tlacolula\\\/#article\",\"isPartOf\":{\"@id\":\"https:\\\/\\\/www.bbmnoticias.com\\\/labravaradiofm\\\/2021\\\/10\\\/08\\\/lanzan-sonda-espacial-ana-en-tlacolula\\\/\"},\"author\":{\"name\":\"Quadratin\",\"@id\":\"https:\\\/\\\/www.bbmnoticias.com\\\/labravaradiofm\\\/#\\\/schema\\\/person\\\/b7ad4658f4970d61499e84f6fe178160\"},\"headline\":\"Lanzan sonda espacial Ana en Tlacolula\",\"datePublished\":\"2021-10-08T17:04:35+00:00\",\"dateModified\":\"2021-10-08T17:04:37+00:00\",\"mainEntityOfPage\":{\"@id\":\"https:\\\/\\\/www.bbmnoticias.com\\\/labravaradiofm\\\/2021\\\/10\\\/08\\\/lanzan-sonda-espacial-ana-en-tlacolula\\\/\"},\"wordCount\":227,\"image\":{\"@id\":\"https:\\\/\\\/www.bbmnoticias.com\\\/labravaradiofm\\\/2021\\\/10\\\/08\\\/lanzan-sonda-espacial-ana-en-tlacolula\\\/#primaryimage\"},\"thumbnailUrl\":\"https:\\\/\\\/www.bbmnoticias.com\\\/labravaradiofm\\\/wp-content\\\/uploads\\\/sites\\\/5\\\/2021\\\/10\\\/local08102021-5.jpg\",\"articleSection\":[\"LOCAL\"],\"inLanguage\":\"es\"},{\"@type\":\"WebPage\",\"@id\":\"https:\\\/\\\/www.bbmnoticias.com\\\/labravaradiofm\\\/2021\\\/10\\\/08\\\/lanzan-sonda-espacial-ana-en-tlacolula\\\/\",\"url\":\"https:\\\/\\\/www.bbmnoticias.com\\\/labravaradiofm\\\/2021\\\/10\\\/08\\\/lanzan-sonda-espacial-ana-en-tlacolula\\\/\",\"name\":\"Lanzan sonda espacial Ana en Tlacolula - LA BRAVA RADIO\",\"isPartOf\":{\"@id\":\"https:\\\/\\\/www.bbmnoticias.com\\\/labravaradiofm\\\/#website\"},\"primaryImageOfPage\":{\"@id\":\"https:\\\/\\\/www.bbmnoticias.com\\\/labravaradiofm\\\/2021\\\/10\\\/08\\\/lanzan-sonda-espacial-ana-en-tlacolula\\\/#primaryimage\"},\"image\":{\"@id\":\"https:\\\/\\\/www.bbmnoticias.com\\\/labravaradiofm\\\/2021\\\/10\\\/08\\\/lanzan-sonda-espacial-ana-en-tlacolula\\\/#primaryimage\"},\"thumbnailUrl\":\"https:\\\/\\\/www.bbmnoticias.com\\\/labravaradiofm\\\/wp-content\\\/uploads\\\/sites\\\/5\\\/2021\\\/10\\\/local08102021-5.jpg\",\"datePublished\":\"2021-10-08T17:04:35+00:00\",\"dateModified\":\"2021-10-08T17:04:37+00:00\",\"author\":{\"@id\":\"https:\\\/\\\/www.bbmnoticias.com\\\/labravaradiofm\\\/#\\\/schema\\\/person\\\/b7ad4658f4970d61499e84f6fe178160\"},\"description\":\"Los inventores de esta sonda espacial fueron cinco j\u00f3venes de diferentes municipios de Oaxaca quienes aportaron sus conocimientos\",\"breadcrumb\":{\"@id\":\"https:\\\/\\\/www.bbmnoticias.com\\\/labravaradiofm\\\/2021\\\/10\\\/08\\\/lanzan-sonda-espacial-ana-en-tlacolula\\\/#breadcrumb\"},\"inLanguage\":\"es\",\"potentialAction\":[{\"@type\":\"ReadAction\",\"target\":[\"https:\\\/\\\/www.bbmnoticias.com\\\/labravaradiofm\\\/2021\\\/10\\\/08\\\/lanzan-sonda-espacial-ana-en-tlacolula\\\/\"]}]},{\"@type\":\"ImageObject\",\"inLanguage\":\"es\",\"@id\":\"https:\\\/\\\/www.bbmnoticias.com\\\/labravaradiofm\\\/2021\\\/10\\\/08\\\/lanzan-sonda-espacial-ana-en-tlacolula\\\/#primaryimage\",\"url\":\"https:\\\/\\\/www.bbmnoticias.com\\\/labravaradiofm\\\/wp-content\\\/uploads\\\/sites\\\/5\\\/2021\\\/10\\\/local08102021-5.jpg\",\"contentUrl\":\"https:\\\/\\\/www.bbmnoticias.com\\\/labravaradiofm\\\/wp-content\\\/uploads\\\/sites\\\/5\\\/2021\\\/10\\\/local08102021-5.jpg\",\"width\":1500,\"height\":1000},{\"@type\":\"BreadcrumbList\",\"@id\":\"https:\\\/\\\/www.bbmnoticias.com\\\/labravaradiofm\\\/2021\\\/10\\\/08\\\/lanzan-sonda-espacial-ana-en-tlacolula\\\/#breadcrumb\",\"itemListElement\":[{\"@type\":\"ListItem\",\"position\":1,\"name\":\"Inicio\",\"item\":\"https:\\\/\\\/www.bbmnoticias.com\\\/labravaradiofm\\\/\"},{\"@type\":\"ListItem\",\"position\":2,\"name\":\"Lanzan sonda espacial Ana en Tlacolula\"}]},{\"@type\":\"WebSite\",\"@id\":\"https:\\\/\\\/www.bbmnoticias.com\\\/labravaradiofm\\\/#website\",\"url\":\"https:\\\/\\\/www.bbmnoticias.com\\\/labravaradiofm\\\/\",\"name\":\"LA BRAVA RADIO\",\"description\":\"Empresa productora de medios, Radiodifusi\u00f3n, Noticias, tendencias y todo lo que necesitas saber de la pol\u00edtica mexicana e internacional; entretenimiento, espect\u00e1culos, salud y mucho m\u00e1s.\",\"potentialAction\":[{\"@type\":\"SearchAction\",\"target\":{\"@type\":\"EntryPoint\",\"urlTemplate\":\"https:\\\/\\\/www.bbmnoticias.com\\\/labravaradiofm\\\/?s={search_term_string}\"},\"query-input\":{\"@type\":\"PropertyValueSpecification\",\"valueRequired\":true,\"valueName\":\"search_term_string\"}}],\"inLanguage\":\"es\"},{\"@type\":\"Person\",\"@id\":\"https:\\\/\\\/www.bbmnoticias.com\\\/labravaradiofm\\\/#\\\/schema\\\/person\\\/b7ad4658f4970d61499e84f6fe178160\",\"name\":\"Quadratin\",\"image\":{\"@type\":\"ImageObject\",\"inLanguage\":\"es\",\"@id\":\"https:\\\/\\\/secure.gravatar.com\\\/avatar\\\/34008d7d72488432d6a74f81e839efc9f754b118786ca32cf39d9d5508a68f63?s=96&d=mm&r=g\",\"url\":\"https:\\\/\\\/secure.gravatar.com\\\/avatar\\\/34008d7d72488432d6a74f81e839efc9f754b118786ca32cf39d9d5508a68f63?s=96&d=mm&r=g\",\"contentUrl\":\"https:\\\/\\\/secure.gravatar.com\\\/avatar\\\/34008d7d72488432d6a74f81e839efc9f754b118786ca32cf39d9d5508a68f63?s=96&d=mm&r=g\",\"caption\":\"Quadratin\"},\"url\":\"https:\\\/\\\/www.bbmnoticias.com\\\/labravaradiofm\\\/author\\\/quadratin\\\/\"}]}<\/script>\n<!-- \/ Yoast SEO plugin. -->","yoast_head_json":{"title":"Lanzan sonda espacial Ana en Tlacolula - LA BRAVA RADIO","description":"Los inventores de esta sonda espacial fueron cinco j\u00f3venes de diferentes municipios de Oaxaca quienes aportaron sus conocimientos","robots":{"index":"index","follow":"follow","max-snippet":"max-snippet:-1","max-image-preview":"max-image-preview:large","max-video-preview":"max-video-preview:-1"},"canonical":"https:\/\/www.bbmnoticias.com\/labravaradiofm\/2021\/10\/08\/lanzan-sonda-espacial-ana-en-tlacolula\/","og_locale":"es_MX","og_type":"article","og_title":"Lanzan sonda espacial Ana en Tlacolula - LA BRAVA RADIO","og_description":"Los inventores de esta sonda espacial fueron cinco j\u00f3venes de diferentes municipios de Oaxaca quienes aportaron sus conocimientos","og_url":"https:\/\/www.bbmnoticias.com\/labravaradiofm\/2021\/10\/08\/lanzan-sonda-espacial-ana-en-tlacolula\/","og_site_name":"LA BRAVA RADIO","article_published_time":"2021-10-08T17:04:35+00:00","article_modified_time":"2021-10-08T17:04:37+00:00","og_image":[{"width":1500,"height":1000,"url":"https:\/\/www.bbmnoticias.com\/labravaradiofm\/wp-content\/uploads\/sites\/5\/2021\/10\/local08102021-5.jpg","type":"image\/jpeg"}],"author":"Quadratin","twitter_card":"summary_large_image","twitter_misc":{"Escrito por":"Quadratin","Tiempo de lectura":"1 minuto"},"schema":{"@context":"https:\/\/schema.org","@graph":[{"@type":"Article","@id":"https:\/\/www.bbmnoticias.com\/labravaradiofm\/2021\/10\/08\/lanzan-sonda-espacial-ana-en-tlacolula\/#article","isPartOf":{"@id":"https:\/\/www.bbmnoticias.com\/labravaradiofm\/2021\/10\/08\/lanzan-sonda-espacial-ana-en-tlacolula\/"},"author":{"name":"Quadratin","@id":"https:\/\/www.bbmnoticias.com\/labravaradiofm\/#\/schema\/person\/b7ad4658f4970d61499e84f6fe178160"},"headline":"Lanzan sonda espacial Ana en Tlacolula","datePublished":"2021-10-08T17:04:35+00:00","dateModified":"2021-10-08T17:04:37+00:00","mainEntityOfPage":{"@id":"https:\/\/www.bbmnoticias.com\/labravaradiofm\/2021\/10\/08\/lanzan-sonda-espacial-ana-en-tlacolula\/"},"wordCount":227,"image":{"@id":"https:\/\/www.bbmnoticias.com\/labravaradiofm\/2021\/10\/08\/lanzan-sonda-espacial-ana-en-tlacolula\/#primaryimage"},"thumbnailUrl":"https:\/\/www.bbmnoticias.com\/labravaradiofm\/wp-content\/uploads\/sites\/5\/2021\/10\/local08102021-5.jpg","articleSection":["LOCAL"],"inLanguage":"es"},{"@type":"WebPage","@id":"https:\/\/www.bbmnoticias.com\/labravaradiofm\/2021\/10\/08\/lanzan-sonda-espacial-ana-en-tlacolula\/","url":"https:\/\/www.bbmnoticias.com\/labravaradiofm\/2021\/10\/08\/lanzan-sonda-espacial-ana-en-tlacolula\/","name":"Lanzan sonda espacial Ana en Tlacolula - LA BRAVA RADIO","isPartOf":{"@id":"https:\/\/www.bbmnoticias.com\/labravaradiofm\/#website"},"primaryImageOfPage":{"@id":"https:\/\/www.bbmnoticias.com\/labravaradiofm\/2021\/10\/08\/lanzan-sonda-espacial-ana-en-tlacolula\/#primaryimage"},"image":{"@id":"https:\/\/www.bbmnoticias.com\/labravaradiofm\/2021\/10\/08\/lanzan-sonda-espacial-ana-en-tlacolula\/#primaryimage"},"thumbnailUrl":"https:\/\/www.bbmnoticias.com\/labravaradiofm\/wp-content\/uploads\/sites\/5\/2021\/10\/local08102021-5.jpg","datePublished":"2021-10-08T17:04:35+00:00","dateModified":"2021-10-08T17:04:37+00:00","author":{"@id":"https:\/\/www.bbmnoticias.com\/labravaradiofm\/#\/schema\/person\/b7ad4658f4970d61499e84f6fe178160"},"description":"Los inventores de esta sonda espacial fueron cinco j\u00f3venes de diferentes municipios de Oaxaca quienes aportaron sus conocimientos","breadcrumb":{"@id":"https:\/\/www.bbmnoticias.com\/labravaradiofm\/2021\/10\/08\/lanzan-sonda-espacial-ana-en-tlacolula\/#breadcrumb"},"inLanguage":"es","potentialAction":[{"@type":"ReadAction","target":["https:\/\/www.bbmnoticias.com\/labravaradiofm\/2021\/10\/08\/lanzan-sonda-espacial-ana-en-tlacolula\/"]}]},{"@type":"ImageObject","inLanguage":"es","@id":"https:\/\/www.bbmnoticias.com\/labravaradiofm\/2021\/10\/08\/lanzan-sonda-espacial-ana-en-tlacolula\/#primaryimage","url":"https:\/\/www.bbmnoticias.com\/labravaradiofm\/wp-content\/uploads\/sites\/5\/2021\/10\/local08102021-5.jpg","contentUrl":"https:\/\/www.bbmnoticias.com\/labravaradiofm\/wp-content\/uploads\/sites\/5\/2021\/10\/local08102021-5.jpg","width":1500,"height":1000},{"@type":"BreadcrumbList","@id":"https:\/\/www.bbmnoticias.com\/labravaradiofm\/2021\/10\/08\/lanzan-sonda-espacial-ana-en-tlacolula\/#breadcrumb","itemListElement":[{"@type":"ListItem","position":1,"name":"Inicio","item":"https:\/\/www.bbmnoticias.com\/labravaradiofm\/"},{"@type":"ListItem","position":2,"name":"Lanzan sonda espacial Ana en Tlacolula"}]},{"@type":"WebSite","@id":"https:\/\/www.bbmnoticias.com\/labravaradiofm\/#website","url":"https:\/\/www.bbmnoticias.com\/labravaradiofm\/","name":"LA BRAVA RADIO","description":"Empresa productora de medios, Radiodifusi\u00f3n, Noticias, tendencias y todo lo que necesitas saber de la pol\u00edtica mexicana e internacional; entretenimiento, espect\u00e1culos, salud y mucho m\u00e1s.","potentialAction":[{"@type":"SearchAction","target":{"@type":"EntryPoint","urlTemplate":"https:\/\/www.bbmnoticias.com\/labravaradiofm\/?s={search_term_string}"},"query-input":{"@type":"PropertyValueSpecification","valueRequired":true,"valueName":"search_term_string"}}],"inLanguage":"es"},{"@type":"Person","@id":"https:\/\/www.bbmnoticias.com\/labravaradiofm\/#\/schema\/person\/b7ad4658f4970d61499e84f6fe178160","name":"Quadratin","image":{"@type":"ImageObject","inLanguage":"es","@id":"https:\/\/secure.gravatar.com\/avatar\/34008d7d72488432d6a74f81e839efc9f754b118786ca32cf39d9d5508a68f63?s=96&d=mm&r=g","url":"https:\/\/secure.gravatar.com\/avatar\/34008d7d72488432d6a74f81e839efc9f754b118786ca32cf39d9d5508a68f63?s=96&d=mm&r=g","contentUrl":"https:\/\/secure.gravatar.com\/avatar\/34008d7d72488432d6a74f81e839efc9f754b118786ca32cf39d9d5508a68f63?s=96&d=mm&r=g","caption":"Quadratin"},"url":"https:\/\/www.bbmnoticias.com\/labravaradiofm\/author\/quadratin\/"}]}},"_links":{"self":[{"href":"https:\/\/www.bbmnoticias.com\/labravaradiofm\/wp-json\/wp\/v2\/posts\/3354","targetHints":{"allow":["GET"]}}],"collection":[{"href":"https:\/\/www.bbmnoticias.com\/labravaradiofm\/wp-json\/wp\/v2\/posts"}],"about":[{"href":"https:\/\/www.bbmnoticias.com\/labravaradiofm\/wp-json\/wp\/v2\/types\/post"}],"author":[{"embeddable":true,"href":"https:\/\/www.bbmnoticias.com\/labravaradiofm\/wp-json\/wp\/v2\/users\/5"}],"replies":[{"embeddable":true,"href":"https:\/\/www.bbmnoticias.com\/labravaradiofm\/wp-json\/wp\/v2\/comments?post=3354"}],"version-history":[{"count":0,"href":"https:\/\/www.bbmnoticias.com\/labravaradiofm\/wp-json\/wp\/v2\/posts\/3354\/revisions"}],"wp:featuredmedia":[{"embeddable":true,"href":"https:\/\/www.bbmnoticias.com\/labravaradiofm\/wp-json\/wp\/v2\/media\/3355"}],"wp:attachment":[{"href":"https:\/\/www.bbmnoticias.com\/labravaradiofm\/wp-json\/wp\/v2\/media?parent=3354"}],"wp:term":[{"taxonomy":"category","embeddable":true,"href":"https:\/\/www.bbmnoticias.com\/labravaradiofm\/wp-json\/wp\/v2\/categories?post=3354"},{"taxonomy":"post_tag","embeddable":true,"href":"https:\/\/www.bbmnoticias.com\/labravaradiofm\/wp-json\/wp\/v2\/tags?post=3354"}],"curies":[{"name":"wp","href":"https:\/\/api.w.org\/{rel}","templated":true}]}}