{"id":3322,"date":"2021-10-08T08:09:56","date_gmt":"2021-10-08T13:09:56","guid":{"rendered":"https:\/\/www.bbmnoticias.com\/labravaradiofm\/?p=3322"},"modified":"2021-10-08T08:09:57","modified_gmt":"2021-10-08T13:09:57","slug":"una-mujer-y-un-hombre-fueron-atacados-a-balazos-en-la-colonia-cerro-alto-de-salina-cruz","status":"publish","type":"post","link":"https:\/\/www.bbmnoticias.com\/labravaradiofm\/2021\/10\/08\/una-mujer-y-un-hombre-fueron-atacados-a-balazos-en-la-colonia-cerro-alto-de-salina-cruz\/","title":{"rendered":"Una mujer y un hombre fueron atacados a balazos en la colonia Cerro Alto de Salina Cruz"},"content":{"rendered":"<div style=\"margin-top: 0px; margin-bottom: 0px;\" class=\"sharethis-inline-share-buttons\" ><\/div>\n<p>Salina Cruz, Oaxaca. Una mujer y un masculino fueron atacados a balazos quedando mal heridos en la parte alta de la colonia Cerro Alto de esta ciudad.<\/p>\n\n\n\n<p>Los hechos se registraron la madrugada de este viernes a eso de las 3:30, donde sobre la calle Lomas Verdes de dicha colonia, fueron localizados malheridos por disparo de arma de fuego una mujer y un hombre.<\/p>\n\n\n\n<p>Ambos fueron auxiliados por grupos de rescate y trasladados al hospital con especialidades donde no fueron recibidos, de ah\u00ed los condujeron en la misma ambulancia al hospital del ISSSTE de Tehuantepec, donde tambi\u00e9n fueron rechazadas por lo que tuvieron que retornarlos al hospital con Especialidades donde finalmente fueron canalizados.<\/p>\n\n\n\n<p>Los lesionados fueron identificados con los nombres de Francisca Ram\u00edrez Guzm\u00e1n y Jos\u00e9 Danilo Peralta Hern\u00e1ndez de 40 y 34 a\u00f1os de edad respectivamente.<\/p>\n\n\n\n<p>Hasta el momento la polic\u00eda investiga cuales fueron las causas de su agresi\u00f3n y qui\u00e9n o quienes fueron los agresores.<\/p>\n","protected":false},"excerpt":{"rendered":"<p>Salina Cruz, Oaxaca. Una mujer y un masculino fueron atacados a balazos quedando mal heridos en la parte alta de la colonia Cerro Alto de esta ciudad. Los hechos se registraron la madrugada de este viernes a eso de las 3:30, donde sobre la calle Lomas Verdes de dicha colonia, fueron localizados malheridos por disparo [&hellip;]<\/p>\n","protected":false},"author":3,"featured_media":3323,"comment_status":"closed","ping_status":"closed","sticky":false,"template":"","format":"standard","meta":{"footnotes":""},"categories":[20],"tags":[],"class_list":{"0":"post-3322","1":"post","2":"type-post","3":"status-publish","4":"format-standard","5":"has-post-thumbnail","7":"category-policiaca"},"yoast_head":"<!-- This site is optimized with the Yoast SEO plugin v27.4 - https:\/\/yoast.com\/product\/yoast-seo-wordpress\/ -->\n<title>Una mujer y un hombre fueron atacados a balazos en la colonia Cerro Alto de Salina Cruz - LA BRAVA RADIO<\/title>\n<meta name=\"description\" content=\"Los hechos se registraron la madrugada de este viernes a eso de las 3:30, donde sobre la calle Lomas Verdes de dicha colonia\" \/>\n<meta name=\"robots\" content=\"index, follow, max-snippet:-1, max-image-preview:large, max-video-preview:-1\" \/>\n<link rel=\"canonical\" href=\"https:\/\/www.bbmnoticias.com\/labravaradiofm\/2021\/10\/08\/una-mujer-y-un-hombre-fueron-atacados-a-balazos-en-la-colonia-cerro-alto-de-salina-cruz\/\" \/>\n<meta property=\"og:locale\" content=\"es_MX\" \/>\n<meta property=\"og:type\" content=\"article\" \/>\n<meta property=\"og:title\" content=\"Una mujer y un hombre fueron atacados a balazos en la colonia Cerro Alto de Salina Cruz - LA BRAVA RADIO\" \/>\n<meta property=\"og:description\" content=\"Los hechos se registraron la madrugada de este viernes a eso de las 3:30, donde sobre la calle Lomas Verdes de dicha colonia\" \/>\n<meta property=\"og:url\" content=\"https:\/\/www.bbmnoticias.com\/labravaradiofm\/2021\/10\/08\/una-mujer-y-un-hombre-fueron-atacados-a-balazos-en-la-colonia-cerro-alto-de-salina-cruz\/\" \/>\n<meta property=\"og:site_name\" content=\"LA BRAVA RADIO\" \/>\n<meta property=\"article:author\" content=\"https:\/\/www.facebook.com\/EdwinMeneses30\" \/>\n<meta property=\"article:published_time\" content=\"2021-10-08T13:09:56+00:00\" \/>\n<meta property=\"article:modified_time\" content=\"2021-10-08T13:09:57+00:00\" \/>\n<meta property=\"og:image\" content=\"https:\/\/www.bbmnoticias.com\/labravaradiofm\/wp-content\/uploads\/sites\/5\/2021\/10\/policiaca08102021-2.png\" \/>\n\t<meta property=\"og:image:width\" content=\"729\" \/>\n\t<meta property=\"og:image:height\" content=\"408\" \/>\n\t<meta property=\"og:image:type\" content=\"image\/png\" \/>\n<meta name=\"author\" content=\"Edwin MENESES\" \/>\n<meta name=\"twitter:card\" content=\"summary_large_image\" \/>\n<meta name=\"twitter:creator\" content=\"@https:\/\/twitter.com\/edwin_meneses81\" \/>\n<meta name=\"twitter:label1\" content=\"Escrito por\" \/>\n\t<meta name=\"twitter:data1\" content=\"Edwin MENESES\" \/>\n\t<meta name=\"twitter:label2\" content=\"Tiempo de lectura\" \/>\n\t<meta name=\"twitter:data2\" content=\"1 minuto\" \/>\n<script type=\"application\/ld+json\" class=\"yoast-schema-graph\">{\"@context\":\"https:\\\/\\\/schema.org\",\"@graph\":[{\"@type\":\"Article\",\"@id\":\"https:\\\/\\\/www.bbmnoticias.com\\\/labravaradiofm\\\/2021\\\/10\\\/08\\\/una-mujer-y-un-hombre-fueron-atacados-a-balazos-en-la-colonia-cerro-alto-de-salina-cruz\\\/#article\",\"isPartOf\":{\"@id\":\"https:\\\/\\\/www.bbmnoticias.com\\\/labravaradiofm\\\/2021\\\/10\\\/08\\\/una-mujer-y-un-hombre-fueron-atacados-a-balazos-en-la-colonia-cerro-alto-de-salina-cruz\\\/\"},\"author\":{\"name\":\"Edwin MENESES\",\"@id\":\"https:\\\/\\\/www.bbmnoticias.com\\\/labravaradiofm\\\/#\\\/schema\\\/person\\\/ac8532773d4f65dd24a852ecaf4c3ed0\"},\"headline\":\"Una mujer y un hombre fueron atacados a balazos en la colonia Cerro Alto de Salina Cruz\",\"datePublished\":\"2021-10-08T13:09:56+00:00\",\"dateModified\":\"2021-10-08T13:09:57+00:00\",\"mainEntityOfPage\":{\"@id\":\"https:\\\/\\\/www.bbmnoticias.com\\\/labravaradiofm\\\/2021\\\/10\\\/08\\\/una-mujer-y-un-hombre-fueron-atacados-a-balazos-en-la-colonia-cerro-alto-de-salina-cruz\\\/\"},\"wordCount\":179,\"image\":{\"@id\":\"https:\\\/\\\/www.bbmnoticias.com\\\/labravaradiofm\\\/2021\\\/10\\\/08\\\/una-mujer-y-un-hombre-fueron-atacados-a-balazos-en-la-colonia-cerro-alto-de-salina-cruz\\\/#primaryimage\"},\"thumbnailUrl\":\"https:\\\/\\\/www.bbmnoticias.com\\\/labravaradiofm\\\/wp-content\\\/uploads\\\/sites\\\/5\\\/2021\\\/10\\\/policiaca08102021-2.png\",\"articleSection\":[\"POLICIACA\"],\"inLanguage\":\"es\"},{\"@type\":\"WebPage\",\"@id\":\"https:\\\/\\\/www.bbmnoticias.com\\\/labravaradiofm\\\/2021\\\/10\\\/08\\\/una-mujer-y-un-hombre-fueron-atacados-a-balazos-en-la-colonia-cerro-alto-de-salina-cruz\\\/\",\"url\":\"https:\\\/\\\/www.bbmnoticias.com\\\/labravaradiofm\\\/2021\\\/10\\\/08\\\/una-mujer-y-un-hombre-fueron-atacados-a-balazos-en-la-colonia-cerro-alto-de-salina-cruz\\\/\",\"name\":\"Una mujer y un hombre fueron atacados a balazos en la colonia Cerro Alto de Salina Cruz - LA BRAVA RADIO\",\"isPartOf\":{\"@id\":\"https:\\\/\\\/www.bbmnoticias.com\\\/labravaradiofm\\\/#website\"},\"primaryImageOfPage\":{\"@id\":\"https:\\\/\\\/www.bbmnoticias.com\\\/labravaradiofm\\\/2021\\\/10\\\/08\\\/una-mujer-y-un-hombre-fueron-atacados-a-balazos-en-la-colonia-cerro-alto-de-salina-cruz\\\/#primaryimage\"},\"image\":{\"@id\":\"https:\\\/\\\/www.bbmnoticias.com\\\/labravaradiofm\\\/2021\\\/10\\\/08\\\/una-mujer-y-un-hombre-fueron-atacados-a-balazos-en-la-colonia-cerro-alto-de-salina-cruz\\\/#primaryimage\"},\"thumbnailUrl\":\"https:\\\/\\\/www.bbmnoticias.com\\\/labravaradiofm\\\/wp-content\\\/uploads\\\/sites\\\/5\\\/2021\\\/10\\\/policiaca08102021-2.png\",\"datePublished\":\"2021-10-08T13:09:56+00:00\",\"dateModified\":\"2021-10-08T13:09:57+00:00\",\"author\":{\"@id\":\"https:\\\/\\\/www.bbmnoticias.com\\\/labravaradiofm\\\/#\\\/schema\\\/person\\\/ac8532773d4f65dd24a852ecaf4c3ed0\"},\"description\":\"Los hechos se registraron la madrugada de este viernes a eso de las 3:30, donde sobre la calle Lomas Verdes de dicha colonia\",\"breadcrumb\":{\"@id\":\"https:\\\/\\\/www.bbmnoticias.com\\\/labravaradiofm\\\/2021\\\/10\\\/08\\\/una-mujer-y-un-hombre-fueron-atacados-a-balazos-en-la-colonia-cerro-alto-de-salina-cruz\\\/#breadcrumb\"},\"inLanguage\":\"es\",\"potentialAction\":[{\"@type\":\"ReadAction\",\"target\":[\"https:\\\/\\\/www.bbmnoticias.com\\\/labravaradiofm\\\/2021\\\/10\\\/08\\\/una-mujer-y-un-hombre-fueron-atacados-a-balazos-en-la-colonia-cerro-alto-de-salina-cruz\\\/\"]}]},{\"@type\":\"ImageObject\",\"inLanguage\":\"es\",\"@id\":\"https:\\\/\\\/www.bbmnoticias.com\\\/labravaradiofm\\\/2021\\\/10\\\/08\\\/una-mujer-y-un-hombre-fueron-atacados-a-balazos-en-la-colonia-cerro-alto-de-salina-cruz\\\/#primaryimage\",\"url\":\"https:\\\/\\\/www.bbmnoticias.com\\\/labravaradiofm\\\/wp-content\\\/uploads\\\/sites\\\/5\\\/2021\\\/10\\\/policiaca08102021-2.png\",\"contentUrl\":\"https:\\\/\\\/www.bbmnoticias.com\\\/labravaradiofm\\\/wp-content\\\/uploads\\\/sites\\\/5\\\/2021\\\/10\\\/policiaca08102021-2.png\",\"width\":729,\"height\":408},{\"@type\":\"BreadcrumbList\",\"@id\":\"https:\\\/\\\/www.bbmnoticias.com\\\/labravaradiofm\\\/2021\\\/10\\\/08\\\/una-mujer-y-un-hombre-fueron-atacados-a-balazos-en-la-colonia-cerro-alto-de-salina-cruz\\\/#breadcrumb\",\"itemListElement\":[{\"@type\":\"ListItem\",\"position\":1,\"name\":\"Inicio\",\"item\":\"https:\\\/\\\/www.bbmnoticias.com\\\/labravaradiofm\\\/\"},{\"@type\":\"ListItem\",\"position\":2,\"name\":\"Una mujer y un hombre fueron atacados a balazos en la colonia Cerro Alto de Salina Cruz\"}]},{\"@type\":\"WebSite\",\"@id\":\"https:\\\/\\\/www.bbmnoticias.com\\\/labravaradiofm\\\/#website\",\"url\":\"https:\\\/\\\/www.bbmnoticias.com\\\/labravaradiofm\\\/\",\"name\":\"LA BRAVA RADIO\",\"description\":\"Empresa productora de medios, Radiodifusi\u00f3n, Noticias, tendencias y todo lo que necesitas saber de la pol\u00edtica mexicana e internacional; entretenimiento, espect\u00e1culos, salud y mucho m\u00e1s.\",\"potentialAction\":[{\"@type\":\"SearchAction\",\"target\":{\"@type\":\"EntryPoint\",\"urlTemplate\":\"https:\\\/\\\/www.bbmnoticias.com\\\/labravaradiofm\\\/?s={search_term_string}\"},\"query-input\":{\"@type\":\"PropertyValueSpecification\",\"valueRequired\":true,\"valueName\":\"search_term_string\"}}],\"inLanguage\":\"es\"},{\"@type\":\"Person\",\"@id\":\"https:\\\/\\\/www.bbmnoticias.com\\\/labravaradiofm\\\/#\\\/schema\\\/person\\\/ac8532773d4f65dd24a852ecaf4c3ed0\",\"name\":\"Edwin MENESES\",\"image\":{\"@type\":\"ImageObject\",\"inLanguage\":\"es\",\"@id\":\"https:\\\/\\\/secure.gravatar.com\\\/avatar\\\/202a15439445248653d719ff745fa195bcc0553404b070fe317543754f253c4f?s=96&d=mm&r=g\",\"url\":\"https:\\\/\\\/secure.gravatar.com\\\/avatar\\\/202a15439445248653d719ff745fa195bcc0553404b070fe317543754f253c4f?s=96&d=mm&r=g\",\"contentUrl\":\"https:\\\/\\\/secure.gravatar.com\\\/avatar\\\/202a15439445248653d719ff745fa195bcc0553404b070fe317543754f253c4f?s=96&d=mm&r=g\",\"caption\":\"Edwin MENESES\"},\"sameAs\":[\"https:\\\/\\\/www.bbmnoticias.com\",\"https:\\\/\\\/www.facebook.com\\\/EdwinMeneses30\",\"https:\\\/\\\/x.com\\\/https:\\\/\\\/twitter.com\\\/edwin_meneses81\"],\"url\":\"https:\\\/\\\/www.bbmnoticias.com\\\/labravaradiofm\\\/author\\\/edwin\\\/\"}]}<\/script>\n<!-- \/ Yoast SEO plugin. -->","yoast_head_json":{"title":"Una mujer y un hombre fueron atacados a balazos en la colonia Cerro Alto de Salina Cruz - LA BRAVA RADIO","description":"Los hechos se registraron la madrugada de este viernes a eso de las 3:30, donde sobre la calle Lomas Verdes de dicha colonia","robots":{"index":"index","follow":"follow","max-snippet":"max-snippet:-1","max-image-preview":"max-image-preview:large","max-video-preview":"max-video-preview:-1"},"canonical":"https:\/\/www.bbmnoticias.com\/labravaradiofm\/2021\/10\/08\/una-mujer-y-un-hombre-fueron-atacados-a-balazos-en-la-colonia-cerro-alto-de-salina-cruz\/","og_locale":"es_MX","og_type":"article","og_title":"Una mujer y un hombre fueron atacados a balazos en la colonia Cerro Alto de Salina Cruz - LA BRAVA RADIO","og_description":"Los hechos se registraron la madrugada de este viernes a eso de las 3:30, donde sobre la calle Lomas Verdes de dicha colonia","og_url":"https:\/\/www.bbmnoticias.com\/labravaradiofm\/2021\/10\/08\/una-mujer-y-un-hombre-fueron-atacados-a-balazos-en-la-colonia-cerro-alto-de-salina-cruz\/","og_site_name":"LA BRAVA RADIO","article_author":"https:\/\/www.facebook.com\/EdwinMeneses30","article_published_time":"2021-10-08T13:09:56+00:00","article_modified_time":"2021-10-08T13:09:57+00:00","og_image":[{"width":729,"height":408,"url":"https:\/\/www.bbmnoticias.com\/labravaradiofm\/wp-content\/uploads\/sites\/5\/2021\/10\/policiaca08102021-2.png","type":"image\/png"}],"author":"Edwin MENESES","twitter_card":"summary_large_image","twitter_creator":"@https:\/\/twitter.com\/edwin_meneses81","twitter_misc":{"Escrito por":"Edwin MENESES","Tiempo de lectura":"1 minuto"},"schema":{"@context":"https:\/\/schema.org","@graph":[{"@type":"Article","@id":"https:\/\/www.bbmnoticias.com\/labravaradiofm\/2021\/10\/08\/una-mujer-y-un-hombre-fueron-atacados-a-balazos-en-la-colonia-cerro-alto-de-salina-cruz\/#article","isPartOf":{"@id":"https:\/\/www.bbmnoticias.com\/labravaradiofm\/2021\/10\/08\/una-mujer-y-un-hombre-fueron-atacados-a-balazos-en-la-colonia-cerro-alto-de-salina-cruz\/"},"author":{"name":"Edwin MENESES","@id":"https:\/\/www.bbmnoticias.com\/labravaradiofm\/#\/schema\/person\/ac8532773d4f65dd24a852ecaf4c3ed0"},"headline":"Una mujer y un hombre fueron atacados a balazos en la colonia Cerro Alto de Salina Cruz","datePublished":"2021-10-08T13:09:56+00:00","dateModified":"2021-10-08T13:09:57+00:00","mainEntityOfPage":{"@id":"https:\/\/www.bbmnoticias.com\/labravaradiofm\/2021\/10\/08\/una-mujer-y-un-hombre-fueron-atacados-a-balazos-en-la-colonia-cerro-alto-de-salina-cruz\/"},"wordCount":179,"image":{"@id":"https:\/\/www.bbmnoticias.com\/labravaradiofm\/2021\/10\/08\/una-mujer-y-un-hombre-fueron-atacados-a-balazos-en-la-colonia-cerro-alto-de-salina-cruz\/#primaryimage"},"thumbnailUrl":"https:\/\/www.bbmnoticias.com\/labravaradiofm\/wp-content\/uploads\/sites\/5\/2021\/10\/policiaca08102021-2.png","articleSection":["POLICIACA"],"inLanguage":"es"},{"@type":"WebPage","@id":"https:\/\/www.bbmnoticias.com\/labravaradiofm\/2021\/10\/08\/una-mujer-y-un-hombre-fueron-atacados-a-balazos-en-la-colonia-cerro-alto-de-salina-cruz\/","url":"https:\/\/www.bbmnoticias.com\/labravaradiofm\/2021\/10\/08\/una-mujer-y-un-hombre-fueron-atacados-a-balazos-en-la-colonia-cerro-alto-de-salina-cruz\/","name":"Una mujer y un hombre fueron atacados a balazos en la colonia Cerro Alto de Salina Cruz - LA BRAVA RADIO","isPartOf":{"@id":"https:\/\/www.bbmnoticias.com\/labravaradiofm\/#website"},"primaryImageOfPage":{"@id":"https:\/\/www.bbmnoticias.com\/labravaradiofm\/2021\/10\/08\/una-mujer-y-un-hombre-fueron-atacados-a-balazos-en-la-colonia-cerro-alto-de-salina-cruz\/#primaryimage"},"image":{"@id":"https:\/\/www.bbmnoticias.com\/labravaradiofm\/2021\/10\/08\/una-mujer-y-un-hombre-fueron-atacados-a-balazos-en-la-colonia-cerro-alto-de-salina-cruz\/#primaryimage"},"thumbnailUrl":"https:\/\/www.bbmnoticias.com\/labravaradiofm\/wp-content\/uploads\/sites\/5\/2021\/10\/policiaca08102021-2.png","datePublished":"2021-10-08T13:09:56+00:00","dateModified":"2021-10-08T13:09:57+00:00","author":{"@id":"https:\/\/www.bbmnoticias.com\/labravaradiofm\/#\/schema\/person\/ac8532773d4f65dd24a852ecaf4c3ed0"},"description":"Los hechos se registraron la madrugada de este viernes a eso de las 3:30, donde sobre la calle Lomas Verdes de dicha colonia","breadcrumb":{"@id":"https:\/\/www.bbmnoticias.com\/labravaradiofm\/2021\/10\/08\/una-mujer-y-un-hombre-fueron-atacados-a-balazos-en-la-colonia-cerro-alto-de-salina-cruz\/#breadcrumb"},"inLanguage":"es","potentialAction":[{"@type":"ReadAction","target":["https:\/\/www.bbmnoticias.com\/labravaradiofm\/2021\/10\/08\/una-mujer-y-un-hombre-fueron-atacados-a-balazos-en-la-colonia-cerro-alto-de-salina-cruz\/"]}]},{"@type":"ImageObject","inLanguage":"es","@id":"https:\/\/www.bbmnoticias.com\/labravaradiofm\/2021\/10\/08\/una-mujer-y-un-hombre-fueron-atacados-a-balazos-en-la-colonia-cerro-alto-de-salina-cruz\/#primaryimage","url":"https:\/\/www.bbmnoticias.com\/labravaradiofm\/wp-content\/uploads\/sites\/5\/2021\/10\/policiaca08102021-2.png","contentUrl":"https:\/\/www.bbmnoticias.com\/labravaradiofm\/wp-content\/uploads\/sites\/5\/2021\/10\/policiaca08102021-2.png","width":729,"height":408},{"@type":"BreadcrumbList","@id":"https:\/\/www.bbmnoticias.com\/labravaradiofm\/2021\/10\/08\/una-mujer-y-un-hombre-fueron-atacados-a-balazos-en-la-colonia-cerro-alto-de-salina-cruz\/#breadcrumb","itemListElement":[{"@type":"ListItem","position":1,"name":"Inicio","item":"https:\/\/www.bbmnoticias.com\/labravaradiofm\/"},{"@type":"ListItem","position":2,"name":"Una mujer y un hombre fueron atacados a balazos en la colonia Cerro Alto de Salina Cruz"}]},{"@type":"WebSite","@id":"https:\/\/www.bbmnoticias.com\/labravaradiofm\/#website","url":"https:\/\/www.bbmnoticias.com\/labravaradiofm\/","name":"LA BRAVA RADIO","description":"Empresa productora de medios, Radiodifusi\u00f3n, Noticias, tendencias y todo lo que necesitas saber de la pol\u00edtica mexicana e internacional; entretenimiento, espect\u00e1culos, salud y mucho m\u00e1s.","potentialAction":[{"@type":"SearchAction","target":{"@type":"EntryPoint","urlTemplate":"https:\/\/www.bbmnoticias.com\/labravaradiofm\/?s={search_term_string}"},"query-input":{"@type":"PropertyValueSpecification","valueRequired":true,"valueName":"search_term_string"}}],"inLanguage":"es"},{"@type":"Person","@id":"https:\/\/www.bbmnoticias.com\/labravaradiofm\/#\/schema\/person\/ac8532773d4f65dd24a852ecaf4c3ed0","name":"Edwin MENESES","image":{"@type":"ImageObject","inLanguage":"es","@id":"https:\/\/secure.gravatar.com\/avatar\/202a15439445248653d719ff745fa195bcc0553404b070fe317543754f253c4f?s=96&d=mm&r=g","url":"https:\/\/secure.gravatar.com\/avatar\/202a15439445248653d719ff745fa195bcc0553404b070fe317543754f253c4f?s=96&d=mm&r=g","contentUrl":"https:\/\/secure.gravatar.com\/avatar\/202a15439445248653d719ff745fa195bcc0553404b070fe317543754f253c4f?s=96&d=mm&r=g","caption":"Edwin MENESES"},"sameAs":["https:\/\/www.bbmnoticias.com","https:\/\/www.facebook.com\/EdwinMeneses30","https:\/\/x.com\/https:\/\/twitter.com\/edwin_meneses81"],"url":"https:\/\/www.bbmnoticias.com\/labravaradiofm\/author\/edwin\/"}]}},"_links":{"self":[{"href":"https:\/\/www.bbmnoticias.com\/labravaradiofm\/wp-json\/wp\/v2\/posts\/3322","targetHints":{"allow":["GET"]}}],"collection":[{"href":"https:\/\/www.bbmnoticias.com\/labravaradiofm\/wp-json\/wp\/v2\/posts"}],"about":[{"href":"https:\/\/www.bbmnoticias.com\/labravaradiofm\/wp-json\/wp\/v2\/types\/post"}],"author":[{"embeddable":true,"href":"https:\/\/www.bbmnoticias.com\/labravaradiofm\/wp-json\/wp\/v2\/users\/3"}],"replies":[{"embeddable":true,"href":"https:\/\/www.bbmnoticias.com\/labravaradiofm\/wp-json\/wp\/v2\/comments?post=3322"}],"version-history":[{"count":0,"href":"https:\/\/www.bbmnoticias.com\/labravaradiofm\/wp-json\/wp\/v2\/posts\/3322\/revisions"}],"wp:featuredmedia":[{"embeddable":true,"href":"https:\/\/www.bbmnoticias.com\/labravaradiofm\/wp-json\/wp\/v2\/media\/3323"}],"wp:attachment":[{"href":"https:\/\/www.bbmnoticias.com\/labravaradiofm\/wp-json\/wp\/v2\/media?parent=3322"}],"wp:term":[{"taxonomy":"category","embeddable":true,"href":"https:\/\/www.bbmnoticias.com\/labravaradiofm\/wp-json\/wp\/v2\/categories?post=3322"},{"taxonomy":"post_tag","embeddable":true,"href":"https:\/\/www.bbmnoticias.com\/labravaradiofm\/wp-json\/wp\/v2\/tags?post=3322"}],"curies":[{"name":"wp","href":"https:\/\/api.w.org\/{rel}","templated":true}]}}