{"id":3316,"date":"2021-10-08T08:06:27","date_gmt":"2021-10-08T13:06:27","guid":{"rendered":"https:\/\/www.bbmnoticias.com\/labravaradiofm\/?p=3316"},"modified":"2021-10-08T08:06:28","modified_gmt":"2021-10-08T13:06:28","slug":"la-secretaria-de-marina-armada-de-mexico-convoca-a-formar-parte-de-sus-filas-como-tecnico-profesional-en-trabajo-social","status":"publish","type":"post","link":"https:\/\/www.bbmnoticias.com\/labravaradiofm\/2021\/10\/08\/la-secretaria-de-marina-armada-de-mexico-convoca-a-formar-parte-de-sus-filas-como-tecnico-profesional-en-trabajo-social\/","title":{"rendered":"La secretar\u00eda de Marina-Armada de M\u00e9xico convoca a formar parte de sus filas como t\u00e9cnico profesional en trabajo social"},"content":{"rendered":"<div style=\"margin-top: 0px; margin-bottom: 0px;\" class=\"sharethis-inline-share-buttons\" ><\/div>\n<p>Salina Cruz, Oax. -La Secretar\u00eda de Marina-Armada de M\u00e9xico, a trav\u00e9s dela D\u00e9cimo Segunda Zona Naval, invita a personal civil a ingresar al servicio activo de esta Instituci\u00f3n y formar parte de sus filas como T\u00e9cnico Profesional en Trabajo Social.<\/p>\n\n\n\n<p>Formar parte de la Armada de M\u00e9xico, permite, a quienes deseen servir al pueblo de M\u00e9xico,<br>capacitarse y desarrollarse con los m\u00e1s elevados valores de Honor, Deber, Lealtad y Patriotismo,<br>contando con un sueldo seguro, servicio m\u00e9dico integral, fondo de ahorro, becas, seguro de<br>vida militar, fondo de vivienda y vacaciones, entre otras prestaciones de ley.<\/p>\n\n\n\n<p>Los interesados deber\u00e1n cumplir con los siguientes requisitos:<br>\u2022 Ser mexicano por Nacimiento.<br>\u2022 Edad minima de 18 a\u00f1os y no mayor a 30 a\u00f1os.<br>\u2022 Nivel de estudios T\u00e9cnico Profesional (T\u00edtulo y c\u00e9dula de T\u00e9cnico Professional)<br>\u2022 Estatura m\u00ednima de 1.63 mts. en hombres y 1.55 mts. en mujeres.<br>\u2022 \u00cdndice de Masa Corporal (IMC) no mayor a 24.9<br>\u2022 Resultar apto (a) en los ex\u00e1menes:<br>    &#8211; M\u00e9dico.<br>    &#8211; Cl\u00ednico.<br>    &#8211; Perfil psicom\u00e9trico.<\/p>\n\n\n\n<p><br>\u2022 Cubrir perfil de acuerdo a las directivas vigentes para el cumplimiento de las actividades<br>navales.<br>\u2022 No ser desertor (a) de las Fuerzas Armadas o haber pertenecido a alguna otra Fuerza<br>Armada, Instituci\u00f3n de Procuraci\u00f3n de Justicia, Seguridad P\u00fabica Federal,<br>Gubernamental, Estatal y\/o Municipal.<br>\u2022 No tener antecedentes penales.<br>Tambi\u00e9n deber\u00e1n presentar la siguiente documentaci\u00f3n original con cinco copias:<br>\u2022 T\u00edtulo y c\u00e9dula de T\u00e9cnico Professional.<br>\u2022 Acta de nacimiento.<br>\u2022 Clave \u00danica de Registro de Poblaci\u00f3n (CURP).<br>\u2022 Cartilla del SMN o Precartilla (constancia valida del tr\u00e1mite de liberaci\u00f3n), excepto<br>personal femenino.<br>\u2022 Credencial de elector o recibo de tr\u00e1mite de adquisici\u00f3n o reposici\u00f3n.<br>\u2022 Comprobante de domicilio de fecha vigente.<br>\u2022 Carta de antecedentes no penales de la localidad y entidad federativa.<br>-M\u00c1SD\u00e9cimo<br>Segunda Zona Naval<br>\u2022 Registro Federal del Contribuyentes (RFC), expedido por el Servicio de Administraci\u00f3n<br>Tributaria (SAT).<br>\u2022 Firma FIEL vigent), expedida por el SAT.<br>\u2022 Dos fotograf\u00edas a color, de cuerpo completo de frente y perfil de 20&#215;25 cm.<br>\u2022 Dos fotograf\u00edas a color tama\u00f1o infantil.<br><\/p>\n\n\n\n<p>Nota: Deber\u00e1 presentar la documentacion completa al presentarse a las Instalaciones, la<br>falta de alguno de ellos ser\u00e1 motivo para no continuar con el tramite.<\/p>\n\n\n\n<p>Los interesados en formar parte de las filas de la Armada de M\u00e9xico podr\u00e1n obtener<br>mayores informes en el n\u00famero telefonico y whatsapp: 971-349-91-13 o present\u00e1ndose de lunes<br>a viernes en horario de 08:00 a 16:00 horas en las instalaciones de la D\u00e9cimo Segunda Zona<br>Naval, ubicado en el Callej\u00f3n Heroes de la Marina sin n\u00famero, Barrio Cantarranas, Salina Cruz<br>Oax.<\/p>\n","protected":false},"excerpt":{"rendered":"<p>Salina Cruz, Oax. -La Secretar\u00eda de Marina-Armada de M\u00e9xico, a trav\u00e9s dela D\u00e9cimo Segunda Zona Naval, invita a personal civil a ingresar al servicio activo de esta Instituci\u00f3n y formar parte de sus filas como T\u00e9cnico Profesional en Trabajo Social. Formar parte de la Armada de M\u00e9xico, permite, a quienes deseen servir al pueblo de [&hellip;]<\/p>\n","protected":false},"author":2,"featured_media":3320,"comment_status":"closed","ping_status":"closed","sticky":false,"template":"","format":"standard","meta":{"footnotes":""},"categories":[19],"tags":[],"class_list":{"0":"post-3316","1":"post","2":"type-post","3":"status-publish","4":"format-standard","5":"has-post-thumbnail","7":"category-nacional"},"yoast_head":"<!-- This site is optimized with the Yoast SEO plugin v27.4 - https:\/\/yoast.com\/product\/yoast-seo-wordpress\/ -->\n<title>La secretar\u00eda de Marina-Armada de M\u00e9xico convoca a formar parte de sus filas como t\u00e9cnico profesional en trabajo social - LA BRAVA RADIO<\/title>\n<meta name=\"description\" content=\"Los interesados en formar parte de las filas de la Armada de M\u00e9xico podr\u00e1n obtener mayores informes en el n\u00famero 971-349-91-13.\" \/>\n<meta name=\"robots\" content=\"index, follow, max-snippet:-1, max-image-preview:large, max-video-preview:-1\" \/>\n<link rel=\"canonical\" href=\"https:\/\/www.bbmnoticias.com\/labravaradiofm\/2021\/10\/08\/la-secretaria-de-marina-armada-de-mexico-convoca-a-formar-parte-de-sus-filas-como-tecnico-profesional-en-trabajo-social\/\" \/>\n<meta property=\"og:locale\" content=\"es_MX\" \/>\n<meta property=\"og:type\" content=\"article\" \/>\n<meta property=\"og:title\" content=\"La secretar\u00eda de Marina-Armada de M\u00e9xico convoca a formar parte de sus filas como t\u00e9cnico profesional en trabajo social - LA BRAVA RADIO\" \/>\n<meta property=\"og:description\" content=\"Los interesados en formar parte de las filas de la Armada de M\u00e9xico podr\u00e1n obtener mayores informes en el n\u00famero 971-349-91-13.\" \/>\n<meta property=\"og:url\" content=\"https:\/\/www.bbmnoticias.com\/labravaradiofm\/2021\/10\/08\/la-secretaria-de-marina-armada-de-mexico-convoca-a-formar-parte-de-sus-filas-como-tecnico-profesional-en-trabajo-social\/\" \/>\n<meta property=\"og:site_name\" content=\"LA BRAVA RADIO\" \/>\n<meta property=\"article:published_time\" content=\"2021-10-08T13:06:27+00:00\" \/>\n<meta property=\"article:modified_time\" content=\"2021-10-08T13:06:28+00:00\" \/>\n<meta property=\"og:image\" content=\"https:\/\/www.bbmnoticias.com\/labravaradiofm\/wp-content\/uploads\/sites\/5\/2021\/10\/nacional08102021-1.png\" \/>\n\t<meta property=\"og:image:width\" content=\"590\" \/>\n\t<meta property=\"og:image:height\" content=\"315\" \/>\n\t<meta property=\"og:image:type\" content=\"image\/png\" \/>\n<meta name=\"author\" content=\"Staff\" \/>\n<meta name=\"twitter:card\" content=\"summary_large_image\" \/>\n<meta name=\"twitter:label1\" content=\"Escrito por\" \/>\n\t<meta name=\"twitter:data1\" content=\"Staff\" \/>\n\t<meta name=\"twitter:label2\" content=\"Tiempo de lectura\" \/>\n\t<meta name=\"twitter:data2\" content=\"2 minutos\" \/>\n<script type=\"application\/ld+json\" class=\"yoast-schema-graph\">{\"@context\":\"https:\\\/\\\/schema.org\",\"@graph\":[{\"@type\":\"Article\",\"@id\":\"https:\\\/\\\/www.bbmnoticias.com\\\/labravaradiofm\\\/2021\\\/10\\\/08\\\/la-secretaria-de-marina-armada-de-mexico-convoca-a-formar-parte-de-sus-filas-como-tecnico-profesional-en-trabajo-social\\\/#article\",\"isPartOf\":{\"@id\":\"https:\\\/\\\/www.bbmnoticias.com\\\/labravaradiofm\\\/2021\\\/10\\\/08\\\/la-secretaria-de-marina-armada-de-mexico-convoca-a-formar-parte-de-sus-filas-como-tecnico-profesional-en-trabajo-social\\\/\"},\"author\":{\"name\":\"Staff\",\"@id\":\"https:\\\/\\\/www.bbmnoticias.com\\\/labravaradiofm\\\/#\\\/schema\\\/person\\\/34b139c617a70ea5bef5678bffe4dd7b\"},\"headline\":\"La secretar\u00eda de Marina-Armada de M\u00e9xico convoca a formar parte de sus filas como t\u00e9cnico profesional en trabajo social\",\"datePublished\":\"2021-10-08T13:06:27+00:00\",\"dateModified\":\"2021-10-08T13:06:28+00:00\",\"mainEntityOfPage\":{\"@id\":\"https:\\\/\\\/www.bbmnoticias.com\\\/labravaradiofm\\\/2021\\\/10\\\/08\\\/la-secretaria-de-marina-armada-de-mexico-convoca-a-formar-parte-de-sus-filas-como-tecnico-profesional-en-trabajo-social\\\/\"},\"wordCount\":466,\"image\":{\"@id\":\"https:\\\/\\\/www.bbmnoticias.com\\\/labravaradiofm\\\/2021\\\/10\\\/08\\\/la-secretaria-de-marina-armada-de-mexico-convoca-a-formar-parte-de-sus-filas-como-tecnico-profesional-en-trabajo-social\\\/#primaryimage\"},\"thumbnailUrl\":\"https:\\\/\\\/www.bbmnoticias.com\\\/labravaradiofm\\\/wp-content\\\/uploads\\\/sites\\\/5\\\/2021\\\/10\\\/nacional08102021-1.png\",\"articleSection\":[\"NACIONAL\"],\"inLanguage\":\"es\"},{\"@type\":\"WebPage\",\"@id\":\"https:\\\/\\\/www.bbmnoticias.com\\\/labravaradiofm\\\/2021\\\/10\\\/08\\\/la-secretaria-de-marina-armada-de-mexico-convoca-a-formar-parte-de-sus-filas-como-tecnico-profesional-en-trabajo-social\\\/\",\"url\":\"https:\\\/\\\/www.bbmnoticias.com\\\/labravaradiofm\\\/2021\\\/10\\\/08\\\/la-secretaria-de-marina-armada-de-mexico-convoca-a-formar-parte-de-sus-filas-como-tecnico-profesional-en-trabajo-social\\\/\",\"name\":\"La secretar\u00eda de Marina-Armada de M\u00e9xico convoca a formar parte de sus filas como t\u00e9cnico profesional en trabajo social - LA BRAVA RADIO\",\"isPartOf\":{\"@id\":\"https:\\\/\\\/www.bbmnoticias.com\\\/labravaradiofm\\\/#website\"},\"primaryImageOfPage\":{\"@id\":\"https:\\\/\\\/www.bbmnoticias.com\\\/labravaradiofm\\\/2021\\\/10\\\/08\\\/la-secretaria-de-marina-armada-de-mexico-convoca-a-formar-parte-de-sus-filas-como-tecnico-profesional-en-trabajo-social\\\/#primaryimage\"},\"image\":{\"@id\":\"https:\\\/\\\/www.bbmnoticias.com\\\/labravaradiofm\\\/2021\\\/10\\\/08\\\/la-secretaria-de-marina-armada-de-mexico-convoca-a-formar-parte-de-sus-filas-como-tecnico-profesional-en-trabajo-social\\\/#primaryimage\"},\"thumbnailUrl\":\"https:\\\/\\\/www.bbmnoticias.com\\\/labravaradiofm\\\/wp-content\\\/uploads\\\/sites\\\/5\\\/2021\\\/10\\\/nacional08102021-1.png\",\"datePublished\":\"2021-10-08T13:06:27+00:00\",\"dateModified\":\"2021-10-08T13:06:28+00:00\",\"author\":{\"@id\":\"https:\\\/\\\/www.bbmnoticias.com\\\/labravaradiofm\\\/#\\\/schema\\\/person\\\/34b139c617a70ea5bef5678bffe4dd7b\"},\"description\":\"Los interesados en formar parte de las filas de la Armada de M\u00e9xico podr\u00e1n obtener mayores informes en el n\u00famero 971-349-91-13.\",\"breadcrumb\":{\"@id\":\"https:\\\/\\\/www.bbmnoticias.com\\\/labravaradiofm\\\/2021\\\/10\\\/08\\\/la-secretaria-de-marina-armada-de-mexico-convoca-a-formar-parte-de-sus-filas-como-tecnico-profesional-en-trabajo-social\\\/#breadcrumb\"},\"inLanguage\":\"es\",\"potentialAction\":[{\"@type\":\"ReadAction\",\"target\":[\"https:\\\/\\\/www.bbmnoticias.com\\\/labravaradiofm\\\/2021\\\/10\\\/08\\\/la-secretaria-de-marina-armada-de-mexico-convoca-a-formar-parte-de-sus-filas-como-tecnico-profesional-en-trabajo-social\\\/\"]}]},{\"@type\":\"ImageObject\",\"inLanguage\":\"es\",\"@id\":\"https:\\\/\\\/www.bbmnoticias.com\\\/labravaradiofm\\\/2021\\\/10\\\/08\\\/la-secretaria-de-marina-armada-de-mexico-convoca-a-formar-parte-de-sus-filas-como-tecnico-profesional-en-trabajo-social\\\/#primaryimage\",\"url\":\"https:\\\/\\\/www.bbmnoticias.com\\\/labravaradiofm\\\/wp-content\\\/uploads\\\/sites\\\/5\\\/2021\\\/10\\\/nacional08102021-1.png\",\"contentUrl\":\"https:\\\/\\\/www.bbmnoticias.com\\\/labravaradiofm\\\/wp-content\\\/uploads\\\/sites\\\/5\\\/2021\\\/10\\\/nacional08102021-1.png\",\"width\":590,\"height\":315},{\"@type\":\"BreadcrumbList\",\"@id\":\"https:\\\/\\\/www.bbmnoticias.com\\\/labravaradiofm\\\/2021\\\/10\\\/08\\\/la-secretaria-de-marina-armada-de-mexico-convoca-a-formar-parte-de-sus-filas-como-tecnico-profesional-en-trabajo-social\\\/#breadcrumb\",\"itemListElement\":[{\"@type\":\"ListItem\",\"position\":1,\"name\":\"Inicio\",\"item\":\"https:\\\/\\\/www.bbmnoticias.com\\\/labravaradiofm\\\/\"},{\"@type\":\"ListItem\",\"position\":2,\"name\":\"La secretar\u00eda de Marina-Armada de M\u00e9xico convoca a formar parte de sus filas como t\u00e9cnico profesional en trabajo social\"}]},{\"@type\":\"WebSite\",\"@id\":\"https:\\\/\\\/www.bbmnoticias.com\\\/labravaradiofm\\\/#website\",\"url\":\"https:\\\/\\\/www.bbmnoticias.com\\\/labravaradiofm\\\/\",\"name\":\"LA BRAVA RADIO\",\"description\":\"Empresa productora de medios, Radiodifusi\u00f3n, Noticias, tendencias y todo lo que necesitas saber de la pol\u00edtica mexicana e internacional; entretenimiento, espect\u00e1culos, salud y mucho m\u00e1s.\",\"potentialAction\":[{\"@type\":\"SearchAction\",\"target\":{\"@type\":\"EntryPoint\",\"urlTemplate\":\"https:\\\/\\\/www.bbmnoticias.com\\\/labravaradiofm\\\/?s={search_term_string}\"},\"query-input\":{\"@type\":\"PropertyValueSpecification\",\"valueRequired\":true,\"valueName\":\"search_term_string\"}}],\"inLanguage\":\"es\"},{\"@type\":\"Person\",\"@id\":\"https:\\\/\\\/www.bbmnoticias.com\\\/labravaradiofm\\\/#\\\/schema\\\/person\\\/34b139c617a70ea5bef5678bffe4dd7b\",\"name\":\"Staff\",\"image\":{\"@type\":\"ImageObject\",\"inLanguage\":\"es\",\"@id\":\"https:\\\/\\\/secure.gravatar.com\\\/avatar\\\/fdd21ad66fd8b98c407f9dee5b5e588cfe7f0d8579ec20fa6527cd59bab7f0f0?s=96&d=mm&r=g\",\"url\":\"https:\\\/\\\/secure.gravatar.com\\\/avatar\\\/fdd21ad66fd8b98c407f9dee5b5e588cfe7f0d8579ec20fa6527cd59bab7f0f0?s=96&d=mm&r=g\",\"contentUrl\":\"https:\\\/\\\/secure.gravatar.com\\\/avatar\\\/fdd21ad66fd8b98c407f9dee5b5e588cfe7f0d8579ec20fa6527cd59bab7f0f0?s=96&d=mm&r=g\",\"caption\":\"Staff\"},\"url\":\"https:\\\/\\\/www.bbmnoticias.com\\\/labravaradiofm\\\/author\\\/redaccion\\\/\"}]}<\/script>\n<!-- \/ Yoast SEO plugin. -->","yoast_head_json":{"title":"La secretar\u00eda de Marina-Armada de M\u00e9xico convoca a formar parte de sus filas como t\u00e9cnico profesional en trabajo social - LA BRAVA RADIO","description":"Los interesados en formar parte de las filas de la Armada de M\u00e9xico podr\u00e1n obtener mayores informes en el n\u00famero 971-349-91-13.","robots":{"index":"index","follow":"follow","max-snippet":"max-snippet:-1","max-image-preview":"max-image-preview:large","max-video-preview":"max-video-preview:-1"},"canonical":"https:\/\/www.bbmnoticias.com\/labravaradiofm\/2021\/10\/08\/la-secretaria-de-marina-armada-de-mexico-convoca-a-formar-parte-de-sus-filas-como-tecnico-profesional-en-trabajo-social\/","og_locale":"es_MX","og_type":"article","og_title":"La secretar\u00eda de Marina-Armada de M\u00e9xico convoca a formar parte de sus filas como t\u00e9cnico profesional en trabajo social - LA BRAVA RADIO","og_description":"Los interesados en formar parte de las filas de la Armada de M\u00e9xico podr\u00e1n obtener mayores informes en el n\u00famero 971-349-91-13.","og_url":"https:\/\/www.bbmnoticias.com\/labravaradiofm\/2021\/10\/08\/la-secretaria-de-marina-armada-de-mexico-convoca-a-formar-parte-de-sus-filas-como-tecnico-profesional-en-trabajo-social\/","og_site_name":"LA BRAVA RADIO","article_published_time":"2021-10-08T13:06:27+00:00","article_modified_time":"2021-10-08T13:06:28+00:00","og_image":[{"width":590,"height":315,"url":"https:\/\/www.bbmnoticias.com\/labravaradiofm\/wp-content\/uploads\/sites\/5\/2021\/10\/nacional08102021-1.png","type":"image\/png"}],"author":"Staff","twitter_card":"summary_large_image","twitter_misc":{"Escrito por":"Staff","Tiempo de lectura":"2 minutos"},"schema":{"@context":"https:\/\/schema.org","@graph":[{"@type":"Article","@id":"https:\/\/www.bbmnoticias.com\/labravaradiofm\/2021\/10\/08\/la-secretaria-de-marina-armada-de-mexico-convoca-a-formar-parte-de-sus-filas-como-tecnico-profesional-en-trabajo-social\/#article","isPartOf":{"@id":"https:\/\/www.bbmnoticias.com\/labravaradiofm\/2021\/10\/08\/la-secretaria-de-marina-armada-de-mexico-convoca-a-formar-parte-de-sus-filas-como-tecnico-profesional-en-trabajo-social\/"},"author":{"name":"Staff","@id":"https:\/\/www.bbmnoticias.com\/labravaradiofm\/#\/schema\/person\/34b139c617a70ea5bef5678bffe4dd7b"},"headline":"La secretar\u00eda de Marina-Armada de M\u00e9xico convoca a formar parte de sus filas como t\u00e9cnico profesional en trabajo social","datePublished":"2021-10-08T13:06:27+00:00","dateModified":"2021-10-08T13:06:28+00:00","mainEntityOfPage":{"@id":"https:\/\/www.bbmnoticias.com\/labravaradiofm\/2021\/10\/08\/la-secretaria-de-marina-armada-de-mexico-convoca-a-formar-parte-de-sus-filas-como-tecnico-profesional-en-trabajo-social\/"},"wordCount":466,"image":{"@id":"https:\/\/www.bbmnoticias.com\/labravaradiofm\/2021\/10\/08\/la-secretaria-de-marina-armada-de-mexico-convoca-a-formar-parte-de-sus-filas-como-tecnico-profesional-en-trabajo-social\/#primaryimage"},"thumbnailUrl":"https:\/\/www.bbmnoticias.com\/labravaradiofm\/wp-content\/uploads\/sites\/5\/2021\/10\/nacional08102021-1.png","articleSection":["NACIONAL"],"inLanguage":"es"},{"@type":"WebPage","@id":"https:\/\/www.bbmnoticias.com\/labravaradiofm\/2021\/10\/08\/la-secretaria-de-marina-armada-de-mexico-convoca-a-formar-parte-de-sus-filas-como-tecnico-profesional-en-trabajo-social\/","url":"https:\/\/www.bbmnoticias.com\/labravaradiofm\/2021\/10\/08\/la-secretaria-de-marina-armada-de-mexico-convoca-a-formar-parte-de-sus-filas-como-tecnico-profesional-en-trabajo-social\/","name":"La secretar\u00eda de Marina-Armada de M\u00e9xico convoca a formar parte de sus filas como t\u00e9cnico profesional en trabajo social - LA BRAVA RADIO","isPartOf":{"@id":"https:\/\/www.bbmnoticias.com\/labravaradiofm\/#website"},"primaryImageOfPage":{"@id":"https:\/\/www.bbmnoticias.com\/labravaradiofm\/2021\/10\/08\/la-secretaria-de-marina-armada-de-mexico-convoca-a-formar-parte-de-sus-filas-como-tecnico-profesional-en-trabajo-social\/#primaryimage"},"image":{"@id":"https:\/\/www.bbmnoticias.com\/labravaradiofm\/2021\/10\/08\/la-secretaria-de-marina-armada-de-mexico-convoca-a-formar-parte-de-sus-filas-como-tecnico-profesional-en-trabajo-social\/#primaryimage"},"thumbnailUrl":"https:\/\/www.bbmnoticias.com\/labravaradiofm\/wp-content\/uploads\/sites\/5\/2021\/10\/nacional08102021-1.png","datePublished":"2021-10-08T13:06:27+00:00","dateModified":"2021-10-08T13:06:28+00:00","author":{"@id":"https:\/\/www.bbmnoticias.com\/labravaradiofm\/#\/schema\/person\/34b139c617a70ea5bef5678bffe4dd7b"},"description":"Los interesados en formar parte de las filas de la Armada de M\u00e9xico podr\u00e1n obtener mayores informes en el n\u00famero 971-349-91-13.","breadcrumb":{"@id":"https:\/\/www.bbmnoticias.com\/labravaradiofm\/2021\/10\/08\/la-secretaria-de-marina-armada-de-mexico-convoca-a-formar-parte-de-sus-filas-como-tecnico-profesional-en-trabajo-social\/#breadcrumb"},"inLanguage":"es","potentialAction":[{"@type":"ReadAction","target":["https:\/\/www.bbmnoticias.com\/labravaradiofm\/2021\/10\/08\/la-secretaria-de-marina-armada-de-mexico-convoca-a-formar-parte-de-sus-filas-como-tecnico-profesional-en-trabajo-social\/"]}]},{"@type":"ImageObject","inLanguage":"es","@id":"https:\/\/www.bbmnoticias.com\/labravaradiofm\/2021\/10\/08\/la-secretaria-de-marina-armada-de-mexico-convoca-a-formar-parte-de-sus-filas-como-tecnico-profesional-en-trabajo-social\/#primaryimage","url":"https:\/\/www.bbmnoticias.com\/labravaradiofm\/wp-content\/uploads\/sites\/5\/2021\/10\/nacional08102021-1.png","contentUrl":"https:\/\/www.bbmnoticias.com\/labravaradiofm\/wp-content\/uploads\/sites\/5\/2021\/10\/nacional08102021-1.png","width":590,"height":315},{"@type":"BreadcrumbList","@id":"https:\/\/www.bbmnoticias.com\/labravaradiofm\/2021\/10\/08\/la-secretaria-de-marina-armada-de-mexico-convoca-a-formar-parte-de-sus-filas-como-tecnico-profesional-en-trabajo-social\/#breadcrumb","itemListElement":[{"@type":"ListItem","position":1,"name":"Inicio","item":"https:\/\/www.bbmnoticias.com\/labravaradiofm\/"},{"@type":"ListItem","position":2,"name":"La secretar\u00eda de Marina-Armada de M\u00e9xico convoca a formar parte de sus filas como t\u00e9cnico profesional en trabajo social"}]},{"@type":"WebSite","@id":"https:\/\/www.bbmnoticias.com\/labravaradiofm\/#website","url":"https:\/\/www.bbmnoticias.com\/labravaradiofm\/","name":"LA BRAVA RADIO","description":"Empresa productora de medios, Radiodifusi\u00f3n, Noticias, tendencias y todo lo que necesitas saber de la pol\u00edtica mexicana e internacional; entretenimiento, espect\u00e1culos, salud y mucho m\u00e1s.","potentialAction":[{"@type":"SearchAction","target":{"@type":"EntryPoint","urlTemplate":"https:\/\/www.bbmnoticias.com\/labravaradiofm\/?s={search_term_string}"},"query-input":{"@type":"PropertyValueSpecification","valueRequired":true,"valueName":"search_term_string"}}],"inLanguage":"es"},{"@type":"Person","@id":"https:\/\/www.bbmnoticias.com\/labravaradiofm\/#\/schema\/person\/34b139c617a70ea5bef5678bffe4dd7b","name":"Staff","image":{"@type":"ImageObject","inLanguage":"es","@id":"https:\/\/secure.gravatar.com\/avatar\/fdd21ad66fd8b98c407f9dee5b5e588cfe7f0d8579ec20fa6527cd59bab7f0f0?s=96&d=mm&r=g","url":"https:\/\/secure.gravatar.com\/avatar\/fdd21ad66fd8b98c407f9dee5b5e588cfe7f0d8579ec20fa6527cd59bab7f0f0?s=96&d=mm&r=g","contentUrl":"https:\/\/secure.gravatar.com\/avatar\/fdd21ad66fd8b98c407f9dee5b5e588cfe7f0d8579ec20fa6527cd59bab7f0f0?s=96&d=mm&r=g","caption":"Staff"},"url":"https:\/\/www.bbmnoticias.com\/labravaradiofm\/author\/redaccion\/"}]}},"_links":{"self":[{"href":"https:\/\/www.bbmnoticias.com\/labravaradiofm\/wp-json\/wp\/v2\/posts\/3316","targetHints":{"allow":["GET"]}}],"collection":[{"href":"https:\/\/www.bbmnoticias.com\/labravaradiofm\/wp-json\/wp\/v2\/posts"}],"about":[{"href":"https:\/\/www.bbmnoticias.com\/labravaradiofm\/wp-json\/wp\/v2\/types\/post"}],"author":[{"embeddable":true,"href":"https:\/\/www.bbmnoticias.com\/labravaradiofm\/wp-json\/wp\/v2\/users\/2"}],"replies":[{"embeddable":true,"href":"https:\/\/www.bbmnoticias.com\/labravaradiofm\/wp-json\/wp\/v2\/comments?post=3316"}],"version-history":[{"count":0,"href":"https:\/\/www.bbmnoticias.com\/labravaradiofm\/wp-json\/wp\/v2\/posts\/3316\/revisions"}],"wp:featuredmedia":[{"embeddable":true,"href":"https:\/\/www.bbmnoticias.com\/labravaradiofm\/wp-json\/wp\/v2\/media\/3320"}],"wp:attachment":[{"href":"https:\/\/www.bbmnoticias.com\/labravaradiofm\/wp-json\/wp\/v2\/media?parent=3316"}],"wp:term":[{"taxonomy":"category","embeddable":true,"href":"https:\/\/www.bbmnoticias.com\/labravaradiofm\/wp-json\/wp\/v2\/categories?post=3316"},{"taxonomy":"post_tag","embeddable":true,"href":"https:\/\/www.bbmnoticias.com\/labravaradiofm\/wp-json\/wp\/v2\/tags?post=3316"}],"curies":[{"name":"wp","href":"https:\/\/api.w.org\/{rel}","templated":true}]}}