{"id":3308,"date":"2021-10-07T19:26:12","date_gmt":"2021-10-08T00:26:12","guid":{"rendered":"https:\/\/www.bbmnoticias.com\/labravaradiofm\/?p=3308"},"modified":"2021-10-07T19:26:13","modified_gmt":"2021-10-08T00:26:13","slug":"francisco-garcia-cabeza-de-vaca-congreso-de-tamaulipas-busca-dar-reves-a-su-blindaje","status":"publish","type":"post","link":"https:\/\/www.bbmnoticias.com\/labravaradiofm\/2021\/10\/07\/francisco-garcia-cabeza-de-vaca-congreso-de-tamaulipas-busca-dar-reves-a-su-blindaje\/","title":{"rendered":"Francisco Garc\u00eda Cabeza de Vaca: Congreso de Tamaulipas busca dar rev\u00e9s a su blindaje"},"content":{"rendered":"<div style=\"margin-top: 0px; margin-bottom: 0px;\" class=\"sharethis-inline-share-buttons\" ><\/div>\n<p>M\u00e9xico. \u2013 El nuevo<strong> Congreso de Tamaulipas<\/strong>, con mayor\u00eda de Morena, cre\u00f3 una Comisi\u00f3n para dar rev\u00e9s a las reformas que favorecieron al gobernador <strong>Francisco Garc\u00eda Cabeza de Vaca<\/strong>, de un posible <strong>desafuero.<\/strong><\/p>\n\n\n\n<p>Se trata de la Comisi\u00f3n Especial para el Estudio y Posible Reforma a la Constituci\u00f3n, que busca dar rev\u00e9s a 7 decretos que expidi\u00f3 el <strong>Congreso de Tamaulipas <\/strong>anterior, de mayor\u00eda panista.<\/p>\n\n\n\n<figure class=\"wp-block-pullquote\"><blockquote><p>\u201cLa revisi\u00f3n se iniciar\u00e1 con siete Decretos, entre las cuales figura el que delimita la actuaci\u00f3n de la Legislatura 65 que se extralimit\u00f3 de manera inexplicable en sus facultades\u201d.Congreso de Tamaulipas<\/p><\/blockquote><\/figure>\n\n\n\n<h2 class=\"wp-block-heading\">Congreso morenista busca dar reves a la protecci\u00f3n de Garc\u00eda Cabeza de Vaca<\/h2>\n\n\n\n<p>El <strong>Congreso de Tamaulipas<\/strong> de la legislatura anterior ten\u00eda <strong>mayor\u00eda panista<\/strong> y realiz\u00f3 decretos para favorecer a Francisco Garc\u00eda Cabeza de Vaca, entre ellos, lo protegi\u00f3 de un posible <strong>desafuero.<\/strong><\/p>\n\n\n\n<p>La nueva legislatura del Congreso de Tamaulipas, con mayor\u00eda morenista, busca dar rev\u00e9s al decreto, con el cual, se otorg\u00f3 protecci\u00f3n a Francisco Garc\u00eda Cabeza de Vaca.<\/p>\n\n\n\n<p>Los morenistas del Congreso de Tamaulipas buscar echar atr\u00e1s el decreto que reforma el art\u00edculo 84 y con el cual se otorg\u00f3 protecci\u00f3n a <strong>Francisco Garc\u00eda Cabeza de Vaca<\/strong>, en contra de un posible desafuero.<\/p>\n\n\n\n<h2 class=\"wp-block-heading\">Congreso panista protegi\u00f3 a Garc\u00eda Cabeza de Vaca<\/h2>\n\n\n\n<p>En septiembre, el<strong> Congreso de Tamaulipas<\/strong>, de mayor\u00eda panista, aval\u00f3 una reforma para otorgarle protecci\u00f3n de por vida a&nbsp;Francisco Garc\u00eda Cabeza de Vaca.<\/p>\n\n\n\n<p>Con ello, los escoltas y veh\u00edculos oficiales para la protecci\u00f3n de&nbsp;Garc\u00eda Cabeza de Vaca&nbsp;estar\u00e1n a cargo del erario del estado.<\/p>\n\n\n\n<p>Con la reforma, el&nbsp;Congreso de Tamaulipas&nbsp;volvi\u00f3 a legislar para proteger a&nbsp;<strong>Garcia Cabeza de Vaca<\/strong>,&nbsp;a quien protegieron de su desafuero.<\/p>\n\n\n\n<p>Mientras el pasado junio, la Suprema Corte de Justicia de la Naci\u00f3n (SCJN) rechaz\u00f3 suspender el blindaje a Francisco Garc\u00eda Cabeza de Vaca ante un posible desafuero<\/p>\n\n\n\n<p>Como consecuencia, Francisco Garc\u00eda Cabeza de Vaca sigue conservando su fuero constitucional contra la orden de aprehensi\u00f3n librada en su contra por defraudaci\u00f3n fiscal.<\/p>\n","protected":false},"excerpt":{"rendered":"<p>M\u00e9xico. \u2013 El nuevo Congreso de Tamaulipas, con mayor\u00eda de Morena, cre\u00f3 una Comisi\u00f3n para dar rev\u00e9s a las reformas que favorecieron al gobernador Francisco Garc\u00eda Cabeza de Vaca, de un posible desafuero. Se trata de la Comisi\u00f3n Especial para el Estudio y Posible Reforma a la Constituci\u00f3n, que busca dar rev\u00e9s a 7 decretos [&hellip;]<\/p>\n","protected":false},"author":12,"featured_media":3309,"comment_status":"closed","ping_status":"closed","sticky":false,"template":"","format":"standard","meta":{"footnotes":""},"categories":[19],"tags":[],"class_list":{"0":"post-3308","1":"post","2":"type-post","3":"status-publish","4":"format-standard","5":"has-post-thumbnail","7":"category-nacional"},"yoast_head":"<!-- This site is optimized with the Yoast SEO plugin v27.4 - https:\/\/yoast.com\/product\/yoast-seo-wordpress\/ -->\n<title>Francisco Garc\u00eda Cabeza de Vaca: Congreso de Tamaulipas busca dar rev\u00e9s a su blindaje - LA BRAVA RADIO<\/title>\n<meta name=\"robots\" content=\"index, follow, max-snippet:-1, max-image-preview:large, max-video-preview:-1\" \/>\n<link rel=\"canonical\" href=\"https:\/\/www.bbmnoticias.com\/labravaradiofm\/2021\/10\/07\/francisco-garcia-cabeza-de-vaca-congreso-de-tamaulipas-busca-dar-reves-a-su-blindaje\/\" \/>\n<meta property=\"og:locale\" content=\"es_MX\" \/>\n<meta property=\"og:type\" content=\"article\" \/>\n<meta property=\"og:title\" content=\"Francisco Garc\u00eda Cabeza de Vaca: Congreso de Tamaulipas busca dar rev\u00e9s a su blindaje - LA BRAVA RADIO\" \/>\n<meta property=\"og:description\" content=\"M\u00e9xico. \u2013 El nuevo Congreso de Tamaulipas, con mayor\u00eda de Morena, cre\u00f3 una Comisi\u00f3n para dar rev\u00e9s a las reformas que favorecieron al gobernador Francisco Garc\u00eda Cabeza de Vaca, de un posible desafuero. Se trata de la Comisi\u00f3n Especial para el Estudio y Posible Reforma a la Constituci\u00f3n, que busca dar rev\u00e9s a 7 decretos [&hellip;]\" \/>\n<meta property=\"og:url\" content=\"https:\/\/www.bbmnoticias.com\/labravaradiofm\/2021\/10\/07\/francisco-garcia-cabeza-de-vaca-congreso-de-tamaulipas-busca-dar-reves-a-su-blindaje\/\" \/>\n<meta property=\"og:site_name\" content=\"LA BRAVA RADIO\" \/>\n<meta property=\"article:published_time\" content=\"2021-10-08T00:26:12+00:00\" \/>\n<meta property=\"article:modified_time\" content=\"2021-10-08T00:26:13+00:00\" \/>\n<meta property=\"og:image\" content=\"https:\/\/www.bbmnoticias.com\/labravaradiofm\/wp-content\/uploads\/sites\/5\/2021\/10\/nacional07102021-9.jpeg\" \/>\n\t<meta property=\"og:image:width\" content=\"640\" \/>\n\t<meta property=\"og:image:height\" content=\"360\" \/>\n\t<meta property=\"og:image:type\" content=\"image\/jpeg\" \/>\n<meta name=\"author\" content=\"SDPnoticias\" \/>\n<meta name=\"twitter:card\" content=\"summary_large_image\" \/>\n<meta name=\"twitter:label1\" content=\"Escrito por\" \/>\n\t<meta name=\"twitter:data1\" content=\"SDPnoticias\" \/>\n\t<meta name=\"twitter:label2\" content=\"Tiempo de lectura\" \/>\n\t<meta name=\"twitter:data2\" content=\"2 minutos\" \/>\n<script type=\"application\/ld+json\" class=\"yoast-schema-graph\">{\"@context\":\"https:\\\/\\\/schema.org\",\"@graph\":[{\"@type\":\"Article\",\"@id\":\"https:\\\/\\\/www.bbmnoticias.com\\\/labravaradiofm\\\/2021\\\/10\\\/07\\\/francisco-garcia-cabeza-de-vaca-congreso-de-tamaulipas-busca-dar-reves-a-su-blindaje\\\/#article\",\"isPartOf\":{\"@id\":\"https:\\\/\\\/www.bbmnoticias.com\\\/labravaradiofm\\\/2021\\\/10\\\/07\\\/francisco-garcia-cabeza-de-vaca-congreso-de-tamaulipas-busca-dar-reves-a-su-blindaje\\\/\"},\"author\":{\"name\":\"SDPnoticias\",\"@id\":\"https:\\\/\\\/www.bbmnoticias.com\\\/labravaradiofm\\\/#\\\/schema\\\/person\\\/dd54c3159a8392b3c13f071a62fce1fb\"},\"headline\":\"Francisco Garc\u00eda Cabeza de Vaca: Congreso de Tamaulipas busca dar rev\u00e9s a su blindaje\",\"datePublished\":\"2021-10-08T00:26:12+00:00\",\"dateModified\":\"2021-10-08T00:26:13+00:00\",\"mainEntityOfPage\":{\"@id\":\"https:\\\/\\\/www.bbmnoticias.com\\\/labravaradiofm\\\/2021\\\/10\\\/07\\\/francisco-garcia-cabeza-de-vaca-congreso-de-tamaulipas-busca-dar-reves-a-su-blindaje\\\/\"},\"wordCount\":386,\"image\":{\"@id\":\"https:\\\/\\\/www.bbmnoticias.com\\\/labravaradiofm\\\/2021\\\/10\\\/07\\\/francisco-garcia-cabeza-de-vaca-congreso-de-tamaulipas-busca-dar-reves-a-su-blindaje\\\/#primaryimage\"},\"thumbnailUrl\":\"https:\\\/\\\/www.bbmnoticias.com\\\/labravaradiofm\\\/wp-content\\\/uploads\\\/sites\\\/5\\\/2021\\\/10\\\/nacional07102021-9.jpeg\",\"articleSection\":[\"NACIONAL\"],\"inLanguage\":\"es\"},{\"@type\":\"WebPage\",\"@id\":\"https:\\\/\\\/www.bbmnoticias.com\\\/labravaradiofm\\\/2021\\\/10\\\/07\\\/francisco-garcia-cabeza-de-vaca-congreso-de-tamaulipas-busca-dar-reves-a-su-blindaje\\\/\",\"url\":\"https:\\\/\\\/www.bbmnoticias.com\\\/labravaradiofm\\\/2021\\\/10\\\/07\\\/francisco-garcia-cabeza-de-vaca-congreso-de-tamaulipas-busca-dar-reves-a-su-blindaje\\\/\",\"name\":\"Francisco Garc\u00eda Cabeza de Vaca: Congreso de Tamaulipas busca dar rev\u00e9s a su blindaje - LA BRAVA RADIO\",\"isPartOf\":{\"@id\":\"https:\\\/\\\/www.bbmnoticias.com\\\/labravaradiofm\\\/#website\"},\"primaryImageOfPage\":{\"@id\":\"https:\\\/\\\/www.bbmnoticias.com\\\/labravaradiofm\\\/2021\\\/10\\\/07\\\/francisco-garcia-cabeza-de-vaca-congreso-de-tamaulipas-busca-dar-reves-a-su-blindaje\\\/#primaryimage\"},\"image\":{\"@id\":\"https:\\\/\\\/www.bbmnoticias.com\\\/labravaradiofm\\\/2021\\\/10\\\/07\\\/francisco-garcia-cabeza-de-vaca-congreso-de-tamaulipas-busca-dar-reves-a-su-blindaje\\\/#primaryimage\"},\"thumbnailUrl\":\"https:\\\/\\\/www.bbmnoticias.com\\\/labravaradiofm\\\/wp-content\\\/uploads\\\/sites\\\/5\\\/2021\\\/10\\\/nacional07102021-9.jpeg\",\"datePublished\":\"2021-10-08T00:26:12+00:00\",\"dateModified\":\"2021-10-08T00:26:13+00:00\",\"author\":{\"@id\":\"https:\\\/\\\/www.bbmnoticias.com\\\/labravaradiofm\\\/#\\\/schema\\\/person\\\/dd54c3159a8392b3c13f071a62fce1fb\"},\"breadcrumb\":{\"@id\":\"https:\\\/\\\/www.bbmnoticias.com\\\/labravaradiofm\\\/2021\\\/10\\\/07\\\/francisco-garcia-cabeza-de-vaca-congreso-de-tamaulipas-busca-dar-reves-a-su-blindaje\\\/#breadcrumb\"},\"inLanguage\":\"es\",\"potentialAction\":[{\"@type\":\"ReadAction\",\"target\":[\"https:\\\/\\\/www.bbmnoticias.com\\\/labravaradiofm\\\/2021\\\/10\\\/07\\\/francisco-garcia-cabeza-de-vaca-congreso-de-tamaulipas-busca-dar-reves-a-su-blindaje\\\/\"]}]},{\"@type\":\"ImageObject\",\"inLanguage\":\"es\",\"@id\":\"https:\\\/\\\/www.bbmnoticias.com\\\/labravaradiofm\\\/2021\\\/10\\\/07\\\/francisco-garcia-cabeza-de-vaca-congreso-de-tamaulipas-busca-dar-reves-a-su-blindaje\\\/#primaryimage\",\"url\":\"https:\\\/\\\/www.bbmnoticias.com\\\/labravaradiofm\\\/wp-content\\\/uploads\\\/sites\\\/5\\\/2021\\\/10\\\/nacional07102021-9.jpeg\",\"contentUrl\":\"https:\\\/\\\/www.bbmnoticias.com\\\/labravaradiofm\\\/wp-content\\\/uploads\\\/sites\\\/5\\\/2021\\\/10\\\/nacional07102021-9.jpeg\",\"width\":640,\"height\":360},{\"@type\":\"BreadcrumbList\",\"@id\":\"https:\\\/\\\/www.bbmnoticias.com\\\/labravaradiofm\\\/2021\\\/10\\\/07\\\/francisco-garcia-cabeza-de-vaca-congreso-de-tamaulipas-busca-dar-reves-a-su-blindaje\\\/#breadcrumb\",\"itemListElement\":[{\"@type\":\"ListItem\",\"position\":1,\"name\":\"Inicio\",\"item\":\"https:\\\/\\\/www.bbmnoticias.com\\\/labravaradiofm\\\/\"},{\"@type\":\"ListItem\",\"position\":2,\"name\":\"Francisco Garc\u00eda Cabeza de Vaca: Congreso de Tamaulipas busca dar rev\u00e9s a su blindaje\"}]},{\"@type\":\"WebSite\",\"@id\":\"https:\\\/\\\/www.bbmnoticias.com\\\/labravaradiofm\\\/#website\",\"url\":\"https:\\\/\\\/www.bbmnoticias.com\\\/labravaradiofm\\\/\",\"name\":\"LA BRAVA RADIO\",\"description\":\"Empresa productora de medios, Radiodifusi\u00f3n, Noticias, tendencias y todo lo que necesitas saber de la pol\u00edtica mexicana e internacional; entretenimiento, espect\u00e1culos, salud y mucho m\u00e1s.\",\"potentialAction\":[{\"@type\":\"SearchAction\",\"target\":{\"@type\":\"EntryPoint\",\"urlTemplate\":\"https:\\\/\\\/www.bbmnoticias.com\\\/labravaradiofm\\\/?s={search_term_string}\"},\"query-input\":{\"@type\":\"PropertyValueSpecification\",\"valueRequired\":true,\"valueName\":\"search_term_string\"}}],\"inLanguage\":\"es\"},{\"@type\":\"Person\",\"@id\":\"https:\\\/\\\/www.bbmnoticias.com\\\/labravaradiofm\\\/#\\\/schema\\\/person\\\/dd54c3159a8392b3c13f071a62fce1fb\",\"name\":\"SDPnoticias\",\"image\":{\"@type\":\"ImageObject\",\"inLanguage\":\"es\",\"@id\":\"https:\\\/\\\/secure.gravatar.com\\\/avatar\\\/015ede9175a06d999d8b2b09e108b48c9e008e4ee44a647956086b51bbce326c?s=96&d=mm&r=g\",\"url\":\"https:\\\/\\\/secure.gravatar.com\\\/avatar\\\/015ede9175a06d999d8b2b09e108b48c9e008e4ee44a647956086b51bbce326c?s=96&d=mm&r=g\",\"contentUrl\":\"https:\\\/\\\/secure.gravatar.com\\\/avatar\\\/015ede9175a06d999d8b2b09e108b48c9e008e4ee44a647956086b51bbce326c?s=96&d=mm&r=g\",\"caption\":\"SDPnoticias\"},\"url\":\"https:\\\/\\\/www.bbmnoticias.com\\\/labravaradiofm\\\/author\\\/sdpnoticias\\\/\"}]}<\/script>\n<!-- \/ Yoast SEO plugin. -->","yoast_head_json":{"title":"Francisco Garc\u00eda Cabeza de Vaca: Congreso de Tamaulipas busca dar rev\u00e9s a su blindaje - LA BRAVA RADIO","robots":{"index":"index","follow":"follow","max-snippet":"max-snippet:-1","max-image-preview":"max-image-preview:large","max-video-preview":"max-video-preview:-1"},"canonical":"https:\/\/www.bbmnoticias.com\/labravaradiofm\/2021\/10\/07\/francisco-garcia-cabeza-de-vaca-congreso-de-tamaulipas-busca-dar-reves-a-su-blindaje\/","og_locale":"es_MX","og_type":"article","og_title":"Francisco Garc\u00eda Cabeza de Vaca: Congreso de Tamaulipas busca dar rev\u00e9s a su blindaje - LA BRAVA RADIO","og_description":"M\u00e9xico. \u2013 El nuevo Congreso de Tamaulipas, con mayor\u00eda de Morena, cre\u00f3 una Comisi\u00f3n para dar rev\u00e9s a las reformas que favorecieron al gobernador Francisco Garc\u00eda Cabeza de Vaca, de un posible desafuero. Se trata de la Comisi\u00f3n Especial para el Estudio y Posible Reforma a la Constituci\u00f3n, que busca dar rev\u00e9s a 7 decretos [&hellip;]","og_url":"https:\/\/www.bbmnoticias.com\/labravaradiofm\/2021\/10\/07\/francisco-garcia-cabeza-de-vaca-congreso-de-tamaulipas-busca-dar-reves-a-su-blindaje\/","og_site_name":"LA BRAVA RADIO","article_published_time":"2021-10-08T00:26:12+00:00","article_modified_time":"2021-10-08T00:26:13+00:00","og_image":[{"width":640,"height":360,"url":"https:\/\/www.bbmnoticias.com\/labravaradiofm\/wp-content\/uploads\/sites\/5\/2021\/10\/nacional07102021-9.jpeg","type":"image\/jpeg"}],"author":"SDPnoticias","twitter_card":"summary_large_image","twitter_misc":{"Escrito por":"SDPnoticias","Tiempo de lectura":"2 minutos"},"schema":{"@context":"https:\/\/schema.org","@graph":[{"@type":"Article","@id":"https:\/\/www.bbmnoticias.com\/labravaradiofm\/2021\/10\/07\/francisco-garcia-cabeza-de-vaca-congreso-de-tamaulipas-busca-dar-reves-a-su-blindaje\/#article","isPartOf":{"@id":"https:\/\/www.bbmnoticias.com\/labravaradiofm\/2021\/10\/07\/francisco-garcia-cabeza-de-vaca-congreso-de-tamaulipas-busca-dar-reves-a-su-blindaje\/"},"author":{"name":"SDPnoticias","@id":"https:\/\/www.bbmnoticias.com\/labravaradiofm\/#\/schema\/person\/dd54c3159a8392b3c13f071a62fce1fb"},"headline":"Francisco Garc\u00eda Cabeza de Vaca: Congreso de Tamaulipas busca dar rev\u00e9s a su blindaje","datePublished":"2021-10-08T00:26:12+00:00","dateModified":"2021-10-08T00:26:13+00:00","mainEntityOfPage":{"@id":"https:\/\/www.bbmnoticias.com\/labravaradiofm\/2021\/10\/07\/francisco-garcia-cabeza-de-vaca-congreso-de-tamaulipas-busca-dar-reves-a-su-blindaje\/"},"wordCount":386,"image":{"@id":"https:\/\/www.bbmnoticias.com\/labravaradiofm\/2021\/10\/07\/francisco-garcia-cabeza-de-vaca-congreso-de-tamaulipas-busca-dar-reves-a-su-blindaje\/#primaryimage"},"thumbnailUrl":"https:\/\/www.bbmnoticias.com\/labravaradiofm\/wp-content\/uploads\/sites\/5\/2021\/10\/nacional07102021-9.jpeg","articleSection":["NACIONAL"],"inLanguage":"es"},{"@type":"WebPage","@id":"https:\/\/www.bbmnoticias.com\/labravaradiofm\/2021\/10\/07\/francisco-garcia-cabeza-de-vaca-congreso-de-tamaulipas-busca-dar-reves-a-su-blindaje\/","url":"https:\/\/www.bbmnoticias.com\/labravaradiofm\/2021\/10\/07\/francisco-garcia-cabeza-de-vaca-congreso-de-tamaulipas-busca-dar-reves-a-su-blindaje\/","name":"Francisco Garc\u00eda Cabeza de Vaca: Congreso de Tamaulipas busca dar rev\u00e9s a su blindaje - LA BRAVA RADIO","isPartOf":{"@id":"https:\/\/www.bbmnoticias.com\/labravaradiofm\/#website"},"primaryImageOfPage":{"@id":"https:\/\/www.bbmnoticias.com\/labravaradiofm\/2021\/10\/07\/francisco-garcia-cabeza-de-vaca-congreso-de-tamaulipas-busca-dar-reves-a-su-blindaje\/#primaryimage"},"image":{"@id":"https:\/\/www.bbmnoticias.com\/labravaradiofm\/2021\/10\/07\/francisco-garcia-cabeza-de-vaca-congreso-de-tamaulipas-busca-dar-reves-a-su-blindaje\/#primaryimage"},"thumbnailUrl":"https:\/\/www.bbmnoticias.com\/labravaradiofm\/wp-content\/uploads\/sites\/5\/2021\/10\/nacional07102021-9.jpeg","datePublished":"2021-10-08T00:26:12+00:00","dateModified":"2021-10-08T00:26:13+00:00","author":{"@id":"https:\/\/www.bbmnoticias.com\/labravaradiofm\/#\/schema\/person\/dd54c3159a8392b3c13f071a62fce1fb"},"breadcrumb":{"@id":"https:\/\/www.bbmnoticias.com\/labravaradiofm\/2021\/10\/07\/francisco-garcia-cabeza-de-vaca-congreso-de-tamaulipas-busca-dar-reves-a-su-blindaje\/#breadcrumb"},"inLanguage":"es","potentialAction":[{"@type":"ReadAction","target":["https:\/\/www.bbmnoticias.com\/labravaradiofm\/2021\/10\/07\/francisco-garcia-cabeza-de-vaca-congreso-de-tamaulipas-busca-dar-reves-a-su-blindaje\/"]}]},{"@type":"ImageObject","inLanguage":"es","@id":"https:\/\/www.bbmnoticias.com\/labravaradiofm\/2021\/10\/07\/francisco-garcia-cabeza-de-vaca-congreso-de-tamaulipas-busca-dar-reves-a-su-blindaje\/#primaryimage","url":"https:\/\/www.bbmnoticias.com\/labravaradiofm\/wp-content\/uploads\/sites\/5\/2021\/10\/nacional07102021-9.jpeg","contentUrl":"https:\/\/www.bbmnoticias.com\/labravaradiofm\/wp-content\/uploads\/sites\/5\/2021\/10\/nacional07102021-9.jpeg","width":640,"height":360},{"@type":"BreadcrumbList","@id":"https:\/\/www.bbmnoticias.com\/labravaradiofm\/2021\/10\/07\/francisco-garcia-cabeza-de-vaca-congreso-de-tamaulipas-busca-dar-reves-a-su-blindaje\/#breadcrumb","itemListElement":[{"@type":"ListItem","position":1,"name":"Inicio","item":"https:\/\/www.bbmnoticias.com\/labravaradiofm\/"},{"@type":"ListItem","position":2,"name":"Francisco Garc\u00eda Cabeza de Vaca: Congreso de Tamaulipas busca dar rev\u00e9s a su blindaje"}]},{"@type":"WebSite","@id":"https:\/\/www.bbmnoticias.com\/labravaradiofm\/#website","url":"https:\/\/www.bbmnoticias.com\/labravaradiofm\/","name":"LA BRAVA RADIO","description":"Empresa productora de medios, Radiodifusi\u00f3n, Noticias, tendencias y todo lo que necesitas saber de la pol\u00edtica mexicana e internacional; entretenimiento, espect\u00e1culos, salud y mucho m\u00e1s.","potentialAction":[{"@type":"SearchAction","target":{"@type":"EntryPoint","urlTemplate":"https:\/\/www.bbmnoticias.com\/labravaradiofm\/?s={search_term_string}"},"query-input":{"@type":"PropertyValueSpecification","valueRequired":true,"valueName":"search_term_string"}}],"inLanguage":"es"},{"@type":"Person","@id":"https:\/\/www.bbmnoticias.com\/labravaradiofm\/#\/schema\/person\/dd54c3159a8392b3c13f071a62fce1fb","name":"SDPnoticias","image":{"@type":"ImageObject","inLanguage":"es","@id":"https:\/\/secure.gravatar.com\/avatar\/015ede9175a06d999d8b2b09e108b48c9e008e4ee44a647956086b51bbce326c?s=96&d=mm&r=g","url":"https:\/\/secure.gravatar.com\/avatar\/015ede9175a06d999d8b2b09e108b48c9e008e4ee44a647956086b51bbce326c?s=96&d=mm&r=g","contentUrl":"https:\/\/secure.gravatar.com\/avatar\/015ede9175a06d999d8b2b09e108b48c9e008e4ee44a647956086b51bbce326c?s=96&d=mm&r=g","caption":"SDPnoticias"},"url":"https:\/\/www.bbmnoticias.com\/labravaradiofm\/author\/sdpnoticias\/"}]}},"_links":{"self":[{"href":"https:\/\/www.bbmnoticias.com\/labravaradiofm\/wp-json\/wp\/v2\/posts\/3308","targetHints":{"allow":["GET"]}}],"collection":[{"href":"https:\/\/www.bbmnoticias.com\/labravaradiofm\/wp-json\/wp\/v2\/posts"}],"about":[{"href":"https:\/\/www.bbmnoticias.com\/labravaradiofm\/wp-json\/wp\/v2\/types\/post"}],"author":[{"embeddable":true,"href":"https:\/\/www.bbmnoticias.com\/labravaradiofm\/wp-json\/wp\/v2\/users\/12"}],"replies":[{"embeddable":true,"href":"https:\/\/www.bbmnoticias.com\/labravaradiofm\/wp-json\/wp\/v2\/comments?post=3308"}],"version-history":[{"count":0,"href":"https:\/\/www.bbmnoticias.com\/labravaradiofm\/wp-json\/wp\/v2\/posts\/3308\/revisions"}],"wp:featuredmedia":[{"embeddable":true,"href":"https:\/\/www.bbmnoticias.com\/labravaradiofm\/wp-json\/wp\/v2\/media\/3309"}],"wp:attachment":[{"href":"https:\/\/www.bbmnoticias.com\/labravaradiofm\/wp-json\/wp\/v2\/media?parent=3308"}],"wp:term":[{"taxonomy":"category","embeddable":true,"href":"https:\/\/www.bbmnoticias.com\/labravaradiofm\/wp-json\/wp\/v2\/categories?post=3308"},{"taxonomy":"post_tag","embeddable":true,"href":"https:\/\/www.bbmnoticias.com\/labravaradiofm\/wp-json\/wp\/v2\/tags?post=3308"}],"curies":[{"name":"wp","href":"https:\/\/api.w.org\/{rel}","templated":true}]}}