{"id":3305,"date":"2021-10-07T19:16:58","date_gmt":"2021-10-08T00:16:58","guid":{"rendered":"https:\/\/www.bbmnoticias.com\/labravaradiofm\/?p=3305"},"modified":"2021-10-07T19:17:00","modified_gmt":"2021-10-08T00:17:00","slug":"confirman-hallazgo-de-los-cadaveres-de-una-mujer-y-su-bebe-en-etla","status":"publish","type":"post","link":"https:\/\/www.bbmnoticias.com\/labravaradiofm\/2021\/10\/07\/confirman-hallazgo-de-los-cadaveres-de-una-mujer-y-su-bebe-en-etla\/","title":{"rendered":"Confirman hallazgo de los cad\u00e1veres de una mujer y su beb\u00e9 en Etla"},"content":{"rendered":"<div style=\"margin-top: 0px; margin-bottom: 0px;\" class=\"sharethis-inline-share-buttons\" ><\/div>\n<p>OAXACA, Oax.- Los cad\u00e1veres de una mujer y su beb\u00e9 fueron localizados la ma\u00f1ana de este jueves en Nazareno, Etla, en el Valle Central. <\/p>\n\n\n\n<p>Elementos de la polic\u00eda municipal de Nazareno hallaron los cuerpos en un camino de terracer\u00eda que comunica a San Andr\u00e9s Zautla. <\/p>\n\n\n\n<p>Las v\u00edctimas fueron identificadas como Ana de 22 a\u00f1os y Meli de ocho meses de edad quienes ten\u00edan su domicilio en la colonia Libertad de San Andr\u00e9s Zautla. <\/p>\n\n\n\n<p>Sus cuerpos presentaban heridas producidas, al parecer, por un cuchillo. <\/p>\n\n\n\n<p>Los uniformados detuvieron a una persona como el presunto responsable de este doble asesinato.<\/p>\n\n\n\n<p>Personal de la Fiscal\u00eda de Oaxaca inici\u00f3 una carpeta de investigaci\u00f3n bajo la perspectiva de violencia de g\u00e9nero con protocolo de feminicidio. <\/p>\n\n\n\n<p>En un primer momento se inform\u00f3 que eran dos mujeres, entre ellas una menor de edad, sin embargo, las autoridades confirmaron que los cuerpos eran de una joven madre y su beb\u00e9.<\/p>\n\n\n\n<figure class=\"wp-block-embed is-type-rich is-provider-twitter wp-block-embed-twitter\"><div class=\"wp-block-embed__wrapper\">\nhttps:\/\/twitter.com\/Zona_Roja_Oax\/status\/1446203325129629705\n<\/div><\/figure>\n\n\n\n<p><\/p>\n","protected":false},"excerpt":{"rendered":"<p>OAXACA, Oax.- Los cad\u00e1veres de una mujer y su beb\u00e9 fueron localizados la ma\u00f1ana de este jueves en Nazareno, Etla, en el Valle Central. Elementos de la polic\u00eda municipal de Nazareno hallaron los cuerpos en un camino de terracer\u00eda que comunica a San Andr\u00e9s Zautla. Las v\u00edctimas fueron identificadas como Ana de 22 a\u00f1os y [&hellip;]<\/p>\n","protected":false},"author":5,"featured_media":3306,"comment_status":"closed","ping_status":"closed","sticky":false,"template":"","format":"standard","meta":{"footnotes":""},"categories":[20],"tags":[],"class_list":{"0":"post-3305","1":"post","2":"type-post","3":"status-publish","4":"format-standard","5":"has-post-thumbnail","7":"category-policiaca"},"yoast_head":"<!-- This site is optimized with the Yoast SEO plugin v27.4 - https:\/\/yoast.com\/product\/yoast-seo-wordpress\/ -->\n<title>Confirman hallazgo de los cad\u00e1veres de una mujer y su beb\u00e9 en Etla - LA BRAVA RADIO<\/title>\n<meta name=\"description\" content=\"Elementos de la polic\u00eda municipal de Nazareno hallaron los cuerpos en un camino de terracer\u00eda que comunica a Zautla\" \/>\n<meta name=\"robots\" content=\"index, follow, max-snippet:-1, max-image-preview:large, max-video-preview:-1\" \/>\n<link rel=\"canonical\" href=\"https:\/\/www.bbmnoticias.com\/labravaradiofm\/2021\/10\/07\/confirman-hallazgo-de-los-cadaveres-de-una-mujer-y-su-bebe-en-etla\/\" \/>\n<meta property=\"og:locale\" content=\"es_MX\" \/>\n<meta property=\"og:type\" content=\"article\" \/>\n<meta property=\"og:title\" content=\"Confirman hallazgo de los cad\u00e1veres de una mujer y su beb\u00e9 en Etla - LA BRAVA RADIO\" \/>\n<meta property=\"og:description\" content=\"Elementos de la polic\u00eda municipal de Nazareno hallaron los cuerpos en un camino de terracer\u00eda que comunica a Zautla\" \/>\n<meta property=\"og:url\" content=\"https:\/\/www.bbmnoticias.com\/labravaradiofm\/2021\/10\/07\/confirman-hallazgo-de-los-cadaveres-de-una-mujer-y-su-bebe-en-etla\/\" \/>\n<meta property=\"og:site_name\" content=\"LA BRAVA RADIO\" \/>\n<meta property=\"article:published_time\" content=\"2021-10-08T00:16:58+00:00\" \/>\n<meta property=\"article:modified_time\" content=\"2021-10-08T00:17:00+00:00\" \/>\n<meta property=\"og:image\" content=\"https:\/\/www.bbmnoticias.com\/labravaradiofm\/wp-content\/uploads\/sites\/5\/2021\/10\/policiaca07102021-7-1.jpg\" \/>\n\t<meta property=\"og:image:width\" content=\"680\" \/>\n\t<meta property=\"og:image:height\" content=\"569\" \/>\n\t<meta property=\"og:image:type\" content=\"image\/jpeg\" \/>\n<meta name=\"author\" content=\"Quadratin\" \/>\n<meta name=\"twitter:card\" content=\"summary_large_image\" \/>\n<meta name=\"twitter:label1\" content=\"Escrito por\" \/>\n\t<meta name=\"twitter:data1\" content=\"Quadratin\" \/>\n\t<meta name=\"twitter:label2\" content=\"Tiempo de lectura\" \/>\n\t<meta name=\"twitter:data2\" content=\"1 minuto\" \/>\n<script type=\"application\/ld+json\" class=\"yoast-schema-graph\">{\"@context\":\"https:\\\/\\\/schema.org\",\"@graph\":[{\"@type\":\"Article\",\"@id\":\"https:\\\/\\\/www.bbmnoticias.com\\\/labravaradiofm\\\/2021\\\/10\\\/07\\\/confirman-hallazgo-de-los-cadaveres-de-una-mujer-y-su-bebe-en-etla\\\/#article\",\"isPartOf\":{\"@id\":\"https:\\\/\\\/www.bbmnoticias.com\\\/labravaradiofm\\\/2021\\\/10\\\/07\\\/confirman-hallazgo-de-los-cadaveres-de-una-mujer-y-su-bebe-en-etla\\\/\"},\"author\":{\"name\":\"Quadratin\",\"@id\":\"https:\\\/\\\/www.bbmnoticias.com\\\/labravaradiofm\\\/#\\\/schema\\\/person\\\/b7ad4658f4970d61499e84f6fe178160\"},\"headline\":\"Confirman hallazgo de los cad\u00e1veres de una mujer y su beb\u00e9 en Etla\",\"datePublished\":\"2021-10-08T00:16:58+00:00\",\"dateModified\":\"2021-10-08T00:17:00+00:00\",\"mainEntityOfPage\":{\"@id\":\"https:\\\/\\\/www.bbmnoticias.com\\\/labravaradiofm\\\/2021\\\/10\\\/07\\\/confirman-hallazgo-de-los-cadaveres-de-una-mujer-y-su-bebe-en-etla\\\/\"},\"wordCount\":184,\"image\":{\"@id\":\"https:\\\/\\\/www.bbmnoticias.com\\\/labravaradiofm\\\/2021\\\/10\\\/07\\\/confirman-hallazgo-de-los-cadaveres-de-una-mujer-y-su-bebe-en-etla\\\/#primaryimage\"},\"thumbnailUrl\":\"https:\\\/\\\/www.bbmnoticias.com\\\/labravaradiofm\\\/wp-content\\\/uploads\\\/sites\\\/5\\\/2021\\\/10\\\/policiaca07102021-7-1.jpg\",\"articleSection\":[\"POLICIACA\"],\"inLanguage\":\"es\"},{\"@type\":\"WebPage\",\"@id\":\"https:\\\/\\\/www.bbmnoticias.com\\\/labravaradiofm\\\/2021\\\/10\\\/07\\\/confirman-hallazgo-de-los-cadaveres-de-una-mujer-y-su-bebe-en-etla\\\/\",\"url\":\"https:\\\/\\\/www.bbmnoticias.com\\\/labravaradiofm\\\/2021\\\/10\\\/07\\\/confirman-hallazgo-de-los-cadaveres-de-una-mujer-y-su-bebe-en-etla\\\/\",\"name\":\"Confirman hallazgo de los cad\u00e1veres de una mujer y su beb\u00e9 en Etla - LA BRAVA RADIO\",\"isPartOf\":{\"@id\":\"https:\\\/\\\/www.bbmnoticias.com\\\/labravaradiofm\\\/#website\"},\"primaryImageOfPage\":{\"@id\":\"https:\\\/\\\/www.bbmnoticias.com\\\/labravaradiofm\\\/2021\\\/10\\\/07\\\/confirman-hallazgo-de-los-cadaveres-de-una-mujer-y-su-bebe-en-etla\\\/#primaryimage\"},\"image\":{\"@id\":\"https:\\\/\\\/www.bbmnoticias.com\\\/labravaradiofm\\\/2021\\\/10\\\/07\\\/confirman-hallazgo-de-los-cadaveres-de-una-mujer-y-su-bebe-en-etla\\\/#primaryimage\"},\"thumbnailUrl\":\"https:\\\/\\\/www.bbmnoticias.com\\\/labravaradiofm\\\/wp-content\\\/uploads\\\/sites\\\/5\\\/2021\\\/10\\\/policiaca07102021-7-1.jpg\",\"datePublished\":\"2021-10-08T00:16:58+00:00\",\"dateModified\":\"2021-10-08T00:17:00+00:00\",\"author\":{\"@id\":\"https:\\\/\\\/www.bbmnoticias.com\\\/labravaradiofm\\\/#\\\/schema\\\/person\\\/b7ad4658f4970d61499e84f6fe178160\"},\"description\":\"Elementos de la polic\u00eda municipal de Nazareno hallaron los cuerpos en un camino de terracer\u00eda que comunica a Zautla\",\"breadcrumb\":{\"@id\":\"https:\\\/\\\/www.bbmnoticias.com\\\/labravaradiofm\\\/2021\\\/10\\\/07\\\/confirman-hallazgo-de-los-cadaveres-de-una-mujer-y-su-bebe-en-etla\\\/#breadcrumb\"},\"inLanguage\":\"es\",\"potentialAction\":[{\"@type\":\"ReadAction\",\"target\":[\"https:\\\/\\\/www.bbmnoticias.com\\\/labravaradiofm\\\/2021\\\/10\\\/07\\\/confirman-hallazgo-de-los-cadaveres-de-una-mujer-y-su-bebe-en-etla\\\/\"]}]},{\"@type\":\"ImageObject\",\"inLanguage\":\"es\",\"@id\":\"https:\\\/\\\/www.bbmnoticias.com\\\/labravaradiofm\\\/2021\\\/10\\\/07\\\/confirman-hallazgo-de-los-cadaveres-de-una-mujer-y-su-bebe-en-etla\\\/#primaryimage\",\"url\":\"https:\\\/\\\/www.bbmnoticias.com\\\/labravaradiofm\\\/wp-content\\\/uploads\\\/sites\\\/5\\\/2021\\\/10\\\/policiaca07102021-7-1.jpg\",\"contentUrl\":\"https:\\\/\\\/www.bbmnoticias.com\\\/labravaradiofm\\\/wp-content\\\/uploads\\\/sites\\\/5\\\/2021\\\/10\\\/policiaca07102021-7-1.jpg\",\"width\":680,\"height\":569},{\"@type\":\"BreadcrumbList\",\"@id\":\"https:\\\/\\\/www.bbmnoticias.com\\\/labravaradiofm\\\/2021\\\/10\\\/07\\\/confirman-hallazgo-de-los-cadaveres-de-una-mujer-y-su-bebe-en-etla\\\/#breadcrumb\",\"itemListElement\":[{\"@type\":\"ListItem\",\"position\":1,\"name\":\"Inicio\",\"item\":\"https:\\\/\\\/www.bbmnoticias.com\\\/labravaradiofm\\\/\"},{\"@type\":\"ListItem\",\"position\":2,\"name\":\"Confirman hallazgo de los cad\u00e1veres de una mujer y su beb\u00e9 en Etla\"}]},{\"@type\":\"WebSite\",\"@id\":\"https:\\\/\\\/www.bbmnoticias.com\\\/labravaradiofm\\\/#website\",\"url\":\"https:\\\/\\\/www.bbmnoticias.com\\\/labravaradiofm\\\/\",\"name\":\"LA BRAVA RADIO\",\"description\":\"Empresa productora de medios, Radiodifusi\u00f3n, Noticias, tendencias y todo lo que necesitas saber de la pol\u00edtica mexicana e internacional; entretenimiento, espect\u00e1culos, salud y mucho m\u00e1s.\",\"potentialAction\":[{\"@type\":\"SearchAction\",\"target\":{\"@type\":\"EntryPoint\",\"urlTemplate\":\"https:\\\/\\\/www.bbmnoticias.com\\\/labravaradiofm\\\/?s={search_term_string}\"},\"query-input\":{\"@type\":\"PropertyValueSpecification\",\"valueRequired\":true,\"valueName\":\"search_term_string\"}}],\"inLanguage\":\"es\"},{\"@type\":\"Person\",\"@id\":\"https:\\\/\\\/www.bbmnoticias.com\\\/labravaradiofm\\\/#\\\/schema\\\/person\\\/b7ad4658f4970d61499e84f6fe178160\",\"name\":\"Quadratin\",\"image\":{\"@type\":\"ImageObject\",\"inLanguage\":\"es\",\"@id\":\"https:\\\/\\\/secure.gravatar.com\\\/avatar\\\/34008d7d72488432d6a74f81e839efc9f754b118786ca32cf39d9d5508a68f63?s=96&d=mm&r=g\",\"url\":\"https:\\\/\\\/secure.gravatar.com\\\/avatar\\\/34008d7d72488432d6a74f81e839efc9f754b118786ca32cf39d9d5508a68f63?s=96&d=mm&r=g\",\"contentUrl\":\"https:\\\/\\\/secure.gravatar.com\\\/avatar\\\/34008d7d72488432d6a74f81e839efc9f754b118786ca32cf39d9d5508a68f63?s=96&d=mm&r=g\",\"caption\":\"Quadratin\"},\"url\":\"https:\\\/\\\/www.bbmnoticias.com\\\/labravaradiofm\\\/author\\\/quadratin\\\/\"}]}<\/script>\n<!-- \/ Yoast SEO plugin. -->","yoast_head_json":{"title":"Confirman hallazgo de los cad\u00e1veres de una mujer y su beb\u00e9 en Etla - LA BRAVA RADIO","description":"Elementos de la polic\u00eda municipal de Nazareno hallaron los cuerpos en un camino de terracer\u00eda que comunica a Zautla","robots":{"index":"index","follow":"follow","max-snippet":"max-snippet:-1","max-image-preview":"max-image-preview:large","max-video-preview":"max-video-preview:-1"},"canonical":"https:\/\/www.bbmnoticias.com\/labravaradiofm\/2021\/10\/07\/confirman-hallazgo-de-los-cadaveres-de-una-mujer-y-su-bebe-en-etla\/","og_locale":"es_MX","og_type":"article","og_title":"Confirman hallazgo de los cad\u00e1veres de una mujer y su beb\u00e9 en Etla - LA BRAVA RADIO","og_description":"Elementos de la polic\u00eda municipal de Nazareno hallaron los cuerpos en un camino de terracer\u00eda que comunica a Zautla","og_url":"https:\/\/www.bbmnoticias.com\/labravaradiofm\/2021\/10\/07\/confirman-hallazgo-de-los-cadaveres-de-una-mujer-y-su-bebe-en-etla\/","og_site_name":"LA BRAVA RADIO","article_published_time":"2021-10-08T00:16:58+00:00","article_modified_time":"2021-10-08T00:17:00+00:00","og_image":[{"width":680,"height":569,"url":"https:\/\/www.bbmnoticias.com\/labravaradiofm\/wp-content\/uploads\/sites\/5\/2021\/10\/policiaca07102021-7-1.jpg","type":"image\/jpeg"}],"author":"Quadratin","twitter_card":"summary_large_image","twitter_misc":{"Escrito por":"Quadratin","Tiempo de lectura":"1 minuto"},"schema":{"@context":"https:\/\/schema.org","@graph":[{"@type":"Article","@id":"https:\/\/www.bbmnoticias.com\/labravaradiofm\/2021\/10\/07\/confirman-hallazgo-de-los-cadaveres-de-una-mujer-y-su-bebe-en-etla\/#article","isPartOf":{"@id":"https:\/\/www.bbmnoticias.com\/labravaradiofm\/2021\/10\/07\/confirman-hallazgo-de-los-cadaveres-de-una-mujer-y-su-bebe-en-etla\/"},"author":{"name":"Quadratin","@id":"https:\/\/www.bbmnoticias.com\/labravaradiofm\/#\/schema\/person\/b7ad4658f4970d61499e84f6fe178160"},"headline":"Confirman hallazgo de los cad\u00e1veres de una mujer y su beb\u00e9 en Etla","datePublished":"2021-10-08T00:16:58+00:00","dateModified":"2021-10-08T00:17:00+00:00","mainEntityOfPage":{"@id":"https:\/\/www.bbmnoticias.com\/labravaradiofm\/2021\/10\/07\/confirman-hallazgo-de-los-cadaveres-de-una-mujer-y-su-bebe-en-etla\/"},"wordCount":184,"image":{"@id":"https:\/\/www.bbmnoticias.com\/labravaradiofm\/2021\/10\/07\/confirman-hallazgo-de-los-cadaveres-de-una-mujer-y-su-bebe-en-etla\/#primaryimage"},"thumbnailUrl":"https:\/\/www.bbmnoticias.com\/labravaradiofm\/wp-content\/uploads\/sites\/5\/2021\/10\/policiaca07102021-7-1.jpg","articleSection":["POLICIACA"],"inLanguage":"es"},{"@type":"WebPage","@id":"https:\/\/www.bbmnoticias.com\/labravaradiofm\/2021\/10\/07\/confirman-hallazgo-de-los-cadaveres-de-una-mujer-y-su-bebe-en-etla\/","url":"https:\/\/www.bbmnoticias.com\/labravaradiofm\/2021\/10\/07\/confirman-hallazgo-de-los-cadaveres-de-una-mujer-y-su-bebe-en-etla\/","name":"Confirman hallazgo de los cad\u00e1veres de una mujer y su beb\u00e9 en Etla - LA BRAVA RADIO","isPartOf":{"@id":"https:\/\/www.bbmnoticias.com\/labravaradiofm\/#website"},"primaryImageOfPage":{"@id":"https:\/\/www.bbmnoticias.com\/labravaradiofm\/2021\/10\/07\/confirman-hallazgo-de-los-cadaveres-de-una-mujer-y-su-bebe-en-etla\/#primaryimage"},"image":{"@id":"https:\/\/www.bbmnoticias.com\/labravaradiofm\/2021\/10\/07\/confirman-hallazgo-de-los-cadaveres-de-una-mujer-y-su-bebe-en-etla\/#primaryimage"},"thumbnailUrl":"https:\/\/www.bbmnoticias.com\/labravaradiofm\/wp-content\/uploads\/sites\/5\/2021\/10\/policiaca07102021-7-1.jpg","datePublished":"2021-10-08T00:16:58+00:00","dateModified":"2021-10-08T00:17:00+00:00","author":{"@id":"https:\/\/www.bbmnoticias.com\/labravaradiofm\/#\/schema\/person\/b7ad4658f4970d61499e84f6fe178160"},"description":"Elementos de la polic\u00eda municipal de Nazareno hallaron los cuerpos en un camino de terracer\u00eda que comunica a Zautla","breadcrumb":{"@id":"https:\/\/www.bbmnoticias.com\/labravaradiofm\/2021\/10\/07\/confirman-hallazgo-de-los-cadaveres-de-una-mujer-y-su-bebe-en-etla\/#breadcrumb"},"inLanguage":"es","potentialAction":[{"@type":"ReadAction","target":["https:\/\/www.bbmnoticias.com\/labravaradiofm\/2021\/10\/07\/confirman-hallazgo-de-los-cadaveres-de-una-mujer-y-su-bebe-en-etla\/"]}]},{"@type":"ImageObject","inLanguage":"es","@id":"https:\/\/www.bbmnoticias.com\/labravaradiofm\/2021\/10\/07\/confirman-hallazgo-de-los-cadaveres-de-una-mujer-y-su-bebe-en-etla\/#primaryimage","url":"https:\/\/www.bbmnoticias.com\/labravaradiofm\/wp-content\/uploads\/sites\/5\/2021\/10\/policiaca07102021-7-1.jpg","contentUrl":"https:\/\/www.bbmnoticias.com\/labravaradiofm\/wp-content\/uploads\/sites\/5\/2021\/10\/policiaca07102021-7-1.jpg","width":680,"height":569},{"@type":"BreadcrumbList","@id":"https:\/\/www.bbmnoticias.com\/labravaradiofm\/2021\/10\/07\/confirman-hallazgo-de-los-cadaveres-de-una-mujer-y-su-bebe-en-etla\/#breadcrumb","itemListElement":[{"@type":"ListItem","position":1,"name":"Inicio","item":"https:\/\/www.bbmnoticias.com\/labravaradiofm\/"},{"@type":"ListItem","position":2,"name":"Confirman hallazgo de los cad\u00e1veres de una mujer y su beb\u00e9 en Etla"}]},{"@type":"WebSite","@id":"https:\/\/www.bbmnoticias.com\/labravaradiofm\/#website","url":"https:\/\/www.bbmnoticias.com\/labravaradiofm\/","name":"LA BRAVA RADIO","description":"Empresa productora de medios, Radiodifusi\u00f3n, Noticias, tendencias y todo lo que necesitas saber de la pol\u00edtica mexicana e internacional; entretenimiento, espect\u00e1culos, salud y mucho m\u00e1s.","potentialAction":[{"@type":"SearchAction","target":{"@type":"EntryPoint","urlTemplate":"https:\/\/www.bbmnoticias.com\/labravaradiofm\/?s={search_term_string}"},"query-input":{"@type":"PropertyValueSpecification","valueRequired":true,"valueName":"search_term_string"}}],"inLanguage":"es"},{"@type":"Person","@id":"https:\/\/www.bbmnoticias.com\/labravaradiofm\/#\/schema\/person\/b7ad4658f4970d61499e84f6fe178160","name":"Quadratin","image":{"@type":"ImageObject","inLanguage":"es","@id":"https:\/\/secure.gravatar.com\/avatar\/34008d7d72488432d6a74f81e839efc9f754b118786ca32cf39d9d5508a68f63?s=96&d=mm&r=g","url":"https:\/\/secure.gravatar.com\/avatar\/34008d7d72488432d6a74f81e839efc9f754b118786ca32cf39d9d5508a68f63?s=96&d=mm&r=g","contentUrl":"https:\/\/secure.gravatar.com\/avatar\/34008d7d72488432d6a74f81e839efc9f754b118786ca32cf39d9d5508a68f63?s=96&d=mm&r=g","caption":"Quadratin"},"url":"https:\/\/www.bbmnoticias.com\/labravaradiofm\/author\/quadratin\/"}]}},"_links":{"self":[{"href":"https:\/\/www.bbmnoticias.com\/labravaradiofm\/wp-json\/wp\/v2\/posts\/3305","targetHints":{"allow":["GET"]}}],"collection":[{"href":"https:\/\/www.bbmnoticias.com\/labravaradiofm\/wp-json\/wp\/v2\/posts"}],"about":[{"href":"https:\/\/www.bbmnoticias.com\/labravaradiofm\/wp-json\/wp\/v2\/types\/post"}],"author":[{"embeddable":true,"href":"https:\/\/www.bbmnoticias.com\/labravaradiofm\/wp-json\/wp\/v2\/users\/5"}],"replies":[{"embeddable":true,"href":"https:\/\/www.bbmnoticias.com\/labravaradiofm\/wp-json\/wp\/v2\/comments?post=3305"}],"version-history":[{"count":0,"href":"https:\/\/www.bbmnoticias.com\/labravaradiofm\/wp-json\/wp\/v2\/posts\/3305\/revisions"}],"wp:featuredmedia":[{"embeddable":true,"href":"https:\/\/www.bbmnoticias.com\/labravaradiofm\/wp-json\/wp\/v2\/media\/3306"}],"wp:attachment":[{"href":"https:\/\/www.bbmnoticias.com\/labravaradiofm\/wp-json\/wp\/v2\/media?parent=3305"}],"wp:term":[{"taxonomy":"category","embeddable":true,"href":"https:\/\/www.bbmnoticias.com\/labravaradiofm\/wp-json\/wp\/v2\/categories?post=3305"},{"taxonomy":"post_tag","embeddable":true,"href":"https:\/\/www.bbmnoticias.com\/labravaradiofm\/wp-json\/wp\/v2\/tags?post=3305"}],"curies":[{"name":"wp","href":"https:\/\/api.w.org\/{rel}","templated":true}]}}