{"id":3300,"date":"2021-10-07T17:30:27","date_gmt":"2021-10-07T22:30:27","guid":{"rendered":"https:\/\/www.bbmnoticias.com\/labravaradiofm\/?p=3300"},"modified":"2021-10-07T17:30:28","modified_gmt":"2021-10-07T22:30:28","slug":"sentencia-condenatoria-de-30-anos-de-prision-contra-responsable-de-homicidio-hechos-suscitados-en-la-costa","status":"publish","type":"post","link":"https:\/\/www.bbmnoticias.com\/labravaradiofm\/2021\/10\/07\/sentencia-condenatoria-de-30-anos-de-prision-contra-responsable-de-homicidio-hechos-suscitados-en-la-costa\/","title":{"rendered":"Sentencia condenatoria de 30 a\u00f1os de prisi\u00f3n contra responsable de homicidio; hechos suscitados en la Costa"},"content":{"rendered":"<div style=\"margin-top: 0px; margin-bottom: 0px;\" class=\"sharethis-inline-share-buttons\" ><\/div>\n<p>Gracias a la labor de investigaci\u00f3n y resoluci\u00f3n de casos de muertes violentas, la Fiscal\u00eda General del Estado de Oaxaca (FGEO) obtuvo, del Tribunal de Enjuiciamiento, sentencia condenatoria de 30 a\u00f1os de prisi\u00f3n contra la persona del sexo masculino identificado como L. M. A, responsable del delito de homicidio calificado en agravio de quien en vida respondi\u00f3 al nombre de J. L. G. L., cometido en febrero de 2012 en el Distrito de Jamiltepec, regi\u00f3n de la Costa.<\/p>\n\n\n\n<p>De acuerdo con la causa penal 25\/2012, en la madrugada del 15 de febrero de 2012, el imputado utiliz\u00f3 un objeto corto contundente (machete) para privar de la vida a la v\u00edctima, en inmediaciones del municipio de San Antonio Tepetlapa.<\/p>\n\n\n\n<p>Ante estos hechos, la Instituci\u00f3n de procuraci\u00f3n de justicia inici\u00f3 las diligencias correspondientes -a trav\u00e9s de la Vicefiscal\u00eda Regional de la Costa-, logrando presentar al responsable ante el Juez de la causa quien, tras validar los datos probatorios, determin\u00f3 vincularlo a proceso.<\/p>\n\n\n\n<p>En audiencia de procedimiento abreviado, el Juez Mixto de Primera Instancia de Santiago Pinotepa Nacional, dict\u00f3 sentencia condenatoria contra L. M. A., imponiendo la pena de 30 a\u00f1os de prisi\u00f3n y ordenando el pago de m\u00e1s de 140 mil pesos por concepto de reparaci\u00f3n del da\u00f1o.<\/p>\n\n\n\n<p>Presentar ante la justicia y aplicar todo el rigor de la Ley a responsables de estos delitos es prioritario para la Fiscal\u00eda General, garantizando justicia y paz a las familias oaxaque\u00f1as.<\/p>\n","protected":false},"excerpt":{"rendered":"<p>Gracias a la labor de investigaci\u00f3n y resoluci\u00f3n de casos de muertes violentas, la Fiscal\u00eda General del Estado de Oaxaca (FGEO) obtuvo, del Tribunal de Enjuiciamiento, sentencia condenatoria de 30 a\u00f1os de prisi\u00f3n contra la persona del sexo masculino identificado como L. M. A, responsable del delito de homicidio calificado en agravio de quien en [&hellip;]<\/p>\n","protected":false},"author":2,"featured_media":3036,"comment_status":"closed","ping_status":"closed","sticky":false,"template":"","format":"standard","meta":{"footnotes":""},"categories":[20],"tags":[],"class_list":{"0":"post-3300","1":"post","2":"type-post","3":"status-publish","4":"format-standard","5":"has-post-thumbnail","7":"category-policiaca"},"yoast_head":"<!-- This site is optimized with the Yoast SEO plugin v27.4 - https:\/\/yoast.com\/product\/yoast-seo-wordpress\/ -->\n<title>Sentencia condenatoria de 30 a\u00f1os de prisi\u00f3n contra responsable de homicidio; hechos suscitados en la Costa - LA BRAVA RADIO<\/title>\n<meta name=\"robots\" content=\"index, follow, max-snippet:-1, max-image-preview:large, max-video-preview:-1\" \/>\n<link rel=\"canonical\" href=\"https:\/\/www.bbmnoticias.com\/labravaradiofm\/2021\/10\/07\/sentencia-condenatoria-de-30-anos-de-prision-contra-responsable-de-homicidio-hechos-suscitados-en-la-costa\/\" \/>\n<meta property=\"og:locale\" content=\"es_MX\" \/>\n<meta property=\"og:type\" content=\"article\" \/>\n<meta property=\"og:title\" content=\"Sentencia condenatoria de 30 a\u00f1os de prisi\u00f3n contra responsable de homicidio; hechos suscitados en la Costa - LA BRAVA RADIO\" \/>\n<meta property=\"og:description\" content=\"Gracias a la labor de investigaci\u00f3n y resoluci\u00f3n de casos de muertes violentas, la Fiscal\u00eda General del Estado de Oaxaca (FGEO) obtuvo, del Tribunal de Enjuiciamiento, sentencia condenatoria de 30 a\u00f1os de prisi\u00f3n contra la persona del sexo masculino identificado como L. M. A, responsable del delito de homicidio calificado en agravio de quien en [&hellip;]\" \/>\n<meta property=\"og:url\" content=\"https:\/\/www.bbmnoticias.com\/labravaradiofm\/2021\/10\/07\/sentencia-condenatoria-de-30-anos-de-prision-contra-responsable-de-homicidio-hechos-suscitados-en-la-costa\/\" \/>\n<meta property=\"og:site_name\" content=\"LA BRAVA RADIO\" \/>\n<meta property=\"article:published_time\" content=\"2021-10-07T22:30:27+00:00\" \/>\n<meta property=\"article:modified_time\" content=\"2021-10-07T22:30:28+00:00\" \/>\n<meta property=\"og:image\" content=\"https:\/\/www.bbmnoticias.com\/labravaradiofm\/wp-content\/uploads\/sites\/5\/2021\/10\/local04102021-11.jpg\" \/>\n\t<meta property=\"og:image:width\" content=\"732\" \/>\n\t<meta property=\"og:image:height\" content=\"549\" \/>\n\t<meta property=\"og:image:type\" content=\"image\/jpeg\" \/>\n<meta name=\"author\" content=\"Staff\" \/>\n<meta name=\"twitter:card\" content=\"summary_large_image\" \/>\n<meta name=\"twitter:label1\" content=\"Escrito por\" \/>\n\t<meta name=\"twitter:data1\" content=\"Staff\" \/>\n\t<meta name=\"twitter:label2\" content=\"Tiempo de lectura\" \/>\n\t<meta name=\"twitter:data2\" content=\"2 minutos\" \/>\n<script type=\"application\/ld+json\" class=\"yoast-schema-graph\">{\"@context\":\"https:\\\/\\\/schema.org\",\"@graph\":[{\"@type\":\"Article\",\"@id\":\"https:\\\/\\\/www.bbmnoticias.com\\\/labravaradiofm\\\/2021\\\/10\\\/07\\\/sentencia-condenatoria-de-30-anos-de-prision-contra-responsable-de-homicidio-hechos-suscitados-en-la-costa\\\/#article\",\"isPartOf\":{\"@id\":\"https:\\\/\\\/www.bbmnoticias.com\\\/labravaradiofm\\\/2021\\\/10\\\/07\\\/sentencia-condenatoria-de-30-anos-de-prision-contra-responsable-de-homicidio-hechos-suscitados-en-la-costa\\\/\"},\"author\":{\"name\":\"Staff\",\"@id\":\"https:\\\/\\\/www.bbmnoticias.com\\\/labravaradiofm\\\/#\\\/schema\\\/person\\\/34b139c617a70ea5bef5678bffe4dd7b\"},\"headline\":\"Sentencia condenatoria de 30 a\u00f1os de prisi\u00f3n contra responsable de homicidio; hechos suscitados en la Costa\",\"datePublished\":\"2021-10-07T22:30:27+00:00\",\"dateModified\":\"2021-10-07T22:30:28+00:00\",\"mainEntityOfPage\":{\"@id\":\"https:\\\/\\\/www.bbmnoticias.com\\\/labravaradiofm\\\/2021\\\/10\\\/07\\\/sentencia-condenatoria-de-30-anos-de-prision-contra-responsable-de-homicidio-hechos-suscitados-en-la-costa\\\/\"},\"wordCount\":265,\"image\":{\"@id\":\"https:\\\/\\\/www.bbmnoticias.com\\\/labravaradiofm\\\/2021\\\/10\\\/07\\\/sentencia-condenatoria-de-30-anos-de-prision-contra-responsable-de-homicidio-hechos-suscitados-en-la-costa\\\/#primaryimage\"},\"thumbnailUrl\":\"https:\\\/\\\/www.bbmnoticias.com\\\/labravaradiofm\\\/wp-content\\\/uploads\\\/sites\\\/5\\\/2021\\\/10\\\/local04102021-11.jpg\",\"articleSection\":[\"POLICIACA\"],\"inLanguage\":\"es\"},{\"@type\":\"WebPage\",\"@id\":\"https:\\\/\\\/www.bbmnoticias.com\\\/labravaradiofm\\\/2021\\\/10\\\/07\\\/sentencia-condenatoria-de-30-anos-de-prision-contra-responsable-de-homicidio-hechos-suscitados-en-la-costa\\\/\",\"url\":\"https:\\\/\\\/www.bbmnoticias.com\\\/labravaradiofm\\\/2021\\\/10\\\/07\\\/sentencia-condenatoria-de-30-anos-de-prision-contra-responsable-de-homicidio-hechos-suscitados-en-la-costa\\\/\",\"name\":\"Sentencia condenatoria de 30 a\u00f1os de prisi\u00f3n contra responsable de homicidio; hechos suscitados en la Costa - LA BRAVA RADIO\",\"isPartOf\":{\"@id\":\"https:\\\/\\\/www.bbmnoticias.com\\\/labravaradiofm\\\/#website\"},\"primaryImageOfPage\":{\"@id\":\"https:\\\/\\\/www.bbmnoticias.com\\\/labravaradiofm\\\/2021\\\/10\\\/07\\\/sentencia-condenatoria-de-30-anos-de-prision-contra-responsable-de-homicidio-hechos-suscitados-en-la-costa\\\/#primaryimage\"},\"image\":{\"@id\":\"https:\\\/\\\/www.bbmnoticias.com\\\/labravaradiofm\\\/2021\\\/10\\\/07\\\/sentencia-condenatoria-de-30-anos-de-prision-contra-responsable-de-homicidio-hechos-suscitados-en-la-costa\\\/#primaryimage\"},\"thumbnailUrl\":\"https:\\\/\\\/www.bbmnoticias.com\\\/labravaradiofm\\\/wp-content\\\/uploads\\\/sites\\\/5\\\/2021\\\/10\\\/local04102021-11.jpg\",\"datePublished\":\"2021-10-07T22:30:27+00:00\",\"dateModified\":\"2021-10-07T22:30:28+00:00\",\"author\":{\"@id\":\"https:\\\/\\\/www.bbmnoticias.com\\\/labravaradiofm\\\/#\\\/schema\\\/person\\\/34b139c617a70ea5bef5678bffe4dd7b\"},\"breadcrumb\":{\"@id\":\"https:\\\/\\\/www.bbmnoticias.com\\\/labravaradiofm\\\/2021\\\/10\\\/07\\\/sentencia-condenatoria-de-30-anos-de-prision-contra-responsable-de-homicidio-hechos-suscitados-en-la-costa\\\/#breadcrumb\"},\"inLanguage\":\"es\",\"potentialAction\":[{\"@type\":\"ReadAction\",\"target\":[\"https:\\\/\\\/www.bbmnoticias.com\\\/labravaradiofm\\\/2021\\\/10\\\/07\\\/sentencia-condenatoria-de-30-anos-de-prision-contra-responsable-de-homicidio-hechos-suscitados-en-la-costa\\\/\"]}]},{\"@type\":\"ImageObject\",\"inLanguage\":\"es\",\"@id\":\"https:\\\/\\\/www.bbmnoticias.com\\\/labravaradiofm\\\/2021\\\/10\\\/07\\\/sentencia-condenatoria-de-30-anos-de-prision-contra-responsable-de-homicidio-hechos-suscitados-en-la-costa\\\/#primaryimage\",\"url\":\"https:\\\/\\\/www.bbmnoticias.com\\\/labravaradiofm\\\/wp-content\\\/uploads\\\/sites\\\/5\\\/2021\\\/10\\\/local04102021-11.jpg\",\"contentUrl\":\"https:\\\/\\\/www.bbmnoticias.com\\\/labravaradiofm\\\/wp-content\\\/uploads\\\/sites\\\/5\\\/2021\\\/10\\\/local04102021-11.jpg\",\"width\":732,\"height\":549},{\"@type\":\"BreadcrumbList\",\"@id\":\"https:\\\/\\\/www.bbmnoticias.com\\\/labravaradiofm\\\/2021\\\/10\\\/07\\\/sentencia-condenatoria-de-30-anos-de-prision-contra-responsable-de-homicidio-hechos-suscitados-en-la-costa\\\/#breadcrumb\",\"itemListElement\":[{\"@type\":\"ListItem\",\"position\":1,\"name\":\"Inicio\",\"item\":\"https:\\\/\\\/www.bbmnoticias.com\\\/labravaradiofm\\\/\"},{\"@type\":\"ListItem\",\"position\":2,\"name\":\"Sentencia condenatoria de 30 a\u00f1os de prisi\u00f3n contra responsable de homicidio; hechos suscitados en la Costa\"}]},{\"@type\":\"WebSite\",\"@id\":\"https:\\\/\\\/www.bbmnoticias.com\\\/labravaradiofm\\\/#website\",\"url\":\"https:\\\/\\\/www.bbmnoticias.com\\\/labravaradiofm\\\/\",\"name\":\"LA BRAVA RADIO\",\"description\":\"Empresa productora de medios, Radiodifusi\u00f3n, Noticias, tendencias y todo lo que necesitas saber de la pol\u00edtica mexicana e internacional; entretenimiento, espect\u00e1culos, salud y mucho m\u00e1s.\",\"potentialAction\":[{\"@type\":\"SearchAction\",\"target\":{\"@type\":\"EntryPoint\",\"urlTemplate\":\"https:\\\/\\\/www.bbmnoticias.com\\\/labravaradiofm\\\/?s={search_term_string}\"},\"query-input\":{\"@type\":\"PropertyValueSpecification\",\"valueRequired\":true,\"valueName\":\"search_term_string\"}}],\"inLanguage\":\"es\"},{\"@type\":\"Person\",\"@id\":\"https:\\\/\\\/www.bbmnoticias.com\\\/labravaradiofm\\\/#\\\/schema\\\/person\\\/34b139c617a70ea5bef5678bffe4dd7b\",\"name\":\"Staff\",\"image\":{\"@type\":\"ImageObject\",\"inLanguage\":\"es\",\"@id\":\"https:\\\/\\\/secure.gravatar.com\\\/avatar\\\/fdd21ad66fd8b98c407f9dee5b5e588cfe7f0d8579ec20fa6527cd59bab7f0f0?s=96&d=mm&r=g\",\"url\":\"https:\\\/\\\/secure.gravatar.com\\\/avatar\\\/fdd21ad66fd8b98c407f9dee5b5e588cfe7f0d8579ec20fa6527cd59bab7f0f0?s=96&d=mm&r=g\",\"contentUrl\":\"https:\\\/\\\/secure.gravatar.com\\\/avatar\\\/fdd21ad66fd8b98c407f9dee5b5e588cfe7f0d8579ec20fa6527cd59bab7f0f0?s=96&d=mm&r=g\",\"caption\":\"Staff\"},\"url\":\"https:\\\/\\\/www.bbmnoticias.com\\\/labravaradiofm\\\/author\\\/redaccion\\\/\"}]}<\/script>\n<!-- \/ Yoast SEO plugin. -->","yoast_head_json":{"title":"Sentencia condenatoria de 30 a\u00f1os de prisi\u00f3n contra responsable de homicidio; hechos suscitados en la Costa - LA BRAVA RADIO","robots":{"index":"index","follow":"follow","max-snippet":"max-snippet:-1","max-image-preview":"max-image-preview:large","max-video-preview":"max-video-preview:-1"},"canonical":"https:\/\/www.bbmnoticias.com\/labravaradiofm\/2021\/10\/07\/sentencia-condenatoria-de-30-anos-de-prision-contra-responsable-de-homicidio-hechos-suscitados-en-la-costa\/","og_locale":"es_MX","og_type":"article","og_title":"Sentencia condenatoria de 30 a\u00f1os de prisi\u00f3n contra responsable de homicidio; hechos suscitados en la Costa - LA BRAVA RADIO","og_description":"Gracias a la labor de investigaci\u00f3n y resoluci\u00f3n de casos de muertes violentas, la Fiscal\u00eda General del Estado de Oaxaca (FGEO) obtuvo, del Tribunal de Enjuiciamiento, sentencia condenatoria de 30 a\u00f1os de prisi\u00f3n contra la persona del sexo masculino identificado como L. M. A, responsable del delito de homicidio calificado en agravio de quien en [&hellip;]","og_url":"https:\/\/www.bbmnoticias.com\/labravaradiofm\/2021\/10\/07\/sentencia-condenatoria-de-30-anos-de-prision-contra-responsable-de-homicidio-hechos-suscitados-en-la-costa\/","og_site_name":"LA BRAVA RADIO","article_published_time":"2021-10-07T22:30:27+00:00","article_modified_time":"2021-10-07T22:30:28+00:00","og_image":[{"width":732,"height":549,"url":"https:\/\/www.bbmnoticias.com\/labravaradiofm\/wp-content\/uploads\/sites\/5\/2021\/10\/local04102021-11.jpg","type":"image\/jpeg"}],"author":"Staff","twitter_card":"summary_large_image","twitter_misc":{"Escrito por":"Staff","Tiempo de lectura":"2 minutos"},"schema":{"@context":"https:\/\/schema.org","@graph":[{"@type":"Article","@id":"https:\/\/www.bbmnoticias.com\/labravaradiofm\/2021\/10\/07\/sentencia-condenatoria-de-30-anos-de-prision-contra-responsable-de-homicidio-hechos-suscitados-en-la-costa\/#article","isPartOf":{"@id":"https:\/\/www.bbmnoticias.com\/labravaradiofm\/2021\/10\/07\/sentencia-condenatoria-de-30-anos-de-prision-contra-responsable-de-homicidio-hechos-suscitados-en-la-costa\/"},"author":{"name":"Staff","@id":"https:\/\/www.bbmnoticias.com\/labravaradiofm\/#\/schema\/person\/34b139c617a70ea5bef5678bffe4dd7b"},"headline":"Sentencia condenatoria de 30 a\u00f1os de prisi\u00f3n contra responsable de homicidio; hechos suscitados en la Costa","datePublished":"2021-10-07T22:30:27+00:00","dateModified":"2021-10-07T22:30:28+00:00","mainEntityOfPage":{"@id":"https:\/\/www.bbmnoticias.com\/labravaradiofm\/2021\/10\/07\/sentencia-condenatoria-de-30-anos-de-prision-contra-responsable-de-homicidio-hechos-suscitados-en-la-costa\/"},"wordCount":265,"image":{"@id":"https:\/\/www.bbmnoticias.com\/labravaradiofm\/2021\/10\/07\/sentencia-condenatoria-de-30-anos-de-prision-contra-responsable-de-homicidio-hechos-suscitados-en-la-costa\/#primaryimage"},"thumbnailUrl":"https:\/\/www.bbmnoticias.com\/labravaradiofm\/wp-content\/uploads\/sites\/5\/2021\/10\/local04102021-11.jpg","articleSection":["POLICIACA"],"inLanguage":"es"},{"@type":"WebPage","@id":"https:\/\/www.bbmnoticias.com\/labravaradiofm\/2021\/10\/07\/sentencia-condenatoria-de-30-anos-de-prision-contra-responsable-de-homicidio-hechos-suscitados-en-la-costa\/","url":"https:\/\/www.bbmnoticias.com\/labravaradiofm\/2021\/10\/07\/sentencia-condenatoria-de-30-anos-de-prision-contra-responsable-de-homicidio-hechos-suscitados-en-la-costa\/","name":"Sentencia condenatoria de 30 a\u00f1os de prisi\u00f3n contra responsable de homicidio; hechos suscitados en la Costa - LA BRAVA RADIO","isPartOf":{"@id":"https:\/\/www.bbmnoticias.com\/labravaradiofm\/#website"},"primaryImageOfPage":{"@id":"https:\/\/www.bbmnoticias.com\/labravaradiofm\/2021\/10\/07\/sentencia-condenatoria-de-30-anos-de-prision-contra-responsable-de-homicidio-hechos-suscitados-en-la-costa\/#primaryimage"},"image":{"@id":"https:\/\/www.bbmnoticias.com\/labravaradiofm\/2021\/10\/07\/sentencia-condenatoria-de-30-anos-de-prision-contra-responsable-de-homicidio-hechos-suscitados-en-la-costa\/#primaryimage"},"thumbnailUrl":"https:\/\/www.bbmnoticias.com\/labravaradiofm\/wp-content\/uploads\/sites\/5\/2021\/10\/local04102021-11.jpg","datePublished":"2021-10-07T22:30:27+00:00","dateModified":"2021-10-07T22:30:28+00:00","author":{"@id":"https:\/\/www.bbmnoticias.com\/labravaradiofm\/#\/schema\/person\/34b139c617a70ea5bef5678bffe4dd7b"},"breadcrumb":{"@id":"https:\/\/www.bbmnoticias.com\/labravaradiofm\/2021\/10\/07\/sentencia-condenatoria-de-30-anos-de-prision-contra-responsable-de-homicidio-hechos-suscitados-en-la-costa\/#breadcrumb"},"inLanguage":"es","potentialAction":[{"@type":"ReadAction","target":["https:\/\/www.bbmnoticias.com\/labravaradiofm\/2021\/10\/07\/sentencia-condenatoria-de-30-anos-de-prision-contra-responsable-de-homicidio-hechos-suscitados-en-la-costa\/"]}]},{"@type":"ImageObject","inLanguage":"es","@id":"https:\/\/www.bbmnoticias.com\/labravaradiofm\/2021\/10\/07\/sentencia-condenatoria-de-30-anos-de-prision-contra-responsable-de-homicidio-hechos-suscitados-en-la-costa\/#primaryimage","url":"https:\/\/www.bbmnoticias.com\/labravaradiofm\/wp-content\/uploads\/sites\/5\/2021\/10\/local04102021-11.jpg","contentUrl":"https:\/\/www.bbmnoticias.com\/labravaradiofm\/wp-content\/uploads\/sites\/5\/2021\/10\/local04102021-11.jpg","width":732,"height":549},{"@type":"BreadcrumbList","@id":"https:\/\/www.bbmnoticias.com\/labravaradiofm\/2021\/10\/07\/sentencia-condenatoria-de-30-anos-de-prision-contra-responsable-de-homicidio-hechos-suscitados-en-la-costa\/#breadcrumb","itemListElement":[{"@type":"ListItem","position":1,"name":"Inicio","item":"https:\/\/www.bbmnoticias.com\/labravaradiofm\/"},{"@type":"ListItem","position":2,"name":"Sentencia condenatoria de 30 a\u00f1os de prisi\u00f3n contra responsable de homicidio; hechos suscitados en la Costa"}]},{"@type":"WebSite","@id":"https:\/\/www.bbmnoticias.com\/labravaradiofm\/#website","url":"https:\/\/www.bbmnoticias.com\/labravaradiofm\/","name":"LA BRAVA RADIO","description":"Empresa productora de medios, Radiodifusi\u00f3n, Noticias, tendencias y todo lo que necesitas saber de la pol\u00edtica mexicana e internacional; entretenimiento, espect\u00e1culos, salud y mucho m\u00e1s.","potentialAction":[{"@type":"SearchAction","target":{"@type":"EntryPoint","urlTemplate":"https:\/\/www.bbmnoticias.com\/labravaradiofm\/?s={search_term_string}"},"query-input":{"@type":"PropertyValueSpecification","valueRequired":true,"valueName":"search_term_string"}}],"inLanguage":"es"},{"@type":"Person","@id":"https:\/\/www.bbmnoticias.com\/labravaradiofm\/#\/schema\/person\/34b139c617a70ea5bef5678bffe4dd7b","name":"Staff","image":{"@type":"ImageObject","inLanguage":"es","@id":"https:\/\/secure.gravatar.com\/avatar\/fdd21ad66fd8b98c407f9dee5b5e588cfe7f0d8579ec20fa6527cd59bab7f0f0?s=96&d=mm&r=g","url":"https:\/\/secure.gravatar.com\/avatar\/fdd21ad66fd8b98c407f9dee5b5e588cfe7f0d8579ec20fa6527cd59bab7f0f0?s=96&d=mm&r=g","contentUrl":"https:\/\/secure.gravatar.com\/avatar\/fdd21ad66fd8b98c407f9dee5b5e588cfe7f0d8579ec20fa6527cd59bab7f0f0?s=96&d=mm&r=g","caption":"Staff"},"url":"https:\/\/www.bbmnoticias.com\/labravaradiofm\/author\/redaccion\/"}]}},"_links":{"self":[{"href":"https:\/\/www.bbmnoticias.com\/labravaradiofm\/wp-json\/wp\/v2\/posts\/3300","targetHints":{"allow":["GET"]}}],"collection":[{"href":"https:\/\/www.bbmnoticias.com\/labravaradiofm\/wp-json\/wp\/v2\/posts"}],"about":[{"href":"https:\/\/www.bbmnoticias.com\/labravaradiofm\/wp-json\/wp\/v2\/types\/post"}],"author":[{"embeddable":true,"href":"https:\/\/www.bbmnoticias.com\/labravaradiofm\/wp-json\/wp\/v2\/users\/2"}],"replies":[{"embeddable":true,"href":"https:\/\/www.bbmnoticias.com\/labravaradiofm\/wp-json\/wp\/v2\/comments?post=3300"}],"version-history":[{"count":0,"href":"https:\/\/www.bbmnoticias.com\/labravaradiofm\/wp-json\/wp\/v2\/posts\/3300\/revisions"}],"wp:featuredmedia":[{"embeddable":true,"href":"https:\/\/www.bbmnoticias.com\/labravaradiofm\/wp-json\/wp\/v2\/media\/3036"}],"wp:attachment":[{"href":"https:\/\/www.bbmnoticias.com\/labravaradiofm\/wp-json\/wp\/v2\/media?parent=3300"}],"wp:term":[{"taxonomy":"category","embeddable":true,"href":"https:\/\/www.bbmnoticias.com\/labravaradiofm\/wp-json\/wp\/v2\/categories?post=3300"},{"taxonomy":"post_tag","embeddable":true,"href":"https:\/\/www.bbmnoticias.com\/labravaradiofm\/wp-json\/wp\/v2\/tags?post=3300"}],"curies":[{"name":"wp","href":"https:\/\/api.w.org\/{rel}","templated":true}]}}