{"id":3291,"date":"2021-10-07T13:23:58","date_gmt":"2021-10-07T18:23:58","guid":{"rendered":"https:\/\/www.bbmnoticias.com\/labravaradiofm\/?p=3291"},"modified":"2021-10-07T13:24:00","modified_gmt":"2021-10-07T18:24:00","slug":"prision-preventiva-contra-tres-probables-responsables-de-homicidio-de-autoridades-municipales-de-san-martin-peras","status":"publish","type":"post","link":"https:\/\/www.bbmnoticias.com\/labravaradiofm\/2021\/10\/07\/prision-preventiva-contra-tres-probables-responsables-de-homicidio-de-autoridades-municipales-de-san-martin-peras\/","title":{"rendered":"Prisi\u00f3n preventiva contra tres probables responsables de homicidio de autoridades municipales de San Mart\u00edn Peras"},"content":{"rendered":"<div style=\"margin-top: 0px; margin-bottom: 0px;\" class=\"sharethis-inline-share-buttons\" ><\/div>\n<p><strong>Oaxaca de Ju\u00e1rez, Oax.-<\/strong> La Fiscal\u00eda General del Estado de Oaxaca (FGEO) present\u00f3 ante el Juzgado de Control a las personas del sexo masculino identificadas como M. A. R., C. A. H. y S. A. P., probables responsables del delito de homicidio doloso calificado en agravio de J. D. M. D. y J. R. C., adem\u00e1s de la comisi\u00f3n de lesiones calificadas contra N. L. R., v\u00edctimas que se desempe\u00f1aban como autoridades municipales de San Mart\u00edn Peras, agresi\u00f3n cometida en la Heroica Ciudad de Huajuapan de Le\u00f3n, en la regi\u00f3n Mixteca.<\/p>\n\n\n\n<p>De acuerdo con la carpeta de investigaci\u00f3n 32639\/FMIX\/HUAJUAPAN\/2021, el 4 de octubre de 2021, las v\u00edctimas acudieron a una sucursal bancaria ubicada en el centro de Huajuapan de Le\u00f3n cuando sujetos desconocidos (entre los que se encontraban los imputados) agredieron con disparos de arma de fuego y despojaron de una fuerte cantidad de dinero a las autoridades municipales, incidente en el que privaron de la vida a J. D. M. D. y J. R. C. e hiriendo de gravedad a N. L. R.<\/p>\n\n\n\n<p>Tras la comisi\u00f3n del ataque, los presuntos responsables fueron interceptados por elementos de la polic\u00eda municipal, quienes detuvieron a los tres sujetos, adem\u00e1s que recuperaron el dinero que supuestamente hab\u00edan robado.<\/p>\n\n\n\n<p>En audiencia ante Juez, los imputados se acogieron al t\u00e9rmino constitucional ampliado que fenece la pr\u00f3xima semana, quedando en tanto en prisi\u00f3n preventiva provisional.&nbsp;<\/p>\n","protected":false},"excerpt":{"rendered":"<p>Oaxaca de Ju\u00e1rez, Oax.- La Fiscal\u00eda General del Estado de Oaxaca (FGEO) present\u00f3 ante el Juzgado de Control a las personas del sexo masculino identificadas como M. A. R., C. A. H. y S. A. P., probables responsables del delito de homicidio doloso calificado en agravio de J. D. M. D. y J. R. C., [&hellip;]<\/p>\n","protected":false},"author":2,"featured_media":3292,"comment_status":"closed","ping_status":"closed","sticky":false,"template":"","format":"standard","meta":{"footnotes":""},"categories":[20],"tags":[],"class_list":{"0":"post-3291","1":"post","2":"type-post","3":"status-publish","4":"format-standard","5":"has-post-thumbnail","7":"category-policiaca"},"yoast_head":"<!-- This site is optimized with the Yoast SEO plugin v27.4 - https:\/\/yoast.com\/product\/yoast-seo-wordpress\/ -->\n<title>Prisi\u00f3n preventiva contra tres probables responsables de homicidio de autoridades municipales de San Mart\u00edn Peras - LA BRAVA RADIO<\/title>\n<meta name=\"description\" content=\"Tras la comisi\u00f3n del ataque, los presuntos responsables fueron interceptados por elementos de la polic\u00eda municipal\" \/>\n<meta name=\"robots\" content=\"index, follow, max-snippet:-1, max-image-preview:large, max-video-preview:-1\" \/>\n<link rel=\"canonical\" href=\"https:\/\/www.bbmnoticias.com\/labravaradiofm\/2021\/10\/07\/prision-preventiva-contra-tres-probables-responsables-de-homicidio-de-autoridades-municipales-de-san-martin-peras\/\" \/>\n<meta property=\"og:locale\" content=\"es_MX\" \/>\n<meta property=\"og:type\" content=\"article\" \/>\n<meta property=\"og:title\" content=\"Prisi\u00f3n preventiva contra tres probables responsables de homicidio de autoridades municipales de San Mart\u00edn Peras - LA BRAVA RADIO\" \/>\n<meta property=\"og:description\" content=\"Tras la comisi\u00f3n del ataque, los presuntos responsables fueron interceptados por elementos de la polic\u00eda municipal\" \/>\n<meta property=\"og:url\" content=\"https:\/\/www.bbmnoticias.com\/labravaradiofm\/2021\/10\/07\/prision-preventiva-contra-tres-probables-responsables-de-homicidio-de-autoridades-municipales-de-san-martin-peras\/\" \/>\n<meta property=\"og:site_name\" content=\"LA BRAVA RADIO\" \/>\n<meta property=\"article:published_time\" content=\"2021-10-07T18:23:58+00:00\" \/>\n<meta property=\"article:modified_time\" content=\"2021-10-07T18:24:00+00:00\" \/>\n<meta property=\"og:image\" content=\"https:\/\/www.bbmnoticias.com\/labravaradiofm\/wp-content\/uploads\/sites\/5\/2021\/10\/policiaca07102021-7.jpg\" \/>\n\t<meta property=\"og:image:width\" content=\"285\" \/>\n\t<meta property=\"og:image:height\" content=\"177\" \/>\n\t<meta property=\"og:image:type\" content=\"image\/jpeg\" \/>\n<meta name=\"author\" content=\"Staff\" \/>\n<meta name=\"twitter:card\" content=\"summary_large_image\" \/>\n<meta name=\"twitter:label1\" content=\"Escrito por\" \/>\n\t<meta name=\"twitter:data1\" content=\"Staff\" \/>\n\t<meta name=\"twitter:label2\" content=\"Tiempo de lectura\" \/>\n\t<meta name=\"twitter:data2\" content=\"2 minutos\" \/>\n<script type=\"application\/ld+json\" class=\"yoast-schema-graph\">{\"@context\":\"https:\\\/\\\/schema.org\",\"@graph\":[{\"@type\":\"Article\",\"@id\":\"https:\\\/\\\/www.bbmnoticias.com\\\/labravaradiofm\\\/2021\\\/10\\\/07\\\/prision-preventiva-contra-tres-probables-responsables-de-homicidio-de-autoridades-municipales-de-san-martin-peras\\\/#article\",\"isPartOf\":{\"@id\":\"https:\\\/\\\/www.bbmnoticias.com\\\/labravaradiofm\\\/2021\\\/10\\\/07\\\/prision-preventiva-contra-tres-probables-responsables-de-homicidio-de-autoridades-municipales-de-san-martin-peras\\\/\"},\"author\":{\"name\":\"Staff\",\"@id\":\"https:\\\/\\\/www.bbmnoticias.com\\\/labravaradiofm\\\/#\\\/schema\\\/person\\\/34b139c617a70ea5bef5678bffe4dd7b\"},\"headline\":\"Prisi\u00f3n preventiva contra tres probables responsables de homicidio de autoridades municipales de San Mart\u00edn Peras\",\"datePublished\":\"2021-10-07T18:23:58+00:00\",\"dateModified\":\"2021-10-07T18:24:00+00:00\",\"mainEntityOfPage\":{\"@id\":\"https:\\\/\\\/www.bbmnoticias.com\\\/labravaradiofm\\\/2021\\\/10\\\/07\\\/prision-preventiva-contra-tres-probables-responsables-de-homicidio-de-autoridades-municipales-de-san-martin-peras\\\/\"},\"wordCount\":267,\"image\":{\"@id\":\"https:\\\/\\\/www.bbmnoticias.com\\\/labravaradiofm\\\/2021\\\/10\\\/07\\\/prision-preventiva-contra-tres-probables-responsables-de-homicidio-de-autoridades-municipales-de-san-martin-peras\\\/#primaryimage\"},\"thumbnailUrl\":\"https:\\\/\\\/www.bbmnoticias.com\\\/labravaradiofm\\\/wp-content\\\/uploads\\\/sites\\\/5\\\/2021\\\/10\\\/policiaca07102021-7.jpg\",\"articleSection\":[\"POLICIACA\"],\"inLanguage\":\"es\"},{\"@type\":\"WebPage\",\"@id\":\"https:\\\/\\\/www.bbmnoticias.com\\\/labravaradiofm\\\/2021\\\/10\\\/07\\\/prision-preventiva-contra-tres-probables-responsables-de-homicidio-de-autoridades-municipales-de-san-martin-peras\\\/\",\"url\":\"https:\\\/\\\/www.bbmnoticias.com\\\/labravaradiofm\\\/2021\\\/10\\\/07\\\/prision-preventiva-contra-tres-probables-responsables-de-homicidio-de-autoridades-municipales-de-san-martin-peras\\\/\",\"name\":\"Prisi\u00f3n preventiva contra tres probables responsables de homicidio de autoridades municipales de San Mart\u00edn Peras - LA BRAVA RADIO\",\"isPartOf\":{\"@id\":\"https:\\\/\\\/www.bbmnoticias.com\\\/labravaradiofm\\\/#website\"},\"primaryImageOfPage\":{\"@id\":\"https:\\\/\\\/www.bbmnoticias.com\\\/labravaradiofm\\\/2021\\\/10\\\/07\\\/prision-preventiva-contra-tres-probables-responsables-de-homicidio-de-autoridades-municipales-de-san-martin-peras\\\/#primaryimage\"},\"image\":{\"@id\":\"https:\\\/\\\/www.bbmnoticias.com\\\/labravaradiofm\\\/2021\\\/10\\\/07\\\/prision-preventiva-contra-tres-probables-responsables-de-homicidio-de-autoridades-municipales-de-san-martin-peras\\\/#primaryimage\"},\"thumbnailUrl\":\"https:\\\/\\\/www.bbmnoticias.com\\\/labravaradiofm\\\/wp-content\\\/uploads\\\/sites\\\/5\\\/2021\\\/10\\\/policiaca07102021-7.jpg\",\"datePublished\":\"2021-10-07T18:23:58+00:00\",\"dateModified\":\"2021-10-07T18:24:00+00:00\",\"author\":{\"@id\":\"https:\\\/\\\/www.bbmnoticias.com\\\/labravaradiofm\\\/#\\\/schema\\\/person\\\/34b139c617a70ea5bef5678bffe4dd7b\"},\"description\":\"Tras la comisi\u00f3n del ataque, los presuntos responsables fueron interceptados por elementos de la polic\u00eda municipal\",\"breadcrumb\":{\"@id\":\"https:\\\/\\\/www.bbmnoticias.com\\\/labravaradiofm\\\/2021\\\/10\\\/07\\\/prision-preventiva-contra-tres-probables-responsables-de-homicidio-de-autoridades-municipales-de-san-martin-peras\\\/#breadcrumb\"},\"inLanguage\":\"es\",\"potentialAction\":[{\"@type\":\"ReadAction\",\"target\":[\"https:\\\/\\\/www.bbmnoticias.com\\\/labravaradiofm\\\/2021\\\/10\\\/07\\\/prision-preventiva-contra-tres-probables-responsables-de-homicidio-de-autoridades-municipales-de-san-martin-peras\\\/\"]}]},{\"@type\":\"ImageObject\",\"inLanguage\":\"es\",\"@id\":\"https:\\\/\\\/www.bbmnoticias.com\\\/labravaradiofm\\\/2021\\\/10\\\/07\\\/prision-preventiva-contra-tres-probables-responsables-de-homicidio-de-autoridades-municipales-de-san-martin-peras\\\/#primaryimage\",\"url\":\"https:\\\/\\\/www.bbmnoticias.com\\\/labravaradiofm\\\/wp-content\\\/uploads\\\/sites\\\/5\\\/2021\\\/10\\\/policiaca07102021-7.jpg\",\"contentUrl\":\"https:\\\/\\\/www.bbmnoticias.com\\\/labravaradiofm\\\/wp-content\\\/uploads\\\/sites\\\/5\\\/2021\\\/10\\\/policiaca07102021-7.jpg\",\"width\":285,\"height\":177},{\"@type\":\"BreadcrumbList\",\"@id\":\"https:\\\/\\\/www.bbmnoticias.com\\\/labravaradiofm\\\/2021\\\/10\\\/07\\\/prision-preventiva-contra-tres-probables-responsables-de-homicidio-de-autoridades-municipales-de-san-martin-peras\\\/#breadcrumb\",\"itemListElement\":[{\"@type\":\"ListItem\",\"position\":1,\"name\":\"Inicio\",\"item\":\"https:\\\/\\\/www.bbmnoticias.com\\\/labravaradiofm\\\/\"},{\"@type\":\"ListItem\",\"position\":2,\"name\":\"Prisi\u00f3n preventiva contra tres probables responsables de homicidio de autoridades municipales de San Mart\u00edn Peras\"}]},{\"@type\":\"WebSite\",\"@id\":\"https:\\\/\\\/www.bbmnoticias.com\\\/labravaradiofm\\\/#website\",\"url\":\"https:\\\/\\\/www.bbmnoticias.com\\\/labravaradiofm\\\/\",\"name\":\"LA BRAVA RADIO\",\"description\":\"Empresa productora de medios, Radiodifusi\u00f3n, Noticias, tendencias y todo lo que necesitas saber de la pol\u00edtica mexicana e internacional; entretenimiento, espect\u00e1culos, salud y mucho m\u00e1s.\",\"potentialAction\":[{\"@type\":\"SearchAction\",\"target\":{\"@type\":\"EntryPoint\",\"urlTemplate\":\"https:\\\/\\\/www.bbmnoticias.com\\\/labravaradiofm\\\/?s={search_term_string}\"},\"query-input\":{\"@type\":\"PropertyValueSpecification\",\"valueRequired\":true,\"valueName\":\"search_term_string\"}}],\"inLanguage\":\"es\"},{\"@type\":\"Person\",\"@id\":\"https:\\\/\\\/www.bbmnoticias.com\\\/labravaradiofm\\\/#\\\/schema\\\/person\\\/34b139c617a70ea5bef5678bffe4dd7b\",\"name\":\"Staff\",\"image\":{\"@type\":\"ImageObject\",\"inLanguage\":\"es\",\"@id\":\"https:\\\/\\\/secure.gravatar.com\\\/avatar\\\/fdd21ad66fd8b98c407f9dee5b5e588cfe7f0d8579ec20fa6527cd59bab7f0f0?s=96&d=mm&r=g\",\"url\":\"https:\\\/\\\/secure.gravatar.com\\\/avatar\\\/fdd21ad66fd8b98c407f9dee5b5e588cfe7f0d8579ec20fa6527cd59bab7f0f0?s=96&d=mm&r=g\",\"contentUrl\":\"https:\\\/\\\/secure.gravatar.com\\\/avatar\\\/fdd21ad66fd8b98c407f9dee5b5e588cfe7f0d8579ec20fa6527cd59bab7f0f0?s=96&d=mm&r=g\",\"caption\":\"Staff\"},\"url\":\"https:\\\/\\\/www.bbmnoticias.com\\\/labravaradiofm\\\/author\\\/redaccion\\\/\"}]}<\/script>\n<!-- \/ Yoast SEO plugin. -->","yoast_head_json":{"title":"Prisi\u00f3n preventiva contra tres probables responsables de homicidio de autoridades municipales de San Mart\u00edn Peras - LA BRAVA RADIO","description":"Tras la comisi\u00f3n del ataque, los presuntos responsables fueron interceptados por elementos de la polic\u00eda municipal","robots":{"index":"index","follow":"follow","max-snippet":"max-snippet:-1","max-image-preview":"max-image-preview:large","max-video-preview":"max-video-preview:-1"},"canonical":"https:\/\/www.bbmnoticias.com\/labravaradiofm\/2021\/10\/07\/prision-preventiva-contra-tres-probables-responsables-de-homicidio-de-autoridades-municipales-de-san-martin-peras\/","og_locale":"es_MX","og_type":"article","og_title":"Prisi\u00f3n preventiva contra tres probables responsables de homicidio de autoridades municipales de San Mart\u00edn Peras - LA BRAVA RADIO","og_description":"Tras la comisi\u00f3n del ataque, los presuntos responsables fueron interceptados por elementos de la polic\u00eda municipal","og_url":"https:\/\/www.bbmnoticias.com\/labravaradiofm\/2021\/10\/07\/prision-preventiva-contra-tres-probables-responsables-de-homicidio-de-autoridades-municipales-de-san-martin-peras\/","og_site_name":"LA BRAVA RADIO","article_published_time":"2021-10-07T18:23:58+00:00","article_modified_time":"2021-10-07T18:24:00+00:00","og_image":[{"width":285,"height":177,"url":"https:\/\/www.bbmnoticias.com\/labravaradiofm\/wp-content\/uploads\/sites\/5\/2021\/10\/policiaca07102021-7.jpg","type":"image\/jpeg"}],"author":"Staff","twitter_card":"summary_large_image","twitter_misc":{"Escrito por":"Staff","Tiempo de lectura":"2 minutos"},"schema":{"@context":"https:\/\/schema.org","@graph":[{"@type":"Article","@id":"https:\/\/www.bbmnoticias.com\/labravaradiofm\/2021\/10\/07\/prision-preventiva-contra-tres-probables-responsables-de-homicidio-de-autoridades-municipales-de-san-martin-peras\/#article","isPartOf":{"@id":"https:\/\/www.bbmnoticias.com\/labravaradiofm\/2021\/10\/07\/prision-preventiva-contra-tres-probables-responsables-de-homicidio-de-autoridades-municipales-de-san-martin-peras\/"},"author":{"name":"Staff","@id":"https:\/\/www.bbmnoticias.com\/labravaradiofm\/#\/schema\/person\/34b139c617a70ea5bef5678bffe4dd7b"},"headline":"Prisi\u00f3n preventiva contra tres probables responsables de homicidio de autoridades municipales de San Mart\u00edn Peras","datePublished":"2021-10-07T18:23:58+00:00","dateModified":"2021-10-07T18:24:00+00:00","mainEntityOfPage":{"@id":"https:\/\/www.bbmnoticias.com\/labravaradiofm\/2021\/10\/07\/prision-preventiva-contra-tres-probables-responsables-de-homicidio-de-autoridades-municipales-de-san-martin-peras\/"},"wordCount":267,"image":{"@id":"https:\/\/www.bbmnoticias.com\/labravaradiofm\/2021\/10\/07\/prision-preventiva-contra-tres-probables-responsables-de-homicidio-de-autoridades-municipales-de-san-martin-peras\/#primaryimage"},"thumbnailUrl":"https:\/\/www.bbmnoticias.com\/labravaradiofm\/wp-content\/uploads\/sites\/5\/2021\/10\/policiaca07102021-7.jpg","articleSection":["POLICIACA"],"inLanguage":"es"},{"@type":"WebPage","@id":"https:\/\/www.bbmnoticias.com\/labravaradiofm\/2021\/10\/07\/prision-preventiva-contra-tres-probables-responsables-de-homicidio-de-autoridades-municipales-de-san-martin-peras\/","url":"https:\/\/www.bbmnoticias.com\/labravaradiofm\/2021\/10\/07\/prision-preventiva-contra-tres-probables-responsables-de-homicidio-de-autoridades-municipales-de-san-martin-peras\/","name":"Prisi\u00f3n preventiva contra tres probables responsables de homicidio de autoridades municipales de San Mart\u00edn Peras - LA BRAVA RADIO","isPartOf":{"@id":"https:\/\/www.bbmnoticias.com\/labravaradiofm\/#website"},"primaryImageOfPage":{"@id":"https:\/\/www.bbmnoticias.com\/labravaradiofm\/2021\/10\/07\/prision-preventiva-contra-tres-probables-responsables-de-homicidio-de-autoridades-municipales-de-san-martin-peras\/#primaryimage"},"image":{"@id":"https:\/\/www.bbmnoticias.com\/labravaradiofm\/2021\/10\/07\/prision-preventiva-contra-tres-probables-responsables-de-homicidio-de-autoridades-municipales-de-san-martin-peras\/#primaryimage"},"thumbnailUrl":"https:\/\/www.bbmnoticias.com\/labravaradiofm\/wp-content\/uploads\/sites\/5\/2021\/10\/policiaca07102021-7.jpg","datePublished":"2021-10-07T18:23:58+00:00","dateModified":"2021-10-07T18:24:00+00:00","author":{"@id":"https:\/\/www.bbmnoticias.com\/labravaradiofm\/#\/schema\/person\/34b139c617a70ea5bef5678bffe4dd7b"},"description":"Tras la comisi\u00f3n del ataque, los presuntos responsables fueron interceptados por elementos de la polic\u00eda municipal","breadcrumb":{"@id":"https:\/\/www.bbmnoticias.com\/labravaradiofm\/2021\/10\/07\/prision-preventiva-contra-tres-probables-responsables-de-homicidio-de-autoridades-municipales-de-san-martin-peras\/#breadcrumb"},"inLanguage":"es","potentialAction":[{"@type":"ReadAction","target":["https:\/\/www.bbmnoticias.com\/labravaradiofm\/2021\/10\/07\/prision-preventiva-contra-tres-probables-responsables-de-homicidio-de-autoridades-municipales-de-san-martin-peras\/"]}]},{"@type":"ImageObject","inLanguage":"es","@id":"https:\/\/www.bbmnoticias.com\/labravaradiofm\/2021\/10\/07\/prision-preventiva-contra-tres-probables-responsables-de-homicidio-de-autoridades-municipales-de-san-martin-peras\/#primaryimage","url":"https:\/\/www.bbmnoticias.com\/labravaradiofm\/wp-content\/uploads\/sites\/5\/2021\/10\/policiaca07102021-7.jpg","contentUrl":"https:\/\/www.bbmnoticias.com\/labravaradiofm\/wp-content\/uploads\/sites\/5\/2021\/10\/policiaca07102021-7.jpg","width":285,"height":177},{"@type":"BreadcrumbList","@id":"https:\/\/www.bbmnoticias.com\/labravaradiofm\/2021\/10\/07\/prision-preventiva-contra-tres-probables-responsables-de-homicidio-de-autoridades-municipales-de-san-martin-peras\/#breadcrumb","itemListElement":[{"@type":"ListItem","position":1,"name":"Inicio","item":"https:\/\/www.bbmnoticias.com\/labravaradiofm\/"},{"@type":"ListItem","position":2,"name":"Prisi\u00f3n preventiva contra tres probables responsables de homicidio de autoridades municipales de San Mart\u00edn Peras"}]},{"@type":"WebSite","@id":"https:\/\/www.bbmnoticias.com\/labravaradiofm\/#website","url":"https:\/\/www.bbmnoticias.com\/labravaradiofm\/","name":"LA BRAVA RADIO","description":"Empresa productora de medios, Radiodifusi\u00f3n, Noticias, tendencias y todo lo que necesitas saber de la pol\u00edtica mexicana e internacional; entretenimiento, espect\u00e1culos, salud y mucho m\u00e1s.","potentialAction":[{"@type":"SearchAction","target":{"@type":"EntryPoint","urlTemplate":"https:\/\/www.bbmnoticias.com\/labravaradiofm\/?s={search_term_string}"},"query-input":{"@type":"PropertyValueSpecification","valueRequired":true,"valueName":"search_term_string"}}],"inLanguage":"es"},{"@type":"Person","@id":"https:\/\/www.bbmnoticias.com\/labravaradiofm\/#\/schema\/person\/34b139c617a70ea5bef5678bffe4dd7b","name":"Staff","image":{"@type":"ImageObject","inLanguage":"es","@id":"https:\/\/secure.gravatar.com\/avatar\/fdd21ad66fd8b98c407f9dee5b5e588cfe7f0d8579ec20fa6527cd59bab7f0f0?s=96&d=mm&r=g","url":"https:\/\/secure.gravatar.com\/avatar\/fdd21ad66fd8b98c407f9dee5b5e588cfe7f0d8579ec20fa6527cd59bab7f0f0?s=96&d=mm&r=g","contentUrl":"https:\/\/secure.gravatar.com\/avatar\/fdd21ad66fd8b98c407f9dee5b5e588cfe7f0d8579ec20fa6527cd59bab7f0f0?s=96&d=mm&r=g","caption":"Staff"},"url":"https:\/\/www.bbmnoticias.com\/labravaradiofm\/author\/redaccion\/"}]}},"_links":{"self":[{"href":"https:\/\/www.bbmnoticias.com\/labravaradiofm\/wp-json\/wp\/v2\/posts\/3291","targetHints":{"allow":["GET"]}}],"collection":[{"href":"https:\/\/www.bbmnoticias.com\/labravaradiofm\/wp-json\/wp\/v2\/posts"}],"about":[{"href":"https:\/\/www.bbmnoticias.com\/labravaradiofm\/wp-json\/wp\/v2\/types\/post"}],"author":[{"embeddable":true,"href":"https:\/\/www.bbmnoticias.com\/labravaradiofm\/wp-json\/wp\/v2\/users\/2"}],"replies":[{"embeddable":true,"href":"https:\/\/www.bbmnoticias.com\/labravaradiofm\/wp-json\/wp\/v2\/comments?post=3291"}],"version-history":[{"count":0,"href":"https:\/\/www.bbmnoticias.com\/labravaradiofm\/wp-json\/wp\/v2\/posts\/3291\/revisions"}],"wp:featuredmedia":[{"embeddable":true,"href":"https:\/\/www.bbmnoticias.com\/labravaradiofm\/wp-json\/wp\/v2\/media\/3292"}],"wp:attachment":[{"href":"https:\/\/www.bbmnoticias.com\/labravaradiofm\/wp-json\/wp\/v2\/media?parent=3291"}],"wp:term":[{"taxonomy":"category","embeddable":true,"href":"https:\/\/www.bbmnoticias.com\/labravaradiofm\/wp-json\/wp\/v2\/categories?post=3291"},{"taxonomy":"post_tag","embeddable":true,"href":"https:\/\/www.bbmnoticias.com\/labravaradiofm\/wp-json\/wp\/v2\/tags?post=3291"}],"curies":[{"name":"wp","href":"https:\/\/api.w.org\/{rel}","templated":true}]}}