{"id":3282,"date":"2021-10-07T11:20:44","date_gmt":"2021-10-07T16:20:44","guid":{"rendered":"https:\/\/www.bbmnoticias.com\/labravaradiofm\/?p=3282"},"modified":"2021-10-07T11:20:45","modified_gmt":"2021-10-07T16:20:45","slug":"pfizer-pide-a-la-fda-que-autorice-su-vacuna-contra-covid-19-para-ninos-entre-5-y-11-anos","status":"publish","type":"post","link":"https:\/\/www.bbmnoticias.com\/labravaradiofm\/2021\/10\/07\/pfizer-pide-a-la-fda-que-autorice-su-vacuna-contra-covid-19-para-ninos-entre-5-y-11-anos\/","title":{"rendered":"Pfizer pide a la FDA que autorice su vacuna contra Covid-19 para ni\u00f1os entre 5 y 11 a\u00f1os"},"content":{"rendered":"<div style=\"margin-top: 0px; margin-bottom: 0px;\" class=\"sharethis-inline-share-buttons\" ><\/div>\n<p>La <strong>farmac\u00e9uticas Pfizer y BioNtech<\/strong> solicitaron este jueves formalmente a la<strong> Administraci\u00f3n de F\u00e1rmacos y Alimentos (FDA) <\/strong>de<strong> Estados Unidos<\/strong> la autorizaci\u00f3n para el uso de emergencia de su <strong>vacuna contra Covid-19 <\/strong>en ni\u00f1os de 5 a 11 a\u00f1os.<\/p>\n\n\n\n<p>En su cuenta de Twitter, <strong>Pfizer <\/strong>confirma que ha hecho esta solicitud para la autorizaci\u00f3n.<\/p>\n\n\n\n<p>Hasta el momento la <strong>FDA <\/strong>s\u00f3lo autoriza el uso de esta vacuna a partir de los doce a\u00f1os.<\/p>\n\n\n\n<p>La pasada semana, el cirujano general de<strong> Estados Unidos (<\/strong>el principal responsable de la salud p\u00fablica del pa\u00eds), Vivek Murthy, asegur\u00f3 que las vacunas para los ni\u00f1os entre cinco y once a\u00f1os &#8220;est\u00e1n ya en el horizonte&#8221;.<br>&nbsp;<\/p>\n\n\n\n<p>Las <strong>farmac\u00e9uticas Pfizer y BioNTech<\/strong> anunciaron hace diez d\u00edas que los resultados de las \u00faltimas pruebas cl\u00ednicas han generado una &#8220;robusta&#8221; respuesta de anticuerpos y que la vacuna es segura, lo que acerca la posibilidad de un suero infantil disponible para finales de octubre o principios de noviembre.<\/p>\n\n\n\n<p>Tras presentar esta solicitud, ahora los los organismos reguladores -la FDA y los Centros de Control de Enfermedades (CDC)- deber\u00e1n revisar la petici\u00f3n antes de darle luz verde.<\/p>\n","protected":false},"excerpt":{"rendered":"<p>La farmac\u00e9uticas Pfizer y BioNtech solicitaron este jueves formalmente a la Administraci\u00f3n de F\u00e1rmacos y Alimentos (FDA) de Estados Unidos la autorizaci\u00f3n para el uso de emergencia de su vacuna contra Covid-19 en ni\u00f1os de 5 a 11 a\u00f1os. En su cuenta de Twitter, Pfizer confirma que ha hecho esta solicitud para la autorizaci\u00f3n. Hasta [&hellip;]<\/p>\n","protected":false},"author":10,"featured_media":3283,"comment_status":"closed","ping_status":"closed","sticky":false,"template":"","format":"standard","meta":{"footnotes":""},"categories":[1],"tags":[],"class_list":{"0":"post-3282","1":"post","2":"type-post","3":"status-publish","4":"format-standard","5":"has-post-thumbnail","7":"category-sin-categoria"},"yoast_head":"<!-- This site is optimized with the Yoast SEO plugin v27.4 - https:\/\/yoast.com\/product\/yoast-seo-wordpress\/ -->\n<title>Pfizer pide a la FDA que autorice su vacuna contra Covid-19 para ni\u00f1os entre 5 y 11 a\u00f1os - LA BRAVA RADIO<\/title>\n<meta name=\"description\" content=\"Tras presentar esta solicitud, ahora los los organismos reguladores -la FDA y los Centros de Control de Enfermedades (CDC)- deber\u00e1n revisar\" \/>\n<meta name=\"robots\" content=\"index, follow, max-snippet:-1, max-image-preview:large, max-video-preview:-1\" \/>\n<link rel=\"canonical\" href=\"https:\/\/www.bbmnoticias.com\/labravaradiofm\/2021\/10\/07\/pfizer-pide-a-la-fda-que-autorice-su-vacuna-contra-covid-19-para-ninos-entre-5-y-11-anos\/\" \/>\n<meta property=\"og:locale\" content=\"es_MX\" \/>\n<meta property=\"og:type\" content=\"article\" \/>\n<meta property=\"og:title\" content=\"Pfizer pide a la FDA que autorice su vacuna contra Covid-19 para ni\u00f1os entre 5 y 11 a\u00f1os - LA BRAVA RADIO\" \/>\n<meta property=\"og:description\" content=\"Tras presentar esta solicitud, ahora los los organismos reguladores -la FDA y los Centros de Control de Enfermedades (CDC)- deber\u00e1n revisar\" \/>\n<meta property=\"og:url\" content=\"https:\/\/www.bbmnoticias.com\/labravaradiofm\/2021\/10\/07\/pfizer-pide-a-la-fda-que-autorice-su-vacuna-contra-covid-19-para-ninos-entre-5-y-11-anos\/\" \/>\n<meta property=\"og:site_name\" content=\"LA BRAVA RADIO\" \/>\n<meta property=\"article:published_time\" content=\"2021-10-07T16:20:44+00:00\" \/>\n<meta property=\"article:modified_time\" content=\"2021-10-07T16:20:45+00:00\" \/>\n<meta property=\"og:image\" content=\"https:\/\/www.bbmnoticias.com\/labravaradiofm\/wp-content\/uploads\/sites\/5\/2021\/10\/internacional07102021-1.webp\" \/>\n\t<meta property=\"og:image:width\" content=\"1201\" \/>\n\t<meta property=\"og:image:height\" content=\"740\" \/>\n\t<meta property=\"og:image:type\" content=\"image\/webp\" \/>\n<meta name=\"author\" content=\"El Universal\" \/>\n<meta name=\"twitter:card\" content=\"summary_large_image\" \/>\n<meta name=\"twitter:label1\" content=\"Escrito por\" \/>\n\t<meta name=\"twitter:data1\" content=\"El Universal\" \/>\n\t<meta name=\"twitter:label2\" content=\"Tiempo de lectura\" \/>\n\t<meta name=\"twitter:data2\" content=\"1 minuto\" \/>\n<script type=\"application\/ld+json\" class=\"yoast-schema-graph\">{\"@context\":\"https:\\\/\\\/schema.org\",\"@graph\":[{\"@type\":\"Article\",\"@id\":\"https:\\\/\\\/www.bbmnoticias.com\\\/labravaradiofm\\\/2021\\\/10\\\/07\\\/pfizer-pide-a-la-fda-que-autorice-su-vacuna-contra-covid-19-para-ninos-entre-5-y-11-anos\\\/#article\",\"isPartOf\":{\"@id\":\"https:\\\/\\\/www.bbmnoticias.com\\\/labravaradiofm\\\/2021\\\/10\\\/07\\\/pfizer-pide-a-la-fda-que-autorice-su-vacuna-contra-covid-19-para-ninos-entre-5-y-11-anos\\\/\"},\"author\":{\"name\":\"El Universal\",\"@id\":\"https:\\\/\\\/www.bbmnoticias.com\\\/labravaradiofm\\\/#\\\/schema\\\/person\\\/2a5252389acf1e67397601bfd47df59b\"},\"headline\":\"Pfizer pide a la FDA que autorice su vacuna contra Covid-19 para ni\u00f1os entre 5 y 11 a\u00f1os\",\"datePublished\":\"2021-10-07T16:20:44+00:00\",\"dateModified\":\"2021-10-07T16:20:45+00:00\",\"mainEntityOfPage\":{\"@id\":\"https:\\\/\\\/www.bbmnoticias.com\\\/labravaradiofm\\\/2021\\\/10\\\/07\\\/pfizer-pide-a-la-fda-que-autorice-su-vacuna-contra-covid-19-para-ninos-entre-5-y-11-anos\\\/\"},\"wordCount\":222,\"image\":{\"@id\":\"https:\\\/\\\/www.bbmnoticias.com\\\/labravaradiofm\\\/2021\\\/10\\\/07\\\/pfizer-pide-a-la-fda-que-autorice-su-vacuna-contra-covid-19-para-ninos-entre-5-y-11-anos\\\/#primaryimage\"},\"thumbnailUrl\":\"https:\\\/\\\/www.bbmnoticias.com\\\/labravaradiofm\\\/wp-content\\\/uploads\\\/sites\\\/5\\\/2021\\\/10\\\/internacional07102021-1.webp\",\"inLanguage\":\"es\"},{\"@type\":\"WebPage\",\"@id\":\"https:\\\/\\\/www.bbmnoticias.com\\\/labravaradiofm\\\/2021\\\/10\\\/07\\\/pfizer-pide-a-la-fda-que-autorice-su-vacuna-contra-covid-19-para-ninos-entre-5-y-11-anos\\\/\",\"url\":\"https:\\\/\\\/www.bbmnoticias.com\\\/labravaradiofm\\\/2021\\\/10\\\/07\\\/pfizer-pide-a-la-fda-que-autorice-su-vacuna-contra-covid-19-para-ninos-entre-5-y-11-anos\\\/\",\"name\":\"Pfizer pide a la FDA que autorice su vacuna contra Covid-19 para ni\u00f1os entre 5 y 11 a\u00f1os - LA BRAVA RADIO\",\"isPartOf\":{\"@id\":\"https:\\\/\\\/www.bbmnoticias.com\\\/labravaradiofm\\\/#website\"},\"primaryImageOfPage\":{\"@id\":\"https:\\\/\\\/www.bbmnoticias.com\\\/labravaradiofm\\\/2021\\\/10\\\/07\\\/pfizer-pide-a-la-fda-que-autorice-su-vacuna-contra-covid-19-para-ninos-entre-5-y-11-anos\\\/#primaryimage\"},\"image\":{\"@id\":\"https:\\\/\\\/www.bbmnoticias.com\\\/labravaradiofm\\\/2021\\\/10\\\/07\\\/pfizer-pide-a-la-fda-que-autorice-su-vacuna-contra-covid-19-para-ninos-entre-5-y-11-anos\\\/#primaryimage\"},\"thumbnailUrl\":\"https:\\\/\\\/www.bbmnoticias.com\\\/labravaradiofm\\\/wp-content\\\/uploads\\\/sites\\\/5\\\/2021\\\/10\\\/internacional07102021-1.webp\",\"datePublished\":\"2021-10-07T16:20:44+00:00\",\"dateModified\":\"2021-10-07T16:20:45+00:00\",\"author\":{\"@id\":\"https:\\\/\\\/www.bbmnoticias.com\\\/labravaradiofm\\\/#\\\/schema\\\/person\\\/2a5252389acf1e67397601bfd47df59b\"},\"description\":\"Tras presentar esta solicitud, ahora los los organismos reguladores -la FDA y los Centros de Control de Enfermedades (CDC)- deber\u00e1n revisar\",\"breadcrumb\":{\"@id\":\"https:\\\/\\\/www.bbmnoticias.com\\\/labravaradiofm\\\/2021\\\/10\\\/07\\\/pfizer-pide-a-la-fda-que-autorice-su-vacuna-contra-covid-19-para-ninos-entre-5-y-11-anos\\\/#breadcrumb\"},\"inLanguage\":\"es\",\"potentialAction\":[{\"@type\":\"ReadAction\",\"target\":[\"https:\\\/\\\/www.bbmnoticias.com\\\/labravaradiofm\\\/2021\\\/10\\\/07\\\/pfizer-pide-a-la-fda-que-autorice-su-vacuna-contra-covid-19-para-ninos-entre-5-y-11-anos\\\/\"]}]},{\"@type\":\"ImageObject\",\"inLanguage\":\"es\",\"@id\":\"https:\\\/\\\/www.bbmnoticias.com\\\/labravaradiofm\\\/2021\\\/10\\\/07\\\/pfizer-pide-a-la-fda-que-autorice-su-vacuna-contra-covid-19-para-ninos-entre-5-y-11-anos\\\/#primaryimage\",\"url\":\"https:\\\/\\\/www.bbmnoticias.com\\\/labravaradiofm\\\/wp-content\\\/uploads\\\/sites\\\/5\\\/2021\\\/10\\\/internacional07102021-1.webp\",\"contentUrl\":\"https:\\\/\\\/www.bbmnoticias.com\\\/labravaradiofm\\\/wp-content\\\/uploads\\\/sites\\\/5\\\/2021\\\/10\\\/internacional07102021-1.webp\",\"width\":1201,\"height\":740},{\"@type\":\"BreadcrumbList\",\"@id\":\"https:\\\/\\\/www.bbmnoticias.com\\\/labravaradiofm\\\/2021\\\/10\\\/07\\\/pfizer-pide-a-la-fda-que-autorice-su-vacuna-contra-covid-19-para-ninos-entre-5-y-11-anos\\\/#breadcrumb\",\"itemListElement\":[{\"@type\":\"ListItem\",\"position\":1,\"name\":\"Inicio\",\"item\":\"https:\\\/\\\/www.bbmnoticias.com\\\/labravaradiofm\\\/\"},{\"@type\":\"ListItem\",\"position\":2,\"name\":\"Pfizer pide a la FDA que autorice su vacuna contra Covid-19 para ni\u00f1os entre 5 y 11 a\u00f1os\"}]},{\"@type\":\"WebSite\",\"@id\":\"https:\\\/\\\/www.bbmnoticias.com\\\/labravaradiofm\\\/#website\",\"url\":\"https:\\\/\\\/www.bbmnoticias.com\\\/labravaradiofm\\\/\",\"name\":\"LA BRAVA RADIO\",\"description\":\"Empresa productora de medios, Radiodifusi\u00f3n, Noticias, tendencias y todo lo que necesitas saber de la pol\u00edtica mexicana e internacional; entretenimiento, espect\u00e1culos, salud y mucho m\u00e1s.\",\"potentialAction\":[{\"@type\":\"SearchAction\",\"target\":{\"@type\":\"EntryPoint\",\"urlTemplate\":\"https:\\\/\\\/www.bbmnoticias.com\\\/labravaradiofm\\\/?s={search_term_string}\"},\"query-input\":{\"@type\":\"PropertyValueSpecification\",\"valueRequired\":true,\"valueName\":\"search_term_string\"}}],\"inLanguage\":\"es\"},{\"@type\":\"Person\",\"@id\":\"https:\\\/\\\/www.bbmnoticias.com\\\/labravaradiofm\\\/#\\\/schema\\\/person\\\/2a5252389acf1e67397601bfd47df59b\",\"name\":\"El Universal\",\"image\":{\"@type\":\"ImageObject\",\"inLanguage\":\"es\",\"@id\":\"https:\\\/\\\/secure.gravatar.com\\\/avatar\\\/71c770e6e00bd7cb8183e56d1c59f81601544fbe41d802d7c17d05c9e25f7d06?s=96&d=mm&r=g\",\"url\":\"https:\\\/\\\/secure.gravatar.com\\\/avatar\\\/71c770e6e00bd7cb8183e56d1c59f81601544fbe41d802d7c17d05c9e25f7d06?s=96&d=mm&r=g\",\"contentUrl\":\"https:\\\/\\\/secure.gravatar.com\\\/avatar\\\/71c770e6e00bd7cb8183e56d1c59f81601544fbe41d802d7c17d05c9e25f7d06?s=96&d=mm&r=g\",\"caption\":\"El Universal\"},\"url\":\"https:\\\/\\\/www.bbmnoticias.com\\\/labravaradiofm\\\/author\\\/eluniversal\\\/\"}]}<\/script>\n<!-- \/ Yoast SEO plugin. -->","yoast_head_json":{"title":"Pfizer pide a la FDA que autorice su vacuna contra Covid-19 para ni\u00f1os entre 5 y 11 a\u00f1os - LA BRAVA RADIO","description":"Tras presentar esta solicitud, ahora los los organismos reguladores -la FDA y los Centros de Control de Enfermedades (CDC)- deber\u00e1n revisar","robots":{"index":"index","follow":"follow","max-snippet":"max-snippet:-1","max-image-preview":"max-image-preview:large","max-video-preview":"max-video-preview:-1"},"canonical":"https:\/\/www.bbmnoticias.com\/labravaradiofm\/2021\/10\/07\/pfizer-pide-a-la-fda-que-autorice-su-vacuna-contra-covid-19-para-ninos-entre-5-y-11-anos\/","og_locale":"es_MX","og_type":"article","og_title":"Pfizer pide a la FDA que autorice su vacuna contra Covid-19 para ni\u00f1os entre 5 y 11 a\u00f1os - LA BRAVA RADIO","og_description":"Tras presentar esta solicitud, ahora los los organismos reguladores -la FDA y los Centros de Control de Enfermedades (CDC)- deber\u00e1n revisar","og_url":"https:\/\/www.bbmnoticias.com\/labravaradiofm\/2021\/10\/07\/pfizer-pide-a-la-fda-que-autorice-su-vacuna-contra-covid-19-para-ninos-entre-5-y-11-anos\/","og_site_name":"LA BRAVA RADIO","article_published_time":"2021-10-07T16:20:44+00:00","article_modified_time":"2021-10-07T16:20:45+00:00","og_image":[{"width":1201,"height":740,"url":"https:\/\/www.bbmnoticias.com\/labravaradiofm\/wp-content\/uploads\/sites\/5\/2021\/10\/internacional07102021-1.webp","type":"image\/webp"}],"author":"El Universal","twitter_card":"summary_large_image","twitter_misc":{"Escrito por":"El Universal","Tiempo de lectura":"1 minuto"},"schema":{"@context":"https:\/\/schema.org","@graph":[{"@type":"Article","@id":"https:\/\/www.bbmnoticias.com\/labravaradiofm\/2021\/10\/07\/pfizer-pide-a-la-fda-que-autorice-su-vacuna-contra-covid-19-para-ninos-entre-5-y-11-anos\/#article","isPartOf":{"@id":"https:\/\/www.bbmnoticias.com\/labravaradiofm\/2021\/10\/07\/pfizer-pide-a-la-fda-que-autorice-su-vacuna-contra-covid-19-para-ninos-entre-5-y-11-anos\/"},"author":{"name":"El Universal","@id":"https:\/\/www.bbmnoticias.com\/labravaradiofm\/#\/schema\/person\/2a5252389acf1e67397601bfd47df59b"},"headline":"Pfizer pide a la FDA que autorice su vacuna contra Covid-19 para ni\u00f1os entre 5 y 11 a\u00f1os","datePublished":"2021-10-07T16:20:44+00:00","dateModified":"2021-10-07T16:20:45+00:00","mainEntityOfPage":{"@id":"https:\/\/www.bbmnoticias.com\/labravaradiofm\/2021\/10\/07\/pfizer-pide-a-la-fda-que-autorice-su-vacuna-contra-covid-19-para-ninos-entre-5-y-11-anos\/"},"wordCount":222,"image":{"@id":"https:\/\/www.bbmnoticias.com\/labravaradiofm\/2021\/10\/07\/pfizer-pide-a-la-fda-que-autorice-su-vacuna-contra-covid-19-para-ninos-entre-5-y-11-anos\/#primaryimage"},"thumbnailUrl":"https:\/\/www.bbmnoticias.com\/labravaradiofm\/wp-content\/uploads\/sites\/5\/2021\/10\/internacional07102021-1.webp","inLanguage":"es"},{"@type":"WebPage","@id":"https:\/\/www.bbmnoticias.com\/labravaradiofm\/2021\/10\/07\/pfizer-pide-a-la-fda-que-autorice-su-vacuna-contra-covid-19-para-ninos-entre-5-y-11-anos\/","url":"https:\/\/www.bbmnoticias.com\/labravaradiofm\/2021\/10\/07\/pfizer-pide-a-la-fda-que-autorice-su-vacuna-contra-covid-19-para-ninos-entre-5-y-11-anos\/","name":"Pfizer pide a la FDA que autorice su vacuna contra Covid-19 para ni\u00f1os entre 5 y 11 a\u00f1os - LA BRAVA RADIO","isPartOf":{"@id":"https:\/\/www.bbmnoticias.com\/labravaradiofm\/#website"},"primaryImageOfPage":{"@id":"https:\/\/www.bbmnoticias.com\/labravaradiofm\/2021\/10\/07\/pfizer-pide-a-la-fda-que-autorice-su-vacuna-contra-covid-19-para-ninos-entre-5-y-11-anos\/#primaryimage"},"image":{"@id":"https:\/\/www.bbmnoticias.com\/labravaradiofm\/2021\/10\/07\/pfizer-pide-a-la-fda-que-autorice-su-vacuna-contra-covid-19-para-ninos-entre-5-y-11-anos\/#primaryimage"},"thumbnailUrl":"https:\/\/www.bbmnoticias.com\/labravaradiofm\/wp-content\/uploads\/sites\/5\/2021\/10\/internacional07102021-1.webp","datePublished":"2021-10-07T16:20:44+00:00","dateModified":"2021-10-07T16:20:45+00:00","author":{"@id":"https:\/\/www.bbmnoticias.com\/labravaradiofm\/#\/schema\/person\/2a5252389acf1e67397601bfd47df59b"},"description":"Tras presentar esta solicitud, ahora los los organismos reguladores -la FDA y los Centros de Control de Enfermedades (CDC)- deber\u00e1n revisar","breadcrumb":{"@id":"https:\/\/www.bbmnoticias.com\/labravaradiofm\/2021\/10\/07\/pfizer-pide-a-la-fda-que-autorice-su-vacuna-contra-covid-19-para-ninos-entre-5-y-11-anos\/#breadcrumb"},"inLanguage":"es","potentialAction":[{"@type":"ReadAction","target":["https:\/\/www.bbmnoticias.com\/labravaradiofm\/2021\/10\/07\/pfizer-pide-a-la-fda-que-autorice-su-vacuna-contra-covid-19-para-ninos-entre-5-y-11-anos\/"]}]},{"@type":"ImageObject","inLanguage":"es","@id":"https:\/\/www.bbmnoticias.com\/labravaradiofm\/2021\/10\/07\/pfizer-pide-a-la-fda-que-autorice-su-vacuna-contra-covid-19-para-ninos-entre-5-y-11-anos\/#primaryimage","url":"https:\/\/www.bbmnoticias.com\/labravaradiofm\/wp-content\/uploads\/sites\/5\/2021\/10\/internacional07102021-1.webp","contentUrl":"https:\/\/www.bbmnoticias.com\/labravaradiofm\/wp-content\/uploads\/sites\/5\/2021\/10\/internacional07102021-1.webp","width":1201,"height":740},{"@type":"BreadcrumbList","@id":"https:\/\/www.bbmnoticias.com\/labravaradiofm\/2021\/10\/07\/pfizer-pide-a-la-fda-que-autorice-su-vacuna-contra-covid-19-para-ninos-entre-5-y-11-anos\/#breadcrumb","itemListElement":[{"@type":"ListItem","position":1,"name":"Inicio","item":"https:\/\/www.bbmnoticias.com\/labravaradiofm\/"},{"@type":"ListItem","position":2,"name":"Pfizer pide a la FDA que autorice su vacuna contra Covid-19 para ni\u00f1os entre 5 y 11 a\u00f1os"}]},{"@type":"WebSite","@id":"https:\/\/www.bbmnoticias.com\/labravaradiofm\/#website","url":"https:\/\/www.bbmnoticias.com\/labravaradiofm\/","name":"LA BRAVA RADIO","description":"Empresa productora de medios, Radiodifusi\u00f3n, Noticias, tendencias y todo lo que necesitas saber de la pol\u00edtica mexicana e internacional; entretenimiento, espect\u00e1culos, salud y mucho m\u00e1s.","potentialAction":[{"@type":"SearchAction","target":{"@type":"EntryPoint","urlTemplate":"https:\/\/www.bbmnoticias.com\/labravaradiofm\/?s={search_term_string}"},"query-input":{"@type":"PropertyValueSpecification","valueRequired":true,"valueName":"search_term_string"}}],"inLanguage":"es"},{"@type":"Person","@id":"https:\/\/www.bbmnoticias.com\/labravaradiofm\/#\/schema\/person\/2a5252389acf1e67397601bfd47df59b","name":"El Universal","image":{"@type":"ImageObject","inLanguage":"es","@id":"https:\/\/secure.gravatar.com\/avatar\/71c770e6e00bd7cb8183e56d1c59f81601544fbe41d802d7c17d05c9e25f7d06?s=96&d=mm&r=g","url":"https:\/\/secure.gravatar.com\/avatar\/71c770e6e00bd7cb8183e56d1c59f81601544fbe41d802d7c17d05c9e25f7d06?s=96&d=mm&r=g","contentUrl":"https:\/\/secure.gravatar.com\/avatar\/71c770e6e00bd7cb8183e56d1c59f81601544fbe41d802d7c17d05c9e25f7d06?s=96&d=mm&r=g","caption":"El Universal"},"url":"https:\/\/www.bbmnoticias.com\/labravaradiofm\/author\/eluniversal\/"}]}},"_links":{"self":[{"href":"https:\/\/www.bbmnoticias.com\/labravaradiofm\/wp-json\/wp\/v2\/posts\/3282","targetHints":{"allow":["GET"]}}],"collection":[{"href":"https:\/\/www.bbmnoticias.com\/labravaradiofm\/wp-json\/wp\/v2\/posts"}],"about":[{"href":"https:\/\/www.bbmnoticias.com\/labravaradiofm\/wp-json\/wp\/v2\/types\/post"}],"author":[{"embeddable":true,"href":"https:\/\/www.bbmnoticias.com\/labravaradiofm\/wp-json\/wp\/v2\/users\/10"}],"replies":[{"embeddable":true,"href":"https:\/\/www.bbmnoticias.com\/labravaradiofm\/wp-json\/wp\/v2\/comments?post=3282"}],"version-history":[{"count":0,"href":"https:\/\/www.bbmnoticias.com\/labravaradiofm\/wp-json\/wp\/v2\/posts\/3282\/revisions"}],"wp:featuredmedia":[{"embeddable":true,"href":"https:\/\/www.bbmnoticias.com\/labravaradiofm\/wp-json\/wp\/v2\/media\/3283"}],"wp:attachment":[{"href":"https:\/\/www.bbmnoticias.com\/labravaradiofm\/wp-json\/wp\/v2\/media?parent=3282"}],"wp:term":[{"taxonomy":"category","embeddable":true,"href":"https:\/\/www.bbmnoticias.com\/labravaradiofm\/wp-json\/wp\/v2\/categories?post=3282"},{"taxonomy":"post_tag","embeddable":true,"href":"https:\/\/www.bbmnoticias.com\/labravaradiofm\/wp-json\/wp\/v2\/tags?post=3282"}],"curies":[{"name":"wp","href":"https:\/\/api.w.org\/{rel}","templated":true}]}}