{"id":3272,"date":"2021-10-07T10:57:29","date_gmt":"2021-10-07T15:57:29","guid":{"rendered":"https:\/\/www.bbmnoticias.com\/labravaradiofm\/?p=3272"},"modified":"2021-10-07T10:57:31","modified_gmt":"2021-10-07T15:57:31","slug":"la-reforma-energetica-y-el-cambio-en-la-politica-de-propiedad-estatal-de-cfe-y-pemex-que-conlleva-causaria-graves-danos-mexico-evalua","status":"publish","type":"post","link":"https:\/\/www.bbmnoticias.com\/labravaradiofm\/2021\/10\/07\/la-reforma-energetica-y-el-cambio-en-la-politica-de-propiedad-estatal-de-cfe-y-pemex-que-conlleva-causaria-graves-danos-mexico-evalua\/","title":{"rendered":"La Reforma Energ\u00e9tica, y el cambio en la pol\u00edtica de propiedad estatal de CFE y Pemex que conlleva, causar\u00eda graves da\u00f1os: M\u00e9xico Eval\u00faa"},"content":{"rendered":"<div style=\"margin-top: 0px; margin-bottom: 0px;\" class=\"sharethis-inline-share-buttons\" ><\/div>\n<p>M\u00e9xico Eval\u00faa considera que la iniciativa de reforma constitucional en materia energ\u00e9tica refleja una incomprensi\u00f3n de los cambios profundos en el sector energ\u00e9tico que en la \u00faltima d\u00e9cada han habilitado derechos y libertades para una mayor autodeterminaci\u00f3n de las personas en su vida diaria. Llevar a cabo la reforma propuesta ir\u00eda en sentido contrario a estos avances, y <strong>afectar\u00eda severamente el bienestar general de la poblaci\u00f3n, al trastocar m\u00faltiples esferas de la econom\u00eda, el medioambiente y las finanzas p\u00fablicas.<\/strong><br>&nbsp;<br>M\u00e9xico Eval\u00faa est\u00e1 convencida de que un replanteamiento tan dr\u00e1stico del rol del Estado como propietario de empresas p\u00fablicas en una estructura tan centralizada, al punto de excluir a los sectores privado y social, <strong>no puede ejecutarse sin una deliberaci\u00f3n profunda de todos los impactos que podr\u00eda provocar en el corto, mediano y largo plazo.<\/strong><br>&nbsp;<br>La iniciativa de reforma implicar\u00eda, principalmente:<br>&nbsp;<\/p>\n\n\n\n<ol class=\"wp-block-list\"><li>Un estatus legal para la CFE superior al de las secretar\u00edas de Estado, que dibujar\u00eda un nuevo esquema de gobernabilidad en el sector p\u00fablico.<\/li><li>La desaparici\u00f3n de la Comisi\u00f3n Reguladora de Energ\u00eda (CRE) y la Comisi\u00f3n Nacional de Hidrocarburos (CNH).<\/li><li>Una CFE autorregulada, sin contrapesos y sin mecanismos de transparencia y rendici\u00f3n de cuentas.<\/li><li>Un limbo jur\u00eddico, pol\u00edtico y regulatorio para Pemex, al no proveer m\u00e1s informaci\u00f3n sobre el dise\u00f1o de su estructura y mandato.<\/li><li>Aumentos sustanciales en el costo de la electricidad que, junto con la promesa del presidente L\u00f3pez Obrador sobre no aumentar las tarifas dom\u00e9sticas de bajo consumo, derivar\u00edan en un alza en el monto de recursos que el gobierno destina a subsidios el\u00e9ctricos, que ya suma en promedio 74.4 mmdp.<\/li><li>Un freno a la innovaci\u00f3n en el sector por rigidez financiera de la CFE, dada la magnitud de sus pasivos, que al primer semestre del 2021 sumaban 1.6 billones de pesos.<\/li><li>P\u00e9rdida de competitividad del pa\u00eds y del bienestar de la poblaci\u00f3n reflejados en&nbsp; incremento de precios con su respectivo impacto en los precios generales de la econom\u00eda. Por ejemplo, un aumento promedio del 30% en las tarifas el\u00e9ctricas implicar\u00eda un aumento promedio del 20.4% en los precios de insumos intermedios de la industria.<\/li><li>Mayor dificultad para atraer inversiones por falta de condiciones para proveer a la industria de suficiente energ\u00eda limpia que les permita disminuir sus propias huellas de carbono, seg\u00fan la normatividad internacional.<\/li><li>Dificultad para ampliar inversiones en el campo de las fuentes de energ\u00eda renovable.<\/li><li>Afectaciones ambientales y complicaciones diplom\u00e1ticas para el pa\u00eds, a causa de la imposibilidad de alcanzar los porcentajes comprometidos a nivel internacional para disminuir las emisiones de gases de efecto invernadero.<\/li><li>Incertidumbre jur\u00eddica para el sector privado en la venta de energ\u00eda a la CFE, dada la ambig\u00fcedad en el mecanismo para el despacho el\u00e9ctrico y por el r\u00e9gimen de excepci\u00f3n al art\u00edculo 134 constitucional, el cual dicta en condiciones normales que&nbsp; las licitaciones son el mecanismo prioritario para las compras p\u00fablicas.<\/li><li>Esquemas arbitrarios para la toma de decisiones de la CFE, que podr\u00edan promover nuevos y mayores patrones de corrupci\u00f3n.<\/li><li>Quiebra de empresas proveedoras de la CFE, que podr\u00edan configurar los requisitos para calificar como expropiaciones indirectas en los t\u00e9rminos del T-MEC y otros tratados internacionales.<\/li><li>Arbitrajes internacionales y litigios para reclamar indemnizaciones que podr\u00edan sumar alrededor de 1 bill\u00f3n de pesos.<\/li><li>Litigios por cancelaci\u00f3n de contratos y permisos vigentes con la CFE.<\/li><li>Afectaciones a los planes de negocio en el subsector de generaci\u00f3n distribuida (paneles solares) ya que, bajo la figura de \u201c\u00e1rea estrat\u00e9gica\u201d, podr\u00eda adue\u00f1arse del derecho exclusivo de uso del sol y del viento, recursos que son bienes p\u00fablicos bajo el marco legal vigente.<\/li><\/ol>\n\n\n\n<p>&nbsp;<br><strong>M\u00e9xico Eval\u00faa somete a consideraci\u00f3n de los legisladores <a href=\"https:\/\/mexicoevalua.us9.list-manage.com\/track\/click?u=43ea7eea3f0680e87f9727450&amp;id=010c0f92ec&amp;e=b3f92dd1ff\" target=\"_blank\" rel=\"noreferrer noopener\">las recomendaciones que emiti\u00f3 en 2020<\/a>, <\/strong>respecto de elaborar para M\u00e9xico una pol\u00edtica de propiedad del portafolio de inversiones productivas del Estado. Destaca en este esquema la figura de \u201centidad propietaria\u201d, que podr\u00eda formar parte de un Consejo Fiscal o similar. Se trata de un ente del Estado encargado de ejercer de una forma m\u00e1s estrat\u00e9gica y eficaz la vigilancia del desempe\u00f1o de sus empresas.<br><br>A trav\u00e9s de una entidad propietaria ser\u00eda posible normalizar procesos continuos de revisi\u00f3n y vigilancia, para acreditar el inter\u00e9s general que sustenta la existencia de las empresas del Estado, a fin de dar mayor certidumbre sobre su conveniencia para el pa\u00eds, independientemente de ideolog\u00edas.<br><br><a href=\"https:\/\/mexicoevalua.us9.list-manage.com\/track\/click?u=43ea7eea3f0680e87f9727450&amp;id=e543ee4ade&amp;e=b3f92dd1ff\" target=\"_blank\" rel=\"noreferrer noopener\">Consulta el<\/a><a href=\"https:\/\/mexicoevalua.us9.list-manage.com\/track\/click?u=43ea7eea3f0680e87f9727450&amp;id=f2302c6bb4&amp;e=b3f92dd1ff\" target=\"_blank\" rel=\"noreferrer noopener\">&nbsp;an\u00e1lisis a detalle de cada una de las afectaciones tras la iniciativa de reforma constitucional, y de la propuesta de M\u00e9xico Eval\u00faa<\/a><a href=\"https:\/\/mexicoevalua.us9.list-manage.com\/track\/click?u=43ea7eea3f0680e87f9727450&amp;id=95bf3596ea&amp;e=b3f92dd1ff\" target=\"_blank\" rel=\"noreferrer noopener\">.<\/a><\/p>\n","protected":false},"excerpt":{"rendered":"<p>M\u00e9xico Eval\u00faa considera que la iniciativa de reforma constitucional en materia energ\u00e9tica refleja una incomprensi\u00f3n de los cambios profundos en el sector energ\u00e9tico que en la \u00faltima d\u00e9cada han habilitado derechos y libertades para una mayor autodeterminaci\u00f3n de las personas en su vida diaria. Llevar a cabo la reforma propuesta ir\u00eda en sentido contrario a [&hellip;]<\/p>\n","protected":false},"author":2,"featured_media":3273,"comment_status":"closed","ping_status":"closed","sticky":false,"template":"","format":"standard","meta":{"footnotes":""},"categories":[19],"tags":[],"class_list":{"0":"post-3272","1":"post","2":"type-post","3":"status-publish","4":"format-standard","5":"has-post-thumbnail","7":"category-nacional"},"yoast_head":"<!-- This site is optimized with the Yoast SEO plugin v27.4 - https:\/\/yoast.com\/product\/yoast-seo-wordpress\/ -->\n<title>La Reforma Energ\u00e9tica, y el cambio en la pol\u00edtica de propiedad estatal de CFE y Pemex que conlleva, causar\u00eda graves da\u00f1os: M\u00e9xico Eval\u00faa - LA BRAVA RADIO<\/title>\n<meta name=\"description\" content=\"Llevar a cabo la reforma afectar\u00eda el bienestar de la poblaci\u00f3n al trastocar esferas de la econom\u00eda, el medioambiente y las finanzas p\u00fablicas.\" \/>\n<meta name=\"robots\" content=\"index, follow, max-snippet:-1, max-image-preview:large, max-video-preview:-1\" \/>\n<link rel=\"canonical\" href=\"https:\/\/www.bbmnoticias.com\/labravaradiofm\/2021\/10\/07\/la-reforma-energetica-y-el-cambio-en-la-politica-de-propiedad-estatal-de-cfe-y-pemex-que-conlleva-causaria-graves-danos-mexico-evalua\/\" \/>\n<meta property=\"og:locale\" content=\"es_MX\" \/>\n<meta property=\"og:type\" content=\"article\" \/>\n<meta property=\"og:title\" content=\"La Reforma Energ\u00e9tica, y el cambio en la pol\u00edtica de propiedad estatal de CFE y Pemex que conlleva, causar\u00eda graves da\u00f1os: M\u00e9xico Eval\u00faa - LA BRAVA RADIO\" \/>\n<meta property=\"og:description\" content=\"Llevar a cabo la reforma afectar\u00eda el bienestar de la poblaci\u00f3n al trastocar esferas de la econom\u00eda, el medioambiente y las finanzas p\u00fablicas.\" \/>\n<meta property=\"og:url\" content=\"https:\/\/www.bbmnoticias.com\/labravaradiofm\/2021\/10\/07\/la-reforma-energetica-y-el-cambio-en-la-politica-de-propiedad-estatal-de-cfe-y-pemex-que-conlleva-causaria-graves-danos-mexico-evalua\/\" \/>\n<meta property=\"og:site_name\" content=\"LA BRAVA RADIO\" \/>\n<meta property=\"article:published_time\" content=\"2021-10-07T15:57:29+00:00\" \/>\n<meta property=\"article:modified_time\" content=\"2021-10-07T15:57:31+00:00\" \/>\n<meta property=\"og:image\" content=\"https:\/\/www.bbmnoticias.com\/labravaradiofm\/wp-content\/uploads\/sites\/5\/2021\/10\/nacional07102021-5.jpg\" \/>\n\t<meta property=\"og:image:width\" content=\"1024\" \/>\n\t<meta property=\"og:image:height\" content=\"529\" \/>\n\t<meta property=\"og:image:type\" content=\"image\/jpeg\" \/>\n<meta name=\"author\" content=\"Staff\" \/>\n<meta name=\"twitter:card\" content=\"summary_large_image\" \/>\n<meta name=\"twitter:label1\" content=\"Escrito por\" \/>\n\t<meta name=\"twitter:data1\" content=\"Staff\" \/>\n\t<meta name=\"twitter:label2\" content=\"Tiempo de lectura\" \/>\n\t<meta name=\"twitter:data2\" content=\"4 minutos\" \/>\n<script type=\"application\/ld+json\" class=\"yoast-schema-graph\">{\"@context\":\"https:\\\/\\\/schema.org\",\"@graph\":[{\"@type\":\"Article\",\"@id\":\"https:\\\/\\\/www.bbmnoticias.com\\\/labravaradiofm\\\/2021\\\/10\\\/07\\\/la-reforma-energetica-y-el-cambio-en-la-politica-de-propiedad-estatal-de-cfe-y-pemex-que-conlleva-causaria-graves-danos-mexico-evalua\\\/#article\",\"isPartOf\":{\"@id\":\"https:\\\/\\\/www.bbmnoticias.com\\\/labravaradiofm\\\/2021\\\/10\\\/07\\\/la-reforma-energetica-y-el-cambio-en-la-politica-de-propiedad-estatal-de-cfe-y-pemex-que-conlleva-causaria-graves-danos-mexico-evalua\\\/\"},\"author\":{\"name\":\"Staff\",\"@id\":\"https:\\\/\\\/www.bbmnoticias.com\\\/labravaradiofm\\\/#\\\/schema\\\/person\\\/68a9e9036ef3c5b55aeb2b71dc8bab45\"},\"headline\":\"La Reforma Energ\u00e9tica, y el cambio en la pol\u00edtica de propiedad estatal de CFE y Pemex que conlleva, causar\u00eda graves da\u00f1os: M\u00e9xico Eval\u00faa\",\"datePublished\":\"2021-10-07T15:57:29+00:00\",\"dateModified\":\"2021-10-07T15:57:31+00:00\",\"mainEntityOfPage\":{\"@id\":\"https:\\\/\\\/www.bbmnoticias.com\\\/labravaradiofm\\\/2021\\\/10\\\/07\\\/la-reforma-energetica-y-el-cambio-en-la-politica-de-propiedad-estatal-de-cfe-y-pemex-que-conlleva-causaria-graves-danos-mexico-evalua\\\/\"},\"wordCount\":845,\"image\":{\"@id\":\"https:\\\/\\\/www.bbmnoticias.com\\\/labravaradiofm\\\/2021\\\/10\\\/07\\\/la-reforma-energetica-y-el-cambio-en-la-politica-de-propiedad-estatal-de-cfe-y-pemex-que-conlleva-causaria-graves-danos-mexico-evalua\\\/#primaryimage\"},\"thumbnailUrl\":\"https:\\\/\\\/www.bbmnoticias.com\\\/labravaradiofm\\\/wp-content\\\/uploads\\\/sites\\\/5\\\/2021\\\/10\\\/nacional07102021-5.jpg\",\"articleSection\":[\"NACIONAL\"],\"inLanguage\":\"es\"},{\"@type\":\"WebPage\",\"@id\":\"https:\\\/\\\/www.bbmnoticias.com\\\/labravaradiofm\\\/2021\\\/10\\\/07\\\/la-reforma-energetica-y-el-cambio-en-la-politica-de-propiedad-estatal-de-cfe-y-pemex-que-conlleva-causaria-graves-danos-mexico-evalua\\\/\",\"url\":\"https:\\\/\\\/www.bbmnoticias.com\\\/labravaradiofm\\\/2021\\\/10\\\/07\\\/la-reforma-energetica-y-el-cambio-en-la-politica-de-propiedad-estatal-de-cfe-y-pemex-que-conlleva-causaria-graves-danos-mexico-evalua\\\/\",\"name\":\"La Reforma Energ\u00e9tica, y el cambio en la pol\u00edtica de propiedad estatal de CFE y Pemex que conlleva, causar\u00eda graves da\u00f1os: M\u00e9xico Eval\u00faa - LA BRAVA RADIO\",\"isPartOf\":{\"@id\":\"https:\\\/\\\/www.bbmnoticias.com\\\/labravaradiofm\\\/#website\"},\"primaryImageOfPage\":{\"@id\":\"https:\\\/\\\/www.bbmnoticias.com\\\/labravaradiofm\\\/2021\\\/10\\\/07\\\/la-reforma-energetica-y-el-cambio-en-la-politica-de-propiedad-estatal-de-cfe-y-pemex-que-conlleva-causaria-graves-danos-mexico-evalua\\\/#primaryimage\"},\"image\":{\"@id\":\"https:\\\/\\\/www.bbmnoticias.com\\\/labravaradiofm\\\/2021\\\/10\\\/07\\\/la-reforma-energetica-y-el-cambio-en-la-politica-de-propiedad-estatal-de-cfe-y-pemex-que-conlleva-causaria-graves-danos-mexico-evalua\\\/#primaryimage\"},\"thumbnailUrl\":\"https:\\\/\\\/www.bbmnoticias.com\\\/labravaradiofm\\\/wp-content\\\/uploads\\\/sites\\\/5\\\/2021\\\/10\\\/nacional07102021-5.jpg\",\"datePublished\":\"2021-10-07T15:57:29+00:00\",\"dateModified\":\"2021-10-07T15:57:31+00:00\",\"author\":{\"@id\":\"https:\\\/\\\/www.bbmnoticias.com\\\/labravaradiofm\\\/#\\\/schema\\\/person\\\/68a9e9036ef3c5b55aeb2b71dc8bab45\"},\"description\":\"Llevar a cabo la reforma afectar\u00eda el bienestar de la poblaci\u00f3n al trastocar esferas de la econom\u00eda, el medioambiente y las finanzas p\u00fablicas.\",\"breadcrumb\":{\"@id\":\"https:\\\/\\\/www.bbmnoticias.com\\\/labravaradiofm\\\/2021\\\/10\\\/07\\\/la-reforma-energetica-y-el-cambio-en-la-politica-de-propiedad-estatal-de-cfe-y-pemex-que-conlleva-causaria-graves-danos-mexico-evalua\\\/#breadcrumb\"},\"inLanguage\":\"es\",\"potentialAction\":[{\"@type\":\"ReadAction\",\"target\":[\"https:\\\/\\\/www.bbmnoticias.com\\\/labravaradiofm\\\/2021\\\/10\\\/07\\\/la-reforma-energetica-y-el-cambio-en-la-politica-de-propiedad-estatal-de-cfe-y-pemex-que-conlleva-causaria-graves-danos-mexico-evalua\\\/\"]}]},{\"@type\":\"ImageObject\",\"inLanguage\":\"es\",\"@id\":\"https:\\\/\\\/www.bbmnoticias.com\\\/labravaradiofm\\\/2021\\\/10\\\/07\\\/la-reforma-energetica-y-el-cambio-en-la-politica-de-propiedad-estatal-de-cfe-y-pemex-que-conlleva-causaria-graves-danos-mexico-evalua\\\/#primaryimage\",\"url\":\"https:\\\/\\\/www.bbmnoticias.com\\\/labravaradiofm\\\/wp-content\\\/uploads\\\/sites\\\/5\\\/2021\\\/10\\\/nacional07102021-5.jpg\",\"contentUrl\":\"https:\\\/\\\/www.bbmnoticias.com\\\/labravaradiofm\\\/wp-content\\\/uploads\\\/sites\\\/5\\\/2021\\\/10\\\/nacional07102021-5.jpg\",\"width\":1024,\"height\":529},{\"@type\":\"BreadcrumbList\",\"@id\":\"https:\\\/\\\/www.bbmnoticias.com\\\/labravaradiofm\\\/2021\\\/10\\\/07\\\/la-reforma-energetica-y-el-cambio-en-la-politica-de-propiedad-estatal-de-cfe-y-pemex-que-conlleva-causaria-graves-danos-mexico-evalua\\\/#breadcrumb\",\"itemListElement\":[{\"@type\":\"ListItem\",\"position\":1,\"name\":\"Inicio\",\"item\":\"https:\\\/\\\/www.bbmnoticias.com\\\/labravaradiofm\\\/\"},{\"@type\":\"ListItem\",\"position\":2,\"name\":\"La Reforma Energ\u00e9tica, y el cambio en la pol\u00edtica de propiedad estatal de CFE y Pemex que conlleva, causar\u00eda graves da\u00f1os: M\u00e9xico Eval\u00faa\"}]},{\"@type\":\"WebSite\",\"@id\":\"https:\\\/\\\/www.bbmnoticias.com\\\/labravaradiofm\\\/#website\",\"url\":\"https:\\\/\\\/www.bbmnoticias.com\\\/labravaradiofm\\\/\",\"name\":\"LA BRAVA RADIO\",\"description\":\"Empresa productora de medios, Radiodifusi\u00f3n, Noticias, tendencias y todo lo que necesitas saber de la pol\u00edtica mexicana e internacional; entretenimiento, espect\u00e1culos, salud y mucho m\u00e1s.\",\"potentialAction\":[{\"@type\":\"SearchAction\",\"target\":{\"@type\":\"EntryPoint\",\"urlTemplate\":\"https:\\\/\\\/www.bbmnoticias.com\\\/labravaradiofm\\\/?s={search_term_string}\"},\"query-input\":{\"@type\":\"PropertyValueSpecification\",\"valueRequired\":true,\"valueName\":\"search_term_string\"}}],\"inLanguage\":\"es\"},{\"@type\":\"Person\",\"@id\":\"https:\\\/\\\/www.bbmnoticias.com\\\/labravaradiofm\\\/#\\\/schema\\\/person\\\/68a9e9036ef3c5b55aeb2b71dc8bab45\",\"name\":\"Staff\",\"image\":{\"@type\":\"ImageObject\",\"inLanguage\":\"es\",\"@id\":\"https:\\\/\\\/secure.gravatar.com\\\/avatar\\\/fdd21ad66fd8b98c407f9dee5b5e588cfe7f0d8579ec20fa6527cd59bab7f0f0?s=96&d=mm&r=g\",\"url\":\"https:\\\/\\\/secure.gravatar.com\\\/avatar\\\/fdd21ad66fd8b98c407f9dee5b5e588cfe7f0d8579ec20fa6527cd59bab7f0f0?s=96&d=mm&r=g\",\"contentUrl\":\"https:\\\/\\\/secure.gravatar.com\\\/avatar\\\/fdd21ad66fd8b98c407f9dee5b5e588cfe7f0d8579ec20fa6527cd59bab7f0f0?s=96&d=mm&r=g\",\"caption\":\"Staff\"},\"url\":\"https:\\\/\\\/www.bbmnoticias.com\\\/labravaradiofm\\\/author\\\/redaccion\\\/\"}]}<\/script>\n<!-- \/ Yoast SEO plugin. -->","yoast_head_json":{"title":"La Reforma Energ\u00e9tica, y el cambio en la pol\u00edtica de propiedad estatal de CFE y Pemex que conlleva, causar\u00eda graves da\u00f1os: M\u00e9xico Eval\u00faa - LA BRAVA RADIO","description":"Llevar a cabo la reforma afectar\u00eda el bienestar de la poblaci\u00f3n al trastocar esferas de la econom\u00eda, el medioambiente y las finanzas p\u00fablicas.","robots":{"index":"index","follow":"follow","max-snippet":"max-snippet:-1","max-image-preview":"max-image-preview:large","max-video-preview":"max-video-preview:-1"},"canonical":"https:\/\/www.bbmnoticias.com\/labravaradiofm\/2021\/10\/07\/la-reforma-energetica-y-el-cambio-en-la-politica-de-propiedad-estatal-de-cfe-y-pemex-que-conlleva-causaria-graves-danos-mexico-evalua\/","og_locale":"es_MX","og_type":"article","og_title":"La Reforma Energ\u00e9tica, y el cambio en la pol\u00edtica de propiedad estatal de CFE y Pemex que conlleva, causar\u00eda graves da\u00f1os: M\u00e9xico Eval\u00faa - LA BRAVA RADIO","og_description":"Llevar a cabo la reforma afectar\u00eda el bienestar de la poblaci\u00f3n al trastocar esferas de la econom\u00eda, el medioambiente y las finanzas p\u00fablicas.","og_url":"https:\/\/www.bbmnoticias.com\/labravaradiofm\/2021\/10\/07\/la-reforma-energetica-y-el-cambio-en-la-politica-de-propiedad-estatal-de-cfe-y-pemex-que-conlleva-causaria-graves-danos-mexico-evalua\/","og_site_name":"LA BRAVA RADIO","article_published_time":"2021-10-07T15:57:29+00:00","article_modified_time":"2021-10-07T15:57:31+00:00","og_image":[{"width":1024,"height":529,"url":"https:\/\/www.bbmnoticias.com\/labravaradiofm\/wp-content\/uploads\/sites\/5\/2021\/10\/nacional07102021-5.jpg","type":"image\/jpeg"}],"author":"Staff","twitter_card":"summary_large_image","twitter_misc":{"Escrito por":"Staff","Tiempo de lectura":"4 minutos"},"schema":{"@context":"https:\/\/schema.org","@graph":[{"@type":"Article","@id":"https:\/\/www.bbmnoticias.com\/labravaradiofm\/2021\/10\/07\/la-reforma-energetica-y-el-cambio-en-la-politica-de-propiedad-estatal-de-cfe-y-pemex-que-conlleva-causaria-graves-danos-mexico-evalua\/#article","isPartOf":{"@id":"https:\/\/www.bbmnoticias.com\/labravaradiofm\/2021\/10\/07\/la-reforma-energetica-y-el-cambio-en-la-politica-de-propiedad-estatal-de-cfe-y-pemex-que-conlleva-causaria-graves-danos-mexico-evalua\/"},"author":{"name":"Staff","@id":"https:\/\/www.bbmnoticias.com\/labravaradiofm\/#\/schema\/person\/68a9e9036ef3c5b55aeb2b71dc8bab45"},"headline":"La Reforma Energ\u00e9tica, y el cambio en la pol\u00edtica de propiedad estatal de CFE y Pemex que conlleva, causar\u00eda graves da\u00f1os: M\u00e9xico Eval\u00faa","datePublished":"2021-10-07T15:57:29+00:00","dateModified":"2021-10-07T15:57:31+00:00","mainEntityOfPage":{"@id":"https:\/\/www.bbmnoticias.com\/labravaradiofm\/2021\/10\/07\/la-reforma-energetica-y-el-cambio-en-la-politica-de-propiedad-estatal-de-cfe-y-pemex-que-conlleva-causaria-graves-danos-mexico-evalua\/"},"wordCount":845,"image":{"@id":"https:\/\/www.bbmnoticias.com\/labravaradiofm\/2021\/10\/07\/la-reforma-energetica-y-el-cambio-en-la-politica-de-propiedad-estatal-de-cfe-y-pemex-que-conlleva-causaria-graves-danos-mexico-evalua\/#primaryimage"},"thumbnailUrl":"https:\/\/www.bbmnoticias.com\/labravaradiofm\/wp-content\/uploads\/sites\/5\/2021\/10\/nacional07102021-5.jpg","articleSection":["NACIONAL"],"inLanguage":"es"},{"@type":"WebPage","@id":"https:\/\/www.bbmnoticias.com\/labravaradiofm\/2021\/10\/07\/la-reforma-energetica-y-el-cambio-en-la-politica-de-propiedad-estatal-de-cfe-y-pemex-que-conlleva-causaria-graves-danos-mexico-evalua\/","url":"https:\/\/www.bbmnoticias.com\/labravaradiofm\/2021\/10\/07\/la-reforma-energetica-y-el-cambio-en-la-politica-de-propiedad-estatal-de-cfe-y-pemex-que-conlleva-causaria-graves-danos-mexico-evalua\/","name":"La Reforma Energ\u00e9tica, y el cambio en la pol\u00edtica de propiedad estatal de CFE y Pemex que conlleva, causar\u00eda graves da\u00f1os: M\u00e9xico Eval\u00faa - LA BRAVA RADIO","isPartOf":{"@id":"https:\/\/www.bbmnoticias.com\/labravaradiofm\/#website"},"primaryImageOfPage":{"@id":"https:\/\/www.bbmnoticias.com\/labravaradiofm\/2021\/10\/07\/la-reforma-energetica-y-el-cambio-en-la-politica-de-propiedad-estatal-de-cfe-y-pemex-que-conlleva-causaria-graves-danos-mexico-evalua\/#primaryimage"},"image":{"@id":"https:\/\/www.bbmnoticias.com\/labravaradiofm\/2021\/10\/07\/la-reforma-energetica-y-el-cambio-en-la-politica-de-propiedad-estatal-de-cfe-y-pemex-que-conlleva-causaria-graves-danos-mexico-evalua\/#primaryimage"},"thumbnailUrl":"https:\/\/www.bbmnoticias.com\/labravaradiofm\/wp-content\/uploads\/sites\/5\/2021\/10\/nacional07102021-5.jpg","datePublished":"2021-10-07T15:57:29+00:00","dateModified":"2021-10-07T15:57:31+00:00","author":{"@id":"https:\/\/www.bbmnoticias.com\/labravaradiofm\/#\/schema\/person\/68a9e9036ef3c5b55aeb2b71dc8bab45"},"description":"Llevar a cabo la reforma afectar\u00eda el bienestar de la poblaci\u00f3n al trastocar esferas de la econom\u00eda, el medioambiente y las finanzas p\u00fablicas.","breadcrumb":{"@id":"https:\/\/www.bbmnoticias.com\/labravaradiofm\/2021\/10\/07\/la-reforma-energetica-y-el-cambio-en-la-politica-de-propiedad-estatal-de-cfe-y-pemex-que-conlleva-causaria-graves-danos-mexico-evalua\/#breadcrumb"},"inLanguage":"es","potentialAction":[{"@type":"ReadAction","target":["https:\/\/www.bbmnoticias.com\/labravaradiofm\/2021\/10\/07\/la-reforma-energetica-y-el-cambio-en-la-politica-de-propiedad-estatal-de-cfe-y-pemex-que-conlleva-causaria-graves-danos-mexico-evalua\/"]}]},{"@type":"ImageObject","inLanguage":"es","@id":"https:\/\/www.bbmnoticias.com\/labravaradiofm\/2021\/10\/07\/la-reforma-energetica-y-el-cambio-en-la-politica-de-propiedad-estatal-de-cfe-y-pemex-que-conlleva-causaria-graves-danos-mexico-evalua\/#primaryimage","url":"https:\/\/www.bbmnoticias.com\/labravaradiofm\/wp-content\/uploads\/sites\/5\/2021\/10\/nacional07102021-5.jpg","contentUrl":"https:\/\/www.bbmnoticias.com\/labravaradiofm\/wp-content\/uploads\/sites\/5\/2021\/10\/nacional07102021-5.jpg","width":1024,"height":529},{"@type":"BreadcrumbList","@id":"https:\/\/www.bbmnoticias.com\/labravaradiofm\/2021\/10\/07\/la-reforma-energetica-y-el-cambio-en-la-politica-de-propiedad-estatal-de-cfe-y-pemex-que-conlleva-causaria-graves-danos-mexico-evalua\/#breadcrumb","itemListElement":[{"@type":"ListItem","position":1,"name":"Inicio","item":"https:\/\/www.bbmnoticias.com\/labravaradiofm\/"},{"@type":"ListItem","position":2,"name":"La Reforma Energ\u00e9tica, y el cambio en la pol\u00edtica de propiedad estatal de CFE y Pemex que conlleva, causar\u00eda graves da\u00f1os: M\u00e9xico Eval\u00faa"}]},{"@type":"WebSite","@id":"https:\/\/www.bbmnoticias.com\/labravaradiofm\/#website","url":"https:\/\/www.bbmnoticias.com\/labravaradiofm\/","name":"LA BRAVA RADIO","description":"Empresa productora de medios, Radiodifusi\u00f3n, Noticias, tendencias y todo lo que necesitas saber de la pol\u00edtica mexicana e internacional; entretenimiento, espect\u00e1culos, salud y mucho m\u00e1s.","potentialAction":[{"@type":"SearchAction","target":{"@type":"EntryPoint","urlTemplate":"https:\/\/www.bbmnoticias.com\/labravaradiofm\/?s={search_term_string}"},"query-input":{"@type":"PropertyValueSpecification","valueRequired":true,"valueName":"search_term_string"}}],"inLanguage":"es"},{"@type":"Person","@id":"https:\/\/www.bbmnoticias.com\/labravaradiofm\/#\/schema\/person\/68a9e9036ef3c5b55aeb2b71dc8bab45","name":"Staff","image":{"@type":"ImageObject","inLanguage":"es","@id":"https:\/\/secure.gravatar.com\/avatar\/fdd21ad66fd8b98c407f9dee5b5e588cfe7f0d8579ec20fa6527cd59bab7f0f0?s=96&d=mm&r=g","url":"https:\/\/secure.gravatar.com\/avatar\/fdd21ad66fd8b98c407f9dee5b5e588cfe7f0d8579ec20fa6527cd59bab7f0f0?s=96&d=mm&r=g","contentUrl":"https:\/\/secure.gravatar.com\/avatar\/fdd21ad66fd8b98c407f9dee5b5e588cfe7f0d8579ec20fa6527cd59bab7f0f0?s=96&d=mm&r=g","caption":"Staff"},"url":"https:\/\/www.bbmnoticias.com\/labravaradiofm\/author\/redaccion\/"}]}},"_links":{"self":[{"href":"https:\/\/www.bbmnoticias.com\/labravaradiofm\/wp-json\/wp\/v2\/posts\/3272","targetHints":{"allow":["GET"]}}],"collection":[{"href":"https:\/\/www.bbmnoticias.com\/labravaradiofm\/wp-json\/wp\/v2\/posts"}],"about":[{"href":"https:\/\/www.bbmnoticias.com\/labravaradiofm\/wp-json\/wp\/v2\/types\/post"}],"author":[{"embeddable":true,"href":"https:\/\/www.bbmnoticias.com\/labravaradiofm\/wp-json\/wp\/v2\/users\/2"}],"replies":[{"embeddable":true,"href":"https:\/\/www.bbmnoticias.com\/labravaradiofm\/wp-json\/wp\/v2\/comments?post=3272"}],"version-history":[{"count":0,"href":"https:\/\/www.bbmnoticias.com\/labravaradiofm\/wp-json\/wp\/v2\/posts\/3272\/revisions"}],"wp:featuredmedia":[{"embeddable":true,"href":"https:\/\/www.bbmnoticias.com\/labravaradiofm\/wp-json\/wp\/v2\/media\/3273"}],"wp:attachment":[{"href":"https:\/\/www.bbmnoticias.com\/labravaradiofm\/wp-json\/wp\/v2\/media?parent=3272"}],"wp:term":[{"taxonomy":"category","embeddable":true,"href":"https:\/\/www.bbmnoticias.com\/labravaradiofm\/wp-json\/wp\/v2\/categories?post=3272"},{"taxonomy":"post_tag","embeddable":true,"href":"https:\/\/www.bbmnoticias.com\/labravaradiofm\/wp-json\/wp\/v2\/tags?post=3272"}],"curies":[{"name":"wp","href":"https:\/\/api.w.org\/{rel}","templated":true}]}}