{"id":3269,"date":"2021-10-07T10:43:45","date_gmt":"2021-10-07T15:43:45","guid":{"rendered":"https:\/\/www.bbmnoticias.com\/labravaradiofm\/?p=3269"},"modified":"2021-10-07T10:43:47","modified_gmt":"2021-10-07T15:43:47","slug":"oaxaca-irrazonable-la-iniciativa-que-busca-a-los-mejores-emprendedores-y-empresas-del-estado","status":"publish","type":"post","link":"https:\/\/www.bbmnoticias.com\/labravaradiofm\/2021\/10\/07\/oaxaca-irrazonable-la-iniciativa-que-busca-a-los-mejores-emprendedores-y-empresas-del-estado\/","title":{"rendered":"Oaxaca Irrazonable: la iniciativa que busca a los mejores emprendedores y empresas del estado"},"content":{"rendered":"<div style=\"margin-top: 0px; margin-bottom: 0px;\" class=\"sharethis-inline-share-buttons\" ><\/div>\n<p><strong>Oaxaca de Ju\u00e1rez, Oax.<\/strong> Con el objetivo de apoyar y fortalecer el ecosistema emprendedor e impulsar el desarrollo econ\u00f3mico de la entidad, el <a href=\"https:\/\/www.oaxaca.gob.mx\/\" target=\"_blank\" rel=\"noreferrer noopener\">Gobierno del Estado de Oaxaca<\/a>, <a href=\"https:\/\/www.irrazonable.org\/\" target=\"_blank\" rel=\"noreferrer noopener\">Unreasonable M\u00e9xico<\/a> y <a href=\"https:\/\/www.banamex.com\/\" target=\"_blank\" rel=\"noreferrer noopener\">Fomento Social Citibanamex<\/a> co-dise\u00f1aron la iniciativa <strong>Oaxaca Irrazonable<\/strong>.<\/p>\n\n\n\n<p>Dicha iniciativa busca a <strong>10 emprendedores en etapa temprana<\/strong> que quieran mejorar sus habilidades de comunicaci\u00f3n y crecimiento y <strong>10 empresas en etapa de crecimiento<\/strong> que busquen metodolog\u00edas para la direcci\u00f3n de negocios. \u00c9stos deben generar un impacto social, medioambiental, identificarse con alg\u00fan Objetivo de Desarrollo Sostenible (ODS) de la ONU o aspirar a ser una empresa que genere impacto positivo en el mundo a corto plazo.<\/p>\n\n\n\n<p>Los 20 seleccionados obtendr\u00e1n un entrenamiento 100% digital sobre metodolog\u00edas de Direcci\u00f3n y Comunicaci\u00f3n, posteriormente presentar\u00e1n un discurso frente a un panel de expertos y se elegir\u00e1n <strong>2 ganadores<\/strong> -uno por etapa- y cada uno recibir\u00e1 $25,000 MXN de capital semilla. La convocatoria inicia el 4 de octubre y cierra el 29 de octubre de 2021.<\/p>\n\n\n\n<p>Para participar en esta iniciativa -si eres emprendedor en etapa temprana- tus primeras ventas deben ser de un m\u00ednimo de 5 mil pesos al mes, contar con direcci\u00f3n fiscal en Oaxaca (puede ser persona f\u00edsica con actividad empresarial o persona moral) y tu emprendimiento debe generar impacto social medioambiental o estar alineado a alg\u00fan ODS.<\/p>\n\n\n\n<p>En el caso de las empresas en etapa de crecimiento, \u00e9stas deben tener ventas y un flujo constante de efectivo, equipo de trabajo (al menos 1 empleado de tiempo completo), contar con direcci\u00f3n fiscal en Oaxaca (puede ser persona f\u00edsica con actividad empresarial o persona moral) y generar un impacto social, medioambiental o identificarse con alg\u00fan ODS y aspirar a ser una empresa que genere impacto positivo para el mundo en el corto plazo.<\/p>\n\n\n\n<p>Del 2 al 5 de noviembre de 2021 se seleccionar\u00e1n a las 10 empresas en etapa de crecimiento y a los 10 emprendedores en etapa temprana, quienes se har\u00e1n acreedores a un entrenamiento virtual; la selecci\u00f3n se basar\u00e1 en la etapa a la que se inscribieron, el perfil y necesidades de cada empresa.<\/p>\n\n\n\n<p>El entrenamiento ser\u00e1 100% digital y tendr\u00e1 una duraci\u00f3n de 20 horas distribuidas del 16 al 29 de noviembre de 2021. Los 10 emprendedores en etapa temprana aprender\u00e1n temas de comunicaci\u00f3n e impacto para abordar a su p\u00fablico meta e inspirarlos a la acci\u00f3n y a las empresas en etapa de crecimiento se les brindar\u00e1n habilidades de direcci\u00f3n de negocios para que lleven sus organizaciones y equipo al siguiente nivel.<\/p>\n\n\n\n<p>Del 7 al 11 de diciembre de 2021 los 20 seleccionados presentar\u00e1n sus <em>pitches<\/em> frente a un panel de expertos (conformado por el Gobierno del Estado de Oaxaca, Unreasonable M\u00e9xico y Citibanamex), con el objetivo de seleccionar dos ganadores (uno por cada etapa) y cada uno de ellos recibir\u00e1 $25,000 MXN de capital semilla para llevar al siguiente nivel su empresa o emprendimiento.<\/p>\n\n\n\n<p><em>\u201cPara nosotros es importante la co-creaci\u00f3n de esta iniciativa porque queremos impulsar al sector de emprendimiento social y medio ambiental de Oaxaca, sabemos que hay muchas ideas y proyectos que tienen el potencial de transformar realidades y sobre todo contribuir al crecimiento de su gente y de la econom\u00eda y llevarlo al siguiente nivel\u201d<\/em> coment\u00f3 Ra\u00fal de Anda, CEO y cofundador de la aceleradora Unreasonable M\u00e9xico.<\/p>\n\n\n\n<p><strong><em>Para m\u00e1s informaci\u00f3n sobre la iniciativa Oaxaca Irrazonable consulta la p\u00e1gina: <\/em><\/strong><strong><em><a href=\"https:\/\/www.irrazonable.org\/oaxaca\" target=\"_blank\" rel=\"noreferrer noopener\">https:\/\/www.irrazonable.org\/oaxaca<\/a><\/em><\/strong><\/p>\n","protected":false},"excerpt":{"rendered":"<p>Oaxaca de Ju\u00e1rez, Oax. Con el objetivo de apoyar y fortalecer el ecosistema emprendedor e impulsar el desarrollo econ\u00f3mico de la entidad, el Gobierno del Estado de Oaxaca, Unreasonable M\u00e9xico y Fomento Social Citibanamex co-dise\u00f1aron la iniciativa Oaxaca Irrazonable. Dicha iniciativa busca a 10 emprendedores en etapa temprana que quieran mejorar sus habilidades de comunicaci\u00f3n [&hellip;]<\/p>\n","protected":false},"author":2,"featured_media":3270,"comment_status":"closed","ping_status":"closed","sticky":false,"template":"","format":"standard","meta":{"footnotes":""},"categories":[2],"tags":[],"class_list":{"0":"post-3269","1":"post","2":"type-post","3":"status-publish","4":"format-standard","5":"has-post-thumbnail","7":"category-oaxaca"},"yoast_head":"<!-- This site is optimized with the Yoast SEO plugin v27.4 - https:\/\/yoast.com\/product\/yoast-seo-wordpress\/ -->\n<title>Oaxaca Irrazonable: la iniciativa que busca a los mejores emprendedores y empresas del estado - LA BRAVA RADIO<\/title>\n<meta name=\"description\" content=\"Dicha iniciativa busca a 10 emprendedores en etapa temprana que quieran mejorar sus habilidades de comunicaci\u00f3n y 10 empresas en crecimiento\" \/>\n<meta name=\"robots\" content=\"index, follow, max-snippet:-1, max-image-preview:large, max-video-preview:-1\" \/>\n<link rel=\"canonical\" href=\"https:\/\/www.bbmnoticias.com\/labravaradiofm\/2021\/10\/07\/oaxaca-irrazonable-la-iniciativa-que-busca-a-los-mejores-emprendedores-y-empresas-del-estado\/\" \/>\n<meta property=\"og:locale\" content=\"es_MX\" \/>\n<meta property=\"og:type\" content=\"article\" \/>\n<meta property=\"og:title\" content=\"Oaxaca Irrazonable: la iniciativa que busca a los mejores emprendedores y empresas del estado - LA BRAVA RADIO\" \/>\n<meta property=\"og:description\" content=\"Dicha iniciativa busca a 10 emprendedores en etapa temprana que quieran mejorar sus habilidades de comunicaci\u00f3n y 10 empresas en crecimiento\" \/>\n<meta property=\"og:url\" content=\"https:\/\/www.bbmnoticias.com\/labravaradiofm\/2021\/10\/07\/oaxaca-irrazonable-la-iniciativa-que-busca-a-los-mejores-emprendedores-y-empresas-del-estado\/\" \/>\n<meta property=\"og:site_name\" content=\"LA BRAVA RADIO\" \/>\n<meta property=\"article:published_time\" content=\"2021-10-07T15:43:45+00:00\" \/>\n<meta property=\"article:modified_time\" content=\"2021-10-07T15:43:47+00:00\" \/>\n<meta property=\"og:image\" content=\"https:\/\/www.bbmnoticias.com\/labravaradiofm\/wp-content\/uploads\/sites\/5\/2021\/10\/local07102021-4.jpg\" \/>\n\t<meta property=\"og:image:width\" content=\"1202\" \/>\n\t<meta property=\"og:image:height\" content=\"758\" \/>\n\t<meta property=\"og:image:type\" content=\"image\/jpeg\" \/>\n<meta name=\"author\" content=\"Staff\" \/>\n<meta name=\"twitter:card\" content=\"summary_large_image\" \/>\n<meta name=\"twitter:label1\" content=\"Escrito por\" \/>\n\t<meta name=\"twitter:data1\" content=\"Staff\" \/>\n\t<meta name=\"twitter:label2\" content=\"Tiempo de lectura\" \/>\n\t<meta name=\"twitter:data2\" content=\"3 minutos\" \/>\n<script type=\"application\/ld+json\" class=\"yoast-schema-graph\">{\"@context\":\"https:\\\/\\\/schema.org\",\"@graph\":[{\"@type\":\"Article\",\"@id\":\"https:\\\/\\\/www.bbmnoticias.com\\\/labravaradiofm\\\/2021\\\/10\\\/07\\\/oaxaca-irrazonable-la-iniciativa-que-busca-a-los-mejores-emprendedores-y-empresas-del-estado\\\/#article\",\"isPartOf\":{\"@id\":\"https:\\\/\\\/www.bbmnoticias.com\\\/labravaradiofm\\\/2021\\\/10\\\/07\\\/oaxaca-irrazonable-la-iniciativa-que-busca-a-los-mejores-emprendedores-y-empresas-del-estado\\\/\"},\"author\":{\"name\":\"Staff\",\"@id\":\"https:\\\/\\\/www.bbmnoticias.com\\\/labravaradiofm\\\/#\\\/schema\\\/person\\\/68a9e9036ef3c5b55aeb2b71dc8bab45\"},\"headline\":\"Oaxaca Irrazonable: la iniciativa que busca a los mejores emprendedores y empresas del estado\",\"datePublished\":\"2021-10-07T15:43:45+00:00\",\"dateModified\":\"2021-10-07T15:43:47+00:00\",\"mainEntityOfPage\":{\"@id\":\"https:\\\/\\\/www.bbmnoticias.com\\\/labravaradiofm\\\/2021\\\/10\\\/07\\\/oaxaca-irrazonable-la-iniciativa-que-busca-a-los-mejores-emprendedores-y-empresas-del-estado\\\/\"},\"wordCount\":586,\"image\":{\"@id\":\"https:\\\/\\\/www.bbmnoticias.com\\\/labravaradiofm\\\/2021\\\/10\\\/07\\\/oaxaca-irrazonable-la-iniciativa-que-busca-a-los-mejores-emprendedores-y-empresas-del-estado\\\/#primaryimage\"},\"thumbnailUrl\":\"https:\\\/\\\/www.bbmnoticias.com\\\/labravaradiofm\\\/wp-content\\\/uploads\\\/sites\\\/5\\\/2021\\\/10\\\/local07102021-4.jpg\",\"articleSection\":[\"LOCAL\"],\"inLanguage\":\"es\"},{\"@type\":\"WebPage\",\"@id\":\"https:\\\/\\\/www.bbmnoticias.com\\\/labravaradiofm\\\/2021\\\/10\\\/07\\\/oaxaca-irrazonable-la-iniciativa-que-busca-a-los-mejores-emprendedores-y-empresas-del-estado\\\/\",\"url\":\"https:\\\/\\\/www.bbmnoticias.com\\\/labravaradiofm\\\/2021\\\/10\\\/07\\\/oaxaca-irrazonable-la-iniciativa-que-busca-a-los-mejores-emprendedores-y-empresas-del-estado\\\/\",\"name\":\"Oaxaca Irrazonable: la iniciativa que busca a los mejores emprendedores y empresas del estado - LA BRAVA RADIO\",\"isPartOf\":{\"@id\":\"https:\\\/\\\/www.bbmnoticias.com\\\/labravaradiofm\\\/#website\"},\"primaryImageOfPage\":{\"@id\":\"https:\\\/\\\/www.bbmnoticias.com\\\/labravaradiofm\\\/2021\\\/10\\\/07\\\/oaxaca-irrazonable-la-iniciativa-que-busca-a-los-mejores-emprendedores-y-empresas-del-estado\\\/#primaryimage\"},\"image\":{\"@id\":\"https:\\\/\\\/www.bbmnoticias.com\\\/labravaradiofm\\\/2021\\\/10\\\/07\\\/oaxaca-irrazonable-la-iniciativa-que-busca-a-los-mejores-emprendedores-y-empresas-del-estado\\\/#primaryimage\"},\"thumbnailUrl\":\"https:\\\/\\\/www.bbmnoticias.com\\\/labravaradiofm\\\/wp-content\\\/uploads\\\/sites\\\/5\\\/2021\\\/10\\\/local07102021-4.jpg\",\"datePublished\":\"2021-10-07T15:43:45+00:00\",\"dateModified\":\"2021-10-07T15:43:47+00:00\",\"author\":{\"@id\":\"https:\\\/\\\/www.bbmnoticias.com\\\/labravaradiofm\\\/#\\\/schema\\\/person\\\/68a9e9036ef3c5b55aeb2b71dc8bab45\"},\"description\":\"Dicha iniciativa busca a 10 emprendedores en etapa temprana que quieran mejorar sus habilidades de comunicaci\u00f3n y 10 empresas en crecimiento\",\"breadcrumb\":{\"@id\":\"https:\\\/\\\/www.bbmnoticias.com\\\/labravaradiofm\\\/2021\\\/10\\\/07\\\/oaxaca-irrazonable-la-iniciativa-que-busca-a-los-mejores-emprendedores-y-empresas-del-estado\\\/#breadcrumb\"},\"inLanguage\":\"es\",\"potentialAction\":[{\"@type\":\"ReadAction\",\"target\":[\"https:\\\/\\\/www.bbmnoticias.com\\\/labravaradiofm\\\/2021\\\/10\\\/07\\\/oaxaca-irrazonable-la-iniciativa-que-busca-a-los-mejores-emprendedores-y-empresas-del-estado\\\/\"]}]},{\"@type\":\"ImageObject\",\"inLanguage\":\"es\",\"@id\":\"https:\\\/\\\/www.bbmnoticias.com\\\/labravaradiofm\\\/2021\\\/10\\\/07\\\/oaxaca-irrazonable-la-iniciativa-que-busca-a-los-mejores-emprendedores-y-empresas-del-estado\\\/#primaryimage\",\"url\":\"https:\\\/\\\/www.bbmnoticias.com\\\/labravaradiofm\\\/wp-content\\\/uploads\\\/sites\\\/5\\\/2021\\\/10\\\/local07102021-4.jpg\",\"contentUrl\":\"https:\\\/\\\/www.bbmnoticias.com\\\/labravaradiofm\\\/wp-content\\\/uploads\\\/sites\\\/5\\\/2021\\\/10\\\/local07102021-4.jpg\",\"width\":1202,\"height\":758},{\"@type\":\"BreadcrumbList\",\"@id\":\"https:\\\/\\\/www.bbmnoticias.com\\\/labravaradiofm\\\/2021\\\/10\\\/07\\\/oaxaca-irrazonable-la-iniciativa-que-busca-a-los-mejores-emprendedores-y-empresas-del-estado\\\/#breadcrumb\",\"itemListElement\":[{\"@type\":\"ListItem\",\"position\":1,\"name\":\"Inicio\",\"item\":\"https:\\\/\\\/www.bbmnoticias.com\\\/labravaradiofm\\\/\"},{\"@type\":\"ListItem\",\"position\":2,\"name\":\"Oaxaca Irrazonable: la iniciativa que busca a los mejores emprendedores y empresas del estado\"}]},{\"@type\":\"WebSite\",\"@id\":\"https:\\\/\\\/www.bbmnoticias.com\\\/labravaradiofm\\\/#website\",\"url\":\"https:\\\/\\\/www.bbmnoticias.com\\\/labravaradiofm\\\/\",\"name\":\"LA BRAVA RADIO\",\"description\":\"Empresa productora de medios, Radiodifusi\u00f3n, Noticias, tendencias y todo lo que necesitas saber de la pol\u00edtica mexicana e internacional; entretenimiento, espect\u00e1culos, salud y mucho m\u00e1s.\",\"potentialAction\":[{\"@type\":\"SearchAction\",\"target\":{\"@type\":\"EntryPoint\",\"urlTemplate\":\"https:\\\/\\\/www.bbmnoticias.com\\\/labravaradiofm\\\/?s={search_term_string}\"},\"query-input\":{\"@type\":\"PropertyValueSpecification\",\"valueRequired\":true,\"valueName\":\"search_term_string\"}}],\"inLanguage\":\"es\"},{\"@type\":\"Person\",\"@id\":\"https:\\\/\\\/www.bbmnoticias.com\\\/labravaradiofm\\\/#\\\/schema\\\/person\\\/68a9e9036ef3c5b55aeb2b71dc8bab45\",\"name\":\"Staff\",\"image\":{\"@type\":\"ImageObject\",\"inLanguage\":\"es\",\"@id\":\"https:\\\/\\\/secure.gravatar.com\\\/avatar\\\/fdd21ad66fd8b98c407f9dee5b5e588cfe7f0d8579ec20fa6527cd59bab7f0f0?s=96&d=mm&r=g\",\"url\":\"https:\\\/\\\/secure.gravatar.com\\\/avatar\\\/fdd21ad66fd8b98c407f9dee5b5e588cfe7f0d8579ec20fa6527cd59bab7f0f0?s=96&d=mm&r=g\",\"contentUrl\":\"https:\\\/\\\/secure.gravatar.com\\\/avatar\\\/fdd21ad66fd8b98c407f9dee5b5e588cfe7f0d8579ec20fa6527cd59bab7f0f0?s=96&d=mm&r=g\",\"caption\":\"Staff\"},\"url\":\"https:\\\/\\\/www.bbmnoticias.com\\\/labravaradiofm\\\/author\\\/redaccion\\\/\"}]}<\/script>\n<!-- \/ Yoast SEO plugin. -->","yoast_head_json":{"title":"Oaxaca Irrazonable: la iniciativa que busca a los mejores emprendedores y empresas del estado - LA BRAVA RADIO","description":"Dicha iniciativa busca a 10 emprendedores en etapa temprana que quieran mejorar sus habilidades de comunicaci\u00f3n y 10 empresas en crecimiento","robots":{"index":"index","follow":"follow","max-snippet":"max-snippet:-1","max-image-preview":"max-image-preview:large","max-video-preview":"max-video-preview:-1"},"canonical":"https:\/\/www.bbmnoticias.com\/labravaradiofm\/2021\/10\/07\/oaxaca-irrazonable-la-iniciativa-que-busca-a-los-mejores-emprendedores-y-empresas-del-estado\/","og_locale":"es_MX","og_type":"article","og_title":"Oaxaca Irrazonable: la iniciativa que busca a los mejores emprendedores y empresas del estado - LA BRAVA RADIO","og_description":"Dicha iniciativa busca a 10 emprendedores en etapa temprana que quieran mejorar sus habilidades de comunicaci\u00f3n y 10 empresas en crecimiento","og_url":"https:\/\/www.bbmnoticias.com\/labravaradiofm\/2021\/10\/07\/oaxaca-irrazonable-la-iniciativa-que-busca-a-los-mejores-emprendedores-y-empresas-del-estado\/","og_site_name":"LA BRAVA RADIO","article_published_time":"2021-10-07T15:43:45+00:00","article_modified_time":"2021-10-07T15:43:47+00:00","og_image":[{"width":1202,"height":758,"url":"https:\/\/www.bbmnoticias.com\/labravaradiofm\/wp-content\/uploads\/sites\/5\/2021\/10\/local07102021-4.jpg","type":"image\/jpeg"}],"author":"Staff","twitter_card":"summary_large_image","twitter_misc":{"Escrito por":"Staff","Tiempo de lectura":"3 minutos"},"schema":{"@context":"https:\/\/schema.org","@graph":[{"@type":"Article","@id":"https:\/\/www.bbmnoticias.com\/labravaradiofm\/2021\/10\/07\/oaxaca-irrazonable-la-iniciativa-que-busca-a-los-mejores-emprendedores-y-empresas-del-estado\/#article","isPartOf":{"@id":"https:\/\/www.bbmnoticias.com\/labravaradiofm\/2021\/10\/07\/oaxaca-irrazonable-la-iniciativa-que-busca-a-los-mejores-emprendedores-y-empresas-del-estado\/"},"author":{"name":"Staff","@id":"https:\/\/www.bbmnoticias.com\/labravaradiofm\/#\/schema\/person\/68a9e9036ef3c5b55aeb2b71dc8bab45"},"headline":"Oaxaca Irrazonable: la iniciativa que busca a los mejores emprendedores y empresas del estado","datePublished":"2021-10-07T15:43:45+00:00","dateModified":"2021-10-07T15:43:47+00:00","mainEntityOfPage":{"@id":"https:\/\/www.bbmnoticias.com\/labravaradiofm\/2021\/10\/07\/oaxaca-irrazonable-la-iniciativa-que-busca-a-los-mejores-emprendedores-y-empresas-del-estado\/"},"wordCount":586,"image":{"@id":"https:\/\/www.bbmnoticias.com\/labravaradiofm\/2021\/10\/07\/oaxaca-irrazonable-la-iniciativa-que-busca-a-los-mejores-emprendedores-y-empresas-del-estado\/#primaryimage"},"thumbnailUrl":"https:\/\/www.bbmnoticias.com\/labravaradiofm\/wp-content\/uploads\/sites\/5\/2021\/10\/local07102021-4.jpg","articleSection":["LOCAL"],"inLanguage":"es"},{"@type":"WebPage","@id":"https:\/\/www.bbmnoticias.com\/labravaradiofm\/2021\/10\/07\/oaxaca-irrazonable-la-iniciativa-que-busca-a-los-mejores-emprendedores-y-empresas-del-estado\/","url":"https:\/\/www.bbmnoticias.com\/labravaradiofm\/2021\/10\/07\/oaxaca-irrazonable-la-iniciativa-que-busca-a-los-mejores-emprendedores-y-empresas-del-estado\/","name":"Oaxaca Irrazonable: la iniciativa que busca a los mejores emprendedores y empresas del estado - LA BRAVA RADIO","isPartOf":{"@id":"https:\/\/www.bbmnoticias.com\/labravaradiofm\/#website"},"primaryImageOfPage":{"@id":"https:\/\/www.bbmnoticias.com\/labravaradiofm\/2021\/10\/07\/oaxaca-irrazonable-la-iniciativa-que-busca-a-los-mejores-emprendedores-y-empresas-del-estado\/#primaryimage"},"image":{"@id":"https:\/\/www.bbmnoticias.com\/labravaradiofm\/2021\/10\/07\/oaxaca-irrazonable-la-iniciativa-que-busca-a-los-mejores-emprendedores-y-empresas-del-estado\/#primaryimage"},"thumbnailUrl":"https:\/\/www.bbmnoticias.com\/labravaradiofm\/wp-content\/uploads\/sites\/5\/2021\/10\/local07102021-4.jpg","datePublished":"2021-10-07T15:43:45+00:00","dateModified":"2021-10-07T15:43:47+00:00","author":{"@id":"https:\/\/www.bbmnoticias.com\/labravaradiofm\/#\/schema\/person\/68a9e9036ef3c5b55aeb2b71dc8bab45"},"description":"Dicha iniciativa busca a 10 emprendedores en etapa temprana que quieran mejorar sus habilidades de comunicaci\u00f3n y 10 empresas en crecimiento","breadcrumb":{"@id":"https:\/\/www.bbmnoticias.com\/labravaradiofm\/2021\/10\/07\/oaxaca-irrazonable-la-iniciativa-que-busca-a-los-mejores-emprendedores-y-empresas-del-estado\/#breadcrumb"},"inLanguage":"es","potentialAction":[{"@type":"ReadAction","target":["https:\/\/www.bbmnoticias.com\/labravaradiofm\/2021\/10\/07\/oaxaca-irrazonable-la-iniciativa-que-busca-a-los-mejores-emprendedores-y-empresas-del-estado\/"]}]},{"@type":"ImageObject","inLanguage":"es","@id":"https:\/\/www.bbmnoticias.com\/labravaradiofm\/2021\/10\/07\/oaxaca-irrazonable-la-iniciativa-que-busca-a-los-mejores-emprendedores-y-empresas-del-estado\/#primaryimage","url":"https:\/\/www.bbmnoticias.com\/labravaradiofm\/wp-content\/uploads\/sites\/5\/2021\/10\/local07102021-4.jpg","contentUrl":"https:\/\/www.bbmnoticias.com\/labravaradiofm\/wp-content\/uploads\/sites\/5\/2021\/10\/local07102021-4.jpg","width":1202,"height":758},{"@type":"BreadcrumbList","@id":"https:\/\/www.bbmnoticias.com\/labravaradiofm\/2021\/10\/07\/oaxaca-irrazonable-la-iniciativa-que-busca-a-los-mejores-emprendedores-y-empresas-del-estado\/#breadcrumb","itemListElement":[{"@type":"ListItem","position":1,"name":"Inicio","item":"https:\/\/www.bbmnoticias.com\/labravaradiofm\/"},{"@type":"ListItem","position":2,"name":"Oaxaca Irrazonable: la iniciativa que busca a los mejores emprendedores y empresas del estado"}]},{"@type":"WebSite","@id":"https:\/\/www.bbmnoticias.com\/labravaradiofm\/#website","url":"https:\/\/www.bbmnoticias.com\/labravaradiofm\/","name":"LA BRAVA RADIO","description":"Empresa productora de medios, Radiodifusi\u00f3n, Noticias, tendencias y todo lo que necesitas saber de la pol\u00edtica mexicana e internacional; entretenimiento, espect\u00e1culos, salud y mucho m\u00e1s.","potentialAction":[{"@type":"SearchAction","target":{"@type":"EntryPoint","urlTemplate":"https:\/\/www.bbmnoticias.com\/labravaradiofm\/?s={search_term_string}"},"query-input":{"@type":"PropertyValueSpecification","valueRequired":true,"valueName":"search_term_string"}}],"inLanguage":"es"},{"@type":"Person","@id":"https:\/\/www.bbmnoticias.com\/labravaradiofm\/#\/schema\/person\/68a9e9036ef3c5b55aeb2b71dc8bab45","name":"Staff","image":{"@type":"ImageObject","inLanguage":"es","@id":"https:\/\/secure.gravatar.com\/avatar\/fdd21ad66fd8b98c407f9dee5b5e588cfe7f0d8579ec20fa6527cd59bab7f0f0?s=96&d=mm&r=g","url":"https:\/\/secure.gravatar.com\/avatar\/fdd21ad66fd8b98c407f9dee5b5e588cfe7f0d8579ec20fa6527cd59bab7f0f0?s=96&d=mm&r=g","contentUrl":"https:\/\/secure.gravatar.com\/avatar\/fdd21ad66fd8b98c407f9dee5b5e588cfe7f0d8579ec20fa6527cd59bab7f0f0?s=96&d=mm&r=g","caption":"Staff"},"url":"https:\/\/www.bbmnoticias.com\/labravaradiofm\/author\/redaccion\/"}]}},"_links":{"self":[{"href":"https:\/\/www.bbmnoticias.com\/labravaradiofm\/wp-json\/wp\/v2\/posts\/3269","targetHints":{"allow":["GET"]}}],"collection":[{"href":"https:\/\/www.bbmnoticias.com\/labravaradiofm\/wp-json\/wp\/v2\/posts"}],"about":[{"href":"https:\/\/www.bbmnoticias.com\/labravaradiofm\/wp-json\/wp\/v2\/types\/post"}],"author":[{"embeddable":true,"href":"https:\/\/www.bbmnoticias.com\/labravaradiofm\/wp-json\/wp\/v2\/users\/2"}],"replies":[{"embeddable":true,"href":"https:\/\/www.bbmnoticias.com\/labravaradiofm\/wp-json\/wp\/v2\/comments?post=3269"}],"version-history":[{"count":0,"href":"https:\/\/www.bbmnoticias.com\/labravaradiofm\/wp-json\/wp\/v2\/posts\/3269\/revisions"}],"wp:featuredmedia":[{"embeddable":true,"href":"https:\/\/www.bbmnoticias.com\/labravaradiofm\/wp-json\/wp\/v2\/media\/3270"}],"wp:attachment":[{"href":"https:\/\/www.bbmnoticias.com\/labravaradiofm\/wp-json\/wp\/v2\/media?parent=3269"}],"wp:term":[{"taxonomy":"category","embeddable":true,"href":"https:\/\/www.bbmnoticias.com\/labravaradiofm\/wp-json\/wp\/v2\/categories?post=3269"},{"taxonomy":"post_tag","embeddable":true,"href":"https:\/\/www.bbmnoticias.com\/labravaradiofm\/wp-json\/wp\/v2\/tags?post=3269"}],"curies":[{"name":"wp","href":"https:\/\/api.w.org\/{rel}","templated":true}]}}