{"id":3263,"date":"2021-10-07T10:01:51","date_gmt":"2021-10-07T15:01:51","guid":{"rendered":"https:\/\/www.bbmnoticias.com\/labravaradiofm\/?p=3263"},"modified":"2021-10-07T10:02:02","modified_gmt":"2021-10-07T15:02:02","slug":"llegan-comerciantes-establecidos-al-palacio-municipal-de-oaxaca","status":"publish","type":"post","link":"https:\/\/www.bbmnoticias.com\/labravaradiofm\/2021\/10\/07\/llegan-comerciantes-establecidos-al-palacio-municipal-de-oaxaca\/","title":{"rendered":"Llegan comerciantes establecidos al palacio municipal de Oaxaca"},"content":{"rendered":"<div style=\"margin-top: 0px; margin-bottom: 0px;\" class=\"sharethis-inline-share-buttons\" ><\/div>\n<p>OAXACA, Oax.- Un grupo de comerciantes establecidos afectados por el ambulantaje acudieron al Palacio municipal.<\/p>\n\n\n\n<p>Aprovecharon la reuni\u00f3n con el Sindicato 3 de marzo para hacer llegar su queja ante el personal de la Secretar\u00eda general de gobierno. <\/p>\n\n\n\n<p>Aunque les han dicho que el tema del ambulantaje tambi\u00e9n es competencia municipal, los comerciantes pidieron que hagan algo. <\/p>\n\n\n\n<p>\u201cSomos gente de trabajo, lo que queremos es trabajar, calles libres\u201d, pidieron. <\/p>\n\n\n\n<p>Uno de los funcionarios les dijo que al t\u00e9rmino de ese encuentro, ir\u00edan a \u201ccomerse una pancita\u201d y platicar con los comerciantes. <\/p>\n\n\n\n<p>Le aclararon que \u201cla pancinta es en el 20, nosotros somos Benito Ju\u00e1rez\u201d.<\/p>\n\n\n\n<figure class=\"wp-block-embed is-type-rich is-provider-twitter wp-block-embed-twitter\"><div class=\"wp-block-embed__wrapper\">\n<blockquote class=\"twitter-tweet\" data-width=\"550\" data-dnt=\"true\"><p lang=\"es\" dir=\"ltr\"><a href=\"https:\/\/twitter.com\/hashtag\/Enterate?src=hash&amp;ref_src=twsrc%5Etfw\">#Enterate<\/a> <a href=\"https:\/\/twitter.com\/hashtag\/Oaxaca?src=hash&amp;ref_src=twsrc%5Etfw\">#Oaxaca<\/a> <a href=\"https:\/\/twitter.com\/hashtag\/Noticias?src=hash&amp;ref_src=twsrc%5Etfw\">#Noticias<\/a> | As\u00ed la protesta en la Plaza de la Danza de comerciantes y locatarios establecidos en la Ciudad de <a href=\"https:\/\/twitter.com\/hashtag\/Oaxaca?src=hash&amp;ref_src=twsrc%5Etfw\">#Oaxaca<\/a>, quienes exigen audiencia con el edil del <a href=\"https:\/\/twitter.com\/MunicipioOaxaca?ref_src=twsrc%5Etfw\">@MunicipioOaxaca<\/a>, <a href=\"https:\/\/twitter.com\/oswaldogarciaj?ref_src=twsrc%5Etfw\">@oswaldogarciaj<\/a>. <a href=\"https:\/\/twitter.com\/hashtag\/Video?src=hash&amp;ref_src=twsrc%5Etfw\">#Video<\/a> <a href=\"https:\/\/twitter.com\/Parola89?ref_src=twsrc%5Etfw\">@Parola89<\/a> <a href=\"https:\/\/twitter.com\/RocioAragonOax?ref_src=twsrc%5Etfw\">@RocioAragonOax<\/a> <a href=\"https:\/\/twitter.com\/Bravo_mm?ref_src=twsrc%5Etfw\">@Bravo_mm<\/a><a href=\"https:\/\/t.co\/fj27y8fv3u\">https:\/\/t.co\/fj27y8fv3u<\/a> <a href=\"https:\/\/t.co\/l2L5qOWMiW\">pic.twitter.com\/l2L5qOWMiW<\/a><\/p>&mdash; CuartaPlana Oaxaca (@CuartaPlana) <a href=\"https:\/\/twitter.com\/CuartaPlana\/status\/1446121638467014657?ref_src=twsrc%5Etfw\">October 7, 2021<\/a><\/blockquote><script async src=\"https:\/\/platform.twitter.com\/widgets.js\" charset=\"utf-8\"><\/script>\n<\/div><\/figure>\n\n\n\n<p><\/p>\n\n\n\n<p><\/p>\n","protected":false},"excerpt":{"rendered":"<p>OAXACA, Oax.- Un grupo de comerciantes establecidos afectados por el ambulantaje acudieron al Palacio municipal. Aprovecharon la reuni\u00f3n con el Sindicato 3 de marzo para hacer llegar su queja ante el personal de la Secretar\u00eda general de gobierno. Aunque les han dicho que el tema del ambulantaje tambi\u00e9n es competencia municipal, los comerciantes pidieron que [&hellip;]<\/p>\n","protected":false},"author":5,"featured_media":3264,"comment_status":"closed","ping_status":"closed","sticky":false,"template":"","format":"standard","meta":{"footnotes":""},"categories":[1],"tags":[],"class_list":{"0":"post-3263","1":"post","2":"type-post","3":"status-publish","4":"format-standard","5":"has-post-thumbnail","7":"category-sin-categoria"},"yoast_head":"<!-- This site is optimized with the Yoast SEO plugin v27.4 - https:\/\/yoast.com\/product\/yoast-seo-wordpress\/ -->\n<title>Llegan comerciantes establecidos al palacio municipal de Oaxaca - LA BRAVA RADIO<\/title>\n<meta name=\"description\" content=\"Aprovecharon la reuni\u00f3n con el Sindicato 3 de marzo para hacer llegar su queja ante el personal de la Secretar\u00eda general de gobierno\" \/>\n<meta name=\"robots\" content=\"index, follow, max-snippet:-1, max-image-preview:large, max-video-preview:-1\" \/>\n<link rel=\"canonical\" href=\"https:\/\/www.bbmnoticias.com\/labravaradiofm\/2021\/10\/07\/llegan-comerciantes-establecidos-al-palacio-municipal-de-oaxaca\/\" \/>\n<meta property=\"og:locale\" content=\"es_MX\" \/>\n<meta property=\"og:type\" content=\"article\" \/>\n<meta property=\"og:title\" content=\"Llegan comerciantes establecidos al palacio municipal de Oaxaca - LA BRAVA RADIO\" \/>\n<meta property=\"og:description\" content=\"Aprovecharon la reuni\u00f3n con el Sindicato 3 de marzo para hacer llegar su queja ante el personal de la Secretar\u00eda general de gobierno\" \/>\n<meta property=\"og:url\" content=\"https:\/\/www.bbmnoticias.com\/labravaradiofm\/2021\/10\/07\/llegan-comerciantes-establecidos-al-palacio-municipal-de-oaxaca\/\" \/>\n<meta property=\"og:site_name\" content=\"LA BRAVA RADIO\" \/>\n<meta property=\"article:published_time\" content=\"2021-10-07T15:01:51+00:00\" \/>\n<meta property=\"article:modified_time\" content=\"2021-10-07T15:02:02+00:00\" \/>\n<meta property=\"og:image\" content=\"https:\/\/www.bbmnoticias.com\/labravaradiofm\/wp-content\/uploads\/sites\/5\/2021\/10\/local07102021-1.jpg\" \/>\n\t<meta property=\"og:image:width\" content=\"1024\" \/>\n\t<meta property=\"og:image:height\" content=\"576\" \/>\n\t<meta property=\"og:image:type\" content=\"image\/jpeg\" \/>\n<meta name=\"author\" content=\"Quadratin\" \/>\n<meta name=\"twitter:card\" content=\"summary_large_image\" \/>\n<meta name=\"twitter:label1\" content=\"Escrito por\" \/>\n\t<meta name=\"twitter:data1\" content=\"Quadratin\" \/>\n\t<meta name=\"twitter:label2\" content=\"Tiempo de lectura\" \/>\n\t<meta name=\"twitter:data2\" content=\"1 minuto\" \/>\n<script type=\"application\/ld+json\" class=\"yoast-schema-graph\">{\"@context\":\"https:\\\/\\\/schema.org\",\"@graph\":[{\"@type\":\"Article\",\"@id\":\"https:\\\/\\\/www.bbmnoticias.com\\\/labravaradiofm\\\/2021\\\/10\\\/07\\\/llegan-comerciantes-establecidos-al-palacio-municipal-de-oaxaca\\\/#article\",\"isPartOf\":{\"@id\":\"https:\\\/\\\/www.bbmnoticias.com\\\/labravaradiofm\\\/2021\\\/10\\\/07\\\/llegan-comerciantes-establecidos-al-palacio-municipal-de-oaxaca\\\/\"},\"author\":{\"name\":\"Quadratin\",\"@id\":\"https:\\\/\\\/www.bbmnoticias.com\\\/labravaradiofm\\\/#\\\/schema\\\/person\\\/c316b6f6c03640cce5d9482ba5a8e5c2\"},\"headline\":\"Llegan comerciantes establecidos al palacio municipal de Oaxaca\",\"datePublished\":\"2021-10-07T15:01:51+00:00\",\"dateModified\":\"2021-10-07T15:02:02+00:00\",\"mainEntityOfPage\":{\"@id\":\"https:\\\/\\\/www.bbmnoticias.com\\\/labravaradiofm\\\/2021\\\/10\\\/07\\\/llegan-comerciantes-establecidos-al-palacio-municipal-de-oaxaca\\\/\"},\"wordCount\":122,\"image\":{\"@id\":\"https:\\\/\\\/www.bbmnoticias.com\\\/labravaradiofm\\\/2021\\\/10\\\/07\\\/llegan-comerciantes-establecidos-al-palacio-municipal-de-oaxaca\\\/#primaryimage\"},\"thumbnailUrl\":\"https:\\\/\\\/www.bbmnoticias.com\\\/labravaradiofm\\\/wp-content\\\/uploads\\\/sites\\\/5\\\/2021\\\/10\\\/local07102021-1.jpg\",\"inLanguage\":\"es\"},{\"@type\":\"WebPage\",\"@id\":\"https:\\\/\\\/www.bbmnoticias.com\\\/labravaradiofm\\\/2021\\\/10\\\/07\\\/llegan-comerciantes-establecidos-al-palacio-municipal-de-oaxaca\\\/\",\"url\":\"https:\\\/\\\/www.bbmnoticias.com\\\/labravaradiofm\\\/2021\\\/10\\\/07\\\/llegan-comerciantes-establecidos-al-palacio-municipal-de-oaxaca\\\/\",\"name\":\"Llegan comerciantes establecidos al palacio municipal de Oaxaca - LA BRAVA RADIO\",\"isPartOf\":{\"@id\":\"https:\\\/\\\/www.bbmnoticias.com\\\/labravaradiofm\\\/#website\"},\"primaryImageOfPage\":{\"@id\":\"https:\\\/\\\/www.bbmnoticias.com\\\/labravaradiofm\\\/2021\\\/10\\\/07\\\/llegan-comerciantes-establecidos-al-palacio-municipal-de-oaxaca\\\/#primaryimage\"},\"image\":{\"@id\":\"https:\\\/\\\/www.bbmnoticias.com\\\/labravaradiofm\\\/2021\\\/10\\\/07\\\/llegan-comerciantes-establecidos-al-palacio-municipal-de-oaxaca\\\/#primaryimage\"},\"thumbnailUrl\":\"https:\\\/\\\/www.bbmnoticias.com\\\/labravaradiofm\\\/wp-content\\\/uploads\\\/sites\\\/5\\\/2021\\\/10\\\/local07102021-1.jpg\",\"datePublished\":\"2021-10-07T15:01:51+00:00\",\"dateModified\":\"2021-10-07T15:02:02+00:00\",\"author\":{\"@id\":\"https:\\\/\\\/www.bbmnoticias.com\\\/labravaradiofm\\\/#\\\/schema\\\/person\\\/c316b6f6c03640cce5d9482ba5a8e5c2\"},\"description\":\"Aprovecharon la reuni\u00f3n con el Sindicato 3 de marzo para hacer llegar su queja ante el personal de la Secretar\u00eda general de gobierno\",\"breadcrumb\":{\"@id\":\"https:\\\/\\\/www.bbmnoticias.com\\\/labravaradiofm\\\/2021\\\/10\\\/07\\\/llegan-comerciantes-establecidos-al-palacio-municipal-de-oaxaca\\\/#breadcrumb\"},\"inLanguage\":\"es\",\"potentialAction\":[{\"@type\":\"ReadAction\",\"target\":[\"https:\\\/\\\/www.bbmnoticias.com\\\/labravaradiofm\\\/2021\\\/10\\\/07\\\/llegan-comerciantes-establecidos-al-palacio-municipal-de-oaxaca\\\/\"]}]},{\"@type\":\"ImageObject\",\"inLanguage\":\"es\",\"@id\":\"https:\\\/\\\/www.bbmnoticias.com\\\/labravaradiofm\\\/2021\\\/10\\\/07\\\/llegan-comerciantes-establecidos-al-palacio-municipal-de-oaxaca\\\/#primaryimage\",\"url\":\"https:\\\/\\\/www.bbmnoticias.com\\\/labravaradiofm\\\/wp-content\\\/uploads\\\/sites\\\/5\\\/2021\\\/10\\\/local07102021-1.jpg\",\"contentUrl\":\"https:\\\/\\\/www.bbmnoticias.com\\\/labravaradiofm\\\/wp-content\\\/uploads\\\/sites\\\/5\\\/2021\\\/10\\\/local07102021-1.jpg\",\"width\":1024,\"height\":576},{\"@type\":\"BreadcrumbList\",\"@id\":\"https:\\\/\\\/www.bbmnoticias.com\\\/labravaradiofm\\\/2021\\\/10\\\/07\\\/llegan-comerciantes-establecidos-al-palacio-municipal-de-oaxaca\\\/#breadcrumb\",\"itemListElement\":[{\"@type\":\"ListItem\",\"position\":1,\"name\":\"Inicio\",\"item\":\"https:\\\/\\\/www.bbmnoticias.com\\\/labravaradiofm\\\/\"},{\"@type\":\"ListItem\",\"position\":2,\"name\":\"Llegan comerciantes establecidos al palacio municipal de Oaxaca\"}]},{\"@type\":\"WebSite\",\"@id\":\"https:\\\/\\\/www.bbmnoticias.com\\\/labravaradiofm\\\/#website\",\"url\":\"https:\\\/\\\/www.bbmnoticias.com\\\/labravaradiofm\\\/\",\"name\":\"LA BRAVA RADIO\",\"description\":\"Empresa productora de medios, Radiodifusi\u00f3n, Noticias, tendencias y todo lo que necesitas saber de la pol\u00edtica mexicana e internacional; entretenimiento, espect\u00e1culos, salud y mucho m\u00e1s.\",\"potentialAction\":[{\"@type\":\"SearchAction\",\"target\":{\"@type\":\"EntryPoint\",\"urlTemplate\":\"https:\\\/\\\/www.bbmnoticias.com\\\/labravaradiofm\\\/?s={search_term_string}\"},\"query-input\":{\"@type\":\"PropertyValueSpecification\",\"valueRequired\":true,\"valueName\":\"search_term_string\"}}],\"inLanguage\":\"es\"},{\"@type\":\"Person\",\"@id\":\"https:\\\/\\\/www.bbmnoticias.com\\\/labravaradiofm\\\/#\\\/schema\\\/person\\\/c316b6f6c03640cce5d9482ba5a8e5c2\",\"name\":\"Quadratin\",\"image\":{\"@type\":\"ImageObject\",\"inLanguage\":\"es\",\"@id\":\"https:\\\/\\\/secure.gravatar.com\\\/avatar\\\/34008d7d72488432d6a74f81e839efc9f754b118786ca32cf39d9d5508a68f63?s=96&d=mm&r=g\",\"url\":\"https:\\\/\\\/secure.gravatar.com\\\/avatar\\\/34008d7d72488432d6a74f81e839efc9f754b118786ca32cf39d9d5508a68f63?s=96&d=mm&r=g\",\"contentUrl\":\"https:\\\/\\\/secure.gravatar.com\\\/avatar\\\/34008d7d72488432d6a74f81e839efc9f754b118786ca32cf39d9d5508a68f63?s=96&d=mm&r=g\",\"caption\":\"Quadratin\"},\"url\":\"https:\\\/\\\/www.bbmnoticias.com\\\/labravaradiofm\\\/author\\\/quadratin\\\/\"}]}<\/script>\n<!-- \/ Yoast SEO plugin. -->","yoast_head_json":{"title":"Llegan comerciantes establecidos al palacio municipal de Oaxaca - LA BRAVA RADIO","description":"Aprovecharon la reuni\u00f3n con el Sindicato 3 de marzo para hacer llegar su queja ante el personal de la Secretar\u00eda general de gobierno","robots":{"index":"index","follow":"follow","max-snippet":"max-snippet:-1","max-image-preview":"max-image-preview:large","max-video-preview":"max-video-preview:-1"},"canonical":"https:\/\/www.bbmnoticias.com\/labravaradiofm\/2021\/10\/07\/llegan-comerciantes-establecidos-al-palacio-municipal-de-oaxaca\/","og_locale":"es_MX","og_type":"article","og_title":"Llegan comerciantes establecidos al palacio municipal de Oaxaca - LA BRAVA RADIO","og_description":"Aprovecharon la reuni\u00f3n con el Sindicato 3 de marzo para hacer llegar su queja ante el personal de la Secretar\u00eda general de gobierno","og_url":"https:\/\/www.bbmnoticias.com\/labravaradiofm\/2021\/10\/07\/llegan-comerciantes-establecidos-al-palacio-municipal-de-oaxaca\/","og_site_name":"LA BRAVA RADIO","article_published_time":"2021-10-07T15:01:51+00:00","article_modified_time":"2021-10-07T15:02:02+00:00","og_image":[{"width":1024,"height":576,"url":"https:\/\/www.bbmnoticias.com\/labravaradiofm\/wp-content\/uploads\/sites\/5\/2021\/10\/local07102021-1.jpg","type":"image\/jpeg"}],"author":"Quadratin","twitter_card":"summary_large_image","twitter_misc":{"Escrito por":"Quadratin","Tiempo de lectura":"1 minuto"},"schema":{"@context":"https:\/\/schema.org","@graph":[{"@type":"Article","@id":"https:\/\/www.bbmnoticias.com\/labravaradiofm\/2021\/10\/07\/llegan-comerciantes-establecidos-al-palacio-municipal-de-oaxaca\/#article","isPartOf":{"@id":"https:\/\/www.bbmnoticias.com\/labravaradiofm\/2021\/10\/07\/llegan-comerciantes-establecidos-al-palacio-municipal-de-oaxaca\/"},"author":{"name":"Quadratin","@id":"https:\/\/www.bbmnoticias.com\/labravaradiofm\/#\/schema\/person\/c316b6f6c03640cce5d9482ba5a8e5c2"},"headline":"Llegan comerciantes establecidos al palacio municipal de Oaxaca","datePublished":"2021-10-07T15:01:51+00:00","dateModified":"2021-10-07T15:02:02+00:00","mainEntityOfPage":{"@id":"https:\/\/www.bbmnoticias.com\/labravaradiofm\/2021\/10\/07\/llegan-comerciantes-establecidos-al-palacio-municipal-de-oaxaca\/"},"wordCount":122,"image":{"@id":"https:\/\/www.bbmnoticias.com\/labravaradiofm\/2021\/10\/07\/llegan-comerciantes-establecidos-al-palacio-municipal-de-oaxaca\/#primaryimage"},"thumbnailUrl":"https:\/\/www.bbmnoticias.com\/labravaradiofm\/wp-content\/uploads\/sites\/5\/2021\/10\/local07102021-1.jpg","inLanguage":"es"},{"@type":"WebPage","@id":"https:\/\/www.bbmnoticias.com\/labravaradiofm\/2021\/10\/07\/llegan-comerciantes-establecidos-al-palacio-municipal-de-oaxaca\/","url":"https:\/\/www.bbmnoticias.com\/labravaradiofm\/2021\/10\/07\/llegan-comerciantes-establecidos-al-palacio-municipal-de-oaxaca\/","name":"Llegan comerciantes establecidos al palacio municipal de Oaxaca - LA BRAVA RADIO","isPartOf":{"@id":"https:\/\/www.bbmnoticias.com\/labravaradiofm\/#website"},"primaryImageOfPage":{"@id":"https:\/\/www.bbmnoticias.com\/labravaradiofm\/2021\/10\/07\/llegan-comerciantes-establecidos-al-palacio-municipal-de-oaxaca\/#primaryimage"},"image":{"@id":"https:\/\/www.bbmnoticias.com\/labravaradiofm\/2021\/10\/07\/llegan-comerciantes-establecidos-al-palacio-municipal-de-oaxaca\/#primaryimage"},"thumbnailUrl":"https:\/\/www.bbmnoticias.com\/labravaradiofm\/wp-content\/uploads\/sites\/5\/2021\/10\/local07102021-1.jpg","datePublished":"2021-10-07T15:01:51+00:00","dateModified":"2021-10-07T15:02:02+00:00","author":{"@id":"https:\/\/www.bbmnoticias.com\/labravaradiofm\/#\/schema\/person\/c316b6f6c03640cce5d9482ba5a8e5c2"},"description":"Aprovecharon la reuni\u00f3n con el Sindicato 3 de marzo para hacer llegar su queja ante el personal de la Secretar\u00eda general de gobierno","breadcrumb":{"@id":"https:\/\/www.bbmnoticias.com\/labravaradiofm\/2021\/10\/07\/llegan-comerciantes-establecidos-al-palacio-municipal-de-oaxaca\/#breadcrumb"},"inLanguage":"es","potentialAction":[{"@type":"ReadAction","target":["https:\/\/www.bbmnoticias.com\/labravaradiofm\/2021\/10\/07\/llegan-comerciantes-establecidos-al-palacio-municipal-de-oaxaca\/"]}]},{"@type":"ImageObject","inLanguage":"es","@id":"https:\/\/www.bbmnoticias.com\/labravaradiofm\/2021\/10\/07\/llegan-comerciantes-establecidos-al-palacio-municipal-de-oaxaca\/#primaryimage","url":"https:\/\/www.bbmnoticias.com\/labravaradiofm\/wp-content\/uploads\/sites\/5\/2021\/10\/local07102021-1.jpg","contentUrl":"https:\/\/www.bbmnoticias.com\/labravaradiofm\/wp-content\/uploads\/sites\/5\/2021\/10\/local07102021-1.jpg","width":1024,"height":576},{"@type":"BreadcrumbList","@id":"https:\/\/www.bbmnoticias.com\/labravaradiofm\/2021\/10\/07\/llegan-comerciantes-establecidos-al-palacio-municipal-de-oaxaca\/#breadcrumb","itemListElement":[{"@type":"ListItem","position":1,"name":"Inicio","item":"https:\/\/www.bbmnoticias.com\/labravaradiofm\/"},{"@type":"ListItem","position":2,"name":"Llegan comerciantes establecidos al palacio municipal de Oaxaca"}]},{"@type":"WebSite","@id":"https:\/\/www.bbmnoticias.com\/labravaradiofm\/#website","url":"https:\/\/www.bbmnoticias.com\/labravaradiofm\/","name":"LA BRAVA RADIO","description":"Empresa productora de medios, Radiodifusi\u00f3n, Noticias, tendencias y todo lo que necesitas saber de la pol\u00edtica mexicana e internacional; entretenimiento, espect\u00e1culos, salud y mucho m\u00e1s.","potentialAction":[{"@type":"SearchAction","target":{"@type":"EntryPoint","urlTemplate":"https:\/\/www.bbmnoticias.com\/labravaradiofm\/?s={search_term_string}"},"query-input":{"@type":"PropertyValueSpecification","valueRequired":true,"valueName":"search_term_string"}}],"inLanguage":"es"},{"@type":"Person","@id":"https:\/\/www.bbmnoticias.com\/labravaradiofm\/#\/schema\/person\/c316b6f6c03640cce5d9482ba5a8e5c2","name":"Quadratin","image":{"@type":"ImageObject","inLanguage":"es","@id":"https:\/\/secure.gravatar.com\/avatar\/34008d7d72488432d6a74f81e839efc9f754b118786ca32cf39d9d5508a68f63?s=96&d=mm&r=g","url":"https:\/\/secure.gravatar.com\/avatar\/34008d7d72488432d6a74f81e839efc9f754b118786ca32cf39d9d5508a68f63?s=96&d=mm&r=g","contentUrl":"https:\/\/secure.gravatar.com\/avatar\/34008d7d72488432d6a74f81e839efc9f754b118786ca32cf39d9d5508a68f63?s=96&d=mm&r=g","caption":"Quadratin"},"url":"https:\/\/www.bbmnoticias.com\/labravaradiofm\/author\/quadratin\/"}]}},"_links":{"self":[{"href":"https:\/\/www.bbmnoticias.com\/labravaradiofm\/wp-json\/wp\/v2\/posts\/3263","targetHints":{"allow":["GET"]}}],"collection":[{"href":"https:\/\/www.bbmnoticias.com\/labravaradiofm\/wp-json\/wp\/v2\/posts"}],"about":[{"href":"https:\/\/www.bbmnoticias.com\/labravaradiofm\/wp-json\/wp\/v2\/types\/post"}],"author":[{"embeddable":true,"href":"https:\/\/www.bbmnoticias.com\/labravaradiofm\/wp-json\/wp\/v2\/users\/5"}],"replies":[{"embeddable":true,"href":"https:\/\/www.bbmnoticias.com\/labravaradiofm\/wp-json\/wp\/v2\/comments?post=3263"}],"version-history":[{"count":0,"href":"https:\/\/www.bbmnoticias.com\/labravaradiofm\/wp-json\/wp\/v2\/posts\/3263\/revisions"}],"wp:featuredmedia":[{"embeddable":true,"href":"https:\/\/www.bbmnoticias.com\/labravaradiofm\/wp-json\/wp\/v2\/media\/3264"}],"wp:attachment":[{"href":"https:\/\/www.bbmnoticias.com\/labravaradiofm\/wp-json\/wp\/v2\/media?parent=3263"}],"wp:term":[{"taxonomy":"category","embeddable":true,"href":"https:\/\/www.bbmnoticias.com\/labravaradiofm\/wp-json\/wp\/v2\/categories?post=3263"},{"taxonomy":"post_tag","embeddable":true,"href":"https:\/\/www.bbmnoticias.com\/labravaradiofm\/wp-json\/wp\/v2\/tags?post=3263"}],"curies":[{"name":"wp","href":"https:\/\/api.w.org\/{rel}","templated":true}]}}