{"id":3251,"date":"2021-10-06T20:20:27","date_gmt":"2021-10-07T01:20:27","guid":{"rendered":"https:\/\/www.bbmnoticias.com\/labravaradiofm\/?p=3251"},"modified":"2021-10-06T20:20:29","modified_gmt":"2021-10-07T01:20:29","slug":"ejecuta-fiscalia-orden-de-aprehension-contra-probable-feminicida-de-san-agustin-de-las-juntas","status":"publish","type":"post","link":"https:\/\/www.bbmnoticias.com\/labravaradiofm\/2021\/10\/06\/ejecuta-fiscalia-orden-de-aprehension-contra-probable-feminicida-de-san-agustin-de-las-juntas\/","title":{"rendered":"Ejecuta Fiscal\u00eda orden de aprehensi\u00f3n contra probable feminicida de San Agust\u00edn de las Juntas"},"content":{"rendered":"<div style=\"margin-top: 0px; margin-bottom: 0px;\" class=\"sharethis-inline-share-buttons\" ><\/div>\n<p><strong>Oaxaca de Ju\u00e1rez, Oax.-<\/strong> El trabajo colaborativo entre la Fiscal\u00eda General del Estado de Oaxaca (FGEO) y la Fiscal\u00eda General del Estado de Veracruz (FGE) permiti\u00f3 la aprehensi\u00f3n de la persona del sexo masculino identificada como V. R. M., objetivo prioritario de la Instituci\u00f3n de procuraci\u00f3n de justicia por su probable responsabilidad en el delito de feminicidio en agravio de quien en vida respondi\u00f3 al nombre de Y. S. S. P., cometido en noviembre de 2017, en San Agust\u00edn de las Juntas, en la regi\u00f3n de Valles Centrales.<\/p>\n\n\n\n<p>Polic\u00edas Ministeriales adscritos a la FGE detuvieron el 5 de octubre del a\u00f1o en curso al imputado, en la zona lim\u00edtrofe de Tierra Blanca y Oaxaca. Cabe se\u00f1alar que la orden de aprehensi\u00f3n fue en atenci\u00f3n al oficio de colaboraci\u00f3n DAJ\/AC-MJ\/X\/18779\/2021.<\/p>\n\n\n\n<p>De acuerdo con la carpeta de investigaci\u00f3n 23\/FEADM-F\/2017, el 15 de noviembre de 2017, la v\u00edctima fue vista por \u00faltima vez, situaci\u00f3n que provoc\u00f3 que familiares reportaran su desaparici\u00f3n; posteriormente, el 18 de noviembre fue hallada sin vida en el interior de un domicilio ubicado en la calle de Vega, en San Agust\u00edn de las Juntas.<\/p>\n\n\n\n<p>Finalizados los tr\u00e1mites correspondientes, el imputado fue puesto a disposici\u00f3n de personal de la FGEO, quien realiz\u00f3 su traslado de manera inmediata, a fin de ser presentado ante el Juez de la causa.<\/p>\n\n\n\n<p>En audiencia, el imputado se acogi\u00f3 a la duplicidad del t\u00e9rmino constitucional, que fenece el pr\u00f3ximo 11 de octubre de 2021, quedando en prisi\u00f3n preventiva de manera provisional.<\/p>\n","protected":false},"excerpt":{"rendered":"<p>Oaxaca de Ju\u00e1rez, Oax.- El trabajo colaborativo entre la Fiscal\u00eda General del Estado de Oaxaca (FGEO) y la Fiscal\u00eda General del Estado de Veracruz (FGE) permiti\u00f3 la aprehensi\u00f3n de la persona del sexo masculino identificada como V. R. M., objetivo prioritario de la Instituci\u00f3n de procuraci\u00f3n de justicia por su probable responsabilidad en el delito [&hellip;]<\/p>\n","protected":false},"author":2,"featured_media":3252,"comment_status":"closed","ping_status":"closed","sticky":false,"template":"","format":"standard","meta":{"footnotes":""},"categories":[20],"tags":[],"class_list":{"0":"post-3251","1":"post","2":"type-post","3":"status-publish","4":"format-standard","5":"has-post-thumbnail","7":"category-policiaca"},"yoast_head":"<!-- This site is optimized with the Yoast SEO plugin v27.4 - https:\/\/yoast.com\/product\/yoast-seo-wordpress\/ -->\n<title>Ejecuta Fiscal\u00eda orden de aprehensi\u00f3n contra probable feminicida de San Agust\u00edn de las Juntas - LA BRAVA RADIO<\/title>\n<meta name=\"description\" content=\"En audiencia, el imputado se acogi\u00f3 a la duplicidad del t\u00e9rmino constitucional, que fenece el pr\u00f3ximo 11 de octubre de 2021\" \/>\n<meta name=\"robots\" content=\"index, follow, max-snippet:-1, max-image-preview:large, max-video-preview:-1\" \/>\n<link rel=\"canonical\" href=\"https:\/\/www.bbmnoticias.com\/labravaradiofm\/2021\/10\/06\/ejecuta-fiscalia-orden-de-aprehension-contra-probable-feminicida-de-san-agustin-de-las-juntas\/\" \/>\n<meta property=\"og:locale\" content=\"es_MX\" \/>\n<meta property=\"og:type\" content=\"article\" \/>\n<meta property=\"og:title\" content=\"Ejecuta Fiscal\u00eda orden de aprehensi\u00f3n contra probable feminicida de San Agust\u00edn de las Juntas - LA BRAVA RADIO\" \/>\n<meta property=\"og:description\" content=\"En audiencia, el imputado se acogi\u00f3 a la duplicidad del t\u00e9rmino constitucional, que fenece el pr\u00f3ximo 11 de octubre de 2021\" \/>\n<meta property=\"og:url\" content=\"https:\/\/www.bbmnoticias.com\/labravaradiofm\/2021\/10\/06\/ejecuta-fiscalia-orden-de-aprehension-contra-probable-feminicida-de-san-agustin-de-las-juntas\/\" \/>\n<meta property=\"og:site_name\" content=\"LA BRAVA RADIO\" \/>\n<meta property=\"article:published_time\" content=\"2021-10-07T01:20:27+00:00\" \/>\n<meta property=\"article:modified_time\" content=\"2021-10-07T01:20:29+00:00\" \/>\n<meta property=\"og:image\" content=\"https:\/\/www.bbmnoticias.com\/labravaradiofm\/wp-content\/uploads\/sites\/5\/2021\/10\/policiaca06102021-42.jpg\" \/>\n\t<meta property=\"og:image:width\" content=\"534\" \/>\n\t<meta property=\"og:image:height\" content=\"326\" \/>\n\t<meta property=\"og:image:type\" content=\"image\/jpeg\" \/>\n<meta name=\"author\" content=\"Staff\" \/>\n<meta name=\"twitter:card\" content=\"summary_large_image\" \/>\n<meta name=\"twitter:label1\" content=\"Escrito por\" \/>\n\t<meta name=\"twitter:data1\" content=\"Staff\" \/>\n\t<meta name=\"twitter:label2\" content=\"Tiempo de lectura\" \/>\n\t<meta name=\"twitter:data2\" content=\"2 minutos\" \/>\n<script type=\"application\/ld+json\" class=\"yoast-schema-graph\">{\"@context\":\"https:\\\/\\\/schema.org\",\"@graph\":[{\"@type\":\"Article\",\"@id\":\"https:\\\/\\\/www.bbmnoticias.com\\\/labravaradiofm\\\/2021\\\/10\\\/06\\\/ejecuta-fiscalia-orden-de-aprehension-contra-probable-feminicida-de-san-agustin-de-las-juntas\\\/#article\",\"isPartOf\":{\"@id\":\"https:\\\/\\\/www.bbmnoticias.com\\\/labravaradiofm\\\/2021\\\/10\\\/06\\\/ejecuta-fiscalia-orden-de-aprehension-contra-probable-feminicida-de-san-agustin-de-las-juntas\\\/\"},\"author\":{\"name\":\"Staff\",\"@id\":\"https:\\\/\\\/www.bbmnoticias.com\\\/labravaradiofm\\\/#\\\/schema\\\/person\\\/34b139c617a70ea5bef5678bffe4dd7b\"},\"headline\":\"Ejecuta Fiscal\u00eda orden de aprehensi\u00f3n contra probable feminicida de San Agust\u00edn de las Juntas\",\"datePublished\":\"2021-10-07T01:20:27+00:00\",\"dateModified\":\"2021-10-07T01:20:29+00:00\",\"mainEntityOfPage\":{\"@id\":\"https:\\\/\\\/www.bbmnoticias.com\\\/labravaradiofm\\\/2021\\\/10\\\/06\\\/ejecuta-fiscalia-orden-de-aprehension-contra-probable-feminicida-de-san-agustin-de-las-juntas\\\/\"},\"wordCount\":284,\"image\":{\"@id\":\"https:\\\/\\\/www.bbmnoticias.com\\\/labravaradiofm\\\/2021\\\/10\\\/06\\\/ejecuta-fiscalia-orden-de-aprehension-contra-probable-feminicida-de-san-agustin-de-las-juntas\\\/#primaryimage\"},\"thumbnailUrl\":\"https:\\\/\\\/www.bbmnoticias.com\\\/labravaradiofm\\\/wp-content\\\/uploads\\\/sites\\\/5\\\/2021\\\/10\\\/policiaca06102021-42.jpg\",\"articleSection\":[\"POLICIACA\"],\"inLanguage\":\"es\"},{\"@type\":\"WebPage\",\"@id\":\"https:\\\/\\\/www.bbmnoticias.com\\\/labravaradiofm\\\/2021\\\/10\\\/06\\\/ejecuta-fiscalia-orden-de-aprehension-contra-probable-feminicida-de-san-agustin-de-las-juntas\\\/\",\"url\":\"https:\\\/\\\/www.bbmnoticias.com\\\/labravaradiofm\\\/2021\\\/10\\\/06\\\/ejecuta-fiscalia-orden-de-aprehension-contra-probable-feminicida-de-san-agustin-de-las-juntas\\\/\",\"name\":\"Ejecuta Fiscal\u00eda orden de aprehensi\u00f3n contra probable feminicida de San Agust\u00edn de las Juntas - LA BRAVA RADIO\",\"isPartOf\":{\"@id\":\"https:\\\/\\\/www.bbmnoticias.com\\\/labravaradiofm\\\/#website\"},\"primaryImageOfPage\":{\"@id\":\"https:\\\/\\\/www.bbmnoticias.com\\\/labravaradiofm\\\/2021\\\/10\\\/06\\\/ejecuta-fiscalia-orden-de-aprehension-contra-probable-feminicida-de-san-agustin-de-las-juntas\\\/#primaryimage\"},\"image\":{\"@id\":\"https:\\\/\\\/www.bbmnoticias.com\\\/labravaradiofm\\\/2021\\\/10\\\/06\\\/ejecuta-fiscalia-orden-de-aprehension-contra-probable-feminicida-de-san-agustin-de-las-juntas\\\/#primaryimage\"},\"thumbnailUrl\":\"https:\\\/\\\/www.bbmnoticias.com\\\/labravaradiofm\\\/wp-content\\\/uploads\\\/sites\\\/5\\\/2021\\\/10\\\/policiaca06102021-42.jpg\",\"datePublished\":\"2021-10-07T01:20:27+00:00\",\"dateModified\":\"2021-10-07T01:20:29+00:00\",\"author\":{\"@id\":\"https:\\\/\\\/www.bbmnoticias.com\\\/labravaradiofm\\\/#\\\/schema\\\/person\\\/34b139c617a70ea5bef5678bffe4dd7b\"},\"description\":\"En audiencia, el imputado se acogi\u00f3 a la duplicidad del t\u00e9rmino constitucional, que fenece el pr\u00f3ximo 11 de octubre de 2021\",\"breadcrumb\":{\"@id\":\"https:\\\/\\\/www.bbmnoticias.com\\\/labravaradiofm\\\/2021\\\/10\\\/06\\\/ejecuta-fiscalia-orden-de-aprehension-contra-probable-feminicida-de-san-agustin-de-las-juntas\\\/#breadcrumb\"},\"inLanguage\":\"es\",\"potentialAction\":[{\"@type\":\"ReadAction\",\"target\":[\"https:\\\/\\\/www.bbmnoticias.com\\\/labravaradiofm\\\/2021\\\/10\\\/06\\\/ejecuta-fiscalia-orden-de-aprehension-contra-probable-feminicida-de-san-agustin-de-las-juntas\\\/\"]}]},{\"@type\":\"ImageObject\",\"inLanguage\":\"es\",\"@id\":\"https:\\\/\\\/www.bbmnoticias.com\\\/labravaradiofm\\\/2021\\\/10\\\/06\\\/ejecuta-fiscalia-orden-de-aprehension-contra-probable-feminicida-de-san-agustin-de-las-juntas\\\/#primaryimage\",\"url\":\"https:\\\/\\\/www.bbmnoticias.com\\\/labravaradiofm\\\/wp-content\\\/uploads\\\/sites\\\/5\\\/2021\\\/10\\\/policiaca06102021-42.jpg\",\"contentUrl\":\"https:\\\/\\\/www.bbmnoticias.com\\\/labravaradiofm\\\/wp-content\\\/uploads\\\/sites\\\/5\\\/2021\\\/10\\\/policiaca06102021-42.jpg\",\"width\":534,\"height\":326},{\"@type\":\"BreadcrumbList\",\"@id\":\"https:\\\/\\\/www.bbmnoticias.com\\\/labravaradiofm\\\/2021\\\/10\\\/06\\\/ejecuta-fiscalia-orden-de-aprehension-contra-probable-feminicida-de-san-agustin-de-las-juntas\\\/#breadcrumb\",\"itemListElement\":[{\"@type\":\"ListItem\",\"position\":1,\"name\":\"Inicio\",\"item\":\"https:\\\/\\\/www.bbmnoticias.com\\\/labravaradiofm\\\/\"},{\"@type\":\"ListItem\",\"position\":2,\"name\":\"Ejecuta Fiscal\u00eda orden de aprehensi\u00f3n contra probable feminicida de San Agust\u00edn de las Juntas\"}]},{\"@type\":\"WebSite\",\"@id\":\"https:\\\/\\\/www.bbmnoticias.com\\\/labravaradiofm\\\/#website\",\"url\":\"https:\\\/\\\/www.bbmnoticias.com\\\/labravaradiofm\\\/\",\"name\":\"LA BRAVA RADIO\",\"description\":\"Empresa productora de medios, Radiodifusi\u00f3n, Noticias, tendencias y todo lo que necesitas saber de la pol\u00edtica mexicana e internacional; entretenimiento, espect\u00e1culos, salud y mucho m\u00e1s.\",\"potentialAction\":[{\"@type\":\"SearchAction\",\"target\":{\"@type\":\"EntryPoint\",\"urlTemplate\":\"https:\\\/\\\/www.bbmnoticias.com\\\/labravaradiofm\\\/?s={search_term_string}\"},\"query-input\":{\"@type\":\"PropertyValueSpecification\",\"valueRequired\":true,\"valueName\":\"search_term_string\"}}],\"inLanguage\":\"es\"},{\"@type\":\"Person\",\"@id\":\"https:\\\/\\\/www.bbmnoticias.com\\\/labravaradiofm\\\/#\\\/schema\\\/person\\\/34b139c617a70ea5bef5678bffe4dd7b\",\"name\":\"Staff\",\"image\":{\"@type\":\"ImageObject\",\"inLanguage\":\"es\",\"@id\":\"https:\\\/\\\/secure.gravatar.com\\\/avatar\\\/fdd21ad66fd8b98c407f9dee5b5e588cfe7f0d8579ec20fa6527cd59bab7f0f0?s=96&d=mm&r=g\",\"url\":\"https:\\\/\\\/secure.gravatar.com\\\/avatar\\\/fdd21ad66fd8b98c407f9dee5b5e588cfe7f0d8579ec20fa6527cd59bab7f0f0?s=96&d=mm&r=g\",\"contentUrl\":\"https:\\\/\\\/secure.gravatar.com\\\/avatar\\\/fdd21ad66fd8b98c407f9dee5b5e588cfe7f0d8579ec20fa6527cd59bab7f0f0?s=96&d=mm&r=g\",\"caption\":\"Staff\"},\"url\":\"https:\\\/\\\/www.bbmnoticias.com\\\/labravaradiofm\\\/author\\\/redaccion\\\/\"}]}<\/script>\n<!-- \/ Yoast SEO plugin. -->","yoast_head_json":{"title":"Ejecuta Fiscal\u00eda orden de aprehensi\u00f3n contra probable feminicida de San Agust\u00edn de las Juntas - LA BRAVA RADIO","description":"En audiencia, el imputado se acogi\u00f3 a la duplicidad del t\u00e9rmino constitucional, que fenece el pr\u00f3ximo 11 de octubre de 2021","robots":{"index":"index","follow":"follow","max-snippet":"max-snippet:-1","max-image-preview":"max-image-preview:large","max-video-preview":"max-video-preview:-1"},"canonical":"https:\/\/www.bbmnoticias.com\/labravaradiofm\/2021\/10\/06\/ejecuta-fiscalia-orden-de-aprehension-contra-probable-feminicida-de-san-agustin-de-las-juntas\/","og_locale":"es_MX","og_type":"article","og_title":"Ejecuta Fiscal\u00eda orden de aprehensi\u00f3n contra probable feminicida de San Agust\u00edn de las Juntas - LA BRAVA RADIO","og_description":"En audiencia, el imputado se acogi\u00f3 a la duplicidad del t\u00e9rmino constitucional, que fenece el pr\u00f3ximo 11 de octubre de 2021","og_url":"https:\/\/www.bbmnoticias.com\/labravaradiofm\/2021\/10\/06\/ejecuta-fiscalia-orden-de-aprehension-contra-probable-feminicida-de-san-agustin-de-las-juntas\/","og_site_name":"LA BRAVA RADIO","article_published_time":"2021-10-07T01:20:27+00:00","article_modified_time":"2021-10-07T01:20:29+00:00","og_image":[{"width":534,"height":326,"url":"https:\/\/www.bbmnoticias.com\/labravaradiofm\/wp-content\/uploads\/sites\/5\/2021\/10\/policiaca06102021-42.jpg","type":"image\/jpeg"}],"author":"Staff","twitter_card":"summary_large_image","twitter_misc":{"Escrito por":"Staff","Tiempo de lectura":"2 minutos"},"schema":{"@context":"https:\/\/schema.org","@graph":[{"@type":"Article","@id":"https:\/\/www.bbmnoticias.com\/labravaradiofm\/2021\/10\/06\/ejecuta-fiscalia-orden-de-aprehension-contra-probable-feminicida-de-san-agustin-de-las-juntas\/#article","isPartOf":{"@id":"https:\/\/www.bbmnoticias.com\/labravaradiofm\/2021\/10\/06\/ejecuta-fiscalia-orden-de-aprehension-contra-probable-feminicida-de-san-agustin-de-las-juntas\/"},"author":{"name":"Staff","@id":"https:\/\/www.bbmnoticias.com\/labravaradiofm\/#\/schema\/person\/34b139c617a70ea5bef5678bffe4dd7b"},"headline":"Ejecuta Fiscal\u00eda orden de aprehensi\u00f3n contra probable feminicida de San Agust\u00edn de las Juntas","datePublished":"2021-10-07T01:20:27+00:00","dateModified":"2021-10-07T01:20:29+00:00","mainEntityOfPage":{"@id":"https:\/\/www.bbmnoticias.com\/labravaradiofm\/2021\/10\/06\/ejecuta-fiscalia-orden-de-aprehension-contra-probable-feminicida-de-san-agustin-de-las-juntas\/"},"wordCount":284,"image":{"@id":"https:\/\/www.bbmnoticias.com\/labravaradiofm\/2021\/10\/06\/ejecuta-fiscalia-orden-de-aprehension-contra-probable-feminicida-de-san-agustin-de-las-juntas\/#primaryimage"},"thumbnailUrl":"https:\/\/www.bbmnoticias.com\/labravaradiofm\/wp-content\/uploads\/sites\/5\/2021\/10\/policiaca06102021-42.jpg","articleSection":["POLICIACA"],"inLanguage":"es"},{"@type":"WebPage","@id":"https:\/\/www.bbmnoticias.com\/labravaradiofm\/2021\/10\/06\/ejecuta-fiscalia-orden-de-aprehension-contra-probable-feminicida-de-san-agustin-de-las-juntas\/","url":"https:\/\/www.bbmnoticias.com\/labravaradiofm\/2021\/10\/06\/ejecuta-fiscalia-orden-de-aprehension-contra-probable-feminicida-de-san-agustin-de-las-juntas\/","name":"Ejecuta Fiscal\u00eda orden de aprehensi\u00f3n contra probable feminicida de San Agust\u00edn de las Juntas - LA BRAVA RADIO","isPartOf":{"@id":"https:\/\/www.bbmnoticias.com\/labravaradiofm\/#website"},"primaryImageOfPage":{"@id":"https:\/\/www.bbmnoticias.com\/labravaradiofm\/2021\/10\/06\/ejecuta-fiscalia-orden-de-aprehension-contra-probable-feminicida-de-san-agustin-de-las-juntas\/#primaryimage"},"image":{"@id":"https:\/\/www.bbmnoticias.com\/labravaradiofm\/2021\/10\/06\/ejecuta-fiscalia-orden-de-aprehension-contra-probable-feminicida-de-san-agustin-de-las-juntas\/#primaryimage"},"thumbnailUrl":"https:\/\/www.bbmnoticias.com\/labravaradiofm\/wp-content\/uploads\/sites\/5\/2021\/10\/policiaca06102021-42.jpg","datePublished":"2021-10-07T01:20:27+00:00","dateModified":"2021-10-07T01:20:29+00:00","author":{"@id":"https:\/\/www.bbmnoticias.com\/labravaradiofm\/#\/schema\/person\/34b139c617a70ea5bef5678bffe4dd7b"},"description":"En audiencia, el imputado se acogi\u00f3 a la duplicidad del t\u00e9rmino constitucional, que fenece el pr\u00f3ximo 11 de octubre de 2021","breadcrumb":{"@id":"https:\/\/www.bbmnoticias.com\/labravaradiofm\/2021\/10\/06\/ejecuta-fiscalia-orden-de-aprehension-contra-probable-feminicida-de-san-agustin-de-las-juntas\/#breadcrumb"},"inLanguage":"es","potentialAction":[{"@type":"ReadAction","target":["https:\/\/www.bbmnoticias.com\/labravaradiofm\/2021\/10\/06\/ejecuta-fiscalia-orden-de-aprehension-contra-probable-feminicida-de-san-agustin-de-las-juntas\/"]}]},{"@type":"ImageObject","inLanguage":"es","@id":"https:\/\/www.bbmnoticias.com\/labravaradiofm\/2021\/10\/06\/ejecuta-fiscalia-orden-de-aprehension-contra-probable-feminicida-de-san-agustin-de-las-juntas\/#primaryimage","url":"https:\/\/www.bbmnoticias.com\/labravaradiofm\/wp-content\/uploads\/sites\/5\/2021\/10\/policiaca06102021-42.jpg","contentUrl":"https:\/\/www.bbmnoticias.com\/labravaradiofm\/wp-content\/uploads\/sites\/5\/2021\/10\/policiaca06102021-42.jpg","width":534,"height":326},{"@type":"BreadcrumbList","@id":"https:\/\/www.bbmnoticias.com\/labravaradiofm\/2021\/10\/06\/ejecuta-fiscalia-orden-de-aprehension-contra-probable-feminicida-de-san-agustin-de-las-juntas\/#breadcrumb","itemListElement":[{"@type":"ListItem","position":1,"name":"Inicio","item":"https:\/\/www.bbmnoticias.com\/labravaradiofm\/"},{"@type":"ListItem","position":2,"name":"Ejecuta Fiscal\u00eda orden de aprehensi\u00f3n contra probable feminicida de San Agust\u00edn de las Juntas"}]},{"@type":"WebSite","@id":"https:\/\/www.bbmnoticias.com\/labravaradiofm\/#website","url":"https:\/\/www.bbmnoticias.com\/labravaradiofm\/","name":"LA BRAVA RADIO","description":"Empresa productora de medios, Radiodifusi\u00f3n, Noticias, tendencias y todo lo que necesitas saber de la pol\u00edtica mexicana e internacional; entretenimiento, espect\u00e1culos, salud y mucho m\u00e1s.","potentialAction":[{"@type":"SearchAction","target":{"@type":"EntryPoint","urlTemplate":"https:\/\/www.bbmnoticias.com\/labravaradiofm\/?s={search_term_string}"},"query-input":{"@type":"PropertyValueSpecification","valueRequired":true,"valueName":"search_term_string"}}],"inLanguage":"es"},{"@type":"Person","@id":"https:\/\/www.bbmnoticias.com\/labravaradiofm\/#\/schema\/person\/34b139c617a70ea5bef5678bffe4dd7b","name":"Staff","image":{"@type":"ImageObject","inLanguage":"es","@id":"https:\/\/secure.gravatar.com\/avatar\/fdd21ad66fd8b98c407f9dee5b5e588cfe7f0d8579ec20fa6527cd59bab7f0f0?s=96&d=mm&r=g","url":"https:\/\/secure.gravatar.com\/avatar\/fdd21ad66fd8b98c407f9dee5b5e588cfe7f0d8579ec20fa6527cd59bab7f0f0?s=96&d=mm&r=g","contentUrl":"https:\/\/secure.gravatar.com\/avatar\/fdd21ad66fd8b98c407f9dee5b5e588cfe7f0d8579ec20fa6527cd59bab7f0f0?s=96&d=mm&r=g","caption":"Staff"},"url":"https:\/\/www.bbmnoticias.com\/labravaradiofm\/author\/redaccion\/"}]}},"_links":{"self":[{"href":"https:\/\/www.bbmnoticias.com\/labravaradiofm\/wp-json\/wp\/v2\/posts\/3251","targetHints":{"allow":["GET"]}}],"collection":[{"href":"https:\/\/www.bbmnoticias.com\/labravaradiofm\/wp-json\/wp\/v2\/posts"}],"about":[{"href":"https:\/\/www.bbmnoticias.com\/labravaradiofm\/wp-json\/wp\/v2\/types\/post"}],"author":[{"embeddable":true,"href":"https:\/\/www.bbmnoticias.com\/labravaradiofm\/wp-json\/wp\/v2\/users\/2"}],"replies":[{"embeddable":true,"href":"https:\/\/www.bbmnoticias.com\/labravaradiofm\/wp-json\/wp\/v2\/comments?post=3251"}],"version-history":[{"count":0,"href":"https:\/\/www.bbmnoticias.com\/labravaradiofm\/wp-json\/wp\/v2\/posts\/3251\/revisions"}],"wp:featuredmedia":[{"embeddable":true,"href":"https:\/\/www.bbmnoticias.com\/labravaradiofm\/wp-json\/wp\/v2\/media\/3252"}],"wp:attachment":[{"href":"https:\/\/www.bbmnoticias.com\/labravaradiofm\/wp-json\/wp\/v2\/media?parent=3251"}],"wp:term":[{"taxonomy":"category","embeddable":true,"href":"https:\/\/www.bbmnoticias.com\/labravaradiofm\/wp-json\/wp\/v2\/categories?post=3251"},{"taxonomy":"post_tag","embeddable":true,"href":"https:\/\/www.bbmnoticias.com\/labravaradiofm\/wp-json\/wp\/v2\/tags?post=3251"}],"curies":[{"name":"wp","href":"https:\/\/api.w.org\/{rel}","templated":true}]}}