{"id":3245,"date":"2021-10-06T19:07:08","date_gmt":"2021-10-07T00:07:08","guid":{"rendered":"https:\/\/www.bbmnoticias.com\/labravaradiofm\/?p=3245"},"modified":"2021-10-06T19:07:09","modified_gmt":"2021-10-07T00:07:09","slug":"detenido-por-presunta-violacion-a-adolescente","status":"publish","type":"post","link":"https:\/\/www.bbmnoticias.com\/labravaradiofm\/2021\/10\/06\/detenido-por-presunta-violacion-a-adolescente\/","title":{"rendered":"Detenido por presunta violaci\u00f3n a adolescente"},"content":{"rendered":"<div style=\"margin-top: 0px; margin-bottom: 0px;\" class=\"sharethis-inline-share-buttons\" ><\/div>\n<p><strong>Oaxaca de Ju\u00e1rez, Oax.-<\/strong>\u00a0La comprometida labor de investigaci\u00f3n y seguimiento de casos de violencia sexual de la Fiscal\u00eda General del Estado de Oaxaca (FGEO) permiti\u00f3 la aprehensi\u00f3n de la persona del sexo masculino identificada como F. L. S., probable responsable del delito de equiparado a la violaci\u00f3n en agravio de una adolescente de 13 a\u00f1os, cometido en enero de 2020, en jurisdicci\u00f3n de Santa Mar\u00eda Pe\u00f1oles, Distrito de Etla, en la regi\u00f3n de Valles Centrales.<\/p>\n\n\n\n<p>De acuerdo con la carpeta de investigaci\u00f3n 6119\/FVCE\/ETLA\/2020, en diferentes fechas de enero de 2020, el imputado probablemente agredi\u00f3 de manera sexual a la v\u00edctima, cuando se encontraban en un domicilio particular ubicado en inmediaciones del referido municipio.<\/p>\n\n\n\n<p>Ante este hecho y tras la denuncia presentada, la Instituci\u00f3n de procuraci\u00f3n de justicia inici\u00f3 las investigaciones correspondientes -a trav\u00e9s de la Vicefiscal\u00eda Regional de Valles Centrales-, logrando identificar, aprehender y presentar al probable responsable ante el Juzgado de Control.<\/p>\n\n\n\n<p>En audiencia, el imputado solicit\u00f3 duplicidad del t\u00e9rmino constitucional, mismo que fenece el pr\u00f3ximo 10 de octubre de 2021, quedando en tanto en prisi\u00f3n preventiva de manera provisional.<\/p>\n","protected":false},"excerpt":{"rendered":"<p>Oaxaca de Ju\u00e1rez, Oax.-\u00a0La comprometida labor de investigaci\u00f3n y seguimiento de casos de violencia sexual de la Fiscal\u00eda General del Estado de Oaxaca (FGEO) permiti\u00f3 la aprehensi\u00f3n de la persona del sexo masculino identificada como F. L. S., probable responsable del delito de equiparado a la violaci\u00f3n en agravio de una adolescente de 13 a\u00f1os, [&hellip;]<\/p>\n","protected":false},"author":2,"featured_media":3246,"comment_status":"closed","ping_status":"closed","sticky":false,"template":"","format":"standard","meta":{"footnotes":""},"categories":[20],"tags":[],"class_list":{"0":"post-3245","1":"post","2":"type-post","3":"status-publish","4":"format-standard","5":"has-post-thumbnail","7":"category-policiaca"},"yoast_head":"<!-- This site is optimized with the Yoast SEO plugin v27.4 - https:\/\/yoast.com\/product\/yoast-seo-wordpress\/ -->\n<title>Detenido por presunta violaci\u00f3n a adolescente - LA BRAVA RADIO<\/title>\n<meta name=\"description\" content=\"El imputado solicit\u00f3 duplicidad del t\u00e9rmino constitucional, mismo que fenece el pr\u00f3ximo 10 de octubre de 2021, quedando en tanto en prisi\u00f3n\" \/>\n<meta name=\"robots\" content=\"index, follow, max-snippet:-1, max-image-preview:large, max-video-preview:-1\" \/>\n<link rel=\"canonical\" href=\"https:\/\/www.bbmnoticias.com\/labravaradiofm\/2021\/10\/06\/detenido-por-presunta-violacion-a-adolescente\/\" \/>\n<meta property=\"og:locale\" content=\"es_MX\" \/>\n<meta property=\"og:type\" content=\"article\" \/>\n<meta property=\"og:title\" content=\"Detenido por presunta violaci\u00f3n a adolescente - LA BRAVA RADIO\" \/>\n<meta property=\"og:description\" content=\"El imputado solicit\u00f3 duplicidad del t\u00e9rmino constitucional, mismo que fenece el pr\u00f3ximo 10 de octubre de 2021, quedando en tanto en prisi\u00f3n\" \/>\n<meta property=\"og:url\" content=\"https:\/\/www.bbmnoticias.com\/labravaradiofm\/2021\/10\/06\/detenido-por-presunta-violacion-a-adolescente\/\" \/>\n<meta property=\"og:site_name\" content=\"LA BRAVA RADIO\" \/>\n<meta property=\"article:published_time\" content=\"2021-10-07T00:07:08+00:00\" \/>\n<meta property=\"article:modified_time\" content=\"2021-10-07T00:07:09+00:00\" \/>\n<meta property=\"og:image\" content=\"https:\/\/www.bbmnoticias.com\/labravaradiofm\/wp-content\/uploads\/sites\/5\/2021\/10\/policiaca06102021-41.webp\" \/>\n\t<meta property=\"og:image:width\" content=\"1201\" \/>\n\t<meta property=\"og:image:height\" content=\"740\" \/>\n\t<meta property=\"og:image:type\" content=\"image\/webp\" \/>\n<meta name=\"author\" content=\"Staff\" \/>\n<meta name=\"twitter:card\" content=\"summary_large_image\" \/>\n<meta name=\"twitter:label1\" content=\"Escrito por\" \/>\n\t<meta name=\"twitter:data1\" content=\"Staff\" \/>\n\t<meta name=\"twitter:label2\" content=\"Tiempo de lectura\" \/>\n\t<meta name=\"twitter:data2\" content=\"1 minuto\" \/>\n<script type=\"application\/ld+json\" class=\"yoast-schema-graph\">{\"@context\":\"https:\\\/\\\/schema.org\",\"@graph\":[{\"@type\":\"Article\",\"@id\":\"https:\\\/\\\/www.bbmnoticias.com\\\/labravaradiofm\\\/2021\\\/10\\\/06\\\/detenido-por-presunta-violacion-a-adolescente\\\/#article\",\"isPartOf\":{\"@id\":\"https:\\\/\\\/www.bbmnoticias.com\\\/labravaradiofm\\\/2021\\\/10\\\/06\\\/detenido-por-presunta-violacion-a-adolescente\\\/\"},\"author\":{\"name\":\"Staff\",\"@id\":\"https:\\\/\\\/www.bbmnoticias.com\\\/labravaradiofm\\\/#\\\/schema\\\/person\\\/34b139c617a70ea5bef5678bffe4dd7b\"},\"headline\":\"Detenido por presunta violaci\u00f3n a adolescente\",\"datePublished\":\"2021-10-07T00:07:08+00:00\",\"dateModified\":\"2021-10-07T00:07:09+00:00\",\"mainEntityOfPage\":{\"@id\":\"https:\\\/\\\/www.bbmnoticias.com\\\/labravaradiofm\\\/2021\\\/10\\\/06\\\/detenido-por-presunta-violacion-a-adolescente\\\/\"},\"wordCount\":205,\"image\":{\"@id\":\"https:\\\/\\\/www.bbmnoticias.com\\\/labravaradiofm\\\/2021\\\/10\\\/06\\\/detenido-por-presunta-violacion-a-adolescente\\\/#primaryimage\"},\"thumbnailUrl\":\"https:\\\/\\\/www.bbmnoticias.com\\\/labravaradiofm\\\/wp-content\\\/uploads\\\/sites\\\/5\\\/2021\\\/10\\\/policiaca06102021-41.webp\",\"articleSection\":[\"POLICIACA\"],\"inLanguage\":\"es\"},{\"@type\":\"WebPage\",\"@id\":\"https:\\\/\\\/www.bbmnoticias.com\\\/labravaradiofm\\\/2021\\\/10\\\/06\\\/detenido-por-presunta-violacion-a-adolescente\\\/\",\"url\":\"https:\\\/\\\/www.bbmnoticias.com\\\/labravaradiofm\\\/2021\\\/10\\\/06\\\/detenido-por-presunta-violacion-a-adolescente\\\/\",\"name\":\"Detenido por presunta violaci\u00f3n a adolescente - LA BRAVA RADIO\",\"isPartOf\":{\"@id\":\"https:\\\/\\\/www.bbmnoticias.com\\\/labravaradiofm\\\/#website\"},\"primaryImageOfPage\":{\"@id\":\"https:\\\/\\\/www.bbmnoticias.com\\\/labravaradiofm\\\/2021\\\/10\\\/06\\\/detenido-por-presunta-violacion-a-adolescente\\\/#primaryimage\"},\"image\":{\"@id\":\"https:\\\/\\\/www.bbmnoticias.com\\\/labravaradiofm\\\/2021\\\/10\\\/06\\\/detenido-por-presunta-violacion-a-adolescente\\\/#primaryimage\"},\"thumbnailUrl\":\"https:\\\/\\\/www.bbmnoticias.com\\\/labravaradiofm\\\/wp-content\\\/uploads\\\/sites\\\/5\\\/2021\\\/10\\\/policiaca06102021-41.webp\",\"datePublished\":\"2021-10-07T00:07:08+00:00\",\"dateModified\":\"2021-10-07T00:07:09+00:00\",\"author\":{\"@id\":\"https:\\\/\\\/www.bbmnoticias.com\\\/labravaradiofm\\\/#\\\/schema\\\/person\\\/34b139c617a70ea5bef5678bffe4dd7b\"},\"description\":\"El imputado solicit\u00f3 duplicidad del t\u00e9rmino constitucional, mismo que fenece el pr\u00f3ximo 10 de octubre de 2021, quedando en tanto en prisi\u00f3n\",\"breadcrumb\":{\"@id\":\"https:\\\/\\\/www.bbmnoticias.com\\\/labravaradiofm\\\/2021\\\/10\\\/06\\\/detenido-por-presunta-violacion-a-adolescente\\\/#breadcrumb\"},\"inLanguage\":\"es\",\"potentialAction\":[{\"@type\":\"ReadAction\",\"target\":[\"https:\\\/\\\/www.bbmnoticias.com\\\/labravaradiofm\\\/2021\\\/10\\\/06\\\/detenido-por-presunta-violacion-a-adolescente\\\/\"]}]},{\"@type\":\"ImageObject\",\"inLanguage\":\"es\",\"@id\":\"https:\\\/\\\/www.bbmnoticias.com\\\/labravaradiofm\\\/2021\\\/10\\\/06\\\/detenido-por-presunta-violacion-a-adolescente\\\/#primaryimage\",\"url\":\"https:\\\/\\\/www.bbmnoticias.com\\\/labravaradiofm\\\/wp-content\\\/uploads\\\/sites\\\/5\\\/2021\\\/10\\\/policiaca06102021-41.webp\",\"contentUrl\":\"https:\\\/\\\/www.bbmnoticias.com\\\/labravaradiofm\\\/wp-content\\\/uploads\\\/sites\\\/5\\\/2021\\\/10\\\/policiaca06102021-41.webp\",\"width\":1201,\"height\":740},{\"@type\":\"BreadcrumbList\",\"@id\":\"https:\\\/\\\/www.bbmnoticias.com\\\/labravaradiofm\\\/2021\\\/10\\\/06\\\/detenido-por-presunta-violacion-a-adolescente\\\/#breadcrumb\",\"itemListElement\":[{\"@type\":\"ListItem\",\"position\":1,\"name\":\"Inicio\",\"item\":\"https:\\\/\\\/www.bbmnoticias.com\\\/labravaradiofm\\\/\"},{\"@type\":\"ListItem\",\"position\":2,\"name\":\"Detenido por presunta violaci\u00f3n a adolescente\"}]},{\"@type\":\"WebSite\",\"@id\":\"https:\\\/\\\/www.bbmnoticias.com\\\/labravaradiofm\\\/#website\",\"url\":\"https:\\\/\\\/www.bbmnoticias.com\\\/labravaradiofm\\\/\",\"name\":\"LA BRAVA RADIO\",\"description\":\"Empresa productora de medios, Radiodifusi\u00f3n, Noticias, tendencias y todo lo que necesitas saber de la pol\u00edtica mexicana e internacional; entretenimiento, espect\u00e1culos, salud y mucho m\u00e1s.\",\"potentialAction\":[{\"@type\":\"SearchAction\",\"target\":{\"@type\":\"EntryPoint\",\"urlTemplate\":\"https:\\\/\\\/www.bbmnoticias.com\\\/labravaradiofm\\\/?s={search_term_string}\"},\"query-input\":{\"@type\":\"PropertyValueSpecification\",\"valueRequired\":true,\"valueName\":\"search_term_string\"}}],\"inLanguage\":\"es\"},{\"@type\":\"Person\",\"@id\":\"https:\\\/\\\/www.bbmnoticias.com\\\/labravaradiofm\\\/#\\\/schema\\\/person\\\/34b139c617a70ea5bef5678bffe4dd7b\",\"name\":\"Staff\",\"image\":{\"@type\":\"ImageObject\",\"inLanguage\":\"es\",\"@id\":\"https:\\\/\\\/secure.gravatar.com\\\/avatar\\\/fdd21ad66fd8b98c407f9dee5b5e588cfe7f0d8579ec20fa6527cd59bab7f0f0?s=96&d=mm&r=g\",\"url\":\"https:\\\/\\\/secure.gravatar.com\\\/avatar\\\/fdd21ad66fd8b98c407f9dee5b5e588cfe7f0d8579ec20fa6527cd59bab7f0f0?s=96&d=mm&r=g\",\"contentUrl\":\"https:\\\/\\\/secure.gravatar.com\\\/avatar\\\/fdd21ad66fd8b98c407f9dee5b5e588cfe7f0d8579ec20fa6527cd59bab7f0f0?s=96&d=mm&r=g\",\"caption\":\"Staff\"},\"url\":\"https:\\\/\\\/www.bbmnoticias.com\\\/labravaradiofm\\\/author\\\/redaccion\\\/\"}]}<\/script>\n<!-- \/ Yoast SEO plugin. -->","yoast_head_json":{"title":"Detenido por presunta violaci\u00f3n a adolescente - LA BRAVA RADIO","description":"El imputado solicit\u00f3 duplicidad del t\u00e9rmino constitucional, mismo que fenece el pr\u00f3ximo 10 de octubre de 2021, quedando en tanto en prisi\u00f3n","robots":{"index":"index","follow":"follow","max-snippet":"max-snippet:-1","max-image-preview":"max-image-preview:large","max-video-preview":"max-video-preview:-1"},"canonical":"https:\/\/www.bbmnoticias.com\/labravaradiofm\/2021\/10\/06\/detenido-por-presunta-violacion-a-adolescente\/","og_locale":"es_MX","og_type":"article","og_title":"Detenido por presunta violaci\u00f3n a adolescente - LA BRAVA RADIO","og_description":"El imputado solicit\u00f3 duplicidad del t\u00e9rmino constitucional, mismo que fenece el pr\u00f3ximo 10 de octubre de 2021, quedando en tanto en prisi\u00f3n","og_url":"https:\/\/www.bbmnoticias.com\/labravaradiofm\/2021\/10\/06\/detenido-por-presunta-violacion-a-adolescente\/","og_site_name":"LA BRAVA RADIO","article_published_time":"2021-10-07T00:07:08+00:00","article_modified_time":"2021-10-07T00:07:09+00:00","og_image":[{"width":1201,"height":740,"url":"https:\/\/www.bbmnoticias.com\/labravaradiofm\/wp-content\/uploads\/sites\/5\/2021\/10\/policiaca06102021-41.webp","type":"image\/webp"}],"author":"Staff","twitter_card":"summary_large_image","twitter_misc":{"Escrito por":"Staff","Tiempo de lectura":"1 minuto"},"schema":{"@context":"https:\/\/schema.org","@graph":[{"@type":"Article","@id":"https:\/\/www.bbmnoticias.com\/labravaradiofm\/2021\/10\/06\/detenido-por-presunta-violacion-a-adolescente\/#article","isPartOf":{"@id":"https:\/\/www.bbmnoticias.com\/labravaradiofm\/2021\/10\/06\/detenido-por-presunta-violacion-a-adolescente\/"},"author":{"name":"Staff","@id":"https:\/\/www.bbmnoticias.com\/labravaradiofm\/#\/schema\/person\/34b139c617a70ea5bef5678bffe4dd7b"},"headline":"Detenido por presunta violaci\u00f3n a adolescente","datePublished":"2021-10-07T00:07:08+00:00","dateModified":"2021-10-07T00:07:09+00:00","mainEntityOfPage":{"@id":"https:\/\/www.bbmnoticias.com\/labravaradiofm\/2021\/10\/06\/detenido-por-presunta-violacion-a-adolescente\/"},"wordCount":205,"image":{"@id":"https:\/\/www.bbmnoticias.com\/labravaradiofm\/2021\/10\/06\/detenido-por-presunta-violacion-a-adolescente\/#primaryimage"},"thumbnailUrl":"https:\/\/www.bbmnoticias.com\/labravaradiofm\/wp-content\/uploads\/sites\/5\/2021\/10\/policiaca06102021-41.webp","articleSection":["POLICIACA"],"inLanguage":"es"},{"@type":"WebPage","@id":"https:\/\/www.bbmnoticias.com\/labravaradiofm\/2021\/10\/06\/detenido-por-presunta-violacion-a-adolescente\/","url":"https:\/\/www.bbmnoticias.com\/labravaradiofm\/2021\/10\/06\/detenido-por-presunta-violacion-a-adolescente\/","name":"Detenido por presunta violaci\u00f3n a adolescente - LA BRAVA RADIO","isPartOf":{"@id":"https:\/\/www.bbmnoticias.com\/labravaradiofm\/#website"},"primaryImageOfPage":{"@id":"https:\/\/www.bbmnoticias.com\/labravaradiofm\/2021\/10\/06\/detenido-por-presunta-violacion-a-adolescente\/#primaryimage"},"image":{"@id":"https:\/\/www.bbmnoticias.com\/labravaradiofm\/2021\/10\/06\/detenido-por-presunta-violacion-a-adolescente\/#primaryimage"},"thumbnailUrl":"https:\/\/www.bbmnoticias.com\/labravaradiofm\/wp-content\/uploads\/sites\/5\/2021\/10\/policiaca06102021-41.webp","datePublished":"2021-10-07T00:07:08+00:00","dateModified":"2021-10-07T00:07:09+00:00","author":{"@id":"https:\/\/www.bbmnoticias.com\/labravaradiofm\/#\/schema\/person\/34b139c617a70ea5bef5678bffe4dd7b"},"description":"El imputado solicit\u00f3 duplicidad del t\u00e9rmino constitucional, mismo que fenece el pr\u00f3ximo 10 de octubre de 2021, quedando en tanto en prisi\u00f3n","breadcrumb":{"@id":"https:\/\/www.bbmnoticias.com\/labravaradiofm\/2021\/10\/06\/detenido-por-presunta-violacion-a-adolescente\/#breadcrumb"},"inLanguage":"es","potentialAction":[{"@type":"ReadAction","target":["https:\/\/www.bbmnoticias.com\/labravaradiofm\/2021\/10\/06\/detenido-por-presunta-violacion-a-adolescente\/"]}]},{"@type":"ImageObject","inLanguage":"es","@id":"https:\/\/www.bbmnoticias.com\/labravaradiofm\/2021\/10\/06\/detenido-por-presunta-violacion-a-adolescente\/#primaryimage","url":"https:\/\/www.bbmnoticias.com\/labravaradiofm\/wp-content\/uploads\/sites\/5\/2021\/10\/policiaca06102021-41.webp","contentUrl":"https:\/\/www.bbmnoticias.com\/labravaradiofm\/wp-content\/uploads\/sites\/5\/2021\/10\/policiaca06102021-41.webp","width":1201,"height":740},{"@type":"BreadcrumbList","@id":"https:\/\/www.bbmnoticias.com\/labravaradiofm\/2021\/10\/06\/detenido-por-presunta-violacion-a-adolescente\/#breadcrumb","itemListElement":[{"@type":"ListItem","position":1,"name":"Inicio","item":"https:\/\/www.bbmnoticias.com\/labravaradiofm\/"},{"@type":"ListItem","position":2,"name":"Detenido por presunta violaci\u00f3n a adolescente"}]},{"@type":"WebSite","@id":"https:\/\/www.bbmnoticias.com\/labravaradiofm\/#website","url":"https:\/\/www.bbmnoticias.com\/labravaradiofm\/","name":"LA BRAVA RADIO","description":"Empresa productora de medios, Radiodifusi\u00f3n, Noticias, tendencias y todo lo que necesitas saber de la pol\u00edtica mexicana e internacional; entretenimiento, espect\u00e1culos, salud y mucho m\u00e1s.","potentialAction":[{"@type":"SearchAction","target":{"@type":"EntryPoint","urlTemplate":"https:\/\/www.bbmnoticias.com\/labravaradiofm\/?s={search_term_string}"},"query-input":{"@type":"PropertyValueSpecification","valueRequired":true,"valueName":"search_term_string"}}],"inLanguage":"es"},{"@type":"Person","@id":"https:\/\/www.bbmnoticias.com\/labravaradiofm\/#\/schema\/person\/34b139c617a70ea5bef5678bffe4dd7b","name":"Staff","image":{"@type":"ImageObject","inLanguage":"es","@id":"https:\/\/secure.gravatar.com\/avatar\/fdd21ad66fd8b98c407f9dee5b5e588cfe7f0d8579ec20fa6527cd59bab7f0f0?s=96&d=mm&r=g","url":"https:\/\/secure.gravatar.com\/avatar\/fdd21ad66fd8b98c407f9dee5b5e588cfe7f0d8579ec20fa6527cd59bab7f0f0?s=96&d=mm&r=g","contentUrl":"https:\/\/secure.gravatar.com\/avatar\/fdd21ad66fd8b98c407f9dee5b5e588cfe7f0d8579ec20fa6527cd59bab7f0f0?s=96&d=mm&r=g","caption":"Staff"},"url":"https:\/\/www.bbmnoticias.com\/labravaradiofm\/author\/redaccion\/"}]}},"_links":{"self":[{"href":"https:\/\/www.bbmnoticias.com\/labravaradiofm\/wp-json\/wp\/v2\/posts\/3245","targetHints":{"allow":["GET"]}}],"collection":[{"href":"https:\/\/www.bbmnoticias.com\/labravaradiofm\/wp-json\/wp\/v2\/posts"}],"about":[{"href":"https:\/\/www.bbmnoticias.com\/labravaradiofm\/wp-json\/wp\/v2\/types\/post"}],"author":[{"embeddable":true,"href":"https:\/\/www.bbmnoticias.com\/labravaradiofm\/wp-json\/wp\/v2\/users\/2"}],"replies":[{"embeddable":true,"href":"https:\/\/www.bbmnoticias.com\/labravaradiofm\/wp-json\/wp\/v2\/comments?post=3245"}],"version-history":[{"count":0,"href":"https:\/\/www.bbmnoticias.com\/labravaradiofm\/wp-json\/wp\/v2\/posts\/3245\/revisions"}],"wp:featuredmedia":[{"embeddable":true,"href":"https:\/\/www.bbmnoticias.com\/labravaradiofm\/wp-json\/wp\/v2\/media\/3246"}],"wp:attachment":[{"href":"https:\/\/www.bbmnoticias.com\/labravaradiofm\/wp-json\/wp\/v2\/media?parent=3245"}],"wp:term":[{"taxonomy":"category","embeddable":true,"href":"https:\/\/www.bbmnoticias.com\/labravaradiofm\/wp-json\/wp\/v2\/categories?post=3245"},{"taxonomy":"post_tag","embeddable":true,"href":"https:\/\/www.bbmnoticias.com\/labravaradiofm\/wp-json\/wp\/v2\/tags?post=3245"}],"curies":[{"name":"wp","href":"https:\/\/api.w.org\/{rel}","templated":true}]}}