{"id":3238,"date":"2021-10-06T15:56:25","date_gmt":"2021-10-06T20:56:25","guid":{"rendered":"https:\/\/www.bbmnoticias.com\/labravaradiofm\/?p=3238"},"modified":"2021-10-06T15:56:27","modified_gmt":"2021-10-06T20:56:27","slug":"invita-secretaria-de-economia-al-sector-artesanal-y-productivo-a-tramitar-la-marca-de-certificacion-hecho-en-oaxaca","status":"publish","type":"post","link":"https:\/\/www.bbmnoticias.com\/labravaradiofm\/2021\/10\/06\/invita-secretaria-de-economia-al-sector-artesanal-y-productivo-a-tramitar-la-marca-de-certificacion-hecho-en-oaxaca\/","title":{"rendered":"Invita Secretar\u00eda de Econom\u00eda al sector artesanal y productivo a tramitar la marca de certificaci\u00f3n \u201cHecho en Oaxaca\u201d"},"content":{"rendered":"<div style=\"margin-top: 0px; margin-bottom: 0px;\" class=\"sharethis-inline-share-buttons\" ><\/div>\n<p><strong>Oaxaca de Ju\u00e1rez, Oax<\/strong>.- La Secretar\u00eda de Econom\u00eda del Gobierno de Oaxaca invita a artesanos, artesanas, productoras y productores de las ocho regiones de la entidad a tramitar de manera gratuita la marca de certificaci\u00f3n \u201cHecho en Oaxaca\u201d.<\/p>\n\n\n\n<p>Con el uso de este distintivo, la administraci\u00f3n que encabeza Alejandro Murat Hinojosa, evitar\u00e1 el plagio y dar\u00e1 un valor agregado a los art\u00edculos y productos de las micro, peque\u00f1as y medianas empresas.<\/p>\n\n\n\n<p>Al respecto, el secretario de Econom\u00eda, Juan Pablo Guzm\u00e1n Cobi\u00e1n, destac\u00f3 que el mundo est\u00e1 solicitando los productos oaxaque\u00f1os, y es a trav\u00e9s de esta marca de certificaci\u00f3n como se abrir\u00e1n m\u00e1s puertas para su comercializaci\u00f3n.<\/p>\n\n\n\n<p>Destac\u00f3 que contar con esta importante herramienta les permitir\u00e1 a las y los creadores oaxaque\u00f1os formar parte del Padr\u00f3n Estatal de Productos, con lo que podr\u00e1n participar en exposiciones, foros, ferias, misiones comerciales y encuentros de negocios; adem\u00e1s recibir\u00e1n asesor\u00edas en desarrollo comercial y exportaciones.<\/p>\n\n\n\n<p>Podr\u00e1n contar con su marca de certificaci\u00f3n todos aquellos productos que formen parte de las siguientes categor\u00edas: artesan\u00edas, joyer\u00eda, bolsas, prendas de vestir y calzado, muebles, juegos y juguetes, l\u00e1cteos, productos agroindustriales, alimenticios, cerveza, mezcal y bebidas alcoh\u00f3licas.<\/p>\n\n\n\n<p>El tr\u00e1mite puede realizarse de manera presencial, con los protocolos sanitarios correspondientes, en las oficinas de la Direcci\u00f3n de Desarrollo Sectorial de la Secretar\u00eda de Econom\u00eda ubicadas en Ciudad Administrativa de lunes a viernes de 9:00 a 15:00 horas o v\u00eda correo electr\u00f3nico a hechoenoaxaca@oaxaca.gob.mx.<\/p>\n\n\n\n<p>Las y los interesados deber\u00e1n de contar con los siguientes requisitos: solicitud y formulario descargable en https:\/\/www.oaxaca.gob.mx\/se\/marcahechoenoaxaca, muestra f\u00edsica de los productos, identificaci\u00f3n oficial vigente, acta constitutiva de la empresa, constancia de situaci\u00f3n fiscal, as\u00ed como t\u00edtulo de registro de la marca, comprobante de domicilio fiscal. Para mayor informaci\u00f3n podr\u00e1n visitar el sitio web www.marcahechoenoaxaca.mx.<\/p>\n\n\n\n<p>Esta es una acci\u00f3n m\u00e1s del Gobierno de Oaxaca para brindar reconocimiento, distinci\u00f3n y seguridad a quienes son el motor de sectores estrat\u00e9gicos para la producci\u00f3n y el empleo en la entidad.<\/p>\n","protected":false},"excerpt":{"rendered":"<p>Oaxaca de Ju\u00e1rez, Oax.- La Secretar\u00eda de Econom\u00eda del Gobierno de Oaxaca invita a artesanos, artesanas, productoras y productores de las ocho regiones de la entidad a tramitar de manera gratuita la marca de certificaci\u00f3n \u201cHecho en Oaxaca\u201d. Con el uso de este distintivo, la administraci\u00f3n que encabeza Alejandro Murat Hinojosa, evitar\u00e1 el plagio y [&hellip;]<\/p>\n","protected":false},"author":2,"featured_media":3239,"comment_status":"closed","ping_status":"closed","sticky":false,"template":"","format":"standard","meta":{"footnotes":""},"categories":[2],"tags":[],"class_list":{"0":"post-3238","1":"post","2":"type-post","3":"status-publish","4":"format-standard","5":"has-post-thumbnail","7":"category-oaxaca"},"yoast_head":"<!-- This site is optimized with the Yoast SEO plugin v27.4 - https:\/\/yoast.com\/product\/yoast-seo-wordpress\/ -->\n<title>Invita Secretar\u00eda de Econom\u00eda al sector artesanal y productivo a tramitar la marca de certificaci\u00f3n \u201cHecho en Oaxaca\u201d - LA BRAVA RADIO<\/title>\n<meta name=\"description\" content=\"El tr\u00e1mite es gratuito y puede realizarse de manera presencial, con los protocolos sanitarios correspondientes\" \/>\n<meta name=\"robots\" content=\"index, follow, max-snippet:-1, max-image-preview:large, max-video-preview:-1\" \/>\n<link rel=\"canonical\" href=\"https:\/\/www.bbmnoticias.com\/labravaradiofm\/2021\/10\/06\/invita-secretaria-de-economia-al-sector-artesanal-y-productivo-a-tramitar-la-marca-de-certificacion-hecho-en-oaxaca\/\" \/>\n<meta property=\"og:locale\" content=\"es_MX\" \/>\n<meta property=\"og:type\" content=\"article\" \/>\n<meta property=\"og:title\" content=\"Invita Secretar\u00eda de Econom\u00eda al sector artesanal y productivo a tramitar la marca de certificaci\u00f3n \u201cHecho en Oaxaca\u201d - LA BRAVA RADIO\" \/>\n<meta property=\"og:description\" content=\"El tr\u00e1mite es gratuito y puede realizarse de manera presencial, con los protocolos sanitarios correspondientes\" \/>\n<meta property=\"og:url\" content=\"https:\/\/www.bbmnoticias.com\/labravaradiofm\/2021\/10\/06\/invita-secretaria-de-economia-al-sector-artesanal-y-productivo-a-tramitar-la-marca-de-certificacion-hecho-en-oaxaca\/\" \/>\n<meta property=\"og:site_name\" content=\"LA BRAVA RADIO\" \/>\n<meta property=\"article:published_time\" content=\"2021-10-06T20:56:25+00:00\" \/>\n<meta property=\"article:modified_time\" content=\"2021-10-06T20:56:27+00:00\" \/>\n<meta property=\"og:image\" content=\"https:\/\/www.bbmnoticias.com\/labravaradiofm\/wp-content\/uploads\/sites\/5\/2021\/10\/local06102021-32.jpeg\" \/>\n\t<meta property=\"og:image:width\" content=\"1280\" \/>\n\t<meta property=\"og:image:height\" content=\"792\" \/>\n\t<meta property=\"og:image:type\" content=\"image\/jpeg\" \/>\n<meta name=\"author\" content=\"Staff\" \/>\n<meta name=\"twitter:card\" content=\"summary_large_image\" \/>\n<meta name=\"twitter:label1\" content=\"Escrito por\" \/>\n\t<meta name=\"twitter:data1\" content=\"Staff\" \/>\n\t<meta name=\"twitter:label2\" content=\"Tiempo de lectura\" \/>\n\t<meta name=\"twitter:data2\" content=\"2 minutos\" \/>\n<script type=\"application\/ld+json\" class=\"yoast-schema-graph\">{\"@context\":\"https:\\\/\\\/schema.org\",\"@graph\":[{\"@type\":\"Article\",\"@id\":\"https:\\\/\\\/www.bbmnoticias.com\\\/labravaradiofm\\\/2021\\\/10\\\/06\\\/invita-secretaria-de-economia-al-sector-artesanal-y-productivo-a-tramitar-la-marca-de-certificacion-hecho-en-oaxaca\\\/#article\",\"isPartOf\":{\"@id\":\"https:\\\/\\\/www.bbmnoticias.com\\\/labravaradiofm\\\/2021\\\/10\\\/06\\\/invita-secretaria-de-economia-al-sector-artesanal-y-productivo-a-tramitar-la-marca-de-certificacion-hecho-en-oaxaca\\\/\"},\"author\":{\"name\":\"Staff\",\"@id\":\"https:\\\/\\\/www.bbmnoticias.com\\\/labravaradiofm\\\/#\\\/schema\\\/person\\\/34b139c617a70ea5bef5678bffe4dd7b\"},\"headline\":\"Invita Secretar\u00eda de Econom\u00eda al sector artesanal y productivo a tramitar la marca de certificaci\u00f3n \u201cHecho en Oaxaca\u201d\",\"datePublished\":\"2021-10-06T20:56:25+00:00\",\"dateModified\":\"2021-10-06T20:56:27+00:00\",\"mainEntityOfPage\":{\"@id\":\"https:\\\/\\\/www.bbmnoticias.com\\\/labravaradiofm\\\/2021\\\/10\\\/06\\\/invita-secretaria-de-economia-al-sector-artesanal-y-productivo-a-tramitar-la-marca-de-certificacion-hecho-en-oaxaca\\\/\"},\"wordCount\":400,\"image\":{\"@id\":\"https:\\\/\\\/www.bbmnoticias.com\\\/labravaradiofm\\\/2021\\\/10\\\/06\\\/invita-secretaria-de-economia-al-sector-artesanal-y-productivo-a-tramitar-la-marca-de-certificacion-hecho-en-oaxaca\\\/#primaryimage\"},\"thumbnailUrl\":\"https:\\\/\\\/www.bbmnoticias.com\\\/labravaradiofm\\\/wp-content\\\/uploads\\\/sites\\\/5\\\/2021\\\/10\\\/local06102021-32.jpeg\",\"articleSection\":[\"LOCAL\"],\"inLanguage\":\"es\"},{\"@type\":\"WebPage\",\"@id\":\"https:\\\/\\\/www.bbmnoticias.com\\\/labravaradiofm\\\/2021\\\/10\\\/06\\\/invita-secretaria-de-economia-al-sector-artesanal-y-productivo-a-tramitar-la-marca-de-certificacion-hecho-en-oaxaca\\\/\",\"url\":\"https:\\\/\\\/www.bbmnoticias.com\\\/labravaradiofm\\\/2021\\\/10\\\/06\\\/invita-secretaria-de-economia-al-sector-artesanal-y-productivo-a-tramitar-la-marca-de-certificacion-hecho-en-oaxaca\\\/\",\"name\":\"Invita Secretar\u00eda de Econom\u00eda al sector artesanal y productivo a tramitar la marca de certificaci\u00f3n \u201cHecho en Oaxaca\u201d - LA BRAVA RADIO\",\"isPartOf\":{\"@id\":\"https:\\\/\\\/www.bbmnoticias.com\\\/labravaradiofm\\\/#website\"},\"primaryImageOfPage\":{\"@id\":\"https:\\\/\\\/www.bbmnoticias.com\\\/labravaradiofm\\\/2021\\\/10\\\/06\\\/invita-secretaria-de-economia-al-sector-artesanal-y-productivo-a-tramitar-la-marca-de-certificacion-hecho-en-oaxaca\\\/#primaryimage\"},\"image\":{\"@id\":\"https:\\\/\\\/www.bbmnoticias.com\\\/labravaradiofm\\\/2021\\\/10\\\/06\\\/invita-secretaria-de-economia-al-sector-artesanal-y-productivo-a-tramitar-la-marca-de-certificacion-hecho-en-oaxaca\\\/#primaryimage\"},\"thumbnailUrl\":\"https:\\\/\\\/www.bbmnoticias.com\\\/labravaradiofm\\\/wp-content\\\/uploads\\\/sites\\\/5\\\/2021\\\/10\\\/local06102021-32.jpeg\",\"datePublished\":\"2021-10-06T20:56:25+00:00\",\"dateModified\":\"2021-10-06T20:56:27+00:00\",\"author\":{\"@id\":\"https:\\\/\\\/www.bbmnoticias.com\\\/labravaradiofm\\\/#\\\/schema\\\/person\\\/34b139c617a70ea5bef5678bffe4dd7b\"},\"description\":\"El tr\u00e1mite es gratuito y puede realizarse de manera presencial, con los protocolos sanitarios correspondientes\",\"breadcrumb\":{\"@id\":\"https:\\\/\\\/www.bbmnoticias.com\\\/labravaradiofm\\\/2021\\\/10\\\/06\\\/invita-secretaria-de-economia-al-sector-artesanal-y-productivo-a-tramitar-la-marca-de-certificacion-hecho-en-oaxaca\\\/#breadcrumb\"},\"inLanguage\":\"es\",\"potentialAction\":[{\"@type\":\"ReadAction\",\"target\":[\"https:\\\/\\\/www.bbmnoticias.com\\\/labravaradiofm\\\/2021\\\/10\\\/06\\\/invita-secretaria-de-economia-al-sector-artesanal-y-productivo-a-tramitar-la-marca-de-certificacion-hecho-en-oaxaca\\\/\"]}]},{\"@type\":\"ImageObject\",\"inLanguage\":\"es\",\"@id\":\"https:\\\/\\\/www.bbmnoticias.com\\\/labravaradiofm\\\/2021\\\/10\\\/06\\\/invita-secretaria-de-economia-al-sector-artesanal-y-productivo-a-tramitar-la-marca-de-certificacion-hecho-en-oaxaca\\\/#primaryimage\",\"url\":\"https:\\\/\\\/www.bbmnoticias.com\\\/labravaradiofm\\\/wp-content\\\/uploads\\\/sites\\\/5\\\/2021\\\/10\\\/local06102021-32.jpeg\",\"contentUrl\":\"https:\\\/\\\/www.bbmnoticias.com\\\/labravaradiofm\\\/wp-content\\\/uploads\\\/sites\\\/5\\\/2021\\\/10\\\/local06102021-32.jpeg\",\"width\":1280,\"height\":792},{\"@type\":\"BreadcrumbList\",\"@id\":\"https:\\\/\\\/www.bbmnoticias.com\\\/labravaradiofm\\\/2021\\\/10\\\/06\\\/invita-secretaria-de-economia-al-sector-artesanal-y-productivo-a-tramitar-la-marca-de-certificacion-hecho-en-oaxaca\\\/#breadcrumb\",\"itemListElement\":[{\"@type\":\"ListItem\",\"position\":1,\"name\":\"Inicio\",\"item\":\"https:\\\/\\\/www.bbmnoticias.com\\\/labravaradiofm\\\/\"},{\"@type\":\"ListItem\",\"position\":2,\"name\":\"Invita Secretar\u00eda de Econom\u00eda al sector artesanal y productivo a tramitar la marca de certificaci\u00f3n \u201cHecho en Oaxaca\u201d\"}]},{\"@type\":\"WebSite\",\"@id\":\"https:\\\/\\\/www.bbmnoticias.com\\\/labravaradiofm\\\/#website\",\"url\":\"https:\\\/\\\/www.bbmnoticias.com\\\/labravaradiofm\\\/\",\"name\":\"LA BRAVA RADIO\",\"description\":\"Empresa productora de medios, Radiodifusi\u00f3n, Noticias, tendencias y todo lo que necesitas saber de la pol\u00edtica mexicana e internacional; entretenimiento, espect\u00e1culos, salud y mucho m\u00e1s.\",\"potentialAction\":[{\"@type\":\"SearchAction\",\"target\":{\"@type\":\"EntryPoint\",\"urlTemplate\":\"https:\\\/\\\/www.bbmnoticias.com\\\/labravaradiofm\\\/?s={search_term_string}\"},\"query-input\":{\"@type\":\"PropertyValueSpecification\",\"valueRequired\":true,\"valueName\":\"search_term_string\"}}],\"inLanguage\":\"es\"},{\"@type\":\"Person\",\"@id\":\"https:\\\/\\\/www.bbmnoticias.com\\\/labravaradiofm\\\/#\\\/schema\\\/person\\\/34b139c617a70ea5bef5678bffe4dd7b\",\"name\":\"Staff\",\"image\":{\"@type\":\"ImageObject\",\"inLanguage\":\"es\",\"@id\":\"https:\\\/\\\/secure.gravatar.com\\\/avatar\\\/fdd21ad66fd8b98c407f9dee5b5e588cfe7f0d8579ec20fa6527cd59bab7f0f0?s=96&d=mm&r=g\",\"url\":\"https:\\\/\\\/secure.gravatar.com\\\/avatar\\\/fdd21ad66fd8b98c407f9dee5b5e588cfe7f0d8579ec20fa6527cd59bab7f0f0?s=96&d=mm&r=g\",\"contentUrl\":\"https:\\\/\\\/secure.gravatar.com\\\/avatar\\\/fdd21ad66fd8b98c407f9dee5b5e588cfe7f0d8579ec20fa6527cd59bab7f0f0?s=96&d=mm&r=g\",\"caption\":\"Staff\"},\"url\":\"https:\\\/\\\/www.bbmnoticias.com\\\/labravaradiofm\\\/author\\\/redaccion\\\/\"}]}<\/script>\n<!-- \/ Yoast SEO plugin. -->","yoast_head_json":{"title":"Invita Secretar\u00eda de Econom\u00eda al sector artesanal y productivo a tramitar la marca de certificaci\u00f3n \u201cHecho en Oaxaca\u201d - LA BRAVA RADIO","description":"El tr\u00e1mite es gratuito y puede realizarse de manera presencial, con los protocolos sanitarios correspondientes","robots":{"index":"index","follow":"follow","max-snippet":"max-snippet:-1","max-image-preview":"max-image-preview:large","max-video-preview":"max-video-preview:-1"},"canonical":"https:\/\/www.bbmnoticias.com\/labravaradiofm\/2021\/10\/06\/invita-secretaria-de-economia-al-sector-artesanal-y-productivo-a-tramitar-la-marca-de-certificacion-hecho-en-oaxaca\/","og_locale":"es_MX","og_type":"article","og_title":"Invita Secretar\u00eda de Econom\u00eda al sector artesanal y productivo a tramitar la marca de certificaci\u00f3n \u201cHecho en Oaxaca\u201d - LA BRAVA RADIO","og_description":"El tr\u00e1mite es gratuito y puede realizarse de manera presencial, con los protocolos sanitarios correspondientes","og_url":"https:\/\/www.bbmnoticias.com\/labravaradiofm\/2021\/10\/06\/invita-secretaria-de-economia-al-sector-artesanal-y-productivo-a-tramitar-la-marca-de-certificacion-hecho-en-oaxaca\/","og_site_name":"LA BRAVA RADIO","article_published_time":"2021-10-06T20:56:25+00:00","article_modified_time":"2021-10-06T20:56:27+00:00","og_image":[{"width":1280,"height":792,"url":"https:\/\/www.bbmnoticias.com\/labravaradiofm\/wp-content\/uploads\/sites\/5\/2021\/10\/local06102021-32.jpeg","type":"image\/jpeg"}],"author":"Staff","twitter_card":"summary_large_image","twitter_misc":{"Escrito por":"Staff","Tiempo de lectura":"2 minutos"},"schema":{"@context":"https:\/\/schema.org","@graph":[{"@type":"Article","@id":"https:\/\/www.bbmnoticias.com\/labravaradiofm\/2021\/10\/06\/invita-secretaria-de-economia-al-sector-artesanal-y-productivo-a-tramitar-la-marca-de-certificacion-hecho-en-oaxaca\/#article","isPartOf":{"@id":"https:\/\/www.bbmnoticias.com\/labravaradiofm\/2021\/10\/06\/invita-secretaria-de-economia-al-sector-artesanal-y-productivo-a-tramitar-la-marca-de-certificacion-hecho-en-oaxaca\/"},"author":{"name":"Staff","@id":"https:\/\/www.bbmnoticias.com\/labravaradiofm\/#\/schema\/person\/34b139c617a70ea5bef5678bffe4dd7b"},"headline":"Invita Secretar\u00eda de Econom\u00eda al sector artesanal y productivo a tramitar la marca de certificaci\u00f3n \u201cHecho en Oaxaca\u201d","datePublished":"2021-10-06T20:56:25+00:00","dateModified":"2021-10-06T20:56:27+00:00","mainEntityOfPage":{"@id":"https:\/\/www.bbmnoticias.com\/labravaradiofm\/2021\/10\/06\/invita-secretaria-de-economia-al-sector-artesanal-y-productivo-a-tramitar-la-marca-de-certificacion-hecho-en-oaxaca\/"},"wordCount":400,"image":{"@id":"https:\/\/www.bbmnoticias.com\/labravaradiofm\/2021\/10\/06\/invita-secretaria-de-economia-al-sector-artesanal-y-productivo-a-tramitar-la-marca-de-certificacion-hecho-en-oaxaca\/#primaryimage"},"thumbnailUrl":"https:\/\/www.bbmnoticias.com\/labravaradiofm\/wp-content\/uploads\/sites\/5\/2021\/10\/local06102021-32.jpeg","articleSection":["LOCAL"],"inLanguage":"es"},{"@type":"WebPage","@id":"https:\/\/www.bbmnoticias.com\/labravaradiofm\/2021\/10\/06\/invita-secretaria-de-economia-al-sector-artesanal-y-productivo-a-tramitar-la-marca-de-certificacion-hecho-en-oaxaca\/","url":"https:\/\/www.bbmnoticias.com\/labravaradiofm\/2021\/10\/06\/invita-secretaria-de-economia-al-sector-artesanal-y-productivo-a-tramitar-la-marca-de-certificacion-hecho-en-oaxaca\/","name":"Invita Secretar\u00eda de Econom\u00eda al sector artesanal y productivo a tramitar la marca de certificaci\u00f3n \u201cHecho en Oaxaca\u201d - LA BRAVA RADIO","isPartOf":{"@id":"https:\/\/www.bbmnoticias.com\/labravaradiofm\/#website"},"primaryImageOfPage":{"@id":"https:\/\/www.bbmnoticias.com\/labravaradiofm\/2021\/10\/06\/invita-secretaria-de-economia-al-sector-artesanal-y-productivo-a-tramitar-la-marca-de-certificacion-hecho-en-oaxaca\/#primaryimage"},"image":{"@id":"https:\/\/www.bbmnoticias.com\/labravaradiofm\/2021\/10\/06\/invita-secretaria-de-economia-al-sector-artesanal-y-productivo-a-tramitar-la-marca-de-certificacion-hecho-en-oaxaca\/#primaryimage"},"thumbnailUrl":"https:\/\/www.bbmnoticias.com\/labravaradiofm\/wp-content\/uploads\/sites\/5\/2021\/10\/local06102021-32.jpeg","datePublished":"2021-10-06T20:56:25+00:00","dateModified":"2021-10-06T20:56:27+00:00","author":{"@id":"https:\/\/www.bbmnoticias.com\/labravaradiofm\/#\/schema\/person\/34b139c617a70ea5bef5678bffe4dd7b"},"description":"El tr\u00e1mite es gratuito y puede realizarse de manera presencial, con los protocolos sanitarios correspondientes","breadcrumb":{"@id":"https:\/\/www.bbmnoticias.com\/labravaradiofm\/2021\/10\/06\/invita-secretaria-de-economia-al-sector-artesanal-y-productivo-a-tramitar-la-marca-de-certificacion-hecho-en-oaxaca\/#breadcrumb"},"inLanguage":"es","potentialAction":[{"@type":"ReadAction","target":["https:\/\/www.bbmnoticias.com\/labravaradiofm\/2021\/10\/06\/invita-secretaria-de-economia-al-sector-artesanal-y-productivo-a-tramitar-la-marca-de-certificacion-hecho-en-oaxaca\/"]}]},{"@type":"ImageObject","inLanguage":"es","@id":"https:\/\/www.bbmnoticias.com\/labravaradiofm\/2021\/10\/06\/invita-secretaria-de-economia-al-sector-artesanal-y-productivo-a-tramitar-la-marca-de-certificacion-hecho-en-oaxaca\/#primaryimage","url":"https:\/\/www.bbmnoticias.com\/labravaradiofm\/wp-content\/uploads\/sites\/5\/2021\/10\/local06102021-32.jpeg","contentUrl":"https:\/\/www.bbmnoticias.com\/labravaradiofm\/wp-content\/uploads\/sites\/5\/2021\/10\/local06102021-32.jpeg","width":1280,"height":792},{"@type":"BreadcrumbList","@id":"https:\/\/www.bbmnoticias.com\/labravaradiofm\/2021\/10\/06\/invita-secretaria-de-economia-al-sector-artesanal-y-productivo-a-tramitar-la-marca-de-certificacion-hecho-en-oaxaca\/#breadcrumb","itemListElement":[{"@type":"ListItem","position":1,"name":"Inicio","item":"https:\/\/www.bbmnoticias.com\/labravaradiofm\/"},{"@type":"ListItem","position":2,"name":"Invita Secretar\u00eda de Econom\u00eda al sector artesanal y productivo a tramitar la marca de certificaci\u00f3n \u201cHecho en Oaxaca\u201d"}]},{"@type":"WebSite","@id":"https:\/\/www.bbmnoticias.com\/labravaradiofm\/#website","url":"https:\/\/www.bbmnoticias.com\/labravaradiofm\/","name":"LA BRAVA RADIO","description":"Empresa productora de medios, Radiodifusi\u00f3n, Noticias, tendencias y todo lo que necesitas saber de la pol\u00edtica mexicana e internacional; entretenimiento, espect\u00e1culos, salud y mucho m\u00e1s.","potentialAction":[{"@type":"SearchAction","target":{"@type":"EntryPoint","urlTemplate":"https:\/\/www.bbmnoticias.com\/labravaradiofm\/?s={search_term_string}"},"query-input":{"@type":"PropertyValueSpecification","valueRequired":true,"valueName":"search_term_string"}}],"inLanguage":"es"},{"@type":"Person","@id":"https:\/\/www.bbmnoticias.com\/labravaradiofm\/#\/schema\/person\/34b139c617a70ea5bef5678bffe4dd7b","name":"Staff","image":{"@type":"ImageObject","inLanguage":"es","@id":"https:\/\/secure.gravatar.com\/avatar\/fdd21ad66fd8b98c407f9dee5b5e588cfe7f0d8579ec20fa6527cd59bab7f0f0?s=96&d=mm&r=g","url":"https:\/\/secure.gravatar.com\/avatar\/fdd21ad66fd8b98c407f9dee5b5e588cfe7f0d8579ec20fa6527cd59bab7f0f0?s=96&d=mm&r=g","contentUrl":"https:\/\/secure.gravatar.com\/avatar\/fdd21ad66fd8b98c407f9dee5b5e588cfe7f0d8579ec20fa6527cd59bab7f0f0?s=96&d=mm&r=g","caption":"Staff"},"url":"https:\/\/www.bbmnoticias.com\/labravaradiofm\/author\/redaccion\/"}]}},"_links":{"self":[{"href":"https:\/\/www.bbmnoticias.com\/labravaradiofm\/wp-json\/wp\/v2\/posts\/3238","targetHints":{"allow":["GET"]}}],"collection":[{"href":"https:\/\/www.bbmnoticias.com\/labravaradiofm\/wp-json\/wp\/v2\/posts"}],"about":[{"href":"https:\/\/www.bbmnoticias.com\/labravaradiofm\/wp-json\/wp\/v2\/types\/post"}],"author":[{"embeddable":true,"href":"https:\/\/www.bbmnoticias.com\/labravaradiofm\/wp-json\/wp\/v2\/users\/2"}],"replies":[{"embeddable":true,"href":"https:\/\/www.bbmnoticias.com\/labravaradiofm\/wp-json\/wp\/v2\/comments?post=3238"}],"version-history":[{"count":0,"href":"https:\/\/www.bbmnoticias.com\/labravaradiofm\/wp-json\/wp\/v2\/posts\/3238\/revisions"}],"wp:featuredmedia":[{"embeddable":true,"href":"https:\/\/www.bbmnoticias.com\/labravaradiofm\/wp-json\/wp\/v2\/media\/3239"}],"wp:attachment":[{"href":"https:\/\/www.bbmnoticias.com\/labravaradiofm\/wp-json\/wp\/v2\/media?parent=3238"}],"wp:term":[{"taxonomy":"category","embeddable":true,"href":"https:\/\/www.bbmnoticias.com\/labravaradiofm\/wp-json\/wp\/v2\/categories?post=3238"},{"taxonomy":"post_tag","embeddable":true,"href":"https:\/\/www.bbmnoticias.com\/labravaradiofm\/wp-json\/wp\/v2\/tags?post=3238"}],"curies":[{"name":"wp","href":"https:\/\/api.w.org\/{rel}","templated":true}]}}