{"id":3235,"date":"2021-10-06T15:50:19","date_gmt":"2021-10-06T20:50:19","guid":{"rendered":"https:\/\/www.bbmnoticias.com\/labravaradiofm\/?p=3235"},"modified":"2021-10-06T17:01:00","modified_gmt":"2021-10-06T22:01:00","slug":"sentenciado-a-3-anos-de-carcel-por-negar-pension-alimentaria-a-su-hija","status":"publish","type":"post","link":"https:\/\/www.bbmnoticias.com\/labravaradiofm\/2021\/10\/06\/sentenciado-a-3-anos-de-carcel-por-negar-pension-alimentaria-a-su-hija\/","title":{"rendered":"Sentenciado a 3 a\u00f1os de c\u00e1rcel por negar pensi\u00f3n alimenticia a su hija"},"content":{"rendered":"<div style=\"margin-top: 0px; margin-bottom: 0px;\" class=\"sharethis-inline-share-buttons\" ><\/div>\n<p><strong>Oaxaca de Ju\u00e1rez, Oax.-<\/strong> La comprometida labor de resoluci\u00f3n de casos de la Fiscal\u00eda General del Estado de Oaxaca (FGEO) obtuvo, del Tribunal de Enjuiciamiento, sentencia condenatoria contra la persona del sexo masculino identificada como L. A. R., por su responsabilidad en el incumplimiento de las obligaciones alimentarias en agravio de su hija, cometido en San Juan Bautista Tuxtepec, regi\u00f3n de la Cuenca.<\/p>\n\n\n\n<p>De acuerdo con los hechos asentados en la carpeta de investigaci\u00f3n 2464\/FTUXM\/2017, a partir de junio de 2015, el responsable dej\u00f3 de exhibir la pensi\u00f3n alimenticia que el Juez de la causa decret\u00f3 en favor de sus hijos. Asimismo, se neg\u00f3 a realizar el pago de las pensiones atrasadas hasta la fecha.<\/p>\n\n\n\n<p>Ante estos hechos, la Instituci\u00f3n de procuraci\u00f3n de justicia inici\u00f3 las diligencias correspondientes -a trav\u00e9s de la Vicefiscal\u00eda Regional de la Cuenca-, present\u00f3 al responsable ante el Juez de la causa quien, tras validar los datos probatorios, determin\u00f3 vincularlo a proceso.<\/p>\n\n\n\n<p>En audiencia, el Tribunal de Enjuiciamiento dict\u00f3 sentencia condenatoria contra L. A. R., imponiendo la pena de 3 a\u00f1os de prisi\u00f3n y ordenando el pago de m\u00e1s de 222 mil pesos por concepto de reparaci\u00f3n del da\u00f1o.<\/p>\n","protected":false},"excerpt":{"rendered":"<p>Oaxaca de Ju\u00e1rez, Oax.- La comprometida labor de resoluci\u00f3n de casos de la Fiscal\u00eda General del Estado de Oaxaca (FGEO) obtuvo, del Tribunal de Enjuiciamiento, sentencia condenatoria contra la persona del sexo masculino identificada como L. A. R., por su responsabilidad en el incumplimiento de las obligaciones alimentarias en agravio de su hija, cometido en [&hellip;]<\/p>\n","protected":false},"author":2,"featured_media":3236,"comment_status":"closed","ping_status":"closed","sticky":false,"template":"","format":"standard","meta":{"footnotes":""},"categories":[20],"tags":[],"class_list":{"0":"post-3235","1":"post","2":"type-post","3":"status-publish","4":"format-standard","5":"has-post-thumbnail","7":"category-policiaca"},"yoast_head":"<!-- This site is optimized with the Yoast SEO plugin v27.4 - https:\/\/yoast.com\/product\/yoast-seo-wordpress\/ -->\n<title>Sentenciado a 3 a\u00f1os de c\u00e1rcel por negar pensi\u00f3n alimenticia a su hija - LA BRAVA RADIO<\/title>\n<meta name=\"description\" content=\"Ante estos hechos, la Instituci\u00f3n de procuraci\u00f3n de justicia inici\u00f3 las diligencias correspondientes -a trav\u00e9s de la Vicefiscal\u00eda\" \/>\n<meta name=\"robots\" content=\"index, follow, max-snippet:-1, max-image-preview:large, max-video-preview:-1\" \/>\n<link rel=\"canonical\" href=\"https:\/\/www.bbmnoticias.com\/labravaradiofm\/2021\/10\/06\/sentenciado-a-3-anos-de-carcel-por-negar-pension-alimentaria-a-su-hija\/\" \/>\n<meta property=\"og:locale\" content=\"es_MX\" \/>\n<meta property=\"og:type\" content=\"article\" \/>\n<meta property=\"og:title\" content=\"Sentenciado a 3 a\u00f1os de c\u00e1rcel por negar pensi\u00f3n alimenticia a su hija - LA BRAVA RADIO\" \/>\n<meta property=\"og:description\" content=\"Ante estos hechos, la Instituci\u00f3n de procuraci\u00f3n de justicia inici\u00f3 las diligencias correspondientes -a trav\u00e9s de la Vicefiscal\u00eda\" \/>\n<meta property=\"og:url\" content=\"https:\/\/www.bbmnoticias.com\/labravaradiofm\/2021\/10\/06\/sentenciado-a-3-anos-de-carcel-por-negar-pension-alimentaria-a-su-hija\/\" \/>\n<meta property=\"og:site_name\" content=\"LA BRAVA RADIO\" \/>\n<meta property=\"article:published_time\" content=\"2021-10-06T20:50:19+00:00\" \/>\n<meta property=\"article:modified_time\" content=\"2021-10-06T22:01:00+00:00\" \/>\n<meta property=\"og:image\" content=\"https:\/\/www.bbmnoticias.com\/labravaradiofm\/wp-content\/uploads\/sites\/5\/2021\/10\/policiaca06102021-30.jpeg\" \/>\n\t<meta property=\"og:image:width\" content=\"958\" \/>\n\t<meta property=\"og:image:height\" content=\"596\" \/>\n\t<meta property=\"og:image:type\" content=\"image\/jpeg\" \/>\n<meta name=\"author\" content=\"Staff\" \/>\n<meta name=\"twitter:card\" content=\"summary_large_image\" \/>\n<meta name=\"twitter:label1\" content=\"Escrito por\" \/>\n\t<meta name=\"twitter:data1\" content=\"Staff\" \/>\n\t<meta name=\"twitter:label2\" content=\"Tiempo de lectura\" \/>\n\t<meta name=\"twitter:data2\" content=\"1 minuto\" \/>\n<script type=\"application\/ld+json\" class=\"yoast-schema-graph\">{\"@context\":\"https:\\\/\\\/schema.org\",\"@graph\":[{\"@type\":\"Article\",\"@id\":\"https:\\\/\\\/www.bbmnoticias.com\\\/labravaradiofm\\\/2021\\\/10\\\/06\\\/sentenciado-a-3-anos-de-carcel-por-negar-pension-alimentaria-a-su-hija\\\/#article\",\"isPartOf\":{\"@id\":\"https:\\\/\\\/www.bbmnoticias.com\\\/labravaradiofm\\\/2021\\\/10\\\/06\\\/sentenciado-a-3-anos-de-carcel-por-negar-pension-alimentaria-a-su-hija\\\/\"},\"author\":{\"name\":\"Staff\",\"@id\":\"https:\\\/\\\/www.bbmnoticias.com\\\/labravaradiofm\\\/#\\\/schema\\\/person\\\/34b139c617a70ea5bef5678bffe4dd7b\"},\"headline\":\"Sentenciado a 3 a\u00f1os de c\u00e1rcel por negar pensi\u00f3n alimenticia a su hija\",\"datePublished\":\"2021-10-06T20:50:19+00:00\",\"dateModified\":\"2021-10-06T22:01:00+00:00\",\"mainEntityOfPage\":{\"@id\":\"https:\\\/\\\/www.bbmnoticias.com\\\/labravaradiofm\\\/2021\\\/10\\\/06\\\/sentenciado-a-3-anos-de-carcel-por-negar-pension-alimentaria-a-su-hija\\\/\"},\"wordCount\":221,\"image\":{\"@id\":\"https:\\\/\\\/www.bbmnoticias.com\\\/labravaradiofm\\\/2021\\\/10\\\/06\\\/sentenciado-a-3-anos-de-carcel-por-negar-pension-alimentaria-a-su-hija\\\/#primaryimage\"},\"thumbnailUrl\":\"https:\\\/\\\/www.bbmnoticias.com\\\/labravaradiofm\\\/wp-content\\\/uploads\\\/sites\\\/5\\\/2021\\\/10\\\/policiaca06102021-30.jpeg\",\"articleSection\":[\"POLICIACA\"],\"inLanguage\":\"es\"},{\"@type\":\"WebPage\",\"@id\":\"https:\\\/\\\/www.bbmnoticias.com\\\/labravaradiofm\\\/2021\\\/10\\\/06\\\/sentenciado-a-3-anos-de-carcel-por-negar-pension-alimentaria-a-su-hija\\\/\",\"url\":\"https:\\\/\\\/www.bbmnoticias.com\\\/labravaradiofm\\\/2021\\\/10\\\/06\\\/sentenciado-a-3-anos-de-carcel-por-negar-pension-alimentaria-a-su-hija\\\/\",\"name\":\"Sentenciado a 3 a\u00f1os de c\u00e1rcel por negar pensi\u00f3n alimenticia a su hija - LA BRAVA RADIO\",\"isPartOf\":{\"@id\":\"https:\\\/\\\/www.bbmnoticias.com\\\/labravaradiofm\\\/#website\"},\"primaryImageOfPage\":{\"@id\":\"https:\\\/\\\/www.bbmnoticias.com\\\/labravaradiofm\\\/2021\\\/10\\\/06\\\/sentenciado-a-3-anos-de-carcel-por-negar-pension-alimentaria-a-su-hija\\\/#primaryimage\"},\"image\":{\"@id\":\"https:\\\/\\\/www.bbmnoticias.com\\\/labravaradiofm\\\/2021\\\/10\\\/06\\\/sentenciado-a-3-anos-de-carcel-por-negar-pension-alimentaria-a-su-hija\\\/#primaryimage\"},\"thumbnailUrl\":\"https:\\\/\\\/www.bbmnoticias.com\\\/labravaradiofm\\\/wp-content\\\/uploads\\\/sites\\\/5\\\/2021\\\/10\\\/policiaca06102021-30.jpeg\",\"datePublished\":\"2021-10-06T20:50:19+00:00\",\"dateModified\":\"2021-10-06T22:01:00+00:00\",\"author\":{\"@id\":\"https:\\\/\\\/www.bbmnoticias.com\\\/labravaradiofm\\\/#\\\/schema\\\/person\\\/34b139c617a70ea5bef5678bffe4dd7b\"},\"description\":\"Ante estos hechos, la Instituci\u00f3n de procuraci\u00f3n de justicia inici\u00f3 las diligencias correspondientes -a trav\u00e9s de la Vicefiscal\u00eda\",\"breadcrumb\":{\"@id\":\"https:\\\/\\\/www.bbmnoticias.com\\\/labravaradiofm\\\/2021\\\/10\\\/06\\\/sentenciado-a-3-anos-de-carcel-por-negar-pension-alimentaria-a-su-hija\\\/#breadcrumb\"},\"inLanguage\":\"es\",\"potentialAction\":[{\"@type\":\"ReadAction\",\"target\":[\"https:\\\/\\\/www.bbmnoticias.com\\\/labravaradiofm\\\/2021\\\/10\\\/06\\\/sentenciado-a-3-anos-de-carcel-por-negar-pension-alimentaria-a-su-hija\\\/\"]}]},{\"@type\":\"ImageObject\",\"inLanguage\":\"es\",\"@id\":\"https:\\\/\\\/www.bbmnoticias.com\\\/labravaradiofm\\\/2021\\\/10\\\/06\\\/sentenciado-a-3-anos-de-carcel-por-negar-pension-alimentaria-a-su-hija\\\/#primaryimage\",\"url\":\"https:\\\/\\\/www.bbmnoticias.com\\\/labravaradiofm\\\/wp-content\\\/uploads\\\/sites\\\/5\\\/2021\\\/10\\\/policiaca06102021-30.jpeg\",\"contentUrl\":\"https:\\\/\\\/www.bbmnoticias.com\\\/labravaradiofm\\\/wp-content\\\/uploads\\\/sites\\\/5\\\/2021\\\/10\\\/policiaca06102021-30.jpeg\",\"width\":958,\"height\":596},{\"@type\":\"BreadcrumbList\",\"@id\":\"https:\\\/\\\/www.bbmnoticias.com\\\/labravaradiofm\\\/2021\\\/10\\\/06\\\/sentenciado-a-3-anos-de-carcel-por-negar-pension-alimentaria-a-su-hija\\\/#breadcrumb\",\"itemListElement\":[{\"@type\":\"ListItem\",\"position\":1,\"name\":\"Inicio\",\"item\":\"https:\\\/\\\/www.bbmnoticias.com\\\/labravaradiofm\\\/\"},{\"@type\":\"ListItem\",\"position\":2,\"name\":\"Sentenciado a 3 a\u00f1os de c\u00e1rcel por negar pensi\u00f3n alimenticia a su hija\"}]},{\"@type\":\"WebSite\",\"@id\":\"https:\\\/\\\/www.bbmnoticias.com\\\/labravaradiofm\\\/#website\",\"url\":\"https:\\\/\\\/www.bbmnoticias.com\\\/labravaradiofm\\\/\",\"name\":\"LA BRAVA RADIO\",\"description\":\"Empresa productora de medios, Radiodifusi\u00f3n, Noticias, tendencias y todo lo que necesitas saber de la pol\u00edtica mexicana e internacional; entretenimiento, espect\u00e1culos, salud y mucho m\u00e1s.\",\"potentialAction\":[{\"@type\":\"SearchAction\",\"target\":{\"@type\":\"EntryPoint\",\"urlTemplate\":\"https:\\\/\\\/www.bbmnoticias.com\\\/labravaradiofm\\\/?s={search_term_string}\"},\"query-input\":{\"@type\":\"PropertyValueSpecification\",\"valueRequired\":true,\"valueName\":\"search_term_string\"}}],\"inLanguage\":\"es\"},{\"@type\":\"Person\",\"@id\":\"https:\\\/\\\/www.bbmnoticias.com\\\/labravaradiofm\\\/#\\\/schema\\\/person\\\/34b139c617a70ea5bef5678bffe4dd7b\",\"name\":\"Staff\",\"image\":{\"@type\":\"ImageObject\",\"inLanguage\":\"es\",\"@id\":\"https:\\\/\\\/secure.gravatar.com\\\/avatar\\\/fdd21ad66fd8b98c407f9dee5b5e588cfe7f0d8579ec20fa6527cd59bab7f0f0?s=96&d=mm&r=g\",\"url\":\"https:\\\/\\\/secure.gravatar.com\\\/avatar\\\/fdd21ad66fd8b98c407f9dee5b5e588cfe7f0d8579ec20fa6527cd59bab7f0f0?s=96&d=mm&r=g\",\"contentUrl\":\"https:\\\/\\\/secure.gravatar.com\\\/avatar\\\/fdd21ad66fd8b98c407f9dee5b5e588cfe7f0d8579ec20fa6527cd59bab7f0f0?s=96&d=mm&r=g\",\"caption\":\"Staff\"},\"url\":\"https:\\\/\\\/www.bbmnoticias.com\\\/labravaradiofm\\\/author\\\/redaccion\\\/\"}]}<\/script>\n<!-- \/ Yoast SEO plugin. -->","yoast_head_json":{"title":"Sentenciado a 3 a\u00f1os de c\u00e1rcel por negar pensi\u00f3n alimenticia a su hija - LA BRAVA RADIO","description":"Ante estos hechos, la Instituci\u00f3n de procuraci\u00f3n de justicia inici\u00f3 las diligencias correspondientes -a trav\u00e9s de la Vicefiscal\u00eda","robots":{"index":"index","follow":"follow","max-snippet":"max-snippet:-1","max-image-preview":"max-image-preview:large","max-video-preview":"max-video-preview:-1"},"canonical":"https:\/\/www.bbmnoticias.com\/labravaradiofm\/2021\/10\/06\/sentenciado-a-3-anos-de-carcel-por-negar-pension-alimentaria-a-su-hija\/","og_locale":"es_MX","og_type":"article","og_title":"Sentenciado a 3 a\u00f1os de c\u00e1rcel por negar pensi\u00f3n alimenticia a su hija - LA BRAVA RADIO","og_description":"Ante estos hechos, la Instituci\u00f3n de procuraci\u00f3n de justicia inici\u00f3 las diligencias correspondientes -a trav\u00e9s de la Vicefiscal\u00eda","og_url":"https:\/\/www.bbmnoticias.com\/labravaradiofm\/2021\/10\/06\/sentenciado-a-3-anos-de-carcel-por-negar-pension-alimentaria-a-su-hija\/","og_site_name":"LA BRAVA RADIO","article_published_time":"2021-10-06T20:50:19+00:00","article_modified_time":"2021-10-06T22:01:00+00:00","og_image":[{"width":958,"height":596,"url":"https:\/\/www.bbmnoticias.com\/labravaradiofm\/wp-content\/uploads\/sites\/5\/2021\/10\/policiaca06102021-30.jpeg","type":"image\/jpeg"}],"author":"Staff","twitter_card":"summary_large_image","twitter_misc":{"Escrito por":"Staff","Tiempo de lectura":"1 minuto"},"schema":{"@context":"https:\/\/schema.org","@graph":[{"@type":"Article","@id":"https:\/\/www.bbmnoticias.com\/labravaradiofm\/2021\/10\/06\/sentenciado-a-3-anos-de-carcel-por-negar-pension-alimentaria-a-su-hija\/#article","isPartOf":{"@id":"https:\/\/www.bbmnoticias.com\/labravaradiofm\/2021\/10\/06\/sentenciado-a-3-anos-de-carcel-por-negar-pension-alimentaria-a-su-hija\/"},"author":{"name":"Staff","@id":"https:\/\/www.bbmnoticias.com\/labravaradiofm\/#\/schema\/person\/34b139c617a70ea5bef5678bffe4dd7b"},"headline":"Sentenciado a 3 a\u00f1os de c\u00e1rcel por negar pensi\u00f3n alimenticia a su hija","datePublished":"2021-10-06T20:50:19+00:00","dateModified":"2021-10-06T22:01:00+00:00","mainEntityOfPage":{"@id":"https:\/\/www.bbmnoticias.com\/labravaradiofm\/2021\/10\/06\/sentenciado-a-3-anos-de-carcel-por-negar-pension-alimentaria-a-su-hija\/"},"wordCount":221,"image":{"@id":"https:\/\/www.bbmnoticias.com\/labravaradiofm\/2021\/10\/06\/sentenciado-a-3-anos-de-carcel-por-negar-pension-alimentaria-a-su-hija\/#primaryimage"},"thumbnailUrl":"https:\/\/www.bbmnoticias.com\/labravaradiofm\/wp-content\/uploads\/sites\/5\/2021\/10\/policiaca06102021-30.jpeg","articleSection":["POLICIACA"],"inLanguage":"es"},{"@type":"WebPage","@id":"https:\/\/www.bbmnoticias.com\/labravaradiofm\/2021\/10\/06\/sentenciado-a-3-anos-de-carcel-por-negar-pension-alimentaria-a-su-hija\/","url":"https:\/\/www.bbmnoticias.com\/labravaradiofm\/2021\/10\/06\/sentenciado-a-3-anos-de-carcel-por-negar-pension-alimentaria-a-su-hija\/","name":"Sentenciado a 3 a\u00f1os de c\u00e1rcel por negar pensi\u00f3n alimenticia a su hija - LA BRAVA RADIO","isPartOf":{"@id":"https:\/\/www.bbmnoticias.com\/labravaradiofm\/#website"},"primaryImageOfPage":{"@id":"https:\/\/www.bbmnoticias.com\/labravaradiofm\/2021\/10\/06\/sentenciado-a-3-anos-de-carcel-por-negar-pension-alimentaria-a-su-hija\/#primaryimage"},"image":{"@id":"https:\/\/www.bbmnoticias.com\/labravaradiofm\/2021\/10\/06\/sentenciado-a-3-anos-de-carcel-por-negar-pension-alimentaria-a-su-hija\/#primaryimage"},"thumbnailUrl":"https:\/\/www.bbmnoticias.com\/labravaradiofm\/wp-content\/uploads\/sites\/5\/2021\/10\/policiaca06102021-30.jpeg","datePublished":"2021-10-06T20:50:19+00:00","dateModified":"2021-10-06T22:01:00+00:00","author":{"@id":"https:\/\/www.bbmnoticias.com\/labravaradiofm\/#\/schema\/person\/34b139c617a70ea5bef5678bffe4dd7b"},"description":"Ante estos hechos, la Instituci\u00f3n de procuraci\u00f3n de justicia inici\u00f3 las diligencias correspondientes -a trav\u00e9s de la Vicefiscal\u00eda","breadcrumb":{"@id":"https:\/\/www.bbmnoticias.com\/labravaradiofm\/2021\/10\/06\/sentenciado-a-3-anos-de-carcel-por-negar-pension-alimentaria-a-su-hija\/#breadcrumb"},"inLanguage":"es","potentialAction":[{"@type":"ReadAction","target":["https:\/\/www.bbmnoticias.com\/labravaradiofm\/2021\/10\/06\/sentenciado-a-3-anos-de-carcel-por-negar-pension-alimentaria-a-su-hija\/"]}]},{"@type":"ImageObject","inLanguage":"es","@id":"https:\/\/www.bbmnoticias.com\/labravaradiofm\/2021\/10\/06\/sentenciado-a-3-anos-de-carcel-por-negar-pension-alimentaria-a-su-hija\/#primaryimage","url":"https:\/\/www.bbmnoticias.com\/labravaradiofm\/wp-content\/uploads\/sites\/5\/2021\/10\/policiaca06102021-30.jpeg","contentUrl":"https:\/\/www.bbmnoticias.com\/labravaradiofm\/wp-content\/uploads\/sites\/5\/2021\/10\/policiaca06102021-30.jpeg","width":958,"height":596},{"@type":"BreadcrumbList","@id":"https:\/\/www.bbmnoticias.com\/labravaradiofm\/2021\/10\/06\/sentenciado-a-3-anos-de-carcel-por-negar-pension-alimentaria-a-su-hija\/#breadcrumb","itemListElement":[{"@type":"ListItem","position":1,"name":"Inicio","item":"https:\/\/www.bbmnoticias.com\/labravaradiofm\/"},{"@type":"ListItem","position":2,"name":"Sentenciado a 3 a\u00f1os de c\u00e1rcel por negar pensi\u00f3n alimenticia a su hija"}]},{"@type":"WebSite","@id":"https:\/\/www.bbmnoticias.com\/labravaradiofm\/#website","url":"https:\/\/www.bbmnoticias.com\/labravaradiofm\/","name":"LA BRAVA RADIO","description":"Empresa productora de medios, Radiodifusi\u00f3n, Noticias, tendencias y todo lo que necesitas saber de la pol\u00edtica mexicana e internacional; entretenimiento, espect\u00e1culos, salud y mucho m\u00e1s.","potentialAction":[{"@type":"SearchAction","target":{"@type":"EntryPoint","urlTemplate":"https:\/\/www.bbmnoticias.com\/labravaradiofm\/?s={search_term_string}"},"query-input":{"@type":"PropertyValueSpecification","valueRequired":true,"valueName":"search_term_string"}}],"inLanguage":"es"},{"@type":"Person","@id":"https:\/\/www.bbmnoticias.com\/labravaradiofm\/#\/schema\/person\/34b139c617a70ea5bef5678bffe4dd7b","name":"Staff","image":{"@type":"ImageObject","inLanguage":"es","@id":"https:\/\/secure.gravatar.com\/avatar\/fdd21ad66fd8b98c407f9dee5b5e588cfe7f0d8579ec20fa6527cd59bab7f0f0?s=96&d=mm&r=g","url":"https:\/\/secure.gravatar.com\/avatar\/fdd21ad66fd8b98c407f9dee5b5e588cfe7f0d8579ec20fa6527cd59bab7f0f0?s=96&d=mm&r=g","contentUrl":"https:\/\/secure.gravatar.com\/avatar\/fdd21ad66fd8b98c407f9dee5b5e588cfe7f0d8579ec20fa6527cd59bab7f0f0?s=96&d=mm&r=g","caption":"Staff"},"url":"https:\/\/www.bbmnoticias.com\/labravaradiofm\/author\/redaccion\/"}]}},"_links":{"self":[{"href":"https:\/\/www.bbmnoticias.com\/labravaradiofm\/wp-json\/wp\/v2\/posts\/3235","targetHints":{"allow":["GET"]}}],"collection":[{"href":"https:\/\/www.bbmnoticias.com\/labravaradiofm\/wp-json\/wp\/v2\/posts"}],"about":[{"href":"https:\/\/www.bbmnoticias.com\/labravaradiofm\/wp-json\/wp\/v2\/types\/post"}],"author":[{"embeddable":true,"href":"https:\/\/www.bbmnoticias.com\/labravaradiofm\/wp-json\/wp\/v2\/users\/2"}],"replies":[{"embeddable":true,"href":"https:\/\/www.bbmnoticias.com\/labravaradiofm\/wp-json\/wp\/v2\/comments?post=3235"}],"version-history":[{"count":0,"href":"https:\/\/www.bbmnoticias.com\/labravaradiofm\/wp-json\/wp\/v2\/posts\/3235\/revisions"}],"wp:featuredmedia":[{"embeddable":true,"href":"https:\/\/www.bbmnoticias.com\/labravaradiofm\/wp-json\/wp\/v2\/media\/3236"}],"wp:attachment":[{"href":"https:\/\/www.bbmnoticias.com\/labravaradiofm\/wp-json\/wp\/v2\/media?parent=3235"}],"wp:term":[{"taxonomy":"category","embeddable":true,"href":"https:\/\/www.bbmnoticias.com\/labravaradiofm\/wp-json\/wp\/v2\/categories?post=3235"},{"taxonomy":"post_tag","embeddable":true,"href":"https:\/\/www.bbmnoticias.com\/labravaradiofm\/wp-json\/wp\/v2\/tags?post=3235"}],"curies":[{"name":"wp","href":"https:\/\/api.w.org\/{rel}","templated":true}]}}