{"id":3229,"date":"2021-10-06T15:39:53","date_gmt":"2021-10-06T20:39:53","guid":{"rendered":"https:\/\/www.bbmnoticias.com\/labravaradiofm\/?p=3229"},"modified":"2021-10-06T15:39:54","modified_gmt":"2021-10-06T20:39:54","slug":"emite-cepco-aviso-especial-por-presencia-de-frente-frio-numero-2-y-onda-tropical-numero-35","status":"publish","type":"post","link":"https:\/\/www.bbmnoticias.com\/labravaradiofm\/2021\/10\/06\/emite-cepco-aviso-especial-por-presencia-de-frente-frio-numero-2-y-onda-tropical-numero-35\/","title":{"rendered":"Emite CEPCO aviso especial por presencia de Frente Fr\u00edo n\u00famero 2 y Onda Tropical n\u00famero 35"},"content":{"rendered":"<div style=\"margin-top: 0px; margin-bottom: 0px;\" class=\"sharethis-inline-share-buttons\" ><\/div>\n<ul class=\"wp-block-list\"><li>Se estiman lluvias fuertes a intensas, asociadas con actividad el\u00e9ctrica en Cuenca del Papaloapan, Sierra Norte, Istmo, Sierra Mazateca y algunos sectores de la Mixteca<\/li><\/ul>\n\n\n\n<p><strong>Oaxaca de Ju\u00e1rez, Oax.<\/strong> La Coordinaci\u00f3n Estatal de Protecci\u00f3n Civil de Oaxaca (CEPCO), emite el siguiente aviso especial derivado del choque de dos sistemas atmosf\u00e9ricos sobre el sureste de M\u00e9xico, correspondientes al Frente Fr\u00edo n\u00famero 2 y la Onda Tropical n\u00famero 35, que originar\u00e1 desde este jueves y hasta el fin de semana, fuertes lluvias en gran parte del territorio oaxaque\u00f1o.<\/p>\n\n\n\n<p>El Frente Fr\u00edo n\u00famero 2 y la Onda Tropical n\u00famero 35 -uno de origen tropical y otro de origen polar, ambos acoplados por un canal de baja presi\u00f3n- dar\u00e1n origen a un temporal lluvioso en la entidad, con mayor \u00e9nfasis sobre la Cuenca del Papaloapan, Sierra Norte, Istmo, Sierra Mazateca y algunos sectores de la Mixteca, donde se estiman lluvias fuertes a intensas, asociadas con actividad el\u00e9ctrica.<\/p>\n\n\n\n<p>La CEPCO, encabezada por Oscar Valencia Garc\u00eda, informa del Evento de Norte, moderado a fuerte, en el tramo carretero La Venta-La Ventosa, que se extender\u00e1 hacia aguas del Golfo de Tehuantepec, donde se desarrollar\u00e1 oleaje elevado con marejadas fuertes.<\/p>\n\n\n\n<p>A pesar que la masa de aire fr\u00edo no llegar\u00e1 con intensidad, es posible un refrescamiento en las temperaturas en zonas mayores a mil 500 metros, asociadas a nieblas densas.<\/p>\n\n\n\n<p>La Coordinaci\u00f3n Estatal de Protecci\u00f3n Civil de Oaxaca, recomienda a la poblaci\u00f3n extremar precauciones ante la presencia de lluvias fuertes a intensas que pueden causar inundaciones repentinas, crecidas de r\u00edos e inestabilidad de laderas, y pide mantenerse informada a trav\u00e9s de fuentes oficiales.<\/p>\n","protected":false},"excerpt":{"rendered":"<p>Se estiman lluvias fuertes a intensas, asociadas con actividad el\u00e9ctrica en Cuenca del Papaloapan, Sierra Norte, Istmo, Sierra Mazateca y algunos sectores de la Mixteca Oaxaca de Ju\u00e1rez, Oax. La Coordinaci\u00f3n Estatal de Protecci\u00f3n Civil de Oaxaca (CEPCO), emite el siguiente aviso especial derivado del choque de dos sistemas atmosf\u00e9ricos sobre el sureste de M\u00e9xico, [&hellip;]<\/p>\n","protected":false},"author":2,"featured_media":3230,"comment_status":"closed","ping_status":"closed","sticky":false,"template":"","format":"standard","meta":{"footnotes":""},"categories":[1],"tags":[],"class_list":{"0":"post-3229","1":"post","2":"type-post","3":"status-publish","4":"format-standard","5":"has-post-thumbnail","7":"category-sin-categoria"},"yoast_head":"<!-- This site is optimized with the Yoast SEO plugin v27.4 - https:\/\/yoast.com\/product\/yoast-seo-wordpress\/ -->\n<title>Emite CEPCO aviso especial por presencia de Frente Fr\u00edo n\u00famero 2 y Onda Tropical n\u00famero 35 - LA BRAVA RADIO<\/title>\n<meta name=\"description\" content=\"Dar\u00e1n origen a un temporal lluvioso en la entidad, con mayor \u00e9nfasis sobre la Cuenca del Papaloapan, Sierra Norte, Istmo, Sierra Mazateca\" \/>\n<meta name=\"robots\" content=\"index, follow, max-snippet:-1, max-image-preview:large, max-video-preview:-1\" \/>\n<link rel=\"canonical\" href=\"https:\/\/www.bbmnoticias.com\/labravaradiofm\/2021\/10\/06\/emite-cepco-aviso-especial-por-presencia-de-frente-frio-numero-2-y-onda-tropical-numero-35\/\" \/>\n<meta property=\"og:locale\" content=\"es_MX\" \/>\n<meta property=\"og:type\" content=\"article\" \/>\n<meta property=\"og:title\" content=\"Emite CEPCO aviso especial por presencia de Frente Fr\u00edo n\u00famero 2 y Onda Tropical n\u00famero 35 - LA BRAVA RADIO\" \/>\n<meta property=\"og:description\" content=\"Dar\u00e1n origen a un temporal lluvioso en la entidad, con mayor \u00e9nfasis sobre la Cuenca del Papaloapan, Sierra Norte, Istmo, Sierra Mazateca\" \/>\n<meta property=\"og:url\" content=\"https:\/\/www.bbmnoticias.com\/labravaradiofm\/2021\/10\/06\/emite-cepco-aviso-especial-por-presencia-de-frente-frio-numero-2-y-onda-tropical-numero-35\/\" \/>\n<meta property=\"og:site_name\" content=\"LA BRAVA RADIO\" \/>\n<meta property=\"article:published_time\" content=\"2021-10-06T20:39:53+00:00\" \/>\n<meta property=\"article:modified_time\" content=\"2021-10-06T20:39:54+00:00\" \/>\n<meta property=\"og:image\" content=\"https:\/\/www.bbmnoticias.com\/labravaradiofm\/wp-content\/uploads\/sites\/5\/2021\/10\/local06102021-30.jpg\" \/>\n\t<meta property=\"og:image:width\" content=\"932\" \/>\n\t<meta property=\"og:image:height\" content=\"514\" \/>\n\t<meta property=\"og:image:type\" content=\"image\/jpeg\" \/>\n<meta name=\"author\" content=\"Staff\" \/>\n<meta name=\"twitter:card\" content=\"summary_large_image\" \/>\n<meta name=\"twitter:label1\" content=\"Escrito por\" \/>\n\t<meta name=\"twitter:data1\" content=\"Staff\" \/>\n\t<meta name=\"twitter:label2\" content=\"Tiempo de lectura\" \/>\n\t<meta name=\"twitter:data2\" content=\"2 minutos\" \/>\n<script type=\"application\/ld+json\" class=\"yoast-schema-graph\">{\"@context\":\"https:\\\/\\\/schema.org\",\"@graph\":[{\"@type\":\"Article\",\"@id\":\"https:\\\/\\\/www.bbmnoticias.com\\\/labravaradiofm\\\/2021\\\/10\\\/06\\\/emite-cepco-aviso-especial-por-presencia-de-frente-frio-numero-2-y-onda-tropical-numero-35\\\/#article\",\"isPartOf\":{\"@id\":\"https:\\\/\\\/www.bbmnoticias.com\\\/labravaradiofm\\\/2021\\\/10\\\/06\\\/emite-cepco-aviso-especial-por-presencia-de-frente-frio-numero-2-y-onda-tropical-numero-35\\\/\"},\"author\":{\"name\":\"Staff\",\"@id\":\"https:\\\/\\\/www.bbmnoticias.com\\\/labravaradiofm\\\/#\\\/schema\\\/person\\\/34b139c617a70ea5bef5678bffe4dd7b\"},\"headline\":\"Emite CEPCO aviso especial por presencia de Frente Fr\u00edo n\u00famero 2 y Onda Tropical n\u00famero 35\",\"datePublished\":\"2021-10-06T20:39:53+00:00\",\"dateModified\":\"2021-10-06T20:39:54+00:00\",\"mainEntityOfPage\":{\"@id\":\"https:\\\/\\\/www.bbmnoticias.com\\\/labravaradiofm\\\/2021\\\/10\\\/06\\\/emite-cepco-aviso-especial-por-presencia-de-frente-frio-numero-2-y-onda-tropical-numero-35\\\/\"},\"wordCount\":300,\"image\":{\"@id\":\"https:\\\/\\\/www.bbmnoticias.com\\\/labravaradiofm\\\/2021\\\/10\\\/06\\\/emite-cepco-aviso-especial-por-presencia-de-frente-frio-numero-2-y-onda-tropical-numero-35\\\/#primaryimage\"},\"thumbnailUrl\":\"https:\\\/\\\/www.bbmnoticias.com\\\/labravaradiofm\\\/wp-content\\\/uploads\\\/sites\\\/5\\\/2021\\\/10\\\/local06102021-30.jpg\",\"inLanguage\":\"es\"},{\"@type\":\"WebPage\",\"@id\":\"https:\\\/\\\/www.bbmnoticias.com\\\/labravaradiofm\\\/2021\\\/10\\\/06\\\/emite-cepco-aviso-especial-por-presencia-de-frente-frio-numero-2-y-onda-tropical-numero-35\\\/\",\"url\":\"https:\\\/\\\/www.bbmnoticias.com\\\/labravaradiofm\\\/2021\\\/10\\\/06\\\/emite-cepco-aviso-especial-por-presencia-de-frente-frio-numero-2-y-onda-tropical-numero-35\\\/\",\"name\":\"Emite CEPCO aviso especial por presencia de Frente Fr\u00edo n\u00famero 2 y Onda Tropical n\u00famero 35 - LA BRAVA RADIO\",\"isPartOf\":{\"@id\":\"https:\\\/\\\/www.bbmnoticias.com\\\/labravaradiofm\\\/#website\"},\"primaryImageOfPage\":{\"@id\":\"https:\\\/\\\/www.bbmnoticias.com\\\/labravaradiofm\\\/2021\\\/10\\\/06\\\/emite-cepco-aviso-especial-por-presencia-de-frente-frio-numero-2-y-onda-tropical-numero-35\\\/#primaryimage\"},\"image\":{\"@id\":\"https:\\\/\\\/www.bbmnoticias.com\\\/labravaradiofm\\\/2021\\\/10\\\/06\\\/emite-cepco-aviso-especial-por-presencia-de-frente-frio-numero-2-y-onda-tropical-numero-35\\\/#primaryimage\"},\"thumbnailUrl\":\"https:\\\/\\\/www.bbmnoticias.com\\\/labravaradiofm\\\/wp-content\\\/uploads\\\/sites\\\/5\\\/2021\\\/10\\\/local06102021-30.jpg\",\"datePublished\":\"2021-10-06T20:39:53+00:00\",\"dateModified\":\"2021-10-06T20:39:54+00:00\",\"author\":{\"@id\":\"https:\\\/\\\/www.bbmnoticias.com\\\/labravaradiofm\\\/#\\\/schema\\\/person\\\/34b139c617a70ea5bef5678bffe4dd7b\"},\"description\":\"Dar\u00e1n origen a un temporal lluvioso en la entidad, con mayor \u00e9nfasis sobre la Cuenca del Papaloapan, Sierra Norte, Istmo, Sierra Mazateca\",\"breadcrumb\":{\"@id\":\"https:\\\/\\\/www.bbmnoticias.com\\\/labravaradiofm\\\/2021\\\/10\\\/06\\\/emite-cepco-aviso-especial-por-presencia-de-frente-frio-numero-2-y-onda-tropical-numero-35\\\/#breadcrumb\"},\"inLanguage\":\"es\",\"potentialAction\":[{\"@type\":\"ReadAction\",\"target\":[\"https:\\\/\\\/www.bbmnoticias.com\\\/labravaradiofm\\\/2021\\\/10\\\/06\\\/emite-cepco-aviso-especial-por-presencia-de-frente-frio-numero-2-y-onda-tropical-numero-35\\\/\"]}]},{\"@type\":\"ImageObject\",\"inLanguage\":\"es\",\"@id\":\"https:\\\/\\\/www.bbmnoticias.com\\\/labravaradiofm\\\/2021\\\/10\\\/06\\\/emite-cepco-aviso-especial-por-presencia-de-frente-frio-numero-2-y-onda-tropical-numero-35\\\/#primaryimage\",\"url\":\"https:\\\/\\\/www.bbmnoticias.com\\\/labravaradiofm\\\/wp-content\\\/uploads\\\/sites\\\/5\\\/2021\\\/10\\\/local06102021-30.jpg\",\"contentUrl\":\"https:\\\/\\\/www.bbmnoticias.com\\\/labravaradiofm\\\/wp-content\\\/uploads\\\/sites\\\/5\\\/2021\\\/10\\\/local06102021-30.jpg\",\"width\":932,\"height\":514},{\"@type\":\"BreadcrumbList\",\"@id\":\"https:\\\/\\\/www.bbmnoticias.com\\\/labravaradiofm\\\/2021\\\/10\\\/06\\\/emite-cepco-aviso-especial-por-presencia-de-frente-frio-numero-2-y-onda-tropical-numero-35\\\/#breadcrumb\",\"itemListElement\":[{\"@type\":\"ListItem\",\"position\":1,\"name\":\"Inicio\",\"item\":\"https:\\\/\\\/www.bbmnoticias.com\\\/labravaradiofm\\\/\"},{\"@type\":\"ListItem\",\"position\":2,\"name\":\"Emite CEPCO aviso especial por presencia de Frente Fr\u00edo n\u00famero 2 y Onda Tropical n\u00famero 35\"}]},{\"@type\":\"WebSite\",\"@id\":\"https:\\\/\\\/www.bbmnoticias.com\\\/labravaradiofm\\\/#website\",\"url\":\"https:\\\/\\\/www.bbmnoticias.com\\\/labravaradiofm\\\/\",\"name\":\"LA BRAVA RADIO\",\"description\":\"Empresa productora de medios, Radiodifusi\u00f3n, Noticias, tendencias y todo lo que necesitas saber de la pol\u00edtica mexicana e internacional; entretenimiento, espect\u00e1culos, salud y mucho m\u00e1s.\",\"potentialAction\":[{\"@type\":\"SearchAction\",\"target\":{\"@type\":\"EntryPoint\",\"urlTemplate\":\"https:\\\/\\\/www.bbmnoticias.com\\\/labravaradiofm\\\/?s={search_term_string}\"},\"query-input\":{\"@type\":\"PropertyValueSpecification\",\"valueRequired\":true,\"valueName\":\"search_term_string\"}}],\"inLanguage\":\"es\"},{\"@type\":\"Person\",\"@id\":\"https:\\\/\\\/www.bbmnoticias.com\\\/labravaradiofm\\\/#\\\/schema\\\/person\\\/34b139c617a70ea5bef5678bffe4dd7b\",\"name\":\"Staff\",\"image\":{\"@type\":\"ImageObject\",\"inLanguage\":\"es\",\"@id\":\"https:\\\/\\\/secure.gravatar.com\\\/avatar\\\/fdd21ad66fd8b98c407f9dee5b5e588cfe7f0d8579ec20fa6527cd59bab7f0f0?s=96&d=mm&r=g\",\"url\":\"https:\\\/\\\/secure.gravatar.com\\\/avatar\\\/fdd21ad66fd8b98c407f9dee5b5e588cfe7f0d8579ec20fa6527cd59bab7f0f0?s=96&d=mm&r=g\",\"contentUrl\":\"https:\\\/\\\/secure.gravatar.com\\\/avatar\\\/fdd21ad66fd8b98c407f9dee5b5e588cfe7f0d8579ec20fa6527cd59bab7f0f0?s=96&d=mm&r=g\",\"caption\":\"Staff\"},\"url\":\"https:\\\/\\\/www.bbmnoticias.com\\\/labravaradiofm\\\/author\\\/redaccion\\\/\"}]}<\/script>\n<!-- \/ Yoast SEO plugin. -->","yoast_head_json":{"title":"Emite CEPCO aviso especial por presencia de Frente Fr\u00edo n\u00famero 2 y Onda Tropical n\u00famero 35 - LA BRAVA RADIO","description":"Dar\u00e1n origen a un temporal lluvioso en la entidad, con mayor \u00e9nfasis sobre la Cuenca del Papaloapan, Sierra Norte, Istmo, Sierra Mazateca","robots":{"index":"index","follow":"follow","max-snippet":"max-snippet:-1","max-image-preview":"max-image-preview:large","max-video-preview":"max-video-preview:-1"},"canonical":"https:\/\/www.bbmnoticias.com\/labravaradiofm\/2021\/10\/06\/emite-cepco-aviso-especial-por-presencia-de-frente-frio-numero-2-y-onda-tropical-numero-35\/","og_locale":"es_MX","og_type":"article","og_title":"Emite CEPCO aviso especial por presencia de Frente Fr\u00edo n\u00famero 2 y Onda Tropical n\u00famero 35 - LA BRAVA RADIO","og_description":"Dar\u00e1n origen a un temporal lluvioso en la entidad, con mayor \u00e9nfasis sobre la Cuenca del Papaloapan, Sierra Norte, Istmo, Sierra Mazateca","og_url":"https:\/\/www.bbmnoticias.com\/labravaradiofm\/2021\/10\/06\/emite-cepco-aviso-especial-por-presencia-de-frente-frio-numero-2-y-onda-tropical-numero-35\/","og_site_name":"LA BRAVA RADIO","article_published_time":"2021-10-06T20:39:53+00:00","article_modified_time":"2021-10-06T20:39:54+00:00","og_image":[{"width":932,"height":514,"url":"https:\/\/www.bbmnoticias.com\/labravaradiofm\/wp-content\/uploads\/sites\/5\/2021\/10\/local06102021-30.jpg","type":"image\/jpeg"}],"author":"Staff","twitter_card":"summary_large_image","twitter_misc":{"Escrito por":"Staff","Tiempo de lectura":"2 minutos"},"schema":{"@context":"https:\/\/schema.org","@graph":[{"@type":"Article","@id":"https:\/\/www.bbmnoticias.com\/labravaradiofm\/2021\/10\/06\/emite-cepco-aviso-especial-por-presencia-de-frente-frio-numero-2-y-onda-tropical-numero-35\/#article","isPartOf":{"@id":"https:\/\/www.bbmnoticias.com\/labravaradiofm\/2021\/10\/06\/emite-cepco-aviso-especial-por-presencia-de-frente-frio-numero-2-y-onda-tropical-numero-35\/"},"author":{"name":"Staff","@id":"https:\/\/www.bbmnoticias.com\/labravaradiofm\/#\/schema\/person\/34b139c617a70ea5bef5678bffe4dd7b"},"headline":"Emite CEPCO aviso especial por presencia de Frente Fr\u00edo n\u00famero 2 y Onda Tropical n\u00famero 35","datePublished":"2021-10-06T20:39:53+00:00","dateModified":"2021-10-06T20:39:54+00:00","mainEntityOfPage":{"@id":"https:\/\/www.bbmnoticias.com\/labravaradiofm\/2021\/10\/06\/emite-cepco-aviso-especial-por-presencia-de-frente-frio-numero-2-y-onda-tropical-numero-35\/"},"wordCount":300,"image":{"@id":"https:\/\/www.bbmnoticias.com\/labravaradiofm\/2021\/10\/06\/emite-cepco-aviso-especial-por-presencia-de-frente-frio-numero-2-y-onda-tropical-numero-35\/#primaryimage"},"thumbnailUrl":"https:\/\/www.bbmnoticias.com\/labravaradiofm\/wp-content\/uploads\/sites\/5\/2021\/10\/local06102021-30.jpg","inLanguage":"es"},{"@type":"WebPage","@id":"https:\/\/www.bbmnoticias.com\/labravaradiofm\/2021\/10\/06\/emite-cepco-aviso-especial-por-presencia-de-frente-frio-numero-2-y-onda-tropical-numero-35\/","url":"https:\/\/www.bbmnoticias.com\/labravaradiofm\/2021\/10\/06\/emite-cepco-aviso-especial-por-presencia-de-frente-frio-numero-2-y-onda-tropical-numero-35\/","name":"Emite CEPCO aviso especial por presencia de Frente Fr\u00edo n\u00famero 2 y Onda Tropical n\u00famero 35 - LA BRAVA RADIO","isPartOf":{"@id":"https:\/\/www.bbmnoticias.com\/labravaradiofm\/#website"},"primaryImageOfPage":{"@id":"https:\/\/www.bbmnoticias.com\/labravaradiofm\/2021\/10\/06\/emite-cepco-aviso-especial-por-presencia-de-frente-frio-numero-2-y-onda-tropical-numero-35\/#primaryimage"},"image":{"@id":"https:\/\/www.bbmnoticias.com\/labravaradiofm\/2021\/10\/06\/emite-cepco-aviso-especial-por-presencia-de-frente-frio-numero-2-y-onda-tropical-numero-35\/#primaryimage"},"thumbnailUrl":"https:\/\/www.bbmnoticias.com\/labravaradiofm\/wp-content\/uploads\/sites\/5\/2021\/10\/local06102021-30.jpg","datePublished":"2021-10-06T20:39:53+00:00","dateModified":"2021-10-06T20:39:54+00:00","author":{"@id":"https:\/\/www.bbmnoticias.com\/labravaradiofm\/#\/schema\/person\/34b139c617a70ea5bef5678bffe4dd7b"},"description":"Dar\u00e1n origen a un temporal lluvioso en la entidad, con mayor \u00e9nfasis sobre la Cuenca del Papaloapan, Sierra Norte, Istmo, Sierra Mazateca","breadcrumb":{"@id":"https:\/\/www.bbmnoticias.com\/labravaradiofm\/2021\/10\/06\/emite-cepco-aviso-especial-por-presencia-de-frente-frio-numero-2-y-onda-tropical-numero-35\/#breadcrumb"},"inLanguage":"es","potentialAction":[{"@type":"ReadAction","target":["https:\/\/www.bbmnoticias.com\/labravaradiofm\/2021\/10\/06\/emite-cepco-aviso-especial-por-presencia-de-frente-frio-numero-2-y-onda-tropical-numero-35\/"]}]},{"@type":"ImageObject","inLanguage":"es","@id":"https:\/\/www.bbmnoticias.com\/labravaradiofm\/2021\/10\/06\/emite-cepco-aviso-especial-por-presencia-de-frente-frio-numero-2-y-onda-tropical-numero-35\/#primaryimage","url":"https:\/\/www.bbmnoticias.com\/labravaradiofm\/wp-content\/uploads\/sites\/5\/2021\/10\/local06102021-30.jpg","contentUrl":"https:\/\/www.bbmnoticias.com\/labravaradiofm\/wp-content\/uploads\/sites\/5\/2021\/10\/local06102021-30.jpg","width":932,"height":514},{"@type":"BreadcrumbList","@id":"https:\/\/www.bbmnoticias.com\/labravaradiofm\/2021\/10\/06\/emite-cepco-aviso-especial-por-presencia-de-frente-frio-numero-2-y-onda-tropical-numero-35\/#breadcrumb","itemListElement":[{"@type":"ListItem","position":1,"name":"Inicio","item":"https:\/\/www.bbmnoticias.com\/labravaradiofm\/"},{"@type":"ListItem","position":2,"name":"Emite CEPCO aviso especial por presencia de Frente Fr\u00edo n\u00famero 2 y Onda Tropical n\u00famero 35"}]},{"@type":"WebSite","@id":"https:\/\/www.bbmnoticias.com\/labravaradiofm\/#website","url":"https:\/\/www.bbmnoticias.com\/labravaradiofm\/","name":"LA BRAVA RADIO","description":"Empresa productora de medios, Radiodifusi\u00f3n, Noticias, tendencias y todo lo que necesitas saber de la pol\u00edtica mexicana e internacional; entretenimiento, espect\u00e1culos, salud y mucho m\u00e1s.","potentialAction":[{"@type":"SearchAction","target":{"@type":"EntryPoint","urlTemplate":"https:\/\/www.bbmnoticias.com\/labravaradiofm\/?s={search_term_string}"},"query-input":{"@type":"PropertyValueSpecification","valueRequired":true,"valueName":"search_term_string"}}],"inLanguage":"es"},{"@type":"Person","@id":"https:\/\/www.bbmnoticias.com\/labravaradiofm\/#\/schema\/person\/34b139c617a70ea5bef5678bffe4dd7b","name":"Staff","image":{"@type":"ImageObject","inLanguage":"es","@id":"https:\/\/secure.gravatar.com\/avatar\/fdd21ad66fd8b98c407f9dee5b5e588cfe7f0d8579ec20fa6527cd59bab7f0f0?s=96&d=mm&r=g","url":"https:\/\/secure.gravatar.com\/avatar\/fdd21ad66fd8b98c407f9dee5b5e588cfe7f0d8579ec20fa6527cd59bab7f0f0?s=96&d=mm&r=g","contentUrl":"https:\/\/secure.gravatar.com\/avatar\/fdd21ad66fd8b98c407f9dee5b5e588cfe7f0d8579ec20fa6527cd59bab7f0f0?s=96&d=mm&r=g","caption":"Staff"},"url":"https:\/\/www.bbmnoticias.com\/labravaradiofm\/author\/redaccion\/"}]}},"_links":{"self":[{"href":"https:\/\/www.bbmnoticias.com\/labravaradiofm\/wp-json\/wp\/v2\/posts\/3229","targetHints":{"allow":["GET"]}}],"collection":[{"href":"https:\/\/www.bbmnoticias.com\/labravaradiofm\/wp-json\/wp\/v2\/posts"}],"about":[{"href":"https:\/\/www.bbmnoticias.com\/labravaradiofm\/wp-json\/wp\/v2\/types\/post"}],"author":[{"embeddable":true,"href":"https:\/\/www.bbmnoticias.com\/labravaradiofm\/wp-json\/wp\/v2\/users\/2"}],"replies":[{"embeddable":true,"href":"https:\/\/www.bbmnoticias.com\/labravaradiofm\/wp-json\/wp\/v2\/comments?post=3229"}],"version-history":[{"count":0,"href":"https:\/\/www.bbmnoticias.com\/labravaradiofm\/wp-json\/wp\/v2\/posts\/3229\/revisions"}],"wp:featuredmedia":[{"embeddable":true,"href":"https:\/\/www.bbmnoticias.com\/labravaradiofm\/wp-json\/wp\/v2\/media\/3230"}],"wp:attachment":[{"href":"https:\/\/www.bbmnoticias.com\/labravaradiofm\/wp-json\/wp\/v2\/media?parent=3229"}],"wp:term":[{"taxonomy":"category","embeddable":true,"href":"https:\/\/www.bbmnoticias.com\/labravaradiofm\/wp-json\/wp\/v2\/categories?post=3229"},{"taxonomy":"post_tag","embeddable":true,"href":"https:\/\/www.bbmnoticias.com\/labravaradiofm\/wp-json\/wp\/v2\/tags?post=3229"}],"curies":[{"name":"wp","href":"https:\/\/api.w.org\/{rel}","templated":true}]}}