{"id":3215,"date":"2021-10-06T12:47:54","date_gmt":"2021-10-06T17:47:54","guid":{"rendered":"https:\/\/www.bbmnoticias.com\/labravaradiofm\/?p=3215"},"modified":"2021-10-06T12:47:55","modified_gmt":"2021-10-06T17:47:55","slug":"la-reforma-electrica-de-amlo-disparara-el-precio-de-la-electricidad-ceeg","status":"publish","type":"post","link":"https:\/\/www.bbmnoticias.com\/labravaradiofm\/2021\/10\/06\/la-reforma-electrica-de-amlo-disparara-el-precio-de-la-electricidad-ceeg\/","title":{"rendered":"La reforma el\u00e9ctrica de AMLO disparar\u00e1 el precio de la electricidad: CEEG"},"content":{"rendered":"<div style=\"margin-top: 0px; margin-bottom: 0px;\" class=\"sharethis-inline-share-buttons\" ><\/div>\n<p>El Consejo Ejecutivo de Empresas Globales <strong>(CEEG)<\/strong> ve con preocupaci\u00f3n la reforma constitucional en materia el\u00e9ctrica del gobierno de Andr\u00e9s Manuel L\u00f3pez Obrador porque, dijo, afectar\u00e1 la competitividad del pa\u00eds en el corto y largo plazos, y golpear\u00e1 la confianza de los inversionistas interesados por invertir en M\u00e9xico y disparar\u00e1 el precio de las tarifas de electricidad.<\/p>\n\n\n\n<h3 class=\"wp-block-heading\">Novedades BLM<\/h3>\n\n\n\n<p>\u201cDe ser aprobada en sus t\u00e9rminos por el poder legislativo, la reforma propuesta incrementar\u00eda los costos de las tarifas el\u00e9ctricas, tanto de familias como empresas, y se limitar\u00eda el acceso a energ\u00eda asequible, segura, sostenible y suficiente, indispensable para el desarrollo industrial, social y econ\u00f3mico del pa\u00eds\u201d, declar\u00f3 el organismo empresarial integrado por 56 empresas multinacionales con presencia en M\u00e9xico.<\/p>\n\n\n\n<p>Agreg\u00f3 que la reforma el\u00e9ctrica propuesta por el presidente de la Rep\u00fablica\u00a0va en sentido contrario a los esfuerzos internacionales en materia de energ\u00edas limpias y renovables, lo que nos aleja de una transici\u00f3n energ\u00e9tica ordenada y decidida, tan necesaria en el contexto actual.<\/p>\n\n\n\n<p>Tambi\u00e9n, dijo la CEEG, la reforma el\u00e9ctrica de AMLO&nbsp;genera incertidumbre en el clima de inversi\u00f3n, al cambiar los compromisos adquiridos por el pa\u00eds en el sector energ\u00e9tico y afectar la operaci\u00f3n de los \u00f3rganos reguladores de la industria.<\/p>\n\n\n\n<p>\u201cEsta iniciativa de reforma al sistema el\u00e9ctrico nacional afecta la confianza y certidumbre indispensables para el mantenimiento y la llegada de nuevas inversiones, ya que cancelar\u00eda la mayor\u00eda de los permisos legalmente otorgados al sector privado, adem\u00e1s de modificaciones retroactivas a la regulaci\u00f3n\u201d,&nbsp;a\u00f1adi\u00f3 la CEEG.<\/p>\n\n\n\n<p>Con la eliminaci\u00f3n de la Comisi\u00f3n Reguladora de Energ\u00eda (CRE) y de la Comisi\u00f3n Nacional de Hidrocarburos (CNH) y el traslado del Centro Nacional de Control de Energ\u00eda (Cenace) a la CFE se altera el dise\u00f1o institucional del sector energ\u00e9tico, as\u00ed como se impone un grave precedente para la desaparici\u00f3n de otros \u00f3rganos reguladores aut\u00f3nomos, que han garantizado condiciones parejas de competencia y elimina la discrecionalidad, falta de transparencia y ausencia de razones t\u00e9cnicas en la toma de decisiones, afirm\u00f3.<\/p>\n\n\n\n<p>Las paraestatales no deben restringir la libertad de otras compa\u00f1\u00edas, que quieren acceder y competir en condiciones parejas en un mercado el\u00e9ctrico regulado, a\u00f1adi\u00f3 el organismo donde est\u00e1n afiliadas empresa como Bayer, Axa, Arcelormittal, AT&amp;T, Basf, Bosch, BP, Cargill, Caterpillar, Brookfield, Citibanamex, DHL, Danone, Dupont, Daimler, Exxon Mobil, Fedex, Fiat Chrysler Automobiles.<\/p>\n\n\n\n<p>Tambi\u00e9n est\u00e1n afiliadas GM, GE, Grupo Modelo, Holcim, Honeywell, HSBC, IBM, Iberdrola, Johnson Controls, Kansas City Southern, Laureate International Universities, Manpower Group, MetLife, Microsoft, Nestl\u00e9, Pepsico, Prologis, Schindler, Schneider Electric, Seguros Monterrey Shell, Siemens, Scotiabank, Toyota, Thales, The Home Depot, Movistar y Visa.<\/p>\n\n\n\n<p>Las empresas globales producen aproximadamente 10 por ciento del producto interno bruto (PIB) de M\u00e9xico, generan m\u00e1s de 500 mil&nbsp; empleos directos, quienes ganan un salario mucho m\u00e1s alto que el promedio nacional, as\u00ed como un mill\u00f3n 500 mil empleos indirectos, revel\u00f3.<\/p>\n\n\n\n<p>El papel preponderante del gobierno en el suministro de energ\u00eda el\u00e9ctrica vulnera los tratados y convenios internacionales, entre ellos el T-MEC, agreg\u00f3 el Consejo Ejecutivo de Empresas Globales.<\/p>\n\n\n\n<p>Apunt\u00f3 que el T-MEC establece que no debe haber limitaciones a la inversi\u00f3n o a la prestaci\u00f3n de servicios m\u00e1s estrictas a las existentes y que se debe garantizar la no discriminaci\u00f3n.\u00a0<\/p>\n\n\n\n<p>Adem\u00e1s, la reforma el\u00e9ctrica presentada por AMLO resulta incongruente con los objetivos planteados recientemente en la reuni\u00f3n del Di\u00e1logo Econ\u00f3mico de Alto Nivel con los Estados Unidos que busca una regi\u00f3n m\u00e1s integrada, afirm\u00f3 el CEEG.<\/p>\n\n\n\n<p>\u201cLa generaci\u00f3n de energ\u00eda m\u00e1s cara ocasiona impactos directos en el costo de bienes y servicios finales de todos los sectores econ\u00f3micos, afectando el ingreso de las familias, las empresas y su capacidad para competir\u201d, coment\u00f3.<\/p>\n\n\n\n<p>La restricci\u00f3n en el porcentaje de participaci\u00f3n del sector privado tendr\u00eda graves implicaciones en la transmisi\u00f3n y distribuci\u00f3n de suministro el\u00e9ctrico, lo que incrementar\u00eda el riesgo de cortes de energ\u00eda y afectar\u00eda la estabilidad de cadenas de suministro nacionales e internacionales, detall\u00f3.<\/p>\n\n\n\n<p>A\u00f1adi\u00f3 que de prosperar la propuesta del Ejecutivo se limitar\u00eda la incorporaci\u00f3n de nuevas tecnolog\u00edas, particularmente las dedicadas a minimizar o eliminar la intermitencia natural de fuentes renovables.&nbsp;<\/p>\n\n\n\n<p>\u201cAdem\u00e1s, abrir\u00eda la posibilidad de enfrentar aranceles fronterizos sobre todo tipo de productos por su contenido de carbono en procesos de producci\u00f3n en industrias clave como la automotriz y la sider\u00fargica, por mencionar s\u00f3lo algunas con peso importante en la balanza comercial de M\u00e9xico\u201d, expres\u00f3.<\/p>\n\n\n\n<p>Record\u00f3 que la iniciativa va en sentido contrario al objetivo mundial de gobiernos y empresas que buscan alcanzar y cumplir sus compromisos de reducci\u00f3n de emisiones de carbono y lucha contra el cambio clim\u00e1tico, una agenda prioritaria que compartimos en el CEEG con amplios segmentos de la poblaci\u00f3n, particularmente los j\u00f3venes.<\/p>\n\n\n\n<p>\u201cLa aprobaci\u00f3n de la iniciativa ocasiona un incumplimiento deliberado de los compromisos internacionales de M\u00e9xico que, entre otros, consideran generar 35% de la energ\u00eda con tecnolog\u00edas limpias para 2024 y 43% para el 2030\u201d, resalt\u00f3 el CCEG.<\/p>\n\n\n\n<p>\u201cLa utilizaci\u00f3n de combustibles contaminantes como el di\u00e9sel, el combust\u00f3leo y el carb\u00f3n representa un retroceso a los acuerdos internacionales de los que M\u00e9xico hist\u00f3ricamente ha formado parte y que hacen necesario reconsiderar seriamente la expansi\u00f3n de las operaciones de las compa\u00f1\u00edas que integran al CEEG\u201d, expuso.<\/p>\n\n\n\n<p>\u201cNo es justificable, en ning\u00fan sentido, utilizar combust\u00f3leo en la generaci\u00f3n de electricidad como resultado de una ineficiente capacidad de refinaci\u00f3n ni sostenible utilizar recursos naturales peligrosamente contaminantes para dicho fin\u201d, concluy\u00f3.<\/p>\n","protected":false},"excerpt":{"rendered":"<p>El Consejo Ejecutivo de Empresas Globales (CEEG) ve con preocupaci\u00f3n la reforma constitucional en materia el\u00e9ctrica del gobierno de Andr\u00e9s Manuel L\u00f3pez Obrador porque, dijo, afectar\u00e1 la competitividad del pa\u00eds en el corto y largo plazos, y golpear\u00e1 la confianza de los inversionistas interesados por invertir en M\u00e9xico y disparar\u00e1 el precio de las tarifas [&hellip;]<\/p>\n","protected":false},"author":2,"featured_media":3216,"comment_status":"closed","ping_status":"closed","sticky":false,"template":"","format":"standard","meta":{"footnotes":""},"categories":[19],"tags":[],"class_list":{"0":"post-3215","1":"post","2":"type-post","3":"status-publish","4":"format-standard","5":"has-post-thumbnail","7":"category-nacional"},"yoast_head":"<!-- This site is optimized with the Yoast SEO plugin v27.4 - https:\/\/yoast.com\/product\/yoast-seo-wordpress\/ -->\n<title>La reforma el\u00e9ctrica de AMLO disparar\u00e1 el precio de la electricidad: CEEG - LA BRAVA RADIO<\/title>\n<meta name=\"description\" content=\"Agreg\u00f3 que la reforma el\u00e9ctrica propuesta va en sentido contrario a los esfuerzos internacionales en materia de energ\u00edas limpias\" \/>\n<meta name=\"robots\" content=\"index, follow, max-snippet:-1, max-image-preview:large, max-video-preview:-1\" \/>\n<link rel=\"canonical\" href=\"https:\/\/www.bbmnoticias.com\/labravaradiofm\/2021\/10\/06\/la-reforma-electrica-de-amlo-disparara-el-precio-de-la-electricidad-ceeg\/\" \/>\n<meta property=\"og:locale\" content=\"es_MX\" \/>\n<meta property=\"og:type\" content=\"article\" \/>\n<meta property=\"og:title\" content=\"La reforma el\u00e9ctrica de AMLO disparar\u00e1 el precio de la electricidad: CEEG - LA BRAVA RADIO\" \/>\n<meta property=\"og:description\" content=\"Agreg\u00f3 que la reforma el\u00e9ctrica propuesta va en sentido contrario a los esfuerzos internacionales en materia de energ\u00edas limpias\" \/>\n<meta property=\"og:url\" content=\"https:\/\/www.bbmnoticias.com\/labravaradiofm\/2021\/10\/06\/la-reforma-electrica-de-amlo-disparara-el-precio-de-la-electricidad-ceeg\/\" \/>\n<meta property=\"og:site_name\" content=\"LA BRAVA RADIO\" \/>\n<meta property=\"article:published_time\" content=\"2021-10-06T17:47:54+00:00\" \/>\n<meta property=\"article:modified_time\" content=\"2021-10-06T17:47:55+00:00\" \/>\n<meta property=\"og:image\" content=\"https:\/\/www.bbmnoticias.com\/labravaradiofm\/wp-content\/uploads\/sites\/5\/2021\/10\/nacional06102021-3.jpg\" \/>\n\t<meta property=\"og:image:width\" content=\"640\" \/>\n\t<meta property=\"og:image:height\" content=\"360\" \/>\n\t<meta property=\"og:image:type\" content=\"image\/jpeg\" \/>\n<meta name=\"author\" content=\"Staff\" \/>\n<meta name=\"twitter:card\" content=\"summary_large_image\" \/>\n<meta name=\"twitter:label1\" content=\"Escrito por\" \/>\n\t<meta name=\"twitter:data1\" content=\"Staff\" \/>\n\t<meta name=\"twitter:label2\" content=\"Tiempo de lectura\" \/>\n\t<meta name=\"twitter:data2\" content=\"4 minutos\" \/>\n<script type=\"application\/ld+json\" class=\"yoast-schema-graph\">{\"@context\":\"https:\\\/\\\/schema.org\",\"@graph\":[{\"@type\":\"Article\",\"@id\":\"https:\\\/\\\/www.bbmnoticias.com\\\/labravaradiofm\\\/2021\\\/10\\\/06\\\/la-reforma-electrica-de-amlo-disparara-el-precio-de-la-electricidad-ceeg\\\/#article\",\"isPartOf\":{\"@id\":\"https:\\\/\\\/www.bbmnoticias.com\\\/labravaradiofm\\\/2021\\\/10\\\/06\\\/la-reforma-electrica-de-amlo-disparara-el-precio-de-la-electricidad-ceeg\\\/\"},\"author\":{\"name\":\"Staff\",\"@id\":\"https:\\\/\\\/www.bbmnoticias.com\\\/labravaradiofm\\\/#\\\/schema\\\/person\\\/34b139c617a70ea5bef5678bffe4dd7b\"},\"headline\":\"La reforma el\u00e9ctrica de AMLO disparar\u00e1 el precio de la electricidad: CEEG\",\"datePublished\":\"2021-10-06T17:47:54+00:00\",\"dateModified\":\"2021-10-06T17:47:55+00:00\",\"mainEntityOfPage\":{\"@id\":\"https:\\\/\\\/www.bbmnoticias.com\\\/labravaradiofm\\\/2021\\\/10\\\/06\\\/la-reforma-electrica-de-amlo-disparara-el-precio-de-la-electricidad-ceeg\\\/\"},\"wordCount\":997,\"image\":{\"@id\":\"https:\\\/\\\/www.bbmnoticias.com\\\/labravaradiofm\\\/2021\\\/10\\\/06\\\/la-reforma-electrica-de-amlo-disparara-el-precio-de-la-electricidad-ceeg\\\/#primaryimage\"},\"thumbnailUrl\":\"https:\\\/\\\/www.bbmnoticias.com\\\/labravaradiofm\\\/wp-content\\\/uploads\\\/sites\\\/5\\\/2021\\\/10\\\/nacional06102021-3.jpg\",\"articleSection\":[\"NACIONAL\"],\"inLanguage\":\"es\"},{\"@type\":\"WebPage\",\"@id\":\"https:\\\/\\\/www.bbmnoticias.com\\\/labravaradiofm\\\/2021\\\/10\\\/06\\\/la-reforma-electrica-de-amlo-disparara-el-precio-de-la-electricidad-ceeg\\\/\",\"url\":\"https:\\\/\\\/www.bbmnoticias.com\\\/labravaradiofm\\\/2021\\\/10\\\/06\\\/la-reforma-electrica-de-amlo-disparara-el-precio-de-la-electricidad-ceeg\\\/\",\"name\":\"La reforma el\u00e9ctrica de AMLO disparar\u00e1 el precio de la electricidad: CEEG - LA BRAVA RADIO\",\"isPartOf\":{\"@id\":\"https:\\\/\\\/www.bbmnoticias.com\\\/labravaradiofm\\\/#website\"},\"primaryImageOfPage\":{\"@id\":\"https:\\\/\\\/www.bbmnoticias.com\\\/labravaradiofm\\\/2021\\\/10\\\/06\\\/la-reforma-electrica-de-amlo-disparara-el-precio-de-la-electricidad-ceeg\\\/#primaryimage\"},\"image\":{\"@id\":\"https:\\\/\\\/www.bbmnoticias.com\\\/labravaradiofm\\\/2021\\\/10\\\/06\\\/la-reforma-electrica-de-amlo-disparara-el-precio-de-la-electricidad-ceeg\\\/#primaryimage\"},\"thumbnailUrl\":\"https:\\\/\\\/www.bbmnoticias.com\\\/labravaradiofm\\\/wp-content\\\/uploads\\\/sites\\\/5\\\/2021\\\/10\\\/nacional06102021-3.jpg\",\"datePublished\":\"2021-10-06T17:47:54+00:00\",\"dateModified\":\"2021-10-06T17:47:55+00:00\",\"author\":{\"@id\":\"https:\\\/\\\/www.bbmnoticias.com\\\/labravaradiofm\\\/#\\\/schema\\\/person\\\/34b139c617a70ea5bef5678bffe4dd7b\"},\"description\":\"Agreg\u00f3 que la reforma el\u00e9ctrica propuesta va en sentido contrario a los esfuerzos internacionales en materia de energ\u00edas limpias\",\"breadcrumb\":{\"@id\":\"https:\\\/\\\/www.bbmnoticias.com\\\/labravaradiofm\\\/2021\\\/10\\\/06\\\/la-reforma-electrica-de-amlo-disparara-el-precio-de-la-electricidad-ceeg\\\/#breadcrumb\"},\"inLanguage\":\"es\",\"potentialAction\":[{\"@type\":\"ReadAction\",\"target\":[\"https:\\\/\\\/www.bbmnoticias.com\\\/labravaradiofm\\\/2021\\\/10\\\/06\\\/la-reforma-electrica-de-amlo-disparara-el-precio-de-la-electricidad-ceeg\\\/\"]}]},{\"@type\":\"ImageObject\",\"inLanguage\":\"es\",\"@id\":\"https:\\\/\\\/www.bbmnoticias.com\\\/labravaradiofm\\\/2021\\\/10\\\/06\\\/la-reforma-electrica-de-amlo-disparara-el-precio-de-la-electricidad-ceeg\\\/#primaryimage\",\"url\":\"https:\\\/\\\/www.bbmnoticias.com\\\/labravaradiofm\\\/wp-content\\\/uploads\\\/sites\\\/5\\\/2021\\\/10\\\/nacional06102021-3.jpg\",\"contentUrl\":\"https:\\\/\\\/www.bbmnoticias.com\\\/labravaradiofm\\\/wp-content\\\/uploads\\\/sites\\\/5\\\/2021\\\/10\\\/nacional06102021-3.jpg\",\"width\":640,\"height\":360},{\"@type\":\"BreadcrumbList\",\"@id\":\"https:\\\/\\\/www.bbmnoticias.com\\\/labravaradiofm\\\/2021\\\/10\\\/06\\\/la-reforma-electrica-de-amlo-disparara-el-precio-de-la-electricidad-ceeg\\\/#breadcrumb\",\"itemListElement\":[{\"@type\":\"ListItem\",\"position\":1,\"name\":\"Inicio\",\"item\":\"https:\\\/\\\/www.bbmnoticias.com\\\/labravaradiofm\\\/\"},{\"@type\":\"ListItem\",\"position\":2,\"name\":\"La reforma el\u00e9ctrica de AMLO disparar\u00e1 el precio de la electricidad: CEEG\"}]},{\"@type\":\"WebSite\",\"@id\":\"https:\\\/\\\/www.bbmnoticias.com\\\/labravaradiofm\\\/#website\",\"url\":\"https:\\\/\\\/www.bbmnoticias.com\\\/labravaradiofm\\\/\",\"name\":\"LA BRAVA RADIO\",\"description\":\"Empresa productora de medios, Radiodifusi\u00f3n, Noticias, tendencias y todo lo que necesitas saber de la pol\u00edtica mexicana e internacional; entretenimiento, espect\u00e1culos, salud y mucho m\u00e1s.\",\"potentialAction\":[{\"@type\":\"SearchAction\",\"target\":{\"@type\":\"EntryPoint\",\"urlTemplate\":\"https:\\\/\\\/www.bbmnoticias.com\\\/labravaradiofm\\\/?s={search_term_string}\"},\"query-input\":{\"@type\":\"PropertyValueSpecification\",\"valueRequired\":true,\"valueName\":\"search_term_string\"}}],\"inLanguage\":\"es\"},{\"@type\":\"Person\",\"@id\":\"https:\\\/\\\/www.bbmnoticias.com\\\/labravaradiofm\\\/#\\\/schema\\\/person\\\/34b139c617a70ea5bef5678bffe4dd7b\",\"name\":\"Staff\",\"image\":{\"@type\":\"ImageObject\",\"inLanguage\":\"es\",\"@id\":\"https:\\\/\\\/secure.gravatar.com\\\/avatar\\\/fdd21ad66fd8b98c407f9dee5b5e588cfe7f0d8579ec20fa6527cd59bab7f0f0?s=96&d=mm&r=g\",\"url\":\"https:\\\/\\\/secure.gravatar.com\\\/avatar\\\/fdd21ad66fd8b98c407f9dee5b5e588cfe7f0d8579ec20fa6527cd59bab7f0f0?s=96&d=mm&r=g\",\"contentUrl\":\"https:\\\/\\\/secure.gravatar.com\\\/avatar\\\/fdd21ad66fd8b98c407f9dee5b5e588cfe7f0d8579ec20fa6527cd59bab7f0f0?s=96&d=mm&r=g\",\"caption\":\"Staff\"},\"url\":\"https:\\\/\\\/www.bbmnoticias.com\\\/labravaradiofm\\\/author\\\/redaccion\\\/\"}]}<\/script>\n<!-- \/ Yoast SEO plugin. -->","yoast_head_json":{"title":"La reforma el\u00e9ctrica de AMLO disparar\u00e1 el precio de la electricidad: CEEG - LA BRAVA RADIO","description":"Agreg\u00f3 que la reforma el\u00e9ctrica propuesta va en sentido contrario a los esfuerzos internacionales en materia de energ\u00edas limpias","robots":{"index":"index","follow":"follow","max-snippet":"max-snippet:-1","max-image-preview":"max-image-preview:large","max-video-preview":"max-video-preview:-1"},"canonical":"https:\/\/www.bbmnoticias.com\/labravaradiofm\/2021\/10\/06\/la-reforma-electrica-de-amlo-disparara-el-precio-de-la-electricidad-ceeg\/","og_locale":"es_MX","og_type":"article","og_title":"La reforma el\u00e9ctrica de AMLO disparar\u00e1 el precio de la electricidad: CEEG - LA BRAVA RADIO","og_description":"Agreg\u00f3 que la reforma el\u00e9ctrica propuesta va en sentido contrario a los esfuerzos internacionales en materia de energ\u00edas limpias","og_url":"https:\/\/www.bbmnoticias.com\/labravaradiofm\/2021\/10\/06\/la-reforma-electrica-de-amlo-disparara-el-precio-de-la-electricidad-ceeg\/","og_site_name":"LA BRAVA RADIO","article_published_time":"2021-10-06T17:47:54+00:00","article_modified_time":"2021-10-06T17:47:55+00:00","og_image":[{"width":640,"height":360,"url":"https:\/\/www.bbmnoticias.com\/labravaradiofm\/wp-content\/uploads\/sites\/5\/2021\/10\/nacional06102021-3.jpg","type":"image\/jpeg"}],"author":"Staff","twitter_card":"summary_large_image","twitter_misc":{"Escrito por":"Staff","Tiempo de lectura":"4 minutos"},"schema":{"@context":"https:\/\/schema.org","@graph":[{"@type":"Article","@id":"https:\/\/www.bbmnoticias.com\/labravaradiofm\/2021\/10\/06\/la-reforma-electrica-de-amlo-disparara-el-precio-de-la-electricidad-ceeg\/#article","isPartOf":{"@id":"https:\/\/www.bbmnoticias.com\/labravaradiofm\/2021\/10\/06\/la-reforma-electrica-de-amlo-disparara-el-precio-de-la-electricidad-ceeg\/"},"author":{"name":"Staff","@id":"https:\/\/www.bbmnoticias.com\/labravaradiofm\/#\/schema\/person\/34b139c617a70ea5bef5678bffe4dd7b"},"headline":"La reforma el\u00e9ctrica de AMLO disparar\u00e1 el precio de la electricidad: CEEG","datePublished":"2021-10-06T17:47:54+00:00","dateModified":"2021-10-06T17:47:55+00:00","mainEntityOfPage":{"@id":"https:\/\/www.bbmnoticias.com\/labravaradiofm\/2021\/10\/06\/la-reforma-electrica-de-amlo-disparara-el-precio-de-la-electricidad-ceeg\/"},"wordCount":997,"image":{"@id":"https:\/\/www.bbmnoticias.com\/labravaradiofm\/2021\/10\/06\/la-reforma-electrica-de-amlo-disparara-el-precio-de-la-electricidad-ceeg\/#primaryimage"},"thumbnailUrl":"https:\/\/www.bbmnoticias.com\/labravaradiofm\/wp-content\/uploads\/sites\/5\/2021\/10\/nacional06102021-3.jpg","articleSection":["NACIONAL"],"inLanguage":"es"},{"@type":"WebPage","@id":"https:\/\/www.bbmnoticias.com\/labravaradiofm\/2021\/10\/06\/la-reforma-electrica-de-amlo-disparara-el-precio-de-la-electricidad-ceeg\/","url":"https:\/\/www.bbmnoticias.com\/labravaradiofm\/2021\/10\/06\/la-reforma-electrica-de-amlo-disparara-el-precio-de-la-electricidad-ceeg\/","name":"La reforma el\u00e9ctrica de AMLO disparar\u00e1 el precio de la electricidad: CEEG - LA BRAVA RADIO","isPartOf":{"@id":"https:\/\/www.bbmnoticias.com\/labravaradiofm\/#website"},"primaryImageOfPage":{"@id":"https:\/\/www.bbmnoticias.com\/labravaradiofm\/2021\/10\/06\/la-reforma-electrica-de-amlo-disparara-el-precio-de-la-electricidad-ceeg\/#primaryimage"},"image":{"@id":"https:\/\/www.bbmnoticias.com\/labravaradiofm\/2021\/10\/06\/la-reforma-electrica-de-amlo-disparara-el-precio-de-la-electricidad-ceeg\/#primaryimage"},"thumbnailUrl":"https:\/\/www.bbmnoticias.com\/labravaradiofm\/wp-content\/uploads\/sites\/5\/2021\/10\/nacional06102021-3.jpg","datePublished":"2021-10-06T17:47:54+00:00","dateModified":"2021-10-06T17:47:55+00:00","author":{"@id":"https:\/\/www.bbmnoticias.com\/labravaradiofm\/#\/schema\/person\/34b139c617a70ea5bef5678bffe4dd7b"},"description":"Agreg\u00f3 que la reforma el\u00e9ctrica propuesta va en sentido contrario a los esfuerzos internacionales en materia de energ\u00edas limpias","breadcrumb":{"@id":"https:\/\/www.bbmnoticias.com\/labravaradiofm\/2021\/10\/06\/la-reforma-electrica-de-amlo-disparara-el-precio-de-la-electricidad-ceeg\/#breadcrumb"},"inLanguage":"es","potentialAction":[{"@type":"ReadAction","target":["https:\/\/www.bbmnoticias.com\/labravaradiofm\/2021\/10\/06\/la-reforma-electrica-de-amlo-disparara-el-precio-de-la-electricidad-ceeg\/"]}]},{"@type":"ImageObject","inLanguage":"es","@id":"https:\/\/www.bbmnoticias.com\/labravaradiofm\/2021\/10\/06\/la-reforma-electrica-de-amlo-disparara-el-precio-de-la-electricidad-ceeg\/#primaryimage","url":"https:\/\/www.bbmnoticias.com\/labravaradiofm\/wp-content\/uploads\/sites\/5\/2021\/10\/nacional06102021-3.jpg","contentUrl":"https:\/\/www.bbmnoticias.com\/labravaradiofm\/wp-content\/uploads\/sites\/5\/2021\/10\/nacional06102021-3.jpg","width":640,"height":360},{"@type":"BreadcrumbList","@id":"https:\/\/www.bbmnoticias.com\/labravaradiofm\/2021\/10\/06\/la-reforma-electrica-de-amlo-disparara-el-precio-de-la-electricidad-ceeg\/#breadcrumb","itemListElement":[{"@type":"ListItem","position":1,"name":"Inicio","item":"https:\/\/www.bbmnoticias.com\/labravaradiofm\/"},{"@type":"ListItem","position":2,"name":"La reforma el\u00e9ctrica de AMLO disparar\u00e1 el precio de la electricidad: CEEG"}]},{"@type":"WebSite","@id":"https:\/\/www.bbmnoticias.com\/labravaradiofm\/#website","url":"https:\/\/www.bbmnoticias.com\/labravaradiofm\/","name":"LA BRAVA RADIO","description":"Empresa productora de medios, Radiodifusi\u00f3n, Noticias, tendencias y todo lo que necesitas saber de la pol\u00edtica mexicana e internacional; entretenimiento, espect\u00e1culos, salud y mucho m\u00e1s.","potentialAction":[{"@type":"SearchAction","target":{"@type":"EntryPoint","urlTemplate":"https:\/\/www.bbmnoticias.com\/labravaradiofm\/?s={search_term_string}"},"query-input":{"@type":"PropertyValueSpecification","valueRequired":true,"valueName":"search_term_string"}}],"inLanguage":"es"},{"@type":"Person","@id":"https:\/\/www.bbmnoticias.com\/labravaradiofm\/#\/schema\/person\/34b139c617a70ea5bef5678bffe4dd7b","name":"Staff","image":{"@type":"ImageObject","inLanguage":"es","@id":"https:\/\/secure.gravatar.com\/avatar\/fdd21ad66fd8b98c407f9dee5b5e588cfe7f0d8579ec20fa6527cd59bab7f0f0?s=96&d=mm&r=g","url":"https:\/\/secure.gravatar.com\/avatar\/fdd21ad66fd8b98c407f9dee5b5e588cfe7f0d8579ec20fa6527cd59bab7f0f0?s=96&d=mm&r=g","contentUrl":"https:\/\/secure.gravatar.com\/avatar\/fdd21ad66fd8b98c407f9dee5b5e588cfe7f0d8579ec20fa6527cd59bab7f0f0?s=96&d=mm&r=g","caption":"Staff"},"url":"https:\/\/www.bbmnoticias.com\/labravaradiofm\/author\/redaccion\/"}]}},"_links":{"self":[{"href":"https:\/\/www.bbmnoticias.com\/labravaradiofm\/wp-json\/wp\/v2\/posts\/3215","targetHints":{"allow":["GET"]}}],"collection":[{"href":"https:\/\/www.bbmnoticias.com\/labravaradiofm\/wp-json\/wp\/v2\/posts"}],"about":[{"href":"https:\/\/www.bbmnoticias.com\/labravaradiofm\/wp-json\/wp\/v2\/types\/post"}],"author":[{"embeddable":true,"href":"https:\/\/www.bbmnoticias.com\/labravaradiofm\/wp-json\/wp\/v2\/users\/2"}],"replies":[{"embeddable":true,"href":"https:\/\/www.bbmnoticias.com\/labravaradiofm\/wp-json\/wp\/v2\/comments?post=3215"}],"version-history":[{"count":0,"href":"https:\/\/www.bbmnoticias.com\/labravaradiofm\/wp-json\/wp\/v2\/posts\/3215\/revisions"}],"wp:featuredmedia":[{"embeddable":true,"href":"https:\/\/www.bbmnoticias.com\/labravaradiofm\/wp-json\/wp\/v2\/media\/3216"}],"wp:attachment":[{"href":"https:\/\/www.bbmnoticias.com\/labravaradiofm\/wp-json\/wp\/v2\/media?parent=3215"}],"wp:term":[{"taxonomy":"category","embeddable":true,"href":"https:\/\/www.bbmnoticias.com\/labravaradiofm\/wp-json\/wp\/v2\/categories?post=3215"},{"taxonomy":"post_tag","embeddable":true,"href":"https:\/\/www.bbmnoticias.com\/labravaradiofm\/wp-json\/wp\/v2\/tags?post=3215"}],"curies":[{"name":"wp","href":"https:\/\/api.w.org\/{rel}","templated":true}]}}