{"id":3212,"date":"2021-10-06T12:41:32","date_gmt":"2021-10-06T17:41:32","guid":{"rendered":"https:\/\/www.bbmnoticias.com\/labravaradiofm\/?p=3212"},"modified":"2021-10-06T12:52:34","modified_gmt":"2021-10-06T17:52:34","slug":"pide-murat-escuchar-reforma-energetica-de-lopez-obrador","status":"publish","type":"post","link":"https:\/\/www.bbmnoticias.com\/labravaradiofm\/2021\/10\/06\/pide-murat-escuchar-reforma-energetica-de-lopez-obrador\/","title":{"rendered":"Pide Murat escuchar reforma energ\u00e9tica de L\u00f3pez Obrador"},"content":{"rendered":"<div style=\"margin-top: 0px; margin-bottom: 0px;\" class=\"sharethis-inline-share-buttons\" ><\/div>\n<p>OAXACA, Oax.- Convencido de que la mejor ruta para M\u00e9xico es el di\u00e1logo, el gobernador de Oaxaca, Alejandro Murat pidi\u00f3 que escuchen y debatan la reforma energ\u00e9tica del presidente Andr\u00e9s Manuel L\u00f3pez Obrador antes de desacalificarla.<\/p>\n\n\n\n<p>Al precisar que los gobernadores, no son sumisos a ning\u00fan partido pol\u00edtico y pueden como parte de la vida p\u00fablica contribuir al debate, reiter\u00f3 que en estos tiempos no deben cerrarse a escuchar argumentos.<\/p>\n\n\n\n<p>\u201cYa despu\u00e9s de hacer ese an\u00e1lisis, fijar un posicionamiento de si esta reforma o lo que se construya con los planteamientos que est\u00e1n haciendo, son buenas o malas\u201d, comparti\u00f3 ante medios de comunicaci\u00f3n en Palacio de Gobierno.<\/p>\n\n\n\n<p>Convoco, expres\u00f3, a que podamos abrir la conversaci\u00f3n \u201cla mejor ruta para el pa\u00eds es la del di\u00e1logo y a partir de ah\u00ed podemos construir\u201d.<\/p>\n\n\n\n<p>El M\u00e9xico que conoce, dijo, no es el M\u00e9xico de bandos, ni de partidos \u201cnos debemos al pueblo de M\u00e9xico y es en el marco de eso\u201d.<\/p>\n\n\n\n<p>Consider\u00f3 que es necesario que se le de la oportunidad al Presidente a que presente sus argumentos, frente a la naci\u00f3n y en funci\u00f3n de eso se haga una evaluaci\u00f3n \u201cno en funci\u00f3n a intereses, sino en torno a temas t\u00e9cnicos\u201d.<\/p>\n\n\n\n<p>Aunque adelant\u00f3 que acompa\u00f1ar\u00e1 las decisiones que tome su partido, el PRI, reiter\u00f3 que primero debe escucharse y debatirse.<\/p>\n\n\n\n<p>Preguntar, por ejemplo, sin con la reforma las tarifas van a ser mejores o m\u00e1s baratas o si va a beneficiar la econom\u00eda de M\u00e9xico.<\/p>\n\n\n\n<p>Respecto del problema de la basura, el gobernador dijo que ofreci\u00f3 el Palacio de Gobierno para que tanto el Cabildo como el Sindicato 3 de Marzo se sienten a dialogar.<\/p>\n\n\n\n<p>Lament\u00f3 que a\u00fan con todas las facilidades dadas por su gobierno \u201chay quienes no se dejan ayudar\u201d, en alusi\u00f3n al presidente municipal quien mantienen una postura de rechazo a dialogar con el Sindicato de limpia.<\/p>\n","protected":false},"excerpt":{"rendered":"<p>OAXACA, Oax.- Convencido de que la mejor ruta para M\u00e9xico es el di\u00e1logo, el gobernador de Oaxaca, Alejandro Murat pidi\u00f3 que escuchen y debatan la reforma energ\u00e9tica del presidente Andr\u00e9s Manuel L\u00f3pez Obrador antes de desacalificarla. Al precisar que los gobernadores, no son sumisos a ning\u00fan partido pol\u00edtico y pueden como parte de la vida [&hellip;]<\/p>\n","protected":false},"author":5,"featured_media":3213,"comment_status":"closed","ping_status":"closed","sticky":false,"template":"","format":"standard","meta":{"footnotes":""},"categories":[2],"tags":[],"class_list":{"0":"post-3212","1":"post","2":"type-post","3":"status-publish","4":"format-standard","5":"has-post-thumbnail","7":"category-oaxaca"},"yoast_head":"<!-- This site is optimized with the Yoast SEO plugin v27.4 - https:\/\/yoast.com\/product\/yoast-seo-wordpress\/ -->\n<title>Pide Murat escuchar reforma energ\u00e9tica de L\u00f3pez Obrador - LA BRAVA RADIO<\/title>\n<meta name=\"description\" content=\"Ya despu\u00e9s de hacer ese an\u00e1lisis, fijar un posicionamiento de si esta reforma o lo que se construya, son buenas o malas\" \/>\n<meta name=\"robots\" content=\"index, follow, max-snippet:-1, max-image-preview:large, max-video-preview:-1\" \/>\n<link rel=\"canonical\" href=\"https:\/\/www.bbmnoticias.com\/labravaradiofm\/2021\/10\/06\/pide-murat-escuchar-reforma-energetica-de-lopez-obrador\/\" \/>\n<meta property=\"og:locale\" content=\"es_MX\" \/>\n<meta property=\"og:type\" content=\"article\" \/>\n<meta property=\"og:title\" content=\"Pide Murat escuchar reforma energ\u00e9tica de L\u00f3pez Obrador - LA BRAVA RADIO\" \/>\n<meta property=\"og:description\" content=\"Ya despu\u00e9s de hacer ese an\u00e1lisis, fijar un posicionamiento de si esta reforma o lo que se construya, son buenas o malas\" \/>\n<meta property=\"og:url\" content=\"https:\/\/www.bbmnoticias.com\/labravaradiofm\/2021\/10\/06\/pide-murat-escuchar-reforma-energetica-de-lopez-obrador\/\" \/>\n<meta property=\"og:site_name\" content=\"LA BRAVA RADIO\" \/>\n<meta property=\"article:published_time\" content=\"2021-10-06T17:41:32+00:00\" \/>\n<meta property=\"article:modified_time\" content=\"2021-10-06T17:52:34+00:00\" \/>\n<meta property=\"og:image\" content=\"https:\/\/www.bbmnoticias.com\/labravaradiofm\/wp-content\/uploads\/sites\/5\/2021\/10\/local06102021-9.jpg\" \/>\n\t<meta property=\"og:image:width\" content=\"1024\" \/>\n\t<meta property=\"og:image:height\" content=\"682\" \/>\n\t<meta property=\"og:image:type\" content=\"image\/jpeg\" \/>\n<meta name=\"author\" content=\"Quadratin\" \/>\n<meta name=\"twitter:card\" content=\"summary_large_image\" \/>\n<meta name=\"twitter:label1\" content=\"Escrito por\" \/>\n\t<meta name=\"twitter:data1\" content=\"Quadratin\" \/>\n\t<meta name=\"twitter:label2\" content=\"Tiempo de lectura\" \/>\n\t<meta name=\"twitter:data2\" content=\"2 minutos\" \/>\n<script type=\"application\/ld+json\" class=\"yoast-schema-graph\">{\"@context\":\"https:\\\/\\\/schema.org\",\"@graph\":[{\"@type\":\"Article\",\"@id\":\"https:\\\/\\\/www.bbmnoticias.com\\\/labravaradiofm\\\/2021\\\/10\\\/06\\\/pide-murat-escuchar-reforma-energetica-de-lopez-obrador\\\/#article\",\"isPartOf\":{\"@id\":\"https:\\\/\\\/www.bbmnoticias.com\\\/labravaradiofm\\\/2021\\\/10\\\/06\\\/pide-murat-escuchar-reforma-energetica-de-lopez-obrador\\\/\"},\"author\":{\"name\":\"Quadratin\",\"@id\":\"https:\\\/\\\/www.bbmnoticias.com\\\/labravaradiofm\\\/#\\\/schema\\\/person\\\/b7ad4658f4970d61499e84f6fe178160\"},\"headline\":\"Pide Murat escuchar reforma energ\u00e9tica de L\u00f3pez Obrador\",\"datePublished\":\"2021-10-06T17:41:32+00:00\",\"dateModified\":\"2021-10-06T17:52:34+00:00\",\"mainEntityOfPage\":{\"@id\":\"https:\\\/\\\/www.bbmnoticias.com\\\/labravaradiofm\\\/2021\\\/10\\\/06\\\/pide-murat-escuchar-reforma-energetica-de-lopez-obrador\\\/\"},\"wordCount\":348,\"image\":{\"@id\":\"https:\\\/\\\/www.bbmnoticias.com\\\/labravaradiofm\\\/2021\\\/10\\\/06\\\/pide-murat-escuchar-reforma-energetica-de-lopez-obrador\\\/#primaryimage\"},\"thumbnailUrl\":\"https:\\\/\\\/www.bbmnoticias.com\\\/labravaradiofm\\\/wp-content\\\/uploads\\\/sites\\\/5\\\/2021\\\/10\\\/local06102021-9.jpg\",\"articleSection\":[\"LOCAL\"],\"inLanguage\":\"es\"},{\"@type\":\"WebPage\",\"@id\":\"https:\\\/\\\/www.bbmnoticias.com\\\/labravaradiofm\\\/2021\\\/10\\\/06\\\/pide-murat-escuchar-reforma-energetica-de-lopez-obrador\\\/\",\"url\":\"https:\\\/\\\/www.bbmnoticias.com\\\/labravaradiofm\\\/2021\\\/10\\\/06\\\/pide-murat-escuchar-reforma-energetica-de-lopez-obrador\\\/\",\"name\":\"Pide Murat escuchar reforma energ\u00e9tica de L\u00f3pez Obrador - LA BRAVA RADIO\",\"isPartOf\":{\"@id\":\"https:\\\/\\\/www.bbmnoticias.com\\\/labravaradiofm\\\/#website\"},\"primaryImageOfPage\":{\"@id\":\"https:\\\/\\\/www.bbmnoticias.com\\\/labravaradiofm\\\/2021\\\/10\\\/06\\\/pide-murat-escuchar-reforma-energetica-de-lopez-obrador\\\/#primaryimage\"},\"image\":{\"@id\":\"https:\\\/\\\/www.bbmnoticias.com\\\/labravaradiofm\\\/2021\\\/10\\\/06\\\/pide-murat-escuchar-reforma-energetica-de-lopez-obrador\\\/#primaryimage\"},\"thumbnailUrl\":\"https:\\\/\\\/www.bbmnoticias.com\\\/labravaradiofm\\\/wp-content\\\/uploads\\\/sites\\\/5\\\/2021\\\/10\\\/local06102021-9.jpg\",\"datePublished\":\"2021-10-06T17:41:32+00:00\",\"dateModified\":\"2021-10-06T17:52:34+00:00\",\"author\":{\"@id\":\"https:\\\/\\\/www.bbmnoticias.com\\\/labravaradiofm\\\/#\\\/schema\\\/person\\\/b7ad4658f4970d61499e84f6fe178160\"},\"description\":\"Ya despu\u00e9s de hacer ese an\u00e1lisis, fijar un posicionamiento de si esta reforma o lo que se construya, son buenas o malas\",\"breadcrumb\":{\"@id\":\"https:\\\/\\\/www.bbmnoticias.com\\\/labravaradiofm\\\/2021\\\/10\\\/06\\\/pide-murat-escuchar-reforma-energetica-de-lopez-obrador\\\/#breadcrumb\"},\"inLanguage\":\"es\",\"potentialAction\":[{\"@type\":\"ReadAction\",\"target\":[\"https:\\\/\\\/www.bbmnoticias.com\\\/labravaradiofm\\\/2021\\\/10\\\/06\\\/pide-murat-escuchar-reforma-energetica-de-lopez-obrador\\\/\"]}]},{\"@type\":\"ImageObject\",\"inLanguage\":\"es\",\"@id\":\"https:\\\/\\\/www.bbmnoticias.com\\\/labravaradiofm\\\/2021\\\/10\\\/06\\\/pide-murat-escuchar-reforma-energetica-de-lopez-obrador\\\/#primaryimage\",\"url\":\"https:\\\/\\\/www.bbmnoticias.com\\\/labravaradiofm\\\/wp-content\\\/uploads\\\/sites\\\/5\\\/2021\\\/10\\\/local06102021-9.jpg\",\"contentUrl\":\"https:\\\/\\\/www.bbmnoticias.com\\\/labravaradiofm\\\/wp-content\\\/uploads\\\/sites\\\/5\\\/2021\\\/10\\\/local06102021-9.jpg\",\"width\":1024,\"height\":682},{\"@type\":\"BreadcrumbList\",\"@id\":\"https:\\\/\\\/www.bbmnoticias.com\\\/labravaradiofm\\\/2021\\\/10\\\/06\\\/pide-murat-escuchar-reforma-energetica-de-lopez-obrador\\\/#breadcrumb\",\"itemListElement\":[{\"@type\":\"ListItem\",\"position\":1,\"name\":\"Inicio\",\"item\":\"https:\\\/\\\/www.bbmnoticias.com\\\/labravaradiofm\\\/\"},{\"@type\":\"ListItem\",\"position\":2,\"name\":\"Pide Murat escuchar reforma energ\u00e9tica de L\u00f3pez Obrador\"}]},{\"@type\":\"WebSite\",\"@id\":\"https:\\\/\\\/www.bbmnoticias.com\\\/labravaradiofm\\\/#website\",\"url\":\"https:\\\/\\\/www.bbmnoticias.com\\\/labravaradiofm\\\/\",\"name\":\"LA BRAVA RADIO\",\"description\":\"Empresa productora de medios, Radiodifusi\u00f3n, Noticias, tendencias y todo lo que necesitas saber de la pol\u00edtica mexicana e internacional; entretenimiento, espect\u00e1culos, salud y mucho m\u00e1s.\",\"potentialAction\":[{\"@type\":\"SearchAction\",\"target\":{\"@type\":\"EntryPoint\",\"urlTemplate\":\"https:\\\/\\\/www.bbmnoticias.com\\\/labravaradiofm\\\/?s={search_term_string}\"},\"query-input\":{\"@type\":\"PropertyValueSpecification\",\"valueRequired\":true,\"valueName\":\"search_term_string\"}}],\"inLanguage\":\"es\"},{\"@type\":\"Person\",\"@id\":\"https:\\\/\\\/www.bbmnoticias.com\\\/labravaradiofm\\\/#\\\/schema\\\/person\\\/b7ad4658f4970d61499e84f6fe178160\",\"name\":\"Quadratin\",\"image\":{\"@type\":\"ImageObject\",\"inLanguage\":\"es\",\"@id\":\"https:\\\/\\\/secure.gravatar.com\\\/avatar\\\/34008d7d72488432d6a74f81e839efc9f754b118786ca32cf39d9d5508a68f63?s=96&d=mm&r=g\",\"url\":\"https:\\\/\\\/secure.gravatar.com\\\/avatar\\\/34008d7d72488432d6a74f81e839efc9f754b118786ca32cf39d9d5508a68f63?s=96&d=mm&r=g\",\"contentUrl\":\"https:\\\/\\\/secure.gravatar.com\\\/avatar\\\/34008d7d72488432d6a74f81e839efc9f754b118786ca32cf39d9d5508a68f63?s=96&d=mm&r=g\",\"caption\":\"Quadratin\"},\"url\":\"https:\\\/\\\/www.bbmnoticias.com\\\/labravaradiofm\\\/author\\\/quadratin\\\/\"}]}<\/script>\n<!-- \/ Yoast SEO plugin. -->","yoast_head_json":{"title":"Pide Murat escuchar reforma energ\u00e9tica de L\u00f3pez Obrador - LA BRAVA RADIO","description":"Ya despu\u00e9s de hacer ese an\u00e1lisis, fijar un posicionamiento de si esta reforma o lo que se construya, son buenas o malas","robots":{"index":"index","follow":"follow","max-snippet":"max-snippet:-1","max-image-preview":"max-image-preview:large","max-video-preview":"max-video-preview:-1"},"canonical":"https:\/\/www.bbmnoticias.com\/labravaradiofm\/2021\/10\/06\/pide-murat-escuchar-reforma-energetica-de-lopez-obrador\/","og_locale":"es_MX","og_type":"article","og_title":"Pide Murat escuchar reforma energ\u00e9tica de L\u00f3pez Obrador - LA BRAVA RADIO","og_description":"Ya despu\u00e9s de hacer ese an\u00e1lisis, fijar un posicionamiento de si esta reforma o lo que se construya, son buenas o malas","og_url":"https:\/\/www.bbmnoticias.com\/labravaradiofm\/2021\/10\/06\/pide-murat-escuchar-reforma-energetica-de-lopez-obrador\/","og_site_name":"LA BRAVA RADIO","article_published_time":"2021-10-06T17:41:32+00:00","article_modified_time":"2021-10-06T17:52:34+00:00","og_image":[{"width":1024,"height":682,"url":"https:\/\/www.bbmnoticias.com\/labravaradiofm\/wp-content\/uploads\/sites\/5\/2021\/10\/local06102021-9.jpg","type":"image\/jpeg"}],"author":"Quadratin","twitter_card":"summary_large_image","twitter_misc":{"Escrito por":"Quadratin","Tiempo de lectura":"2 minutos"},"schema":{"@context":"https:\/\/schema.org","@graph":[{"@type":"Article","@id":"https:\/\/www.bbmnoticias.com\/labravaradiofm\/2021\/10\/06\/pide-murat-escuchar-reforma-energetica-de-lopez-obrador\/#article","isPartOf":{"@id":"https:\/\/www.bbmnoticias.com\/labravaradiofm\/2021\/10\/06\/pide-murat-escuchar-reforma-energetica-de-lopez-obrador\/"},"author":{"name":"Quadratin","@id":"https:\/\/www.bbmnoticias.com\/labravaradiofm\/#\/schema\/person\/b7ad4658f4970d61499e84f6fe178160"},"headline":"Pide Murat escuchar reforma energ\u00e9tica de L\u00f3pez Obrador","datePublished":"2021-10-06T17:41:32+00:00","dateModified":"2021-10-06T17:52:34+00:00","mainEntityOfPage":{"@id":"https:\/\/www.bbmnoticias.com\/labravaradiofm\/2021\/10\/06\/pide-murat-escuchar-reforma-energetica-de-lopez-obrador\/"},"wordCount":348,"image":{"@id":"https:\/\/www.bbmnoticias.com\/labravaradiofm\/2021\/10\/06\/pide-murat-escuchar-reforma-energetica-de-lopez-obrador\/#primaryimage"},"thumbnailUrl":"https:\/\/www.bbmnoticias.com\/labravaradiofm\/wp-content\/uploads\/sites\/5\/2021\/10\/local06102021-9.jpg","articleSection":["LOCAL"],"inLanguage":"es"},{"@type":"WebPage","@id":"https:\/\/www.bbmnoticias.com\/labravaradiofm\/2021\/10\/06\/pide-murat-escuchar-reforma-energetica-de-lopez-obrador\/","url":"https:\/\/www.bbmnoticias.com\/labravaradiofm\/2021\/10\/06\/pide-murat-escuchar-reforma-energetica-de-lopez-obrador\/","name":"Pide Murat escuchar reforma energ\u00e9tica de L\u00f3pez Obrador - LA BRAVA RADIO","isPartOf":{"@id":"https:\/\/www.bbmnoticias.com\/labravaradiofm\/#website"},"primaryImageOfPage":{"@id":"https:\/\/www.bbmnoticias.com\/labravaradiofm\/2021\/10\/06\/pide-murat-escuchar-reforma-energetica-de-lopez-obrador\/#primaryimage"},"image":{"@id":"https:\/\/www.bbmnoticias.com\/labravaradiofm\/2021\/10\/06\/pide-murat-escuchar-reforma-energetica-de-lopez-obrador\/#primaryimage"},"thumbnailUrl":"https:\/\/www.bbmnoticias.com\/labravaradiofm\/wp-content\/uploads\/sites\/5\/2021\/10\/local06102021-9.jpg","datePublished":"2021-10-06T17:41:32+00:00","dateModified":"2021-10-06T17:52:34+00:00","author":{"@id":"https:\/\/www.bbmnoticias.com\/labravaradiofm\/#\/schema\/person\/b7ad4658f4970d61499e84f6fe178160"},"description":"Ya despu\u00e9s de hacer ese an\u00e1lisis, fijar un posicionamiento de si esta reforma o lo que se construya, son buenas o malas","breadcrumb":{"@id":"https:\/\/www.bbmnoticias.com\/labravaradiofm\/2021\/10\/06\/pide-murat-escuchar-reforma-energetica-de-lopez-obrador\/#breadcrumb"},"inLanguage":"es","potentialAction":[{"@type":"ReadAction","target":["https:\/\/www.bbmnoticias.com\/labravaradiofm\/2021\/10\/06\/pide-murat-escuchar-reforma-energetica-de-lopez-obrador\/"]}]},{"@type":"ImageObject","inLanguage":"es","@id":"https:\/\/www.bbmnoticias.com\/labravaradiofm\/2021\/10\/06\/pide-murat-escuchar-reforma-energetica-de-lopez-obrador\/#primaryimage","url":"https:\/\/www.bbmnoticias.com\/labravaradiofm\/wp-content\/uploads\/sites\/5\/2021\/10\/local06102021-9.jpg","contentUrl":"https:\/\/www.bbmnoticias.com\/labravaradiofm\/wp-content\/uploads\/sites\/5\/2021\/10\/local06102021-9.jpg","width":1024,"height":682},{"@type":"BreadcrumbList","@id":"https:\/\/www.bbmnoticias.com\/labravaradiofm\/2021\/10\/06\/pide-murat-escuchar-reforma-energetica-de-lopez-obrador\/#breadcrumb","itemListElement":[{"@type":"ListItem","position":1,"name":"Inicio","item":"https:\/\/www.bbmnoticias.com\/labravaradiofm\/"},{"@type":"ListItem","position":2,"name":"Pide Murat escuchar reforma energ\u00e9tica de L\u00f3pez Obrador"}]},{"@type":"WebSite","@id":"https:\/\/www.bbmnoticias.com\/labravaradiofm\/#website","url":"https:\/\/www.bbmnoticias.com\/labravaradiofm\/","name":"LA BRAVA RADIO","description":"Empresa productora de medios, Radiodifusi\u00f3n, Noticias, tendencias y todo lo que necesitas saber de la pol\u00edtica mexicana e internacional; entretenimiento, espect\u00e1culos, salud y mucho m\u00e1s.","potentialAction":[{"@type":"SearchAction","target":{"@type":"EntryPoint","urlTemplate":"https:\/\/www.bbmnoticias.com\/labravaradiofm\/?s={search_term_string}"},"query-input":{"@type":"PropertyValueSpecification","valueRequired":true,"valueName":"search_term_string"}}],"inLanguage":"es"},{"@type":"Person","@id":"https:\/\/www.bbmnoticias.com\/labravaradiofm\/#\/schema\/person\/b7ad4658f4970d61499e84f6fe178160","name":"Quadratin","image":{"@type":"ImageObject","inLanguage":"es","@id":"https:\/\/secure.gravatar.com\/avatar\/34008d7d72488432d6a74f81e839efc9f754b118786ca32cf39d9d5508a68f63?s=96&d=mm&r=g","url":"https:\/\/secure.gravatar.com\/avatar\/34008d7d72488432d6a74f81e839efc9f754b118786ca32cf39d9d5508a68f63?s=96&d=mm&r=g","contentUrl":"https:\/\/secure.gravatar.com\/avatar\/34008d7d72488432d6a74f81e839efc9f754b118786ca32cf39d9d5508a68f63?s=96&d=mm&r=g","caption":"Quadratin"},"url":"https:\/\/www.bbmnoticias.com\/labravaradiofm\/author\/quadratin\/"}]}},"_links":{"self":[{"href":"https:\/\/www.bbmnoticias.com\/labravaradiofm\/wp-json\/wp\/v2\/posts\/3212","targetHints":{"allow":["GET"]}}],"collection":[{"href":"https:\/\/www.bbmnoticias.com\/labravaradiofm\/wp-json\/wp\/v2\/posts"}],"about":[{"href":"https:\/\/www.bbmnoticias.com\/labravaradiofm\/wp-json\/wp\/v2\/types\/post"}],"author":[{"embeddable":true,"href":"https:\/\/www.bbmnoticias.com\/labravaradiofm\/wp-json\/wp\/v2\/users\/5"}],"replies":[{"embeddable":true,"href":"https:\/\/www.bbmnoticias.com\/labravaradiofm\/wp-json\/wp\/v2\/comments?post=3212"}],"version-history":[{"count":0,"href":"https:\/\/www.bbmnoticias.com\/labravaradiofm\/wp-json\/wp\/v2\/posts\/3212\/revisions"}],"wp:featuredmedia":[{"embeddable":true,"href":"https:\/\/www.bbmnoticias.com\/labravaradiofm\/wp-json\/wp\/v2\/media\/3213"}],"wp:attachment":[{"href":"https:\/\/www.bbmnoticias.com\/labravaradiofm\/wp-json\/wp\/v2\/media?parent=3212"}],"wp:term":[{"taxonomy":"category","embeddable":true,"href":"https:\/\/www.bbmnoticias.com\/labravaradiofm\/wp-json\/wp\/v2\/categories?post=3212"},{"taxonomy":"post_tag","embeddable":true,"href":"https:\/\/www.bbmnoticias.com\/labravaradiofm\/wp-json\/wp\/v2\/tags?post=3212"}],"curies":[{"name":"wp","href":"https:\/\/api.w.org\/{rel}","templated":true}]}}