{"id":3206,"date":"2021-10-06T12:13:20","date_gmt":"2021-10-06T17:13:20","guid":{"rendered":"https:\/\/www.bbmnoticias.com\/labravaradiofm\/?p=3206"},"modified":"2021-10-06T12:41:52","modified_gmt":"2021-10-06T17:41:52","slug":"madre-que-lucha-contra-leucemia-de-su-hija-denuncia-campana-de-fondeo-en-oaxaca-que-nunca-llego","status":"publish","type":"post","link":"https:\/\/www.bbmnoticias.com\/labravaradiofm\/2021\/10\/06\/madre-que-lucha-contra-leucemia-de-su-hija-denuncia-campana-de-fondeo-en-oaxaca-que-nunca-llego\/","title":{"rendered":"Madre que lucha contra leucemia de su hija denuncia campa\u00f1a de fondeo en Oaxaca que nunca lleg\u00f3"},"content":{"rendered":"<div style=\"margin-top: 0px; margin-bottom: 0px;\" class=\"sharethis-inline-share-buttons\" ><\/div>\n<p><strong>Oaxaca de Ju\u00e1rez.- Rosa Jacinto Ruiz <\/strong>lleg\u00f3 a la ciudad de <strong>Oaxaca<\/strong> hace 17 a\u00f1os, procedente de la agencia Arroyo Tambor, perteneciente al municipio de San Felipe Usila, en la regi\u00f3n de la Cuenca del Papaloapan.<\/p>\n\n\n\n<p><strong>Fue hace 10 a\u00f1os cuando Rosa se convirti\u00f3 en madre de Ver\u00f3nica<\/strong>, cuya crianza asumi\u00f3 por completo desde que su hija era muy peque\u00f1a.<\/p>\n\n\n\n<p><strong>Rosa, de 39 a\u00f1os, relata que para una mujer ind\u00edgena y de escasos recursos la crianza de una ni\u00f1a es muy complicada.<\/strong> Ella habla poco espa\u00f1ol, pues su lengua originaria es el chinanteco, por lo que conseguir trabajo en la ciudad no ha sido sencillo; sin embargo, siempre se ha esforzado para que la peque\u00f1a Ver\u00f3nica tenga todo lo necesario. Fue hace dos a\u00f1os, en octubre de 2019, cuando la vida de ambas tom\u00f3 un rumbo distinto.<\/p>\n\n\n\n<p><strong>Ver\u00f3nica manifestaba tener fuertes dolores abdominales y malestares.<\/strong> Preocupada por su hija, Rosa la llev\u00f3 al Hospital Civil, donde le hicieron estudios sin detectar la causa del estado de salud de la peque\u00f1a, que con el tiempo iba empeorando.<\/p>\n\n\n\n<p>En enero de 2020 fue canalizada al Hospital de la Ni\u00f1ez Oaxaque\u00f1a, donde, tras una serie de an\u00e1lisis, los m\u00e9dicos determinaron que padec\u00eda leucemia. Las vecinas de Rosa, Anabel y Roc\u00edo, acompa\u00f1aron a Rosa al nosocomio en repetidas ocasiones, hasta obtener el diagn\u00f3stico m\u00e9dico que mantiene a la menor en tratamiento y quimioterapia.<\/p>\n\n\n\n<p>En los Servicios de Salud de Oaxaca (SSO) <strong>se diagnostican anualmente entre 90 y 100 casos de leucemia.<\/strong><\/p>\n\n\n\n<p>Rosa recuerda que desde que su hija iba al k\u00ednder,<strong> su padre, Juli\u00e1n Ju\u00e1rez Palma, las abandon\u00f3 y hasta ahora no se ha hecho responsable de la manutenci\u00f3n de la ni\u00f1a<\/strong>, a pesar de tener conocimiento de que ella padece leucemia.<\/p>\n\n\n\n<p>Por ello, Rosa contact\u00f3 a la cuenta de Facebook Deudores Alimentarios Oaxaca, para que publicaran al padre de su hija. El 27 de julio pasado, el caso de Rosa fue expuesto en redes sociales, en un post en el que se detalla que el hombre vive en Salina Cruz con otra familia.<\/p>\n\n\n\n<p>Cabe mencionar que<strong> dicha cuenta de Facebook fue impulsada por mujeres de la sociedad civil y activistas<\/strong> que buscan que todos los menores de edad accedan a la manutenci\u00f3n que por derecho les corresponde. En Oaxaca no existe un registro certero de cu\u00e1ntos deudores alimentarios hay.<\/p>\n\n\n\n<p>Tras la denuncia,<strong> Ju\u00e1rez Palma contact\u00f3 a Rosa pero se neg\u00f3 a contribuir con los gastos m\u00e9dicos de la ni\u00f1a<\/strong>. Adem\u00e1s, la pareja de \u00e9ste ha manifestado a Rosa que no la van a ayudar, pese a que existe una obligaci\u00f3n legal para ello.<\/p>\n\n\n\n<p>El pasado 16 de septiembre, la Legislatura local aprob\u00f3 la creaci\u00f3n del registro de deudores alimentarios morosos, quienes adem\u00e1s no podr\u00e1n acceder a cr\u00e9ditos ni a adopciones, de acuerdo con lo que dispone la legislaci\u00f3n.<\/p>\n\n\n\n<p>Desde la denuncia, el sujeto se ha comunicado \u00fanicamente en una ocasi\u00f3n con Rosa y su hija; sin embargo, ha argumentado que no tiene dinero y que no puede mandarle manutenci\u00f3n a Ver\u00f3nica.<\/p>\n\n\n\n<p>Para mantener a su hija, <strong>Rosa vende gelatinas todas las ma\u00f1anas, recorriendo a pie la colonia antiguo Aeropuerto, las Flores y la colonia Reforma.<\/strong> Por la tarde, <strong>trabaja como ayudante en un puesto de esquites<\/strong> y, con sus ganancias, ha costeado los gastos de su hija, que han incrementado considerablemente desde el diagn\u00f3stico de c\u00e1ncer.<\/p>\n\n\n\n<p>Mientras<strong> Rosa sale a trabajar, la ni\u00f1a permanece en casa para tomar clases<\/strong>, al cuidado de sus vecinas. Rosa manifiesta que desde hace un a\u00f1o ha tenido que comprar medicamentos que el hospital no tiene, mismos que cuestan m\u00e1s de mil 800 pesos.<\/p>\n\n\n\n<p>Luego de que se difundiera el caso de Rosa en la p\u00e1gina de deudores, una mujer llamada Ney Jim\u00e9nez, quien es la madre de un compa\u00f1ero de clases de Ver\u00f3nica y tiene conocimiento de su estado de salud, conoci\u00f3 la historia a trav\u00e9s de un medio local y se ofreci\u00f3 a ayudarle econ\u00f3micamente.<\/p>\n\n\n\n<p><strong>Ney Jim\u00e9nez hizo un video convocando a apoyar a Rosa y a Vero<\/strong>. La historia lleg\u00f3 a o\u00eddos del creador de contenido regiomontano Alessandro, conocido como Lord Banquetas, quien reuni\u00f3 22 mil pesos para ayudar a Rosa y su hija; sin embargo, entreg\u00f3 el donativo a Ney Jim\u00e9nez, quien s\u00f3lo dio a la familia 2 mil pesos de lo recaudado.<\/p>\n\n\n\n<p><strong>Rosa hizo un video en agradecimiento por el donativo, pero no supo, sino hasta despu\u00e9s, la cantidad real del mismo<\/strong>, cuando la mujer que sirvi\u00f3 como intermediaria ya le hab\u00eda entregado los 2 mil pesos.<\/p>\n\n\n\n<figure class=\"wp-block-pullquote\"><blockquote><p>\u201c Me dio los 2 mil pesos y me dijo que si necesitaba despensa o medicamentos, se los pidiera\u201d, relata Rosa.<\/p><\/blockquote><\/figure>\n\n\n\n<p>El abuso cometido por la mujer que se ofreci\u00f3 como intermediaria indign\u00f3 a quienes conocen a Rosa y han visto su esfuerzo diario por cuidar a su hija. Por ello, <strong>hicieron un video denunciando a la persona, quien posteriormente argument\u00f3 que fue la propia Rosa quien le pidi\u00f3 que guardara el resto del dinero.<\/strong><\/p>\n\n\n\n<p>Pero, <strong>para cuando Rosa neg\u00f3 esa versi\u00f3n, la mujer, quien vive cerca de ella y su hija, desapareci\u00f3<\/strong> y dio de baja sus perfiles en redes sociales.<\/p>\n\n\n\n<p>La situaci\u00f3n ha impedido que Rosa, por verg\u00fcenza de lo que le hicieron, solicite donativos en otras organizaciones, pues teme que el apoyo le sea negado porque pueden pensar que tiene el dinero que le entregaron o que lo gast\u00f3 en otras cosas.<\/p>\n\n\n\n<p>Despu\u00e9s de lo sucedido, un grupo de mujeres que conoce a Rosa hizo una acusaci\u00f3n p\u00fablica contra Ney Jim\u00e9nez, a trav\u00e9s de un video, pero \u00e9ste fue denunciado y dado de baja. La mujer recibi\u00f3 el dinero el pasado 1 de septiembre, pero hasta ahora no ha hecho llegar el donativo a Rosa y Ver\u00f3nica.<\/p>\n\n\n\n<figure class=\"wp-block-pullquote\"><blockquote><p>\u201c Lo que queremos es que la se\u00f1ora no siga lucrando con mi hija. Tememos que haya pedido m\u00e1s dinero y, sin importar si ese dinero llega a nosotras o no, la se\u00f1ora se aproveche de la buena voluntad de otras personas\u201d, lamenta Rosa.<\/p><\/blockquote><\/figure>\n","protected":false},"excerpt":{"rendered":"<p>Oaxaca de Ju\u00e1rez.- Rosa Jacinto Ruiz lleg\u00f3 a la ciudad de Oaxaca hace 17 a\u00f1os, procedente de la agencia Arroyo Tambor, perteneciente al municipio de San Felipe Usila, en la regi\u00f3n de la Cuenca del Papaloapan. Fue hace 10 a\u00f1os cuando Rosa se convirti\u00f3 en madre de Ver\u00f3nica, cuya crianza asumi\u00f3 por completo desde que [&hellip;]<\/p>\n","protected":false},"author":10,"featured_media":3207,"comment_status":"closed","ping_status":"closed","sticky":false,"template":"","format":"standard","meta":{"footnotes":""},"categories":[2],"tags":[],"class_list":{"0":"post-3206","1":"post","2":"type-post","3":"status-publish","4":"format-standard","5":"has-post-thumbnail","7":"category-oaxaca"},"yoast_head":"<!-- This site is optimized with the Yoast SEO plugin v27.4 - https:\/\/yoast.com\/product\/yoast-seo-wordpress\/ -->\n<title>Madre que lucha contra leucemia de su hija denuncia campa\u00f1a de fondeo en Oaxaca que nunca lleg\u00f3 - LA BRAVA RADIO<\/title>\n<meta name=\"description\" content=\"Ver\u00f3nica manifestaba tener fuertes dolores abdominales y malestares. Preocupada por su hija, Rosa la llev\u00f3 al Hospital Civil\" \/>\n<meta name=\"robots\" content=\"index, follow, max-snippet:-1, max-image-preview:large, max-video-preview:-1\" \/>\n<link rel=\"canonical\" href=\"https:\/\/www.bbmnoticias.com\/labravaradiofm\/2021\/10\/06\/madre-que-lucha-contra-leucemia-de-su-hija-denuncia-campana-de-fondeo-en-oaxaca-que-nunca-llego\/\" \/>\n<meta property=\"og:locale\" content=\"es_MX\" \/>\n<meta property=\"og:type\" content=\"article\" \/>\n<meta property=\"og:title\" content=\"Madre que lucha contra leucemia de su hija denuncia campa\u00f1a de fondeo en Oaxaca que nunca lleg\u00f3 - LA BRAVA RADIO\" \/>\n<meta property=\"og:description\" content=\"Ver\u00f3nica manifestaba tener fuertes dolores abdominales y malestares. Preocupada por su hija, Rosa la llev\u00f3 al Hospital Civil\" \/>\n<meta property=\"og:url\" content=\"https:\/\/www.bbmnoticias.com\/labravaradiofm\/2021\/10\/06\/madre-que-lucha-contra-leucemia-de-su-hija-denuncia-campana-de-fondeo-en-oaxaca-que-nunca-llego\/\" \/>\n<meta property=\"og:site_name\" content=\"LA BRAVA RADIO\" \/>\n<meta property=\"article:published_time\" content=\"2021-10-06T17:13:20+00:00\" \/>\n<meta property=\"article:modified_time\" content=\"2021-10-06T17:41:52+00:00\" \/>\n<meta property=\"og:image\" content=\"https:\/\/www.bbmnoticias.com\/labravaradiofm\/wp-content\/uploads\/sites\/5\/2021\/10\/local06102021-8.jpg\" \/>\n\t<meta property=\"og:image:width\" content=\"630\" \/>\n\t<meta property=\"og:image:height\" content=\"355\" \/>\n\t<meta property=\"og:image:type\" content=\"image\/jpeg\" \/>\n<meta name=\"author\" content=\"El Universal\" \/>\n<meta name=\"twitter:card\" content=\"summary_large_image\" \/>\n<meta name=\"twitter:label1\" content=\"Escrito por\" \/>\n\t<meta name=\"twitter:data1\" content=\"El Universal\" \/>\n\t<meta name=\"twitter:label2\" content=\"Tiempo de lectura\" \/>\n\t<meta name=\"twitter:data2\" content=\"5 minutos\" \/>\n<script type=\"application\/ld+json\" class=\"yoast-schema-graph\">{\"@context\":\"https:\\\/\\\/schema.org\",\"@graph\":[{\"@type\":\"Article\",\"@id\":\"https:\\\/\\\/www.bbmnoticias.com\\\/labravaradiofm\\\/2021\\\/10\\\/06\\\/madre-que-lucha-contra-leucemia-de-su-hija-denuncia-campana-de-fondeo-en-oaxaca-que-nunca-llego\\\/#article\",\"isPartOf\":{\"@id\":\"https:\\\/\\\/www.bbmnoticias.com\\\/labravaradiofm\\\/2021\\\/10\\\/06\\\/madre-que-lucha-contra-leucemia-de-su-hija-denuncia-campana-de-fondeo-en-oaxaca-que-nunca-llego\\\/\"},\"author\":{\"name\":\"El Universal\",\"@id\":\"https:\\\/\\\/www.bbmnoticias.com\\\/labravaradiofm\\\/#\\\/schema\\\/person\\\/9d7a6a319e0df750bc43fc190d0b889b\"},\"headline\":\"Madre que lucha contra leucemia de su hija denuncia campa\u00f1a de fondeo en Oaxaca que nunca lleg\u00f3\",\"datePublished\":\"2021-10-06T17:13:20+00:00\",\"dateModified\":\"2021-10-06T17:41:52+00:00\",\"mainEntityOfPage\":{\"@id\":\"https:\\\/\\\/www.bbmnoticias.com\\\/labravaradiofm\\\/2021\\\/10\\\/06\\\/madre-que-lucha-contra-leucemia-de-su-hija-denuncia-campana-de-fondeo-en-oaxaca-que-nunca-llego\\\/\"},\"wordCount\":1064,\"image\":{\"@id\":\"https:\\\/\\\/www.bbmnoticias.com\\\/labravaradiofm\\\/2021\\\/10\\\/06\\\/madre-que-lucha-contra-leucemia-de-su-hija-denuncia-campana-de-fondeo-en-oaxaca-que-nunca-llego\\\/#primaryimage\"},\"thumbnailUrl\":\"https:\\\/\\\/www.bbmnoticias.com\\\/labravaradiofm\\\/wp-content\\\/uploads\\\/sites\\\/5\\\/2021\\\/10\\\/local06102021-8.jpg\",\"articleSection\":[\"LOCAL\"],\"inLanguage\":\"es\"},{\"@type\":\"WebPage\",\"@id\":\"https:\\\/\\\/www.bbmnoticias.com\\\/labravaradiofm\\\/2021\\\/10\\\/06\\\/madre-que-lucha-contra-leucemia-de-su-hija-denuncia-campana-de-fondeo-en-oaxaca-que-nunca-llego\\\/\",\"url\":\"https:\\\/\\\/www.bbmnoticias.com\\\/labravaradiofm\\\/2021\\\/10\\\/06\\\/madre-que-lucha-contra-leucemia-de-su-hija-denuncia-campana-de-fondeo-en-oaxaca-que-nunca-llego\\\/\",\"name\":\"Madre que lucha contra leucemia de su hija denuncia campa\u00f1a de fondeo en Oaxaca que nunca lleg\u00f3 - LA BRAVA RADIO\",\"isPartOf\":{\"@id\":\"https:\\\/\\\/www.bbmnoticias.com\\\/labravaradiofm\\\/#website\"},\"primaryImageOfPage\":{\"@id\":\"https:\\\/\\\/www.bbmnoticias.com\\\/labravaradiofm\\\/2021\\\/10\\\/06\\\/madre-que-lucha-contra-leucemia-de-su-hija-denuncia-campana-de-fondeo-en-oaxaca-que-nunca-llego\\\/#primaryimage\"},\"image\":{\"@id\":\"https:\\\/\\\/www.bbmnoticias.com\\\/labravaradiofm\\\/2021\\\/10\\\/06\\\/madre-que-lucha-contra-leucemia-de-su-hija-denuncia-campana-de-fondeo-en-oaxaca-que-nunca-llego\\\/#primaryimage\"},\"thumbnailUrl\":\"https:\\\/\\\/www.bbmnoticias.com\\\/labravaradiofm\\\/wp-content\\\/uploads\\\/sites\\\/5\\\/2021\\\/10\\\/local06102021-8.jpg\",\"datePublished\":\"2021-10-06T17:13:20+00:00\",\"dateModified\":\"2021-10-06T17:41:52+00:00\",\"author\":{\"@id\":\"https:\\\/\\\/www.bbmnoticias.com\\\/labravaradiofm\\\/#\\\/schema\\\/person\\\/9d7a6a319e0df750bc43fc190d0b889b\"},\"description\":\"Ver\u00f3nica manifestaba tener fuertes dolores abdominales y malestares. Preocupada por su hija, Rosa la llev\u00f3 al Hospital Civil\",\"breadcrumb\":{\"@id\":\"https:\\\/\\\/www.bbmnoticias.com\\\/labravaradiofm\\\/2021\\\/10\\\/06\\\/madre-que-lucha-contra-leucemia-de-su-hija-denuncia-campana-de-fondeo-en-oaxaca-que-nunca-llego\\\/#breadcrumb\"},\"inLanguage\":\"es\",\"potentialAction\":[{\"@type\":\"ReadAction\",\"target\":[\"https:\\\/\\\/www.bbmnoticias.com\\\/labravaradiofm\\\/2021\\\/10\\\/06\\\/madre-que-lucha-contra-leucemia-de-su-hija-denuncia-campana-de-fondeo-en-oaxaca-que-nunca-llego\\\/\"]}]},{\"@type\":\"ImageObject\",\"inLanguage\":\"es\",\"@id\":\"https:\\\/\\\/www.bbmnoticias.com\\\/labravaradiofm\\\/2021\\\/10\\\/06\\\/madre-que-lucha-contra-leucemia-de-su-hija-denuncia-campana-de-fondeo-en-oaxaca-que-nunca-llego\\\/#primaryimage\",\"url\":\"https:\\\/\\\/www.bbmnoticias.com\\\/labravaradiofm\\\/wp-content\\\/uploads\\\/sites\\\/5\\\/2021\\\/10\\\/local06102021-8.jpg\",\"contentUrl\":\"https:\\\/\\\/www.bbmnoticias.com\\\/labravaradiofm\\\/wp-content\\\/uploads\\\/sites\\\/5\\\/2021\\\/10\\\/local06102021-8.jpg\",\"width\":630,\"height\":355},{\"@type\":\"BreadcrumbList\",\"@id\":\"https:\\\/\\\/www.bbmnoticias.com\\\/labravaradiofm\\\/2021\\\/10\\\/06\\\/madre-que-lucha-contra-leucemia-de-su-hija-denuncia-campana-de-fondeo-en-oaxaca-que-nunca-llego\\\/#breadcrumb\",\"itemListElement\":[{\"@type\":\"ListItem\",\"position\":1,\"name\":\"Inicio\",\"item\":\"https:\\\/\\\/www.bbmnoticias.com\\\/labravaradiofm\\\/\"},{\"@type\":\"ListItem\",\"position\":2,\"name\":\"Madre que lucha contra leucemia de su hija denuncia campa\u00f1a de fondeo en Oaxaca que nunca lleg\u00f3\"}]},{\"@type\":\"WebSite\",\"@id\":\"https:\\\/\\\/www.bbmnoticias.com\\\/labravaradiofm\\\/#website\",\"url\":\"https:\\\/\\\/www.bbmnoticias.com\\\/labravaradiofm\\\/\",\"name\":\"LA BRAVA RADIO\",\"description\":\"Empresa productora de medios, Radiodifusi\u00f3n, Noticias, tendencias y todo lo que necesitas saber de la pol\u00edtica mexicana e internacional; entretenimiento, espect\u00e1culos, salud y mucho m\u00e1s.\",\"potentialAction\":[{\"@type\":\"SearchAction\",\"target\":{\"@type\":\"EntryPoint\",\"urlTemplate\":\"https:\\\/\\\/www.bbmnoticias.com\\\/labravaradiofm\\\/?s={search_term_string}\"},\"query-input\":{\"@type\":\"PropertyValueSpecification\",\"valueRequired\":true,\"valueName\":\"search_term_string\"}}],\"inLanguage\":\"es\"},{\"@type\":\"Person\",\"@id\":\"https:\\\/\\\/www.bbmnoticias.com\\\/labravaradiofm\\\/#\\\/schema\\\/person\\\/9d7a6a319e0df750bc43fc190d0b889b\",\"name\":\"El Universal\",\"image\":{\"@type\":\"ImageObject\",\"inLanguage\":\"es\",\"@id\":\"https:\\\/\\\/secure.gravatar.com\\\/avatar\\\/71c770e6e00bd7cb8183e56d1c59f81601544fbe41d802d7c17d05c9e25f7d06?s=96&d=mm&r=g\",\"url\":\"https:\\\/\\\/secure.gravatar.com\\\/avatar\\\/71c770e6e00bd7cb8183e56d1c59f81601544fbe41d802d7c17d05c9e25f7d06?s=96&d=mm&r=g\",\"contentUrl\":\"https:\\\/\\\/secure.gravatar.com\\\/avatar\\\/71c770e6e00bd7cb8183e56d1c59f81601544fbe41d802d7c17d05c9e25f7d06?s=96&d=mm&r=g\",\"caption\":\"El Universal\"},\"url\":\"https:\\\/\\\/www.bbmnoticias.com\\\/labravaradiofm\\\/author\\\/eluniversal\\\/\"}]}<\/script>\n<!-- \/ Yoast SEO plugin. -->","yoast_head_json":{"title":"Madre que lucha contra leucemia de su hija denuncia campa\u00f1a de fondeo en Oaxaca que nunca lleg\u00f3 - LA BRAVA RADIO","description":"Ver\u00f3nica manifestaba tener fuertes dolores abdominales y malestares. Preocupada por su hija, Rosa la llev\u00f3 al Hospital Civil","robots":{"index":"index","follow":"follow","max-snippet":"max-snippet:-1","max-image-preview":"max-image-preview:large","max-video-preview":"max-video-preview:-1"},"canonical":"https:\/\/www.bbmnoticias.com\/labravaradiofm\/2021\/10\/06\/madre-que-lucha-contra-leucemia-de-su-hija-denuncia-campana-de-fondeo-en-oaxaca-que-nunca-llego\/","og_locale":"es_MX","og_type":"article","og_title":"Madre que lucha contra leucemia de su hija denuncia campa\u00f1a de fondeo en Oaxaca que nunca lleg\u00f3 - LA BRAVA RADIO","og_description":"Ver\u00f3nica manifestaba tener fuertes dolores abdominales y malestares. Preocupada por su hija, Rosa la llev\u00f3 al Hospital Civil","og_url":"https:\/\/www.bbmnoticias.com\/labravaradiofm\/2021\/10\/06\/madre-que-lucha-contra-leucemia-de-su-hija-denuncia-campana-de-fondeo-en-oaxaca-que-nunca-llego\/","og_site_name":"LA BRAVA RADIO","article_published_time":"2021-10-06T17:13:20+00:00","article_modified_time":"2021-10-06T17:41:52+00:00","og_image":[{"width":630,"height":355,"url":"https:\/\/www.bbmnoticias.com\/labravaradiofm\/wp-content\/uploads\/sites\/5\/2021\/10\/local06102021-8.jpg","type":"image\/jpeg"}],"author":"El Universal","twitter_card":"summary_large_image","twitter_misc":{"Escrito por":"El Universal","Tiempo de lectura":"5 minutos"},"schema":{"@context":"https:\/\/schema.org","@graph":[{"@type":"Article","@id":"https:\/\/www.bbmnoticias.com\/labravaradiofm\/2021\/10\/06\/madre-que-lucha-contra-leucemia-de-su-hija-denuncia-campana-de-fondeo-en-oaxaca-que-nunca-llego\/#article","isPartOf":{"@id":"https:\/\/www.bbmnoticias.com\/labravaradiofm\/2021\/10\/06\/madre-que-lucha-contra-leucemia-de-su-hija-denuncia-campana-de-fondeo-en-oaxaca-que-nunca-llego\/"},"author":{"name":"El Universal","@id":"https:\/\/www.bbmnoticias.com\/labravaradiofm\/#\/schema\/person\/9d7a6a319e0df750bc43fc190d0b889b"},"headline":"Madre que lucha contra leucemia de su hija denuncia campa\u00f1a de fondeo en Oaxaca que nunca lleg\u00f3","datePublished":"2021-10-06T17:13:20+00:00","dateModified":"2021-10-06T17:41:52+00:00","mainEntityOfPage":{"@id":"https:\/\/www.bbmnoticias.com\/labravaradiofm\/2021\/10\/06\/madre-que-lucha-contra-leucemia-de-su-hija-denuncia-campana-de-fondeo-en-oaxaca-que-nunca-llego\/"},"wordCount":1064,"image":{"@id":"https:\/\/www.bbmnoticias.com\/labravaradiofm\/2021\/10\/06\/madre-que-lucha-contra-leucemia-de-su-hija-denuncia-campana-de-fondeo-en-oaxaca-que-nunca-llego\/#primaryimage"},"thumbnailUrl":"https:\/\/www.bbmnoticias.com\/labravaradiofm\/wp-content\/uploads\/sites\/5\/2021\/10\/local06102021-8.jpg","articleSection":["LOCAL"],"inLanguage":"es"},{"@type":"WebPage","@id":"https:\/\/www.bbmnoticias.com\/labravaradiofm\/2021\/10\/06\/madre-que-lucha-contra-leucemia-de-su-hija-denuncia-campana-de-fondeo-en-oaxaca-que-nunca-llego\/","url":"https:\/\/www.bbmnoticias.com\/labravaradiofm\/2021\/10\/06\/madre-que-lucha-contra-leucemia-de-su-hija-denuncia-campana-de-fondeo-en-oaxaca-que-nunca-llego\/","name":"Madre que lucha contra leucemia de su hija denuncia campa\u00f1a de fondeo en Oaxaca que nunca lleg\u00f3 - LA BRAVA RADIO","isPartOf":{"@id":"https:\/\/www.bbmnoticias.com\/labravaradiofm\/#website"},"primaryImageOfPage":{"@id":"https:\/\/www.bbmnoticias.com\/labravaradiofm\/2021\/10\/06\/madre-que-lucha-contra-leucemia-de-su-hija-denuncia-campana-de-fondeo-en-oaxaca-que-nunca-llego\/#primaryimage"},"image":{"@id":"https:\/\/www.bbmnoticias.com\/labravaradiofm\/2021\/10\/06\/madre-que-lucha-contra-leucemia-de-su-hija-denuncia-campana-de-fondeo-en-oaxaca-que-nunca-llego\/#primaryimage"},"thumbnailUrl":"https:\/\/www.bbmnoticias.com\/labravaradiofm\/wp-content\/uploads\/sites\/5\/2021\/10\/local06102021-8.jpg","datePublished":"2021-10-06T17:13:20+00:00","dateModified":"2021-10-06T17:41:52+00:00","author":{"@id":"https:\/\/www.bbmnoticias.com\/labravaradiofm\/#\/schema\/person\/9d7a6a319e0df750bc43fc190d0b889b"},"description":"Ver\u00f3nica manifestaba tener fuertes dolores abdominales y malestares. Preocupada por su hija, Rosa la llev\u00f3 al Hospital Civil","breadcrumb":{"@id":"https:\/\/www.bbmnoticias.com\/labravaradiofm\/2021\/10\/06\/madre-que-lucha-contra-leucemia-de-su-hija-denuncia-campana-de-fondeo-en-oaxaca-que-nunca-llego\/#breadcrumb"},"inLanguage":"es","potentialAction":[{"@type":"ReadAction","target":["https:\/\/www.bbmnoticias.com\/labravaradiofm\/2021\/10\/06\/madre-que-lucha-contra-leucemia-de-su-hija-denuncia-campana-de-fondeo-en-oaxaca-que-nunca-llego\/"]}]},{"@type":"ImageObject","inLanguage":"es","@id":"https:\/\/www.bbmnoticias.com\/labravaradiofm\/2021\/10\/06\/madre-que-lucha-contra-leucemia-de-su-hija-denuncia-campana-de-fondeo-en-oaxaca-que-nunca-llego\/#primaryimage","url":"https:\/\/www.bbmnoticias.com\/labravaradiofm\/wp-content\/uploads\/sites\/5\/2021\/10\/local06102021-8.jpg","contentUrl":"https:\/\/www.bbmnoticias.com\/labravaradiofm\/wp-content\/uploads\/sites\/5\/2021\/10\/local06102021-8.jpg","width":630,"height":355},{"@type":"BreadcrumbList","@id":"https:\/\/www.bbmnoticias.com\/labravaradiofm\/2021\/10\/06\/madre-que-lucha-contra-leucemia-de-su-hija-denuncia-campana-de-fondeo-en-oaxaca-que-nunca-llego\/#breadcrumb","itemListElement":[{"@type":"ListItem","position":1,"name":"Inicio","item":"https:\/\/www.bbmnoticias.com\/labravaradiofm\/"},{"@type":"ListItem","position":2,"name":"Madre que lucha contra leucemia de su hija denuncia campa\u00f1a de fondeo en Oaxaca que nunca lleg\u00f3"}]},{"@type":"WebSite","@id":"https:\/\/www.bbmnoticias.com\/labravaradiofm\/#website","url":"https:\/\/www.bbmnoticias.com\/labravaradiofm\/","name":"LA BRAVA RADIO","description":"Empresa productora de medios, Radiodifusi\u00f3n, Noticias, tendencias y todo lo que necesitas saber de la pol\u00edtica mexicana e internacional; entretenimiento, espect\u00e1culos, salud y mucho m\u00e1s.","potentialAction":[{"@type":"SearchAction","target":{"@type":"EntryPoint","urlTemplate":"https:\/\/www.bbmnoticias.com\/labravaradiofm\/?s={search_term_string}"},"query-input":{"@type":"PropertyValueSpecification","valueRequired":true,"valueName":"search_term_string"}}],"inLanguage":"es"},{"@type":"Person","@id":"https:\/\/www.bbmnoticias.com\/labravaradiofm\/#\/schema\/person\/9d7a6a319e0df750bc43fc190d0b889b","name":"El Universal","image":{"@type":"ImageObject","inLanguage":"es","@id":"https:\/\/secure.gravatar.com\/avatar\/71c770e6e00bd7cb8183e56d1c59f81601544fbe41d802d7c17d05c9e25f7d06?s=96&d=mm&r=g","url":"https:\/\/secure.gravatar.com\/avatar\/71c770e6e00bd7cb8183e56d1c59f81601544fbe41d802d7c17d05c9e25f7d06?s=96&d=mm&r=g","contentUrl":"https:\/\/secure.gravatar.com\/avatar\/71c770e6e00bd7cb8183e56d1c59f81601544fbe41d802d7c17d05c9e25f7d06?s=96&d=mm&r=g","caption":"El Universal"},"url":"https:\/\/www.bbmnoticias.com\/labravaradiofm\/author\/eluniversal\/"}]}},"_links":{"self":[{"href":"https:\/\/www.bbmnoticias.com\/labravaradiofm\/wp-json\/wp\/v2\/posts\/3206","targetHints":{"allow":["GET"]}}],"collection":[{"href":"https:\/\/www.bbmnoticias.com\/labravaradiofm\/wp-json\/wp\/v2\/posts"}],"about":[{"href":"https:\/\/www.bbmnoticias.com\/labravaradiofm\/wp-json\/wp\/v2\/types\/post"}],"author":[{"embeddable":true,"href":"https:\/\/www.bbmnoticias.com\/labravaradiofm\/wp-json\/wp\/v2\/users\/10"}],"replies":[{"embeddable":true,"href":"https:\/\/www.bbmnoticias.com\/labravaradiofm\/wp-json\/wp\/v2\/comments?post=3206"}],"version-history":[{"count":0,"href":"https:\/\/www.bbmnoticias.com\/labravaradiofm\/wp-json\/wp\/v2\/posts\/3206\/revisions"}],"wp:featuredmedia":[{"embeddable":true,"href":"https:\/\/www.bbmnoticias.com\/labravaradiofm\/wp-json\/wp\/v2\/media\/3207"}],"wp:attachment":[{"href":"https:\/\/www.bbmnoticias.com\/labravaradiofm\/wp-json\/wp\/v2\/media?parent=3206"}],"wp:term":[{"taxonomy":"category","embeddable":true,"href":"https:\/\/www.bbmnoticias.com\/labravaradiofm\/wp-json\/wp\/v2\/categories?post=3206"},{"taxonomy":"post_tag","embeddable":true,"href":"https:\/\/www.bbmnoticias.com\/labravaradiofm\/wp-json\/wp\/v2\/tags?post=3206"}],"curies":[{"name":"wp","href":"https:\/\/api.w.org\/{rel}","templated":true}]}}