{"id":3200,"date":"2021-10-06T10:39:55","date_gmt":"2021-10-06T15:39:55","guid":{"rendered":"https:\/\/www.bbmnoticias.com\/labravaradiofm\/?p=3200"},"modified":"2021-10-06T10:39:56","modified_gmt":"2021-10-06T15:39:56","slug":"impulsa-gobierno-del-estado-la-capacitacion-del-personal-de-la-sspo-en-materia-de-genero","status":"publish","type":"post","link":"https:\/\/www.bbmnoticias.com\/labravaradiofm\/2021\/10\/06\/impulsa-gobierno-del-estado-la-capacitacion-del-personal-de-la-sspo-en-materia-de-genero\/","title":{"rendered":"Impulsa Gobierno del Estado la capacitaci\u00f3n del personal de la SSPO en materia de g\u00e9nero"},"content":{"rendered":"<div style=\"margin-top: 0px; margin-bottom: 0px;\" class=\"sharethis-inline-share-buttons\" ><\/div>\n<p><strong>Oaxaca de Ju\u00e1rez, Oax.-<\/strong>El Gobierno del Estado que encabeza Alejandro Murat Hinojosa, fortalece e impulsa la capacitaci\u00f3n de las y los integrantes de la Secretar\u00eda de Seguridad P\u00fablica (SSPO), con el objetivo de sensibilizar al personal e identificar las condiciones y contextos particulares, a fin de no contribuir en generar y\/o legitimar cualquier tipo de violencia en la entidad.<\/p>\n\n\n\n<p>A trav\u00e9s de un ciclo de conferencias, el Centro de Reeducaci\u00f3n para hombres que ejercen violencia contra las mujeres (Crehvm), as\u00ed como un grupo de profesionistas en la materia, compartir\u00e1n y brindar\u00e1n las herramientas necesarias a las y los participantes, contribuyendo en su quehacer por la seguridad de las ni\u00f1as, adolescentes y mujeres de Oaxaca.<\/p>\n\n\n\n<p>En la inauguraci\u00f3n virtual de dichas jornadas de capacitaci\u00f3n, que tendr\u00e1n una duraci\u00f3n de m\u00e1s de 60 d\u00edas y se pretenden culminar el d\u00eda 14 de diciembre del presente, el titular de la SSPO, Heliodoro D\u00edaz Esc\u00e1rraga mencion\u00f3 que el deber de esta dependencia de seguridad, no solo es atender de manera integral dicha problem\u00e1tica o brindar el acompa\u00f1amiento y seguimiento a las mujeres en situaciones de violencia sino tambi\u00e9n, en establecer programas especializados de reeducaci\u00f3n a hombres que ejercen este tipo de violencias.&nbsp;&nbsp;<\/p>\n\n\n\n<p>Asimismo, durante el evento recalc\u00f3 que desde la SSPO, se suman los esfuerzos necesarios para fortalecer la participaci\u00f3n y la vinculaci\u00f3n de la ciudadan\u00eda, as\u00ed como con organizaciones de la sociedad civil y acad\u00e9micas; refrendando su compromiso para trabajar conjuntamente en la atenci\u00f3n, prevenci\u00f3n y erradicaci\u00f3n de violencia de g\u00e9nero.<\/p>\n\n\n\n<p>Es importante mencionar que Oaxaca es uno de los estados pioneros en institucionalizar la reeducaci\u00f3n, estableciendo un programa \u00fanico a nivel nacional con enfoque de g\u00e9nero, derechos humanos y seguridad, modelo que se sigue replicando en otros estados del pa\u00eds.<\/p>\n","protected":false},"excerpt":{"rendered":"<p>Oaxaca de Ju\u00e1rez, Oax.-El Gobierno del Estado que encabeza Alejandro Murat Hinojosa, fortalece e impulsa la capacitaci\u00f3n de las y los integrantes de la Secretar\u00eda de Seguridad P\u00fablica (SSPO), con el objetivo de sensibilizar al personal e identificar las condiciones y contextos particulares, a fin de no contribuir en generar y\/o legitimar cualquier tipo de [&hellip;]<\/p>\n","protected":false},"author":2,"featured_media":3201,"comment_status":"closed","ping_status":"closed","sticky":false,"template":"","format":"standard","meta":{"footnotes":""},"categories":[2],"tags":[],"class_list":{"0":"post-3200","1":"post","2":"type-post","3":"status-publish","4":"format-standard","5":"has-post-thumbnail","7":"category-oaxaca"},"yoast_head":"<!-- This site is optimized with the Yoast SEO plugin v27.4 - https:\/\/yoast.com\/product\/yoast-seo-wordpress\/ -->\n<title>Impulsa Gobierno del Estado la capacitaci\u00f3n del personal de la SSPO en materia de g\u00e9nero - LA BRAVA RADIO<\/title>\n<meta name=\"description\" content=\"Oaxaca es uno de los estados pioneros en institucionalizar la reeducaci\u00f3n, estableciendo un programa \u00fanico a nivel nacional\" \/>\n<meta name=\"robots\" content=\"index, follow, max-snippet:-1, max-image-preview:large, max-video-preview:-1\" \/>\n<link rel=\"canonical\" href=\"https:\/\/www.bbmnoticias.com\/labravaradiofm\/2021\/10\/06\/impulsa-gobierno-del-estado-la-capacitacion-del-personal-de-la-sspo-en-materia-de-genero\/\" \/>\n<meta property=\"og:locale\" content=\"es_MX\" \/>\n<meta property=\"og:type\" content=\"article\" \/>\n<meta property=\"og:title\" content=\"Impulsa Gobierno del Estado la capacitaci\u00f3n del personal de la SSPO en materia de g\u00e9nero - LA BRAVA RADIO\" \/>\n<meta property=\"og:description\" content=\"Oaxaca es uno de los estados pioneros en institucionalizar la reeducaci\u00f3n, estableciendo un programa \u00fanico a nivel nacional\" \/>\n<meta property=\"og:url\" content=\"https:\/\/www.bbmnoticias.com\/labravaradiofm\/2021\/10\/06\/impulsa-gobierno-del-estado-la-capacitacion-del-personal-de-la-sspo-en-materia-de-genero\/\" \/>\n<meta property=\"og:site_name\" content=\"LA BRAVA RADIO\" \/>\n<meta property=\"article:published_time\" content=\"2021-10-06T15:39:55+00:00\" \/>\n<meta property=\"article:modified_time\" content=\"2021-10-06T15:39:56+00:00\" \/>\n<meta property=\"og:image\" content=\"https:\/\/www.bbmnoticias.com\/labravaradiofm\/wp-content\/uploads\/sites\/5\/2021\/10\/local06102021-6.jpg\" \/>\n\t<meta property=\"og:image:width\" content=\"1024\" \/>\n\t<meta property=\"og:image:height\" content=\"683\" \/>\n\t<meta property=\"og:image:type\" content=\"image\/jpeg\" \/>\n<meta name=\"author\" content=\"Staff\" \/>\n<meta name=\"twitter:card\" content=\"summary_large_image\" \/>\n<meta name=\"twitter:label1\" content=\"Escrito por\" \/>\n\t<meta name=\"twitter:data1\" content=\"Staff\" \/>\n\t<meta name=\"twitter:label2\" content=\"Tiempo de lectura\" \/>\n\t<meta name=\"twitter:data2\" content=\"2 minutos\" \/>\n<script type=\"application\/ld+json\" class=\"yoast-schema-graph\">{\"@context\":\"https:\\\/\\\/schema.org\",\"@graph\":[{\"@type\":\"Article\",\"@id\":\"https:\\\/\\\/www.bbmnoticias.com\\\/labravaradiofm\\\/2021\\\/10\\\/06\\\/impulsa-gobierno-del-estado-la-capacitacion-del-personal-de-la-sspo-en-materia-de-genero\\\/#article\",\"isPartOf\":{\"@id\":\"https:\\\/\\\/www.bbmnoticias.com\\\/labravaradiofm\\\/2021\\\/10\\\/06\\\/impulsa-gobierno-del-estado-la-capacitacion-del-personal-de-la-sspo-en-materia-de-genero\\\/\"},\"author\":{\"name\":\"Staff\",\"@id\":\"https:\\\/\\\/www.bbmnoticias.com\\\/labravaradiofm\\\/#\\\/schema\\\/person\\\/34b139c617a70ea5bef5678bffe4dd7b\"},\"headline\":\"Impulsa Gobierno del Estado la capacitaci\u00f3n del personal de la SSPO en materia de g\u00e9nero\",\"datePublished\":\"2021-10-06T15:39:55+00:00\",\"dateModified\":\"2021-10-06T15:39:56+00:00\",\"mainEntityOfPage\":{\"@id\":\"https:\\\/\\\/www.bbmnoticias.com\\\/labravaradiofm\\\/2021\\\/10\\\/06\\\/impulsa-gobierno-del-estado-la-capacitacion-del-personal-de-la-sspo-en-materia-de-genero\\\/\"},\"wordCount\":340,\"image\":{\"@id\":\"https:\\\/\\\/www.bbmnoticias.com\\\/labravaradiofm\\\/2021\\\/10\\\/06\\\/impulsa-gobierno-del-estado-la-capacitacion-del-personal-de-la-sspo-en-materia-de-genero\\\/#primaryimage\"},\"thumbnailUrl\":\"https:\\\/\\\/www.bbmnoticias.com\\\/labravaradiofm\\\/wp-content\\\/uploads\\\/sites\\\/5\\\/2021\\\/10\\\/local06102021-6.jpg\",\"articleSection\":[\"LOCAL\"],\"inLanguage\":\"es\"},{\"@type\":\"WebPage\",\"@id\":\"https:\\\/\\\/www.bbmnoticias.com\\\/labravaradiofm\\\/2021\\\/10\\\/06\\\/impulsa-gobierno-del-estado-la-capacitacion-del-personal-de-la-sspo-en-materia-de-genero\\\/\",\"url\":\"https:\\\/\\\/www.bbmnoticias.com\\\/labravaradiofm\\\/2021\\\/10\\\/06\\\/impulsa-gobierno-del-estado-la-capacitacion-del-personal-de-la-sspo-en-materia-de-genero\\\/\",\"name\":\"Impulsa Gobierno del Estado la capacitaci\u00f3n del personal de la SSPO en materia de g\u00e9nero - LA BRAVA RADIO\",\"isPartOf\":{\"@id\":\"https:\\\/\\\/www.bbmnoticias.com\\\/labravaradiofm\\\/#website\"},\"primaryImageOfPage\":{\"@id\":\"https:\\\/\\\/www.bbmnoticias.com\\\/labravaradiofm\\\/2021\\\/10\\\/06\\\/impulsa-gobierno-del-estado-la-capacitacion-del-personal-de-la-sspo-en-materia-de-genero\\\/#primaryimage\"},\"image\":{\"@id\":\"https:\\\/\\\/www.bbmnoticias.com\\\/labravaradiofm\\\/2021\\\/10\\\/06\\\/impulsa-gobierno-del-estado-la-capacitacion-del-personal-de-la-sspo-en-materia-de-genero\\\/#primaryimage\"},\"thumbnailUrl\":\"https:\\\/\\\/www.bbmnoticias.com\\\/labravaradiofm\\\/wp-content\\\/uploads\\\/sites\\\/5\\\/2021\\\/10\\\/local06102021-6.jpg\",\"datePublished\":\"2021-10-06T15:39:55+00:00\",\"dateModified\":\"2021-10-06T15:39:56+00:00\",\"author\":{\"@id\":\"https:\\\/\\\/www.bbmnoticias.com\\\/labravaradiofm\\\/#\\\/schema\\\/person\\\/34b139c617a70ea5bef5678bffe4dd7b\"},\"description\":\"Oaxaca es uno de los estados pioneros en institucionalizar la reeducaci\u00f3n, estableciendo un programa \u00fanico a nivel nacional\",\"breadcrumb\":{\"@id\":\"https:\\\/\\\/www.bbmnoticias.com\\\/labravaradiofm\\\/2021\\\/10\\\/06\\\/impulsa-gobierno-del-estado-la-capacitacion-del-personal-de-la-sspo-en-materia-de-genero\\\/#breadcrumb\"},\"inLanguage\":\"es\",\"potentialAction\":[{\"@type\":\"ReadAction\",\"target\":[\"https:\\\/\\\/www.bbmnoticias.com\\\/labravaradiofm\\\/2021\\\/10\\\/06\\\/impulsa-gobierno-del-estado-la-capacitacion-del-personal-de-la-sspo-en-materia-de-genero\\\/\"]}]},{\"@type\":\"ImageObject\",\"inLanguage\":\"es\",\"@id\":\"https:\\\/\\\/www.bbmnoticias.com\\\/labravaradiofm\\\/2021\\\/10\\\/06\\\/impulsa-gobierno-del-estado-la-capacitacion-del-personal-de-la-sspo-en-materia-de-genero\\\/#primaryimage\",\"url\":\"https:\\\/\\\/www.bbmnoticias.com\\\/labravaradiofm\\\/wp-content\\\/uploads\\\/sites\\\/5\\\/2021\\\/10\\\/local06102021-6.jpg\",\"contentUrl\":\"https:\\\/\\\/www.bbmnoticias.com\\\/labravaradiofm\\\/wp-content\\\/uploads\\\/sites\\\/5\\\/2021\\\/10\\\/local06102021-6.jpg\",\"width\":1024,\"height\":683},{\"@type\":\"BreadcrumbList\",\"@id\":\"https:\\\/\\\/www.bbmnoticias.com\\\/labravaradiofm\\\/2021\\\/10\\\/06\\\/impulsa-gobierno-del-estado-la-capacitacion-del-personal-de-la-sspo-en-materia-de-genero\\\/#breadcrumb\",\"itemListElement\":[{\"@type\":\"ListItem\",\"position\":1,\"name\":\"Inicio\",\"item\":\"https:\\\/\\\/www.bbmnoticias.com\\\/labravaradiofm\\\/\"},{\"@type\":\"ListItem\",\"position\":2,\"name\":\"Impulsa Gobierno del Estado la capacitaci\u00f3n del personal de la SSPO en materia de g\u00e9nero\"}]},{\"@type\":\"WebSite\",\"@id\":\"https:\\\/\\\/www.bbmnoticias.com\\\/labravaradiofm\\\/#website\",\"url\":\"https:\\\/\\\/www.bbmnoticias.com\\\/labravaradiofm\\\/\",\"name\":\"LA BRAVA RADIO\",\"description\":\"Empresa productora de medios, Radiodifusi\u00f3n, Noticias, tendencias y todo lo que necesitas saber de la pol\u00edtica mexicana e internacional; entretenimiento, espect\u00e1culos, salud y mucho m\u00e1s.\",\"potentialAction\":[{\"@type\":\"SearchAction\",\"target\":{\"@type\":\"EntryPoint\",\"urlTemplate\":\"https:\\\/\\\/www.bbmnoticias.com\\\/labravaradiofm\\\/?s={search_term_string}\"},\"query-input\":{\"@type\":\"PropertyValueSpecification\",\"valueRequired\":true,\"valueName\":\"search_term_string\"}}],\"inLanguage\":\"es\"},{\"@type\":\"Person\",\"@id\":\"https:\\\/\\\/www.bbmnoticias.com\\\/labravaradiofm\\\/#\\\/schema\\\/person\\\/34b139c617a70ea5bef5678bffe4dd7b\",\"name\":\"Staff\",\"image\":{\"@type\":\"ImageObject\",\"inLanguage\":\"es\",\"@id\":\"https:\\\/\\\/secure.gravatar.com\\\/avatar\\\/fdd21ad66fd8b98c407f9dee5b5e588cfe7f0d8579ec20fa6527cd59bab7f0f0?s=96&d=mm&r=g\",\"url\":\"https:\\\/\\\/secure.gravatar.com\\\/avatar\\\/fdd21ad66fd8b98c407f9dee5b5e588cfe7f0d8579ec20fa6527cd59bab7f0f0?s=96&d=mm&r=g\",\"contentUrl\":\"https:\\\/\\\/secure.gravatar.com\\\/avatar\\\/fdd21ad66fd8b98c407f9dee5b5e588cfe7f0d8579ec20fa6527cd59bab7f0f0?s=96&d=mm&r=g\",\"caption\":\"Staff\"},\"url\":\"https:\\\/\\\/www.bbmnoticias.com\\\/labravaradiofm\\\/author\\\/redaccion\\\/\"}]}<\/script>\n<!-- \/ Yoast SEO plugin. -->","yoast_head_json":{"title":"Impulsa Gobierno del Estado la capacitaci\u00f3n del personal de la SSPO en materia de g\u00e9nero - LA BRAVA RADIO","description":"Oaxaca es uno de los estados pioneros en institucionalizar la reeducaci\u00f3n, estableciendo un programa \u00fanico a nivel nacional","robots":{"index":"index","follow":"follow","max-snippet":"max-snippet:-1","max-image-preview":"max-image-preview:large","max-video-preview":"max-video-preview:-1"},"canonical":"https:\/\/www.bbmnoticias.com\/labravaradiofm\/2021\/10\/06\/impulsa-gobierno-del-estado-la-capacitacion-del-personal-de-la-sspo-en-materia-de-genero\/","og_locale":"es_MX","og_type":"article","og_title":"Impulsa Gobierno del Estado la capacitaci\u00f3n del personal de la SSPO en materia de g\u00e9nero - LA BRAVA RADIO","og_description":"Oaxaca es uno de los estados pioneros en institucionalizar la reeducaci\u00f3n, estableciendo un programa \u00fanico a nivel nacional","og_url":"https:\/\/www.bbmnoticias.com\/labravaradiofm\/2021\/10\/06\/impulsa-gobierno-del-estado-la-capacitacion-del-personal-de-la-sspo-en-materia-de-genero\/","og_site_name":"LA BRAVA RADIO","article_published_time":"2021-10-06T15:39:55+00:00","article_modified_time":"2021-10-06T15:39:56+00:00","og_image":[{"width":1024,"height":683,"url":"https:\/\/www.bbmnoticias.com\/labravaradiofm\/wp-content\/uploads\/sites\/5\/2021\/10\/local06102021-6.jpg","type":"image\/jpeg"}],"author":"Staff","twitter_card":"summary_large_image","twitter_misc":{"Escrito por":"Staff","Tiempo de lectura":"2 minutos"},"schema":{"@context":"https:\/\/schema.org","@graph":[{"@type":"Article","@id":"https:\/\/www.bbmnoticias.com\/labravaradiofm\/2021\/10\/06\/impulsa-gobierno-del-estado-la-capacitacion-del-personal-de-la-sspo-en-materia-de-genero\/#article","isPartOf":{"@id":"https:\/\/www.bbmnoticias.com\/labravaradiofm\/2021\/10\/06\/impulsa-gobierno-del-estado-la-capacitacion-del-personal-de-la-sspo-en-materia-de-genero\/"},"author":{"name":"Staff","@id":"https:\/\/www.bbmnoticias.com\/labravaradiofm\/#\/schema\/person\/34b139c617a70ea5bef5678bffe4dd7b"},"headline":"Impulsa Gobierno del Estado la capacitaci\u00f3n del personal de la SSPO en materia de g\u00e9nero","datePublished":"2021-10-06T15:39:55+00:00","dateModified":"2021-10-06T15:39:56+00:00","mainEntityOfPage":{"@id":"https:\/\/www.bbmnoticias.com\/labravaradiofm\/2021\/10\/06\/impulsa-gobierno-del-estado-la-capacitacion-del-personal-de-la-sspo-en-materia-de-genero\/"},"wordCount":340,"image":{"@id":"https:\/\/www.bbmnoticias.com\/labravaradiofm\/2021\/10\/06\/impulsa-gobierno-del-estado-la-capacitacion-del-personal-de-la-sspo-en-materia-de-genero\/#primaryimage"},"thumbnailUrl":"https:\/\/www.bbmnoticias.com\/labravaradiofm\/wp-content\/uploads\/sites\/5\/2021\/10\/local06102021-6.jpg","articleSection":["LOCAL"],"inLanguage":"es"},{"@type":"WebPage","@id":"https:\/\/www.bbmnoticias.com\/labravaradiofm\/2021\/10\/06\/impulsa-gobierno-del-estado-la-capacitacion-del-personal-de-la-sspo-en-materia-de-genero\/","url":"https:\/\/www.bbmnoticias.com\/labravaradiofm\/2021\/10\/06\/impulsa-gobierno-del-estado-la-capacitacion-del-personal-de-la-sspo-en-materia-de-genero\/","name":"Impulsa Gobierno del Estado la capacitaci\u00f3n del personal de la SSPO en materia de g\u00e9nero - LA BRAVA RADIO","isPartOf":{"@id":"https:\/\/www.bbmnoticias.com\/labravaradiofm\/#website"},"primaryImageOfPage":{"@id":"https:\/\/www.bbmnoticias.com\/labravaradiofm\/2021\/10\/06\/impulsa-gobierno-del-estado-la-capacitacion-del-personal-de-la-sspo-en-materia-de-genero\/#primaryimage"},"image":{"@id":"https:\/\/www.bbmnoticias.com\/labravaradiofm\/2021\/10\/06\/impulsa-gobierno-del-estado-la-capacitacion-del-personal-de-la-sspo-en-materia-de-genero\/#primaryimage"},"thumbnailUrl":"https:\/\/www.bbmnoticias.com\/labravaradiofm\/wp-content\/uploads\/sites\/5\/2021\/10\/local06102021-6.jpg","datePublished":"2021-10-06T15:39:55+00:00","dateModified":"2021-10-06T15:39:56+00:00","author":{"@id":"https:\/\/www.bbmnoticias.com\/labravaradiofm\/#\/schema\/person\/34b139c617a70ea5bef5678bffe4dd7b"},"description":"Oaxaca es uno de los estados pioneros en institucionalizar la reeducaci\u00f3n, estableciendo un programa \u00fanico a nivel nacional","breadcrumb":{"@id":"https:\/\/www.bbmnoticias.com\/labravaradiofm\/2021\/10\/06\/impulsa-gobierno-del-estado-la-capacitacion-del-personal-de-la-sspo-en-materia-de-genero\/#breadcrumb"},"inLanguage":"es","potentialAction":[{"@type":"ReadAction","target":["https:\/\/www.bbmnoticias.com\/labravaradiofm\/2021\/10\/06\/impulsa-gobierno-del-estado-la-capacitacion-del-personal-de-la-sspo-en-materia-de-genero\/"]}]},{"@type":"ImageObject","inLanguage":"es","@id":"https:\/\/www.bbmnoticias.com\/labravaradiofm\/2021\/10\/06\/impulsa-gobierno-del-estado-la-capacitacion-del-personal-de-la-sspo-en-materia-de-genero\/#primaryimage","url":"https:\/\/www.bbmnoticias.com\/labravaradiofm\/wp-content\/uploads\/sites\/5\/2021\/10\/local06102021-6.jpg","contentUrl":"https:\/\/www.bbmnoticias.com\/labravaradiofm\/wp-content\/uploads\/sites\/5\/2021\/10\/local06102021-6.jpg","width":1024,"height":683},{"@type":"BreadcrumbList","@id":"https:\/\/www.bbmnoticias.com\/labravaradiofm\/2021\/10\/06\/impulsa-gobierno-del-estado-la-capacitacion-del-personal-de-la-sspo-en-materia-de-genero\/#breadcrumb","itemListElement":[{"@type":"ListItem","position":1,"name":"Inicio","item":"https:\/\/www.bbmnoticias.com\/labravaradiofm\/"},{"@type":"ListItem","position":2,"name":"Impulsa Gobierno del Estado la capacitaci\u00f3n del personal de la SSPO en materia de g\u00e9nero"}]},{"@type":"WebSite","@id":"https:\/\/www.bbmnoticias.com\/labravaradiofm\/#website","url":"https:\/\/www.bbmnoticias.com\/labravaradiofm\/","name":"LA BRAVA RADIO","description":"Empresa productora de medios, Radiodifusi\u00f3n, Noticias, tendencias y todo lo que necesitas saber de la pol\u00edtica mexicana e internacional; entretenimiento, espect\u00e1culos, salud y mucho m\u00e1s.","potentialAction":[{"@type":"SearchAction","target":{"@type":"EntryPoint","urlTemplate":"https:\/\/www.bbmnoticias.com\/labravaradiofm\/?s={search_term_string}"},"query-input":{"@type":"PropertyValueSpecification","valueRequired":true,"valueName":"search_term_string"}}],"inLanguage":"es"},{"@type":"Person","@id":"https:\/\/www.bbmnoticias.com\/labravaradiofm\/#\/schema\/person\/34b139c617a70ea5bef5678bffe4dd7b","name":"Staff","image":{"@type":"ImageObject","inLanguage":"es","@id":"https:\/\/secure.gravatar.com\/avatar\/fdd21ad66fd8b98c407f9dee5b5e588cfe7f0d8579ec20fa6527cd59bab7f0f0?s=96&d=mm&r=g","url":"https:\/\/secure.gravatar.com\/avatar\/fdd21ad66fd8b98c407f9dee5b5e588cfe7f0d8579ec20fa6527cd59bab7f0f0?s=96&d=mm&r=g","contentUrl":"https:\/\/secure.gravatar.com\/avatar\/fdd21ad66fd8b98c407f9dee5b5e588cfe7f0d8579ec20fa6527cd59bab7f0f0?s=96&d=mm&r=g","caption":"Staff"},"url":"https:\/\/www.bbmnoticias.com\/labravaradiofm\/author\/redaccion\/"}]}},"_links":{"self":[{"href":"https:\/\/www.bbmnoticias.com\/labravaradiofm\/wp-json\/wp\/v2\/posts\/3200","targetHints":{"allow":["GET"]}}],"collection":[{"href":"https:\/\/www.bbmnoticias.com\/labravaradiofm\/wp-json\/wp\/v2\/posts"}],"about":[{"href":"https:\/\/www.bbmnoticias.com\/labravaradiofm\/wp-json\/wp\/v2\/types\/post"}],"author":[{"embeddable":true,"href":"https:\/\/www.bbmnoticias.com\/labravaradiofm\/wp-json\/wp\/v2\/users\/2"}],"replies":[{"embeddable":true,"href":"https:\/\/www.bbmnoticias.com\/labravaradiofm\/wp-json\/wp\/v2\/comments?post=3200"}],"version-history":[{"count":0,"href":"https:\/\/www.bbmnoticias.com\/labravaradiofm\/wp-json\/wp\/v2\/posts\/3200\/revisions"}],"wp:featuredmedia":[{"embeddable":true,"href":"https:\/\/www.bbmnoticias.com\/labravaradiofm\/wp-json\/wp\/v2\/media\/3201"}],"wp:attachment":[{"href":"https:\/\/www.bbmnoticias.com\/labravaradiofm\/wp-json\/wp\/v2\/media?parent=3200"}],"wp:term":[{"taxonomy":"category","embeddable":true,"href":"https:\/\/www.bbmnoticias.com\/labravaradiofm\/wp-json\/wp\/v2\/categories?post=3200"},{"taxonomy":"post_tag","embeddable":true,"href":"https:\/\/www.bbmnoticias.com\/labravaradiofm\/wp-json\/wp\/v2\/tags?post=3200"}],"curies":[{"name":"wp","href":"https:\/\/api.w.org\/{rel}","templated":true}]}}