{"id":3197,"date":"2021-10-06T10:22:55","date_gmt":"2021-10-06T15:22:55","guid":{"rendered":"https:\/\/www.bbmnoticias.com\/labravaradiofm\/?p=3197"},"modified":"2021-10-06T10:22:57","modified_gmt":"2021-10-06T15:22:57","slug":"con-reforma-electrica-legisladores-diran-si-estan-a-favor-del-pueblo-o-de-empresas-privadas-amlo","status":"publish","type":"post","link":"https:\/\/www.bbmnoticias.com\/labravaradiofm\/2021\/10\/06\/con-reforma-electrica-legisladores-diran-si-estan-a-favor-del-pueblo-o-de-empresas-privadas-amlo\/","title":{"rendered":"Con reforma el\u00e9ctrica, legisladores dir\u00e1n si est\u00e1n a favor del pueblo o de empresas privadas: AMLO"},"content":{"rendered":"<div style=\"margin-top: 0px; margin-bottom: 0px;\" class=\"sharethis-inline-share-buttons\" ><\/div>\n<p><strong>Ciudad de M\u00e9xico.-<\/strong> El presidente <strong>Andr\u00e9s Manuel L\u00f3pez Obrador<\/strong> dijo que con la discusi\u00f3n y votaci\u00f3n de la <strong>reforma el\u00e9ctrica<\/strong>, los <strong>senadores y diputados<\/strong> tendr\u00e1n la oportunidad de mostrar<strong> si est\u00e1n a favor de las empresas privadas o del pueblo<\/strong>.<\/p>\n\n\n\n<p>En La Ma\u00f1anera, L\u00f3pez Obrador llam\u00f3 a los legisladores a <strong>no guiarse por los intereses de grupo<\/strong> y asumir un sitio, pues asegur\u00f3 que la reforma no es un asunto de partidos pol\u00edticos.<\/p>\n\n\n\n<figure class=\"wp-block-pullquote\"><blockquote><p>\u201c Los legisladores en general, no s\u00f3lo de un partido, tienen que definirse, tienen que colocarse en su sitio.<\/p><\/blockquote><\/figure>\n\n\n\n<figure class=\"wp-block-pullquote\"><blockquote><p>\u201c Entonces los legisladores van a ahora a manifestar si est\u00e1n a favor del pueblo, del consumidor, del usuario o est\u00e1n a favor de las empresas, de los grupos de intereses creados, no s\u00f3lo es un asunto de partidos\u201d, dijo en Palacio Nacional.<\/p><\/blockquote><\/figure>\n\n\n\n<figure class=\"wp-block-embed is-type-rich is-provider-twitter wp-block-embed-twitter\"><div class=\"wp-block-embed__wrapper\">\n<blockquote class=\"twitter-tweet\" data-width=\"550\" data-dnt=\"true\"><p lang=\"es\" dir=\"ltr\">&quot;Los legisladores demostrar\u00e1n si est\u00e1n a favor del pueblo, del consumidor, del usuario, o est\u00e1n a favor de las empresas y grupos de intereses creados&quot;, dijo el presidente L\u00f3pez Obrador. <br><br>M\u00e1s en: <a href=\"https:\/\/t.co\/9KJaQ5l6tD\">https:\/\/t.co\/9KJaQ5l6tD<\/a> <a href=\"https:\/\/t.co\/w6WRXpbAYl\">pic.twitter.com\/w6WRXpbAYl<\/a><\/p>&mdash; Joaqu\u00edn L\u00f3pez-D\u00f3riga (@lopezdoriga) <a href=\"https:\/\/twitter.com\/lopezdoriga\/status\/1445742500170272786?ref_src=twsrc%5Etfw\">October 6, 2021<\/a><\/blockquote><script async src=\"https:\/\/platform.twitter.com\/widgets.js\" charset=\"utf-8\"><\/script>\n<\/div><\/figure>\n\n\n\n<p>El Presidente consider\u00f3 que si los legisladores deciden apoyar a la <strong>Comisi\u00f3n Federal de Electricidad<\/strong> (CFE), se va \u201ca tener la garant\u00eda de que <strong>no va a faltar la energ\u00eda el\u00e9ctrica<\/strong>\u201d y que no se va a aumentar el precio de la luz.<\/p>\n\n\n\n<figure class=\"wp-block-pullquote\"><blockquote><p>\u201c Si se decide apoyar a la CFE, que es una empresa p\u00fablica, vamos a tener la garant\u00eda de que no va a faltar la energ\u00eda el\u00e9ctrica, de que no van a haber apagones y adem\u00e1s de que no va a aumentar el precio de la luz, que es el compromiso que he asumido\u201d, apunt\u00f3.<\/p><\/blockquote><\/figure>\n\n\n\n<blockquote class=\"wp-block-quote is-layout-flow wp-block-quote-is-layout-flow\"><p>\u201c \u00bfDe qui\u00e9n es la CFE? Del pueblo, de todos los mexicanos, y no es posible que todas estas empresas que no pagan por la transmisi\u00f3n y tienen subsidio, empresas como Oxxo pagan menos por luz que lo que paga un hogar, entonces vamos a explicar todo esto, es important\u00edsimo que se conozca\u201d, refiri\u00f3.<\/p><\/blockquote>\n\n\n\n<p>L\u00f3pez Obrador reiter\u00f3 que la Reforma El\u00e9ctrica es una oportunidad para que los legisladores, no solo los del <strong>Partido Revolucionario Institucional<\/strong> (PRI), manifiesten a favor del pueblo o de las empresas privadas.<\/p>\n\n\n\n<figure class=\"wp-block-pullquote\"><blockquote><p>\u201c De esto se deriva que el PRI, o los legisladores del PRI, o los legisladores en general, no solo de un partido, tienen que definirse, tienen que colocarse en su sitio, no hay para d\u00f3nde hacerse\u201d, dijo.<\/p><\/blockquote><\/figure>\n\n\n\n<figure class=\"wp-block-pullquote\"><blockquote><p>\u201c Van ahora a manifestar si est\u00e1n a favor del pueblo, del consumidor, del usuario o a favor de las empresas, de los grupos de intereses creados, no solo es un asunto de partidos. No solo es un asunto de partidos, porque puede haber un legislador del PAN honesto, lo puede haber, y puede decir \u2018yo soy representante del pueblo, no representante del PAN\u2019, porque los legisladores no son representantes de los partidos, sino del pueblo\u201d, adujo.<\/p><\/blockquote><\/figure>\n","protected":false},"excerpt":{"rendered":"<p>Ciudad de M\u00e9xico.- El presidente Andr\u00e9s Manuel L\u00f3pez Obrador dijo que con la discusi\u00f3n y votaci\u00f3n de la reforma el\u00e9ctrica, los senadores y diputados tendr\u00e1n la oportunidad de mostrar si est\u00e1n a favor de las empresas privadas o del pueblo. En La Ma\u00f1anera, L\u00f3pez Obrador llam\u00f3 a los legisladores a no guiarse por los intereses [&hellip;]<\/p>\n","protected":false},"author":4,"featured_media":3198,"comment_status":"closed","ping_status":"closed","sticky":false,"template":"","format":"standard","meta":{"footnotes":""},"categories":[19],"tags":[],"class_list":{"0":"post-3197","1":"post","2":"type-post","3":"status-publish","4":"format-standard","5":"has-post-thumbnail","7":"category-nacional"},"yoast_head":"<!-- This site is optimized with the Yoast SEO plugin v27.4 - https:\/\/yoast.com\/product\/yoast-seo-wordpress\/ -->\n<title>Con reforma el\u00e9ctrica, legisladores dir\u00e1n si est\u00e1n a favor del pueblo o de empresas privadas: AMLO - LA BRAVA RADIO<\/title>\n<meta name=\"description\" content=\"L\u00f3pez Obrador llam\u00f3 a los legisladores a no guiarse por los intereses de grupo y asumir un sitio, pues asegur\u00f3 que la reforma no es un asunto de partidos pol\u00edticos\" \/>\n<meta name=\"robots\" content=\"index, follow, max-snippet:-1, max-image-preview:large, max-video-preview:-1\" \/>\n<link rel=\"canonical\" href=\"https:\/\/www.bbmnoticias.com\/labravaradiofm\/2021\/10\/06\/con-reforma-electrica-legisladores-diran-si-estan-a-favor-del-pueblo-o-de-empresas-privadas-amlo\/\" \/>\n<meta property=\"og:locale\" content=\"es_MX\" \/>\n<meta property=\"og:type\" content=\"article\" \/>\n<meta property=\"og:title\" content=\"Con reforma el\u00e9ctrica, legisladores dir\u00e1n si est\u00e1n a favor del pueblo o de empresas privadas: AMLO - LA BRAVA RADIO\" \/>\n<meta property=\"og:description\" content=\"L\u00f3pez Obrador llam\u00f3 a los legisladores a no guiarse por los intereses de grupo y asumir un sitio, pues asegur\u00f3 que la reforma no es un asunto de partidos pol\u00edticos\" \/>\n<meta property=\"og:url\" content=\"https:\/\/www.bbmnoticias.com\/labravaradiofm\/2021\/10\/06\/con-reforma-electrica-legisladores-diran-si-estan-a-favor-del-pueblo-o-de-empresas-privadas-amlo\/\" \/>\n<meta property=\"og:site_name\" content=\"LA BRAVA RADIO\" \/>\n<meta property=\"article:published_time\" content=\"2021-10-06T15:22:55+00:00\" \/>\n<meta property=\"article:modified_time\" content=\"2021-10-06T15:22:57+00:00\" \/>\n<meta property=\"og:image\" content=\"https:\/\/www.bbmnoticias.com\/labravaradiofm\/wp-content\/uploads\/sites\/5\/2021\/10\/nacional06102021-1.jpg\" \/>\n\t<meta property=\"og:image:width\" content=\"630\" \/>\n\t<meta property=\"og:image:height\" content=\"355\" \/>\n\t<meta property=\"og:image:type\" content=\"image\/jpeg\" \/>\n<meta name=\"author\" content=\"Agencias\" \/>\n<meta name=\"twitter:card\" content=\"summary_large_image\" \/>\n<meta name=\"twitter:label1\" content=\"Escrito por\" \/>\n\t<meta name=\"twitter:data1\" content=\"Agencias\" \/>\n\t<meta name=\"twitter:label2\" content=\"Tiempo de lectura\" \/>\n\t<meta name=\"twitter:data2\" content=\"2 minutos\" \/>\n<script type=\"application\/ld+json\" class=\"yoast-schema-graph\">{\"@context\":\"https:\\\/\\\/schema.org\",\"@graph\":[{\"@type\":\"Article\",\"@id\":\"https:\\\/\\\/www.bbmnoticias.com\\\/labravaradiofm\\\/2021\\\/10\\\/06\\\/con-reforma-electrica-legisladores-diran-si-estan-a-favor-del-pueblo-o-de-empresas-privadas-amlo\\\/#article\",\"isPartOf\":{\"@id\":\"https:\\\/\\\/www.bbmnoticias.com\\\/labravaradiofm\\\/2021\\\/10\\\/06\\\/con-reforma-electrica-legisladores-diran-si-estan-a-favor-del-pueblo-o-de-empresas-privadas-amlo\\\/\"},\"author\":{\"name\":\"Agencias\",\"@id\":\"https:\\\/\\\/www.bbmnoticias.com\\\/labravaradiofm\\\/#\\\/schema\\\/person\\\/857a3daf5c8142f29919023f377fbfad\"},\"headline\":\"Con reforma el\u00e9ctrica, legisladores dir\u00e1n si est\u00e1n a favor del pueblo o de empresas privadas: AMLO\",\"datePublished\":\"2021-10-06T15:22:55+00:00\",\"dateModified\":\"2021-10-06T15:22:57+00:00\",\"mainEntityOfPage\":{\"@id\":\"https:\\\/\\\/www.bbmnoticias.com\\\/labravaradiofm\\\/2021\\\/10\\\/06\\\/con-reforma-electrica-legisladores-diran-si-estan-a-favor-del-pueblo-o-de-empresas-privadas-amlo\\\/\"},\"wordCount\":484,\"image\":{\"@id\":\"https:\\\/\\\/www.bbmnoticias.com\\\/labravaradiofm\\\/2021\\\/10\\\/06\\\/con-reforma-electrica-legisladores-diran-si-estan-a-favor-del-pueblo-o-de-empresas-privadas-amlo\\\/#primaryimage\"},\"thumbnailUrl\":\"https:\\\/\\\/www.bbmnoticias.com\\\/labravaradiofm\\\/wp-content\\\/uploads\\\/sites\\\/5\\\/2021\\\/10\\\/nacional06102021-1.jpg\",\"articleSection\":[\"NACIONAL\"],\"inLanguage\":\"es\"},{\"@type\":\"WebPage\",\"@id\":\"https:\\\/\\\/www.bbmnoticias.com\\\/labravaradiofm\\\/2021\\\/10\\\/06\\\/con-reforma-electrica-legisladores-diran-si-estan-a-favor-del-pueblo-o-de-empresas-privadas-amlo\\\/\",\"url\":\"https:\\\/\\\/www.bbmnoticias.com\\\/labravaradiofm\\\/2021\\\/10\\\/06\\\/con-reforma-electrica-legisladores-diran-si-estan-a-favor-del-pueblo-o-de-empresas-privadas-amlo\\\/\",\"name\":\"Con reforma el\u00e9ctrica, legisladores dir\u00e1n si est\u00e1n a favor del pueblo o de empresas privadas: AMLO - LA BRAVA RADIO\",\"isPartOf\":{\"@id\":\"https:\\\/\\\/www.bbmnoticias.com\\\/labravaradiofm\\\/#website\"},\"primaryImageOfPage\":{\"@id\":\"https:\\\/\\\/www.bbmnoticias.com\\\/labravaradiofm\\\/2021\\\/10\\\/06\\\/con-reforma-electrica-legisladores-diran-si-estan-a-favor-del-pueblo-o-de-empresas-privadas-amlo\\\/#primaryimage\"},\"image\":{\"@id\":\"https:\\\/\\\/www.bbmnoticias.com\\\/labravaradiofm\\\/2021\\\/10\\\/06\\\/con-reforma-electrica-legisladores-diran-si-estan-a-favor-del-pueblo-o-de-empresas-privadas-amlo\\\/#primaryimage\"},\"thumbnailUrl\":\"https:\\\/\\\/www.bbmnoticias.com\\\/labravaradiofm\\\/wp-content\\\/uploads\\\/sites\\\/5\\\/2021\\\/10\\\/nacional06102021-1.jpg\",\"datePublished\":\"2021-10-06T15:22:55+00:00\",\"dateModified\":\"2021-10-06T15:22:57+00:00\",\"author\":{\"@id\":\"https:\\\/\\\/www.bbmnoticias.com\\\/labravaradiofm\\\/#\\\/schema\\\/person\\\/857a3daf5c8142f29919023f377fbfad\"},\"description\":\"L\u00f3pez Obrador llam\u00f3 a los legisladores a no guiarse por los intereses de grupo y asumir un sitio, pues asegur\u00f3 que la reforma no es un asunto de partidos pol\u00edticos\",\"breadcrumb\":{\"@id\":\"https:\\\/\\\/www.bbmnoticias.com\\\/labravaradiofm\\\/2021\\\/10\\\/06\\\/con-reforma-electrica-legisladores-diran-si-estan-a-favor-del-pueblo-o-de-empresas-privadas-amlo\\\/#breadcrumb\"},\"inLanguage\":\"es\",\"potentialAction\":[{\"@type\":\"ReadAction\",\"target\":[\"https:\\\/\\\/www.bbmnoticias.com\\\/labravaradiofm\\\/2021\\\/10\\\/06\\\/con-reforma-electrica-legisladores-diran-si-estan-a-favor-del-pueblo-o-de-empresas-privadas-amlo\\\/\"]}]},{\"@type\":\"ImageObject\",\"inLanguage\":\"es\",\"@id\":\"https:\\\/\\\/www.bbmnoticias.com\\\/labravaradiofm\\\/2021\\\/10\\\/06\\\/con-reforma-electrica-legisladores-diran-si-estan-a-favor-del-pueblo-o-de-empresas-privadas-amlo\\\/#primaryimage\",\"url\":\"https:\\\/\\\/www.bbmnoticias.com\\\/labravaradiofm\\\/wp-content\\\/uploads\\\/sites\\\/5\\\/2021\\\/10\\\/nacional06102021-1.jpg\",\"contentUrl\":\"https:\\\/\\\/www.bbmnoticias.com\\\/labravaradiofm\\\/wp-content\\\/uploads\\\/sites\\\/5\\\/2021\\\/10\\\/nacional06102021-1.jpg\",\"width\":630,\"height\":355},{\"@type\":\"BreadcrumbList\",\"@id\":\"https:\\\/\\\/www.bbmnoticias.com\\\/labravaradiofm\\\/2021\\\/10\\\/06\\\/con-reforma-electrica-legisladores-diran-si-estan-a-favor-del-pueblo-o-de-empresas-privadas-amlo\\\/#breadcrumb\",\"itemListElement\":[{\"@type\":\"ListItem\",\"position\":1,\"name\":\"Inicio\",\"item\":\"https:\\\/\\\/www.bbmnoticias.com\\\/labravaradiofm\\\/\"},{\"@type\":\"ListItem\",\"position\":2,\"name\":\"Con reforma el\u00e9ctrica, legisladores dir\u00e1n si est\u00e1n a favor del pueblo o de empresas privadas: AMLO\"}]},{\"@type\":\"WebSite\",\"@id\":\"https:\\\/\\\/www.bbmnoticias.com\\\/labravaradiofm\\\/#website\",\"url\":\"https:\\\/\\\/www.bbmnoticias.com\\\/labravaradiofm\\\/\",\"name\":\"LA BRAVA RADIO\",\"description\":\"Empresa productora de medios, Radiodifusi\u00f3n, Noticias, tendencias y todo lo que necesitas saber de la pol\u00edtica mexicana e internacional; entretenimiento, espect\u00e1culos, salud y mucho m\u00e1s.\",\"potentialAction\":[{\"@type\":\"SearchAction\",\"target\":{\"@type\":\"EntryPoint\",\"urlTemplate\":\"https:\\\/\\\/www.bbmnoticias.com\\\/labravaradiofm\\\/?s={search_term_string}\"},\"query-input\":{\"@type\":\"PropertyValueSpecification\",\"valueRequired\":true,\"valueName\":\"search_term_string\"}}],\"inLanguage\":\"es\"},{\"@type\":\"Person\",\"@id\":\"https:\\\/\\\/www.bbmnoticias.com\\\/labravaradiofm\\\/#\\\/schema\\\/person\\\/857a3daf5c8142f29919023f377fbfad\",\"name\":\"Agencias\",\"image\":{\"@type\":\"ImageObject\",\"inLanguage\":\"es\",\"@id\":\"https:\\\/\\\/secure.gravatar.com\\\/avatar\\\/739e0b61adf9e398b425c36718c8752286da0e8cd90f20ce9a86678abc26aa0d?s=96&d=mm&r=g\",\"url\":\"https:\\\/\\\/secure.gravatar.com\\\/avatar\\\/739e0b61adf9e398b425c36718c8752286da0e8cd90f20ce9a86678abc26aa0d?s=96&d=mm&r=g\",\"contentUrl\":\"https:\\\/\\\/secure.gravatar.com\\\/avatar\\\/739e0b61adf9e398b425c36718c8752286da0e8cd90f20ce9a86678abc26aa0d?s=96&d=mm&r=g\",\"caption\":\"Agencias\"},\"url\":\"https:\\\/\\\/www.bbmnoticias.com\\\/labravaradiofm\\\/author\\\/agencias\\\/\"}]}<\/script>\n<!-- \/ Yoast SEO plugin. -->","yoast_head_json":{"title":"Con reforma el\u00e9ctrica, legisladores dir\u00e1n si est\u00e1n a favor del pueblo o de empresas privadas: AMLO - LA BRAVA RADIO","description":"L\u00f3pez Obrador llam\u00f3 a los legisladores a no guiarse por los intereses de grupo y asumir un sitio, pues asegur\u00f3 que la reforma no es un asunto de partidos pol\u00edticos","robots":{"index":"index","follow":"follow","max-snippet":"max-snippet:-1","max-image-preview":"max-image-preview:large","max-video-preview":"max-video-preview:-1"},"canonical":"https:\/\/www.bbmnoticias.com\/labravaradiofm\/2021\/10\/06\/con-reforma-electrica-legisladores-diran-si-estan-a-favor-del-pueblo-o-de-empresas-privadas-amlo\/","og_locale":"es_MX","og_type":"article","og_title":"Con reforma el\u00e9ctrica, legisladores dir\u00e1n si est\u00e1n a favor del pueblo o de empresas privadas: AMLO - LA BRAVA RADIO","og_description":"L\u00f3pez Obrador llam\u00f3 a los legisladores a no guiarse por los intereses de grupo y asumir un sitio, pues asegur\u00f3 que la reforma no es un asunto de partidos pol\u00edticos","og_url":"https:\/\/www.bbmnoticias.com\/labravaradiofm\/2021\/10\/06\/con-reforma-electrica-legisladores-diran-si-estan-a-favor-del-pueblo-o-de-empresas-privadas-amlo\/","og_site_name":"LA BRAVA RADIO","article_published_time":"2021-10-06T15:22:55+00:00","article_modified_time":"2021-10-06T15:22:57+00:00","og_image":[{"width":630,"height":355,"url":"https:\/\/www.bbmnoticias.com\/labravaradiofm\/wp-content\/uploads\/sites\/5\/2021\/10\/nacional06102021-1.jpg","type":"image\/jpeg"}],"author":"Agencias","twitter_card":"summary_large_image","twitter_misc":{"Escrito por":"Agencias","Tiempo de lectura":"2 minutos"},"schema":{"@context":"https:\/\/schema.org","@graph":[{"@type":"Article","@id":"https:\/\/www.bbmnoticias.com\/labravaradiofm\/2021\/10\/06\/con-reforma-electrica-legisladores-diran-si-estan-a-favor-del-pueblo-o-de-empresas-privadas-amlo\/#article","isPartOf":{"@id":"https:\/\/www.bbmnoticias.com\/labravaradiofm\/2021\/10\/06\/con-reforma-electrica-legisladores-diran-si-estan-a-favor-del-pueblo-o-de-empresas-privadas-amlo\/"},"author":{"name":"Agencias","@id":"https:\/\/www.bbmnoticias.com\/labravaradiofm\/#\/schema\/person\/857a3daf5c8142f29919023f377fbfad"},"headline":"Con reforma el\u00e9ctrica, legisladores dir\u00e1n si est\u00e1n a favor del pueblo o de empresas privadas: AMLO","datePublished":"2021-10-06T15:22:55+00:00","dateModified":"2021-10-06T15:22:57+00:00","mainEntityOfPage":{"@id":"https:\/\/www.bbmnoticias.com\/labravaradiofm\/2021\/10\/06\/con-reforma-electrica-legisladores-diran-si-estan-a-favor-del-pueblo-o-de-empresas-privadas-amlo\/"},"wordCount":484,"image":{"@id":"https:\/\/www.bbmnoticias.com\/labravaradiofm\/2021\/10\/06\/con-reforma-electrica-legisladores-diran-si-estan-a-favor-del-pueblo-o-de-empresas-privadas-amlo\/#primaryimage"},"thumbnailUrl":"https:\/\/www.bbmnoticias.com\/labravaradiofm\/wp-content\/uploads\/sites\/5\/2021\/10\/nacional06102021-1.jpg","articleSection":["NACIONAL"],"inLanguage":"es"},{"@type":"WebPage","@id":"https:\/\/www.bbmnoticias.com\/labravaradiofm\/2021\/10\/06\/con-reforma-electrica-legisladores-diran-si-estan-a-favor-del-pueblo-o-de-empresas-privadas-amlo\/","url":"https:\/\/www.bbmnoticias.com\/labravaradiofm\/2021\/10\/06\/con-reforma-electrica-legisladores-diran-si-estan-a-favor-del-pueblo-o-de-empresas-privadas-amlo\/","name":"Con reforma el\u00e9ctrica, legisladores dir\u00e1n si est\u00e1n a favor del pueblo o de empresas privadas: AMLO - LA BRAVA RADIO","isPartOf":{"@id":"https:\/\/www.bbmnoticias.com\/labravaradiofm\/#website"},"primaryImageOfPage":{"@id":"https:\/\/www.bbmnoticias.com\/labravaradiofm\/2021\/10\/06\/con-reforma-electrica-legisladores-diran-si-estan-a-favor-del-pueblo-o-de-empresas-privadas-amlo\/#primaryimage"},"image":{"@id":"https:\/\/www.bbmnoticias.com\/labravaradiofm\/2021\/10\/06\/con-reforma-electrica-legisladores-diran-si-estan-a-favor-del-pueblo-o-de-empresas-privadas-amlo\/#primaryimage"},"thumbnailUrl":"https:\/\/www.bbmnoticias.com\/labravaradiofm\/wp-content\/uploads\/sites\/5\/2021\/10\/nacional06102021-1.jpg","datePublished":"2021-10-06T15:22:55+00:00","dateModified":"2021-10-06T15:22:57+00:00","author":{"@id":"https:\/\/www.bbmnoticias.com\/labravaradiofm\/#\/schema\/person\/857a3daf5c8142f29919023f377fbfad"},"description":"L\u00f3pez Obrador llam\u00f3 a los legisladores a no guiarse por los intereses de grupo y asumir un sitio, pues asegur\u00f3 que la reforma no es un asunto de partidos pol\u00edticos","breadcrumb":{"@id":"https:\/\/www.bbmnoticias.com\/labravaradiofm\/2021\/10\/06\/con-reforma-electrica-legisladores-diran-si-estan-a-favor-del-pueblo-o-de-empresas-privadas-amlo\/#breadcrumb"},"inLanguage":"es","potentialAction":[{"@type":"ReadAction","target":["https:\/\/www.bbmnoticias.com\/labravaradiofm\/2021\/10\/06\/con-reforma-electrica-legisladores-diran-si-estan-a-favor-del-pueblo-o-de-empresas-privadas-amlo\/"]}]},{"@type":"ImageObject","inLanguage":"es","@id":"https:\/\/www.bbmnoticias.com\/labravaradiofm\/2021\/10\/06\/con-reforma-electrica-legisladores-diran-si-estan-a-favor-del-pueblo-o-de-empresas-privadas-amlo\/#primaryimage","url":"https:\/\/www.bbmnoticias.com\/labravaradiofm\/wp-content\/uploads\/sites\/5\/2021\/10\/nacional06102021-1.jpg","contentUrl":"https:\/\/www.bbmnoticias.com\/labravaradiofm\/wp-content\/uploads\/sites\/5\/2021\/10\/nacional06102021-1.jpg","width":630,"height":355},{"@type":"BreadcrumbList","@id":"https:\/\/www.bbmnoticias.com\/labravaradiofm\/2021\/10\/06\/con-reforma-electrica-legisladores-diran-si-estan-a-favor-del-pueblo-o-de-empresas-privadas-amlo\/#breadcrumb","itemListElement":[{"@type":"ListItem","position":1,"name":"Inicio","item":"https:\/\/www.bbmnoticias.com\/labravaradiofm\/"},{"@type":"ListItem","position":2,"name":"Con reforma el\u00e9ctrica, legisladores dir\u00e1n si est\u00e1n a favor del pueblo o de empresas privadas: AMLO"}]},{"@type":"WebSite","@id":"https:\/\/www.bbmnoticias.com\/labravaradiofm\/#website","url":"https:\/\/www.bbmnoticias.com\/labravaradiofm\/","name":"LA BRAVA RADIO","description":"Empresa productora de medios, Radiodifusi\u00f3n, Noticias, tendencias y todo lo que necesitas saber de la pol\u00edtica mexicana e internacional; entretenimiento, espect\u00e1culos, salud y mucho m\u00e1s.","potentialAction":[{"@type":"SearchAction","target":{"@type":"EntryPoint","urlTemplate":"https:\/\/www.bbmnoticias.com\/labravaradiofm\/?s={search_term_string}"},"query-input":{"@type":"PropertyValueSpecification","valueRequired":true,"valueName":"search_term_string"}}],"inLanguage":"es"},{"@type":"Person","@id":"https:\/\/www.bbmnoticias.com\/labravaradiofm\/#\/schema\/person\/857a3daf5c8142f29919023f377fbfad","name":"Agencias","image":{"@type":"ImageObject","inLanguage":"es","@id":"https:\/\/secure.gravatar.com\/avatar\/739e0b61adf9e398b425c36718c8752286da0e8cd90f20ce9a86678abc26aa0d?s=96&d=mm&r=g","url":"https:\/\/secure.gravatar.com\/avatar\/739e0b61adf9e398b425c36718c8752286da0e8cd90f20ce9a86678abc26aa0d?s=96&d=mm&r=g","contentUrl":"https:\/\/secure.gravatar.com\/avatar\/739e0b61adf9e398b425c36718c8752286da0e8cd90f20ce9a86678abc26aa0d?s=96&d=mm&r=g","caption":"Agencias"},"url":"https:\/\/www.bbmnoticias.com\/labravaradiofm\/author\/agencias\/"}]}},"_links":{"self":[{"href":"https:\/\/www.bbmnoticias.com\/labravaradiofm\/wp-json\/wp\/v2\/posts\/3197","targetHints":{"allow":["GET"]}}],"collection":[{"href":"https:\/\/www.bbmnoticias.com\/labravaradiofm\/wp-json\/wp\/v2\/posts"}],"about":[{"href":"https:\/\/www.bbmnoticias.com\/labravaradiofm\/wp-json\/wp\/v2\/types\/post"}],"author":[{"embeddable":true,"href":"https:\/\/www.bbmnoticias.com\/labravaradiofm\/wp-json\/wp\/v2\/users\/4"}],"replies":[{"embeddable":true,"href":"https:\/\/www.bbmnoticias.com\/labravaradiofm\/wp-json\/wp\/v2\/comments?post=3197"}],"version-history":[{"count":0,"href":"https:\/\/www.bbmnoticias.com\/labravaradiofm\/wp-json\/wp\/v2\/posts\/3197\/revisions"}],"wp:featuredmedia":[{"embeddable":true,"href":"https:\/\/www.bbmnoticias.com\/labravaradiofm\/wp-json\/wp\/v2\/media\/3198"}],"wp:attachment":[{"href":"https:\/\/www.bbmnoticias.com\/labravaradiofm\/wp-json\/wp\/v2\/media?parent=3197"}],"wp:term":[{"taxonomy":"category","embeddable":true,"href":"https:\/\/www.bbmnoticias.com\/labravaradiofm\/wp-json\/wp\/v2\/categories?post=3197"},{"taxonomy":"post_tag","embeddable":true,"href":"https:\/\/www.bbmnoticias.com\/labravaradiofm\/wp-json\/wp\/v2\/tags?post=3197"}],"curies":[{"name":"wp","href":"https:\/\/api.w.org\/{rel}","templated":true}]}}