{"id":3194,"date":"2021-10-06T10:15:58","date_gmt":"2021-10-06T15:15:58","guid":{"rendered":"https:\/\/www.bbmnoticias.com\/labravaradiofm\/?p=3194"},"modified":"2021-10-06T10:15:59","modified_gmt":"2021-10-06T15:15:59","slug":"promueve-administracion-cultura-para-erradicar-la-violencia-de-genero","status":"publish","type":"post","link":"https:\/\/www.bbmnoticias.com\/labravaradiofm\/2021\/10\/06\/promueve-administracion-cultura-para-erradicar-la-violencia-de-genero\/","title":{"rendered":"Promueve Administraci\u00f3n cultura para erradicar la violencia de g\u00e9nero"},"content":{"rendered":"<div style=\"margin-top: 0px; margin-bottom: 0px;\" class=\"sharethis-inline-share-buttons\" ><\/div>\n<p><strong>Tlalixtac de Cabrera, Oax.-<\/strong> Como parte de las acciones integradas en el Cat\u00e1logo de Capacitaci\u00f3n para concientizar sobre la importancia de eliminar la violencia, la Secretar\u00eda de Administraci\u00f3n del Gobierno del Estado imparti\u00f3 la pl\u00e1tica \u201cCero violencia m\u00e1s conciencia\u201d a personal del Sistema Penitenciario de la Secretar\u00eda de Seguridad P\u00fablica de Oaxaca.<\/p>\n\n\n\n<p>A trav\u00e9s de la Unidad de Desarrollo Profesional, la dependencia a cargo de Germ\u00e1n Espinosa Santib\u00e1\u00f1ez, sensibiliz\u00f3 a las servidoras y servidores p\u00fablicos participantes a prevenir, detectar, atender y erradicar actitudes y aspectos violentos que est\u00e1n presentes en diferentes \u00e1mbitos, as\u00ed como a generar entornos y ambientes sanos.<\/p>\n\n\n\n<p>Durante el desarrollo de la pl\u00e1tica virtual, la ponente Ana Luz Pacheco expuso las consecuencias y alcances que tiene el recurrir a la fuerza e intimidaci\u00f3n para alcanzar un prop\u00f3sito, con lo que condujo al personal a la reflexi\u00f3n y al llamado de \u201cser elementos importantes en la sociedad para no pertenecer al c\u00edrculo replicador de la violencia\u201d.<\/p>\n\n\n\n<p>En el pasado foro digital, Luz Pacheco comparti\u00f3 y explic\u00f3 la clasificaci\u00f3n de la actitud violenta que comprende el tipo de agente: autoinfligida, interpersonal y colectiva; la naturaleza del acto: f\u00edsica, sexual, psicol\u00f3gica y econ\u00f3mica; y el contexto: familiar, escolar, laboral y cibern\u00e9tica.<\/p>\n\n\n\n<p>Las servidoras y servidores p\u00fablicos del Sistema Penitenciario tambi\u00e9n conocieron el violent\u00f3metro, el ciclo, mitos y realidades de la violencia. Asimismo, adquirieron conocimientos para desarrollar relaciones sanas basadas en la autoestima, comunicaci\u00f3n y el valor de la tolerancia.<\/p>\n\n\n\n<p>\u201cNo hay que normalizar la violencia, siempre hay que estar atentos y atentas a los momentos para detenerla a tiempo\u201d, concluy\u00f3 la ponente de Administraci\u00f3n.<\/p>\n","protected":false},"excerpt":{"rendered":"<p>Tlalixtac de Cabrera, Oax.- Como parte de las acciones integradas en el Cat\u00e1logo de Capacitaci\u00f3n para concientizar sobre la importancia de eliminar la violencia, la Secretar\u00eda de Administraci\u00f3n del Gobierno del Estado imparti\u00f3 la pl\u00e1tica \u201cCero violencia m\u00e1s conciencia\u201d a personal del Sistema Penitenciario de la Secretar\u00eda de Seguridad P\u00fablica de Oaxaca. A trav\u00e9s de [&hellip;]<\/p>\n","protected":false},"author":2,"featured_media":3195,"comment_status":"closed","ping_status":"closed","sticky":false,"template":"","format":"standard","meta":{"footnotes":""},"categories":[2],"tags":[],"class_list":{"0":"post-3194","1":"post","2":"type-post","3":"status-publish","4":"format-standard","5":"has-post-thumbnail","7":"category-oaxaca"},"yoast_head":"<!-- This site is optimized with the Yoast SEO plugin v27.4 - https:\/\/yoast.com\/product\/yoast-seo-wordpress\/ -->\n<title>Promueve Administraci\u00f3n cultura para erradicar la violencia de g\u00e9nero - LA BRAVA RADIO<\/title>\n<meta name=\"description\" content=\"No hay que normalizar la violencia, siempre hay que estar atentos y atentas a los momentos para detenerla a tiempo\" \/>\n<meta name=\"robots\" content=\"index, follow, max-snippet:-1, max-image-preview:large, max-video-preview:-1\" \/>\n<link rel=\"canonical\" href=\"https:\/\/www.bbmnoticias.com\/labravaradiofm\/2021\/10\/06\/promueve-administracion-cultura-para-erradicar-la-violencia-de-genero\/\" \/>\n<meta property=\"og:locale\" content=\"es_MX\" \/>\n<meta property=\"og:type\" content=\"article\" \/>\n<meta property=\"og:title\" content=\"Promueve Administraci\u00f3n cultura para erradicar la violencia de g\u00e9nero - LA BRAVA RADIO\" \/>\n<meta property=\"og:description\" content=\"No hay que normalizar la violencia, siempre hay que estar atentos y atentas a los momentos para detenerla a tiempo\" \/>\n<meta property=\"og:url\" content=\"https:\/\/www.bbmnoticias.com\/labravaradiofm\/2021\/10\/06\/promueve-administracion-cultura-para-erradicar-la-violencia-de-genero\/\" \/>\n<meta property=\"og:site_name\" content=\"LA BRAVA RADIO\" \/>\n<meta property=\"article:published_time\" content=\"2021-10-06T15:15:58+00:00\" \/>\n<meta property=\"article:modified_time\" content=\"2021-10-06T15:15:59+00:00\" \/>\n<meta property=\"og:image\" content=\"https:\/\/www.bbmnoticias.com\/labravaradiofm\/wp-content\/uploads\/sites\/5\/2021\/10\/local06102021-5.jpg\" \/>\n\t<meta property=\"og:image:width\" content=\"1280\" \/>\n\t<meta property=\"og:image:height\" content=\"640\" \/>\n\t<meta property=\"og:image:type\" content=\"image\/jpeg\" \/>\n<meta name=\"author\" content=\"Staff\" \/>\n<meta name=\"twitter:card\" content=\"summary_large_image\" \/>\n<meta name=\"twitter:label1\" content=\"Escrito por\" \/>\n\t<meta name=\"twitter:data1\" content=\"Staff\" \/>\n\t<meta name=\"twitter:label2\" content=\"Tiempo de lectura\" \/>\n\t<meta name=\"twitter:data2\" content=\"2 minutos\" \/>\n<script type=\"application\/ld+json\" class=\"yoast-schema-graph\">{\"@context\":\"https:\\\/\\\/schema.org\",\"@graph\":[{\"@type\":\"Article\",\"@id\":\"https:\\\/\\\/www.bbmnoticias.com\\\/labravaradiofm\\\/2021\\\/10\\\/06\\\/promueve-administracion-cultura-para-erradicar-la-violencia-de-genero\\\/#article\",\"isPartOf\":{\"@id\":\"https:\\\/\\\/www.bbmnoticias.com\\\/labravaradiofm\\\/2021\\\/10\\\/06\\\/promueve-administracion-cultura-para-erradicar-la-violencia-de-genero\\\/\"},\"author\":{\"name\":\"Staff\",\"@id\":\"https:\\\/\\\/www.bbmnoticias.com\\\/labravaradiofm\\\/#\\\/schema\\\/person\\\/34b139c617a70ea5bef5678bffe4dd7b\"},\"headline\":\"Promueve Administraci\u00f3n cultura para erradicar la violencia de g\u00e9nero\",\"datePublished\":\"2021-10-06T15:15:58+00:00\",\"dateModified\":\"2021-10-06T15:15:59+00:00\",\"mainEntityOfPage\":{\"@id\":\"https:\\\/\\\/www.bbmnoticias.com\\\/labravaradiofm\\\/2021\\\/10\\\/06\\\/promueve-administracion-cultura-para-erradicar-la-violencia-de-genero\\\/\"},\"wordCount\":304,\"image\":{\"@id\":\"https:\\\/\\\/www.bbmnoticias.com\\\/labravaradiofm\\\/2021\\\/10\\\/06\\\/promueve-administracion-cultura-para-erradicar-la-violencia-de-genero\\\/#primaryimage\"},\"thumbnailUrl\":\"https:\\\/\\\/www.bbmnoticias.com\\\/labravaradiofm\\\/wp-content\\\/uploads\\\/sites\\\/5\\\/2021\\\/10\\\/local06102021-5.jpg\",\"articleSection\":[\"LOCAL\"],\"inLanguage\":\"es\"},{\"@type\":\"WebPage\",\"@id\":\"https:\\\/\\\/www.bbmnoticias.com\\\/labravaradiofm\\\/2021\\\/10\\\/06\\\/promueve-administracion-cultura-para-erradicar-la-violencia-de-genero\\\/\",\"url\":\"https:\\\/\\\/www.bbmnoticias.com\\\/labravaradiofm\\\/2021\\\/10\\\/06\\\/promueve-administracion-cultura-para-erradicar-la-violencia-de-genero\\\/\",\"name\":\"Promueve Administraci\u00f3n cultura para erradicar la violencia de g\u00e9nero - LA BRAVA RADIO\",\"isPartOf\":{\"@id\":\"https:\\\/\\\/www.bbmnoticias.com\\\/labravaradiofm\\\/#website\"},\"primaryImageOfPage\":{\"@id\":\"https:\\\/\\\/www.bbmnoticias.com\\\/labravaradiofm\\\/2021\\\/10\\\/06\\\/promueve-administracion-cultura-para-erradicar-la-violencia-de-genero\\\/#primaryimage\"},\"image\":{\"@id\":\"https:\\\/\\\/www.bbmnoticias.com\\\/labravaradiofm\\\/2021\\\/10\\\/06\\\/promueve-administracion-cultura-para-erradicar-la-violencia-de-genero\\\/#primaryimage\"},\"thumbnailUrl\":\"https:\\\/\\\/www.bbmnoticias.com\\\/labravaradiofm\\\/wp-content\\\/uploads\\\/sites\\\/5\\\/2021\\\/10\\\/local06102021-5.jpg\",\"datePublished\":\"2021-10-06T15:15:58+00:00\",\"dateModified\":\"2021-10-06T15:15:59+00:00\",\"author\":{\"@id\":\"https:\\\/\\\/www.bbmnoticias.com\\\/labravaradiofm\\\/#\\\/schema\\\/person\\\/34b139c617a70ea5bef5678bffe4dd7b\"},\"description\":\"No hay que normalizar la violencia, siempre hay que estar atentos y atentas a los momentos para detenerla a tiempo\",\"breadcrumb\":{\"@id\":\"https:\\\/\\\/www.bbmnoticias.com\\\/labravaradiofm\\\/2021\\\/10\\\/06\\\/promueve-administracion-cultura-para-erradicar-la-violencia-de-genero\\\/#breadcrumb\"},\"inLanguage\":\"es\",\"potentialAction\":[{\"@type\":\"ReadAction\",\"target\":[\"https:\\\/\\\/www.bbmnoticias.com\\\/labravaradiofm\\\/2021\\\/10\\\/06\\\/promueve-administracion-cultura-para-erradicar-la-violencia-de-genero\\\/\"]}]},{\"@type\":\"ImageObject\",\"inLanguage\":\"es\",\"@id\":\"https:\\\/\\\/www.bbmnoticias.com\\\/labravaradiofm\\\/2021\\\/10\\\/06\\\/promueve-administracion-cultura-para-erradicar-la-violencia-de-genero\\\/#primaryimage\",\"url\":\"https:\\\/\\\/www.bbmnoticias.com\\\/labravaradiofm\\\/wp-content\\\/uploads\\\/sites\\\/5\\\/2021\\\/10\\\/local06102021-5.jpg\",\"contentUrl\":\"https:\\\/\\\/www.bbmnoticias.com\\\/labravaradiofm\\\/wp-content\\\/uploads\\\/sites\\\/5\\\/2021\\\/10\\\/local06102021-5.jpg\",\"width\":1280,\"height\":640},{\"@type\":\"BreadcrumbList\",\"@id\":\"https:\\\/\\\/www.bbmnoticias.com\\\/labravaradiofm\\\/2021\\\/10\\\/06\\\/promueve-administracion-cultura-para-erradicar-la-violencia-de-genero\\\/#breadcrumb\",\"itemListElement\":[{\"@type\":\"ListItem\",\"position\":1,\"name\":\"Inicio\",\"item\":\"https:\\\/\\\/www.bbmnoticias.com\\\/labravaradiofm\\\/\"},{\"@type\":\"ListItem\",\"position\":2,\"name\":\"Promueve Administraci\u00f3n cultura para erradicar la violencia de g\u00e9nero\"}]},{\"@type\":\"WebSite\",\"@id\":\"https:\\\/\\\/www.bbmnoticias.com\\\/labravaradiofm\\\/#website\",\"url\":\"https:\\\/\\\/www.bbmnoticias.com\\\/labravaradiofm\\\/\",\"name\":\"LA BRAVA RADIO\",\"description\":\"Empresa productora de medios, Radiodifusi\u00f3n, Noticias, tendencias y todo lo que necesitas saber de la pol\u00edtica mexicana e internacional; entretenimiento, espect\u00e1culos, salud y mucho m\u00e1s.\",\"potentialAction\":[{\"@type\":\"SearchAction\",\"target\":{\"@type\":\"EntryPoint\",\"urlTemplate\":\"https:\\\/\\\/www.bbmnoticias.com\\\/labravaradiofm\\\/?s={search_term_string}\"},\"query-input\":{\"@type\":\"PropertyValueSpecification\",\"valueRequired\":true,\"valueName\":\"search_term_string\"}}],\"inLanguage\":\"es\"},{\"@type\":\"Person\",\"@id\":\"https:\\\/\\\/www.bbmnoticias.com\\\/labravaradiofm\\\/#\\\/schema\\\/person\\\/34b139c617a70ea5bef5678bffe4dd7b\",\"name\":\"Staff\",\"image\":{\"@type\":\"ImageObject\",\"inLanguage\":\"es\",\"@id\":\"https:\\\/\\\/secure.gravatar.com\\\/avatar\\\/fdd21ad66fd8b98c407f9dee5b5e588cfe7f0d8579ec20fa6527cd59bab7f0f0?s=96&d=mm&r=g\",\"url\":\"https:\\\/\\\/secure.gravatar.com\\\/avatar\\\/fdd21ad66fd8b98c407f9dee5b5e588cfe7f0d8579ec20fa6527cd59bab7f0f0?s=96&d=mm&r=g\",\"contentUrl\":\"https:\\\/\\\/secure.gravatar.com\\\/avatar\\\/fdd21ad66fd8b98c407f9dee5b5e588cfe7f0d8579ec20fa6527cd59bab7f0f0?s=96&d=mm&r=g\",\"caption\":\"Staff\"},\"url\":\"https:\\\/\\\/www.bbmnoticias.com\\\/labravaradiofm\\\/author\\\/redaccion\\\/\"}]}<\/script>\n<!-- \/ Yoast SEO plugin. -->","yoast_head_json":{"title":"Promueve Administraci\u00f3n cultura para erradicar la violencia de g\u00e9nero - LA BRAVA RADIO","description":"No hay que normalizar la violencia, siempre hay que estar atentos y atentas a los momentos para detenerla a tiempo","robots":{"index":"index","follow":"follow","max-snippet":"max-snippet:-1","max-image-preview":"max-image-preview:large","max-video-preview":"max-video-preview:-1"},"canonical":"https:\/\/www.bbmnoticias.com\/labravaradiofm\/2021\/10\/06\/promueve-administracion-cultura-para-erradicar-la-violencia-de-genero\/","og_locale":"es_MX","og_type":"article","og_title":"Promueve Administraci\u00f3n cultura para erradicar la violencia de g\u00e9nero - LA BRAVA RADIO","og_description":"No hay que normalizar la violencia, siempre hay que estar atentos y atentas a los momentos para detenerla a tiempo","og_url":"https:\/\/www.bbmnoticias.com\/labravaradiofm\/2021\/10\/06\/promueve-administracion-cultura-para-erradicar-la-violencia-de-genero\/","og_site_name":"LA BRAVA RADIO","article_published_time":"2021-10-06T15:15:58+00:00","article_modified_time":"2021-10-06T15:15:59+00:00","og_image":[{"width":1280,"height":640,"url":"https:\/\/www.bbmnoticias.com\/labravaradiofm\/wp-content\/uploads\/sites\/5\/2021\/10\/local06102021-5.jpg","type":"image\/jpeg"}],"author":"Staff","twitter_card":"summary_large_image","twitter_misc":{"Escrito por":"Staff","Tiempo de lectura":"2 minutos"},"schema":{"@context":"https:\/\/schema.org","@graph":[{"@type":"Article","@id":"https:\/\/www.bbmnoticias.com\/labravaradiofm\/2021\/10\/06\/promueve-administracion-cultura-para-erradicar-la-violencia-de-genero\/#article","isPartOf":{"@id":"https:\/\/www.bbmnoticias.com\/labravaradiofm\/2021\/10\/06\/promueve-administracion-cultura-para-erradicar-la-violencia-de-genero\/"},"author":{"name":"Staff","@id":"https:\/\/www.bbmnoticias.com\/labravaradiofm\/#\/schema\/person\/34b139c617a70ea5bef5678bffe4dd7b"},"headline":"Promueve Administraci\u00f3n cultura para erradicar la violencia de g\u00e9nero","datePublished":"2021-10-06T15:15:58+00:00","dateModified":"2021-10-06T15:15:59+00:00","mainEntityOfPage":{"@id":"https:\/\/www.bbmnoticias.com\/labravaradiofm\/2021\/10\/06\/promueve-administracion-cultura-para-erradicar-la-violencia-de-genero\/"},"wordCount":304,"image":{"@id":"https:\/\/www.bbmnoticias.com\/labravaradiofm\/2021\/10\/06\/promueve-administracion-cultura-para-erradicar-la-violencia-de-genero\/#primaryimage"},"thumbnailUrl":"https:\/\/www.bbmnoticias.com\/labravaradiofm\/wp-content\/uploads\/sites\/5\/2021\/10\/local06102021-5.jpg","articleSection":["LOCAL"],"inLanguage":"es"},{"@type":"WebPage","@id":"https:\/\/www.bbmnoticias.com\/labravaradiofm\/2021\/10\/06\/promueve-administracion-cultura-para-erradicar-la-violencia-de-genero\/","url":"https:\/\/www.bbmnoticias.com\/labravaradiofm\/2021\/10\/06\/promueve-administracion-cultura-para-erradicar-la-violencia-de-genero\/","name":"Promueve Administraci\u00f3n cultura para erradicar la violencia de g\u00e9nero - LA BRAVA RADIO","isPartOf":{"@id":"https:\/\/www.bbmnoticias.com\/labravaradiofm\/#website"},"primaryImageOfPage":{"@id":"https:\/\/www.bbmnoticias.com\/labravaradiofm\/2021\/10\/06\/promueve-administracion-cultura-para-erradicar-la-violencia-de-genero\/#primaryimage"},"image":{"@id":"https:\/\/www.bbmnoticias.com\/labravaradiofm\/2021\/10\/06\/promueve-administracion-cultura-para-erradicar-la-violencia-de-genero\/#primaryimage"},"thumbnailUrl":"https:\/\/www.bbmnoticias.com\/labravaradiofm\/wp-content\/uploads\/sites\/5\/2021\/10\/local06102021-5.jpg","datePublished":"2021-10-06T15:15:58+00:00","dateModified":"2021-10-06T15:15:59+00:00","author":{"@id":"https:\/\/www.bbmnoticias.com\/labravaradiofm\/#\/schema\/person\/34b139c617a70ea5bef5678bffe4dd7b"},"description":"No hay que normalizar la violencia, siempre hay que estar atentos y atentas a los momentos para detenerla a tiempo","breadcrumb":{"@id":"https:\/\/www.bbmnoticias.com\/labravaradiofm\/2021\/10\/06\/promueve-administracion-cultura-para-erradicar-la-violencia-de-genero\/#breadcrumb"},"inLanguage":"es","potentialAction":[{"@type":"ReadAction","target":["https:\/\/www.bbmnoticias.com\/labravaradiofm\/2021\/10\/06\/promueve-administracion-cultura-para-erradicar-la-violencia-de-genero\/"]}]},{"@type":"ImageObject","inLanguage":"es","@id":"https:\/\/www.bbmnoticias.com\/labravaradiofm\/2021\/10\/06\/promueve-administracion-cultura-para-erradicar-la-violencia-de-genero\/#primaryimage","url":"https:\/\/www.bbmnoticias.com\/labravaradiofm\/wp-content\/uploads\/sites\/5\/2021\/10\/local06102021-5.jpg","contentUrl":"https:\/\/www.bbmnoticias.com\/labravaradiofm\/wp-content\/uploads\/sites\/5\/2021\/10\/local06102021-5.jpg","width":1280,"height":640},{"@type":"BreadcrumbList","@id":"https:\/\/www.bbmnoticias.com\/labravaradiofm\/2021\/10\/06\/promueve-administracion-cultura-para-erradicar-la-violencia-de-genero\/#breadcrumb","itemListElement":[{"@type":"ListItem","position":1,"name":"Inicio","item":"https:\/\/www.bbmnoticias.com\/labravaradiofm\/"},{"@type":"ListItem","position":2,"name":"Promueve Administraci\u00f3n cultura para erradicar la violencia de g\u00e9nero"}]},{"@type":"WebSite","@id":"https:\/\/www.bbmnoticias.com\/labravaradiofm\/#website","url":"https:\/\/www.bbmnoticias.com\/labravaradiofm\/","name":"LA BRAVA RADIO","description":"Empresa productora de medios, Radiodifusi\u00f3n, Noticias, tendencias y todo lo que necesitas saber de la pol\u00edtica mexicana e internacional; entretenimiento, espect\u00e1culos, salud y mucho m\u00e1s.","potentialAction":[{"@type":"SearchAction","target":{"@type":"EntryPoint","urlTemplate":"https:\/\/www.bbmnoticias.com\/labravaradiofm\/?s={search_term_string}"},"query-input":{"@type":"PropertyValueSpecification","valueRequired":true,"valueName":"search_term_string"}}],"inLanguage":"es"},{"@type":"Person","@id":"https:\/\/www.bbmnoticias.com\/labravaradiofm\/#\/schema\/person\/34b139c617a70ea5bef5678bffe4dd7b","name":"Staff","image":{"@type":"ImageObject","inLanguage":"es","@id":"https:\/\/secure.gravatar.com\/avatar\/fdd21ad66fd8b98c407f9dee5b5e588cfe7f0d8579ec20fa6527cd59bab7f0f0?s=96&d=mm&r=g","url":"https:\/\/secure.gravatar.com\/avatar\/fdd21ad66fd8b98c407f9dee5b5e588cfe7f0d8579ec20fa6527cd59bab7f0f0?s=96&d=mm&r=g","contentUrl":"https:\/\/secure.gravatar.com\/avatar\/fdd21ad66fd8b98c407f9dee5b5e588cfe7f0d8579ec20fa6527cd59bab7f0f0?s=96&d=mm&r=g","caption":"Staff"},"url":"https:\/\/www.bbmnoticias.com\/labravaradiofm\/author\/redaccion\/"}]}},"_links":{"self":[{"href":"https:\/\/www.bbmnoticias.com\/labravaradiofm\/wp-json\/wp\/v2\/posts\/3194","targetHints":{"allow":["GET"]}}],"collection":[{"href":"https:\/\/www.bbmnoticias.com\/labravaradiofm\/wp-json\/wp\/v2\/posts"}],"about":[{"href":"https:\/\/www.bbmnoticias.com\/labravaradiofm\/wp-json\/wp\/v2\/types\/post"}],"author":[{"embeddable":true,"href":"https:\/\/www.bbmnoticias.com\/labravaradiofm\/wp-json\/wp\/v2\/users\/2"}],"replies":[{"embeddable":true,"href":"https:\/\/www.bbmnoticias.com\/labravaradiofm\/wp-json\/wp\/v2\/comments?post=3194"}],"version-history":[{"count":0,"href":"https:\/\/www.bbmnoticias.com\/labravaradiofm\/wp-json\/wp\/v2\/posts\/3194\/revisions"}],"wp:featuredmedia":[{"embeddable":true,"href":"https:\/\/www.bbmnoticias.com\/labravaradiofm\/wp-json\/wp\/v2\/media\/3195"}],"wp:attachment":[{"href":"https:\/\/www.bbmnoticias.com\/labravaradiofm\/wp-json\/wp\/v2\/media?parent=3194"}],"wp:term":[{"taxonomy":"category","embeddable":true,"href":"https:\/\/www.bbmnoticias.com\/labravaradiofm\/wp-json\/wp\/v2\/categories?post=3194"},{"taxonomy":"post_tag","embeddable":true,"href":"https:\/\/www.bbmnoticias.com\/labravaradiofm\/wp-json\/wp\/v2\/tags?post=3194"}],"curies":[{"name":"wp","href":"https:\/\/api.w.org\/{rel}","templated":true}]}}