{"id":3186,"date":"2021-10-06T08:02:58","date_gmt":"2021-10-06T13:02:58","guid":{"rendered":"https:\/\/www.bbmnoticias.com\/labravaradiofm\/?p=3186"},"modified":"2021-10-06T08:05:15","modified_gmt":"2021-10-06T13:05:15","slug":"personal-de-limpia-reinicia-bloqueos-en-la-ciudad-de-oaxaca","status":"publish","type":"post","link":"https:\/\/www.bbmnoticias.com\/labravaradiofm\/2021\/10\/06\/personal-de-limpia-reinicia-bloqueos-en-la-ciudad-de-oaxaca\/","title":{"rendered":"Personal de limpia reinicia bloqueos en la ciudad de Oaxaca"},"content":{"rendered":"<div style=\"margin-top: 0px; margin-bottom: 0px;\" class=\"sharethis-inline-share-buttons\" ><\/div>\n<p>OAXACA, Oax. \u2013 Integrantes del Sindicato Independiente\u00a0 3 de marzo, del servicio de limpia en la ciudad de Oaxaca, reanudaron bloqueos este mi\u00e9rcoles en la ciudad de Oaxaca.<\/p>\n\n\n\n<p>Desde las 5 de la ma\u00f1ana est\u00e1n concentrados en por lo menos ocho puntos de la ciudad, entre los principales cruceros y calles de la ciudad.<\/p>\n\n\n\n<p>Aunque han reconocido la afectaci\u00f3n a terceros, Pablo G\u00f3mez, secretario general del Sindicato inform\u00f3 que no quitar\u00e1n los bloqueos hasta que no haya un encuentro, como lo han pedido, con el presidente muncipal Oswaldo Garc\u00eda.<\/p>\n\n\n\n<p>Los manifestantes colocaron como barricadas los veh\u00edculos viejos para mostrar el mal estado de los camiones que utilizan para la recolecci\u00f3n de basura.<\/p>\n\n\n\n<figure class=\"wp-block-embed is-type-rich is-provider-twitter wp-block-embed-twitter\"><div class=\"wp-block-embed__wrapper\">\n<blockquote class=\"twitter-tweet\" data-width=\"550\" data-dnt=\"true\"><p lang=\"es\" dir=\"ltr\">PRI de Santa Rosa amanece bloqueado <a href=\"https:\/\/twitter.com\/hashtag\/Oaxaca?src=hash&amp;ref_src=twsrc%5Etfw\">#Oaxaca<\/a>  <a href=\"https:\/\/t.co\/YGcXFNVW3W\">pic.twitter.com\/YGcXFNVW3W<\/a><\/p>&mdash; Bloqueos Oaxaca (@Bloqueos_Oaxaca) <a href=\"https:\/\/twitter.com\/Bloqueos_Oaxaca\/status\/1445733403987427333?ref_src=twsrc%5Etfw\">October 6, 2021<\/a><\/blockquote><script async src=\"https:\/\/platform.twitter.com\/widgets.js\" charset=\"utf-8\"><\/script>\n<\/div><\/figure>\n\n\n\n<p>Este mi\u00e9rcoles estaba bloqueado:<\/p>\n\n\n\n<ul class=\"wp-block-list\"><li>Crucero de Fonapas<\/li><li>Crucero del estadio de b\u00e9isbol<\/li><li>Crucero del Perif\u00e9rico y S\u00edmbolos Patrios<\/li><li>Crucero de Cinco Se\u00f1ores<\/li><li>Crucero del Parque del Amor<\/li><li>Eduardo Mata y Perif\u00e9rico<\/li><li>Morelos esquina con Tinoco y Palacios, en el centro<\/li><li>Crespo y Morelos, en el centro<\/li><li>Glorieta de L\u00e1zaro C\u00e1rdenas<\/li><\/ul>\n\n\n\n<p>El trasnporte p\u00fablico est\u00e1 suspendido parcialmente ante la falta de rutas, y algunos solo transitan parcialmente.<\/p>\n\n\n\n<figure class=\"wp-block-embed is-type-rich is-provider-twitter wp-block-embed-twitter\"><div class=\"wp-block-embed__wrapper\">\n<blockquote class=\"twitter-tweet\" data-width=\"550\" data-dnt=\"true\"><p lang=\"es\" dir=\"ltr\">Inicia  el <a href=\"https:\/\/twitter.com\/hashtag\/Bloqueo?src=hash&amp;ref_src=twsrc%5Etfw\">#Bloqueo<\/a> de Calzada Madero esq. Av. Tecnol\u00f3gico <a href=\"https:\/\/twitter.com\/hashtag\/precaucion?src=hash&amp;ref_src=twsrc%5Etfw\">#precaucion<\/a> conductores <a href=\"https:\/\/twitter.com\/hashtag\/Oaxaca?src=hash&amp;ref_src=twsrc%5Etfw\">#Oaxaca<\/a>,<br>Hay otros puntos m\u00e1s cerrados. <a href=\"https:\/\/t.co\/IouKO9odoX\">pic.twitter.com\/IouKO9odoX<\/a><\/p>&mdash; Fotos Noticias Oaxaca (@FotosNoticias) <a href=\"https:\/\/twitter.com\/FotosNoticias\/status\/1445722026082193408?ref_src=twsrc%5Etfw\">October 6, 2021<\/a><\/blockquote><script async src=\"https:\/\/platform.twitter.com\/widgets.js\" charset=\"utf-8\"><\/script>\n<\/div><\/figure>\n\n\n\n<p><strong>SIMULA SESI\u00d3N EL CABILDO DE OAXACA<\/strong><\/p>\n\n\n\n<figure class=\"wp-block-embed is-type-rich is-provider-twitter wp-block-embed-twitter\"><div class=\"wp-block-embed__wrapper\">\n<blockquote class=\"twitter-tweet\" data-width=\"550\" data-dnt=\"true\"><p lang=\"es\" dir=\"ltr\"><a href=\"https:\/\/twitter.com\/hashtag\/%C3%9ALTIMOMINUTO?src=hash&amp;ref_src=twsrc%5Etfw\">#\u00daLTIMOMINUTO<\/a> | El presidente municipal de <a href=\"https:\/\/twitter.com\/hashtag\/OaxacaDeJu%C3%A1rez?src=hash&amp;ref_src=twsrc%5Etfw\">#OaxacaDeJu\u00e1rez<\/a> <a href=\"https:\/\/twitter.com\/oswaldogarciaj?ref_src=twsrc%5Etfw\">@oswaldogarciaj<\/a> culpa a periodistas de violencia informativa durante sesi\u00f3n extraordinaria de Cabildo <a href=\"https:\/\/twitter.com\/hashtag\/Oaxaca?src=hash&amp;ref_src=twsrc%5Etfw\">#Oaxaca<\/a> <a href=\"https:\/\/twitter.com\/hashtag\/PrimeraL%C3%ADneaMx?src=hash&amp;ref_src=twsrc%5Etfw\">#PrimeraL\u00edneaMx<\/a> <a href=\"https:\/\/t.co\/9sd0m5CX9b\">pic.twitter.com\/9sd0m5CX9b<\/a><\/p>&mdash; Primera L\u00ednea Mx (@esprimeralinea) <a href=\"https:\/\/twitter.com\/esprimeralinea\/status\/1445579472317530114?ref_src=twsrc%5Etfw\">October 6, 2021<\/a><\/blockquote><script async src=\"https:\/\/platform.twitter.com\/widgets.js\" charset=\"utf-8\"><\/script>\n<\/div><\/figure>\n\n\n\n<p>Fue el gobernador de Oaxaca, Alejandro Murat, quien inform\u00f3 que ya hab\u00edan otorgado 20 millones de pesos de adelanto de participaciones al Ayuntamiento de Oaxaca de Ju\u00e1rez.<\/p>\n\n\n\n<p>De no ser por esta declaraci\u00f3n, la omisi\u00f3n y opacidad que ha distinguido al Cabildo municipal seguir\u00eda as\u00ed.<\/p>\n\n\n\n<p>Sin embargo, a\u00fan cuando el mandatario inform\u00f3 que desde el lunes hizo la transferencia, apenas la tarde del martes, el Ayuntamiento de Oaxaca sesion\u00f3 para simular el tr\u00e1mite de petici\u00f3n.<\/p>\n\n\n\n<p>Regidoras y regidores del PAN, PRI, Morena, fueron c\u00f3mplices de las irregularidades de Oswaldo Garc\u00eda Jarqu\u00edn, quien asegura que no le debe nada a los integrantes del sindicato 3 de marzo.<\/p>\n\n\n\n<p>En un comunicado resalt\u00f3 que les arregl\u00f3 los ba\u00f1os y regaderas, y que les ha pagado. A\u00fan cuando el Sindicato 3 de marzo ha precisado que no es por adeudo de sueldos, sino porque no han podido trabajar ante las malas decisiones, como el cancelar el suministro de gasolina para los camiones recolectores o no pagar la renta a tiempo de los 40 camiones que no son propiedad del Ayuntamiento, entre otros temas.<\/p>\n\n\n\n<p>Adem\u00e1s, tampoco ha asistido a las reuniones programadas con el Sindicato, ni el presidente municipal ni ninguno de las y los integrantes del Cabildo.<\/p>\n","protected":false},"excerpt":{"rendered":"<p>OAXACA, Oax. \u2013 Integrantes del Sindicato Independiente\u00a0 3 de marzo, del servicio de limpia en la ciudad de Oaxaca, reanudaron bloqueos este mi\u00e9rcoles en la ciudad de Oaxaca. Desde las 5 de la ma\u00f1ana est\u00e1n concentrados en por lo menos ocho puntos de la ciudad, entre los principales cruceros y calles de la ciudad. Aunque [&hellip;]<\/p>\n","protected":false},"author":5,"featured_media":3187,"comment_status":"closed","ping_status":"closed","sticky":false,"template":"","format":"standard","meta":{"footnotes":""},"categories":[1],"tags":[],"class_list":{"0":"post-3186","1":"post","2":"type-post","3":"status-publish","4":"format-standard","5":"has-post-thumbnail","7":"category-sin-categoria"},"yoast_head":"<!-- This site is optimized with the Yoast SEO plugin v27.4 - https:\/\/yoast.com\/product\/yoast-seo-wordpress\/ -->\n<title>Personal de limpia reinicia bloqueos en la ciudad de Oaxaca - LA BRAVA RADIO<\/title>\n<meta name=\"description\" content=\"Desde las 5 de la ma\u00f1ana est\u00e1n concentrados en por lo menos ocho puntos de la ciudad, entre los principales cruceros y calles de la ciudad.\" \/>\n<meta name=\"robots\" content=\"index, follow, max-snippet:-1, max-image-preview:large, max-video-preview:-1\" \/>\n<link rel=\"canonical\" href=\"https:\/\/www.bbmnoticias.com\/labravaradiofm\/2021\/10\/06\/personal-de-limpia-reinicia-bloqueos-en-la-ciudad-de-oaxaca\/\" \/>\n<meta property=\"og:locale\" content=\"es_MX\" \/>\n<meta property=\"og:type\" content=\"article\" \/>\n<meta property=\"og:title\" content=\"Personal de limpia reinicia bloqueos en la ciudad de Oaxaca - LA BRAVA RADIO\" \/>\n<meta property=\"og:description\" content=\"Desde las 5 de la ma\u00f1ana est\u00e1n concentrados en por lo menos ocho puntos de la ciudad, entre los principales cruceros y calles de la ciudad.\" \/>\n<meta property=\"og:url\" content=\"https:\/\/www.bbmnoticias.com\/labravaradiofm\/2021\/10\/06\/personal-de-limpia-reinicia-bloqueos-en-la-ciudad-de-oaxaca\/\" \/>\n<meta property=\"og:site_name\" content=\"LA BRAVA RADIO\" \/>\n<meta property=\"article:published_time\" content=\"2021-10-06T13:02:58+00:00\" \/>\n<meta property=\"article:modified_time\" content=\"2021-10-06T13:05:15+00:00\" \/>\n<meta property=\"og:image\" content=\"https:\/\/www.bbmnoticias.com\/labravaradiofm\/wp-content\/uploads\/sites\/5\/2021\/10\/local06102021-2.jpg\" \/>\n\t<meta property=\"og:image:width\" content=\"1024\" \/>\n\t<meta property=\"og:image:height\" content=\"768\" \/>\n\t<meta property=\"og:image:type\" content=\"image\/jpeg\" \/>\n<meta name=\"author\" content=\"Quadratin\" \/>\n<meta name=\"twitter:card\" content=\"summary_large_image\" \/>\n<meta name=\"twitter:label1\" content=\"Escrito por\" \/>\n\t<meta name=\"twitter:data1\" content=\"Quadratin\" \/>\n\t<meta name=\"twitter:label2\" content=\"Tiempo de lectura\" \/>\n\t<meta name=\"twitter:data2\" content=\"2 minutos\" \/>\n<script type=\"application\/ld+json\" class=\"yoast-schema-graph\">{\"@context\":\"https:\\\/\\\/schema.org\",\"@graph\":[{\"@type\":\"Article\",\"@id\":\"https:\\\/\\\/www.bbmnoticias.com\\\/labravaradiofm\\\/2021\\\/10\\\/06\\\/personal-de-limpia-reinicia-bloqueos-en-la-ciudad-de-oaxaca\\\/#article\",\"isPartOf\":{\"@id\":\"https:\\\/\\\/www.bbmnoticias.com\\\/labravaradiofm\\\/2021\\\/10\\\/06\\\/personal-de-limpia-reinicia-bloqueos-en-la-ciudad-de-oaxaca\\\/\"},\"author\":{\"name\":\"Quadratin\",\"@id\":\"https:\\\/\\\/www.bbmnoticias.com\\\/labravaradiofm\\\/#\\\/schema\\\/person\\\/b7ad4658f4970d61499e84f6fe178160\"},\"headline\":\"Personal de limpia reinicia bloqueos en la ciudad de Oaxaca\",\"datePublished\":\"2021-10-06T13:02:58+00:00\",\"dateModified\":\"2021-10-06T13:05:15+00:00\",\"mainEntityOfPage\":{\"@id\":\"https:\\\/\\\/www.bbmnoticias.com\\\/labravaradiofm\\\/2021\\\/10\\\/06\\\/personal-de-limpia-reinicia-bloqueos-en-la-ciudad-de-oaxaca\\\/\"},\"wordCount\":439,\"image\":{\"@id\":\"https:\\\/\\\/www.bbmnoticias.com\\\/labravaradiofm\\\/2021\\\/10\\\/06\\\/personal-de-limpia-reinicia-bloqueos-en-la-ciudad-de-oaxaca\\\/#primaryimage\"},\"thumbnailUrl\":\"https:\\\/\\\/www.bbmnoticias.com\\\/labravaradiofm\\\/wp-content\\\/uploads\\\/sites\\\/5\\\/2021\\\/10\\\/local06102021-2.jpg\",\"inLanguage\":\"es\"},{\"@type\":\"WebPage\",\"@id\":\"https:\\\/\\\/www.bbmnoticias.com\\\/labravaradiofm\\\/2021\\\/10\\\/06\\\/personal-de-limpia-reinicia-bloqueos-en-la-ciudad-de-oaxaca\\\/\",\"url\":\"https:\\\/\\\/www.bbmnoticias.com\\\/labravaradiofm\\\/2021\\\/10\\\/06\\\/personal-de-limpia-reinicia-bloqueos-en-la-ciudad-de-oaxaca\\\/\",\"name\":\"Personal de limpia reinicia bloqueos en la ciudad de Oaxaca - LA BRAVA RADIO\",\"isPartOf\":{\"@id\":\"https:\\\/\\\/www.bbmnoticias.com\\\/labravaradiofm\\\/#website\"},\"primaryImageOfPage\":{\"@id\":\"https:\\\/\\\/www.bbmnoticias.com\\\/labravaradiofm\\\/2021\\\/10\\\/06\\\/personal-de-limpia-reinicia-bloqueos-en-la-ciudad-de-oaxaca\\\/#primaryimage\"},\"image\":{\"@id\":\"https:\\\/\\\/www.bbmnoticias.com\\\/labravaradiofm\\\/2021\\\/10\\\/06\\\/personal-de-limpia-reinicia-bloqueos-en-la-ciudad-de-oaxaca\\\/#primaryimage\"},\"thumbnailUrl\":\"https:\\\/\\\/www.bbmnoticias.com\\\/labravaradiofm\\\/wp-content\\\/uploads\\\/sites\\\/5\\\/2021\\\/10\\\/local06102021-2.jpg\",\"datePublished\":\"2021-10-06T13:02:58+00:00\",\"dateModified\":\"2021-10-06T13:05:15+00:00\",\"author\":{\"@id\":\"https:\\\/\\\/www.bbmnoticias.com\\\/labravaradiofm\\\/#\\\/schema\\\/person\\\/b7ad4658f4970d61499e84f6fe178160\"},\"description\":\"Desde las 5 de la ma\u00f1ana est\u00e1n concentrados en por lo menos ocho puntos de la ciudad, entre los principales cruceros y calles de la ciudad.\",\"breadcrumb\":{\"@id\":\"https:\\\/\\\/www.bbmnoticias.com\\\/labravaradiofm\\\/2021\\\/10\\\/06\\\/personal-de-limpia-reinicia-bloqueos-en-la-ciudad-de-oaxaca\\\/#breadcrumb\"},\"inLanguage\":\"es\",\"potentialAction\":[{\"@type\":\"ReadAction\",\"target\":[\"https:\\\/\\\/www.bbmnoticias.com\\\/labravaradiofm\\\/2021\\\/10\\\/06\\\/personal-de-limpia-reinicia-bloqueos-en-la-ciudad-de-oaxaca\\\/\"]}]},{\"@type\":\"ImageObject\",\"inLanguage\":\"es\",\"@id\":\"https:\\\/\\\/www.bbmnoticias.com\\\/labravaradiofm\\\/2021\\\/10\\\/06\\\/personal-de-limpia-reinicia-bloqueos-en-la-ciudad-de-oaxaca\\\/#primaryimage\",\"url\":\"https:\\\/\\\/www.bbmnoticias.com\\\/labravaradiofm\\\/wp-content\\\/uploads\\\/sites\\\/5\\\/2021\\\/10\\\/local06102021-2.jpg\",\"contentUrl\":\"https:\\\/\\\/www.bbmnoticias.com\\\/labravaradiofm\\\/wp-content\\\/uploads\\\/sites\\\/5\\\/2021\\\/10\\\/local06102021-2.jpg\",\"width\":1024,\"height\":768},{\"@type\":\"BreadcrumbList\",\"@id\":\"https:\\\/\\\/www.bbmnoticias.com\\\/labravaradiofm\\\/2021\\\/10\\\/06\\\/personal-de-limpia-reinicia-bloqueos-en-la-ciudad-de-oaxaca\\\/#breadcrumb\",\"itemListElement\":[{\"@type\":\"ListItem\",\"position\":1,\"name\":\"Inicio\",\"item\":\"https:\\\/\\\/www.bbmnoticias.com\\\/labravaradiofm\\\/\"},{\"@type\":\"ListItem\",\"position\":2,\"name\":\"Personal de limpia reinicia bloqueos en la ciudad de Oaxaca\"}]},{\"@type\":\"WebSite\",\"@id\":\"https:\\\/\\\/www.bbmnoticias.com\\\/labravaradiofm\\\/#website\",\"url\":\"https:\\\/\\\/www.bbmnoticias.com\\\/labravaradiofm\\\/\",\"name\":\"LA BRAVA RADIO\",\"description\":\"Empresa productora de medios, Radiodifusi\u00f3n, Noticias, tendencias y todo lo que necesitas saber de la pol\u00edtica mexicana e internacional; entretenimiento, espect\u00e1culos, salud y mucho m\u00e1s.\",\"potentialAction\":[{\"@type\":\"SearchAction\",\"target\":{\"@type\":\"EntryPoint\",\"urlTemplate\":\"https:\\\/\\\/www.bbmnoticias.com\\\/labravaradiofm\\\/?s={search_term_string}\"},\"query-input\":{\"@type\":\"PropertyValueSpecification\",\"valueRequired\":true,\"valueName\":\"search_term_string\"}}],\"inLanguage\":\"es\"},{\"@type\":\"Person\",\"@id\":\"https:\\\/\\\/www.bbmnoticias.com\\\/labravaradiofm\\\/#\\\/schema\\\/person\\\/b7ad4658f4970d61499e84f6fe178160\",\"name\":\"Quadratin\",\"image\":{\"@type\":\"ImageObject\",\"inLanguage\":\"es\",\"@id\":\"https:\\\/\\\/secure.gravatar.com\\\/avatar\\\/34008d7d72488432d6a74f81e839efc9f754b118786ca32cf39d9d5508a68f63?s=96&d=mm&r=g\",\"url\":\"https:\\\/\\\/secure.gravatar.com\\\/avatar\\\/34008d7d72488432d6a74f81e839efc9f754b118786ca32cf39d9d5508a68f63?s=96&d=mm&r=g\",\"contentUrl\":\"https:\\\/\\\/secure.gravatar.com\\\/avatar\\\/34008d7d72488432d6a74f81e839efc9f754b118786ca32cf39d9d5508a68f63?s=96&d=mm&r=g\",\"caption\":\"Quadratin\"},\"url\":\"https:\\\/\\\/www.bbmnoticias.com\\\/labravaradiofm\\\/author\\\/quadratin\\\/\"}]}<\/script>\n<!-- \/ Yoast SEO plugin. -->","yoast_head_json":{"title":"Personal de limpia reinicia bloqueos en la ciudad de Oaxaca - LA BRAVA RADIO","description":"Desde las 5 de la ma\u00f1ana est\u00e1n concentrados en por lo menos ocho puntos de la ciudad, entre los principales cruceros y calles de la ciudad.","robots":{"index":"index","follow":"follow","max-snippet":"max-snippet:-1","max-image-preview":"max-image-preview:large","max-video-preview":"max-video-preview:-1"},"canonical":"https:\/\/www.bbmnoticias.com\/labravaradiofm\/2021\/10\/06\/personal-de-limpia-reinicia-bloqueos-en-la-ciudad-de-oaxaca\/","og_locale":"es_MX","og_type":"article","og_title":"Personal de limpia reinicia bloqueos en la ciudad de Oaxaca - LA BRAVA RADIO","og_description":"Desde las 5 de la ma\u00f1ana est\u00e1n concentrados en por lo menos ocho puntos de la ciudad, entre los principales cruceros y calles de la ciudad.","og_url":"https:\/\/www.bbmnoticias.com\/labravaradiofm\/2021\/10\/06\/personal-de-limpia-reinicia-bloqueos-en-la-ciudad-de-oaxaca\/","og_site_name":"LA BRAVA RADIO","article_published_time":"2021-10-06T13:02:58+00:00","article_modified_time":"2021-10-06T13:05:15+00:00","og_image":[{"width":1024,"height":768,"url":"https:\/\/www.bbmnoticias.com\/labravaradiofm\/wp-content\/uploads\/sites\/5\/2021\/10\/local06102021-2.jpg","type":"image\/jpeg"}],"author":"Quadratin","twitter_card":"summary_large_image","twitter_misc":{"Escrito por":"Quadratin","Tiempo de lectura":"2 minutos"},"schema":{"@context":"https:\/\/schema.org","@graph":[{"@type":"Article","@id":"https:\/\/www.bbmnoticias.com\/labravaradiofm\/2021\/10\/06\/personal-de-limpia-reinicia-bloqueos-en-la-ciudad-de-oaxaca\/#article","isPartOf":{"@id":"https:\/\/www.bbmnoticias.com\/labravaradiofm\/2021\/10\/06\/personal-de-limpia-reinicia-bloqueos-en-la-ciudad-de-oaxaca\/"},"author":{"name":"Quadratin","@id":"https:\/\/www.bbmnoticias.com\/labravaradiofm\/#\/schema\/person\/b7ad4658f4970d61499e84f6fe178160"},"headline":"Personal de limpia reinicia bloqueos en la ciudad de Oaxaca","datePublished":"2021-10-06T13:02:58+00:00","dateModified":"2021-10-06T13:05:15+00:00","mainEntityOfPage":{"@id":"https:\/\/www.bbmnoticias.com\/labravaradiofm\/2021\/10\/06\/personal-de-limpia-reinicia-bloqueos-en-la-ciudad-de-oaxaca\/"},"wordCount":439,"image":{"@id":"https:\/\/www.bbmnoticias.com\/labravaradiofm\/2021\/10\/06\/personal-de-limpia-reinicia-bloqueos-en-la-ciudad-de-oaxaca\/#primaryimage"},"thumbnailUrl":"https:\/\/www.bbmnoticias.com\/labravaradiofm\/wp-content\/uploads\/sites\/5\/2021\/10\/local06102021-2.jpg","inLanguage":"es"},{"@type":"WebPage","@id":"https:\/\/www.bbmnoticias.com\/labravaradiofm\/2021\/10\/06\/personal-de-limpia-reinicia-bloqueos-en-la-ciudad-de-oaxaca\/","url":"https:\/\/www.bbmnoticias.com\/labravaradiofm\/2021\/10\/06\/personal-de-limpia-reinicia-bloqueos-en-la-ciudad-de-oaxaca\/","name":"Personal de limpia reinicia bloqueos en la ciudad de Oaxaca - LA BRAVA RADIO","isPartOf":{"@id":"https:\/\/www.bbmnoticias.com\/labravaradiofm\/#website"},"primaryImageOfPage":{"@id":"https:\/\/www.bbmnoticias.com\/labravaradiofm\/2021\/10\/06\/personal-de-limpia-reinicia-bloqueos-en-la-ciudad-de-oaxaca\/#primaryimage"},"image":{"@id":"https:\/\/www.bbmnoticias.com\/labravaradiofm\/2021\/10\/06\/personal-de-limpia-reinicia-bloqueos-en-la-ciudad-de-oaxaca\/#primaryimage"},"thumbnailUrl":"https:\/\/www.bbmnoticias.com\/labravaradiofm\/wp-content\/uploads\/sites\/5\/2021\/10\/local06102021-2.jpg","datePublished":"2021-10-06T13:02:58+00:00","dateModified":"2021-10-06T13:05:15+00:00","author":{"@id":"https:\/\/www.bbmnoticias.com\/labravaradiofm\/#\/schema\/person\/b7ad4658f4970d61499e84f6fe178160"},"description":"Desde las 5 de la ma\u00f1ana est\u00e1n concentrados en por lo menos ocho puntos de la ciudad, entre los principales cruceros y calles de la ciudad.","breadcrumb":{"@id":"https:\/\/www.bbmnoticias.com\/labravaradiofm\/2021\/10\/06\/personal-de-limpia-reinicia-bloqueos-en-la-ciudad-de-oaxaca\/#breadcrumb"},"inLanguage":"es","potentialAction":[{"@type":"ReadAction","target":["https:\/\/www.bbmnoticias.com\/labravaradiofm\/2021\/10\/06\/personal-de-limpia-reinicia-bloqueos-en-la-ciudad-de-oaxaca\/"]}]},{"@type":"ImageObject","inLanguage":"es","@id":"https:\/\/www.bbmnoticias.com\/labravaradiofm\/2021\/10\/06\/personal-de-limpia-reinicia-bloqueos-en-la-ciudad-de-oaxaca\/#primaryimage","url":"https:\/\/www.bbmnoticias.com\/labravaradiofm\/wp-content\/uploads\/sites\/5\/2021\/10\/local06102021-2.jpg","contentUrl":"https:\/\/www.bbmnoticias.com\/labravaradiofm\/wp-content\/uploads\/sites\/5\/2021\/10\/local06102021-2.jpg","width":1024,"height":768},{"@type":"BreadcrumbList","@id":"https:\/\/www.bbmnoticias.com\/labravaradiofm\/2021\/10\/06\/personal-de-limpia-reinicia-bloqueos-en-la-ciudad-de-oaxaca\/#breadcrumb","itemListElement":[{"@type":"ListItem","position":1,"name":"Inicio","item":"https:\/\/www.bbmnoticias.com\/labravaradiofm\/"},{"@type":"ListItem","position":2,"name":"Personal de limpia reinicia bloqueos en la ciudad de Oaxaca"}]},{"@type":"WebSite","@id":"https:\/\/www.bbmnoticias.com\/labravaradiofm\/#website","url":"https:\/\/www.bbmnoticias.com\/labravaradiofm\/","name":"LA BRAVA RADIO","description":"Empresa productora de medios, Radiodifusi\u00f3n, Noticias, tendencias y todo lo que necesitas saber de la pol\u00edtica mexicana e internacional; entretenimiento, espect\u00e1culos, salud y mucho m\u00e1s.","potentialAction":[{"@type":"SearchAction","target":{"@type":"EntryPoint","urlTemplate":"https:\/\/www.bbmnoticias.com\/labravaradiofm\/?s={search_term_string}"},"query-input":{"@type":"PropertyValueSpecification","valueRequired":true,"valueName":"search_term_string"}}],"inLanguage":"es"},{"@type":"Person","@id":"https:\/\/www.bbmnoticias.com\/labravaradiofm\/#\/schema\/person\/b7ad4658f4970d61499e84f6fe178160","name":"Quadratin","image":{"@type":"ImageObject","inLanguage":"es","@id":"https:\/\/secure.gravatar.com\/avatar\/34008d7d72488432d6a74f81e839efc9f754b118786ca32cf39d9d5508a68f63?s=96&d=mm&r=g","url":"https:\/\/secure.gravatar.com\/avatar\/34008d7d72488432d6a74f81e839efc9f754b118786ca32cf39d9d5508a68f63?s=96&d=mm&r=g","contentUrl":"https:\/\/secure.gravatar.com\/avatar\/34008d7d72488432d6a74f81e839efc9f754b118786ca32cf39d9d5508a68f63?s=96&d=mm&r=g","caption":"Quadratin"},"url":"https:\/\/www.bbmnoticias.com\/labravaradiofm\/author\/quadratin\/"}]}},"_links":{"self":[{"href":"https:\/\/www.bbmnoticias.com\/labravaradiofm\/wp-json\/wp\/v2\/posts\/3186","targetHints":{"allow":["GET"]}}],"collection":[{"href":"https:\/\/www.bbmnoticias.com\/labravaradiofm\/wp-json\/wp\/v2\/posts"}],"about":[{"href":"https:\/\/www.bbmnoticias.com\/labravaradiofm\/wp-json\/wp\/v2\/types\/post"}],"author":[{"embeddable":true,"href":"https:\/\/www.bbmnoticias.com\/labravaradiofm\/wp-json\/wp\/v2\/users\/5"}],"replies":[{"embeddable":true,"href":"https:\/\/www.bbmnoticias.com\/labravaradiofm\/wp-json\/wp\/v2\/comments?post=3186"}],"version-history":[{"count":0,"href":"https:\/\/www.bbmnoticias.com\/labravaradiofm\/wp-json\/wp\/v2\/posts\/3186\/revisions"}],"wp:featuredmedia":[{"embeddable":true,"href":"https:\/\/www.bbmnoticias.com\/labravaradiofm\/wp-json\/wp\/v2\/media\/3187"}],"wp:attachment":[{"href":"https:\/\/www.bbmnoticias.com\/labravaradiofm\/wp-json\/wp\/v2\/media?parent=3186"}],"wp:term":[{"taxonomy":"category","embeddable":true,"href":"https:\/\/www.bbmnoticias.com\/labravaradiofm\/wp-json\/wp\/v2\/categories?post=3186"},{"taxonomy":"post_tag","embeddable":true,"href":"https:\/\/www.bbmnoticias.com\/labravaradiofm\/wp-json\/wp\/v2\/tags?post=3186"}],"curies":[{"name":"wp","href":"https:\/\/api.w.org\/{rel}","templated":true}]}}