{"id":3178,"date":"2021-10-06T07:17:52","date_gmt":"2021-10-06T12:17:52","guid":{"rendered":"https:\/\/www.bbmnoticias.com\/labravaradiofm\/?p=3178"},"modified":"2021-10-06T07:17:54","modified_gmt":"2021-10-06T12:17:54","slug":"antonio-banderas-es-un-profesional-y-he-aprendido-mucho-de-el-estibalitz-ruiz","status":"publish","type":"post","link":"https:\/\/www.bbmnoticias.com\/labravaradiofm\/2021\/10\/06\/antonio-banderas-es-un-profesional-y-he-aprendido-mucho-de-el-estibalitz-ruiz\/","title":{"rendered":"Antonio Banderas es un profesional y he aprendido mucho de \u00e9l: Estibalitz Ruiz"},"content":{"rendered":"<div style=\"margin-top: 0px; margin-bottom: 0px;\" class=\"sharethis-inline-share-buttons\" ><\/div>\n<p><strong>Madrid, Espa\u00f1a.-&nbsp; <\/strong>Volver a los escenarios&nbsp; para la actriz mexicana Estibalitz Ruiz, es un placer. Adem\u00e1s que va de la mano de la compa\u00f1\u00eda de Antonio Banderas que estrena en el Teatro Calder\u00f3n de Madrid <em>A chorus Line<\/em>.&nbsp;<\/p>\n\n\n\n<p>Despu\u00e9s de un par\u00f3n debido al Covid 19. La compa\u00f1\u00eda vuelve a tomar rumbo de su gira pospuesta y se presentan a partir de octubre en la capital de Espa\u00f1a.<\/p>\n\n\n\n<p>Estibalitz, explica. Me enter\u00e9 de las audiciones por una compa\u00f1era que vive en Espa\u00f1a, yo me encontraba\u00a0 en la Ciudad de M\u00e9xico &#8211; sin perder en ning\u00fan momento su sonrisa-\u00a0 me cont\u00f3 de las audiciones en Espa\u00f1a y me interes\u00f3 ya que en el 2010 hice\u00a0 <em>A Chorus Line<\/em> en M\u00e9xico. Apliqu\u00e9 por l\u00ednea, y ped\u00ed permiso para viajar a Espa\u00f1a y hacer las audiciones, en ese tiempo estaba en<em> Los miserables.<\/em> Fueron varios d\u00edas de estar en Barcelona y M\u00e1laga, el \u00faltimo d\u00eda me desped\u00ed con la idea de regresar a M\u00e9xico. Pero al d\u00eda siguiente me llamaron para preguntarme si quer\u00eda permanecer en la compa\u00f1\u00eda y mi respuesta fue por supuesto que s\u00ed.<\/p>\n\n\n\n<p><\/p>\n\n\n\n<figure class=\"wp-block-image size-large\"><img loading=\"lazy\" decoding=\"async\" width=\"1280\" height=\"853\" src=\"https:\/\/www.bbmnoticias.com\/labravaradiofm\/wp-content\/uploads\/sites\/5\/2021\/10\/espectaculos06102021-2.jpg\" alt=\"\" class=\"wp-image-3180\" srcset=\"https:\/\/www.bbmnoticias.com\/labravaradiofm\/wp-content\/uploads\/sites\/5\/2021\/10\/espectaculos06102021-2.jpg 1280w, https:\/\/www.bbmnoticias.com\/labravaradiofm\/wp-content\/uploads\/sites\/5\/2021\/10\/espectaculos06102021-2-300x200.jpg 300w, https:\/\/www.bbmnoticias.com\/labravaradiofm\/wp-content\/uploads\/sites\/5\/2021\/10\/espectaculos06102021-2-1024x682.jpg 1024w, https:\/\/www.bbmnoticias.com\/labravaradiofm\/wp-content\/uploads\/sites\/5\/2021\/10\/espectaculos06102021-2-768x512.jpg 768w, https:\/\/www.bbmnoticias.com\/labravaradiofm\/wp-content\/uploads\/sites\/5\/2021\/10\/espectaculos06102021-2-630x420.jpg 630w, https:\/\/www.bbmnoticias.com\/labravaradiofm\/wp-content\/uploads\/sites\/5\/2021\/10\/espectaculos06102021-2-640x427.jpg 640w, https:\/\/www.bbmnoticias.com\/labravaradiofm\/wp-content\/uploads\/sites\/5\/2021\/10\/espectaculos06102021-2-681x454.jpg 681w\" sizes=\"auto, (max-width: 1280px) 100vw, 1280px\" \/><\/figure>\n\n\n\n<p><em>A chorus line<\/em> se estren\u00f3 en M\u00e1laga junto con el Teatro Soho Caixabank. El protagonista fue Antonio Banderas; era la primera vez que pisa un escenario en su tierra natal, despu\u00e9s de triunfar internacionalmente, tambi\u00e9n cumpl\u00eda su sue\u00f1o de tener un teatro para cumplir todos sus sue\u00f1os.<\/p>\n\n\n\n<p>\u201cEste regreso al escenario me emociona y me encuentro muy feliz. Estar en est\u00e1 ciudad -Madrid- y que la gente vea el trabajo que hacemos es emocionante\u201d.<\/p>\n\n\n\n<p>La actriz mexicana, reconocida por su talento vocal y su calidad actoral interpreta a Diana Morales, una puertorrique\u00f1a amante del teatro y lleva el estandarte del amor por la profesi\u00f3n.<\/p>\n\n\n\n<p>Mi personaje es una guerrera y apasionada por lo que hace. Me siento identificada con ella. Diana hace despertar a todos y les muestra porque est\u00e1n en el arte, la importancia de estar en el escenario y el motivo que es por amor a lo que se hace.. <em>A Chorus line <\/em>es un musical en el que el p\u00fablico puede identificarse con los personajes ya que trasladan que puedes pasar por muchas cosas pero cuando hacen lo que amas es un placer.<\/p>\n\n\n\n<p><\/p>\n\n\n\n<figure class=\"wp-block-image size-large\"><img loading=\"lazy\" decoding=\"async\" width=\"1024\" height=\"768\" src=\"https:\/\/www.bbmnoticias.com\/labravaradiofm\/wp-content\/uploads\/sites\/5\/2021\/10\/espectaculos06102021-3-1024x768.jpg\" alt=\"\" class=\"wp-image-3181\" srcset=\"https:\/\/www.bbmnoticias.com\/labravaradiofm\/wp-content\/uploads\/sites\/5\/2021\/10\/espectaculos06102021-3-1024x768.jpg 1024w, https:\/\/www.bbmnoticias.com\/labravaradiofm\/wp-content\/uploads\/sites\/5\/2021\/10\/espectaculos06102021-3-300x225.jpg 300w, https:\/\/www.bbmnoticias.com\/labravaradiofm\/wp-content\/uploads\/sites\/5\/2021\/10\/espectaculos06102021-3-768x576.jpg 768w, https:\/\/www.bbmnoticias.com\/labravaradiofm\/wp-content\/uploads\/sites\/5\/2021\/10\/espectaculos06102021-3-560x420.jpg 560w, https:\/\/www.bbmnoticias.com\/labravaradiofm\/wp-content\/uploads\/sites\/5\/2021\/10\/espectaculos06102021-3-80x60.jpg 80w, https:\/\/www.bbmnoticias.com\/labravaradiofm\/wp-content\/uploads\/sites\/5\/2021\/10\/espectaculos06102021-3-100x75.jpg 100w, https:\/\/www.bbmnoticias.com\/labravaradiofm\/wp-content\/uploads\/sites\/5\/2021\/10\/espectaculos06102021-3-180x135.jpg 180w, https:\/\/www.bbmnoticias.com\/labravaradiofm\/wp-content\/uploads\/sites\/5\/2021\/10\/espectaculos06102021-3-238x178.jpg 238w, https:\/\/www.bbmnoticias.com\/labravaradiofm\/wp-content\/uploads\/sites\/5\/2021\/10\/espectaculos06102021-3-640x480.jpg 640w, https:\/\/www.bbmnoticias.com\/labravaradiofm\/wp-content\/uploads\/sites\/5\/2021\/10\/espectaculos06102021-3-681x511.jpg 681w, https:\/\/www.bbmnoticias.com\/labravaradiofm\/wp-content\/uploads\/sites\/5\/2021\/10\/espectaculos06102021-3.jpg 1280w\" sizes=\"auto, (max-width: 1024px) 100vw, 1024px\" \/><\/figure>\n\n\n\n<p>Estibalitz comparte que este musical tiene una particularidad, que se entrena a los actores para estar en excelentes condiciones f\u00edsicas, mentales y emocionales. Es una obra dif\u00edcil, es estar dos horas en el escenario sin tomar agua. Es&nbsp; una \u00faltima audici\u00f3n donde hay que dar todo o no te quedas. Exige mucho f\u00edsicamente.&nbsp;<\/p>\n\n\n\n<p>\u201cTenemos en ensayos y antes de la funci\u00f3n, cuarenta y cinco minutos de entrenamiento, casi militar. Es bonito porque une a la compa\u00f1\u00eda, pero es muy candado. Cuando empiezan las funciones hay que seguir en forma y acabamos cansados. La directora art\u00edstica nos dice que es una manera de crear ambiente en el que ya no puedes pero debes seguir adelante.&nbsp;<\/p>\n\n\n\n<p>Estos calentamientos siguieron durante la pandemia, v\u00eda internet se comunicaban y programaban los entrenamientos hasta que se dieron cuenta que la pandemia se extend\u00eda por m\u00e1s tiempo de lo pensado y tuvieron que dejar de hacerlos. Hasta que de nuevo se han juntado para retomar las presentaciones.<\/p>\n\n\n\n<p>Sobre su relaci\u00f3n con Antonio Banderas comenta: \u201cVer a Banderas era un poco intimidante, y de no creerse. \u00c9l tiene la chispa de hablarte como colega . Me di cuenta que estaba hablando con \u00e9l como cualquier compa\u00f1ero.\u00a0 Lo emocionante de trabajar con \u00e9l es conocer su amor por lo que hace, es muy profesional y admir\u00f3 ver c\u00f3mo se comporta en el sal\u00f3n de ensayo, su disciplina te hace querer hacer bien tu trabajo. El no se maneja como una estrella, es uno m\u00e1s, es muy gratificante\u201d.<\/p>\n\n\n\n<figure class=\"wp-block-embed is-type-video is-provider-youtube wp-block-embed-youtube wp-embed-aspect-16-9 wp-has-aspect-ratio\"><div class=\"wp-block-embed__wrapper\">\n<div class=\"youtube-embed\" data-video_id=\"Y2osEDkPnvM\"><iframe loading=\"lazy\" title=\"Estibalitz Ruiz en A Chorus line\" width=\"696\" height=\"392\" src=\"https:\/\/www.youtube.com\/embed\/Y2osEDkPnvM?start=100&#038;feature=oembed\" frameborder=\"0\" allow=\"accelerometer; autoplay; clipboard-write; encrypted-media; gyroscope; picture-in-picture; web-share\" allowfullscreen><\/iframe><\/div>\n<\/div><\/figure>\n","protected":false},"excerpt":{"rendered":"<p>Madrid, Espa\u00f1a.-&nbsp; Volver a los escenarios&nbsp; para la actriz mexicana Estibalitz Ruiz, es un placer. Adem\u00e1s que va de la mano de la compa\u00f1\u00eda de Antonio Banderas que estrena en el Teatro Calder\u00f3n de Madrid A chorus Line.&nbsp; Despu\u00e9s de un par\u00f3n debido al Covid 19. La compa\u00f1\u00eda vuelve a tomar rumbo de su gira [&hellip;]<\/p>\n","protected":false},"author":6,"featured_media":3179,"comment_status":"closed","ping_status":"closed","sticky":false,"template":"","format":"standard","meta":{"footnotes":""},"categories":[1],"tags":[],"class_list":{"0":"post-3178","1":"post","2":"type-post","3":"status-publish","4":"format-standard","5":"has-post-thumbnail","7":"category-sin-categoria"},"yoast_head":"<!-- This site is optimized with the Yoast SEO plugin v27.4 - https:\/\/yoast.com\/product\/yoast-seo-wordpress\/ -->\n<title>Antonio Banderas es un profesional y he aprendido mucho de \u00e9l: Estibalitz Ruiz - LA BRAVA RADIO<\/title>\n<meta name=\"robots\" content=\"index, follow, max-snippet:-1, max-image-preview:large, max-video-preview:-1\" \/>\n<link rel=\"canonical\" href=\"https:\/\/www.bbmnoticias.com\/labravaradiofm\/2021\/10\/06\/antonio-banderas-es-un-profesional-y-he-aprendido-mucho-de-el-estibalitz-ruiz\/\" \/>\n<meta property=\"og:locale\" content=\"es_MX\" \/>\n<meta property=\"og:type\" content=\"article\" \/>\n<meta property=\"og:title\" content=\"Antonio Banderas es un profesional y he aprendido mucho de \u00e9l: Estibalitz Ruiz - LA BRAVA RADIO\" \/>\n<meta property=\"og:description\" content=\"Madrid, Espa\u00f1a.-&nbsp; Volver a los escenarios&nbsp; para la actriz mexicana Estibalitz Ruiz, es un placer. Adem\u00e1s que va de la mano de la compa\u00f1\u00eda de Antonio Banderas que estrena en el Teatro Calder\u00f3n de Madrid A chorus Line.&nbsp; Despu\u00e9s de un par\u00f3n debido al Covid 19. La compa\u00f1\u00eda vuelve a tomar rumbo de su gira [&hellip;]\" \/>\n<meta property=\"og:url\" content=\"https:\/\/www.bbmnoticias.com\/labravaradiofm\/2021\/10\/06\/antonio-banderas-es-un-profesional-y-he-aprendido-mucho-de-el-estibalitz-ruiz\/\" \/>\n<meta property=\"og:site_name\" content=\"LA BRAVA RADIO\" \/>\n<meta property=\"article:published_time\" content=\"2021-10-06T12:17:52+00:00\" \/>\n<meta property=\"article:modified_time\" content=\"2021-10-06T12:17:54+00:00\" \/>\n<meta property=\"og:image\" content=\"https:\/\/www.bbmnoticias.com\/labravaradiofm\/wp-content\/uploads\/sites\/5\/2021\/10\/espectaculos06102021-1.jpg\" \/>\n\t<meta property=\"og:image:width\" content=\"800\" \/>\n\t<meta property=\"og:image:height\" content=\"800\" \/>\n\t<meta property=\"og:image:type\" content=\"image\/jpeg\" \/>\n<meta name=\"author\" content=\"Mar\u00eda Esther Beltr\u00e1n Mart\u00ednez\" \/>\n<meta name=\"twitter:card\" content=\"summary_large_image\" \/>\n<meta name=\"twitter:label1\" content=\"Escrito por\" \/>\n\t<meta name=\"twitter:data1\" content=\"Mar\u00eda Esther Beltr\u00e1n Mart\u00ednez\" \/>\n\t<meta name=\"twitter:label2\" content=\"Tiempo de lectura\" \/>\n\t<meta name=\"twitter:data2\" content=\"4 minutos\" \/>\n<script type=\"application\/ld+json\" class=\"yoast-schema-graph\">{\"@context\":\"https:\\\/\\\/schema.org\",\"@graph\":[{\"@type\":\"Article\",\"@id\":\"https:\\\/\\\/www.bbmnoticias.com\\\/labravaradiofm\\\/2021\\\/10\\\/06\\\/antonio-banderas-es-un-profesional-y-he-aprendido-mucho-de-el-estibalitz-ruiz\\\/#article\",\"isPartOf\":{\"@id\":\"https:\\\/\\\/www.bbmnoticias.com\\\/labravaradiofm\\\/2021\\\/10\\\/06\\\/antonio-banderas-es-un-profesional-y-he-aprendido-mucho-de-el-estibalitz-ruiz\\\/\"},\"author\":{\"name\":\"Mar\u00eda Esther Beltr\u00e1n Mart\u00ednez\",\"@id\":\"https:\\\/\\\/www.bbmnoticias.com\\\/labravaradiofm\\\/#\\\/schema\\\/person\\\/41d0982b1d4323f7e41831830886413d\"},\"headline\":\"Antonio Banderas es un profesional y he aprendido mucho de \u00e9l: Estibalitz Ruiz\",\"datePublished\":\"2021-10-06T12:17:52+00:00\",\"dateModified\":\"2021-10-06T12:17:54+00:00\",\"mainEntityOfPage\":{\"@id\":\"https:\\\/\\\/www.bbmnoticias.com\\\/labravaradiofm\\\/2021\\\/10\\\/06\\\/antonio-banderas-es-un-profesional-y-he-aprendido-mucho-de-el-estibalitz-ruiz\\\/\"},\"wordCount\":694,\"image\":{\"@id\":\"https:\\\/\\\/www.bbmnoticias.com\\\/labravaradiofm\\\/2021\\\/10\\\/06\\\/antonio-banderas-es-un-profesional-y-he-aprendido-mucho-de-el-estibalitz-ruiz\\\/#primaryimage\"},\"thumbnailUrl\":\"https:\\\/\\\/www.bbmnoticias.com\\\/labravaradiofm\\\/wp-content\\\/uploads\\\/sites\\\/5\\\/2021\\\/10\\\/espectaculos06102021-1.jpg\",\"inLanguage\":\"es\"},{\"@type\":\"WebPage\",\"@id\":\"https:\\\/\\\/www.bbmnoticias.com\\\/labravaradiofm\\\/2021\\\/10\\\/06\\\/antonio-banderas-es-un-profesional-y-he-aprendido-mucho-de-el-estibalitz-ruiz\\\/\",\"url\":\"https:\\\/\\\/www.bbmnoticias.com\\\/labravaradiofm\\\/2021\\\/10\\\/06\\\/antonio-banderas-es-un-profesional-y-he-aprendido-mucho-de-el-estibalitz-ruiz\\\/\",\"name\":\"Antonio Banderas es un profesional y he aprendido mucho de \u00e9l: Estibalitz Ruiz - LA BRAVA RADIO\",\"isPartOf\":{\"@id\":\"https:\\\/\\\/www.bbmnoticias.com\\\/labravaradiofm\\\/#website\"},\"primaryImageOfPage\":{\"@id\":\"https:\\\/\\\/www.bbmnoticias.com\\\/labravaradiofm\\\/2021\\\/10\\\/06\\\/antonio-banderas-es-un-profesional-y-he-aprendido-mucho-de-el-estibalitz-ruiz\\\/#primaryimage\"},\"image\":{\"@id\":\"https:\\\/\\\/www.bbmnoticias.com\\\/labravaradiofm\\\/2021\\\/10\\\/06\\\/antonio-banderas-es-un-profesional-y-he-aprendido-mucho-de-el-estibalitz-ruiz\\\/#primaryimage\"},\"thumbnailUrl\":\"https:\\\/\\\/www.bbmnoticias.com\\\/labravaradiofm\\\/wp-content\\\/uploads\\\/sites\\\/5\\\/2021\\\/10\\\/espectaculos06102021-1.jpg\",\"datePublished\":\"2021-10-06T12:17:52+00:00\",\"dateModified\":\"2021-10-06T12:17:54+00:00\",\"author\":{\"@id\":\"https:\\\/\\\/www.bbmnoticias.com\\\/labravaradiofm\\\/#\\\/schema\\\/person\\\/41d0982b1d4323f7e41831830886413d\"},\"breadcrumb\":{\"@id\":\"https:\\\/\\\/www.bbmnoticias.com\\\/labravaradiofm\\\/2021\\\/10\\\/06\\\/antonio-banderas-es-un-profesional-y-he-aprendido-mucho-de-el-estibalitz-ruiz\\\/#breadcrumb\"},\"inLanguage\":\"es\",\"potentialAction\":[{\"@type\":\"ReadAction\",\"target\":[\"https:\\\/\\\/www.bbmnoticias.com\\\/labravaradiofm\\\/2021\\\/10\\\/06\\\/antonio-banderas-es-un-profesional-y-he-aprendido-mucho-de-el-estibalitz-ruiz\\\/\"]}]},{\"@type\":\"ImageObject\",\"inLanguage\":\"es\",\"@id\":\"https:\\\/\\\/www.bbmnoticias.com\\\/labravaradiofm\\\/2021\\\/10\\\/06\\\/antonio-banderas-es-un-profesional-y-he-aprendido-mucho-de-el-estibalitz-ruiz\\\/#primaryimage\",\"url\":\"https:\\\/\\\/www.bbmnoticias.com\\\/labravaradiofm\\\/wp-content\\\/uploads\\\/sites\\\/5\\\/2021\\\/10\\\/espectaculos06102021-1.jpg\",\"contentUrl\":\"https:\\\/\\\/www.bbmnoticias.com\\\/labravaradiofm\\\/wp-content\\\/uploads\\\/sites\\\/5\\\/2021\\\/10\\\/espectaculos06102021-1.jpg\",\"width\":800,\"height\":800},{\"@type\":\"BreadcrumbList\",\"@id\":\"https:\\\/\\\/www.bbmnoticias.com\\\/labravaradiofm\\\/2021\\\/10\\\/06\\\/antonio-banderas-es-un-profesional-y-he-aprendido-mucho-de-el-estibalitz-ruiz\\\/#breadcrumb\",\"itemListElement\":[{\"@type\":\"ListItem\",\"position\":1,\"name\":\"Inicio\",\"item\":\"https:\\\/\\\/www.bbmnoticias.com\\\/labravaradiofm\\\/\"},{\"@type\":\"ListItem\",\"position\":2,\"name\":\"Antonio Banderas es un profesional y he aprendido mucho de \u00e9l: Estibalitz Ruiz\"}]},{\"@type\":\"WebSite\",\"@id\":\"https:\\\/\\\/www.bbmnoticias.com\\\/labravaradiofm\\\/#website\",\"url\":\"https:\\\/\\\/www.bbmnoticias.com\\\/labravaradiofm\\\/\",\"name\":\"LA BRAVA RADIO\",\"description\":\"Empresa productora de medios, Radiodifusi\u00f3n, Noticias, tendencias y todo lo que necesitas saber de la pol\u00edtica mexicana e internacional; entretenimiento, espect\u00e1culos, salud y mucho m\u00e1s.\",\"potentialAction\":[{\"@type\":\"SearchAction\",\"target\":{\"@type\":\"EntryPoint\",\"urlTemplate\":\"https:\\\/\\\/www.bbmnoticias.com\\\/labravaradiofm\\\/?s={search_term_string}\"},\"query-input\":{\"@type\":\"PropertyValueSpecification\",\"valueRequired\":true,\"valueName\":\"search_term_string\"}}],\"inLanguage\":\"es\"},{\"@type\":\"Person\",\"@id\":\"https:\\\/\\\/www.bbmnoticias.com\\\/labravaradiofm\\\/#\\\/schema\\\/person\\\/41d0982b1d4323f7e41831830886413d\",\"name\":\"Mar\u00eda Esther Beltr\u00e1n Mart\u00ednez\",\"image\":{\"@type\":\"ImageObject\",\"inLanguage\":\"es\",\"@id\":\"https:\\\/\\\/secure.gravatar.com\\\/avatar\\\/50efe5915c3eac137dcc550ff1c590bc6054705eb482a33520c9501c8eec550f?s=96&d=mm&r=g\",\"url\":\"https:\\\/\\\/secure.gravatar.com\\\/avatar\\\/50efe5915c3eac137dcc550ff1c590bc6054705eb482a33520c9501c8eec550f?s=96&d=mm&r=g\",\"contentUrl\":\"https:\\\/\\\/secure.gravatar.com\\\/avatar\\\/50efe5915c3eac137dcc550ff1c590bc6054705eb482a33520c9501c8eec550f?s=96&d=mm&r=g\",\"caption\":\"Mar\u00eda Esther Beltr\u00e1n Mart\u00ednez\"},\"url\":\"https:\\\/\\\/www.bbmnoticias.com\\\/labravaradiofm\\\/author\\\/maria\\\/\"}]}<\/script>\n<!-- \/ Yoast SEO plugin. -->","yoast_head_json":{"title":"Antonio Banderas es un profesional y he aprendido mucho de \u00e9l: Estibalitz Ruiz - LA BRAVA RADIO","robots":{"index":"index","follow":"follow","max-snippet":"max-snippet:-1","max-image-preview":"max-image-preview:large","max-video-preview":"max-video-preview:-1"},"canonical":"https:\/\/www.bbmnoticias.com\/labravaradiofm\/2021\/10\/06\/antonio-banderas-es-un-profesional-y-he-aprendido-mucho-de-el-estibalitz-ruiz\/","og_locale":"es_MX","og_type":"article","og_title":"Antonio Banderas es un profesional y he aprendido mucho de \u00e9l: Estibalitz Ruiz - LA BRAVA RADIO","og_description":"Madrid, Espa\u00f1a.-&nbsp; Volver a los escenarios&nbsp; para la actriz mexicana Estibalitz Ruiz, es un placer. Adem\u00e1s que va de la mano de la compa\u00f1\u00eda de Antonio Banderas que estrena en el Teatro Calder\u00f3n de Madrid A chorus Line.&nbsp; Despu\u00e9s de un par\u00f3n debido al Covid 19. La compa\u00f1\u00eda vuelve a tomar rumbo de su gira [&hellip;]","og_url":"https:\/\/www.bbmnoticias.com\/labravaradiofm\/2021\/10\/06\/antonio-banderas-es-un-profesional-y-he-aprendido-mucho-de-el-estibalitz-ruiz\/","og_site_name":"LA BRAVA RADIO","article_published_time":"2021-10-06T12:17:52+00:00","article_modified_time":"2021-10-06T12:17:54+00:00","og_image":[{"width":800,"height":800,"url":"https:\/\/www.bbmnoticias.com\/labravaradiofm\/wp-content\/uploads\/sites\/5\/2021\/10\/espectaculos06102021-1.jpg","type":"image\/jpeg"}],"author":"Mar\u00eda Esther Beltr\u00e1n Mart\u00ednez","twitter_card":"summary_large_image","twitter_misc":{"Escrito por":"Mar\u00eda Esther Beltr\u00e1n Mart\u00ednez","Tiempo de lectura":"4 minutos"},"schema":{"@context":"https:\/\/schema.org","@graph":[{"@type":"Article","@id":"https:\/\/www.bbmnoticias.com\/labravaradiofm\/2021\/10\/06\/antonio-banderas-es-un-profesional-y-he-aprendido-mucho-de-el-estibalitz-ruiz\/#article","isPartOf":{"@id":"https:\/\/www.bbmnoticias.com\/labravaradiofm\/2021\/10\/06\/antonio-banderas-es-un-profesional-y-he-aprendido-mucho-de-el-estibalitz-ruiz\/"},"author":{"name":"Mar\u00eda Esther Beltr\u00e1n Mart\u00ednez","@id":"https:\/\/www.bbmnoticias.com\/labravaradiofm\/#\/schema\/person\/41d0982b1d4323f7e41831830886413d"},"headline":"Antonio Banderas es un profesional y he aprendido mucho de \u00e9l: Estibalitz Ruiz","datePublished":"2021-10-06T12:17:52+00:00","dateModified":"2021-10-06T12:17:54+00:00","mainEntityOfPage":{"@id":"https:\/\/www.bbmnoticias.com\/labravaradiofm\/2021\/10\/06\/antonio-banderas-es-un-profesional-y-he-aprendido-mucho-de-el-estibalitz-ruiz\/"},"wordCount":694,"image":{"@id":"https:\/\/www.bbmnoticias.com\/labravaradiofm\/2021\/10\/06\/antonio-banderas-es-un-profesional-y-he-aprendido-mucho-de-el-estibalitz-ruiz\/#primaryimage"},"thumbnailUrl":"https:\/\/www.bbmnoticias.com\/labravaradiofm\/wp-content\/uploads\/sites\/5\/2021\/10\/espectaculos06102021-1.jpg","inLanguage":"es"},{"@type":"WebPage","@id":"https:\/\/www.bbmnoticias.com\/labravaradiofm\/2021\/10\/06\/antonio-banderas-es-un-profesional-y-he-aprendido-mucho-de-el-estibalitz-ruiz\/","url":"https:\/\/www.bbmnoticias.com\/labravaradiofm\/2021\/10\/06\/antonio-banderas-es-un-profesional-y-he-aprendido-mucho-de-el-estibalitz-ruiz\/","name":"Antonio Banderas es un profesional y he aprendido mucho de \u00e9l: Estibalitz Ruiz - LA BRAVA RADIO","isPartOf":{"@id":"https:\/\/www.bbmnoticias.com\/labravaradiofm\/#website"},"primaryImageOfPage":{"@id":"https:\/\/www.bbmnoticias.com\/labravaradiofm\/2021\/10\/06\/antonio-banderas-es-un-profesional-y-he-aprendido-mucho-de-el-estibalitz-ruiz\/#primaryimage"},"image":{"@id":"https:\/\/www.bbmnoticias.com\/labravaradiofm\/2021\/10\/06\/antonio-banderas-es-un-profesional-y-he-aprendido-mucho-de-el-estibalitz-ruiz\/#primaryimage"},"thumbnailUrl":"https:\/\/www.bbmnoticias.com\/labravaradiofm\/wp-content\/uploads\/sites\/5\/2021\/10\/espectaculos06102021-1.jpg","datePublished":"2021-10-06T12:17:52+00:00","dateModified":"2021-10-06T12:17:54+00:00","author":{"@id":"https:\/\/www.bbmnoticias.com\/labravaradiofm\/#\/schema\/person\/41d0982b1d4323f7e41831830886413d"},"breadcrumb":{"@id":"https:\/\/www.bbmnoticias.com\/labravaradiofm\/2021\/10\/06\/antonio-banderas-es-un-profesional-y-he-aprendido-mucho-de-el-estibalitz-ruiz\/#breadcrumb"},"inLanguage":"es","potentialAction":[{"@type":"ReadAction","target":["https:\/\/www.bbmnoticias.com\/labravaradiofm\/2021\/10\/06\/antonio-banderas-es-un-profesional-y-he-aprendido-mucho-de-el-estibalitz-ruiz\/"]}]},{"@type":"ImageObject","inLanguage":"es","@id":"https:\/\/www.bbmnoticias.com\/labravaradiofm\/2021\/10\/06\/antonio-banderas-es-un-profesional-y-he-aprendido-mucho-de-el-estibalitz-ruiz\/#primaryimage","url":"https:\/\/www.bbmnoticias.com\/labravaradiofm\/wp-content\/uploads\/sites\/5\/2021\/10\/espectaculos06102021-1.jpg","contentUrl":"https:\/\/www.bbmnoticias.com\/labravaradiofm\/wp-content\/uploads\/sites\/5\/2021\/10\/espectaculos06102021-1.jpg","width":800,"height":800},{"@type":"BreadcrumbList","@id":"https:\/\/www.bbmnoticias.com\/labravaradiofm\/2021\/10\/06\/antonio-banderas-es-un-profesional-y-he-aprendido-mucho-de-el-estibalitz-ruiz\/#breadcrumb","itemListElement":[{"@type":"ListItem","position":1,"name":"Inicio","item":"https:\/\/www.bbmnoticias.com\/labravaradiofm\/"},{"@type":"ListItem","position":2,"name":"Antonio Banderas es un profesional y he aprendido mucho de \u00e9l: Estibalitz Ruiz"}]},{"@type":"WebSite","@id":"https:\/\/www.bbmnoticias.com\/labravaradiofm\/#website","url":"https:\/\/www.bbmnoticias.com\/labravaradiofm\/","name":"LA BRAVA RADIO","description":"Empresa productora de medios, Radiodifusi\u00f3n, Noticias, tendencias y todo lo que necesitas saber de la pol\u00edtica mexicana e internacional; entretenimiento, espect\u00e1culos, salud y mucho m\u00e1s.","potentialAction":[{"@type":"SearchAction","target":{"@type":"EntryPoint","urlTemplate":"https:\/\/www.bbmnoticias.com\/labravaradiofm\/?s={search_term_string}"},"query-input":{"@type":"PropertyValueSpecification","valueRequired":true,"valueName":"search_term_string"}}],"inLanguage":"es"},{"@type":"Person","@id":"https:\/\/www.bbmnoticias.com\/labravaradiofm\/#\/schema\/person\/41d0982b1d4323f7e41831830886413d","name":"Mar\u00eda Esther Beltr\u00e1n Mart\u00ednez","image":{"@type":"ImageObject","inLanguage":"es","@id":"https:\/\/secure.gravatar.com\/avatar\/50efe5915c3eac137dcc550ff1c590bc6054705eb482a33520c9501c8eec550f?s=96&d=mm&r=g","url":"https:\/\/secure.gravatar.com\/avatar\/50efe5915c3eac137dcc550ff1c590bc6054705eb482a33520c9501c8eec550f?s=96&d=mm&r=g","contentUrl":"https:\/\/secure.gravatar.com\/avatar\/50efe5915c3eac137dcc550ff1c590bc6054705eb482a33520c9501c8eec550f?s=96&d=mm&r=g","caption":"Mar\u00eda Esther Beltr\u00e1n Mart\u00ednez"},"url":"https:\/\/www.bbmnoticias.com\/labravaradiofm\/author\/maria\/"}]}},"_links":{"self":[{"href":"https:\/\/www.bbmnoticias.com\/labravaradiofm\/wp-json\/wp\/v2\/posts\/3178","targetHints":{"allow":["GET"]}}],"collection":[{"href":"https:\/\/www.bbmnoticias.com\/labravaradiofm\/wp-json\/wp\/v2\/posts"}],"about":[{"href":"https:\/\/www.bbmnoticias.com\/labravaradiofm\/wp-json\/wp\/v2\/types\/post"}],"author":[{"embeddable":true,"href":"https:\/\/www.bbmnoticias.com\/labravaradiofm\/wp-json\/wp\/v2\/users\/6"}],"replies":[{"embeddable":true,"href":"https:\/\/www.bbmnoticias.com\/labravaradiofm\/wp-json\/wp\/v2\/comments?post=3178"}],"version-history":[{"count":0,"href":"https:\/\/www.bbmnoticias.com\/labravaradiofm\/wp-json\/wp\/v2\/posts\/3178\/revisions"}],"wp:featuredmedia":[{"embeddable":true,"href":"https:\/\/www.bbmnoticias.com\/labravaradiofm\/wp-json\/wp\/v2\/media\/3179"}],"wp:attachment":[{"href":"https:\/\/www.bbmnoticias.com\/labravaradiofm\/wp-json\/wp\/v2\/media?parent=3178"}],"wp:term":[{"taxonomy":"category","embeddable":true,"href":"https:\/\/www.bbmnoticias.com\/labravaradiofm\/wp-json\/wp\/v2\/categories?post=3178"},{"taxonomy":"post_tag","embeddable":true,"href":"https:\/\/www.bbmnoticias.com\/labravaradiofm\/wp-json\/wp\/v2\/tags?post=3178"}],"curies":[{"name":"wp","href":"https:\/\/api.w.org\/{rel}","templated":true}]}}