{"id":3175,"date":"2021-10-05T20:23:25","date_gmt":"2021-10-06T01:23:25","guid":{"rendered":"https:\/\/www.bbmnoticias.com\/labravaradiofm\/?p=3175"},"modified":"2021-10-05T20:23:27","modified_gmt":"2021-10-06T01:23:27","slug":"retiran-bloqueos-en-la-ciudad-de-oaxaca-se-normaliza-el-transito","status":"publish","type":"post","link":"https:\/\/www.bbmnoticias.com\/labravaradiofm\/2021\/10\/05\/retiran-bloqueos-en-la-ciudad-de-oaxaca-se-normaliza-el-transito\/","title":{"rendered":"Retiran bloqueos en la ciudad de Oaxaca, se normaliza el tr\u00e1nsito"},"content":{"rendered":"<div style=\"margin-top: 0px; margin-bottom: 0px;\" class=\"sharethis-inline-share-buttons\" ><\/div>\n<p>OAXACA, Oax.- Personal de limpia del ayuntamiento de Oaxaca de Ju\u00e1rez retir\u00f3 sus bloqueos de los principales cruceros y calles de la ciudad.<\/p>\n\n\n\n<p>M\u00e1s de 12 horas estuvieron bloqueando para llamar la atenci\u00f3n del edil, Oswaldo Garc\u00eda Jarqu\u00edn debido a que no resuelve las diferentes problem\u00e1ticas que enfrentan los trabajadores para realizar sus labores.<\/p>\n\n\n\n<p>Este martes el gobernador de Oaxaca, Alejandro Murat Hinojosa dijo que se entregaron 20 millones de pesos para solucionar este tema pero que ni el presidente municipal ni el Cabildo se hab\u00edan puesto de acuerdo para bajar este recurso.<\/p>\n\n\n\n<p>Los trabajadores afiliados al sindicato independiente 3 de marzo anunciaron que seguir\u00e1n con los bloqueos en tanto Oswaldo Garc\u00eda no los atienda y resuelva las problem\u00e1ticas adem\u00e1s de que cumpla con los compromisos que hizo desde el inicio de su administraci\u00f3n.<\/p>\n","protected":false},"excerpt":{"rendered":"<p>OAXACA, Oax.- Personal de limpia del ayuntamiento de Oaxaca de Ju\u00e1rez retir\u00f3 sus bloqueos de los principales cruceros y calles de la ciudad. M\u00e1s de 12 horas estuvieron bloqueando para llamar la atenci\u00f3n del edil, Oswaldo Garc\u00eda Jarqu\u00edn debido a que no resuelve las diferentes problem\u00e1ticas que enfrentan los trabajadores para realizar sus labores. Este [&hellip;]<\/p>\n","protected":false},"author":5,"featured_media":3176,"comment_status":"closed","ping_status":"closed","sticky":false,"template":"","format":"standard","meta":{"footnotes":""},"categories":[1],"tags":[],"class_list":{"0":"post-3175","1":"post","2":"type-post","3":"status-publish","4":"format-standard","5":"has-post-thumbnail","7":"category-sin-categoria"},"yoast_head":"<!-- This site is optimized with the Yoast SEO plugin v27.4 - https:\/\/yoast.com\/product\/yoast-seo-wordpress\/ -->\n<title>Retiran bloqueos en la ciudad de Oaxaca, se normaliza el tr\u00e1nsito - LA BRAVA RADIO<\/title>\n<meta name=\"description\" content=\"M\u00e1s de 12 horas estuvieron bloqueando para llamar la atenci\u00f3n del edil, Oswaldo Garc\u00eda Jarqu\u00edn ya que no resuelve las diferentes problemas\" \/>\n<meta name=\"robots\" content=\"index, follow, max-snippet:-1, max-image-preview:large, max-video-preview:-1\" \/>\n<link rel=\"canonical\" href=\"https:\/\/www.bbmnoticias.com\/labravaradiofm\/2021\/10\/05\/retiran-bloqueos-en-la-ciudad-de-oaxaca-se-normaliza-el-transito\/\" \/>\n<meta property=\"og:locale\" content=\"es_MX\" \/>\n<meta property=\"og:type\" content=\"article\" \/>\n<meta property=\"og:title\" content=\"Retiran bloqueos en la ciudad de Oaxaca, se normaliza el tr\u00e1nsito - LA BRAVA RADIO\" \/>\n<meta property=\"og:description\" content=\"M\u00e1s de 12 horas estuvieron bloqueando para llamar la atenci\u00f3n del edil, Oswaldo Garc\u00eda Jarqu\u00edn ya que no resuelve las diferentes problemas\" \/>\n<meta property=\"og:url\" content=\"https:\/\/www.bbmnoticias.com\/labravaradiofm\/2021\/10\/05\/retiran-bloqueos-en-la-ciudad-de-oaxaca-se-normaliza-el-transito\/\" \/>\n<meta property=\"og:site_name\" content=\"LA BRAVA RADIO\" \/>\n<meta property=\"article:published_time\" content=\"2021-10-06T01:23:25+00:00\" \/>\n<meta property=\"article:modified_time\" content=\"2021-10-06T01:23:27+00:00\" \/>\n<meta property=\"og:image\" content=\"https:\/\/www.bbmnoticias.com\/labravaradiofm\/wp-content\/uploads\/sites\/5\/2021\/10\/local05102021-33.jpg\" \/>\n\t<meta property=\"og:image:width\" content=\"679\" \/>\n\t<meta property=\"og:image:height\" content=\"381\" \/>\n\t<meta property=\"og:image:type\" content=\"image\/jpeg\" \/>\n<meta name=\"author\" content=\"Quadratin\" \/>\n<meta name=\"twitter:card\" content=\"summary_large_image\" \/>\n<meta name=\"twitter:label1\" content=\"Escrito por\" \/>\n\t<meta name=\"twitter:data1\" content=\"Quadratin\" \/>\n\t<meta name=\"twitter:label2\" content=\"Tiempo de lectura\" \/>\n\t<meta name=\"twitter:data2\" content=\"1 minuto\" \/>\n<script type=\"application\/ld+json\" class=\"yoast-schema-graph\">{\"@context\":\"https:\\\/\\\/schema.org\",\"@graph\":[{\"@type\":\"Article\",\"@id\":\"https:\\\/\\\/www.bbmnoticias.com\\\/labravaradiofm\\\/2021\\\/10\\\/05\\\/retiran-bloqueos-en-la-ciudad-de-oaxaca-se-normaliza-el-transito\\\/#article\",\"isPartOf\":{\"@id\":\"https:\\\/\\\/www.bbmnoticias.com\\\/labravaradiofm\\\/2021\\\/10\\\/05\\\/retiran-bloqueos-en-la-ciudad-de-oaxaca-se-normaliza-el-transito\\\/\"},\"author\":{\"name\":\"Quadratin\",\"@id\":\"https:\\\/\\\/www.bbmnoticias.com\\\/labravaradiofm\\\/#\\\/schema\\\/person\\\/b7ad4658f4970d61499e84f6fe178160\"},\"headline\":\"Retiran bloqueos en la ciudad de Oaxaca, se normaliza el tr\u00e1nsito\",\"datePublished\":\"2021-10-06T01:23:25+00:00\",\"dateModified\":\"2021-10-06T01:23:27+00:00\",\"mainEntityOfPage\":{\"@id\":\"https:\\\/\\\/www.bbmnoticias.com\\\/labravaradiofm\\\/2021\\\/10\\\/05\\\/retiran-bloqueos-en-la-ciudad-de-oaxaca-se-normaliza-el-transito\\\/\"},\"wordCount\":156,\"image\":{\"@id\":\"https:\\\/\\\/www.bbmnoticias.com\\\/labravaradiofm\\\/2021\\\/10\\\/05\\\/retiran-bloqueos-en-la-ciudad-de-oaxaca-se-normaliza-el-transito\\\/#primaryimage\"},\"thumbnailUrl\":\"https:\\\/\\\/www.bbmnoticias.com\\\/labravaradiofm\\\/wp-content\\\/uploads\\\/sites\\\/5\\\/2021\\\/10\\\/local05102021-33.jpg\",\"inLanguage\":\"es\"},{\"@type\":\"WebPage\",\"@id\":\"https:\\\/\\\/www.bbmnoticias.com\\\/labravaradiofm\\\/2021\\\/10\\\/05\\\/retiran-bloqueos-en-la-ciudad-de-oaxaca-se-normaliza-el-transito\\\/\",\"url\":\"https:\\\/\\\/www.bbmnoticias.com\\\/labravaradiofm\\\/2021\\\/10\\\/05\\\/retiran-bloqueos-en-la-ciudad-de-oaxaca-se-normaliza-el-transito\\\/\",\"name\":\"Retiran bloqueos en la ciudad de Oaxaca, se normaliza el tr\u00e1nsito - LA BRAVA RADIO\",\"isPartOf\":{\"@id\":\"https:\\\/\\\/www.bbmnoticias.com\\\/labravaradiofm\\\/#website\"},\"primaryImageOfPage\":{\"@id\":\"https:\\\/\\\/www.bbmnoticias.com\\\/labravaradiofm\\\/2021\\\/10\\\/05\\\/retiran-bloqueos-en-la-ciudad-de-oaxaca-se-normaliza-el-transito\\\/#primaryimage\"},\"image\":{\"@id\":\"https:\\\/\\\/www.bbmnoticias.com\\\/labravaradiofm\\\/2021\\\/10\\\/05\\\/retiran-bloqueos-en-la-ciudad-de-oaxaca-se-normaliza-el-transito\\\/#primaryimage\"},\"thumbnailUrl\":\"https:\\\/\\\/www.bbmnoticias.com\\\/labravaradiofm\\\/wp-content\\\/uploads\\\/sites\\\/5\\\/2021\\\/10\\\/local05102021-33.jpg\",\"datePublished\":\"2021-10-06T01:23:25+00:00\",\"dateModified\":\"2021-10-06T01:23:27+00:00\",\"author\":{\"@id\":\"https:\\\/\\\/www.bbmnoticias.com\\\/labravaradiofm\\\/#\\\/schema\\\/person\\\/b7ad4658f4970d61499e84f6fe178160\"},\"description\":\"M\u00e1s de 12 horas estuvieron bloqueando para llamar la atenci\u00f3n del edil, Oswaldo Garc\u00eda Jarqu\u00edn ya que no resuelve las diferentes problemas\",\"breadcrumb\":{\"@id\":\"https:\\\/\\\/www.bbmnoticias.com\\\/labravaradiofm\\\/2021\\\/10\\\/05\\\/retiran-bloqueos-en-la-ciudad-de-oaxaca-se-normaliza-el-transito\\\/#breadcrumb\"},\"inLanguage\":\"es\",\"potentialAction\":[{\"@type\":\"ReadAction\",\"target\":[\"https:\\\/\\\/www.bbmnoticias.com\\\/labravaradiofm\\\/2021\\\/10\\\/05\\\/retiran-bloqueos-en-la-ciudad-de-oaxaca-se-normaliza-el-transito\\\/\"]}]},{\"@type\":\"ImageObject\",\"inLanguage\":\"es\",\"@id\":\"https:\\\/\\\/www.bbmnoticias.com\\\/labravaradiofm\\\/2021\\\/10\\\/05\\\/retiran-bloqueos-en-la-ciudad-de-oaxaca-se-normaliza-el-transito\\\/#primaryimage\",\"url\":\"https:\\\/\\\/www.bbmnoticias.com\\\/labravaradiofm\\\/wp-content\\\/uploads\\\/sites\\\/5\\\/2021\\\/10\\\/local05102021-33.jpg\",\"contentUrl\":\"https:\\\/\\\/www.bbmnoticias.com\\\/labravaradiofm\\\/wp-content\\\/uploads\\\/sites\\\/5\\\/2021\\\/10\\\/local05102021-33.jpg\",\"width\":679,\"height\":381},{\"@type\":\"BreadcrumbList\",\"@id\":\"https:\\\/\\\/www.bbmnoticias.com\\\/labravaradiofm\\\/2021\\\/10\\\/05\\\/retiran-bloqueos-en-la-ciudad-de-oaxaca-se-normaliza-el-transito\\\/#breadcrumb\",\"itemListElement\":[{\"@type\":\"ListItem\",\"position\":1,\"name\":\"Inicio\",\"item\":\"https:\\\/\\\/www.bbmnoticias.com\\\/labravaradiofm\\\/\"},{\"@type\":\"ListItem\",\"position\":2,\"name\":\"Retiran bloqueos en la ciudad de Oaxaca, se normaliza el tr\u00e1nsito\"}]},{\"@type\":\"WebSite\",\"@id\":\"https:\\\/\\\/www.bbmnoticias.com\\\/labravaradiofm\\\/#website\",\"url\":\"https:\\\/\\\/www.bbmnoticias.com\\\/labravaradiofm\\\/\",\"name\":\"LA BRAVA RADIO\",\"description\":\"Empresa productora de medios, Radiodifusi\u00f3n, Noticias, tendencias y todo lo que necesitas saber de la pol\u00edtica mexicana e internacional; entretenimiento, espect\u00e1culos, salud y mucho m\u00e1s.\",\"potentialAction\":[{\"@type\":\"SearchAction\",\"target\":{\"@type\":\"EntryPoint\",\"urlTemplate\":\"https:\\\/\\\/www.bbmnoticias.com\\\/labravaradiofm\\\/?s={search_term_string}\"},\"query-input\":{\"@type\":\"PropertyValueSpecification\",\"valueRequired\":true,\"valueName\":\"search_term_string\"}}],\"inLanguage\":\"es\"},{\"@type\":\"Person\",\"@id\":\"https:\\\/\\\/www.bbmnoticias.com\\\/labravaradiofm\\\/#\\\/schema\\\/person\\\/b7ad4658f4970d61499e84f6fe178160\",\"name\":\"Quadratin\",\"image\":{\"@type\":\"ImageObject\",\"inLanguage\":\"es\",\"@id\":\"https:\\\/\\\/secure.gravatar.com\\\/avatar\\\/34008d7d72488432d6a74f81e839efc9f754b118786ca32cf39d9d5508a68f63?s=96&d=mm&r=g\",\"url\":\"https:\\\/\\\/secure.gravatar.com\\\/avatar\\\/34008d7d72488432d6a74f81e839efc9f754b118786ca32cf39d9d5508a68f63?s=96&d=mm&r=g\",\"contentUrl\":\"https:\\\/\\\/secure.gravatar.com\\\/avatar\\\/34008d7d72488432d6a74f81e839efc9f754b118786ca32cf39d9d5508a68f63?s=96&d=mm&r=g\",\"caption\":\"Quadratin\"},\"url\":\"https:\\\/\\\/www.bbmnoticias.com\\\/labravaradiofm\\\/author\\\/quadratin\\\/\"}]}<\/script>\n<!-- \/ Yoast SEO plugin. -->","yoast_head_json":{"title":"Retiran bloqueos en la ciudad de Oaxaca, se normaliza el tr\u00e1nsito - LA BRAVA RADIO","description":"M\u00e1s de 12 horas estuvieron bloqueando para llamar la atenci\u00f3n del edil, Oswaldo Garc\u00eda Jarqu\u00edn ya que no resuelve las diferentes problemas","robots":{"index":"index","follow":"follow","max-snippet":"max-snippet:-1","max-image-preview":"max-image-preview:large","max-video-preview":"max-video-preview:-1"},"canonical":"https:\/\/www.bbmnoticias.com\/labravaradiofm\/2021\/10\/05\/retiran-bloqueos-en-la-ciudad-de-oaxaca-se-normaliza-el-transito\/","og_locale":"es_MX","og_type":"article","og_title":"Retiran bloqueos en la ciudad de Oaxaca, se normaliza el tr\u00e1nsito - LA BRAVA RADIO","og_description":"M\u00e1s de 12 horas estuvieron bloqueando para llamar la atenci\u00f3n del edil, Oswaldo Garc\u00eda Jarqu\u00edn ya que no resuelve las diferentes problemas","og_url":"https:\/\/www.bbmnoticias.com\/labravaradiofm\/2021\/10\/05\/retiran-bloqueos-en-la-ciudad-de-oaxaca-se-normaliza-el-transito\/","og_site_name":"LA BRAVA RADIO","article_published_time":"2021-10-06T01:23:25+00:00","article_modified_time":"2021-10-06T01:23:27+00:00","og_image":[{"width":679,"height":381,"url":"https:\/\/www.bbmnoticias.com\/labravaradiofm\/wp-content\/uploads\/sites\/5\/2021\/10\/local05102021-33.jpg","type":"image\/jpeg"}],"author":"Quadratin","twitter_card":"summary_large_image","twitter_misc":{"Escrito por":"Quadratin","Tiempo de lectura":"1 minuto"},"schema":{"@context":"https:\/\/schema.org","@graph":[{"@type":"Article","@id":"https:\/\/www.bbmnoticias.com\/labravaradiofm\/2021\/10\/05\/retiran-bloqueos-en-la-ciudad-de-oaxaca-se-normaliza-el-transito\/#article","isPartOf":{"@id":"https:\/\/www.bbmnoticias.com\/labravaradiofm\/2021\/10\/05\/retiran-bloqueos-en-la-ciudad-de-oaxaca-se-normaliza-el-transito\/"},"author":{"name":"Quadratin","@id":"https:\/\/www.bbmnoticias.com\/labravaradiofm\/#\/schema\/person\/b7ad4658f4970d61499e84f6fe178160"},"headline":"Retiran bloqueos en la ciudad de Oaxaca, se normaliza el tr\u00e1nsito","datePublished":"2021-10-06T01:23:25+00:00","dateModified":"2021-10-06T01:23:27+00:00","mainEntityOfPage":{"@id":"https:\/\/www.bbmnoticias.com\/labravaradiofm\/2021\/10\/05\/retiran-bloqueos-en-la-ciudad-de-oaxaca-se-normaliza-el-transito\/"},"wordCount":156,"image":{"@id":"https:\/\/www.bbmnoticias.com\/labravaradiofm\/2021\/10\/05\/retiran-bloqueos-en-la-ciudad-de-oaxaca-se-normaliza-el-transito\/#primaryimage"},"thumbnailUrl":"https:\/\/www.bbmnoticias.com\/labravaradiofm\/wp-content\/uploads\/sites\/5\/2021\/10\/local05102021-33.jpg","inLanguage":"es"},{"@type":"WebPage","@id":"https:\/\/www.bbmnoticias.com\/labravaradiofm\/2021\/10\/05\/retiran-bloqueos-en-la-ciudad-de-oaxaca-se-normaliza-el-transito\/","url":"https:\/\/www.bbmnoticias.com\/labravaradiofm\/2021\/10\/05\/retiran-bloqueos-en-la-ciudad-de-oaxaca-se-normaliza-el-transito\/","name":"Retiran bloqueos en la ciudad de Oaxaca, se normaliza el tr\u00e1nsito - LA BRAVA RADIO","isPartOf":{"@id":"https:\/\/www.bbmnoticias.com\/labravaradiofm\/#website"},"primaryImageOfPage":{"@id":"https:\/\/www.bbmnoticias.com\/labravaradiofm\/2021\/10\/05\/retiran-bloqueos-en-la-ciudad-de-oaxaca-se-normaliza-el-transito\/#primaryimage"},"image":{"@id":"https:\/\/www.bbmnoticias.com\/labravaradiofm\/2021\/10\/05\/retiran-bloqueos-en-la-ciudad-de-oaxaca-se-normaliza-el-transito\/#primaryimage"},"thumbnailUrl":"https:\/\/www.bbmnoticias.com\/labravaradiofm\/wp-content\/uploads\/sites\/5\/2021\/10\/local05102021-33.jpg","datePublished":"2021-10-06T01:23:25+00:00","dateModified":"2021-10-06T01:23:27+00:00","author":{"@id":"https:\/\/www.bbmnoticias.com\/labravaradiofm\/#\/schema\/person\/b7ad4658f4970d61499e84f6fe178160"},"description":"M\u00e1s de 12 horas estuvieron bloqueando para llamar la atenci\u00f3n del edil, Oswaldo Garc\u00eda Jarqu\u00edn ya que no resuelve las diferentes problemas","breadcrumb":{"@id":"https:\/\/www.bbmnoticias.com\/labravaradiofm\/2021\/10\/05\/retiran-bloqueos-en-la-ciudad-de-oaxaca-se-normaliza-el-transito\/#breadcrumb"},"inLanguage":"es","potentialAction":[{"@type":"ReadAction","target":["https:\/\/www.bbmnoticias.com\/labravaradiofm\/2021\/10\/05\/retiran-bloqueos-en-la-ciudad-de-oaxaca-se-normaliza-el-transito\/"]}]},{"@type":"ImageObject","inLanguage":"es","@id":"https:\/\/www.bbmnoticias.com\/labravaradiofm\/2021\/10\/05\/retiran-bloqueos-en-la-ciudad-de-oaxaca-se-normaliza-el-transito\/#primaryimage","url":"https:\/\/www.bbmnoticias.com\/labravaradiofm\/wp-content\/uploads\/sites\/5\/2021\/10\/local05102021-33.jpg","contentUrl":"https:\/\/www.bbmnoticias.com\/labravaradiofm\/wp-content\/uploads\/sites\/5\/2021\/10\/local05102021-33.jpg","width":679,"height":381},{"@type":"BreadcrumbList","@id":"https:\/\/www.bbmnoticias.com\/labravaradiofm\/2021\/10\/05\/retiran-bloqueos-en-la-ciudad-de-oaxaca-se-normaliza-el-transito\/#breadcrumb","itemListElement":[{"@type":"ListItem","position":1,"name":"Inicio","item":"https:\/\/www.bbmnoticias.com\/labravaradiofm\/"},{"@type":"ListItem","position":2,"name":"Retiran bloqueos en la ciudad de Oaxaca, se normaliza el tr\u00e1nsito"}]},{"@type":"WebSite","@id":"https:\/\/www.bbmnoticias.com\/labravaradiofm\/#website","url":"https:\/\/www.bbmnoticias.com\/labravaradiofm\/","name":"LA BRAVA RADIO","description":"Empresa productora de medios, Radiodifusi\u00f3n, Noticias, tendencias y todo lo que necesitas saber de la pol\u00edtica mexicana e internacional; entretenimiento, espect\u00e1culos, salud y mucho m\u00e1s.","potentialAction":[{"@type":"SearchAction","target":{"@type":"EntryPoint","urlTemplate":"https:\/\/www.bbmnoticias.com\/labravaradiofm\/?s={search_term_string}"},"query-input":{"@type":"PropertyValueSpecification","valueRequired":true,"valueName":"search_term_string"}}],"inLanguage":"es"},{"@type":"Person","@id":"https:\/\/www.bbmnoticias.com\/labravaradiofm\/#\/schema\/person\/b7ad4658f4970d61499e84f6fe178160","name":"Quadratin","image":{"@type":"ImageObject","inLanguage":"es","@id":"https:\/\/secure.gravatar.com\/avatar\/34008d7d72488432d6a74f81e839efc9f754b118786ca32cf39d9d5508a68f63?s=96&d=mm&r=g","url":"https:\/\/secure.gravatar.com\/avatar\/34008d7d72488432d6a74f81e839efc9f754b118786ca32cf39d9d5508a68f63?s=96&d=mm&r=g","contentUrl":"https:\/\/secure.gravatar.com\/avatar\/34008d7d72488432d6a74f81e839efc9f754b118786ca32cf39d9d5508a68f63?s=96&d=mm&r=g","caption":"Quadratin"},"url":"https:\/\/www.bbmnoticias.com\/labravaradiofm\/author\/quadratin\/"}]}},"_links":{"self":[{"href":"https:\/\/www.bbmnoticias.com\/labravaradiofm\/wp-json\/wp\/v2\/posts\/3175","targetHints":{"allow":["GET"]}}],"collection":[{"href":"https:\/\/www.bbmnoticias.com\/labravaradiofm\/wp-json\/wp\/v2\/posts"}],"about":[{"href":"https:\/\/www.bbmnoticias.com\/labravaradiofm\/wp-json\/wp\/v2\/types\/post"}],"author":[{"embeddable":true,"href":"https:\/\/www.bbmnoticias.com\/labravaradiofm\/wp-json\/wp\/v2\/users\/5"}],"replies":[{"embeddable":true,"href":"https:\/\/www.bbmnoticias.com\/labravaradiofm\/wp-json\/wp\/v2\/comments?post=3175"}],"version-history":[{"count":0,"href":"https:\/\/www.bbmnoticias.com\/labravaradiofm\/wp-json\/wp\/v2\/posts\/3175\/revisions"}],"wp:featuredmedia":[{"embeddable":true,"href":"https:\/\/www.bbmnoticias.com\/labravaradiofm\/wp-json\/wp\/v2\/media\/3176"}],"wp:attachment":[{"href":"https:\/\/www.bbmnoticias.com\/labravaradiofm\/wp-json\/wp\/v2\/media?parent=3175"}],"wp:term":[{"taxonomy":"category","embeddable":true,"href":"https:\/\/www.bbmnoticias.com\/labravaradiofm\/wp-json\/wp\/v2\/categories?post=3175"},{"taxonomy":"post_tag","embeddable":true,"href":"https:\/\/www.bbmnoticias.com\/labravaradiofm\/wp-json\/wp\/v2\/tags?post=3175"}],"curies":[{"name":"wp","href":"https:\/\/api.w.org\/{rel}","templated":true}]}}