{"id":3157,"date":"2021-10-05T18:48:51","date_gmt":"2021-10-05T23:48:51","guid":{"rendered":"https:\/\/www.bbmnoticias.com\/labravaradiofm\/?p=3157"},"modified":"2021-10-05T18:48:53","modified_gmt":"2021-10-05T23:48:53","slug":"impugna-morena-ante-tepjf-lineamientos-del-ine-sobre-consulta-de-ratificacion-de-mandato","status":"publish","type":"post","link":"https:\/\/www.bbmnoticias.com\/labravaradiofm\/2021\/10\/05\/impugna-morena-ante-tepjf-lineamientos-del-ine-sobre-consulta-de-ratificacion-de-mandato\/","title":{"rendered":"Impugna Morena ante TEPJF lineamientos del INE sobre consulta de ratificaci\u00f3n de mandato"},"content":{"rendered":"<div style=\"margin-top: 0px; margin-bottom: 0px;\" class=\"sharethis-inline-share-buttons\" ><\/div>\n<p>Morena <strong>impugn\u00f3 ante el <\/strong>Tribunal Electoral del Poder Judicial de la Federaci\u00f3n<strong> (TEPJF) los lineamientos que emiti\u00f3 el <\/strong>Instituto Nacional Electoral<strong> (INE)<\/strong>, para la consulta de ratificaci\u00f3n de mandato del presidente Andr\u00e9s Manuel L\u00f3pez Obrador, inform\u00f3 este martes el presidente nacional del partido, Mario Delgado Carrillo.<\/p>\n\n\n\n<p>El ejercicio democr\u00e1tico se llevar\u00e1 a cabo en marzo de 2022, inform\u00f3 Morena en un comunicado.<\/p>\n\n\n\n<p>Lo anterior, dado que \u201c<strong>el INE busca sabotear la participaci\u00f3n de la gente\u201d<\/strong> al establecer que solamente se podr\u00e1n recabar firmas para solicitar dicho procedimiento de forma digital y excepcionalmente de manera f\u00edsica en 204 municipios, aun cuando la Ley establece que se pueden recolectar tanto de manera impresa, como a trav\u00e9s de herramientas tecnol\u00f3gicas.<\/p>\n\n\n\n<p>\u201cLimitar el uso de formatos impresos \u00fanicamente a las zonas que el Instituto Electoral identifica como de alta marginaci\u00f3n y obligar al resto de la poblaci\u00f3n a usar una aplicaci\u00f3n como m\u00e9todo exclusivo para expresar su voluntad, <strong>es un acto discriminatorio y constituye una violaci\u00f3n directa a la Constituci\u00f3n<\/strong>\u201d, destac\u00f3 Delgado.<\/p>\n\n\n\n<p>En este sentido, reproch\u00f3 que el INE descarte el uso de formatos escritos bajo el argumento de que de esa manera le resulta m\u00e1s f\u00e1cil hacer el c\u00f3mputo de los apoyos, por lo que <strong>cuestion\u00f3 si la interpretaci\u00f3n de la ley <\/strong>debe realizarse desde la perspectiva que<strong> m\u00e1s le favorezca a la autoridad electoral y no a la democracia<\/strong>.<\/p>\n\n\n\n<p>El dirigente morenista tambi\u00e9n <strong>lament\u00f3 que el INE otorgue un plazo menor al dispuesto por la Ley<\/strong> para la recopilaci\u00f3n y entrega de firmas, excedi\u00e9ndose, una vez m\u00e1s, en sus facultades.<\/p>\n\n\n\n<p>\u201c<strong>No dejaremos que los caprichos del Instituto Electoral limiten los derechos de la gente a organizarse y expresarse<\/strong>, las y los mexicanos tienen derecho a participar e incidir en la toma de decisiones en nuestro pa\u00eds. No hay que temerle a la democracia participativa\u201d, concluy\u00f3 Mario Delgado.<\/p>\n\n\n\n<p><strong>Consulta de revocaci\u00f3n de mandato se llevar\u00eda a cabo el 27 de marzo de 2022: INE<\/strong><\/p>\n\n\n\n<p>El pasado 1 de octubre el INE inform\u00f3 que la consulta sobre la revocaci\u00f3n de mandato se llevar\u00eda a cabo, en caso de ser solicitada por la ciudadan\u00eda, el 27 de marzo de 2022.<\/p>\n\n\n\n<p>En un comunicado inform\u00f3 que la<strong> recolecci\u00f3n de firmas de apoyo de la ciudadan\u00eda se realizar\u00e1 mediante el uso de la aplicaci\u00f3n m\u00f3vil (App)<\/strong>&nbsp;desarrollada por el INE y de la cual proporcionar\u00e1 la capacitaci\u00f3n necesaria, adem\u00e1s de que dispondr\u00e1 de un micrositio dise\u00f1ado para ello.<\/p>\n\n\n\n<p>Los lineamientos del INE establecen\u00a0<strong>un r\u00e9gimen de excepci\u00f3n para que la recolecci\u00f3n de apoyos pueda hacerse en formatos de papel<\/strong>\u00a0y no a trav\u00e9s de la aplicaci\u00f3n exclusivamente en los 204 municipios de muy alta marginaci\u00f3n del pa\u00eds, donde las condiciones de conectividad o acceso a la tecnolog\u00eda necesaria para recabar los apoyos electr\u00f3nicamente es limitada.<\/p>\n\n\n\n<p>Los promoventes podr\u00e1n ser ciudadana o ciudadano mexicano o bien, un grupo de ciudadanos constituidos en una organizaci\u00f3n o en una asociaci\u00f3n civil.<img decoding=\"async\" alt=\"\" src=\"https:\/\/static-entertainment-eus-s-msn-com.akamaized.net\/sc\/9b\/e151e5.gif\"> <\/p>\n\n\n\n<p>El viernes pasado <strong>comenz\u00f3 el registro de las personas o grupos que deseen constituirse como promoventes de la recopilaci\u00f3n de firmas<\/strong>&nbsp;de apoyo de la ciudadan\u00eda para solicitar la revocaci\u00f3n de mandato.<\/p>\n\n\n\n<p>El registro o aviso de intenci\u00f3n&nbsp;<strong>deber\u00e1 dirigirse al Consejo General del Instituto Nacional Electoral y entregarse a m\u00e1s tardar el 15 de octubre<\/strong>&nbsp;en las oficinas de la Direcci\u00f3n Ejecutiva de Prerrogativas y Partidos Pol\u00edticos, en la Calle de Moneda, n\u00famero 64, colonia Tlalpan centro o, en su caso, en las juntas locales o distritales del Instituto. El formato de la solicitud de intenci\u00f3n puede ser consultado en esta liga.<\/p>\n\n\n\n<p>Junto con el aviso de intenci\u00f3n en original con firma aut\u00f3grafa de la persona promovente o representante legal, se deber\u00e1 proporcionar: una cuenta de correo electr\u00f3nico, as\u00ed como el tipo de cuenta de usuario para autenticarse a trav\u00e9s de Google, Facebook o Twitter, fundamental\u00a0<strong>para el acceso a la aplicaci\u00f3n m\u00f3vil (App) para recabar las firmas de apoyo de la ciudadan\u00eda<\/strong>, copia simple del anverso y reverso de la credencial para votar y carta firmada de la persona promovente o su representante legal en la que acepta notificaciones v\u00eda correo electr\u00f3nico, sobre todo lo relacionado con el procedimiento de petici\u00f3n.<\/p>\n\n\n\n<p><\/p>\n\n\n\n<p>Aristegui Noticia<\/p>\n","protected":false},"excerpt":{"rendered":"<p>Morena impugn\u00f3 ante el Tribunal Electoral del Poder Judicial de la Federaci\u00f3n (TEPJF) los lineamientos que emiti\u00f3 el Instituto Nacional Electoral (INE), para la consulta de ratificaci\u00f3n de mandato del presidente Andr\u00e9s Manuel L\u00f3pez Obrador, inform\u00f3 este martes el presidente nacional del partido, Mario Delgado Carrillo. El ejercicio democr\u00e1tico se llevar\u00e1 a cabo en marzo [&hellip;]<\/p>\n","protected":false},"author":2,"featured_media":3158,"comment_status":"closed","ping_status":"closed","sticky":false,"template":"","format":"standard","meta":{"footnotes":""},"categories":[19],"tags":[],"class_list":{"0":"post-3157","1":"post","2":"type-post","3":"status-publish","4":"format-standard","5":"has-post-thumbnail","7":"category-nacional"},"yoast_head":"<!-- This site is optimized with the Yoast SEO plugin v27.4 - https:\/\/yoast.com\/product\/yoast-seo-wordpress\/ -->\n<title>Impugna Morena ante TEPJF lineamientos del INE sobre consulta de ratificaci\u00f3n de mandato - LA BRAVA RADIO<\/title>\n<meta name=\"robots\" content=\"index, follow, max-snippet:-1, max-image-preview:large, max-video-preview:-1\" \/>\n<link rel=\"canonical\" href=\"https:\/\/www.bbmnoticias.com\/labravaradiofm\/2021\/10\/05\/impugna-morena-ante-tepjf-lineamientos-del-ine-sobre-consulta-de-ratificacion-de-mandato\/\" \/>\n<meta property=\"og:locale\" content=\"es_MX\" \/>\n<meta property=\"og:type\" content=\"article\" \/>\n<meta property=\"og:title\" content=\"Impugna Morena ante TEPJF lineamientos del INE sobre consulta de ratificaci\u00f3n de mandato - LA BRAVA RADIO\" \/>\n<meta property=\"og:description\" content=\"Morena impugn\u00f3 ante el Tribunal Electoral del Poder Judicial de la Federaci\u00f3n (TEPJF) los lineamientos que emiti\u00f3 el Instituto Nacional Electoral (INE), para la consulta de ratificaci\u00f3n de mandato del presidente Andr\u00e9s Manuel L\u00f3pez Obrador, inform\u00f3 este martes el presidente nacional del partido, Mario Delgado Carrillo. El ejercicio democr\u00e1tico se llevar\u00e1 a cabo en marzo [&hellip;]\" \/>\n<meta property=\"og:url\" content=\"https:\/\/www.bbmnoticias.com\/labravaradiofm\/2021\/10\/05\/impugna-morena-ante-tepjf-lineamientos-del-ine-sobre-consulta-de-ratificacion-de-mandato\/\" \/>\n<meta property=\"og:site_name\" content=\"LA BRAVA RADIO\" \/>\n<meta property=\"article:published_time\" content=\"2021-10-05T23:48:51+00:00\" \/>\n<meta property=\"article:modified_time\" content=\"2021-10-05T23:48:53+00:00\" \/>\n<meta property=\"og:image\" content=\"https:\/\/www.bbmnoticias.com\/labravaradiofm\/wp-content\/uploads\/sites\/5\/2021\/10\/Ncional4-05.10.21.jpg\" \/>\n\t<meta property=\"og:image:width\" content=\"799\" \/>\n\t<meta property=\"og:image:height\" content=\"499\" \/>\n\t<meta property=\"og:image:type\" content=\"image\/jpeg\" \/>\n<meta name=\"author\" content=\"Staff\" \/>\n<meta name=\"twitter:card\" content=\"summary_large_image\" \/>\n<meta name=\"twitter:label1\" content=\"Escrito por\" \/>\n\t<meta name=\"twitter:data1\" content=\"Staff\" \/>\n\t<meta name=\"twitter:label2\" content=\"Tiempo de lectura\" \/>\n\t<meta name=\"twitter:data2\" content=\"4 minutos\" \/>\n<script type=\"application\/ld+json\" class=\"yoast-schema-graph\">{\"@context\":\"https:\\\/\\\/schema.org\",\"@graph\":[{\"@type\":\"Article\",\"@id\":\"https:\\\/\\\/www.bbmnoticias.com\\\/labravaradiofm\\\/2021\\\/10\\\/05\\\/impugna-morena-ante-tepjf-lineamientos-del-ine-sobre-consulta-de-ratificacion-de-mandato\\\/#article\",\"isPartOf\":{\"@id\":\"https:\\\/\\\/www.bbmnoticias.com\\\/labravaradiofm\\\/2021\\\/10\\\/05\\\/impugna-morena-ante-tepjf-lineamientos-del-ine-sobre-consulta-de-ratificacion-de-mandato\\\/\"},\"author\":{\"name\":\"Staff\",\"@id\":\"https:\\\/\\\/www.bbmnoticias.com\\\/labravaradiofm\\\/#\\\/schema\\\/person\\\/34b139c617a70ea5bef5678bffe4dd7b\"},\"headline\":\"Impugna Morena ante TEPJF lineamientos del INE sobre consulta de ratificaci\u00f3n de mandato\",\"datePublished\":\"2021-10-05T23:48:51+00:00\",\"dateModified\":\"2021-10-05T23:48:53+00:00\",\"mainEntityOfPage\":{\"@id\":\"https:\\\/\\\/www.bbmnoticias.com\\\/labravaradiofm\\\/2021\\\/10\\\/05\\\/impugna-morena-ante-tepjf-lineamientos-del-ine-sobre-consulta-de-ratificacion-de-mandato\\\/\"},\"wordCount\":763,\"image\":{\"@id\":\"https:\\\/\\\/www.bbmnoticias.com\\\/labravaradiofm\\\/2021\\\/10\\\/05\\\/impugna-morena-ante-tepjf-lineamientos-del-ine-sobre-consulta-de-ratificacion-de-mandato\\\/#primaryimage\"},\"thumbnailUrl\":\"https:\\\/\\\/www.bbmnoticias.com\\\/labravaradiofm\\\/wp-content\\\/uploads\\\/sites\\\/5\\\/2021\\\/10\\\/Ncional4-05.10.21.jpg\",\"articleSection\":[\"NACIONAL\"],\"inLanguage\":\"es\"},{\"@type\":\"WebPage\",\"@id\":\"https:\\\/\\\/www.bbmnoticias.com\\\/labravaradiofm\\\/2021\\\/10\\\/05\\\/impugna-morena-ante-tepjf-lineamientos-del-ine-sobre-consulta-de-ratificacion-de-mandato\\\/\",\"url\":\"https:\\\/\\\/www.bbmnoticias.com\\\/labravaradiofm\\\/2021\\\/10\\\/05\\\/impugna-morena-ante-tepjf-lineamientos-del-ine-sobre-consulta-de-ratificacion-de-mandato\\\/\",\"name\":\"Impugna Morena ante TEPJF lineamientos del INE sobre consulta de ratificaci\u00f3n de mandato - LA BRAVA RADIO\",\"isPartOf\":{\"@id\":\"https:\\\/\\\/www.bbmnoticias.com\\\/labravaradiofm\\\/#website\"},\"primaryImageOfPage\":{\"@id\":\"https:\\\/\\\/www.bbmnoticias.com\\\/labravaradiofm\\\/2021\\\/10\\\/05\\\/impugna-morena-ante-tepjf-lineamientos-del-ine-sobre-consulta-de-ratificacion-de-mandato\\\/#primaryimage\"},\"image\":{\"@id\":\"https:\\\/\\\/www.bbmnoticias.com\\\/labravaradiofm\\\/2021\\\/10\\\/05\\\/impugna-morena-ante-tepjf-lineamientos-del-ine-sobre-consulta-de-ratificacion-de-mandato\\\/#primaryimage\"},\"thumbnailUrl\":\"https:\\\/\\\/www.bbmnoticias.com\\\/labravaradiofm\\\/wp-content\\\/uploads\\\/sites\\\/5\\\/2021\\\/10\\\/Ncional4-05.10.21.jpg\",\"datePublished\":\"2021-10-05T23:48:51+00:00\",\"dateModified\":\"2021-10-05T23:48:53+00:00\",\"author\":{\"@id\":\"https:\\\/\\\/www.bbmnoticias.com\\\/labravaradiofm\\\/#\\\/schema\\\/person\\\/34b139c617a70ea5bef5678bffe4dd7b\"},\"breadcrumb\":{\"@id\":\"https:\\\/\\\/www.bbmnoticias.com\\\/labravaradiofm\\\/2021\\\/10\\\/05\\\/impugna-morena-ante-tepjf-lineamientos-del-ine-sobre-consulta-de-ratificacion-de-mandato\\\/#breadcrumb\"},\"inLanguage\":\"es\",\"potentialAction\":[{\"@type\":\"ReadAction\",\"target\":[\"https:\\\/\\\/www.bbmnoticias.com\\\/labravaradiofm\\\/2021\\\/10\\\/05\\\/impugna-morena-ante-tepjf-lineamientos-del-ine-sobre-consulta-de-ratificacion-de-mandato\\\/\"]}]},{\"@type\":\"ImageObject\",\"inLanguage\":\"es\",\"@id\":\"https:\\\/\\\/www.bbmnoticias.com\\\/labravaradiofm\\\/2021\\\/10\\\/05\\\/impugna-morena-ante-tepjf-lineamientos-del-ine-sobre-consulta-de-ratificacion-de-mandato\\\/#primaryimage\",\"url\":\"https:\\\/\\\/www.bbmnoticias.com\\\/labravaradiofm\\\/wp-content\\\/uploads\\\/sites\\\/5\\\/2021\\\/10\\\/Ncional4-05.10.21.jpg\",\"contentUrl\":\"https:\\\/\\\/www.bbmnoticias.com\\\/labravaradiofm\\\/wp-content\\\/uploads\\\/sites\\\/5\\\/2021\\\/10\\\/Ncional4-05.10.21.jpg\",\"width\":799,\"height\":499},{\"@type\":\"BreadcrumbList\",\"@id\":\"https:\\\/\\\/www.bbmnoticias.com\\\/labravaradiofm\\\/2021\\\/10\\\/05\\\/impugna-morena-ante-tepjf-lineamientos-del-ine-sobre-consulta-de-ratificacion-de-mandato\\\/#breadcrumb\",\"itemListElement\":[{\"@type\":\"ListItem\",\"position\":1,\"name\":\"Inicio\",\"item\":\"https:\\\/\\\/www.bbmnoticias.com\\\/labravaradiofm\\\/\"},{\"@type\":\"ListItem\",\"position\":2,\"name\":\"Impugna Morena ante TEPJF lineamientos del INE sobre consulta de ratificaci\u00f3n de mandato\"}]},{\"@type\":\"WebSite\",\"@id\":\"https:\\\/\\\/www.bbmnoticias.com\\\/labravaradiofm\\\/#website\",\"url\":\"https:\\\/\\\/www.bbmnoticias.com\\\/labravaradiofm\\\/\",\"name\":\"LA BRAVA RADIO\",\"description\":\"Empresa productora de medios, Radiodifusi\u00f3n, Noticias, tendencias y todo lo que necesitas saber de la pol\u00edtica mexicana e internacional; entretenimiento, espect\u00e1culos, salud y mucho m\u00e1s.\",\"potentialAction\":[{\"@type\":\"SearchAction\",\"target\":{\"@type\":\"EntryPoint\",\"urlTemplate\":\"https:\\\/\\\/www.bbmnoticias.com\\\/labravaradiofm\\\/?s={search_term_string}\"},\"query-input\":{\"@type\":\"PropertyValueSpecification\",\"valueRequired\":true,\"valueName\":\"search_term_string\"}}],\"inLanguage\":\"es\"},{\"@type\":\"Person\",\"@id\":\"https:\\\/\\\/www.bbmnoticias.com\\\/labravaradiofm\\\/#\\\/schema\\\/person\\\/34b139c617a70ea5bef5678bffe4dd7b\",\"name\":\"Staff\",\"image\":{\"@type\":\"ImageObject\",\"inLanguage\":\"es\",\"@id\":\"https:\\\/\\\/secure.gravatar.com\\\/avatar\\\/fdd21ad66fd8b98c407f9dee5b5e588cfe7f0d8579ec20fa6527cd59bab7f0f0?s=96&d=mm&r=g\",\"url\":\"https:\\\/\\\/secure.gravatar.com\\\/avatar\\\/fdd21ad66fd8b98c407f9dee5b5e588cfe7f0d8579ec20fa6527cd59bab7f0f0?s=96&d=mm&r=g\",\"contentUrl\":\"https:\\\/\\\/secure.gravatar.com\\\/avatar\\\/fdd21ad66fd8b98c407f9dee5b5e588cfe7f0d8579ec20fa6527cd59bab7f0f0?s=96&d=mm&r=g\",\"caption\":\"Staff\"},\"url\":\"https:\\\/\\\/www.bbmnoticias.com\\\/labravaradiofm\\\/author\\\/redaccion\\\/\"}]}<\/script>\n<!-- \/ Yoast SEO plugin. -->","yoast_head_json":{"title":"Impugna Morena ante TEPJF lineamientos del INE sobre consulta de ratificaci\u00f3n de mandato - LA BRAVA RADIO","robots":{"index":"index","follow":"follow","max-snippet":"max-snippet:-1","max-image-preview":"max-image-preview:large","max-video-preview":"max-video-preview:-1"},"canonical":"https:\/\/www.bbmnoticias.com\/labravaradiofm\/2021\/10\/05\/impugna-morena-ante-tepjf-lineamientos-del-ine-sobre-consulta-de-ratificacion-de-mandato\/","og_locale":"es_MX","og_type":"article","og_title":"Impugna Morena ante TEPJF lineamientos del INE sobre consulta de ratificaci\u00f3n de mandato - LA BRAVA RADIO","og_description":"Morena impugn\u00f3 ante el Tribunal Electoral del Poder Judicial de la Federaci\u00f3n (TEPJF) los lineamientos que emiti\u00f3 el Instituto Nacional Electoral (INE), para la consulta de ratificaci\u00f3n de mandato del presidente Andr\u00e9s Manuel L\u00f3pez Obrador, inform\u00f3 este martes el presidente nacional del partido, Mario Delgado Carrillo. El ejercicio democr\u00e1tico se llevar\u00e1 a cabo en marzo [&hellip;]","og_url":"https:\/\/www.bbmnoticias.com\/labravaradiofm\/2021\/10\/05\/impugna-morena-ante-tepjf-lineamientos-del-ine-sobre-consulta-de-ratificacion-de-mandato\/","og_site_name":"LA BRAVA RADIO","article_published_time":"2021-10-05T23:48:51+00:00","article_modified_time":"2021-10-05T23:48:53+00:00","og_image":[{"width":799,"height":499,"url":"https:\/\/www.bbmnoticias.com\/labravaradiofm\/wp-content\/uploads\/sites\/5\/2021\/10\/Ncional4-05.10.21.jpg","type":"image\/jpeg"}],"author":"Staff","twitter_card":"summary_large_image","twitter_misc":{"Escrito por":"Staff","Tiempo de lectura":"4 minutos"},"schema":{"@context":"https:\/\/schema.org","@graph":[{"@type":"Article","@id":"https:\/\/www.bbmnoticias.com\/labravaradiofm\/2021\/10\/05\/impugna-morena-ante-tepjf-lineamientos-del-ine-sobre-consulta-de-ratificacion-de-mandato\/#article","isPartOf":{"@id":"https:\/\/www.bbmnoticias.com\/labravaradiofm\/2021\/10\/05\/impugna-morena-ante-tepjf-lineamientos-del-ine-sobre-consulta-de-ratificacion-de-mandato\/"},"author":{"name":"Staff","@id":"https:\/\/www.bbmnoticias.com\/labravaradiofm\/#\/schema\/person\/34b139c617a70ea5bef5678bffe4dd7b"},"headline":"Impugna Morena ante TEPJF lineamientos del INE sobre consulta de ratificaci\u00f3n de mandato","datePublished":"2021-10-05T23:48:51+00:00","dateModified":"2021-10-05T23:48:53+00:00","mainEntityOfPage":{"@id":"https:\/\/www.bbmnoticias.com\/labravaradiofm\/2021\/10\/05\/impugna-morena-ante-tepjf-lineamientos-del-ine-sobre-consulta-de-ratificacion-de-mandato\/"},"wordCount":763,"image":{"@id":"https:\/\/www.bbmnoticias.com\/labravaradiofm\/2021\/10\/05\/impugna-morena-ante-tepjf-lineamientos-del-ine-sobre-consulta-de-ratificacion-de-mandato\/#primaryimage"},"thumbnailUrl":"https:\/\/www.bbmnoticias.com\/labravaradiofm\/wp-content\/uploads\/sites\/5\/2021\/10\/Ncional4-05.10.21.jpg","articleSection":["NACIONAL"],"inLanguage":"es"},{"@type":"WebPage","@id":"https:\/\/www.bbmnoticias.com\/labravaradiofm\/2021\/10\/05\/impugna-morena-ante-tepjf-lineamientos-del-ine-sobre-consulta-de-ratificacion-de-mandato\/","url":"https:\/\/www.bbmnoticias.com\/labravaradiofm\/2021\/10\/05\/impugna-morena-ante-tepjf-lineamientos-del-ine-sobre-consulta-de-ratificacion-de-mandato\/","name":"Impugna Morena ante TEPJF lineamientos del INE sobre consulta de ratificaci\u00f3n de mandato - LA BRAVA RADIO","isPartOf":{"@id":"https:\/\/www.bbmnoticias.com\/labravaradiofm\/#website"},"primaryImageOfPage":{"@id":"https:\/\/www.bbmnoticias.com\/labravaradiofm\/2021\/10\/05\/impugna-morena-ante-tepjf-lineamientos-del-ine-sobre-consulta-de-ratificacion-de-mandato\/#primaryimage"},"image":{"@id":"https:\/\/www.bbmnoticias.com\/labravaradiofm\/2021\/10\/05\/impugna-morena-ante-tepjf-lineamientos-del-ine-sobre-consulta-de-ratificacion-de-mandato\/#primaryimage"},"thumbnailUrl":"https:\/\/www.bbmnoticias.com\/labravaradiofm\/wp-content\/uploads\/sites\/5\/2021\/10\/Ncional4-05.10.21.jpg","datePublished":"2021-10-05T23:48:51+00:00","dateModified":"2021-10-05T23:48:53+00:00","author":{"@id":"https:\/\/www.bbmnoticias.com\/labravaradiofm\/#\/schema\/person\/34b139c617a70ea5bef5678bffe4dd7b"},"breadcrumb":{"@id":"https:\/\/www.bbmnoticias.com\/labravaradiofm\/2021\/10\/05\/impugna-morena-ante-tepjf-lineamientos-del-ine-sobre-consulta-de-ratificacion-de-mandato\/#breadcrumb"},"inLanguage":"es","potentialAction":[{"@type":"ReadAction","target":["https:\/\/www.bbmnoticias.com\/labravaradiofm\/2021\/10\/05\/impugna-morena-ante-tepjf-lineamientos-del-ine-sobre-consulta-de-ratificacion-de-mandato\/"]}]},{"@type":"ImageObject","inLanguage":"es","@id":"https:\/\/www.bbmnoticias.com\/labravaradiofm\/2021\/10\/05\/impugna-morena-ante-tepjf-lineamientos-del-ine-sobre-consulta-de-ratificacion-de-mandato\/#primaryimage","url":"https:\/\/www.bbmnoticias.com\/labravaradiofm\/wp-content\/uploads\/sites\/5\/2021\/10\/Ncional4-05.10.21.jpg","contentUrl":"https:\/\/www.bbmnoticias.com\/labravaradiofm\/wp-content\/uploads\/sites\/5\/2021\/10\/Ncional4-05.10.21.jpg","width":799,"height":499},{"@type":"BreadcrumbList","@id":"https:\/\/www.bbmnoticias.com\/labravaradiofm\/2021\/10\/05\/impugna-morena-ante-tepjf-lineamientos-del-ine-sobre-consulta-de-ratificacion-de-mandato\/#breadcrumb","itemListElement":[{"@type":"ListItem","position":1,"name":"Inicio","item":"https:\/\/www.bbmnoticias.com\/labravaradiofm\/"},{"@type":"ListItem","position":2,"name":"Impugna Morena ante TEPJF lineamientos del INE sobre consulta de ratificaci\u00f3n de mandato"}]},{"@type":"WebSite","@id":"https:\/\/www.bbmnoticias.com\/labravaradiofm\/#website","url":"https:\/\/www.bbmnoticias.com\/labravaradiofm\/","name":"LA BRAVA RADIO","description":"Empresa productora de medios, Radiodifusi\u00f3n, Noticias, tendencias y todo lo que necesitas saber de la pol\u00edtica mexicana e internacional; entretenimiento, espect\u00e1culos, salud y mucho m\u00e1s.","potentialAction":[{"@type":"SearchAction","target":{"@type":"EntryPoint","urlTemplate":"https:\/\/www.bbmnoticias.com\/labravaradiofm\/?s={search_term_string}"},"query-input":{"@type":"PropertyValueSpecification","valueRequired":true,"valueName":"search_term_string"}}],"inLanguage":"es"},{"@type":"Person","@id":"https:\/\/www.bbmnoticias.com\/labravaradiofm\/#\/schema\/person\/34b139c617a70ea5bef5678bffe4dd7b","name":"Staff","image":{"@type":"ImageObject","inLanguage":"es","@id":"https:\/\/secure.gravatar.com\/avatar\/fdd21ad66fd8b98c407f9dee5b5e588cfe7f0d8579ec20fa6527cd59bab7f0f0?s=96&d=mm&r=g","url":"https:\/\/secure.gravatar.com\/avatar\/fdd21ad66fd8b98c407f9dee5b5e588cfe7f0d8579ec20fa6527cd59bab7f0f0?s=96&d=mm&r=g","contentUrl":"https:\/\/secure.gravatar.com\/avatar\/fdd21ad66fd8b98c407f9dee5b5e588cfe7f0d8579ec20fa6527cd59bab7f0f0?s=96&d=mm&r=g","caption":"Staff"},"url":"https:\/\/www.bbmnoticias.com\/labravaradiofm\/author\/redaccion\/"}]}},"_links":{"self":[{"href":"https:\/\/www.bbmnoticias.com\/labravaradiofm\/wp-json\/wp\/v2\/posts\/3157","targetHints":{"allow":["GET"]}}],"collection":[{"href":"https:\/\/www.bbmnoticias.com\/labravaradiofm\/wp-json\/wp\/v2\/posts"}],"about":[{"href":"https:\/\/www.bbmnoticias.com\/labravaradiofm\/wp-json\/wp\/v2\/types\/post"}],"author":[{"embeddable":true,"href":"https:\/\/www.bbmnoticias.com\/labravaradiofm\/wp-json\/wp\/v2\/users\/2"}],"replies":[{"embeddable":true,"href":"https:\/\/www.bbmnoticias.com\/labravaradiofm\/wp-json\/wp\/v2\/comments?post=3157"}],"version-history":[{"count":0,"href":"https:\/\/www.bbmnoticias.com\/labravaradiofm\/wp-json\/wp\/v2\/posts\/3157\/revisions"}],"wp:featuredmedia":[{"embeddable":true,"href":"https:\/\/www.bbmnoticias.com\/labravaradiofm\/wp-json\/wp\/v2\/media\/3158"}],"wp:attachment":[{"href":"https:\/\/www.bbmnoticias.com\/labravaradiofm\/wp-json\/wp\/v2\/media?parent=3157"}],"wp:term":[{"taxonomy":"category","embeddable":true,"href":"https:\/\/www.bbmnoticias.com\/labravaradiofm\/wp-json\/wp\/v2\/categories?post=3157"},{"taxonomy":"post_tag","embeddable":true,"href":"https:\/\/www.bbmnoticias.com\/labravaradiofm\/wp-json\/wp\/v2\/tags?post=3157"}],"curies":[{"name":"wp","href":"https:\/\/api.w.org\/{rel}","templated":true}]}}