{"id":3154,"date":"2021-10-05T17:52:49","date_gmt":"2021-10-05T22:52:49","guid":{"rendered":"https:\/\/www.bbmnoticias.com\/labravaradiofm\/?p=3154"},"modified":"2021-10-05T17:52:51","modified_gmt":"2021-10-05T22:52:51","slug":"angelica-rivera-reaparece-junto-a-alejandro-fernandez","status":"publish","type":"post","link":"https:\/\/www.bbmnoticias.com\/labravaradiofm\/2021\/10\/05\/angelica-rivera-reaparece-junto-a-alejandro-fernandez\/","title":{"rendered":"Ang\u00e9lica Rivera reaparece, \u00bfjunto a Alejandro Fern\u00e1ndez?"},"content":{"rendered":"<div style=\"margin-top: 0px; margin-bottom: 0px;\" class=\"sharethis-inline-share-buttons\" ><\/div>\n<p>Despu\u00e9s de firmar su divorcio con el ex presidente de M\u00e9xico, Enrique Pe\u00f1a Nieto, en el 2019, la actriz y ex primera dama <strong>Ang\u00e9lica Rivera <\/strong>se ha mantenido alejada del mundo del espect\u00e1culo. Pero ahora reaparece y acompa\u00f1ada de un famoso cantante.<\/p>\n\n\n\n<p>\u00bfQui\u00e9n es? \u00bfPor qu\u00e9 est\u00e1n juntos? \u00bfTrabajar\u00e1n en un nuevo proyecto? Son algunas de las interrogantes de los usuarios de redes sociales al ver una fotograf\u00eda donde la actriz que dio vida a \u201cLa Gaviota\u201d en la telenovela \u201cDestilando amor\u201d aparece junto a <strong>Alejandro Fern\u00e1ndez<\/strong>.<\/p>\n\n\n\n<p>Hace unos meses, la mam\u00e1 de Sof\u00eda, Regina y Fernanda Castro dej\u00f3 entrever sus planes a futuro a trav\u00e9s de un mensaje que comparti\u00f3 en su cuenta de Instagram la hija mayor de Ang\u00e9lica y Jos\u00e9 Alberto \u201cEl G\u00fcero\u201d Castro, mencionando la posibilidad de regresar a un set de grabaci\u00f3n para protagonizar una <strong>telenovela<\/strong>.\u200b<\/p>\n\n\n\n<p>\u00bfSer\u00e1 por eso de este encuentro con el hijo de Vicente Fern\u00e1ndez? Y es que Ang\u00e9lica Rivera llam\u00f3 la atenci\u00f3n al estar en Estados Unidos disfrutando de un concierto del famoso int\u00e9rprete de <strong>\u201cMe dediqu\u00e9 a perderte\u201d<\/strong>.<\/p>\n\n\n\n<p>Ah\u00ed, junto con Lili Estefan, conductora del programa \u2018El Gordo y la Flaca\u2019, la famosa actriz disfrut\u00f3 de la actuaci\u00f3n de El Potrillo que interpret\u00f3 sus \u00e9xitos durante un show que tuvo lugar en el FTX Arena en <strong>Miami, Florida<\/strong>.<\/p>\n\n\n\n<p>Un video que comparti\u00f3 Lili Estefan en su cuenta de Instagram qued\u00f3 constatado que Ang\u00e9lica Rivera tiene una buena relaci\u00f3n con Alejandro Fern\u00e1ndez, pues posaron muy <strong>sonrientes<\/strong> durante la gira que lleva a cabo por Estados Unidos titulada \u201cHecho en M\u00e9xico Tour 2021\u201d.<\/p>\n\n\n\n<p><strong>\u201cEl beso m\u00e1s grande es para m\u00ed\u201d<\/strong>, dijo Lili Estefan mientras Alejandro Fern\u00e1ndez le est\u00e1 dando un beso en la mejilla. Por su parte, Ang\u00e9lica Rivera que estaba tambi\u00e9n abrazada de un costado del cantante respondi\u00f3: \u201cLa ganona, ella fue la ganona\u201d.<\/p>\n\n\n\n<p>Junto a esta publicaci\u00f3n, la conductora de televisi\u00f3n escribi\u00f3: \u201cAnoche con mi querido @alexoficial durante su espectacular concierto. Wow, Wow, Wow <strong>\u00a1El mejor!<\/strong> #Miami te ama! Y yo massss Felicidades\u201d.<\/p>\n\n\n\n<p>Hasta el momento, el video ha acumulado m\u00e1s de <strong>265 mil 800 reproducciones<\/strong> y cientos de comentarios, entre ellos \u201cTan bella Ang\u00e9lica Rivera\u201d, \u201c\u00a1Hermosa la Gaviota! Ser\u00e1 un gusto verte de nuevo en una telenovela\u201d, \u201cBellas las dos y Lili que suerte\u201d, etc.<\/p>\n\n\n\n<p><\/p>\n\n\n\n<p><\/p>\n\n\n\n<p>Chic Magazine<\/p>\n","protected":false},"excerpt":{"rendered":"<p>Despu\u00e9s de firmar su divorcio con el ex presidente de M\u00e9xico, Enrique Pe\u00f1a Nieto, en el 2019, la actriz y ex primera dama Ang\u00e9lica Rivera se ha mantenido alejada del mundo del espect\u00e1culo. Pero ahora reaparece y acompa\u00f1ada de un famoso cantante. \u00bfQui\u00e9n es? \u00bfPor qu\u00e9 est\u00e1n juntos? \u00bfTrabajar\u00e1n en un nuevo proyecto? Son algunas [&hellip;]<\/p>\n","protected":false},"author":2,"featured_media":3155,"comment_status":"closed","ping_status":"closed","sticky":false,"template":"","format":"standard","meta":{"footnotes":""},"categories":[1],"tags":[],"class_list":{"0":"post-3154","1":"post","2":"type-post","3":"status-publish","4":"format-standard","5":"has-post-thumbnail","7":"category-sin-categoria"},"yoast_head":"<!-- This site is optimized with the Yoast SEO plugin v27.4 - https:\/\/yoast.com\/product\/yoast-seo-wordpress\/ -->\n<title>Ang\u00e9lica Rivera reaparece, \u00bfjunto a Alejandro Fern\u00e1ndez? - LA BRAVA RADIO<\/title>\n<meta name=\"robots\" content=\"index, follow, max-snippet:-1, max-image-preview:large, max-video-preview:-1\" \/>\n<link rel=\"canonical\" href=\"https:\/\/www.bbmnoticias.com\/labravaradiofm\/2021\/10\/05\/angelica-rivera-reaparece-junto-a-alejandro-fernandez\/\" \/>\n<meta property=\"og:locale\" content=\"es_MX\" \/>\n<meta property=\"og:type\" content=\"article\" \/>\n<meta property=\"og:title\" content=\"Ang\u00e9lica Rivera reaparece, \u00bfjunto a Alejandro Fern\u00e1ndez? - LA BRAVA RADIO\" \/>\n<meta property=\"og:description\" content=\"Despu\u00e9s de firmar su divorcio con el ex presidente de M\u00e9xico, Enrique Pe\u00f1a Nieto, en el 2019, la actriz y ex primera dama Ang\u00e9lica Rivera se ha mantenido alejada del mundo del espect\u00e1culo. Pero ahora reaparece y acompa\u00f1ada de un famoso cantante. \u00bfQui\u00e9n es? \u00bfPor qu\u00e9 est\u00e1n juntos? \u00bfTrabajar\u00e1n en un nuevo proyecto? Son algunas [&hellip;]\" \/>\n<meta property=\"og:url\" content=\"https:\/\/www.bbmnoticias.com\/labravaradiofm\/2021\/10\/05\/angelica-rivera-reaparece-junto-a-alejandro-fernandez\/\" \/>\n<meta property=\"og:site_name\" content=\"LA BRAVA RADIO\" \/>\n<meta property=\"article:published_time\" content=\"2021-10-05T22:52:49+00:00\" \/>\n<meta property=\"article:modified_time\" content=\"2021-10-05T22:52:51+00:00\" \/>\n<meta property=\"og:image\" content=\"https:\/\/www.bbmnoticias.com\/labravaradiofm\/wp-content\/uploads\/sites\/5\/2021\/10\/Espectaculos1-05.10.21.jpg\" \/>\n\t<meta property=\"og:image:width\" content=\"799\" \/>\n\t<meta property=\"og:image:height\" content=\"497\" \/>\n\t<meta property=\"og:image:type\" content=\"image\/jpeg\" \/>\n<meta name=\"author\" content=\"Staff\" \/>\n<meta name=\"twitter:card\" content=\"summary_large_image\" \/>\n<meta name=\"twitter:label1\" content=\"Escrito por\" \/>\n\t<meta name=\"twitter:data1\" content=\"Staff\" \/>\n\t<meta name=\"twitter:label2\" content=\"Tiempo de lectura\" \/>\n\t<meta name=\"twitter:data2\" content=\"2 minutos\" \/>\n<script type=\"application\/ld+json\" class=\"yoast-schema-graph\">{\"@context\":\"https:\\\/\\\/schema.org\",\"@graph\":[{\"@type\":\"Article\",\"@id\":\"https:\\\/\\\/www.bbmnoticias.com\\\/labravaradiofm\\\/2021\\\/10\\\/05\\\/angelica-rivera-reaparece-junto-a-alejandro-fernandez\\\/#article\",\"isPartOf\":{\"@id\":\"https:\\\/\\\/www.bbmnoticias.com\\\/labravaradiofm\\\/2021\\\/10\\\/05\\\/angelica-rivera-reaparece-junto-a-alejandro-fernandez\\\/\"},\"author\":{\"name\":\"Staff\",\"@id\":\"https:\\\/\\\/www.bbmnoticias.com\\\/labravaradiofm\\\/#\\\/schema\\\/person\\\/34b139c617a70ea5bef5678bffe4dd7b\"},\"headline\":\"Ang\u00e9lica Rivera reaparece, \u00bfjunto a Alejandro Fern\u00e1ndez?\",\"datePublished\":\"2021-10-05T22:52:49+00:00\",\"dateModified\":\"2021-10-05T22:52:51+00:00\",\"mainEntityOfPage\":{\"@id\":\"https:\\\/\\\/www.bbmnoticias.com\\\/labravaradiofm\\\/2021\\\/10\\\/05\\\/angelica-rivera-reaparece-junto-a-alejandro-fernandez\\\/\"},\"wordCount\":416,\"image\":{\"@id\":\"https:\\\/\\\/www.bbmnoticias.com\\\/labravaradiofm\\\/2021\\\/10\\\/05\\\/angelica-rivera-reaparece-junto-a-alejandro-fernandez\\\/#primaryimage\"},\"thumbnailUrl\":\"https:\\\/\\\/www.bbmnoticias.com\\\/labravaradiofm\\\/wp-content\\\/uploads\\\/sites\\\/5\\\/2021\\\/10\\\/Espectaculos1-05.10.21.jpg\",\"inLanguage\":\"es\"},{\"@type\":\"WebPage\",\"@id\":\"https:\\\/\\\/www.bbmnoticias.com\\\/labravaradiofm\\\/2021\\\/10\\\/05\\\/angelica-rivera-reaparece-junto-a-alejandro-fernandez\\\/\",\"url\":\"https:\\\/\\\/www.bbmnoticias.com\\\/labravaradiofm\\\/2021\\\/10\\\/05\\\/angelica-rivera-reaparece-junto-a-alejandro-fernandez\\\/\",\"name\":\"Ang\u00e9lica Rivera reaparece, \u00bfjunto a Alejandro Fern\u00e1ndez? - LA BRAVA RADIO\",\"isPartOf\":{\"@id\":\"https:\\\/\\\/www.bbmnoticias.com\\\/labravaradiofm\\\/#website\"},\"primaryImageOfPage\":{\"@id\":\"https:\\\/\\\/www.bbmnoticias.com\\\/labravaradiofm\\\/2021\\\/10\\\/05\\\/angelica-rivera-reaparece-junto-a-alejandro-fernandez\\\/#primaryimage\"},\"image\":{\"@id\":\"https:\\\/\\\/www.bbmnoticias.com\\\/labravaradiofm\\\/2021\\\/10\\\/05\\\/angelica-rivera-reaparece-junto-a-alejandro-fernandez\\\/#primaryimage\"},\"thumbnailUrl\":\"https:\\\/\\\/www.bbmnoticias.com\\\/labravaradiofm\\\/wp-content\\\/uploads\\\/sites\\\/5\\\/2021\\\/10\\\/Espectaculos1-05.10.21.jpg\",\"datePublished\":\"2021-10-05T22:52:49+00:00\",\"dateModified\":\"2021-10-05T22:52:51+00:00\",\"author\":{\"@id\":\"https:\\\/\\\/www.bbmnoticias.com\\\/labravaradiofm\\\/#\\\/schema\\\/person\\\/34b139c617a70ea5bef5678bffe4dd7b\"},\"breadcrumb\":{\"@id\":\"https:\\\/\\\/www.bbmnoticias.com\\\/labravaradiofm\\\/2021\\\/10\\\/05\\\/angelica-rivera-reaparece-junto-a-alejandro-fernandez\\\/#breadcrumb\"},\"inLanguage\":\"es\",\"potentialAction\":[{\"@type\":\"ReadAction\",\"target\":[\"https:\\\/\\\/www.bbmnoticias.com\\\/labravaradiofm\\\/2021\\\/10\\\/05\\\/angelica-rivera-reaparece-junto-a-alejandro-fernandez\\\/\"]}]},{\"@type\":\"ImageObject\",\"inLanguage\":\"es\",\"@id\":\"https:\\\/\\\/www.bbmnoticias.com\\\/labravaradiofm\\\/2021\\\/10\\\/05\\\/angelica-rivera-reaparece-junto-a-alejandro-fernandez\\\/#primaryimage\",\"url\":\"https:\\\/\\\/www.bbmnoticias.com\\\/labravaradiofm\\\/wp-content\\\/uploads\\\/sites\\\/5\\\/2021\\\/10\\\/Espectaculos1-05.10.21.jpg\",\"contentUrl\":\"https:\\\/\\\/www.bbmnoticias.com\\\/labravaradiofm\\\/wp-content\\\/uploads\\\/sites\\\/5\\\/2021\\\/10\\\/Espectaculos1-05.10.21.jpg\",\"width\":799,\"height\":497},{\"@type\":\"BreadcrumbList\",\"@id\":\"https:\\\/\\\/www.bbmnoticias.com\\\/labravaradiofm\\\/2021\\\/10\\\/05\\\/angelica-rivera-reaparece-junto-a-alejandro-fernandez\\\/#breadcrumb\",\"itemListElement\":[{\"@type\":\"ListItem\",\"position\":1,\"name\":\"Inicio\",\"item\":\"https:\\\/\\\/www.bbmnoticias.com\\\/labravaradiofm\\\/\"},{\"@type\":\"ListItem\",\"position\":2,\"name\":\"Ang\u00e9lica Rivera reaparece, \u00bfjunto a Alejandro Fern\u00e1ndez?\"}]},{\"@type\":\"WebSite\",\"@id\":\"https:\\\/\\\/www.bbmnoticias.com\\\/labravaradiofm\\\/#website\",\"url\":\"https:\\\/\\\/www.bbmnoticias.com\\\/labravaradiofm\\\/\",\"name\":\"LA BRAVA RADIO\",\"description\":\"Empresa productora de medios, Radiodifusi\u00f3n, Noticias, tendencias y todo lo que necesitas saber de la pol\u00edtica mexicana e internacional; entretenimiento, espect\u00e1culos, salud y mucho m\u00e1s.\",\"potentialAction\":[{\"@type\":\"SearchAction\",\"target\":{\"@type\":\"EntryPoint\",\"urlTemplate\":\"https:\\\/\\\/www.bbmnoticias.com\\\/labravaradiofm\\\/?s={search_term_string}\"},\"query-input\":{\"@type\":\"PropertyValueSpecification\",\"valueRequired\":true,\"valueName\":\"search_term_string\"}}],\"inLanguage\":\"es\"},{\"@type\":\"Person\",\"@id\":\"https:\\\/\\\/www.bbmnoticias.com\\\/labravaradiofm\\\/#\\\/schema\\\/person\\\/34b139c617a70ea5bef5678bffe4dd7b\",\"name\":\"Staff\",\"image\":{\"@type\":\"ImageObject\",\"inLanguage\":\"es\",\"@id\":\"https:\\\/\\\/secure.gravatar.com\\\/avatar\\\/fdd21ad66fd8b98c407f9dee5b5e588cfe7f0d8579ec20fa6527cd59bab7f0f0?s=96&d=mm&r=g\",\"url\":\"https:\\\/\\\/secure.gravatar.com\\\/avatar\\\/fdd21ad66fd8b98c407f9dee5b5e588cfe7f0d8579ec20fa6527cd59bab7f0f0?s=96&d=mm&r=g\",\"contentUrl\":\"https:\\\/\\\/secure.gravatar.com\\\/avatar\\\/fdd21ad66fd8b98c407f9dee5b5e588cfe7f0d8579ec20fa6527cd59bab7f0f0?s=96&d=mm&r=g\",\"caption\":\"Staff\"},\"url\":\"https:\\\/\\\/www.bbmnoticias.com\\\/labravaradiofm\\\/author\\\/redaccion\\\/\"}]}<\/script>\n<!-- \/ Yoast SEO plugin. -->","yoast_head_json":{"title":"Ang\u00e9lica Rivera reaparece, \u00bfjunto a Alejandro Fern\u00e1ndez? - LA BRAVA RADIO","robots":{"index":"index","follow":"follow","max-snippet":"max-snippet:-1","max-image-preview":"max-image-preview:large","max-video-preview":"max-video-preview:-1"},"canonical":"https:\/\/www.bbmnoticias.com\/labravaradiofm\/2021\/10\/05\/angelica-rivera-reaparece-junto-a-alejandro-fernandez\/","og_locale":"es_MX","og_type":"article","og_title":"Ang\u00e9lica Rivera reaparece, \u00bfjunto a Alejandro Fern\u00e1ndez? - LA BRAVA RADIO","og_description":"Despu\u00e9s de firmar su divorcio con el ex presidente de M\u00e9xico, Enrique Pe\u00f1a Nieto, en el 2019, la actriz y ex primera dama Ang\u00e9lica Rivera se ha mantenido alejada del mundo del espect\u00e1culo. Pero ahora reaparece y acompa\u00f1ada de un famoso cantante. \u00bfQui\u00e9n es? \u00bfPor qu\u00e9 est\u00e1n juntos? \u00bfTrabajar\u00e1n en un nuevo proyecto? Son algunas [&hellip;]","og_url":"https:\/\/www.bbmnoticias.com\/labravaradiofm\/2021\/10\/05\/angelica-rivera-reaparece-junto-a-alejandro-fernandez\/","og_site_name":"LA BRAVA RADIO","article_published_time":"2021-10-05T22:52:49+00:00","article_modified_time":"2021-10-05T22:52:51+00:00","og_image":[{"width":799,"height":497,"url":"https:\/\/www.bbmnoticias.com\/labravaradiofm\/wp-content\/uploads\/sites\/5\/2021\/10\/Espectaculos1-05.10.21.jpg","type":"image\/jpeg"}],"author":"Staff","twitter_card":"summary_large_image","twitter_misc":{"Escrito por":"Staff","Tiempo de lectura":"2 minutos"},"schema":{"@context":"https:\/\/schema.org","@graph":[{"@type":"Article","@id":"https:\/\/www.bbmnoticias.com\/labravaradiofm\/2021\/10\/05\/angelica-rivera-reaparece-junto-a-alejandro-fernandez\/#article","isPartOf":{"@id":"https:\/\/www.bbmnoticias.com\/labravaradiofm\/2021\/10\/05\/angelica-rivera-reaparece-junto-a-alejandro-fernandez\/"},"author":{"name":"Staff","@id":"https:\/\/www.bbmnoticias.com\/labravaradiofm\/#\/schema\/person\/34b139c617a70ea5bef5678bffe4dd7b"},"headline":"Ang\u00e9lica Rivera reaparece, \u00bfjunto a Alejandro Fern\u00e1ndez?","datePublished":"2021-10-05T22:52:49+00:00","dateModified":"2021-10-05T22:52:51+00:00","mainEntityOfPage":{"@id":"https:\/\/www.bbmnoticias.com\/labravaradiofm\/2021\/10\/05\/angelica-rivera-reaparece-junto-a-alejandro-fernandez\/"},"wordCount":416,"image":{"@id":"https:\/\/www.bbmnoticias.com\/labravaradiofm\/2021\/10\/05\/angelica-rivera-reaparece-junto-a-alejandro-fernandez\/#primaryimage"},"thumbnailUrl":"https:\/\/www.bbmnoticias.com\/labravaradiofm\/wp-content\/uploads\/sites\/5\/2021\/10\/Espectaculos1-05.10.21.jpg","inLanguage":"es"},{"@type":"WebPage","@id":"https:\/\/www.bbmnoticias.com\/labravaradiofm\/2021\/10\/05\/angelica-rivera-reaparece-junto-a-alejandro-fernandez\/","url":"https:\/\/www.bbmnoticias.com\/labravaradiofm\/2021\/10\/05\/angelica-rivera-reaparece-junto-a-alejandro-fernandez\/","name":"Ang\u00e9lica Rivera reaparece, \u00bfjunto a Alejandro Fern\u00e1ndez? - LA BRAVA RADIO","isPartOf":{"@id":"https:\/\/www.bbmnoticias.com\/labravaradiofm\/#website"},"primaryImageOfPage":{"@id":"https:\/\/www.bbmnoticias.com\/labravaradiofm\/2021\/10\/05\/angelica-rivera-reaparece-junto-a-alejandro-fernandez\/#primaryimage"},"image":{"@id":"https:\/\/www.bbmnoticias.com\/labravaradiofm\/2021\/10\/05\/angelica-rivera-reaparece-junto-a-alejandro-fernandez\/#primaryimage"},"thumbnailUrl":"https:\/\/www.bbmnoticias.com\/labravaradiofm\/wp-content\/uploads\/sites\/5\/2021\/10\/Espectaculos1-05.10.21.jpg","datePublished":"2021-10-05T22:52:49+00:00","dateModified":"2021-10-05T22:52:51+00:00","author":{"@id":"https:\/\/www.bbmnoticias.com\/labravaradiofm\/#\/schema\/person\/34b139c617a70ea5bef5678bffe4dd7b"},"breadcrumb":{"@id":"https:\/\/www.bbmnoticias.com\/labravaradiofm\/2021\/10\/05\/angelica-rivera-reaparece-junto-a-alejandro-fernandez\/#breadcrumb"},"inLanguage":"es","potentialAction":[{"@type":"ReadAction","target":["https:\/\/www.bbmnoticias.com\/labravaradiofm\/2021\/10\/05\/angelica-rivera-reaparece-junto-a-alejandro-fernandez\/"]}]},{"@type":"ImageObject","inLanguage":"es","@id":"https:\/\/www.bbmnoticias.com\/labravaradiofm\/2021\/10\/05\/angelica-rivera-reaparece-junto-a-alejandro-fernandez\/#primaryimage","url":"https:\/\/www.bbmnoticias.com\/labravaradiofm\/wp-content\/uploads\/sites\/5\/2021\/10\/Espectaculos1-05.10.21.jpg","contentUrl":"https:\/\/www.bbmnoticias.com\/labravaradiofm\/wp-content\/uploads\/sites\/5\/2021\/10\/Espectaculos1-05.10.21.jpg","width":799,"height":497},{"@type":"BreadcrumbList","@id":"https:\/\/www.bbmnoticias.com\/labravaradiofm\/2021\/10\/05\/angelica-rivera-reaparece-junto-a-alejandro-fernandez\/#breadcrumb","itemListElement":[{"@type":"ListItem","position":1,"name":"Inicio","item":"https:\/\/www.bbmnoticias.com\/labravaradiofm\/"},{"@type":"ListItem","position":2,"name":"Ang\u00e9lica Rivera reaparece, \u00bfjunto a Alejandro Fern\u00e1ndez?"}]},{"@type":"WebSite","@id":"https:\/\/www.bbmnoticias.com\/labravaradiofm\/#website","url":"https:\/\/www.bbmnoticias.com\/labravaradiofm\/","name":"LA BRAVA RADIO","description":"Empresa productora de medios, Radiodifusi\u00f3n, Noticias, tendencias y todo lo que necesitas saber de la pol\u00edtica mexicana e internacional; entretenimiento, espect\u00e1culos, salud y mucho m\u00e1s.","potentialAction":[{"@type":"SearchAction","target":{"@type":"EntryPoint","urlTemplate":"https:\/\/www.bbmnoticias.com\/labravaradiofm\/?s={search_term_string}"},"query-input":{"@type":"PropertyValueSpecification","valueRequired":true,"valueName":"search_term_string"}}],"inLanguage":"es"},{"@type":"Person","@id":"https:\/\/www.bbmnoticias.com\/labravaradiofm\/#\/schema\/person\/34b139c617a70ea5bef5678bffe4dd7b","name":"Staff","image":{"@type":"ImageObject","inLanguage":"es","@id":"https:\/\/secure.gravatar.com\/avatar\/fdd21ad66fd8b98c407f9dee5b5e588cfe7f0d8579ec20fa6527cd59bab7f0f0?s=96&d=mm&r=g","url":"https:\/\/secure.gravatar.com\/avatar\/fdd21ad66fd8b98c407f9dee5b5e588cfe7f0d8579ec20fa6527cd59bab7f0f0?s=96&d=mm&r=g","contentUrl":"https:\/\/secure.gravatar.com\/avatar\/fdd21ad66fd8b98c407f9dee5b5e588cfe7f0d8579ec20fa6527cd59bab7f0f0?s=96&d=mm&r=g","caption":"Staff"},"url":"https:\/\/www.bbmnoticias.com\/labravaradiofm\/author\/redaccion\/"}]}},"_links":{"self":[{"href":"https:\/\/www.bbmnoticias.com\/labravaradiofm\/wp-json\/wp\/v2\/posts\/3154","targetHints":{"allow":["GET"]}}],"collection":[{"href":"https:\/\/www.bbmnoticias.com\/labravaradiofm\/wp-json\/wp\/v2\/posts"}],"about":[{"href":"https:\/\/www.bbmnoticias.com\/labravaradiofm\/wp-json\/wp\/v2\/types\/post"}],"author":[{"embeddable":true,"href":"https:\/\/www.bbmnoticias.com\/labravaradiofm\/wp-json\/wp\/v2\/users\/2"}],"replies":[{"embeddable":true,"href":"https:\/\/www.bbmnoticias.com\/labravaradiofm\/wp-json\/wp\/v2\/comments?post=3154"}],"version-history":[{"count":0,"href":"https:\/\/www.bbmnoticias.com\/labravaradiofm\/wp-json\/wp\/v2\/posts\/3154\/revisions"}],"wp:featuredmedia":[{"embeddable":true,"href":"https:\/\/www.bbmnoticias.com\/labravaradiofm\/wp-json\/wp\/v2\/media\/3155"}],"wp:attachment":[{"href":"https:\/\/www.bbmnoticias.com\/labravaradiofm\/wp-json\/wp\/v2\/media?parent=3154"}],"wp:term":[{"taxonomy":"category","embeddable":true,"href":"https:\/\/www.bbmnoticias.com\/labravaradiofm\/wp-json\/wp\/v2\/categories?post=3154"},{"taxonomy":"post_tag","embeddable":true,"href":"https:\/\/www.bbmnoticias.com\/labravaradiofm\/wp-json\/wp\/v2\/tags?post=3154"}],"curies":[{"name":"wp","href":"https:\/\/api.w.org\/{rel}","templated":true}]}}