{"id":3148,"date":"2021-10-05T17:27:11","date_gmt":"2021-10-05T22:27:11","guid":{"rendered":"https:\/\/www.bbmnoticias.com\/labravaradiofm\/?p=3148"},"modified":"2021-10-05T17:27:13","modified_gmt":"2021-10-05T22:27:13","slug":"por-sospecha-de-covid-19-fgr-reprograma-comparecencias-de-cientificos-del-conacyt","status":"publish","type":"post","link":"https:\/\/www.bbmnoticias.com\/labravaradiofm\/2021\/10\/05\/por-sospecha-de-covid-19-fgr-reprograma-comparecencias-de-cientificos-del-conacyt\/","title":{"rendered":"Por sospecha de Covid-19, FGR reprograma comparecencias de cient\u00edficos del Conacyt"},"content":{"rendered":"<div style=\"margin-top: 0px; margin-bottom: 0px;\" class=\"sharethis-inline-share-buttons\" ><\/div>\n<p>Por <strong>sospecha de Covid-19<\/strong>, la Fiscal\u00eda General de la Rep\u00fablica (<strong>FGR<\/strong>) reprogram\u00f3 las <strong>comparecencias de dos de los 31 cient\u00edficos y exfuncionarios del Consejo Nacional de Ciencia y Tecnolog\u00eda <\/strong>(Conacyt) que son investigados por lavado de dinero, delincuencia organizada, uso il\u00edcito de atribuciones y facultades y peculado.<\/p>\n\n\n\n<p>Fuentes ministeriales confirmaron a EL UNIVERSAL que esta ma\u00f1ana, a las 11:00 horas, estaba programada la comparecencia de M\u00f3nica \u201cN\u201d, exempleada administrativa, para declarar sobre la investigaci\u00f3n que lleva la Fiscal\u00eda Especializada en Materia de Delincuencia Organizada (FEMDO).<\/p>\n\n\n\n<p>Al llegar a declarar, M\u00f3nica \u201cN\u201d&nbsp; fue informada que la ministerio p\u00fablico encargada del asunto ten\u00eda sospecha de coronavirus y por protocolo acudi\u00f3 a realizarse una prueba.<\/p>\n\n\n\n<p>Seg\u00fan las fuentes consultadas, el reactivo sali\u00f3 negativo al virus del SARS-Cov2, por lo que la comparecencia de M\u00f3nica \u201cN\u201d y Rafael Pando Cer\u00f3n, exdirector de Planeaci\u00f3n, Evaluaci\u00f3n y Seguimiento Tecnol\u00f3gico del Conacyt, quien ten\u00eda cita hoy a las 13:00 horas en la FEMDO, fueron reprogramadas.<\/p>\n","protected":false},"excerpt":{"rendered":"<p>Por sospecha de Covid-19, la Fiscal\u00eda General de la Rep\u00fablica (FGR) reprogram\u00f3 las comparecencias de dos de los 31 cient\u00edficos y exfuncionarios del Consejo Nacional de Ciencia y Tecnolog\u00eda (Conacyt) que son investigados por lavado de dinero, delincuencia organizada, uso il\u00edcito de atribuciones y facultades y peculado. Fuentes ministeriales confirmaron a EL UNIVERSAL que esta [&hellip;]<\/p>\n","protected":false},"author":10,"featured_media":3149,"comment_status":"closed","ping_status":"closed","sticky":false,"template":"","format":"standard","meta":{"footnotes":""},"categories":[19],"tags":[],"class_list":{"0":"post-3148","1":"post","2":"type-post","3":"status-publish","4":"format-standard","5":"has-post-thumbnail","7":"category-nacional"},"yoast_head":"<!-- This site is optimized with the Yoast SEO plugin v27.4 - https:\/\/yoast.com\/product\/yoast-seo-wordpress\/ -->\n<title>Por sospecha de Covid-19, FGR reprograma comparecencias de cient\u00edficos del Conacyt - LA BRAVA RADIO<\/title>\n<meta name=\"robots\" content=\"index, follow, max-snippet:-1, max-image-preview:large, max-video-preview:-1\" \/>\n<link rel=\"canonical\" href=\"https:\/\/www.bbmnoticias.com\/labravaradiofm\/2021\/10\/05\/por-sospecha-de-covid-19-fgr-reprograma-comparecencias-de-cientificos-del-conacyt\/\" \/>\n<meta property=\"og:locale\" content=\"es_MX\" \/>\n<meta property=\"og:type\" content=\"article\" \/>\n<meta property=\"og:title\" content=\"Por sospecha de Covid-19, FGR reprograma comparecencias de cient\u00edficos del Conacyt - LA BRAVA RADIO\" \/>\n<meta property=\"og:description\" content=\"Por sospecha de Covid-19, la Fiscal\u00eda General de la Rep\u00fablica (FGR) reprogram\u00f3 las comparecencias de dos de los 31 cient\u00edficos y exfuncionarios del Consejo Nacional de Ciencia y Tecnolog\u00eda (Conacyt) que son investigados por lavado de dinero, delincuencia organizada, uso il\u00edcito de atribuciones y facultades y peculado. Fuentes ministeriales confirmaron a EL UNIVERSAL que esta [&hellip;]\" \/>\n<meta property=\"og:url\" content=\"https:\/\/www.bbmnoticias.com\/labravaradiofm\/2021\/10\/05\/por-sospecha-de-covid-19-fgr-reprograma-comparecencias-de-cientificos-del-conacyt\/\" \/>\n<meta property=\"og:site_name\" content=\"LA BRAVA RADIO\" \/>\n<meta property=\"article:published_time\" content=\"2021-10-05T22:27:11+00:00\" \/>\n<meta property=\"article:modified_time\" content=\"2021-10-05T22:27:13+00:00\" \/>\n<meta property=\"og:image\" content=\"https:\/\/www.bbmnoticias.com\/labravaradiofm\/wp-content\/uploads\/sites\/5\/2021\/10\/Ncional3-05.10.21.jpg\" \/>\n\t<meta property=\"og:image:width\" content=\"799\" \/>\n\t<meta property=\"og:image:height\" content=\"492\" \/>\n\t<meta property=\"og:image:type\" content=\"image\/jpeg\" \/>\n<meta name=\"author\" content=\"El Universal\" \/>\n<meta name=\"twitter:card\" content=\"summary_large_image\" \/>\n<meta name=\"twitter:label1\" content=\"Escrito por\" \/>\n\t<meta name=\"twitter:data1\" content=\"El Universal\" \/>\n\t<meta name=\"twitter:label2\" content=\"Tiempo de lectura\" \/>\n\t<meta name=\"twitter:data2\" content=\"1 minuto\" \/>\n<script type=\"application\/ld+json\" class=\"yoast-schema-graph\">{\"@context\":\"https:\\\/\\\/schema.org\",\"@graph\":[{\"@type\":\"Article\",\"@id\":\"https:\\\/\\\/www.bbmnoticias.com\\\/labravaradiofm\\\/2021\\\/10\\\/05\\\/por-sospecha-de-covid-19-fgr-reprograma-comparecencias-de-cientificos-del-conacyt\\\/#article\",\"isPartOf\":{\"@id\":\"https:\\\/\\\/www.bbmnoticias.com\\\/labravaradiofm\\\/2021\\\/10\\\/05\\\/por-sospecha-de-covid-19-fgr-reprograma-comparecencias-de-cientificos-del-conacyt\\\/\"},\"author\":{\"name\":\"El Universal\",\"@id\":\"https:\\\/\\\/www.bbmnoticias.com\\\/labravaradiofm\\\/#\\\/schema\\\/person\\\/9d7a6a319e0df750bc43fc190d0b889b\"},\"headline\":\"Por sospecha de Covid-19, FGR reprograma comparecencias de cient\u00edficos del Conacyt\",\"datePublished\":\"2021-10-05T22:27:11+00:00\",\"dateModified\":\"2021-10-05T22:27:13+00:00\",\"mainEntityOfPage\":{\"@id\":\"https:\\\/\\\/www.bbmnoticias.com\\\/labravaradiofm\\\/2021\\\/10\\\/05\\\/por-sospecha-de-covid-19-fgr-reprograma-comparecencias-de-cientificos-del-conacyt\\\/\"},\"wordCount\":187,\"image\":{\"@id\":\"https:\\\/\\\/www.bbmnoticias.com\\\/labravaradiofm\\\/2021\\\/10\\\/05\\\/por-sospecha-de-covid-19-fgr-reprograma-comparecencias-de-cientificos-del-conacyt\\\/#primaryimage\"},\"thumbnailUrl\":\"https:\\\/\\\/www.bbmnoticias.com\\\/labravaradiofm\\\/wp-content\\\/uploads\\\/sites\\\/5\\\/2021\\\/10\\\/Ncional3-05.10.21.jpg\",\"articleSection\":[\"NACIONAL\"],\"inLanguage\":\"es\"},{\"@type\":\"WebPage\",\"@id\":\"https:\\\/\\\/www.bbmnoticias.com\\\/labravaradiofm\\\/2021\\\/10\\\/05\\\/por-sospecha-de-covid-19-fgr-reprograma-comparecencias-de-cientificos-del-conacyt\\\/\",\"url\":\"https:\\\/\\\/www.bbmnoticias.com\\\/labravaradiofm\\\/2021\\\/10\\\/05\\\/por-sospecha-de-covid-19-fgr-reprograma-comparecencias-de-cientificos-del-conacyt\\\/\",\"name\":\"Por sospecha de Covid-19, FGR reprograma comparecencias de cient\u00edficos del Conacyt - LA BRAVA RADIO\",\"isPartOf\":{\"@id\":\"https:\\\/\\\/www.bbmnoticias.com\\\/labravaradiofm\\\/#website\"},\"primaryImageOfPage\":{\"@id\":\"https:\\\/\\\/www.bbmnoticias.com\\\/labravaradiofm\\\/2021\\\/10\\\/05\\\/por-sospecha-de-covid-19-fgr-reprograma-comparecencias-de-cientificos-del-conacyt\\\/#primaryimage\"},\"image\":{\"@id\":\"https:\\\/\\\/www.bbmnoticias.com\\\/labravaradiofm\\\/2021\\\/10\\\/05\\\/por-sospecha-de-covid-19-fgr-reprograma-comparecencias-de-cientificos-del-conacyt\\\/#primaryimage\"},\"thumbnailUrl\":\"https:\\\/\\\/www.bbmnoticias.com\\\/labravaradiofm\\\/wp-content\\\/uploads\\\/sites\\\/5\\\/2021\\\/10\\\/Ncional3-05.10.21.jpg\",\"datePublished\":\"2021-10-05T22:27:11+00:00\",\"dateModified\":\"2021-10-05T22:27:13+00:00\",\"author\":{\"@id\":\"https:\\\/\\\/www.bbmnoticias.com\\\/labravaradiofm\\\/#\\\/schema\\\/person\\\/9d7a6a319e0df750bc43fc190d0b889b\"},\"breadcrumb\":{\"@id\":\"https:\\\/\\\/www.bbmnoticias.com\\\/labravaradiofm\\\/2021\\\/10\\\/05\\\/por-sospecha-de-covid-19-fgr-reprograma-comparecencias-de-cientificos-del-conacyt\\\/#breadcrumb\"},\"inLanguage\":\"es\",\"potentialAction\":[{\"@type\":\"ReadAction\",\"target\":[\"https:\\\/\\\/www.bbmnoticias.com\\\/labravaradiofm\\\/2021\\\/10\\\/05\\\/por-sospecha-de-covid-19-fgr-reprograma-comparecencias-de-cientificos-del-conacyt\\\/\"]}]},{\"@type\":\"ImageObject\",\"inLanguage\":\"es\",\"@id\":\"https:\\\/\\\/www.bbmnoticias.com\\\/labravaradiofm\\\/2021\\\/10\\\/05\\\/por-sospecha-de-covid-19-fgr-reprograma-comparecencias-de-cientificos-del-conacyt\\\/#primaryimage\",\"url\":\"https:\\\/\\\/www.bbmnoticias.com\\\/labravaradiofm\\\/wp-content\\\/uploads\\\/sites\\\/5\\\/2021\\\/10\\\/Ncional3-05.10.21.jpg\",\"contentUrl\":\"https:\\\/\\\/www.bbmnoticias.com\\\/labravaradiofm\\\/wp-content\\\/uploads\\\/sites\\\/5\\\/2021\\\/10\\\/Ncional3-05.10.21.jpg\",\"width\":799,\"height\":492},{\"@type\":\"BreadcrumbList\",\"@id\":\"https:\\\/\\\/www.bbmnoticias.com\\\/labravaradiofm\\\/2021\\\/10\\\/05\\\/por-sospecha-de-covid-19-fgr-reprograma-comparecencias-de-cientificos-del-conacyt\\\/#breadcrumb\",\"itemListElement\":[{\"@type\":\"ListItem\",\"position\":1,\"name\":\"Inicio\",\"item\":\"https:\\\/\\\/www.bbmnoticias.com\\\/labravaradiofm\\\/\"},{\"@type\":\"ListItem\",\"position\":2,\"name\":\"Por sospecha de Covid-19, FGR reprograma comparecencias de cient\u00edficos del Conacyt\"}]},{\"@type\":\"WebSite\",\"@id\":\"https:\\\/\\\/www.bbmnoticias.com\\\/labravaradiofm\\\/#website\",\"url\":\"https:\\\/\\\/www.bbmnoticias.com\\\/labravaradiofm\\\/\",\"name\":\"LA BRAVA RADIO\",\"description\":\"Empresa productora de medios, Radiodifusi\u00f3n, Noticias, tendencias y todo lo que necesitas saber de la pol\u00edtica mexicana e internacional; entretenimiento, espect\u00e1culos, salud y mucho m\u00e1s.\",\"potentialAction\":[{\"@type\":\"SearchAction\",\"target\":{\"@type\":\"EntryPoint\",\"urlTemplate\":\"https:\\\/\\\/www.bbmnoticias.com\\\/labravaradiofm\\\/?s={search_term_string}\"},\"query-input\":{\"@type\":\"PropertyValueSpecification\",\"valueRequired\":true,\"valueName\":\"search_term_string\"}}],\"inLanguage\":\"es\"},{\"@type\":\"Person\",\"@id\":\"https:\\\/\\\/www.bbmnoticias.com\\\/labravaradiofm\\\/#\\\/schema\\\/person\\\/9d7a6a319e0df750bc43fc190d0b889b\",\"name\":\"El Universal\",\"image\":{\"@type\":\"ImageObject\",\"inLanguage\":\"es\",\"@id\":\"https:\\\/\\\/secure.gravatar.com\\\/avatar\\\/71c770e6e00bd7cb8183e56d1c59f81601544fbe41d802d7c17d05c9e25f7d06?s=96&d=mm&r=g\",\"url\":\"https:\\\/\\\/secure.gravatar.com\\\/avatar\\\/71c770e6e00bd7cb8183e56d1c59f81601544fbe41d802d7c17d05c9e25f7d06?s=96&d=mm&r=g\",\"contentUrl\":\"https:\\\/\\\/secure.gravatar.com\\\/avatar\\\/71c770e6e00bd7cb8183e56d1c59f81601544fbe41d802d7c17d05c9e25f7d06?s=96&d=mm&r=g\",\"caption\":\"El Universal\"},\"url\":\"https:\\\/\\\/www.bbmnoticias.com\\\/labravaradiofm\\\/author\\\/eluniversal\\\/\"}]}<\/script>\n<!-- \/ Yoast SEO plugin. -->","yoast_head_json":{"title":"Por sospecha de Covid-19, FGR reprograma comparecencias de cient\u00edficos del Conacyt - LA BRAVA RADIO","robots":{"index":"index","follow":"follow","max-snippet":"max-snippet:-1","max-image-preview":"max-image-preview:large","max-video-preview":"max-video-preview:-1"},"canonical":"https:\/\/www.bbmnoticias.com\/labravaradiofm\/2021\/10\/05\/por-sospecha-de-covid-19-fgr-reprograma-comparecencias-de-cientificos-del-conacyt\/","og_locale":"es_MX","og_type":"article","og_title":"Por sospecha de Covid-19, FGR reprograma comparecencias de cient\u00edficos del Conacyt - LA BRAVA RADIO","og_description":"Por sospecha de Covid-19, la Fiscal\u00eda General de la Rep\u00fablica (FGR) reprogram\u00f3 las comparecencias de dos de los 31 cient\u00edficos y exfuncionarios del Consejo Nacional de Ciencia y Tecnolog\u00eda (Conacyt) que son investigados por lavado de dinero, delincuencia organizada, uso il\u00edcito de atribuciones y facultades y peculado. Fuentes ministeriales confirmaron a EL UNIVERSAL que esta [&hellip;]","og_url":"https:\/\/www.bbmnoticias.com\/labravaradiofm\/2021\/10\/05\/por-sospecha-de-covid-19-fgr-reprograma-comparecencias-de-cientificos-del-conacyt\/","og_site_name":"LA BRAVA RADIO","article_published_time":"2021-10-05T22:27:11+00:00","article_modified_time":"2021-10-05T22:27:13+00:00","og_image":[{"width":799,"height":492,"url":"https:\/\/www.bbmnoticias.com\/labravaradiofm\/wp-content\/uploads\/sites\/5\/2021\/10\/Ncional3-05.10.21.jpg","type":"image\/jpeg"}],"author":"El Universal","twitter_card":"summary_large_image","twitter_misc":{"Escrito por":"El Universal","Tiempo de lectura":"1 minuto"},"schema":{"@context":"https:\/\/schema.org","@graph":[{"@type":"Article","@id":"https:\/\/www.bbmnoticias.com\/labravaradiofm\/2021\/10\/05\/por-sospecha-de-covid-19-fgr-reprograma-comparecencias-de-cientificos-del-conacyt\/#article","isPartOf":{"@id":"https:\/\/www.bbmnoticias.com\/labravaradiofm\/2021\/10\/05\/por-sospecha-de-covid-19-fgr-reprograma-comparecencias-de-cientificos-del-conacyt\/"},"author":{"name":"El Universal","@id":"https:\/\/www.bbmnoticias.com\/labravaradiofm\/#\/schema\/person\/9d7a6a319e0df750bc43fc190d0b889b"},"headline":"Por sospecha de Covid-19, FGR reprograma comparecencias de cient\u00edficos del Conacyt","datePublished":"2021-10-05T22:27:11+00:00","dateModified":"2021-10-05T22:27:13+00:00","mainEntityOfPage":{"@id":"https:\/\/www.bbmnoticias.com\/labravaradiofm\/2021\/10\/05\/por-sospecha-de-covid-19-fgr-reprograma-comparecencias-de-cientificos-del-conacyt\/"},"wordCount":187,"image":{"@id":"https:\/\/www.bbmnoticias.com\/labravaradiofm\/2021\/10\/05\/por-sospecha-de-covid-19-fgr-reprograma-comparecencias-de-cientificos-del-conacyt\/#primaryimage"},"thumbnailUrl":"https:\/\/www.bbmnoticias.com\/labravaradiofm\/wp-content\/uploads\/sites\/5\/2021\/10\/Ncional3-05.10.21.jpg","articleSection":["NACIONAL"],"inLanguage":"es"},{"@type":"WebPage","@id":"https:\/\/www.bbmnoticias.com\/labravaradiofm\/2021\/10\/05\/por-sospecha-de-covid-19-fgr-reprograma-comparecencias-de-cientificos-del-conacyt\/","url":"https:\/\/www.bbmnoticias.com\/labravaradiofm\/2021\/10\/05\/por-sospecha-de-covid-19-fgr-reprograma-comparecencias-de-cientificos-del-conacyt\/","name":"Por sospecha de Covid-19, FGR reprograma comparecencias de cient\u00edficos del Conacyt - LA BRAVA RADIO","isPartOf":{"@id":"https:\/\/www.bbmnoticias.com\/labravaradiofm\/#website"},"primaryImageOfPage":{"@id":"https:\/\/www.bbmnoticias.com\/labravaradiofm\/2021\/10\/05\/por-sospecha-de-covid-19-fgr-reprograma-comparecencias-de-cientificos-del-conacyt\/#primaryimage"},"image":{"@id":"https:\/\/www.bbmnoticias.com\/labravaradiofm\/2021\/10\/05\/por-sospecha-de-covid-19-fgr-reprograma-comparecencias-de-cientificos-del-conacyt\/#primaryimage"},"thumbnailUrl":"https:\/\/www.bbmnoticias.com\/labravaradiofm\/wp-content\/uploads\/sites\/5\/2021\/10\/Ncional3-05.10.21.jpg","datePublished":"2021-10-05T22:27:11+00:00","dateModified":"2021-10-05T22:27:13+00:00","author":{"@id":"https:\/\/www.bbmnoticias.com\/labravaradiofm\/#\/schema\/person\/9d7a6a319e0df750bc43fc190d0b889b"},"breadcrumb":{"@id":"https:\/\/www.bbmnoticias.com\/labravaradiofm\/2021\/10\/05\/por-sospecha-de-covid-19-fgr-reprograma-comparecencias-de-cientificos-del-conacyt\/#breadcrumb"},"inLanguage":"es","potentialAction":[{"@type":"ReadAction","target":["https:\/\/www.bbmnoticias.com\/labravaradiofm\/2021\/10\/05\/por-sospecha-de-covid-19-fgr-reprograma-comparecencias-de-cientificos-del-conacyt\/"]}]},{"@type":"ImageObject","inLanguage":"es","@id":"https:\/\/www.bbmnoticias.com\/labravaradiofm\/2021\/10\/05\/por-sospecha-de-covid-19-fgr-reprograma-comparecencias-de-cientificos-del-conacyt\/#primaryimage","url":"https:\/\/www.bbmnoticias.com\/labravaradiofm\/wp-content\/uploads\/sites\/5\/2021\/10\/Ncional3-05.10.21.jpg","contentUrl":"https:\/\/www.bbmnoticias.com\/labravaradiofm\/wp-content\/uploads\/sites\/5\/2021\/10\/Ncional3-05.10.21.jpg","width":799,"height":492},{"@type":"BreadcrumbList","@id":"https:\/\/www.bbmnoticias.com\/labravaradiofm\/2021\/10\/05\/por-sospecha-de-covid-19-fgr-reprograma-comparecencias-de-cientificos-del-conacyt\/#breadcrumb","itemListElement":[{"@type":"ListItem","position":1,"name":"Inicio","item":"https:\/\/www.bbmnoticias.com\/labravaradiofm\/"},{"@type":"ListItem","position":2,"name":"Por sospecha de Covid-19, FGR reprograma comparecencias de cient\u00edficos del Conacyt"}]},{"@type":"WebSite","@id":"https:\/\/www.bbmnoticias.com\/labravaradiofm\/#website","url":"https:\/\/www.bbmnoticias.com\/labravaradiofm\/","name":"LA BRAVA RADIO","description":"Empresa productora de medios, Radiodifusi\u00f3n, Noticias, tendencias y todo lo que necesitas saber de la pol\u00edtica mexicana e internacional; entretenimiento, espect\u00e1culos, salud y mucho m\u00e1s.","potentialAction":[{"@type":"SearchAction","target":{"@type":"EntryPoint","urlTemplate":"https:\/\/www.bbmnoticias.com\/labravaradiofm\/?s={search_term_string}"},"query-input":{"@type":"PropertyValueSpecification","valueRequired":true,"valueName":"search_term_string"}}],"inLanguage":"es"},{"@type":"Person","@id":"https:\/\/www.bbmnoticias.com\/labravaradiofm\/#\/schema\/person\/9d7a6a319e0df750bc43fc190d0b889b","name":"El Universal","image":{"@type":"ImageObject","inLanguage":"es","@id":"https:\/\/secure.gravatar.com\/avatar\/71c770e6e00bd7cb8183e56d1c59f81601544fbe41d802d7c17d05c9e25f7d06?s=96&d=mm&r=g","url":"https:\/\/secure.gravatar.com\/avatar\/71c770e6e00bd7cb8183e56d1c59f81601544fbe41d802d7c17d05c9e25f7d06?s=96&d=mm&r=g","contentUrl":"https:\/\/secure.gravatar.com\/avatar\/71c770e6e00bd7cb8183e56d1c59f81601544fbe41d802d7c17d05c9e25f7d06?s=96&d=mm&r=g","caption":"El Universal"},"url":"https:\/\/www.bbmnoticias.com\/labravaradiofm\/author\/eluniversal\/"}]}},"_links":{"self":[{"href":"https:\/\/www.bbmnoticias.com\/labravaradiofm\/wp-json\/wp\/v2\/posts\/3148","targetHints":{"allow":["GET"]}}],"collection":[{"href":"https:\/\/www.bbmnoticias.com\/labravaradiofm\/wp-json\/wp\/v2\/posts"}],"about":[{"href":"https:\/\/www.bbmnoticias.com\/labravaradiofm\/wp-json\/wp\/v2\/types\/post"}],"author":[{"embeddable":true,"href":"https:\/\/www.bbmnoticias.com\/labravaradiofm\/wp-json\/wp\/v2\/users\/10"}],"replies":[{"embeddable":true,"href":"https:\/\/www.bbmnoticias.com\/labravaradiofm\/wp-json\/wp\/v2\/comments?post=3148"}],"version-history":[{"count":0,"href":"https:\/\/www.bbmnoticias.com\/labravaradiofm\/wp-json\/wp\/v2\/posts\/3148\/revisions"}],"wp:featuredmedia":[{"embeddable":true,"href":"https:\/\/www.bbmnoticias.com\/labravaradiofm\/wp-json\/wp\/v2\/media\/3149"}],"wp:attachment":[{"href":"https:\/\/www.bbmnoticias.com\/labravaradiofm\/wp-json\/wp\/v2\/media?parent=3148"}],"wp:term":[{"taxonomy":"category","embeddable":true,"href":"https:\/\/www.bbmnoticias.com\/labravaradiofm\/wp-json\/wp\/v2\/categories?post=3148"},{"taxonomy":"post_tag","embeddable":true,"href":"https:\/\/www.bbmnoticias.com\/labravaradiofm\/wp-json\/wp\/v2\/tags?post=3148"}],"curies":[{"name":"wp","href":"https:\/\/api.w.org\/{rel}","templated":true}]}}