{"id":3135,"date":"2021-10-05T14:07:55","date_gmt":"2021-10-05T19:07:55","guid":{"rendered":"https:\/\/www.bbmnoticias.com\/labravaradiofm\/?p=3135"},"modified":"2021-10-05T14:07:56","modified_gmt":"2021-10-05T19:07:56","slug":"tres-bloqueos-carreteros-afectan-al-istmo","status":"publish","type":"post","link":"https:\/\/www.bbmnoticias.com\/labravaradiofm\/2021\/10\/05\/tres-bloqueos-carreteros-afectan-al-istmo\/","title":{"rendered":"Tres bloqueos carreteros afectan al Istmo"},"content":{"rendered":"<div style=\"margin-top: 0px; margin-bottom: 0px;\" class=\"sharethis-inline-share-buttons\" ><\/div>\n<p>Juchit\u00e1n de Zaragoza, Oaxaca. Este martes se activaron tres bloqueos carreteros en el Istmo, uno de ellos que manten\u00eda incomunicado el paso a la ciudad de Oaxaca, se retir\u00f3 despu\u00e9s de cuatro horas.<\/p>\n\n\n\n<p>Desde las siete de la ma\u00f1ana, la carretera Transistmica en el kil\u00f3metro 260, a la altura de la escuela la IMECA fue cerrada por segundo d\u00eda consecutivo, por integrantes del Sindicato \u00danico de Trabajadores del Instituto Estatal de Bachillerato de Oaxaca SUTIEBO, en reclamo a un descuento salarial.<\/p>\n\n\n\n<p>Los trabajadores denuncian que de forma arbitraria les descontaron en el pago de las quincenas correspondientes al 15 y 30 de septiembre del 2021, resultando afectados<\/p>\n\n\n\n<p>En sus exigencias demandan un incremento salarial y el reembolso de los descuentos a la base trabajadora.<\/p>\n\n\n\n<p>Un segundo bloqueo que se retir\u00f3 despu\u00e9s de cuatro horas y que afecta la comunicaci\u00f3n con la ciudad de Oaxaca, se encontraba instalado sobre la carretera Panamericana tramo Jalapa del Marqu\u00e9s- Tequisistl\u00e1n a la altura del kil\u00f3metro 217, por un grupo de comuneros que exigen la renuncia del Presidente de Bienes Comunales, Joel L\u00f3pez V\u00e1squez, quien fue desconocido en asamblea.<\/p>\n\n\n\n<p>Pasado las 13:30 horas, se instal\u00f3 un tercer bloqueo carretero a la altura del puente de fierro de Tehuantepec, sobre la carretera Transistmica, por un grupo de materialistas adheridos al Sindicato Confederaci\u00f3n Aut\u00f3noma de Trabajadores y Empleados de M\u00e9xico (CATEM).<\/p>\n\n\n\n<p>Este sindicato busca una audiencia con la Presidenta Municipal Vilma Martinez Cort\u00e9s, para exigirle participaci\u00f3n en el acarreo de material de las obras que ejecuta el municipio.<\/p>\n","protected":false},"excerpt":{"rendered":"<p>Juchit\u00e1n de Zaragoza, Oaxaca. Este martes se activaron tres bloqueos carreteros en el Istmo, uno de ellos que manten\u00eda incomunicado el paso a la ciudad de Oaxaca, se retir\u00f3 despu\u00e9s de cuatro horas. Desde las siete de la ma\u00f1ana, la carretera Transistmica en el kil\u00f3metro 260, a la altura de la escuela la IMECA fue [&hellip;]<\/p>\n","protected":false},"author":3,"featured_media":3136,"comment_status":"closed","ping_status":"closed","sticky":false,"template":"","format":"standard","meta":{"footnotes":""},"categories":[1],"tags":[],"class_list":{"0":"post-3135","1":"post","2":"type-post","3":"status-publish","4":"format-standard","5":"has-post-thumbnail","7":"category-sin-categoria"},"yoast_head":"<!-- This site is optimized with the Yoast SEO plugin v27.4 - https:\/\/yoast.com\/product\/yoast-seo-wordpress\/ -->\n<title>Tres bloqueos carreteros afectan al Istmo - LA BRAVA RADIO<\/title>\n<meta name=\"robots\" content=\"index, follow, max-snippet:-1, max-image-preview:large, max-video-preview:-1\" \/>\n<link rel=\"canonical\" href=\"https:\/\/www.bbmnoticias.com\/labravaradiofm\/2021\/10\/05\/tres-bloqueos-carreteros-afectan-al-istmo\/\" \/>\n<meta property=\"og:locale\" content=\"es_MX\" \/>\n<meta property=\"og:type\" content=\"article\" \/>\n<meta property=\"og:title\" content=\"Tres bloqueos carreteros afectan al Istmo - LA BRAVA RADIO\" \/>\n<meta property=\"og:description\" content=\"Juchit\u00e1n de Zaragoza, Oaxaca. Este martes se activaron tres bloqueos carreteros en el Istmo, uno de ellos que manten\u00eda incomunicado el paso a la ciudad de Oaxaca, se retir\u00f3 despu\u00e9s de cuatro horas. Desde las siete de la ma\u00f1ana, la carretera Transistmica en el kil\u00f3metro 260, a la altura de la escuela la IMECA fue [&hellip;]\" \/>\n<meta property=\"og:url\" content=\"https:\/\/www.bbmnoticias.com\/labravaradiofm\/2021\/10\/05\/tres-bloqueos-carreteros-afectan-al-istmo\/\" \/>\n<meta property=\"og:site_name\" content=\"LA BRAVA RADIO\" \/>\n<meta property=\"article:author\" content=\"https:\/\/www.facebook.com\/EdwinMeneses30\" \/>\n<meta property=\"article:published_time\" content=\"2021-10-05T19:07:55+00:00\" \/>\n<meta property=\"article:modified_time\" content=\"2021-10-05T19:07:56+00:00\" \/>\n<meta property=\"og:image\" content=\"https:\/\/www.bbmnoticias.com\/labravaradiofm\/wp-content\/uploads\/sites\/5\/2021\/10\/IMG-20211005-WA0004.jpg\" \/>\n\t<meta property=\"og:image:width\" content=\"1280\" \/>\n\t<meta property=\"og:image:height\" content=\"575\" \/>\n\t<meta property=\"og:image:type\" content=\"image\/jpeg\" \/>\n<meta name=\"author\" content=\"Edwin MENESES\" \/>\n<meta name=\"twitter:card\" content=\"summary_large_image\" \/>\n<meta name=\"twitter:creator\" content=\"@https:\/\/twitter.com\/edwin_meneses81\" \/>\n<meta name=\"twitter:label1\" content=\"Escrito por\" \/>\n\t<meta name=\"twitter:data1\" content=\"Edwin MENESES\" \/>\n\t<meta name=\"twitter:label2\" content=\"Tiempo de lectura\" \/>\n\t<meta name=\"twitter:data2\" content=\"2 minutos\" \/>\n<script type=\"application\/ld+json\" class=\"yoast-schema-graph\">{\"@context\":\"https:\\\/\\\/schema.org\",\"@graph\":[{\"@type\":\"Article\",\"@id\":\"https:\\\/\\\/www.bbmnoticias.com\\\/labravaradiofm\\\/2021\\\/10\\\/05\\\/tres-bloqueos-carreteros-afectan-al-istmo\\\/#article\",\"isPartOf\":{\"@id\":\"https:\\\/\\\/www.bbmnoticias.com\\\/labravaradiofm\\\/2021\\\/10\\\/05\\\/tres-bloqueos-carreteros-afectan-al-istmo\\\/\"},\"author\":{\"name\":\"Edwin MENESES\",\"@id\":\"https:\\\/\\\/www.bbmnoticias.com\\\/labravaradiofm\\\/#\\\/schema\\\/person\\\/ac8532773d4f65dd24a852ecaf4c3ed0\"},\"headline\":\"Tres bloqueos carreteros afectan al Istmo\",\"datePublished\":\"2021-10-05T19:07:55+00:00\",\"dateModified\":\"2021-10-05T19:07:56+00:00\",\"mainEntityOfPage\":{\"@id\":\"https:\\\/\\\/www.bbmnoticias.com\\\/labravaradiofm\\\/2021\\\/10\\\/05\\\/tres-bloqueos-carreteros-afectan-al-istmo\\\/\"},\"wordCount\":269,\"image\":{\"@id\":\"https:\\\/\\\/www.bbmnoticias.com\\\/labravaradiofm\\\/2021\\\/10\\\/05\\\/tres-bloqueos-carreteros-afectan-al-istmo\\\/#primaryimage\"},\"thumbnailUrl\":\"https:\\\/\\\/www.bbmnoticias.com\\\/labravaradiofm\\\/wp-content\\\/uploads\\\/sites\\\/5\\\/2021\\\/10\\\/IMG-20211005-WA0004.jpg\",\"inLanguage\":\"es\"},{\"@type\":\"WebPage\",\"@id\":\"https:\\\/\\\/www.bbmnoticias.com\\\/labravaradiofm\\\/2021\\\/10\\\/05\\\/tres-bloqueos-carreteros-afectan-al-istmo\\\/\",\"url\":\"https:\\\/\\\/www.bbmnoticias.com\\\/labravaradiofm\\\/2021\\\/10\\\/05\\\/tres-bloqueos-carreteros-afectan-al-istmo\\\/\",\"name\":\"Tres bloqueos carreteros afectan al Istmo - LA BRAVA RADIO\",\"isPartOf\":{\"@id\":\"https:\\\/\\\/www.bbmnoticias.com\\\/labravaradiofm\\\/#website\"},\"primaryImageOfPage\":{\"@id\":\"https:\\\/\\\/www.bbmnoticias.com\\\/labravaradiofm\\\/2021\\\/10\\\/05\\\/tres-bloqueos-carreteros-afectan-al-istmo\\\/#primaryimage\"},\"image\":{\"@id\":\"https:\\\/\\\/www.bbmnoticias.com\\\/labravaradiofm\\\/2021\\\/10\\\/05\\\/tres-bloqueos-carreteros-afectan-al-istmo\\\/#primaryimage\"},\"thumbnailUrl\":\"https:\\\/\\\/www.bbmnoticias.com\\\/labravaradiofm\\\/wp-content\\\/uploads\\\/sites\\\/5\\\/2021\\\/10\\\/IMG-20211005-WA0004.jpg\",\"datePublished\":\"2021-10-05T19:07:55+00:00\",\"dateModified\":\"2021-10-05T19:07:56+00:00\",\"author\":{\"@id\":\"https:\\\/\\\/www.bbmnoticias.com\\\/labravaradiofm\\\/#\\\/schema\\\/person\\\/ac8532773d4f65dd24a852ecaf4c3ed0\"},\"breadcrumb\":{\"@id\":\"https:\\\/\\\/www.bbmnoticias.com\\\/labravaradiofm\\\/2021\\\/10\\\/05\\\/tres-bloqueos-carreteros-afectan-al-istmo\\\/#breadcrumb\"},\"inLanguage\":\"es\",\"potentialAction\":[{\"@type\":\"ReadAction\",\"target\":[\"https:\\\/\\\/www.bbmnoticias.com\\\/labravaradiofm\\\/2021\\\/10\\\/05\\\/tres-bloqueos-carreteros-afectan-al-istmo\\\/\"]}]},{\"@type\":\"ImageObject\",\"inLanguage\":\"es\",\"@id\":\"https:\\\/\\\/www.bbmnoticias.com\\\/labravaradiofm\\\/2021\\\/10\\\/05\\\/tres-bloqueos-carreteros-afectan-al-istmo\\\/#primaryimage\",\"url\":\"https:\\\/\\\/www.bbmnoticias.com\\\/labravaradiofm\\\/wp-content\\\/uploads\\\/sites\\\/5\\\/2021\\\/10\\\/IMG-20211005-WA0004.jpg\",\"contentUrl\":\"https:\\\/\\\/www.bbmnoticias.com\\\/labravaradiofm\\\/wp-content\\\/uploads\\\/sites\\\/5\\\/2021\\\/10\\\/IMG-20211005-WA0004.jpg\",\"width\":1280,\"height\":575},{\"@type\":\"BreadcrumbList\",\"@id\":\"https:\\\/\\\/www.bbmnoticias.com\\\/labravaradiofm\\\/2021\\\/10\\\/05\\\/tres-bloqueos-carreteros-afectan-al-istmo\\\/#breadcrumb\",\"itemListElement\":[{\"@type\":\"ListItem\",\"position\":1,\"name\":\"Inicio\",\"item\":\"https:\\\/\\\/www.bbmnoticias.com\\\/labravaradiofm\\\/\"},{\"@type\":\"ListItem\",\"position\":2,\"name\":\"Tres bloqueos carreteros afectan al Istmo\"}]},{\"@type\":\"WebSite\",\"@id\":\"https:\\\/\\\/www.bbmnoticias.com\\\/labravaradiofm\\\/#website\",\"url\":\"https:\\\/\\\/www.bbmnoticias.com\\\/labravaradiofm\\\/\",\"name\":\"LA BRAVA RADIO\",\"description\":\"Empresa productora de medios, Radiodifusi\u00f3n, Noticias, tendencias y todo lo que necesitas saber de la pol\u00edtica mexicana e internacional; entretenimiento, espect\u00e1culos, salud y mucho m\u00e1s.\",\"potentialAction\":[{\"@type\":\"SearchAction\",\"target\":{\"@type\":\"EntryPoint\",\"urlTemplate\":\"https:\\\/\\\/www.bbmnoticias.com\\\/labravaradiofm\\\/?s={search_term_string}\"},\"query-input\":{\"@type\":\"PropertyValueSpecification\",\"valueRequired\":true,\"valueName\":\"search_term_string\"}}],\"inLanguage\":\"es\"},{\"@type\":\"Person\",\"@id\":\"https:\\\/\\\/www.bbmnoticias.com\\\/labravaradiofm\\\/#\\\/schema\\\/person\\\/ac8532773d4f65dd24a852ecaf4c3ed0\",\"name\":\"Edwin MENESES\",\"image\":{\"@type\":\"ImageObject\",\"inLanguage\":\"es\",\"@id\":\"https:\\\/\\\/secure.gravatar.com\\\/avatar\\\/202a15439445248653d719ff745fa195bcc0553404b070fe317543754f253c4f?s=96&d=mm&r=g\",\"url\":\"https:\\\/\\\/secure.gravatar.com\\\/avatar\\\/202a15439445248653d719ff745fa195bcc0553404b070fe317543754f253c4f?s=96&d=mm&r=g\",\"contentUrl\":\"https:\\\/\\\/secure.gravatar.com\\\/avatar\\\/202a15439445248653d719ff745fa195bcc0553404b070fe317543754f253c4f?s=96&d=mm&r=g\",\"caption\":\"Edwin MENESES\"},\"sameAs\":[\"https:\\\/\\\/www.bbmnoticias.com\",\"https:\\\/\\\/www.facebook.com\\\/EdwinMeneses30\",\"https:\\\/\\\/x.com\\\/https:\\\/\\\/twitter.com\\\/edwin_meneses81\"],\"url\":\"https:\\\/\\\/www.bbmnoticias.com\\\/labravaradiofm\\\/author\\\/edwin\\\/\"}]}<\/script>\n<!-- \/ Yoast SEO plugin. -->","yoast_head_json":{"title":"Tres bloqueos carreteros afectan al Istmo - LA BRAVA RADIO","robots":{"index":"index","follow":"follow","max-snippet":"max-snippet:-1","max-image-preview":"max-image-preview:large","max-video-preview":"max-video-preview:-1"},"canonical":"https:\/\/www.bbmnoticias.com\/labravaradiofm\/2021\/10\/05\/tres-bloqueos-carreteros-afectan-al-istmo\/","og_locale":"es_MX","og_type":"article","og_title":"Tres bloqueos carreteros afectan al Istmo - LA BRAVA RADIO","og_description":"Juchit\u00e1n de Zaragoza, Oaxaca. Este martes se activaron tres bloqueos carreteros en el Istmo, uno de ellos que manten\u00eda incomunicado el paso a la ciudad de Oaxaca, se retir\u00f3 despu\u00e9s de cuatro horas. Desde las siete de la ma\u00f1ana, la carretera Transistmica en el kil\u00f3metro 260, a la altura de la escuela la IMECA fue [&hellip;]","og_url":"https:\/\/www.bbmnoticias.com\/labravaradiofm\/2021\/10\/05\/tres-bloqueos-carreteros-afectan-al-istmo\/","og_site_name":"LA BRAVA RADIO","article_author":"https:\/\/www.facebook.com\/EdwinMeneses30","article_published_time":"2021-10-05T19:07:55+00:00","article_modified_time":"2021-10-05T19:07:56+00:00","og_image":[{"width":1280,"height":575,"url":"https:\/\/www.bbmnoticias.com\/labravaradiofm\/wp-content\/uploads\/sites\/5\/2021\/10\/IMG-20211005-WA0004.jpg","type":"image\/jpeg"}],"author":"Edwin MENESES","twitter_card":"summary_large_image","twitter_creator":"@https:\/\/twitter.com\/edwin_meneses81","twitter_misc":{"Escrito por":"Edwin MENESES","Tiempo de lectura":"2 minutos"},"schema":{"@context":"https:\/\/schema.org","@graph":[{"@type":"Article","@id":"https:\/\/www.bbmnoticias.com\/labravaradiofm\/2021\/10\/05\/tres-bloqueos-carreteros-afectan-al-istmo\/#article","isPartOf":{"@id":"https:\/\/www.bbmnoticias.com\/labravaradiofm\/2021\/10\/05\/tres-bloqueos-carreteros-afectan-al-istmo\/"},"author":{"name":"Edwin MENESES","@id":"https:\/\/www.bbmnoticias.com\/labravaradiofm\/#\/schema\/person\/ac8532773d4f65dd24a852ecaf4c3ed0"},"headline":"Tres bloqueos carreteros afectan al Istmo","datePublished":"2021-10-05T19:07:55+00:00","dateModified":"2021-10-05T19:07:56+00:00","mainEntityOfPage":{"@id":"https:\/\/www.bbmnoticias.com\/labravaradiofm\/2021\/10\/05\/tres-bloqueos-carreteros-afectan-al-istmo\/"},"wordCount":269,"image":{"@id":"https:\/\/www.bbmnoticias.com\/labravaradiofm\/2021\/10\/05\/tres-bloqueos-carreteros-afectan-al-istmo\/#primaryimage"},"thumbnailUrl":"https:\/\/www.bbmnoticias.com\/labravaradiofm\/wp-content\/uploads\/sites\/5\/2021\/10\/IMG-20211005-WA0004.jpg","inLanguage":"es"},{"@type":"WebPage","@id":"https:\/\/www.bbmnoticias.com\/labravaradiofm\/2021\/10\/05\/tres-bloqueos-carreteros-afectan-al-istmo\/","url":"https:\/\/www.bbmnoticias.com\/labravaradiofm\/2021\/10\/05\/tres-bloqueos-carreteros-afectan-al-istmo\/","name":"Tres bloqueos carreteros afectan al Istmo - LA BRAVA RADIO","isPartOf":{"@id":"https:\/\/www.bbmnoticias.com\/labravaradiofm\/#website"},"primaryImageOfPage":{"@id":"https:\/\/www.bbmnoticias.com\/labravaradiofm\/2021\/10\/05\/tres-bloqueos-carreteros-afectan-al-istmo\/#primaryimage"},"image":{"@id":"https:\/\/www.bbmnoticias.com\/labravaradiofm\/2021\/10\/05\/tres-bloqueos-carreteros-afectan-al-istmo\/#primaryimage"},"thumbnailUrl":"https:\/\/www.bbmnoticias.com\/labravaradiofm\/wp-content\/uploads\/sites\/5\/2021\/10\/IMG-20211005-WA0004.jpg","datePublished":"2021-10-05T19:07:55+00:00","dateModified":"2021-10-05T19:07:56+00:00","author":{"@id":"https:\/\/www.bbmnoticias.com\/labravaradiofm\/#\/schema\/person\/ac8532773d4f65dd24a852ecaf4c3ed0"},"breadcrumb":{"@id":"https:\/\/www.bbmnoticias.com\/labravaradiofm\/2021\/10\/05\/tres-bloqueos-carreteros-afectan-al-istmo\/#breadcrumb"},"inLanguage":"es","potentialAction":[{"@type":"ReadAction","target":["https:\/\/www.bbmnoticias.com\/labravaradiofm\/2021\/10\/05\/tres-bloqueos-carreteros-afectan-al-istmo\/"]}]},{"@type":"ImageObject","inLanguage":"es","@id":"https:\/\/www.bbmnoticias.com\/labravaradiofm\/2021\/10\/05\/tres-bloqueos-carreteros-afectan-al-istmo\/#primaryimage","url":"https:\/\/www.bbmnoticias.com\/labravaradiofm\/wp-content\/uploads\/sites\/5\/2021\/10\/IMG-20211005-WA0004.jpg","contentUrl":"https:\/\/www.bbmnoticias.com\/labravaradiofm\/wp-content\/uploads\/sites\/5\/2021\/10\/IMG-20211005-WA0004.jpg","width":1280,"height":575},{"@type":"BreadcrumbList","@id":"https:\/\/www.bbmnoticias.com\/labravaradiofm\/2021\/10\/05\/tres-bloqueos-carreteros-afectan-al-istmo\/#breadcrumb","itemListElement":[{"@type":"ListItem","position":1,"name":"Inicio","item":"https:\/\/www.bbmnoticias.com\/labravaradiofm\/"},{"@type":"ListItem","position":2,"name":"Tres bloqueos carreteros afectan al Istmo"}]},{"@type":"WebSite","@id":"https:\/\/www.bbmnoticias.com\/labravaradiofm\/#website","url":"https:\/\/www.bbmnoticias.com\/labravaradiofm\/","name":"LA BRAVA RADIO","description":"Empresa productora de medios, Radiodifusi\u00f3n, Noticias, tendencias y todo lo que necesitas saber de la pol\u00edtica mexicana e internacional; entretenimiento, espect\u00e1culos, salud y mucho m\u00e1s.","potentialAction":[{"@type":"SearchAction","target":{"@type":"EntryPoint","urlTemplate":"https:\/\/www.bbmnoticias.com\/labravaradiofm\/?s={search_term_string}"},"query-input":{"@type":"PropertyValueSpecification","valueRequired":true,"valueName":"search_term_string"}}],"inLanguage":"es"},{"@type":"Person","@id":"https:\/\/www.bbmnoticias.com\/labravaradiofm\/#\/schema\/person\/ac8532773d4f65dd24a852ecaf4c3ed0","name":"Edwin MENESES","image":{"@type":"ImageObject","inLanguage":"es","@id":"https:\/\/secure.gravatar.com\/avatar\/202a15439445248653d719ff745fa195bcc0553404b070fe317543754f253c4f?s=96&d=mm&r=g","url":"https:\/\/secure.gravatar.com\/avatar\/202a15439445248653d719ff745fa195bcc0553404b070fe317543754f253c4f?s=96&d=mm&r=g","contentUrl":"https:\/\/secure.gravatar.com\/avatar\/202a15439445248653d719ff745fa195bcc0553404b070fe317543754f253c4f?s=96&d=mm&r=g","caption":"Edwin MENESES"},"sameAs":["https:\/\/www.bbmnoticias.com","https:\/\/www.facebook.com\/EdwinMeneses30","https:\/\/x.com\/https:\/\/twitter.com\/edwin_meneses81"],"url":"https:\/\/www.bbmnoticias.com\/labravaradiofm\/author\/edwin\/"}]}},"_links":{"self":[{"href":"https:\/\/www.bbmnoticias.com\/labravaradiofm\/wp-json\/wp\/v2\/posts\/3135","targetHints":{"allow":["GET"]}}],"collection":[{"href":"https:\/\/www.bbmnoticias.com\/labravaradiofm\/wp-json\/wp\/v2\/posts"}],"about":[{"href":"https:\/\/www.bbmnoticias.com\/labravaradiofm\/wp-json\/wp\/v2\/types\/post"}],"author":[{"embeddable":true,"href":"https:\/\/www.bbmnoticias.com\/labravaradiofm\/wp-json\/wp\/v2\/users\/3"}],"replies":[{"embeddable":true,"href":"https:\/\/www.bbmnoticias.com\/labravaradiofm\/wp-json\/wp\/v2\/comments?post=3135"}],"version-history":[{"count":0,"href":"https:\/\/www.bbmnoticias.com\/labravaradiofm\/wp-json\/wp\/v2\/posts\/3135\/revisions"}],"wp:featuredmedia":[{"embeddable":true,"href":"https:\/\/www.bbmnoticias.com\/labravaradiofm\/wp-json\/wp\/v2\/media\/3136"}],"wp:attachment":[{"href":"https:\/\/www.bbmnoticias.com\/labravaradiofm\/wp-json\/wp\/v2\/media?parent=3135"}],"wp:term":[{"taxonomy":"category","embeddable":true,"href":"https:\/\/www.bbmnoticias.com\/labravaradiofm\/wp-json\/wp\/v2\/categories?post=3135"},{"taxonomy":"post_tag","embeddable":true,"href":"https:\/\/www.bbmnoticias.com\/labravaradiofm\/wp-json\/wp\/v2\/tags?post=3135"}],"curies":[{"name":"wp","href":"https:\/\/api.w.org\/{rel}","templated":true}]}}