{"id":3132,"date":"2021-10-05T13:34:11","date_gmt":"2021-10-05T18:34:11","guid":{"rendered":"https:\/\/www.bbmnoticias.com\/labravaradiofm\/?p=3132"},"modified":"2021-10-05T13:34:14","modified_gmt":"2021-10-05T18:34:14","slug":"personas-privadas-de-libertad-en-oaxaca-crean-su-propia-marca-de-diseno-industrial","status":"publish","type":"post","link":"https:\/\/www.bbmnoticias.com\/labravaradiofm\/2021\/10\/05\/personas-privadas-de-libertad-en-oaxaca-crean-su-propia-marca-de-diseno-industrial\/","title":{"rendered":"Personas Privadas de Libertad en Oaxaca crean su propia marca de dise\u00f1o industrial"},"content":{"rendered":"<div style=\"margin-top: 0px; margin-bottom: 0px;\" class=\"sharethis-inline-share-buttons\" ><\/div>\n<p><strong>Oaxaca de Ju\u00e1rez, Oax.-<\/strong> \u201cChido Papa\u201d, la impresi\u00f3n de una nueva vida, es una marca de dise\u00f1o industrial que utiliza el m\u00e9todo de estampado en serigraf\u00eda, creada por Personas Privadas de la Libertad (PPL), con el apoyo de la Secretar\u00eda de Seguridad P\u00fablica de Oaxaca (SSPO), a trav\u00e9s del titular Heliodoro D\u00edaz Esc\u00e1rraga, como parte de las actividades de reinserci\u00f3n social que se llevan a cabo en el Centro Penitenciario Tanivet Varonil en Oaxaca.<\/p>\n\n\n\n<p>La idea surge a partir de las experiencias de vida de los PPL, misma que plasmaron en la marca, cuyo nombre \u201cChido Papa\u201d tiene su origen en la regi\u00f3n del Istmo, en donde la palabra Papa, sin tilde, se utiliza para nombrar a una persona masculina y connota respeto y aprecio; mientras que Chido, es un t\u00e9rmino coloquial, sin\u00f3nimo de bonito o muy bueno.<\/p>\n\n\n\n<p>Cabe resaltar que el primer curso de serigraf\u00eda que se ofreci\u00f3 dentro del Centro Penitenciario Tanivet Varonil, tuvo una duraci\u00f3n de dos meses y fue impartido por la Asociaci\u00f3n Civil \u201cMextizos\u201d. A partir de ello, las PPL aprendieron las diferentes formas de impresi\u00f3n a trav\u00e9s de la serigraf\u00eda en playeras, tazas de cer\u00e1mica, botellas de vidrio y pl\u00e1stico, tarjetas, plumas, bolsas de papel kraft y tela.<\/p>\n\n\n\n<p>Estas actividades son productivas dentro del Sistema Penitenciario Estatal, ya que permiten generar fuentes de empleo para los internos, al interior y exterior, una vez que concluyen su proceso de reinserci\u00f3n, como lo estipula el Modelo de Reinserci\u00f3n Social (MIRS) enmarcado en el Art\u00edculo 18 Constitucional.<\/p>\n","protected":false},"excerpt":{"rendered":"<p>Oaxaca de Ju\u00e1rez, Oax.- \u201cChido Papa\u201d, la impresi\u00f3n de una nueva vida, es una marca de dise\u00f1o industrial que utiliza el m\u00e9todo de estampado en serigraf\u00eda, creada por Personas Privadas de la Libertad (PPL), con el apoyo de la Secretar\u00eda de Seguridad P\u00fablica de Oaxaca (SSPO), a trav\u00e9s del titular Heliodoro D\u00edaz Esc\u00e1rraga, como parte [&hellip;]<\/p>\n","protected":false},"author":2,"featured_media":3133,"comment_status":"closed","ping_status":"closed","sticky":false,"template":"","format":"standard","meta":{"footnotes":""},"categories":[20],"tags":[],"class_list":{"0":"post-3132","1":"post","2":"type-post","3":"status-publish","4":"format-standard","5":"has-post-thumbnail","7":"category-policiaca"},"yoast_head":"<!-- This site is optimized with the Yoast SEO plugin v27.4 - https:\/\/yoast.com\/product\/yoast-seo-wordpress\/ -->\n<title>Personas Privadas de Libertad en Oaxaca crean su propia marca de dise\u00f1o industrial - LA BRAVA RADIO<\/title>\n<meta name=\"description\" content=\"La idea surge a partir de las experiencias de vida de los PPL, misma que plasmaron en la marca, cuyo nombre \u201cChido Papa\u201d\" \/>\n<meta name=\"robots\" content=\"index, follow, max-snippet:-1, max-image-preview:large, max-video-preview:-1\" \/>\n<link rel=\"canonical\" href=\"https:\/\/www.bbmnoticias.com\/labravaradiofm\/2021\/10\/05\/personas-privadas-de-libertad-en-oaxaca-crean-su-propia-marca-de-diseno-industrial\/\" \/>\n<meta property=\"og:locale\" content=\"es_MX\" \/>\n<meta property=\"og:type\" content=\"article\" \/>\n<meta property=\"og:title\" content=\"Personas Privadas de Libertad en Oaxaca crean su propia marca de dise\u00f1o industrial - LA BRAVA RADIO\" \/>\n<meta property=\"og:description\" content=\"La idea surge a partir de las experiencias de vida de los PPL, misma que plasmaron en la marca, cuyo nombre \u201cChido Papa\u201d\" \/>\n<meta property=\"og:url\" content=\"https:\/\/www.bbmnoticias.com\/labravaradiofm\/2021\/10\/05\/personas-privadas-de-libertad-en-oaxaca-crean-su-propia-marca-de-diseno-industrial\/\" \/>\n<meta property=\"og:site_name\" content=\"LA BRAVA RADIO\" \/>\n<meta property=\"article:published_time\" content=\"2021-10-05T18:34:11+00:00\" \/>\n<meta property=\"article:modified_time\" content=\"2021-10-05T18:34:14+00:00\" \/>\n<meta property=\"og:image\" content=\"https:\/\/www.bbmnoticias.com\/labravaradiofm\/wp-content\/uploads\/sites\/5\/2021\/10\/local05102021-11.jpeg\" \/>\n\t<meta property=\"og:image:width\" content=\"1600\" \/>\n\t<meta property=\"og:image:height\" content=\"900\" \/>\n\t<meta property=\"og:image:type\" content=\"image\/jpeg\" \/>\n<meta name=\"author\" content=\"Staff\" \/>\n<meta name=\"twitter:card\" content=\"summary_large_image\" \/>\n<meta name=\"twitter:label1\" content=\"Escrito por\" \/>\n\t<meta name=\"twitter:data1\" content=\"Staff\" \/>\n\t<meta name=\"twitter:label2\" content=\"Tiempo de lectura\" \/>\n\t<meta name=\"twitter:data2\" content=\"2 minutos\" \/>\n<script type=\"application\/ld+json\" class=\"yoast-schema-graph\">{\"@context\":\"https:\\\/\\\/schema.org\",\"@graph\":[{\"@type\":\"Article\",\"@id\":\"https:\\\/\\\/www.bbmnoticias.com\\\/labravaradiofm\\\/2021\\\/10\\\/05\\\/personas-privadas-de-libertad-en-oaxaca-crean-su-propia-marca-de-diseno-industrial\\\/#article\",\"isPartOf\":{\"@id\":\"https:\\\/\\\/www.bbmnoticias.com\\\/labravaradiofm\\\/2021\\\/10\\\/05\\\/personas-privadas-de-libertad-en-oaxaca-crean-su-propia-marca-de-diseno-industrial\\\/\"},\"author\":{\"name\":\"Staff\",\"@id\":\"https:\\\/\\\/www.bbmnoticias.com\\\/labravaradiofm\\\/#\\\/schema\\\/person\\\/34b139c617a70ea5bef5678bffe4dd7b\"},\"headline\":\"Personas Privadas de Libertad en Oaxaca crean su propia marca de dise\u00f1o industrial\",\"datePublished\":\"2021-10-05T18:34:11+00:00\",\"dateModified\":\"2021-10-05T18:34:14+00:00\",\"mainEntityOfPage\":{\"@id\":\"https:\\\/\\\/www.bbmnoticias.com\\\/labravaradiofm\\\/2021\\\/10\\\/05\\\/personas-privadas-de-libertad-en-oaxaca-crean-su-propia-marca-de-diseno-industrial\\\/\"},\"wordCount\":289,\"image\":{\"@id\":\"https:\\\/\\\/www.bbmnoticias.com\\\/labravaradiofm\\\/2021\\\/10\\\/05\\\/personas-privadas-de-libertad-en-oaxaca-crean-su-propia-marca-de-diseno-industrial\\\/#primaryimage\"},\"thumbnailUrl\":\"https:\\\/\\\/www.bbmnoticias.com\\\/labravaradiofm\\\/wp-content\\\/uploads\\\/sites\\\/5\\\/2021\\\/10\\\/local05102021-11.jpeg\",\"articleSection\":[\"POLICIACA\"],\"inLanguage\":\"es\"},{\"@type\":\"WebPage\",\"@id\":\"https:\\\/\\\/www.bbmnoticias.com\\\/labravaradiofm\\\/2021\\\/10\\\/05\\\/personas-privadas-de-libertad-en-oaxaca-crean-su-propia-marca-de-diseno-industrial\\\/\",\"url\":\"https:\\\/\\\/www.bbmnoticias.com\\\/labravaradiofm\\\/2021\\\/10\\\/05\\\/personas-privadas-de-libertad-en-oaxaca-crean-su-propia-marca-de-diseno-industrial\\\/\",\"name\":\"Personas Privadas de Libertad en Oaxaca crean su propia marca de dise\u00f1o industrial - LA BRAVA RADIO\",\"isPartOf\":{\"@id\":\"https:\\\/\\\/www.bbmnoticias.com\\\/labravaradiofm\\\/#website\"},\"primaryImageOfPage\":{\"@id\":\"https:\\\/\\\/www.bbmnoticias.com\\\/labravaradiofm\\\/2021\\\/10\\\/05\\\/personas-privadas-de-libertad-en-oaxaca-crean-su-propia-marca-de-diseno-industrial\\\/#primaryimage\"},\"image\":{\"@id\":\"https:\\\/\\\/www.bbmnoticias.com\\\/labravaradiofm\\\/2021\\\/10\\\/05\\\/personas-privadas-de-libertad-en-oaxaca-crean-su-propia-marca-de-diseno-industrial\\\/#primaryimage\"},\"thumbnailUrl\":\"https:\\\/\\\/www.bbmnoticias.com\\\/labravaradiofm\\\/wp-content\\\/uploads\\\/sites\\\/5\\\/2021\\\/10\\\/local05102021-11.jpeg\",\"datePublished\":\"2021-10-05T18:34:11+00:00\",\"dateModified\":\"2021-10-05T18:34:14+00:00\",\"author\":{\"@id\":\"https:\\\/\\\/www.bbmnoticias.com\\\/labravaradiofm\\\/#\\\/schema\\\/person\\\/34b139c617a70ea5bef5678bffe4dd7b\"},\"description\":\"La idea surge a partir de las experiencias de vida de los PPL, misma que plasmaron en la marca, cuyo nombre \u201cChido Papa\u201d\",\"breadcrumb\":{\"@id\":\"https:\\\/\\\/www.bbmnoticias.com\\\/labravaradiofm\\\/2021\\\/10\\\/05\\\/personas-privadas-de-libertad-en-oaxaca-crean-su-propia-marca-de-diseno-industrial\\\/#breadcrumb\"},\"inLanguage\":\"es\",\"potentialAction\":[{\"@type\":\"ReadAction\",\"target\":[\"https:\\\/\\\/www.bbmnoticias.com\\\/labravaradiofm\\\/2021\\\/10\\\/05\\\/personas-privadas-de-libertad-en-oaxaca-crean-su-propia-marca-de-diseno-industrial\\\/\"]}]},{\"@type\":\"ImageObject\",\"inLanguage\":\"es\",\"@id\":\"https:\\\/\\\/www.bbmnoticias.com\\\/labravaradiofm\\\/2021\\\/10\\\/05\\\/personas-privadas-de-libertad-en-oaxaca-crean-su-propia-marca-de-diseno-industrial\\\/#primaryimage\",\"url\":\"https:\\\/\\\/www.bbmnoticias.com\\\/labravaradiofm\\\/wp-content\\\/uploads\\\/sites\\\/5\\\/2021\\\/10\\\/local05102021-11.jpeg\",\"contentUrl\":\"https:\\\/\\\/www.bbmnoticias.com\\\/labravaradiofm\\\/wp-content\\\/uploads\\\/sites\\\/5\\\/2021\\\/10\\\/local05102021-11.jpeg\",\"width\":1600,\"height\":900},{\"@type\":\"BreadcrumbList\",\"@id\":\"https:\\\/\\\/www.bbmnoticias.com\\\/labravaradiofm\\\/2021\\\/10\\\/05\\\/personas-privadas-de-libertad-en-oaxaca-crean-su-propia-marca-de-diseno-industrial\\\/#breadcrumb\",\"itemListElement\":[{\"@type\":\"ListItem\",\"position\":1,\"name\":\"Inicio\",\"item\":\"https:\\\/\\\/www.bbmnoticias.com\\\/labravaradiofm\\\/\"},{\"@type\":\"ListItem\",\"position\":2,\"name\":\"Personas Privadas de Libertad en Oaxaca crean su propia marca de dise\u00f1o industrial\"}]},{\"@type\":\"WebSite\",\"@id\":\"https:\\\/\\\/www.bbmnoticias.com\\\/labravaradiofm\\\/#website\",\"url\":\"https:\\\/\\\/www.bbmnoticias.com\\\/labravaradiofm\\\/\",\"name\":\"LA BRAVA RADIO\",\"description\":\"Empresa productora de medios, Radiodifusi\u00f3n, Noticias, tendencias y todo lo que necesitas saber de la pol\u00edtica mexicana e internacional; entretenimiento, espect\u00e1culos, salud y mucho m\u00e1s.\",\"potentialAction\":[{\"@type\":\"SearchAction\",\"target\":{\"@type\":\"EntryPoint\",\"urlTemplate\":\"https:\\\/\\\/www.bbmnoticias.com\\\/labravaradiofm\\\/?s={search_term_string}\"},\"query-input\":{\"@type\":\"PropertyValueSpecification\",\"valueRequired\":true,\"valueName\":\"search_term_string\"}}],\"inLanguage\":\"es\"},{\"@type\":\"Person\",\"@id\":\"https:\\\/\\\/www.bbmnoticias.com\\\/labravaradiofm\\\/#\\\/schema\\\/person\\\/34b139c617a70ea5bef5678bffe4dd7b\",\"name\":\"Staff\",\"image\":{\"@type\":\"ImageObject\",\"inLanguage\":\"es\",\"@id\":\"https:\\\/\\\/secure.gravatar.com\\\/avatar\\\/fdd21ad66fd8b98c407f9dee5b5e588cfe7f0d8579ec20fa6527cd59bab7f0f0?s=96&d=mm&r=g\",\"url\":\"https:\\\/\\\/secure.gravatar.com\\\/avatar\\\/fdd21ad66fd8b98c407f9dee5b5e588cfe7f0d8579ec20fa6527cd59bab7f0f0?s=96&d=mm&r=g\",\"contentUrl\":\"https:\\\/\\\/secure.gravatar.com\\\/avatar\\\/fdd21ad66fd8b98c407f9dee5b5e588cfe7f0d8579ec20fa6527cd59bab7f0f0?s=96&d=mm&r=g\",\"caption\":\"Staff\"},\"url\":\"https:\\\/\\\/www.bbmnoticias.com\\\/labravaradiofm\\\/author\\\/redaccion\\\/\"}]}<\/script>\n<!-- \/ Yoast SEO plugin. -->","yoast_head_json":{"title":"Personas Privadas de Libertad en Oaxaca crean su propia marca de dise\u00f1o industrial - LA BRAVA RADIO","description":"La idea surge a partir de las experiencias de vida de los PPL, misma que plasmaron en la marca, cuyo nombre \u201cChido Papa\u201d","robots":{"index":"index","follow":"follow","max-snippet":"max-snippet:-1","max-image-preview":"max-image-preview:large","max-video-preview":"max-video-preview:-1"},"canonical":"https:\/\/www.bbmnoticias.com\/labravaradiofm\/2021\/10\/05\/personas-privadas-de-libertad-en-oaxaca-crean-su-propia-marca-de-diseno-industrial\/","og_locale":"es_MX","og_type":"article","og_title":"Personas Privadas de Libertad en Oaxaca crean su propia marca de dise\u00f1o industrial - LA BRAVA RADIO","og_description":"La idea surge a partir de las experiencias de vida de los PPL, misma que plasmaron en la marca, cuyo nombre \u201cChido Papa\u201d","og_url":"https:\/\/www.bbmnoticias.com\/labravaradiofm\/2021\/10\/05\/personas-privadas-de-libertad-en-oaxaca-crean-su-propia-marca-de-diseno-industrial\/","og_site_name":"LA BRAVA RADIO","article_published_time":"2021-10-05T18:34:11+00:00","article_modified_time":"2021-10-05T18:34:14+00:00","og_image":[{"width":1600,"height":900,"url":"https:\/\/www.bbmnoticias.com\/labravaradiofm\/wp-content\/uploads\/sites\/5\/2021\/10\/local05102021-11.jpeg","type":"image\/jpeg"}],"author":"Staff","twitter_card":"summary_large_image","twitter_misc":{"Escrito por":"Staff","Tiempo de lectura":"2 minutos"},"schema":{"@context":"https:\/\/schema.org","@graph":[{"@type":"Article","@id":"https:\/\/www.bbmnoticias.com\/labravaradiofm\/2021\/10\/05\/personas-privadas-de-libertad-en-oaxaca-crean-su-propia-marca-de-diseno-industrial\/#article","isPartOf":{"@id":"https:\/\/www.bbmnoticias.com\/labravaradiofm\/2021\/10\/05\/personas-privadas-de-libertad-en-oaxaca-crean-su-propia-marca-de-diseno-industrial\/"},"author":{"name":"Staff","@id":"https:\/\/www.bbmnoticias.com\/labravaradiofm\/#\/schema\/person\/34b139c617a70ea5bef5678bffe4dd7b"},"headline":"Personas Privadas de Libertad en Oaxaca crean su propia marca de dise\u00f1o industrial","datePublished":"2021-10-05T18:34:11+00:00","dateModified":"2021-10-05T18:34:14+00:00","mainEntityOfPage":{"@id":"https:\/\/www.bbmnoticias.com\/labravaradiofm\/2021\/10\/05\/personas-privadas-de-libertad-en-oaxaca-crean-su-propia-marca-de-diseno-industrial\/"},"wordCount":289,"image":{"@id":"https:\/\/www.bbmnoticias.com\/labravaradiofm\/2021\/10\/05\/personas-privadas-de-libertad-en-oaxaca-crean-su-propia-marca-de-diseno-industrial\/#primaryimage"},"thumbnailUrl":"https:\/\/www.bbmnoticias.com\/labravaradiofm\/wp-content\/uploads\/sites\/5\/2021\/10\/local05102021-11.jpeg","articleSection":["POLICIACA"],"inLanguage":"es"},{"@type":"WebPage","@id":"https:\/\/www.bbmnoticias.com\/labravaradiofm\/2021\/10\/05\/personas-privadas-de-libertad-en-oaxaca-crean-su-propia-marca-de-diseno-industrial\/","url":"https:\/\/www.bbmnoticias.com\/labravaradiofm\/2021\/10\/05\/personas-privadas-de-libertad-en-oaxaca-crean-su-propia-marca-de-diseno-industrial\/","name":"Personas Privadas de Libertad en Oaxaca crean su propia marca de dise\u00f1o industrial - LA BRAVA RADIO","isPartOf":{"@id":"https:\/\/www.bbmnoticias.com\/labravaradiofm\/#website"},"primaryImageOfPage":{"@id":"https:\/\/www.bbmnoticias.com\/labravaradiofm\/2021\/10\/05\/personas-privadas-de-libertad-en-oaxaca-crean-su-propia-marca-de-diseno-industrial\/#primaryimage"},"image":{"@id":"https:\/\/www.bbmnoticias.com\/labravaradiofm\/2021\/10\/05\/personas-privadas-de-libertad-en-oaxaca-crean-su-propia-marca-de-diseno-industrial\/#primaryimage"},"thumbnailUrl":"https:\/\/www.bbmnoticias.com\/labravaradiofm\/wp-content\/uploads\/sites\/5\/2021\/10\/local05102021-11.jpeg","datePublished":"2021-10-05T18:34:11+00:00","dateModified":"2021-10-05T18:34:14+00:00","author":{"@id":"https:\/\/www.bbmnoticias.com\/labravaradiofm\/#\/schema\/person\/34b139c617a70ea5bef5678bffe4dd7b"},"description":"La idea surge a partir de las experiencias de vida de los PPL, misma que plasmaron en la marca, cuyo nombre \u201cChido Papa\u201d","breadcrumb":{"@id":"https:\/\/www.bbmnoticias.com\/labravaradiofm\/2021\/10\/05\/personas-privadas-de-libertad-en-oaxaca-crean-su-propia-marca-de-diseno-industrial\/#breadcrumb"},"inLanguage":"es","potentialAction":[{"@type":"ReadAction","target":["https:\/\/www.bbmnoticias.com\/labravaradiofm\/2021\/10\/05\/personas-privadas-de-libertad-en-oaxaca-crean-su-propia-marca-de-diseno-industrial\/"]}]},{"@type":"ImageObject","inLanguage":"es","@id":"https:\/\/www.bbmnoticias.com\/labravaradiofm\/2021\/10\/05\/personas-privadas-de-libertad-en-oaxaca-crean-su-propia-marca-de-diseno-industrial\/#primaryimage","url":"https:\/\/www.bbmnoticias.com\/labravaradiofm\/wp-content\/uploads\/sites\/5\/2021\/10\/local05102021-11.jpeg","contentUrl":"https:\/\/www.bbmnoticias.com\/labravaradiofm\/wp-content\/uploads\/sites\/5\/2021\/10\/local05102021-11.jpeg","width":1600,"height":900},{"@type":"BreadcrumbList","@id":"https:\/\/www.bbmnoticias.com\/labravaradiofm\/2021\/10\/05\/personas-privadas-de-libertad-en-oaxaca-crean-su-propia-marca-de-diseno-industrial\/#breadcrumb","itemListElement":[{"@type":"ListItem","position":1,"name":"Inicio","item":"https:\/\/www.bbmnoticias.com\/labravaradiofm\/"},{"@type":"ListItem","position":2,"name":"Personas Privadas de Libertad en Oaxaca crean su propia marca de dise\u00f1o industrial"}]},{"@type":"WebSite","@id":"https:\/\/www.bbmnoticias.com\/labravaradiofm\/#website","url":"https:\/\/www.bbmnoticias.com\/labravaradiofm\/","name":"LA BRAVA RADIO","description":"Empresa productora de medios, Radiodifusi\u00f3n, Noticias, tendencias y todo lo que necesitas saber de la pol\u00edtica mexicana e internacional; entretenimiento, espect\u00e1culos, salud y mucho m\u00e1s.","potentialAction":[{"@type":"SearchAction","target":{"@type":"EntryPoint","urlTemplate":"https:\/\/www.bbmnoticias.com\/labravaradiofm\/?s={search_term_string}"},"query-input":{"@type":"PropertyValueSpecification","valueRequired":true,"valueName":"search_term_string"}}],"inLanguage":"es"},{"@type":"Person","@id":"https:\/\/www.bbmnoticias.com\/labravaradiofm\/#\/schema\/person\/34b139c617a70ea5bef5678bffe4dd7b","name":"Staff","image":{"@type":"ImageObject","inLanguage":"es","@id":"https:\/\/secure.gravatar.com\/avatar\/fdd21ad66fd8b98c407f9dee5b5e588cfe7f0d8579ec20fa6527cd59bab7f0f0?s=96&d=mm&r=g","url":"https:\/\/secure.gravatar.com\/avatar\/fdd21ad66fd8b98c407f9dee5b5e588cfe7f0d8579ec20fa6527cd59bab7f0f0?s=96&d=mm&r=g","contentUrl":"https:\/\/secure.gravatar.com\/avatar\/fdd21ad66fd8b98c407f9dee5b5e588cfe7f0d8579ec20fa6527cd59bab7f0f0?s=96&d=mm&r=g","caption":"Staff"},"url":"https:\/\/www.bbmnoticias.com\/labravaradiofm\/author\/redaccion\/"}]}},"_links":{"self":[{"href":"https:\/\/www.bbmnoticias.com\/labravaradiofm\/wp-json\/wp\/v2\/posts\/3132","targetHints":{"allow":["GET"]}}],"collection":[{"href":"https:\/\/www.bbmnoticias.com\/labravaradiofm\/wp-json\/wp\/v2\/posts"}],"about":[{"href":"https:\/\/www.bbmnoticias.com\/labravaradiofm\/wp-json\/wp\/v2\/types\/post"}],"author":[{"embeddable":true,"href":"https:\/\/www.bbmnoticias.com\/labravaradiofm\/wp-json\/wp\/v2\/users\/2"}],"replies":[{"embeddable":true,"href":"https:\/\/www.bbmnoticias.com\/labravaradiofm\/wp-json\/wp\/v2\/comments?post=3132"}],"version-history":[{"count":0,"href":"https:\/\/www.bbmnoticias.com\/labravaradiofm\/wp-json\/wp\/v2\/posts\/3132\/revisions"}],"wp:featuredmedia":[{"embeddable":true,"href":"https:\/\/www.bbmnoticias.com\/labravaradiofm\/wp-json\/wp\/v2\/media\/3133"}],"wp:attachment":[{"href":"https:\/\/www.bbmnoticias.com\/labravaradiofm\/wp-json\/wp\/v2\/media?parent=3132"}],"wp:term":[{"taxonomy":"category","embeddable":true,"href":"https:\/\/www.bbmnoticias.com\/labravaradiofm\/wp-json\/wp\/v2\/categories?post=3132"},{"taxonomy":"post_tag","embeddable":true,"href":"https:\/\/www.bbmnoticias.com\/labravaradiofm\/wp-json\/wp\/v2\/tags?post=3132"}],"curies":[{"name":"wp","href":"https:\/\/api.w.org\/{rel}","templated":true}]}}