{"id":3129,"date":"2021-10-05T13:24:18","date_gmt":"2021-10-05T18:24:18","guid":{"rendered":"https:\/\/www.bbmnoticias.com\/labravaradiofm\/?p=3129"},"modified":"2021-10-05T13:24:20","modified_gmt":"2021-10-05T18:24:20","slug":"oaxaca-permitira-a-adolescentes-elegir-su-identidad-de-genero","status":"publish","type":"post","link":"https:\/\/www.bbmnoticias.com\/labravaradiofm\/2021\/10\/05\/oaxaca-permitira-a-adolescentes-elegir-su-identidad-de-genero\/","title":{"rendered":"Oaxaca permitir\u00e1 a adolescentes elegir su identidad de g\u00e9nero"},"content":{"rendered":"<div style=\"margin-top: 0px; margin-bottom: 0px;\" class=\"sharethis-inline-share-buttons\" ><\/div>\n<p><strong>Oaxaca <\/strong>es el primer estado en reconocer los derechos de los <strong>adolescentes<\/strong> transg\u00e9nero luego de la aprobaci\u00f3n de la reforma al art\u00edculo 137 al C\u00f3digo Civil que establece que las personas de 12 a\u00f1os o m\u00e1s puedan elegir su <strong>identidad de g\u00e9nero<\/strong>.<\/p>\n\n\n\n<p>La iniciativa fue presentada por la diputada Magaly L\u00f3pez Dom\u00ednguez quien celebr\u00f3 el fall\u00f3, por mayor\u00eda con 29 votos a favor, por lo que fue remitida al gobernador Alejandro Murat Hinojosa.<\/p>\n\n\n\n<p>Para la asignaci\u00f3n de la <strong>identidad de g\u00e9nero<\/strong> las personas <strong>adolescentes<\/strong> deber\u00e1n presentar la identificaci\u00f3n oficial del padre, madre o tutor y acudir acompa\u00f1adas con alguna de estas personas.<\/p>\n\n\n\n<p>En caso de que se niegue el consentimiento del padre, madre o tutor de la persona menor de edad podr\u00e1 acudir a la Procuradur\u00eda Estatal de Protecci\u00f3n de los Derechos de Ni\u00f1as, Ni\u00f1os y Adolescentes de Oaxaca, la cual deber\u00e1 prestarle asistencia legal para recurrir a la v\u00eda jurisdiccional y en consecuencia sean los y las juezas quienes resuelvan.<\/p>\n\n\n\n<p>Por tratarse de personas menores de edad, el Registro Civil deber\u00e1 contar con personal especializado en trabajo e intervenci\u00f3n con adolescentes, g\u00e9nero y diversidad sexual en la adolescencia.<\/p>\n\n\n\n<figure class=\"wp-block-embed is-type-rich is-provider-twitter wp-block-embed-twitter\"><div class=\"wp-block-embed__wrapper\">\n<blockquote class=\"twitter-tweet\" data-width=\"550\" data-dnt=\"true\"><p lang=\"es\" dir=\"ltr\">\u00a1Lo Logramos!\ud83d\udce3\ud83c\udff3\ufe0f\u200d\u26a7\ufe0f<br>Congreso de <a href=\"https:\/\/twitter.com\/hashtag\/Oaxaca?src=hash&amp;ref_src=twsrc%5Etfw\">#Oaxaca<\/a> aprob\u00f3 la propuesta de su servidora y reform\u00f3 el C\u00f3digo Civil, con ello, se establece que menores de edad podr\u00e1n elegir su identidad de g\u00e9nero.<a href=\"https:\/\/twitter.com\/escandalamx?ref_src=twsrc%5Etfw\">@escandalamx<\/a> <a href=\"https:\/\/twitter.com\/InfanciasTrans?ref_src=twsrc%5Etfw\">@InfanciasTrans<\/a> <a href=\"https:\/\/twitter.com\/julioastillero?ref_src=twsrc%5Etfw\">@julioastillero<\/a> <a href=\"https:\/\/twitter.com\/DianaManzo31?ref_src=twsrc%5Etfw\">@DianaManzo31<\/a> <a href=\"https:\/\/twitter.com\/M_OlgaSCordero?ref_src=twsrc%5Etfw\">@M_OlgaSCordero<\/a> <a href=\"https:\/\/twitter.com\/paezvarela?ref_src=twsrc%5Etfw\">@paezvarela<\/a> <a href=\"https:\/\/twitter.com\/tania3651?ref_src=twsrc%5Etfw\">@tania3651<\/a> <a href=\"https:\/\/t.co\/N44exlnoLd\">pic.twitter.com\/N44exlnoLd<\/a><\/p>&mdash; Magaly L\u00f3pez Dom\u00ednguez (@Magaly_LopezOax) <a href=\"https:\/\/twitter.com\/Magaly_LopezOax\/status\/1444671987956203521?ref_src=twsrc%5Etfw\">October 3, 2021<\/a><\/blockquote><script async src=\"https:\/\/platform.twitter.com\/widgets.js\" charset=\"utf-8\"><\/script>\n<\/div><\/figure>\n\n\n\n<h2 class=\"wp-block-heading\">\u00bfQu\u00e9 es la identidad de g\u00e9nero?<\/h2>\n\n\n\n<p>La <strong>identidad de g\u00e9nero<\/strong> de una persona puede ser independiente del sexo con el que naci\u00f3 y su orientaci\u00f3n sexual, de acuerdo con la Secretar\u00eda de Gobernaci\u00f3n.<\/p>\n\n\n\n<p>La <strong>identidad de g\u00e9nero<\/strong> es el concepto que se tiene de uno mismo como ser sexual y de los sentimientos que esto conlleva; se relaciona con c\u00f3mo vivimos y sentimos nuestro cuerpo desde la experiencia personal y c\u00f3mo la llevamos al \u00e1mbito p\u00fablico.<\/p>\n\n\n\n<p>Por su parte, la Asociaci\u00f3n por las Infancias Transg\u00e9nero define, de acuerdo a la Comisi\u00f3n Interamericana de Derechos Humanos, la<strong> identidad de g\u00e9nero<\/strong> como la vivienda interna e individual del g\u00e9nero, tal como cada persona la siente y la vive.<\/p>\n\n\n\n<p>Todas las personas cuentan con una vivienda particular del g\u00e9nero y que en la mayor\u00eda de los casos se asigna al nacer, bajo el supuesto subjetivo de que a un tipo de \u00f3rgano sexual externo, le corresponde un g\u00e9nero.<\/p>\n\n\n\n<p>En la mayor\u00eda de los casos existe una coincidencia entre el g\u00e9nero asignado y el g\u00e9nero vivido y\/o construido, las personas que as\u00ed lo experimentan son llamadas cisg\u00e9nero, sin embargo, haya casos en los que esta correspondencia no se da, a estas se le nombra personas transg\u00e9nero.<\/p>\n\n\n\n<p>La <strong>identidad de g\u00e9nero<\/strong> forma parte del derecho a la identidad, cuesti\u00f3n que ha sido reconocida en instrumentos internacionales del Sistema Interamericano de Derechos Humanos.<\/p>\n\n\n\n<p>El Consejo Nacional para Prevenir la Discriminaci\u00f3n establece que la <strong>identidad de g\u00e9nero<\/strong> se desarrolla entre los 18 meses y los 3 a\u00f1os de edad, entonces la <strong>identidad de g\u00e9nero<\/strong> es un caracter\u00edstica con la que no se nace pero que cada personas exterioriza tan pronto pueda expresarse.<\/p>\n\n\n\n<figure class=\"wp-block-embed is-type-rich is-provider-twitter wp-block-embed-twitter\"><div class=\"wp-block-embed__wrapper\">\n<blockquote class=\"twitter-tweet\" data-width=\"550\" data-dnt=\"true\"><p lang=\"es\" dir=\"ltr\">El Congreso de Oaxaca aprob\u00f3 el pasado 22 de septiembre la iniciativa presentada por la diputada <a href=\"https:\/\/twitter.com\/Magaly_LopezOax?ref_src=twsrc%5Etfw\">@Magaly_LopezOax<\/a> para que <a href=\"https:\/\/twitter.com\/hashtag\/AdolescentesTrans?src=hash&amp;ref_src=twsrc%5Etfw\">#AdolescentesTrans<\/a> puedan obtener sus actas de nacimiento mediante un procedimiento administrativo a partir de los 12 a\u00f1os. <a href=\"https:\/\/t.co\/vrcqpk1lr6\">pic.twitter.com\/vrcqpk1lr6<\/a><\/p>&mdash; INFANCIAS TRANS* \ud83c\udff3\ufe0f\u200d\u26a7\ufe0f (@InfanciasTrans) <a href=\"https:\/\/twitter.com\/InfanciasTrans\/status\/1444668894057312271?ref_src=twsrc%5Etfw\">October 3, 2021<\/a><\/blockquote><script async src=\"https:\/\/platform.twitter.com\/widgets.js\" charset=\"utf-8\"><\/script>\n<\/div><\/figure>\n","protected":false},"excerpt":{"rendered":"<p>Oaxaca es el primer estado en reconocer los derechos de los adolescentes transg\u00e9nero luego de la aprobaci\u00f3n de la reforma al art\u00edculo 137 al C\u00f3digo Civil que establece que las personas de 12 a\u00f1os o m\u00e1s puedan elegir su identidad de g\u00e9nero. La iniciativa fue presentada por la diputada Magaly L\u00f3pez Dom\u00ednguez quien celebr\u00f3 el [&hellip;]<\/p>\n","protected":false},"author":4,"featured_media":3130,"comment_status":"closed","ping_status":"closed","sticky":false,"template":"","format":"standard","meta":{"footnotes":""},"categories":[2],"tags":[],"class_list":{"0":"post-3129","1":"post","2":"type-post","3":"status-publish","4":"format-standard","5":"has-post-thumbnail","7":"category-oaxaca"},"yoast_head":"<!-- This site is optimized with the Yoast SEO plugin v27.4 - https:\/\/yoast.com\/product\/yoast-seo-wordpress\/ -->\n<title>Oaxaca permitir\u00e1 a adolescentes elegir su identidad de g\u00e9nero - LA BRAVA RADIO<\/title>\n<meta name=\"description\" content=\"La iniciativa fue presentada por la diputada Magaly L\u00f3pez Dom\u00ednguez quien celebr\u00f3 el fall\u00f3, por mayor\u00eda con 29 votos a favor\" \/>\n<meta name=\"robots\" content=\"index, follow, max-snippet:-1, max-image-preview:large, max-video-preview:-1\" \/>\n<link rel=\"canonical\" href=\"https:\/\/www.bbmnoticias.com\/labravaradiofm\/2021\/10\/05\/oaxaca-permitira-a-adolescentes-elegir-su-identidad-de-genero\/\" \/>\n<meta property=\"og:locale\" content=\"es_MX\" \/>\n<meta property=\"og:type\" content=\"article\" \/>\n<meta property=\"og:title\" content=\"Oaxaca permitir\u00e1 a adolescentes elegir su identidad de g\u00e9nero - LA BRAVA RADIO\" \/>\n<meta property=\"og:description\" content=\"La iniciativa fue presentada por la diputada Magaly L\u00f3pez Dom\u00ednguez quien celebr\u00f3 el fall\u00f3, por mayor\u00eda con 29 votos a favor\" \/>\n<meta property=\"og:url\" content=\"https:\/\/www.bbmnoticias.com\/labravaradiofm\/2021\/10\/05\/oaxaca-permitira-a-adolescentes-elegir-su-identidad-de-genero\/\" \/>\n<meta property=\"og:site_name\" content=\"LA BRAVA RADIO\" \/>\n<meta property=\"article:published_time\" content=\"2021-10-05T18:24:18+00:00\" \/>\n<meta property=\"article:modified_time\" content=\"2021-10-05T18:24:20+00:00\" \/>\n<meta property=\"og:image\" content=\"https:\/\/www.bbmnoticias.com\/labravaradiofm\/wp-content\/uploads\/sites\/5\/2021\/10\/local05102021-9.jpeg\" \/>\n\t<meta property=\"og:image:width\" content=\"968\" \/>\n\t<meta property=\"og:image:height\" content=\"645\" \/>\n\t<meta property=\"og:image:type\" content=\"image\/jpeg\" \/>\n<meta name=\"author\" content=\"Agencias\" \/>\n<meta name=\"twitter:card\" content=\"summary_large_image\" \/>\n<meta name=\"twitter:label1\" content=\"Escrito por\" \/>\n\t<meta name=\"twitter:data1\" content=\"Agencias\" \/>\n\t<meta name=\"twitter:label2\" content=\"Tiempo de lectura\" \/>\n\t<meta name=\"twitter:data2\" content=\"3 minutos\" \/>\n<script type=\"application\/ld+json\" class=\"yoast-schema-graph\">{\"@context\":\"https:\\\/\\\/schema.org\",\"@graph\":[{\"@type\":\"Article\",\"@id\":\"https:\\\/\\\/www.bbmnoticias.com\\\/labravaradiofm\\\/2021\\\/10\\\/05\\\/oaxaca-permitira-a-adolescentes-elegir-su-identidad-de-genero\\\/#article\",\"isPartOf\":{\"@id\":\"https:\\\/\\\/www.bbmnoticias.com\\\/labravaradiofm\\\/2021\\\/10\\\/05\\\/oaxaca-permitira-a-adolescentes-elegir-su-identidad-de-genero\\\/\"},\"author\":{\"name\":\"Agencias\",\"@id\":\"https:\\\/\\\/www.bbmnoticias.com\\\/labravaradiofm\\\/#\\\/schema\\\/person\\\/857a3daf5c8142f29919023f377fbfad\"},\"headline\":\"Oaxaca permitir\u00e1 a adolescentes elegir su identidad de g\u00e9nero\",\"datePublished\":\"2021-10-05T18:24:18+00:00\",\"dateModified\":\"2021-10-05T18:24:20+00:00\",\"mainEntityOfPage\":{\"@id\":\"https:\\\/\\\/www.bbmnoticias.com\\\/labravaradiofm\\\/2021\\\/10\\\/05\\\/oaxaca-permitira-a-adolescentes-elegir-su-identidad-de-genero\\\/\"},\"wordCount\":532,\"image\":{\"@id\":\"https:\\\/\\\/www.bbmnoticias.com\\\/labravaradiofm\\\/2021\\\/10\\\/05\\\/oaxaca-permitira-a-adolescentes-elegir-su-identidad-de-genero\\\/#primaryimage\"},\"thumbnailUrl\":\"https:\\\/\\\/www.bbmnoticias.com\\\/labravaradiofm\\\/wp-content\\\/uploads\\\/sites\\\/5\\\/2021\\\/10\\\/local05102021-9.jpeg\",\"articleSection\":[\"LOCAL\"],\"inLanguage\":\"es\"},{\"@type\":\"WebPage\",\"@id\":\"https:\\\/\\\/www.bbmnoticias.com\\\/labravaradiofm\\\/2021\\\/10\\\/05\\\/oaxaca-permitira-a-adolescentes-elegir-su-identidad-de-genero\\\/\",\"url\":\"https:\\\/\\\/www.bbmnoticias.com\\\/labravaradiofm\\\/2021\\\/10\\\/05\\\/oaxaca-permitira-a-adolescentes-elegir-su-identidad-de-genero\\\/\",\"name\":\"Oaxaca permitir\u00e1 a adolescentes elegir su identidad de g\u00e9nero - LA BRAVA RADIO\",\"isPartOf\":{\"@id\":\"https:\\\/\\\/www.bbmnoticias.com\\\/labravaradiofm\\\/#website\"},\"primaryImageOfPage\":{\"@id\":\"https:\\\/\\\/www.bbmnoticias.com\\\/labravaradiofm\\\/2021\\\/10\\\/05\\\/oaxaca-permitira-a-adolescentes-elegir-su-identidad-de-genero\\\/#primaryimage\"},\"image\":{\"@id\":\"https:\\\/\\\/www.bbmnoticias.com\\\/labravaradiofm\\\/2021\\\/10\\\/05\\\/oaxaca-permitira-a-adolescentes-elegir-su-identidad-de-genero\\\/#primaryimage\"},\"thumbnailUrl\":\"https:\\\/\\\/www.bbmnoticias.com\\\/labravaradiofm\\\/wp-content\\\/uploads\\\/sites\\\/5\\\/2021\\\/10\\\/local05102021-9.jpeg\",\"datePublished\":\"2021-10-05T18:24:18+00:00\",\"dateModified\":\"2021-10-05T18:24:20+00:00\",\"author\":{\"@id\":\"https:\\\/\\\/www.bbmnoticias.com\\\/labravaradiofm\\\/#\\\/schema\\\/person\\\/857a3daf5c8142f29919023f377fbfad\"},\"description\":\"La iniciativa fue presentada por la diputada Magaly L\u00f3pez Dom\u00ednguez quien celebr\u00f3 el fall\u00f3, por mayor\u00eda con 29 votos a favor\",\"breadcrumb\":{\"@id\":\"https:\\\/\\\/www.bbmnoticias.com\\\/labravaradiofm\\\/2021\\\/10\\\/05\\\/oaxaca-permitira-a-adolescentes-elegir-su-identidad-de-genero\\\/#breadcrumb\"},\"inLanguage\":\"es\",\"potentialAction\":[{\"@type\":\"ReadAction\",\"target\":[\"https:\\\/\\\/www.bbmnoticias.com\\\/labravaradiofm\\\/2021\\\/10\\\/05\\\/oaxaca-permitira-a-adolescentes-elegir-su-identidad-de-genero\\\/\"]}]},{\"@type\":\"ImageObject\",\"inLanguage\":\"es\",\"@id\":\"https:\\\/\\\/www.bbmnoticias.com\\\/labravaradiofm\\\/2021\\\/10\\\/05\\\/oaxaca-permitira-a-adolescentes-elegir-su-identidad-de-genero\\\/#primaryimage\",\"url\":\"https:\\\/\\\/www.bbmnoticias.com\\\/labravaradiofm\\\/wp-content\\\/uploads\\\/sites\\\/5\\\/2021\\\/10\\\/local05102021-9.jpeg\",\"contentUrl\":\"https:\\\/\\\/www.bbmnoticias.com\\\/labravaradiofm\\\/wp-content\\\/uploads\\\/sites\\\/5\\\/2021\\\/10\\\/local05102021-9.jpeg\",\"width\":968,\"height\":645},{\"@type\":\"BreadcrumbList\",\"@id\":\"https:\\\/\\\/www.bbmnoticias.com\\\/labravaradiofm\\\/2021\\\/10\\\/05\\\/oaxaca-permitira-a-adolescentes-elegir-su-identidad-de-genero\\\/#breadcrumb\",\"itemListElement\":[{\"@type\":\"ListItem\",\"position\":1,\"name\":\"Inicio\",\"item\":\"https:\\\/\\\/www.bbmnoticias.com\\\/labravaradiofm\\\/\"},{\"@type\":\"ListItem\",\"position\":2,\"name\":\"Oaxaca permitir\u00e1 a adolescentes elegir su identidad de g\u00e9nero\"}]},{\"@type\":\"WebSite\",\"@id\":\"https:\\\/\\\/www.bbmnoticias.com\\\/labravaradiofm\\\/#website\",\"url\":\"https:\\\/\\\/www.bbmnoticias.com\\\/labravaradiofm\\\/\",\"name\":\"LA BRAVA RADIO\",\"description\":\"Empresa productora de medios, Radiodifusi\u00f3n, Noticias, tendencias y todo lo que necesitas saber de la pol\u00edtica mexicana e internacional; entretenimiento, espect\u00e1culos, salud y mucho m\u00e1s.\",\"potentialAction\":[{\"@type\":\"SearchAction\",\"target\":{\"@type\":\"EntryPoint\",\"urlTemplate\":\"https:\\\/\\\/www.bbmnoticias.com\\\/labravaradiofm\\\/?s={search_term_string}\"},\"query-input\":{\"@type\":\"PropertyValueSpecification\",\"valueRequired\":true,\"valueName\":\"search_term_string\"}}],\"inLanguage\":\"es\"},{\"@type\":\"Person\",\"@id\":\"https:\\\/\\\/www.bbmnoticias.com\\\/labravaradiofm\\\/#\\\/schema\\\/person\\\/857a3daf5c8142f29919023f377fbfad\",\"name\":\"Agencias\",\"image\":{\"@type\":\"ImageObject\",\"inLanguage\":\"es\",\"@id\":\"https:\\\/\\\/secure.gravatar.com\\\/avatar\\\/739e0b61adf9e398b425c36718c8752286da0e8cd90f20ce9a86678abc26aa0d?s=96&d=mm&r=g\",\"url\":\"https:\\\/\\\/secure.gravatar.com\\\/avatar\\\/739e0b61adf9e398b425c36718c8752286da0e8cd90f20ce9a86678abc26aa0d?s=96&d=mm&r=g\",\"contentUrl\":\"https:\\\/\\\/secure.gravatar.com\\\/avatar\\\/739e0b61adf9e398b425c36718c8752286da0e8cd90f20ce9a86678abc26aa0d?s=96&d=mm&r=g\",\"caption\":\"Agencias\"},\"url\":\"https:\\\/\\\/www.bbmnoticias.com\\\/labravaradiofm\\\/author\\\/agencias\\\/\"}]}<\/script>\n<!-- \/ Yoast SEO plugin. -->","yoast_head_json":{"title":"Oaxaca permitir\u00e1 a adolescentes elegir su identidad de g\u00e9nero - LA BRAVA RADIO","description":"La iniciativa fue presentada por la diputada Magaly L\u00f3pez Dom\u00ednguez quien celebr\u00f3 el fall\u00f3, por mayor\u00eda con 29 votos a favor","robots":{"index":"index","follow":"follow","max-snippet":"max-snippet:-1","max-image-preview":"max-image-preview:large","max-video-preview":"max-video-preview:-1"},"canonical":"https:\/\/www.bbmnoticias.com\/labravaradiofm\/2021\/10\/05\/oaxaca-permitira-a-adolescentes-elegir-su-identidad-de-genero\/","og_locale":"es_MX","og_type":"article","og_title":"Oaxaca permitir\u00e1 a adolescentes elegir su identidad de g\u00e9nero - LA BRAVA RADIO","og_description":"La iniciativa fue presentada por la diputada Magaly L\u00f3pez Dom\u00ednguez quien celebr\u00f3 el fall\u00f3, por mayor\u00eda con 29 votos a favor","og_url":"https:\/\/www.bbmnoticias.com\/labravaradiofm\/2021\/10\/05\/oaxaca-permitira-a-adolescentes-elegir-su-identidad-de-genero\/","og_site_name":"LA BRAVA RADIO","article_published_time":"2021-10-05T18:24:18+00:00","article_modified_time":"2021-10-05T18:24:20+00:00","og_image":[{"width":968,"height":645,"url":"https:\/\/www.bbmnoticias.com\/labravaradiofm\/wp-content\/uploads\/sites\/5\/2021\/10\/local05102021-9.jpeg","type":"image\/jpeg"}],"author":"Agencias","twitter_card":"summary_large_image","twitter_misc":{"Escrito por":"Agencias","Tiempo de lectura":"3 minutos"},"schema":{"@context":"https:\/\/schema.org","@graph":[{"@type":"Article","@id":"https:\/\/www.bbmnoticias.com\/labravaradiofm\/2021\/10\/05\/oaxaca-permitira-a-adolescentes-elegir-su-identidad-de-genero\/#article","isPartOf":{"@id":"https:\/\/www.bbmnoticias.com\/labravaradiofm\/2021\/10\/05\/oaxaca-permitira-a-adolescentes-elegir-su-identidad-de-genero\/"},"author":{"name":"Agencias","@id":"https:\/\/www.bbmnoticias.com\/labravaradiofm\/#\/schema\/person\/857a3daf5c8142f29919023f377fbfad"},"headline":"Oaxaca permitir\u00e1 a adolescentes elegir su identidad de g\u00e9nero","datePublished":"2021-10-05T18:24:18+00:00","dateModified":"2021-10-05T18:24:20+00:00","mainEntityOfPage":{"@id":"https:\/\/www.bbmnoticias.com\/labravaradiofm\/2021\/10\/05\/oaxaca-permitira-a-adolescentes-elegir-su-identidad-de-genero\/"},"wordCount":532,"image":{"@id":"https:\/\/www.bbmnoticias.com\/labravaradiofm\/2021\/10\/05\/oaxaca-permitira-a-adolescentes-elegir-su-identidad-de-genero\/#primaryimage"},"thumbnailUrl":"https:\/\/www.bbmnoticias.com\/labravaradiofm\/wp-content\/uploads\/sites\/5\/2021\/10\/local05102021-9.jpeg","articleSection":["LOCAL"],"inLanguage":"es"},{"@type":"WebPage","@id":"https:\/\/www.bbmnoticias.com\/labravaradiofm\/2021\/10\/05\/oaxaca-permitira-a-adolescentes-elegir-su-identidad-de-genero\/","url":"https:\/\/www.bbmnoticias.com\/labravaradiofm\/2021\/10\/05\/oaxaca-permitira-a-adolescentes-elegir-su-identidad-de-genero\/","name":"Oaxaca permitir\u00e1 a adolescentes elegir su identidad de g\u00e9nero - LA BRAVA RADIO","isPartOf":{"@id":"https:\/\/www.bbmnoticias.com\/labravaradiofm\/#website"},"primaryImageOfPage":{"@id":"https:\/\/www.bbmnoticias.com\/labravaradiofm\/2021\/10\/05\/oaxaca-permitira-a-adolescentes-elegir-su-identidad-de-genero\/#primaryimage"},"image":{"@id":"https:\/\/www.bbmnoticias.com\/labravaradiofm\/2021\/10\/05\/oaxaca-permitira-a-adolescentes-elegir-su-identidad-de-genero\/#primaryimage"},"thumbnailUrl":"https:\/\/www.bbmnoticias.com\/labravaradiofm\/wp-content\/uploads\/sites\/5\/2021\/10\/local05102021-9.jpeg","datePublished":"2021-10-05T18:24:18+00:00","dateModified":"2021-10-05T18:24:20+00:00","author":{"@id":"https:\/\/www.bbmnoticias.com\/labravaradiofm\/#\/schema\/person\/857a3daf5c8142f29919023f377fbfad"},"description":"La iniciativa fue presentada por la diputada Magaly L\u00f3pez Dom\u00ednguez quien celebr\u00f3 el fall\u00f3, por mayor\u00eda con 29 votos a favor","breadcrumb":{"@id":"https:\/\/www.bbmnoticias.com\/labravaradiofm\/2021\/10\/05\/oaxaca-permitira-a-adolescentes-elegir-su-identidad-de-genero\/#breadcrumb"},"inLanguage":"es","potentialAction":[{"@type":"ReadAction","target":["https:\/\/www.bbmnoticias.com\/labravaradiofm\/2021\/10\/05\/oaxaca-permitira-a-adolescentes-elegir-su-identidad-de-genero\/"]}]},{"@type":"ImageObject","inLanguage":"es","@id":"https:\/\/www.bbmnoticias.com\/labravaradiofm\/2021\/10\/05\/oaxaca-permitira-a-adolescentes-elegir-su-identidad-de-genero\/#primaryimage","url":"https:\/\/www.bbmnoticias.com\/labravaradiofm\/wp-content\/uploads\/sites\/5\/2021\/10\/local05102021-9.jpeg","contentUrl":"https:\/\/www.bbmnoticias.com\/labravaradiofm\/wp-content\/uploads\/sites\/5\/2021\/10\/local05102021-9.jpeg","width":968,"height":645},{"@type":"BreadcrumbList","@id":"https:\/\/www.bbmnoticias.com\/labravaradiofm\/2021\/10\/05\/oaxaca-permitira-a-adolescentes-elegir-su-identidad-de-genero\/#breadcrumb","itemListElement":[{"@type":"ListItem","position":1,"name":"Inicio","item":"https:\/\/www.bbmnoticias.com\/labravaradiofm\/"},{"@type":"ListItem","position":2,"name":"Oaxaca permitir\u00e1 a adolescentes elegir su identidad de g\u00e9nero"}]},{"@type":"WebSite","@id":"https:\/\/www.bbmnoticias.com\/labravaradiofm\/#website","url":"https:\/\/www.bbmnoticias.com\/labravaradiofm\/","name":"LA BRAVA RADIO","description":"Empresa productora de medios, Radiodifusi\u00f3n, Noticias, tendencias y todo lo que necesitas saber de la pol\u00edtica mexicana e internacional; entretenimiento, espect\u00e1culos, salud y mucho m\u00e1s.","potentialAction":[{"@type":"SearchAction","target":{"@type":"EntryPoint","urlTemplate":"https:\/\/www.bbmnoticias.com\/labravaradiofm\/?s={search_term_string}"},"query-input":{"@type":"PropertyValueSpecification","valueRequired":true,"valueName":"search_term_string"}}],"inLanguage":"es"},{"@type":"Person","@id":"https:\/\/www.bbmnoticias.com\/labravaradiofm\/#\/schema\/person\/857a3daf5c8142f29919023f377fbfad","name":"Agencias","image":{"@type":"ImageObject","inLanguage":"es","@id":"https:\/\/secure.gravatar.com\/avatar\/739e0b61adf9e398b425c36718c8752286da0e8cd90f20ce9a86678abc26aa0d?s=96&d=mm&r=g","url":"https:\/\/secure.gravatar.com\/avatar\/739e0b61adf9e398b425c36718c8752286da0e8cd90f20ce9a86678abc26aa0d?s=96&d=mm&r=g","contentUrl":"https:\/\/secure.gravatar.com\/avatar\/739e0b61adf9e398b425c36718c8752286da0e8cd90f20ce9a86678abc26aa0d?s=96&d=mm&r=g","caption":"Agencias"},"url":"https:\/\/www.bbmnoticias.com\/labravaradiofm\/author\/agencias\/"}]}},"_links":{"self":[{"href":"https:\/\/www.bbmnoticias.com\/labravaradiofm\/wp-json\/wp\/v2\/posts\/3129","targetHints":{"allow":["GET"]}}],"collection":[{"href":"https:\/\/www.bbmnoticias.com\/labravaradiofm\/wp-json\/wp\/v2\/posts"}],"about":[{"href":"https:\/\/www.bbmnoticias.com\/labravaradiofm\/wp-json\/wp\/v2\/types\/post"}],"author":[{"embeddable":true,"href":"https:\/\/www.bbmnoticias.com\/labravaradiofm\/wp-json\/wp\/v2\/users\/4"}],"replies":[{"embeddable":true,"href":"https:\/\/www.bbmnoticias.com\/labravaradiofm\/wp-json\/wp\/v2\/comments?post=3129"}],"version-history":[{"count":0,"href":"https:\/\/www.bbmnoticias.com\/labravaradiofm\/wp-json\/wp\/v2\/posts\/3129\/revisions"}],"wp:featuredmedia":[{"embeddable":true,"href":"https:\/\/www.bbmnoticias.com\/labravaradiofm\/wp-json\/wp\/v2\/media\/3130"}],"wp:attachment":[{"href":"https:\/\/www.bbmnoticias.com\/labravaradiofm\/wp-json\/wp\/v2\/media?parent=3129"}],"wp:term":[{"taxonomy":"category","embeddable":true,"href":"https:\/\/www.bbmnoticias.com\/labravaradiofm\/wp-json\/wp\/v2\/categories?post=3129"},{"taxonomy":"post_tag","embeddable":true,"href":"https:\/\/www.bbmnoticias.com\/labravaradiofm\/wp-json\/wp\/v2\/tags?post=3129"}],"curies":[{"name":"wp","href":"https:\/\/api.w.org\/{rel}","templated":true}]}}