{"id":3126,"date":"2021-10-05T13:15:15","date_gmt":"2021-10-05T18:15:15","guid":{"rendered":"https:\/\/www.bbmnoticias.com\/labravaradiofm\/?p=3126"},"modified":"2021-10-05T13:15:17","modified_gmt":"2021-10-05T18:15:17","slug":"fgr-cita-a-comparecer-a-5-de-los-31-cientificos-del-conacyt-investigados","status":"publish","type":"post","link":"https:\/\/www.bbmnoticias.com\/labravaradiofm\/2021\/10\/05\/fgr-cita-a-comparecer-a-5-de-los-31-cientificos-del-conacyt-investigados\/","title":{"rendered":"FGR cita a comparecer a 5 de los 31 cient\u00edficos del Conacyt investigados"},"content":{"rendered":"<div style=\"margin-top: 0px; margin-bottom: 0px;\" class=\"sharethis-inline-share-buttons\" ><\/div>\n<p>M\u00e9xico.- La Fiscal\u00eda General de la Rep\u00fablica (<strong>FGR<\/strong>) solicit\u00f3 la comparecencia de 5 de los 31 <strong>cient\u00edficos investigados del Conacyt<\/strong> por presunto desv\u00edo de recursos p\u00fablicos.<\/p>\n\n\n\n<p>De acuerdo con fuentes del Gobierno Federal, los citatorios fueron girados para los siguientes acad\u00e9micos, cient\u00edficos y exservidores p\u00fablicos del Consejo Nacional de Ciencia y Tecnolog\u00eda (<strong>Conacyt<\/strong>):<\/p>\n\n\n\n<ol class=\"wp-block-list\"><li>Rafael Pando Cer\u00f3n, exdirector de Planeaci\u00f3n, Evaluaci\u00f3n y Seguimiento Tecnol\u00f3gico del Conacyt.<\/li><li>Patricia Z\u00fa\u00f1iga, fundadora del Foro Consultivo Cient\u00edfico y Tecnol\u00f3gico (<strong>FCCyT<\/strong>)<\/li><li>Julia Tag\u00fce\u00f1a Parga, directora del FCCyT entre 2018 y 2020<\/li><li>Jos\u00e9 de Jes\u00fas Franco L\u00f3pez, excoordinador del FCCyT<\/li><li>Gabriela Dutr\u00e9nit Bielous, coordinadora del FCCyT, entre 2012 y 2014<\/li><\/ol>\n\n\n\n<h2 class=\"wp-block-heading\">Primera persona citada a comparecer por la FGR no pudo acceder a comparecencia por brote de Covid-19<\/h2>\n\n\n\n<p>La primera persona citada a comparecer por la FGR, quien acudi\u00f3 a las oficinas de la Subprocuradur\u00eda Especializada en Investigaci\u00f3n de Delincuencia Organizada (SEIDO) en punto de las 11:00 horas del d\u00eda de hoy, martes 5 de octubre le fue negado el acceso por un posible brote de Covid-19.<\/p>\n\n\n\n<p>La primera persona citada acudi\u00f3 en compa\u00f1\u00eda de su abogado a Avenida Paseo de la Reforma 75, Guerrero, en la alcald\u00eda Cuauht\u00e9moc de la Ciudad de M\u00e9xico, sin embargo, el acceso le fue negado.<\/p>\n\n\n\n<p>De acuerdo con informaci\u00f3n del<em> Universal, <\/em>el segundo de los citados a comparecer en la Fiscal\u00eda ser\u00eda <strong>Rafael Pando Cer\u00f3n, <\/strong>quien debe presentar\u00e1 el d\u00eda de hoy, martes 5 de octubre en punto de las 13:00 horas.<\/p>\n\n\n\n<p>Se espera que al igual que la primera persona citada por la FGR, el acceso le sea negado por el posible brote de Covid-19 en la oficinas de la SEIDO.<\/p>\n\n\n\n<p>Posteriormente se presentar\u00e1 la excordinadora del FCCyT, <strong>Julia Tag\u00fce\u00f1a <\/strong>el pr\u00f3ximo mi\u00e9rcoles 6 de octubre y <strong>Patricia Z\u00fa\u00f1iga, <\/strong>fundadora del FCCyT el d\u00eda jueves 7 de octubre.<\/p>\n\n\n\n<h2 class=\"wp-block-heading\">Los 31 cient\u00edficos del Conacyt denuncian no haber tenido acceso a la carpeta de investigaci\u00f3n<\/h2>\n\n\n\n<p>Desde el pasado 24 de agosto, la FGR solicit\u00f3 a un juez la orden de aprehensi\u00f3n contra los <strong>31&nbsp;cient\u00edficos del<\/strong> <strong>Conacyt <\/strong>por los delitos de:<\/p>\n\n\n\n<ul class=\"wp-block-list\"><li>Delincuencia organizada<\/li><li>Peculado<\/li><li>Operaciones con recursos de procedencia il\u00edcita<\/li><li>As\u00ed como uso il\u00edcito de atribuciones y facultades.<\/li><\/ul>\n\n\n\n<p>A trav\u00e9s de diversos comunicados, los acad\u00e9micos, cient\u00edficos y exservidores p\u00fablicos del Conacyt han denunciado que la FGR no les ha permitido tener acceso a la carpeta de investigaci\u00f3n en su contra.<\/p>\n\n\n\n<p>Por lo que con la noticia de la comparecencia por parte de 5 de los 31 cient\u00edficos del Conacyt citados por la <strong>FGR<\/strong>, se espera estos se conviertan en los primeros del grupo en conocer parte del documento.<\/p>\n","protected":false},"excerpt":{"rendered":"<p>M\u00e9xico.- La Fiscal\u00eda General de la Rep\u00fablica (FGR) solicit\u00f3 la comparecencia de 5 de los 31 cient\u00edficos investigados del Conacyt por presunto desv\u00edo de recursos p\u00fablicos. De acuerdo con fuentes del Gobierno Federal, los citatorios fueron girados para los siguientes acad\u00e9micos, cient\u00edficos y exservidores p\u00fablicos del Consejo Nacional de Ciencia y Tecnolog\u00eda (Conacyt): Rafael Pando [&hellip;]<\/p>\n","protected":false},"author":12,"featured_media":3127,"comment_status":"closed","ping_status":"closed","sticky":false,"template":"","format":"standard","meta":{"footnotes":""},"categories":[19],"tags":[],"class_list":{"0":"post-3126","1":"post","2":"type-post","3":"status-publish","4":"format-standard","5":"has-post-thumbnail","7":"category-nacional"},"yoast_head":"<!-- This site is optimized with the Yoast SEO plugin v27.4 - https:\/\/yoast.com\/product\/yoast-seo-wordpress\/ -->\n<title>FGR cita a comparecer a 5 de los 31 cient\u00edficos del Conacyt investigados - LA BRAVA RADIO<\/title>\n<meta name=\"description\" content=\"De acuerdo con fuentes del Gobierno Federal, los citatorios fueron girados para los siguientes acad\u00e9micos, cient\u00edficos y exservidores p\u00fablicos\" \/>\n<meta name=\"robots\" content=\"index, follow, max-snippet:-1, max-image-preview:large, max-video-preview:-1\" \/>\n<link rel=\"canonical\" href=\"https:\/\/www.bbmnoticias.com\/labravaradiofm\/2021\/10\/05\/fgr-cita-a-comparecer-a-5-de-los-31-cientificos-del-conacyt-investigados\/\" \/>\n<meta property=\"og:locale\" content=\"es_MX\" \/>\n<meta property=\"og:type\" content=\"article\" \/>\n<meta property=\"og:title\" content=\"FGR cita a comparecer a 5 de los 31 cient\u00edficos del Conacyt investigados - LA BRAVA RADIO\" \/>\n<meta property=\"og:description\" content=\"De acuerdo con fuentes del Gobierno Federal, los citatorios fueron girados para los siguientes acad\u00e9micos, cient\u00edficos y exservidores p\u00fablicos\" \/>\n<meta property=\"og:url\" content=\"https:\/\/www.bbmnoticias.com\/labravaradiofm\/2021\/10\/05\/fgr-cita-a-comparecer-a-5-de-los-31-cientificos-del-conacyt-investigados\/\" \/>\n<meta property=\"og:site_name\" content=\"LA BRAVA RADIO\" \/>\n<meta property=\"article:published_time\" content=\"2021-10-05T18:15:15+00:00\" \/>\n<meta property=\"article:modified_time\" content=\"2021-10-05T18:15:17+00:00\" \/>\n<meta property=\"og:image\" content=\"https:\/\/www.bbmnoticias.com\/labravaradiofm\/wp-content\/uploads\/sites\/5\/2021\/10\/nacional05102021-5.jpg\" \/>\n\t<meta property=\"og:image:width\" content=\"640\" \/>\n\t<meta property=\"og:image:height\" content=\"360\" \/>\n\t<meta property=\"og:image:type\" content=\"image\/jpeg\" \/>\n<meta name=\"author\" content=\"SDPnoticias\" \/>\n<meta name=\"twitter:card\" content=\"summary_large_image\" \/>\n<meta name=\"twitter:label1\" content=\"Escrito por\" \/>\n\t<meta name=\"twitter:data1\" content=\"SDPnoticias\" \/>\n\t<meta name=\"twitter:label2\" content=\"Tiempo de lectura\" \/>\n\t<meta name=\"twitter:data2\" content=\"2 minutos\" \/>\n<script type=\"application\/ld+json\" class=\"yoast-schema-graph\">{\"@context\":\"https:\\\/\\\/schema.org\",\"@graph\":[{\"@type\":\"Article\",\"@id\":\"https:\\\/\\\/www.bbmnoticias.com\\\/labravaradiofm\\\/2021\\\/10\\\/05\\\/fgr-cita-a-comparecer-a-5-de-los-31-cientificos-del-conacyt-investigados\\\/#article\",\"isPartOf\":{\"@id\":\"https:\\\/\\\/www.bbmnoticias.com\\\/labravaradiofm\\\/2021\\\/10\\\/05\\\/fgr-cita-a-comparecer-a-5-de-los-31-cientificos-del-conacyt-investigados\\\/\"},\"author\":{\"name\":\"SDPnoticias\",\"@id\":\"https:\\\/\\\/www.bbmnoticias.com\\\/labravaradiofm\\\/#\\\/schema\\\/person\\\/dd54c3159a8392b3c13f071a62fce1fb\"},\"headline\":\"FGR cita a comparecer a 5 de los 31 cient\u00edficos del Conacyt investigados\",\"datePublished\":\"2021-10-05T18:15:15+00:00\",\"dateModified\":\"2021-10-05T18:15:17+00:00\",\"mainEntityOfPage\":{\"@id\":\"https:\\\/\\\/www.bbmnoticias.com\\\/labravaradiofm\\\/2021\\\/10\\\/05\\\/fgr-cita-a-comparecer-a-5-de-los-31-cientificos-del-conacyt-investigados\\\/\"},\"wordCount\":473,\"image\":{\"@id\":\"https:\\\/\\\/www.bbmnoticias.com\\\/labravaradiofm\\\/2021\\\/10\\\/05\\\/fgr-cita-a-comparecer-a-5-de-los-31-cientificos-del-conacyt-investigados\\\/#primaryimage\"},\"thumbnailUrl\":\"https:\\\/\\\/www.bbmnoticias.com\\\/labravaradiofm\\\/wp-content\\\/uploads\\\/sites\\\/5\\\/2021\\\/10\\\/nacional05102021-5.jpg\",\"articleSection\":[\"NACIONAL\"],\"inLanguage\":\"es\"},{\"@type\":\"WebPage\",\"@id\":\"https:\\\/\\\/www.bbmnoticias.com\\\/labravaradiofm\\\/2021\\\/10\\\/05\\\/fgr-cita-a-comparecer-a-5-de-los-31-cientificos-del-conacyt-investigados\\\/\",\"url\":\"https:\\\/\\\/www.bbmnoticias.com\\\/labravaradiofm\\\/2021\\\/10\\\/05\\\/fgr-cita-a-comparecer-a-5-de-los-31-cientificos-del-conacyt-investigados\\\/\",\"name\":\"FGR cita a comparecer a 5 de los 31 cient\u00edficos del Conacyt investigados - LA BRAVA RADIO\",\"isPartOf\":{\"@id\":\"https:\\\/\\\/www.bbmnoticias.com\\\/labravaradiofm\\\/#website\"},\"primaryImageOfPage\":{\"@id\":\"https:\\\/\\\/www.bbmnoticias.com\\\/labravaradiofm\\\/2021\\\/10\\\/05\\\/fgr-cita-a-comparecer-a-5-de-los-31-cientificos-del-conacyt-investigados\\\/#primaryimage\"},\"image\":{\"@id\":\"https:\\\/\\\/www.bbmnoticias.com\\\/labravaradiofm\\\/2021\\\/10\\\/05\\\/fgr-cita-a-comparecer-a-5-de-los-31-cientificos-del-conacyt-investigados\\\/#primaryimage\"},\"thumbnailUrl\":\"https:\\\/\\\/www.bbmnoticias.com\\\/labravaradiofm\\\/wp-content\\\/uploads\\\/sites\\\/5\\\/2021\\\/10\\\/nacional05102021-5.jpg\",\"datePublished\":\"2021-10-05T18:15:15+00:00\",\"dateModified\":\"2021-10-05T18:15:17+00:00\",\"author\":{\"@id\":\"https:\\\/\\\/www.bbmnoticias.com\\\/labravaradiofm\\\/#\\\/schema\\\/person\\\/dd54c3159a8392b3c13f071a62fce1fb\"},\"description\":\"De acuerdo con fuentes del Gobierno Federal, los citatorios fueron girados para los siguientes acad\u00e9micos, cient\u00edficos y exservidores p\u00fablicos\",\"breadcrumb\":{\"@id\":\"https:\\\/\\\/www.bbmnoticias.com\\\/labravaradiofm\\\/2021\\\/10\\\/05\\\/fgr-cita-a-comparecer-a-5-de-los-31-cientificos-del-conacyt-investigados\\\/#breadcrumb\"},\"inLanguage\":\"es\",\"potentialAction\":[{\"@type\":\"ReadAction\",\"target\":[\"https:\\\/\\\/www.bbmnoticias.com\\\/labravaradiofm\\\/2021\\\/10\\\/05\\\/fgr-cita-a-comparecer-a-5-de-los-31-cientificos-del-conacyt-investigados\\\/\"]}]},{\"@type\":\"ImageObject\",\"inLanguage\":\"es\",\"@id\":\"https:\\\/\\\/www.bbmnoticias.com\\\/labravaradiofm\\\/2021\\\/10\\\/05\\\/fgr-cita-a-comparecer-a-5-de-los-31-cientificos-del-conacyt-investigados\\\/#primaryimage\",\"url\":\"https:\\\/\\\/www.bbmnoticias.com\\\/labravaradiofm\\\/wp-content\\\/uploads\\\/sites\\\/5\\\/2021\\\/10\\\/nacional05102021-5.jpg\",\"contentUrl\":\"https:\\\/\\\/www.bbmnoticias.com\\\/labravaradiofm\\\/wp-content\\\/uploads\\\/sites\\\/5\\\/2021\\\/10\\\/nacional05102021-5.jpg\",\"width\":640,\"height\":360},{\"@type\":\"BreadcrumbList\",\"@id\":\"https:\\\/\\\/www.bbmnoticias.com\\\/labravaradiofm\\\/2021\\\/10\\\/05\\\/fgr-cita-a-comparecer-a-5-de-los-31-cientificos-del-conacyt-investigados\\\/#breadcrumb\",\"itemListElement\":[{\"@type\":\"ListItem\",\"position\":1,\"name\":\"Inicio\",\"item\":\"https:\\\/\\\/www.bbmnoticias.com\\\/labravaradiofm\\\/\"},{\"@type\":\"ListItem\",\"position\":2,\"name\":\"FGR cita a comparecer a 5 de los 31 cient\u00edficos del Conacyt investigados\"}]},{\"@type\":\"WebSite\",\"@id\":\"https:\\\/\\\/www.bbmnoticias.com\\\/labravaradiofm\\\/#website\",\"url\":\"https:\\\/\\\/www.bbmnoticias.com\\\/labravaradiofm\\\/\",\"name\":\"LA BRAVA RADIO\",\"description\":\"Empresa productora de medios, Radiodifusi\u00f3n, Noticias, tendencias y todo lo que necesitas saber de la pol\u00edtica mexicana e internacional; entretenimiento, espect\u00e1culos, salud y mucho m\u00e1s.\",\"potentialAction\":[{\"@type\":\"SearchAction\",\"target\":{\"@type\":\"EntryPoint\",\"urlTemplate\":\"https:\\\/\\\/www.bbmnoticias.com\\\/labravaradiofm\\\/?s={search_term_string}\"},\"query-input\":{\"@type\":\"PropertyValueSpecification\",\"valueRequired\":true,\"valueName\":\"search_term_string\"}}],\"inLanguage\":\"es\"},{\"@type\":\"Person\",\"@id\":\"https:\\\/\\\/www.bbmnoticias.com\\\/labravaradiofm\\\/#\\\/schema\\\/person\\\/dd54c3159a8392b3c13f071a62fce1fb\",\"name\":\"SDPnoticias\",\"image\":{\"@type\":\"ImageObject\",\"inLanguage\":\"es\",\"@id\":\"https:\\\/\\\/secure.gravatar.com\\\/avatar\\\/015ede9175a06d999d8b2b09e108b48c9e008e4ee44a647956086b51bbce326c?s=96&d=mm&r=g\",\"url\":\"https:\\\/\\\/secure.gravatar.com\\\/avatar\\\/015ede9175a06d999d8b2b09e108b48c9e008e4ee44a647956086b51bbce326c?s=96&d=mm&r=g\",\"contentUrl\":\"https:\\\/\\\/secure.gravatar.com\\\/avatar\\\/015ede9175a06d999d8b2b09e108b48c9e008e4ee44a647956086b51bbce326c?s=96&d=mm&r=g\",\"caption\":\"SDPnoticias\"},\"url\":\"https:\\\/\\\/www.bbmnoticias.com\\\/labravaradiofm\\\/author\\\/sdpnoticias\\\/\"}]}<\/script>\n<!-- \/ Yoast SEO plugin. -->","yoast_head_json":{"title":"FGR cita a comparecer a 5 de los 31 cient\u00edficos del Conacyt investigados - LA BRAVA RADIO","description":"De acuerdo con fuentes del Gobierno Federal, los citatorios fueron girados para los siguientes acad\u00e9micos, cient\u00edficos y exservidores p\u00fablicos","robots":{"index":"index","follow":"follow","max-snippet":"max-snippet:-1","max-image-preview":"max-image-preview:large","max-video-preview":"max-video-preview:-1"},"canonical":"https:\/\/www.bbmnoticias.com\/labravaradiofm\/2021\/10\/05\/fgr-cita-a-comparecer-a-5-de-los-31-cientificos-del-conacyt-investigados\/","og_locale":"es_MX","og_type":"article","og_title":"FGR cita a comparecer a 5 de los 31 cient\u00edficos del Conacyt investigados - LA BRAVA RADIO","og_description":"De acuerdo con fuentes del Gobierno Federal, los citatorios fueron girados para los siguientes acad\u00e9micos, cient\u00edficos y exservidores p\u00fablicos","og_url":"https:\/\/www.bbmnoticias.com\/labravaradiofm\/2021\/10\/05\/fgr-cita-a-comparecer-a-5-de-los-31-cientificos-del-conacyt-investigados\/","og_site_name":"LA BRAVA RADIO","article_published_time":"2021-10-05T18:15:15+00:00","article_modified_time":"2021-10-05T18:15:17+00:00","og_image":[{"width":640,"height":360,"url":"https:\/\/www.bbmnoticias.com\/labravaradiofm\/wp-content\/uploads\/sites\/5\/2021\/10\/nacional05102021-5.jpg","type":"image\/jpeg"}],"author":"SDPnoticias","twitter_card":"summary_large_image","twitter_misc":{"Escrito por":"SDPnoticias","Tiempo de lectura":"2 minutos"},"schema":{"@context":"https:\/\/schema.org","@graph":[{"@type":"Article","@id":"https:\/\/www.bbmnoticias.com\/labravaradiofm\/2021\/10\/05\/fgr-cita-a-comparecer-a-5-de-los-31-cientificos-del-conacyt-investigados\/#article","isPartOf":{"@id":"https:\/\/www.bbmnoticias.com\/labravaradiofm\/2021\/10\/05\/fgr-cita-a-comparecer-a-5-de-los-31-cientificos-del-conacyt-investigados\/"},"author":{"name":"SDPnoticias","@id":"https:\/\/www.bbmnoticias.com\/labravaradiofm\/#\/schema\/person\/dd54c3159a8392b3c13f071a62fce1fb"},"headline":"FGR cita a comparecer a 5 de los 31 cient\u00edficos del Conacyt investigados","datePublished":"2021-10-05T18:15:15+00:00","dateModified":"2021-10-05T18:15:17+00:00","mainEntityOfPage":{"@id":"https:\/\/www.bbmnoticias.com\/labravaradiofm\/2021\/10\/05\/fgr-cita-a-comparecer-a-5-de-los-31-cientificos-del-conacyt-investigados\/"},"wordCount":473,"image":{"@id":"https:\/\/www.bbmnoticias.com\/labravaradiofm\/2021\/10\/05\/fgr-cita-a-comparecer-a-5-de-los-31-cientificos-del-conacyt-investigados\/#primaryimage"},"thumbnailUrl":"https:\/\/www.bbmnoticias.com\/labravaradiofm\/wp-content\/uploads\/sites\/5\/2021\/10\/nacional05102021-5.jpg","articleSection":["NACIONAL"],"inLanguage":"es"},{"@type":"WebPage","@id":"https:\/\/www.bbmnoticias.com\/labravaradiofm\/2021\/10\/05\/fgr-cita-a-comparecer-a-5-de-los-31-cientificos-del-conacyt-investigados\/","url":"https:\/\/www.bbmnoticias.com\/labravaradiofm\/2021\/10\/05\/fgr-cita-a-comparecer-a-5-de-los-31-cientificos-del-conacyt-investigados\/","name":"FGR cita a comparecer a 5 de los 31 cient\u00edficos del Conacyt investigados - LA BRAVA RADIO","isPartOf":{"@id":"https:\/\/www.bbmnoticias.com\/labravaradiofm\/#website"},"primaryImageOfPage":{"@id":"https:\/\/www.bbmnoticias.com\/labravaradiofm\/2021\/10\/05\/fgr-cita-a-comparecer-a-5-de-los-31-cientificos-del-conacyt-investigados\/#primaryimage"},"image":{"@id":"https:\/\/www.bbmnoticias.com\/labravaradiofm\/2021\/10\/05\/fgr-cita-a-comparecer-a-5-de-los-31-cientificos-del-conacyt-investigados\/#primaryimage"},"thumbnailUrl":"https:\/\/www.bbmnoticias.com\/labravaradiofm\/wp-content\/uploads\/sites\/5\/2021\/10\/nacional05102021-5.jpg","datePublished":"2021-10-05T18:15:15+00:00","dateModified":"2021-10-05T18:15:17+00:00","author":{"@id":"https:\/\/www.bbmnoticias.com\/labravaradiofm\/#\/schema\/person\/dd54c3159a8392b3c13f071a62fce1fb"},"description":"De acuerdo con fuentes del Gobierno Federal, los citatorios fueron girados para los siguientes acad\u00e9micos, cient\u00edficos y exservidores p\u00fablicos","breadcrumb":{"@id":"https:\/\/www.bbmnoticias.com\/labravaradiofm\/2021\/10\/05\/fgr-cita-a-comparecer-a-5-de-los-31-cientificos-del-conacyt-investigados\/#breadcrumb"},"inLanguage":"es","potentialAction":[{"@type":"ReadAction","target":["https:\/\/www.bbmnoticias.com\/labravaradiofm\/2021\/10\/05\/fgr-cita-a-comparecer-a-5-de-los-31-cientificos-del-conacyt-investigados\/"]}]},{"@type":"ImageObject","inLanguage":"es","@id":"https:\/\/www.bbmnoticias.com\/labravaradiofm\/2021\/10\/05\/fgr-cita-a-comparecer-a-5-de-los-31-cientificos-del-conacyt-investigados\/#primaryimage","url":"https:\/\/www.bbmnoticias.com\/labravaradiofm\/wp-content\/uploads\/sites\/5\/2021\/10\/nacional05102021-5.jpg","contentUrl":"https:\/\/www.bbmnoticias.com\/labravaradiofm\/wp-content\/uploads\/sites\/5\/2021\/10\/nacional05102021-5.jpg","width":640,"height":360},{"@type":"BreadcrumbList","@id":"https:\/\/www.bbmnoticias.com\/labravaradiofm\/2021\/10\/05\/fgr-cita-a-comparecer-a-5-de-los-31-cientificos-del-conacyt-investigados\/#breadcrumb","itemListElement":[{"@type":"ListItem","position":1,"name":"Inicio","item":"https:\/\/www.bbmnoticias.com\/labravaradiofm\/"},{"@type":"ListItem","position":2,"name":"FGR cita a comparecer a 5 de los 31 cient\u00edficos del Conacyt investigados"}]},{"@type":"WebSite","@id":"https:\/\/www.bbmnoticias.com\/labravaradiofm\/#website","url":"https:\/\/www.bbmnoticias.com\/labravaradiofm\/","name":"LA BRAVA RADIO","description":"Empresa productora de medios, Radiodifusi\u00f3n, Noticias, tendencias y todo lo que necesitas saber de la pol\u00edtica mexicana e internacional; entretenimiento, espect\u00e1culos, salud y mucho m\u00e1s.","potentialAction":[{"@type":"SearchAction","target":{"@type":"EntryPoint","urlTemplate":"https:\/\/www.bbmnoticias.com\/labravaradiofm\/?s={search_term_string}"},"query-input":{"@type":"PropertyValueSpecification","valueRequired":true,"valueName":"search_term_string"}}],"inLanguage":"es"},{"@type":"Person","@id":"https:\/\/www.bbmnoticias.com\/labravaradiofm\/#\/schema\/person\/dd54c3159a8392b3c13f071a62fce1fb","name":"SDPnoticias","image":{"@type":"ImageObject","inLanguage":"es","@id":"https:\/\/secure.gravatar.com\/avatar\/015ede9175a06d999d8b2b09e108b48c9e008e4ee44a647956086b51bbce326c?s=96&d=mm&r=g","url":"https:\/\/secure.gravatar.com\/avatar\/015ede9175a06d999d8b2b09e108b48c9e008e4ee44a647956086b51bbce326c?s=96&d=mm&r=g","contentUrl":"https:\/\/secure.gravatar.com\/avatar\/015ede9175a06d999d8b2b09e108b48c9e008e4ee44a647956086b51bbce326c?s=96&d=mm&r=g","caption":"SDPnoticias"},"url":"https:\/\/www.bbmnoticias.com\/labravaradiofm\/author\/sdpnoticias\/"}]}},"_links":{"self":[{"href":"https:\/\/www.bbmnoticias.com\/labravaradiofm\/wp-json\/wp\/v2\/posts\/3126","targetHints":{"allow":["GET"]}}],"collection":[{"href":"https:\/\/www.bbmnoticias.com\/labravaradiofm\/wp-json\/wp\/v2\/posts"}],"about":[{"href":"https:\/\/www.bbmnoticias.com\/labravaradiofm\/wp-json\/wp\/v2\/types\/post"}],"author":[{"embeddable":true,"href":"https:\/\/www.bbmnoticias.com\/labravaradiofm\/wp-json\/wp\/v2\/users\/12"}],"replies":[{"embeddable":true,"href":"https:\/\/www.bbmnoticias.com\/labravaradiofm\/wp-json\/wp\/v2\/comments?post=3126"}],"version-history":[{"count":0,"href":"https:\/\/www.bbmnoticias.com\/labravaradiofm\/wp-json\/wp\/v2\/posts\/3126\/revisions"}],"wp:featuredmedia":[{"embeddable":true,"href":"https:\/\/www.bbmnoticias.com\/labravaradiofm\/wp-json\/wp\/v2\/media\/3127"}],"wp:attachment":[{"href":"https:\/\/www.bbmnoticias.com\/labravaradiofm\/wp-json\/wp\/v2\/media?parent=3126"}],"wp:term":[{"taxonomy":"category","embeddable":true,"href":"https:\/\/www.bbmnoticias.com\/labravaradiofm\/wp-json\/wp\/v2\/categories?post=3126"},{"taxonomy":"post_tag","embeddable":true,"href":"https:\/\/www.bbmnoticias.com\/labravaradiofm\/wp-json\/wp\/v2\/tags?post=3126"}],"curies":[{"name":"wp","href":"https:\/\/api.w.org\/{rel}","templated":true}]}}