{"id":3006,"date":"2021-10-04T09:28:23","date_gmt":"2021-10-04T14:28:23","guid":{"rendered":"https:\/\/www.bbmnoticias.com\/labravaradiofm\/?p=3006"},"modified":"2021-10-04T09:28:24","modified_gmt":"2021-10-04T14:28:24","slug":"diego-luna-recibio-el-premio-de-honor-en-la-entrega-de-los-premios-platino-en-madrid","status":"publish","type":"post","link":"https:\/\/www.bbmnoticias.com\/labravaradiofm\/2021\/10\/04\/diego-luna-recibio-el-premio-de-honor-en-la-entrega-de-los-premios-platino-en-madrid\/","title":{"rendered":"Diego Luna recibi\u00f3 el premio de Honor en la entrega de los premios Platino en Madrid"},"content":{"rendered":"<div style=\"margin-top: 0px; margin-bottom: 0px;\" class=\"sharethis-inline-share-buttons\" ><\/div>\n<p><strong>Madrid, Espa\u00f1a.- <\/strong>&nbsp;El actor mexicano, Diego Luna, en la&nbsp; VII Edici\u00f3n de los Premios Platino, recibi\u00f3 el premio de honor. Las pel\u00edculas&nbsp; m\u00e1s premiadas fueron:&nbsp; <em>El olvido que seremos,<\/em> dirigida por Fernando Trueba, que adapta la novela de H\u00e9ctor Abad Faciolince y act\u00faa el actor espa\u00f1ol Javier C\u00e1mara.Y&nbsp; <em>Patria <\/em>&nbsp;serie adaptada para televisi\u00f3n de la novela de Fernando Aramburu.<\/p>\n\n\n\n<p>Los premios Platino que se distinguen por reconocer el trabajo de los 23 pa\u00edses iberoamericanos, ensalzando a las producciones y a los creadores m\u00e1s destacados de cada a\u00f1o con veintid\u00f3s galardones y un Premio Platino de Honor.<\/p>\n\n\n\n<p>La entrega&nbsp; se celebr\u00f3 en la ciudad de Madrid. Los presentadores fueron la actriz Juana Acosta, colombiana con residencia en Espa\u00f1a&nbsp; y el actor mexicano Luis Gerardo M\u00e9ndez.<\/p>\n\n\n\n<p>Fue una ceremonia donde se resalt\u00f3 el trabajo en el que deben implicar el sector del espect\u00e1culo para salvar la Naturaleza y dejar de tener especies en extinci\u00f3n.&nbsp;<\/p>\n\n\n\n<p>Por su parte Diego Luna, agradeci\u00f3 el premio y expres\u00f3 que el reconocimiento es un compromiso a lo que est\u00e1 por hacer. Luna expres\u00f3 su alegr\u00eda de estar en una ceremonia presencial y dejar atr\u00e1s estar en casa recibiendo los premios. Pero tambi\u00e9n habl\u00f3 de la necesidad de&nbsp; valorar la vida y desde su profesi\u00f3n levantar la voz y hacer acciones para que el planeta no siga perdiendo sus recursos naturales e inst\u00f3 a mirar al futuro con optimismo.<\/p>\n\n\n\n<p>Candela Pe\u00f1a se llev\u00f3 la presea como mejor interpretaci\u00f3n femenina por <em>La boda de Rosa <\/em>e interpretaci\u00f3n masculina cinematogr\u00e1fica fue para Javier C\u00e1mara por <em>&nbsp;El olvido que seremos.<\/em><\/p>\n\n\n\n<p>Despu\u00e9s de la ceremonia se dieron cita para celebrar y volverse a reunir con amigos entre los asistentes estuvieron &nbsp;los directores:&nbsp; Manolo Caro<em>, <\/em>Fernando Trueba y Michel Franco, actores como Ester Exp\u00f3sito, Diego Luna, Juana Acosta, Paco Le\u00f3n, William Levy, Diego Boneta, Inma Cuesta, Najwa Nimri y Ana Fern\u00e1ndez, entre otros, personalidades del mundo del deporte como Jorge Lorenzo, Diego Forl\u00e1n o Fernando Hierro.<\/p>\n","protected":false},"excerpt":{"rendered":"<p>Madrid, Espa\u00f1a.- &nbsp;El actor mexicano, Diego Luna, en la&nbsp; VII Edici\u00f3n de los Premios Platino, recibi\u00f3 el premio de honor. Las pel\u00edculas&nbsp; m\u00e1s premiadas fueron:&nbsp; El olvido que seremos, dirigida por Fernando Trueba, que adapta la novela de H\u00e9ctor Abad Faciolince y act\u00faa el actor espa\u00f1ol Javier C\u00e1mara.Y&nbsp; Patria &nbsp;serie adaptada para televisi\u00f3n de la [&hellip;]<\/p>\n","protected":false},"author":6,"featured_media":3007,"comment_status":"closed","ping_status":"closed","sticky":false,"template":"","format":"standard","meta":{"footnotes":""},"categories":[1],"tags":[],"class_list":{"0":"post-3006","1":"post","2":"type-post","3":"status-publish","4":"format-standard","5":"has-post-thumbnail","7":"category-sin-categoria"},"yoast_head":"<!-- This site is optimized with the Yoast SEO plugin v27.4 - https:\/\/yoast.com\/product\/yoast-seo-wordpress\/ -->\n<title>Diego Luna recibi\u00f3 el premio de Honor en la entrega de los premios Platino en Madrid - LA BRAVA RADIO<\/title>\n<meta name=\"description\" content=\"La entrega\u00a0 se celebr\u00f3 en la ciudad de Madrid. Los presentadores fueron la actriz Juana Acosta, colombiana con residencia en Espa\u00f1a\u00a0 y el actor mexicano Luis Gerardo M\u00e9ndez\" \/>\n<meta name=\"robots\" content=\"index, follow, max-snippet:-1, max-image-preview:large, max-video-preview:-1\" \/>\n<link rel=\"canonical\" href=\"https:\/\/www.bbmnoticias.com\/labravaradiofm\/2021\/10\/04\/diego-luna-recibio-el-premio-de-honor-en-la-entrega-de-los-premios-platino-en-madrid\/\" \/>\n<meta property=\"og:locale\" content=\"es_MX\" \/>\n<meta property=\"og:type\" content=\"article\" \/>\n<meta property=\"og:title\" content=\"Diego Luna recibi\u00f3 el premio de Honor en la entrega de los premios Platino en Madrid - LA BRAVA RADIO\" \/>\n<meta property=\"og:description\" content=\"La entrega\u00a0 se celebr\u00f3 en la ciudad de Madrid. Los presentadores fueron la actriz Juana Acosta, colombiana con residencia en Espa\u00f1a\u00a0 y el actor mexicano Luis Gerardo M\u00e9ndez\" \/>\n<meta property=\"og:url\" content=\"https:\/\/www.bbmnoticias.com\/labravaradiofm\/2021\/10\/04\/diego-luna-recibio-el-premio-de-honor-en-la-entrega-de-los-premios-platino-en-madrid\/\" \/>\n<meta property=\"og:site_name\" content=\"LA BRAVA RADIO\" \/>\n<meta property=\"article:published_time\" content=\"2021-10-04T14:28:23+00:00\" \/>\n<meta property=\"article:modified_time\" content=\"2021-10-04T14:28:24+00:00\" \/>\n<meta property=\"og:image\" content=\"https:\/\/www.bbmnoticias.com\/labravaradiofm\/wp-content\/uploads\/sites\/5\/2021\/10\/internacional04102021-1.jpg\" \/>\n\t<meta property=\"og:image:width\" content=\"1003\" \/>\n\t<meta property=\"og:image:height\" content=\"960\" \/>\n\t<meta property=\"og:image:type\" content=\"image\/jpeg\" \/>\n<meta name=\"author\" content=\"Mar\u00eda Esther Beltr\u00e1n Mart\u00ednez\" \/>\n<meta name=\"twitter:card\" content=\"summary_large_image\" \/>\n<meta name=\"twitter:label1\" content=\"Escrito por\" \/>\n\t<meta name=\"twitter:data1\" content=\"Mar\u00eda Esther Beltr\u00e1n Mart\u00ednez\" \/>\n\t<meta name=\"twitter:label2\" content=\"Tiempo de lectura\" \/>\n\t<meta name=\"twitter:data2\" content=\"2 minutos\" \/>\n<script type=\"application\/ld+json\" class=\"yoast-schema-graph\">{\"@context\":\"https:\\\/\\\/schema.org\",\"@graph\":[{\"@type\":\"Article\",\"@id\":\"https:\\\/\\\/www.bbmnoticias.com\\\/labravaradiofm\\\/2021\\\/10\\\/04\\\/diego-luna-recibio-el-premio-de-honor-en-la-entrega-de-los-premios-platino-en-madrid\\\/#article\",\"isPartOf\":{\"@id\":\"https:\\\/\\\/www.bbmnoticias.com\\\/labravaradiofm\\\/2021\\\/10\\\/04\\\/diego-luna-recibio-el-premio-de-honor-en-la-entrega-de-los-premios-platino-en-madrid\\\/\"},\"author\":{\"name\":\"Mar\u00eda Esther Beltr\u00e1n Mart\u00ednez\",\"@id\":\"https:\\\/\\\/www.bbmnoticias.com\\\/labravaradiofm\\\/#\\\/schema\\\/person\\\/ff037dabcc375d1b25289b6fd3902bd6\"},\"headline\":\"Diego Luna recibi\u00f3 el premio de Honor en la entrega de los premios Platino en Madrid\",\"datePublished\":\"2021-10-04T14:28:23+00:00\",\"dateModified\":\"2021-10-04T14:28:24+00:00\",\"mainEntityOfPage\":{\"@id\":\"https:\\\/\\\/www.bbmnoticias.com\\\/labravaradiofm\\\/2021\\\/10\\\/04\\\/diego-luna-recibio-el-premio-de-honor-en-la-entrega-de-los-premios-platino-en-madrid\\\/\"},\"wordCount\":384,\"image\":{\"@id\":\"https:\\\/\\\/www.bbmnoticias.com\\\/labravaradiofm\\\/2021\\\/10\\\/04\\\/diego-luna-recibio-el-premio-de-honor-en-la-entrega-de-los-premios-platino-en-madrid\\\/#primaryimage\"},\"thumbnailUrl\":\"https:\\\/\\\/www.bbmnoticias.com\\\/labravaradiofm\\\/wp-content\\\/uploads\\\/sites\\\/5\\\/2021\\\/10\\\/internacional04102021-1.jpg\",\"inLanguage\":\"es\"},{\"@type\":\"WebPage\",\"@id\":\"https:\\\/\\\/www.bbmnoticias.com\\\/labravaradiofm\\\/2021\\\/10\\\/04\\\/diego-luna-recibio-el-premio-de-honor-en-la-entrega-de-los-premios-platino-en-madrid\\\/\",\"url\":\"https:\\\/\\\/www.bbmnoticias.com\\\/labravaradiofm\\\/2021\\\/10\\\/04\\\/diego-luna-recibio-el-premio-de-honor-en-la-entrega-de-los-premios-platino-en-madrid\\\/\",\"name\":\"Diego Luna recibi\u00f3 el premio de Honor en la entrega de los premios Platino en Madrid - LA BRAVA RADIO\",\"isPartOf\":{\"@id\":\"https:\\\/\\\/www.bbmnoticias.com\\\/labravaradiofm\\\/#website\"},\"primaryImageOfPage\":{\"@id\":\"https:\\\/\\\/www.bbmnoticias.com\\\/labravaradiofm\\\/2021\\\/10\\\/04\\\/diego-luna-recibio-el-premio-de-honor-en-la-entrega-de-los-premios-platino-en-madrid\\\/#primaryimage\"},\"image\":{\"@id\":\"https:\\\/\\\/www.bbmnoticias.com\\\/labravaradiofm\\\/2021\\\/10\\\/04\\\/diego-luna-recibio-el-premio-de-honor-en-la-entrega-de-los-premios-platino-en-madrid\\\/#primaryimage\"},\"thumbnailUrl\":\"https:\\\/\\\/www.bbmnoticias.com\\\/labravaradiofm\\\/wp-content\\\/uploads\\\/sites\\\/5\\\/2021\\\/10\\\/internacional04102021-1.jpg\",\"datePublished\":\"2021-10-04T14:28:23+00:00\",\"dateModified\":\"2021-10-04T14:28:24+00:00\",\"author\":{\"@id\":\"https:\\\/\\\/www.bbmnoticias.com\\\/labravaradiofm\\\/#\\\/schema\\\/person\\\/ff037dabcc375d1b25289b6fd3902bd6\"},\"description\":\"La entrega\u00a0 se celebr\u00f3 en la ciudad de Madrid. Los presentadores fueron la actriz Juana Acosta, colombiana con residencia en Espa\u00f1a\u00a0 y el actor mexicano Luis Gerardo M\u00e9ndez\",\"breadcrumb\":{\"@id\":\"https:\\\/\\\/www.bbmnoticias.com\\\/labravaradiofm\\\/2021\\\/10\\\/04\\\/diego-luna-recibio-el-premio-de-honor-en-la-entrega-de-los-premios-platino-en-madrid\\\/#breadcrumb\"},\"inLanguage\":\"es\",\"potentialAction\":[{\"@type\":\"ReadAction\",\"target\":[\"https:\\\/\\\/www.bbmnoticias.com\\\/labravaradiofm\\\/2021\\\/10\\\/04\\\/diego-luna-recibio-el-premio-de-honor-en-la-entrega-de-los-premios-platino-en-madrid\\\/\"]}]},{\"@type\":\"ImageObject\",\"inLanguage\":\"es\",\"@id\":\"https:\\\/\\\/www.bbmnoticias.com\\\/labravaradiofm\\\/2021\\\/10\\\/04\\\/diego-luna-recibio-el-premio-de-honor-en-la-entrega-de-los-premios-platino-en-madrid\\\/#primaryimage\",\"url\":\"https:\\\/\\\/www.bbmnoticias.com\\\/labravaradiofm\\\/wp-content\\\/uploads\\\/sites\\\/5\\\/2021\\\/10\\\/internacional04102021-1.jpg\",\"contentUrl\":\"https:\\\/\\\/www.bbmnoticias.com\\\/labravaradiofm\\\/wp-content\\\/uploads\\\/sites\\\/5\\\/2021\\\/10\\\/internacional04102021-1.jpg\",\"width\":1003,\"height\":960},{\"@type\":\"BreadcrumbList\",\"@id\":\"https:\\\/\\\/www.bbmnoticias.com\\\/labravaradiofm\\\/2021\\\/10\\\/04\\\/diego-luna-recibio-el-premio-de-honor-en-la-entrega-de-los-premios-platino-en-madrid\\\/#breadcrumb\",\"itemListElement\":[{\"@type\":\"ListItem\",\"position\":1,\"name\":\"Inicio\",\"item\":\"https:\\\/\\\/www.bbmnoticias.com\\\/labravaradiofm\\\/\"},{\"@type\":\"ListItem\",\"position\":2,\"name\":\"Diego Luna recibi\u00f3 el premio de Honor en la entrega de los premios Platino en Madrid\"}]},{\"@type\":\"WebSite\",\"@id\":\"https:\\\/\\\/www.bbmnoticias.com\\\/labravaradiofm\\\/#website\",\"url\":\"https:\\\/\\\/www.bbmnoticias.com\\\/labravaradiofm\\\/\",\"name\":\"LA BRAVA RADIO\",\"description\":\"Empresa productora de medios, Radiodifusi\u00f3n, Noticias, tendencias y todo lo que necesitas saber de la pol\u00edtica mexicana e internacional; entretenimiento, espect\u00e1culos, salud y mucho m\u00e1s.\",\"potentialAction\":[{\"@type\":\"SearchAction\",\"target\":{\"@type\":\"EntryPoint\",\"urlTemplate\":\"https:\\\/\\\/www.bbmnoticias.com\\\/labravaradiofm\\\/?s={search_term_string}\"},\"query-input\":{\"@type\":\"PropertyValueSpecification\",\"valueRequired\":true,\"valueName\":\"search_term_string\"}}],\"inLanguage\":\"es\"},{\"@type\":\"Person\",\"@id\":\"https:\\\/\\\/www.bbmnoticias.com\\\/labravaradiofm\\\/#\\\/schema\\\/person\\\/ff037dabcc375d1b25289b6fd3902bd6\",\"name\":\"Mar\u00eda Esther Beltr\u00e1n Mart\u00ednez\",\"image\":{\"@type\":\"ImageObject\",\"inLanguage\":\"es\",\"@id\":\"https:\\\/\\\/secure.gravatar.com\\\/avatar\\\/50efe5915c3eac137dcc550ff1c590bc6054705eb482a33520c9501c8eec550f?s=96&d=mm&r=g\",\"url\":\"https:\\\/\\\/secure.gravatar.com\\\/avatar\\\/50efe5915c3eac137dcc550ff1c590bc6054705eb482a33520c9501c8eec550f?s=96&d=mm&r=g\",\"contentUrl\":\"https:\\\/\\\/secure.gravatar.com\\\/avatar\\\/50efe5915c3eac137dcc550ff1c590bc6054705eb482a33520c9501c8eec550f?s=96&d=mm&r=g\",\"caption\":\"Mar\u00eda Esther Beltr\u00e1n Mart\u00ednez\"},\"url\":\"https:\\\/\\\/www.bbmnoticias.com\\\/labravaradiofm\\\/author\\\/maria\\\/\"}]}<\/script>\n<!-- \/ Yoast SEO plugin. -->","yoast_head_json":{"title":"Diego Luna recibi\u00f3 el premio de Honor en la entrega de los premios Platino en Madrid - LA BRAVA RADIO","description":"La entrega\u00a0 se celebr\u00f3 en la ciudad de Madrid. Los presentadores fueron la actriz Juana Acosta, colombiana con residencia en Espa\u00f1a\u00a0 y el actor mexicano Luis Gerardo M\u00e9ndez","robots":{"index":"index","follow":"follow","max-snippet":"max-snippet:-1","max-image-preview":"max-image-preview:large","max-video-preview":"max-video-preview:-1"},"canonical":"https:\/\/www.bbmnoticias.com\/labravaradiofm\/2021\/10\/04\/diego-luna-recibio-el-premio-de-honor-en-la-entrega-de-los-premios-platino-en-madrid\/","og_locale":"es_MX","og_type":"article","og_title":"Diego Luna recibi\u00f3 el premio de Honor en la entrega de los premios Platino en Madrid - LA BRAVA RADIO","og_description":"La entrega\u00a0 se celebr\u00f3 en la ciudad de Madrid. Los presentadores fueron la actriz Juana Acosta, colombiana con residencia en Espa\u00f1a\u00a0 y el actor mexicano Luis Gerardo M\u00e9ndez","og_url":"https:\/\/www.bbmnoticias.com\/labravaradiofm\/2021\/10\/04\/diego-luna-recibio-el-premio-de-honor-en-la-entrega-de-los-premios-platino-en-madrid\/","og_site_name":"LA BRAVA RADIO","article_published_time":"2021-10-04T14:28:23+00:00","article_modified_time":"2021-10-04T14:28:24+00:00","og_image":[{"width":1003,"height":960,"url":"https:\/\/www.bbmnoticias.com\/labravaradiofm\/wp-content\/uploads\/sites\/5\/2021\/10\/internacional04102021-1.jpg","type":"image\/jpeg"}],"author":"Mar\u00eda Esther Beltr\u00e1n Mart\u00ednez","twitter_card":"summary_large_image","twitter_misc":{"Escrito por":"Mar\u00eda Esther Beltr\u00e1n Mart\u00ednez","Tiempo de lectura":"2 minutos"},"schema":{"@context":"https:\/\/schema.org","@graph":[{"@type":"Article","@id":"https:\/\/www.bbmnoticias.com\/labravaradiofm\/2021\/10\/04\/diego-luna-recibio-el-premio-de-honor-en-la-entrega-de-los-premios-platino-en-madrid\/#article","isPartOf":{"@id":"https:\/\/www.bbmnoticias.com\/labravaradiofm\/2021\/10\/04\/diego-luna-recibio-el-premio-de-honor-en-la-entrega-de-los-premios-platino-en-madrid\/"},"author":{"name":"Mar\u00eda Esther Beltr\u00e1n Mart\u00ednez","@id":"https:\/\/www.bbmnoticias.com\/labravaradiofm\/#\/schema\/person\/ff037dabcc375d1b25289b6fd3902bd6"},"headline":"Diego Luna recibi\u00f3 el premio de Honor en la entrega de los premios Platino en Madrid","datePublished":"2021-10-04T14:28:23+00:00","dateModified":"2021-10-04T14:28:24+00:00","mainEntityOfPage":{"@id":"https:\/\/www.bbmnoticias.com\/labravaradiofm\/2021\/10\/04\/diego-luna-recibio-el-premio-de-honor-en-la-entrega-de-los-premios-platino-en-madrid\/"},"wordCount":384,"image":{"@id":"https:\/\/www.bbmnoticias.com\/labravaradiofm\/2021\/10\/04\/diego-luna-recibio-el-premio-de-honor-en-la-entrega-de-los-premios-platino-en-madrid\/#primaryimage"},"thumbnailUrl":"https:\/\/www.bbmnoticias.com\/labravaradiofm\/wp-content\/uploads\/sites\/5\/2021\/10\/internacional04102021-1.jpg","inLanguage":"es"},{"@type":"WebPage","@id":"https:\/\/www.bbmnoticias.com\/labravaradiofm\/2021\/10\/04\/diego-luna-recibio-el-premio-de-honor-en-la-entrega-de-los-premios-platino-en-madrid\/","url":"https:\/\/www.bbmnoticias.com\/labravaradiofm\/2021\/10\/04\/diego-luna-recibio-el-premio-de-honor-en-la-entrega-de-los-premios-platino-en-madrid\/","name":"Diego Luna recibi\u00f3 el premio de Honor en la entrega de los premios Platino en Madrid - LA BRAVA RADIO","isPartOf":{"@id":"https:\/\/www.bbmnoticias.com\/labravaradiofm\/#website"},"primaryImageOfPage":{"@id":"https:\/\/www.bbmnoticias.com\/labravaradiofm\/2021\/10\/04\/diego-luna-recibio-el-premio-de-honor-en-la-entrega-de-los-premios-platino-en-madrid\/#primaryimage"},"image":{"@id":"https:\/\/www.bbmnoticias.com\/labravaradiofm\/2021\/10\/04\/diego-luna-recibio-el-premio-de-honor-en-la-entrega-de-los-premios-platino-en-madrid\/#primaryimage"},"thumbnailUrl":"https:\/\/www.bbmnoticias.com\/labravaradiofm\/wp-content\/uploads\/sites\/5\/2021\/10\/internacional04102021-1.jpg","datePublished":"2021-10-04T14:28:23+00:00","dateModified":"2021-10-04T14:28:24+00:00","author":{"@id":"https:\/\/www.bbmnoticias.com\/labravaradiofm\/#\/schema\/person\/ff037dabcc375d1b25289b6fd3902bd6"},"description":"La entrega\u00a0 se celebr\u00f3 en la ciudad de Madrid. Los presentadores fueron la actriz Juana Acosta, colombiana con residencia en Espa\u00f1a\u00a0 y el actor mexicano Luis Gerardo M\u00e9ndez","breadcrumb":{"@id":"https:\/\/www.bbmnoticias.com\/labravaradiofm\/2021\/10\/04\/diego-luna-recibio-el-premio-de-honor-en-la-entrega-de-los-premios-platino-en-madrid\/#breadcrumb"},"inLanguage":"es","potentialAction":[{"@type":"ReadAction","target":["https:\/\/www.bbmnoticias.com\/labravaradiofm\/2021\/10\/04\/diego-luna-recibio-el-premio-de-honor-en-la-entrega-de-los-premios-platino-en-madrid\/"]}]},{"@type":"ImageObject","inLanguage":"es","@id":"https:\/\/www.bbmnoticias.com\/labravaradiofm\/2021\/10\/04\/diego-luna-recibio-el-premio-de-honor-en-la-entrega-de-los-premios-platino-en-madrid\/#primaryimage","url":"https:\/\/www.bbmnoticias.com\/labravaradiofm\/wp-content\/uploads\/sites\/5\/2021\/10\/internacional04102021-1.jpg","contentUrl":"https:\/\/www.bbmnoticias.com\/labravaradiofm\/wp-content\/uploads\/sites\/5\/2021\/10\/internacional04102021-1.jpg","width":1003,"height":960},{"@type":"BreadcrumbList","@id":"https:\/\/www.bbmnoticias.com\/labravaradiofm\/2021\/10\/04\/diego-luna-recibio-el-premio-de-honor-en-la-entrega-de-los-premios-platino-en-madrid\/#breadcrumb","itemListElement":[{"@type":"ListItem","position":1,"name":"Inicio","item":"https:\/\/www.bbmnoticias.com\/labravaradiofm\/"},{"@type":"ListItem","position":2,"name":"Diego Luna recibi\u00f3 el premio de Honor en la entrega de los premios Platino en Madrid"}]},{"@type":"WebSite","@id":"https:\/\/www.bbmnoticias.com\/labravaradiofm\/#website","url":"https:\/\/www.bbmnoticias.com\/labravaradiofm\/","name":"LA BRAVA RADIO","description":"Empresa productora de medios, Radiodifusi\u00f3n, Noticias, tendencias y todo lo que necesitas saber de la pol\u00edtica mexicana e internacional; entretenimiento, espect\u00e1culos, salud y mucho m\u00e1s.","potentialAction":[{"@type":"SearchAction","target":{"@type":"EntryPoint","urlTemplate":"https:\/\/www.bbmnoticias.com\/labravaradiofm\/?s={search_term_string}"},"query-input":{"@type":"PropertyValueSpecification","valueRequired":true,"valueName":"search_term_string"}}],"inLanguage":"es"},{"@type":"Person","@id":"https:\/\/www.bbmnoticias.com\/labravaradiofm\/#\/schema\/person\/ff037dabcc375d1b25289b6fd3902bd6","name":"Mar\u00eda Esther Beltr\u00e1n Mart\u00ednez","image":{"@type":"ImageObject","inLanguage":"es","@id":"https:\/\/secure.gravatar.com\/avatar\/50efe5915c3eac137dcc550ff1c590bc6054705eb482a33520c9501c8eec550f?s=96&d=mm&r=g","url":"https:\/\/secure.gravatar.com\/avatar\/50efe5915c3eac137dcc550ff1c590bc6054705eb482a33520c9501c8eec550f?s=96&d=mm&r=g","contentUrl":"https:\/\/secure.gravatar.com\/avatar\/50efe5915c3eac137dcc550ff1c590bc6054705eb482a33520c9501c8eec550f?s=96&d=mm&r=g","caption":"Mar\u00eda Esther Beltr\u00e1n Mart\u00ednez"},"url":"https:\/\/www.bbmnoticias.com\/labravaradiofm\/author\/maria\/"}]}},"_links":{"self":[{"href":"https:\/\/www.bbmnoticias.com\/labravaradiofm\/wp-json\/wp\/v2\/posts\/3006","targetHints":{"allow":["GET"]}}],"collection":[{"href":"https:\/\/www.bbmnoticias.com\/labravaradiofm\/wp-json\/wp\/v2\/posts"}],"about":[{"href":"https:\/\/www.bbmnoticias.com\/labravaradiofm\/wp-json\/wp\/v2\/types\/post"}],"author":[{"embeddable":true,"href":"https:\/\/www.bbmnoticias.com\/labravaradiofm\/wp-json\/wp\/v2\/users\/6"}],"replies":[{"embeddable":true,"href":"https:\/\/www.bbmnoticias.com\/labravaradiofm\/wp-json\/wp\/v2\/comments?post=3006"}],"version-history":[{"count":0,"href":"https:\/\/www.bbmnoticias.com\/labravaradiofm\/wp-json\/wp\/v2\/posts\/3006\/revisions"}],"wp:featuredmedia":[{"embeddable":true,"href":"https:\/\/www.bbmnoticias.com\/labravaradiofm\/wp-json\/wp\/v2\/media\/3007"}],"wp:attachment":[{"href":"https:\/\/www.bbmnoticias.com\/labravaradiofm\/wp-json\/wp\/v2\/media?parent=3006"}],"wp:term":[{"taxonomy":"category","embeddable":true,"href":"https:\/\/www.bbmnoticias.com\/labravaradiofm\/wp-json\/wp\/v2\/categories?post=3006"},{"taxonomy":"post_tag","embeddable":true,"href":"https:\/\/www.bbmnoticias.com\/labravaradiofm\/wp-json\/wp\/v2\/tags?post=3006"}],"curies":[{"name":"wp","href":"https:\/\/api.w.org\/{rel}","templated":true}]}}