{"id":2992,"date":"2021-10-04T08:47:02","date_gmt":"2021-10-04T13:47:02","guid":{"rendered":"https:\/\/www.bbmnoticias.com\/labravaradiofm\/?p=2992"},"modified":"2021-10-04T08:47:21","modified_gmt":"2021-10-04T13:47:21","slug":"coordina-gobierno-del-estado-ingreso-de-las-fuerzas-del-orden-y-de-la-fgeo-en-san-esteban-atatlahuca-y-guerrero-grande","status":"publish","type":"post","link":"https:\/\/www.bbmnoticias.com\/labravaradiofm\/2021\/10\/04\/coordina-gobierno-del-estado-ingreso-de-las-fuerzas-del-orden-y-de-la-fgeo-en-san-esteban-atatlahuca-y-guerrero-grande\/","title":{"rendered":"Coordina Gobierno del Estado ingreso de las fuerzas del orden y de la FGEO en San Esteban Atatlahuca y Guerrero Grande"},"content":{"rendered":"<div style=\"margin-top: 0px; margin-bottom: 0px;\" class=\"sharethis-inline-share-buttons\" ><\/div>\n<p><strong>Tlalixtac de Cabrera, Oax. <\/strong>En cumplimiento a la instrucci\u00f3n del gobernador Alejandro Murat Hinojosa, el secretario general de Gobierno, Francisco Javier Garc\u00eda L\u00f3pez, coordin\u00f3 el ingreso de las fuerzas del orden a la zona de conflicto, entre las comunidades de San Esteban Atatlahuca y Guerrero Grande.<\/p>\n\n\n\n<p>Con el objetivo de restablecer la paz social entre estas comunidades de la Mixteca, personal de la Segego se traslad\u00f3 desde temprana hora, junto con representantes de la Secretar\u00eda de Gobernaci\u00f3n (Segob), Defensor\u00eda de los Derechos Humanos del Pueblo de Oaxaca (DDHPO), la Agencia Estatal de Investigaciones de la FGEO, elementos de la Polic\u00eda Estatal, Guardia Nacional y Sedena.<\/p>\n\n\n\n<p>Como parte del operativo de inspecci\u00f3n, se encontr\u00f3 en los l\u00edmites de San Esteban Atatlahuaca y Santa Cruz Nundaco, un bloqueo con \u00e1rboles, que fue retirado luego de establecer el di\u00e1logo con la comisi\u00f3n ciudadana; en el ayuntamiento se platic\u00f3 con los Consejales y Autoridades auxiliares para lograr el ingreso a la agencia de Guerrero Grande, lugar en el cual se entablo el dialog\u00f3 con los habitantes, quienes permitieron que personal de la AEI, elementos de la Polic\u00eda Estatal y Guardia Nacional, realizaran los trabajos programados.\u00a0<\/p>\n\n\n\n<p><\/p>\n\n\n\n<figure class=\"wp-block-image size-large\"><img loading=\"lazy\" decoding=\"async\" width=\"1280\" height=\"960\" src=\"https:\/\/www.bbmnoticias.com\/labravaradiofm\/wp-content\/uploads\/sites\/5\/2021\/10\/local04102021-3.jpeg\" alt=\"\" class=\"wp-image-2994\" srcset=\"https:\/\/www.bbmnoticias.com\/labravaradiofm\/wp-content\/uploads\/sites\/5\/2021\/10\/local04102021-3.jpeg 1280w, https:\/\/www.bbmnoticias.com\/labravaradiofm\/wp-content\/uploads\/sites\/5\/2021\/10\/local04102021-3-300x225.jpeg 300w, https:\/\/www.bbmnoticias.com\/labravaradiofm\/wp-content\/uploads\/sites\/5\/2021\/10\/local04102021-3-1024x768.jpeg 1024w, https:\/\/www.bbmnoticias.com\/labravaradiofm\/wp-content\/uploads\/sites\/5\/2021\/10\/local04102021-3-768x576.jpeg 768w, https:\/\/www.bbmnoticias.com\/labravaradiofm\/wp-content\/uploads\/sites\/5\/2021\/10\/local04102021-3-560x420.jpeg 560w, https:\/\/www.bbmnoticias.com\/labravaradiofm\/wp-content\/uploads\/sites\/5\/2021\/10\/local04102021-3-80x60.jpeg 80w, https:\/\/www.bbmnoticias.com\/labravaradiofm\/wp-content\/uploads\/sites\/5\/2021\/10\/local04102021-3-100x75.jpeg 100w, https:\/\/www.bbmnoticias.com\/labravaradiofm\/wp-content\/uploads\/sites\/5\/2021\/10\/local04102021-3-180x135.jpeg 180w, https:\/\/www.bbmnoticias.com\/labravaradiofm\/wp-content\/uploads\/sites\/5\/2021\/10\/local04102021-3-238x178.jpeg 238w, https:\/\/www.bbmnoticias.com\/labravaradiofm\/wp-content\/uploads\/sites\/5\/2021\/10\/local04102021-3-640x480.jpeg 640w, https:\/\/www.bbmnoticias.com\/labravaradiofm\/wp-content\/uploads\/sites\/5\/2021\/10\/local04102021-3-681x511.jpeg 681w\" sizes=\"auto, (max-width: 1280px) 100vw, 1280px\" \/><\/figure>\n\n\n\n<p>Asimismo, fue posible el ingreso al municipio de San Esteban Atatlahuca, para efectuar un recorrido y entablar una reuni\u00f3n con las autoridades municipales para realizar acciones precisas en relaci\u00f3n a las investigaciones de los hechos presentados en los \u00faltimos d\u00edas, as\u00ed como conciliar los acuerdos que faciliten continuar con las mesas de di\u00e1logo para que con la voluntad de ambas partes, se pueda encontrar una soluci\u00f3n permanente a la problem\u00e1tica de la regi\u00f3n, lo anterior como parte del cumplimiento a las medidas cautelares dictadas por la DDHPO<\/p>\n\n\n\n<p>En este operativo participaron por parte de la Secretar\u00eda General de Gobierno, Carlos Razgado, Gabriel Ortega y Andr\u00e9s Olea, representante en la Mixteca.<\/p>\n\n\n\n<p><\/p>\n\n\n\n<figure class=\"wp-block-image size-large\"><img loading=\"lazy\" decoding=\"async\" width=\"1156\" height=\"867\" src=\"https:\/\/www.bbmnoticias.com\/labravaradiofm\/wp-content\/uploads\/sites\/5\/2021\/10\/local04102021-4.jpeg\" alt=\"\" class=\"wp-image-2995\" srcset=\"https:\/\/www.bbmnoticias.com\/labravaradiofm\/wp-content\/uploads\/sites\/5\/2021\/10\/local04102021-4.jpeg 1156w, https:\/\/www.bbmnoticias.com\/labravaradiofm\/wp-content\/uploads\/sites\/5\/2021\/10\/local04102021-4-300x225.jpeg 300w, https:\/\/www.bbmnoticias.com\/labravaradiofm\/wp-content\/uploads\/sites\/5\/2021\/10\/local04102021-4-1024x768.jpeg 1024w, https:\/\/www.bbmnoticias.com\/labravaradiofm\/wp-content\/uploads\/sites\/5\/2021\/10\/local04102021-4-768x576.jpeg 768w, https:\/\/www.bbmnoticias.com\/labravaradiofm\/wp-content\/uploads\/sites\/5\/2021\/10\/local04102021-4-560x420.jpeg 560w, https:\/\/www.bbmnoticias.com\/labravaradiofm\/wp-content\/uploads\/sites\/5\/2021\/10\/local04102021-4-80x60.jpeg 80w, https:\/\/www.bbmnoticias.com\/labravaradiofm\/wp-content\/uploads\/sites\/5\/2021\/10\/local04102021-4-100x75.jpeg 100w, https:\/\/www.bbmnoticias.com\/labravaradiofm\/wp-content\/uploads\/sites\/5\/2021\/10\/local04102021-4-180x135.jpeg 180w, https:\/\/www.bbmnoticias.com\/labravaradiofm\/wp-content\/uploads\/sites\/5\/2021\/10\/local04102021-4-238x178.jpeg 238w, https:\/\/www.bbmnoticias.com\/labravaradiofm\/wp-content\/uploads\/sites\/5\/2021\/10\/local04102021-4-640x480.jpeg 640w, https:\/\/www.bbmnoticias.com\/labravaradiofm\/wp-content\/uploads\/sites\/5\/2021\/10\/local04102021-4-681x511.jpeg 681w\" sizes=\"auto, (max-width: 1156px) 100vw, 1156px\" \/><\/figure>\n\n\n\n<p>Por parte de la Segob, Javier Gamboa; M\u00e1ximo Avenda\u00f1o, comandante regional de la Polic\u00eda Estatal y mandos regionales de la Guardia Nacional, Sedena, as\u00ed como defensores especializados de la DDHPO.<\/p>\n\n\n\n<p>La Segego exhorta a las autoridades municipales, auxiliares y habitantes, a privilegiar el di\u00e1logo para solucionar de manera pac\u00edfica sus diferencias, reiterando el compromiso por reconstruir el tejido social y crear acciones que garanticen la paz en beneficio de la poblaci\u00f3n oaxaque\u00f1a.<\/p>\n","protected":false},"excerpt":{"rendered":"<p>Tlalixtac de Cabrera, Oax. En cumplimiento a la instrucci\u00f3n del gobernador Alejandro Murat Hinojosa, el secretario general de Gobierno, Francisco Javier Garc\u00eda L\u00f3pez, coordin\u00f3 el ingreso de las fuerzas del orden a la zona de conflicto, entre las comunidades de San Esteban Atatlahuca y Guerrero Grande. Con el objetivo de restablecer la paz social entre [&hellip;]<\/p>\n","protected":false},"author":2,"featured_media":2993,"comment_status":"closed","ping_status":"closed","sticky":false,"template":"","format":"standard","meta":{"footnotes":""},"categories":[2],"tags":[],"class_list":{"0":"post-2992","1":"post","2":"type-post","3":"status-publish","4":"format-standard","5":"has-post-thumbnail","7":"category-oaxaca"},"yoast_head":"<!-- This site is optimized with the Yoast SEO plugin v27.4 - https:\/\/yoast.com\/product\/yoast-seo-wordpress\/ -->\n<title>Coordina Gobierno del Estado ingreso de las fuerzas del orden y de la FGEO en San Esteban Atatlahuca y Guerrero Grande - LA BRAVA RADIO<\/title>\n<meta name=\"robots\" content=\"index, follow, max-snippet:-1, max-image-preview:large, max-video-preview:-1\" \/>\n<link rel=\"canonical\" href=\"https:\/\/www.bbmnoticias.com\/labravaradiofm\/2021\/10\/04\/coordina-gobierno-del-estado-ingreso-de-las-fuerzas-del-orden-y-de-la-fgeo-en-san-esteban-atatlahuca-y-guerrero-grande\/\" \/>\n<meta property=\"og:locale\" content=\"es_MX\" \/>\n<meta property=\"og:type\" content=\"article\" \/>\n<meta property=\"og:title\" content=\"Coordina Gobierno del Estado ingreso de las fuerzas del orden y de la FGEO en San Esteban Atatlahuca y Guerrero Grande - LA BRAVA RADIO\" \/>\n<meta property=\"og:description\" content=\"Tlalixtac de Cabrera, Oax. En cumplimiento a la instrucci\u00f3n del gobernador Alejandro Murat Hinojosa, el secretario general de Gobierno, Francisco Javier Garc\u00eda L\u00f3pez, coordin\u00f3 el ingreso de las fuerzas del orden a la zona de conflicto, entre las comunidades de San Esteban Atatlahuca y Guerrero Grande. Con el objetivo de restablecer la paz social entre [&hellip;]\" \/>\n<meta property=\"og:url\" content=\"https:\/\/www.bbmnoticias.com\/labravaradiofm\/2021\/10\/04\/coordina-gobierno-del-estado-ingreso-de-las-fuerzas-del-orden-y-de-la-fgeo-en-san-esteban-atatlahuca-y-guerrero-grande\/\" \/>\n<meta property=\"og:site_name\" content=\"LA BRAVA RADIO\" \/>\n<meta property=\"article:published_time\" content=\"2021-10-04T13:47:02+00:00\" \/>\n<meta property=\"article:modified_time\" content=\"2021-10-04T13:47:21+00:00\" \/>\n<meta property=\"og:image\" content=\"https:\/\/www.bbmnoticias.com\/labravaradiofm\/wp-content\/uploads\/sites\/5\/2021\/10\/local04102021-2.jpeg\" \/>\n\t<meta property=\"og:image:width\" content=\"1280\" \/>\n\t<meta property=\"og:image:height\" content=\"960\" \/>\n\t<meta property=\"og:image:type\" content=\"image\/jpeg\" \/>\n<meta name=\"author\" content=\"Staff\" \/>\n<meta name=\"twitter:card\" content=\"summary_large_image\" \/>\n<meta name=\"twitter:label1\" content=\"Escrito por\" \/>\n\t<meta name=\"twitter:data1\" content=\"Staff\" \/>\n\t<meta name=\"twitter:label2\" content=\"Tiempo de lectura\" \/>\n\t<meta name=\"twitter:data2\" content=\"3 minutos\" \/>\n<script type=\"application\/ld+json\" class=\"yoast-schema-graph\">{\"@context\":\"https:\\\/\\\/schema.org\",\"@graph\":[{\"@type\":\"Article\",\"@id\":\"https:\\\/\\\/www.bbmnoticias.com\\\/labravaradiofm\\\/2021\\\/10\\\/04\\\/coordina-gobierno-del-estado-ingreso-de-las-fuerzas-del-orden-y-de-la-fgeo-en-san-esteban-atatlahuca-y-guerrero-grande\\\/#article\",\"isPartOf\":{\"@id\":\"https:\\\/\\\/www.bbmnoticias.com\\\/labravaradiofm\\\/2021\\\/10\\\/04\\\/coordina-gobierno-del-estado-ingreso-de-las-fuerzas-del-orden-y-de-la-fgeo-en-san-esteban-atatlahuca-y-guerrero-grande\\\/\"},\"author\":{\"name\":\"Staff\",\"@id\":\"https:\\\/\\\/www.bbmnoticias.com\\\/labravaradiofm\\\/#\\\/schema\\\/person\\\/68a9e9036ef3c5b55aeb2b71dc8bab45\"},\"headline\":\"Coordina Gobierno del Estado ingreso de las fuerzas del orden y de la FGEO en San Esteban Atatlahuca y Guerrero Grande\",\"datePublished\":\"2021-10-04T13:47:02+00:00\",\"dateModified\":\"2021-10-04T13:47:21+00:00\",\"mainEntityOfPage\":{\"@id\":\"https:\\\/\\\/www.bbmnoticias.com\\\/labravaradiofm\\\/2021\\\/10\\\/04\\\/coordina-gobierno-del-estado-ingreso-de-las-fuerzas-del-orden-y-de-la-fgeo-en-san-esteban-atatlahuca-y-guerrero-grande\\\/\"},\"wordCount\":422,\"image\":{\"@id\":\"https:\\\/\\\/www.bbmnoticias.com\\\/labravaradiofm\\\/2021\\\/10\\\/04\\\/coordina-gobierno-del-estado-ingreso-de-las-fuerzas-del-orden-y-de-la-fgeo-en-san-esteban-atatlahuca-y-guerrero-grande\\\/#primaryimage\"},\"thumbnailUrl\":\"https:\\\/\\\/www.bbmnoticias.com\\\/labravaradiofm\\\/wp-content\\\/uploads\\\/sites\\\/5\\\/2021\\\/10\\\/local04102021-2.jpeg\",\"articleSection\":[\"LOCAL\"],\"inLanguage\":\"es\"},{\"@type\":\"WebPage\",\"@id\":\"https:\\\/\\\/www.bbmnoticias.com\\\/labravaradiofm\\\/2021\\\/10\\\/04\\\/coordina-gobierno-del-estado-ingreso-de-las-fuerzas-del-orden-y-de-la-fgeo-en-san-esteban-atatlahuca-y-guerrero-grande\\\/\",\"url\":\"https:\\\/\\\/www.bbmnoticias.com\\\/labravaradiofm\\\/2021\\\/10\\\/04\\\/coordina-gobierno-del-estado-ingreso-de-las-fuerzas-del-orden-y-de-la-fgeo-en-san-esteban-atatlahuca-y-guerrero-grande\\\/\",\"name\":\"Coordina Gobierno del Estado ingreso de las fuerzas del orden y de la FGEO en San Esteban Atatlahuca y Guerrero Grande - LA BRAVA RADIO\",\"isPartOf\":{\"@id\":\"https:\\\/\\\/www.bbmnoticias.com\\\/labravaradiofm\\\/#website\"},\"primaryImageOfPage\":{\"@id\":\"https:\\\/\\\/www.bbmnoticias.com\\\/labravaradiofm\\\/2021\\\/10\\\/04\\\/coordina-gobierno-del-estado-ingreso-de-las-fuerzas-del-orden-y-de-la-fgeo-en-san-esteban-atatlahuca-y-guerrero-grande\\\/#primaryimage\"},\"image\":{\"@id\":\"https:\\\/\\\/www.bbmnoticias.com\\\/labravaradiofm\\\/2021\\\/10\\\/04\\\/coordina-gobierno-del-estado-ingreso-de-las-fuerzas-del-orden-y-de-la-fgeo-en-san-esteban-atatlahuca-y-guerrero-grande\\\/#primaryimage\"},\"thumbnailUrl\":\"https:\\\/\\\/www.bbmnoticias.com\\\/labravaradiofm\\\/wp-content\\\/uploads\\\/sites\\\/5\\\/2021\\\/10\\\/local04102021-2.jpeg\",\"datePublished\":\"2021-10-04T13:47:02+00:00\",\"dateModified\":\"2021-10-04T13:47:21+00:00\",\"author\":{\"@id\":\"https:\\\/\\\/www.bbmnoticias.com\\\/labravaradiofm\\\/#\\\/schema\\\/person\\\/68a9e9036ef3c5b55aeb2b71dc8bab45\"},\"breadcrumb\":{\"@id\":\"https:\\\/\\\/www.bbmnoticias.com\\\/labravaradiofm\\\/2021\\\/10\\\/04\\\/coordina-gobierno-del-estado-ingreso-de-las-fuerzas-del-orden-y-de-la-fgeo-en-san-esteban-atatlahuca-y-guerrero-grande\\\/#breadcrumb\"},\"inLanguage\":\"es\",\"potentialAction\":[{\"@type\":\"ReadAction\",\"target\":[\"https:\\\/\\\/www.bbmnoticias.com\\\/labravaradiofm\\\/2021\\\/10\\\/04\\\/coordina-gobierno-del-estado-ingreso-de-las-fuerzas-del-orden-y-de-la-fgeo-en-san-esteban-atatlahuca-y-guerrero-grande\\\/\"]}]},{\"@type\":\"ImageObject\",\"inLanguage\":\"es\",\"@id\":\"https:\\\/\\\/www.bbmnoticias.com\\\/labravaradiofm\\\/2021\\\/10\\\/04\\\/coordina-gobierno-del-estado-ingreso-de-las-fuerzas-del-orden-y-de-la-fgeo-en-san-esteban-atatlahuca-y-guerrero-grande\\\/#primaryimage\",\"url\":\"https:\\\/\\\/www.bbmnoticias.com\\\/labravaradiofm\\\/wp-content\\\/uploads\\\/sites\\\/5\\\/2021\\\/10\\\/local04102021-2.jpeg\",\"contentUrl\":\"https:\\\/\\\/www.bbmnoticias.com\\\/labravaradiofm\\\/wp-content\\\/uploads\\\/sites\\\/5\\\/2021\\\/10\\\/local04102021-2.jpeg\",\"width\":1280,\"height\":960},{\"@type\":\"BreadcrumbList\",\"@id\":\"https:\\\/\\\/www.bbmnoticias.com\\\/labravaradiofm\\\/2021\\\/10\\\/04\\\/coordina-gobierno-del-estado-ingreso-de-las-fuerzas-del-orden-y-de-la-fgeo-en-san-esteban-atatlahuca-y-guerrero-grande\\\/#breadcrumb\",\"itemListElement\":[{\"@type\":\"ListItem\",\"position\":1,\"name\":\"Inicio\",\"item\":\"https:\\\/\\\/www.bbmnoticias.com\\\/labravaradiofm\\\/\"},{\"@type\":\"ListItem\",\"position\":2,\"name\":\"Coordina Gobierno del Estado ingreso de las fuerzas del orden y de la FGEO en San Esteban Atatlahuca y Guerrero Grande\"}]},{\"@type\":\"WebSite\",\"@id\":\"https:\\\/\\\/www.bbmnoticias.com\\\/labravaradiofm\\\/#website\",\"url\":\"https:\\\/\\\/www.bbmnoticias.com\\\/labravaradiofm\\\/\",\"name\":\"LA BRAVA RADIO\",\"description\":\"Empresa productora de medios, Radiodifusi\u00f3n, Noticias, tendencias y todo lo que necesitas saber de la pol\u00edtica mexicana e internacional; entretenimiento, espect\u00e1culos, salud y mucho m\u00e1s.\",\"potentialAction\":[{\"@type\":\"SearchAction\",\"target\":{\"@type\":\"EntryPoint\",\"urlTemplate\":\"https:\\\/\\\/www.bbmnoticias.com\\\/labravaradiofm\\\/?s={search_term_string}\"},\"query-input\":{\"@type\":\"PropertyValueSpecification\",\"valueRequired\":true,\"valueName\":\"search_term_string\"}}],\"inLanguage\":\"es\"},{\"@type\":\"Person\",\"@id\":\"https:\\\/\\\/www.bbmnoticias.com\\\/labravaradiofm\\\/#\\\/schema\\\/person\\\/68a9e9036ef3c5b55aeb2b71dc8bab45\",\"name\":\"Staff\",\"image\":{\"@type\":\"ImageObject\",\"inLanguage\":\"es\",\"@id\":\"https:\\\/\\\/secure.gravatar.com\\\/avatar\\\/fdd21ad66fd8b98c407f9dee5b5e588cfe7f0d8579ec20fa6527cd59bab7f0f0?s=96&d=mm&r=g\",\"url\":\"https:\\\/\\\/secure.gravatar.com\\\/avatar\\\/fdd21ad66fd8b98c407f9dee5b5e588cfe7f0d8579ec20fa6527cd59bab7f0f0?s=96&d=mm&r=g\",\"contentUrl\":\"https:\\\/\\\/secure.gravatar.com\\\/avatar\\\/fdd21ad66fd8b98c407f9dee5b5e588cfe7f0d8579ec20fa6527cd59bab7f0f0?s=96&d=mm&r=g\",\"caption\":\"Staff\"},\"url\":\"https:\\\/\\\/www.bbmnoticias.com\\\/labravaradiofm\\\/author\\\/redaccion\\\/\"}]}<\/script>\n<!-- \/ Yoast SEO plugin. -->","yoast_head_json":{"title":"Coordina Gobierno del Estado ingreso de las fuerzas del orden y de la FGEO en San Esteban Atatlahuca y Guerrero Grande - LA BRAVA RADIO","robots":{"index":"index","follow":"follow","max-snippet":"max-snippet:-1","max-image-preview":"max-image-preview:large","max-video-preview":"max-video-preview:-1"},"canonical":"https:\/\/www.bbmnoticias.com\/labravaradiofm\/2021\/10\/04\/coordina-gobierno-del-estado-ingreso-de-las-fuerzas-del-orden-y-de-la-fgeo-en-san-esteban-atatlahuca-y-guerrero-grande\/","og_locale":"es_MX","og_type":"article","og_title":"Coordina Gobierno del Estado ingreso de las fuerzas del orden y de la FGEO en San Esteban Atatlahuca y Guerrero Grande - LA BRAVA RADIO","og_description":"Tlalixtac de Cabrera, Oax. En cumplimiento a la instrucci\u00f3n del gobernador Alejandro Murat Hinojosa, el secretario general de Gobierno, Francisco Javier Garc\u00eda L\u00f3pez, coordin\u00f3 el ingreso de las fuerzas del orden a la zona de conflicto, entre las comunidades de San Esteban Atatlahuca y Guerrero Grande. Con el objetivo de restablecer la paz social entre [&hellip;]","og_url":"https:\/\/www.bbmnoticias.com\/labravaradiofm\/2021\/10\/04\/coordina-gobierno-del-estado-ingreso-de-las-fuerzas-del-orden-y-de-la-fgeo-en-san-esteban-atatlahuca-y-guerrero-grande\/","og_site_name":"LA BRAVA RADIO","article_published_time":"2021-10-04T13:47:02+00:00","article_modified_time":"2021-10-04T13:47:21+00:00","og_image":[{"width":1280,"height":960,"url":"https:\/\/www.bbmnoticias.com\/labravaradiofm\/wp-content\/uploads\/sites\/5\/2021\/10\/local04102021-2.jpeg","type":"image\/jpeg"}],"author":"Staff","twitter_card":"summary_large_image","twitter_misc":{"Escrito por":"Staff","Tiempo de lectura":"3 minutos"},"schema":{"@context":"https:\/\/schema.org","@graph":[{"@type":"Article","@id":"https:\/\/www.bbmnoticias.com\/labravaradiofm\/2021\/10\/04\/coordina-gobierno-del-estado-ingreso-de-las-fuerzas-del-orden-y-de-la-fgeo-en-san-esteban-atatlahuca-y-guerrero-grande\/#article","isPartOf":{"@id":"https:\/\/www.bbmnoticias.com\/labravaradiofm\/2021\/10\/04\/coordina-gobierno-del-estado-ingreso-de-las-fuerzas-del-orden-y-de-la-fgeo-en-san-esteban-atatlahuca-y-guerrero-grande\/"},"author":{"name":"Staff","@id":"https:\/\/www.bbmnoticias.com\/labravaradiofm\/#\/schema\/person\/68a9e9036ef3c5b55aeb2b71dc8bab45"},"headline":"Coordina Gobierno del Estado ingreso de las fuerzas del orden y de la FGEO en San Esteban Atatlahuca y Guerrero Grande","datePublished":"2021-10-04T13:47:02+00:00","dateModified":"2021-10-04T13:47:21+00:00","mainEntityOfPage":{"@id":"https:\/\/www.bbmnoticias.com\/labravaradiofm\/2021\/10\/04\/coordina-gobierno-del-estado-ingreso-de-las-fuerzas-del-orden-y-de-la-fgeo-en-san-esteban-atatlahuca-y-guerrero-grande\/"},"wordCount":422,"image":{"@id":"https:\/\/www.bbmnoticias.com\/labravaradiofm\/2021\/10\/04\/coordina-gobierno-del-estado-ingreso-de-las-fuerzas-del-orden-y-de-la-fgeo-en-san-esteban-atatlahuca-y-guerrero-grande\/#primaryimage"},"thumbnailUrl":"https:\/\/www.bbmnoticias.com\/labravaradiofm\/wp-content\/uploads\/sites\/5\/2021\/10\/local04102021-2.jpeg","articleSection":["LOCAL"],"inLanguage":"es"},{"@type":"WebPage","@id":"https:\/\/www.bbmnoticias.com\/labravaradiofm\/2021\/10\/04\/coordina-gobierno-del-estado-ingreso-de-las-fuerzas-del-orden-y-de-la-fgeo-en-san-esteban-atatlahuca-y-guerrero-grande\/","url":"https:\/\/www.bbmnoticias.com\/labravaradiofm\/2021\/10\/04\/coordina-gobierno-del-estado-ingreso-de-las-fuerzas-del-orden-y-de-la-fgeo-en-san-esteban-atatlahuca-y-guerrero-grande\/","name":"Coordina Gobierno del Estado ingreso de las fuerzas del orden y de la FGEO en San Esteban Atatlahuca y Guerrero Grande - LA BRAVA RADIO","isPartOf":{"@id":"https:\/\/www.bbmnoticias.com\/labravaradiofm\/#website"},"primaryImageOfPage":{"@id":"https:\/\/www.bbmnoticias.com\/labravaradiofm\/2021\/10\/04\/coordina-gobierno-del-estado-ingreso-de-las-fuerzas-del-orden-y-de-la-fgeo-en-san-esteban-atatlahuca-y-guerrero-grande\/#primaryimage"},"image":{"@id":"https:\/\/www.bbmnoticias.com\/labravaradiofm\/2021\/10\/04\/coordina-gobierno-del-estado-ingreso-de-las-fuerzas-del-orden-y-de-la-fgeo-en-san-esteban-atatlahuca-y-guerrero-grande\/#primaryimage"},"thumbnailUrl":"https:\/\/www.bbmnoticias.com\/labravaradiofm\/wp-content\/uploads\/sites\/5\/2021\/10\/local04102021-2.jpeg","datePublished":"2021-10-04T13:47:02+00:00","dateModified":"2021-10-04T13:47:21+00:00","author":{"@id":"https:\/\/www.bbmnoticias.com\/labravaradiofm\/#\/schema\/person\/68a9e9036ef3c5b55aeb2b71dc8bab45"},"breadcrumb":{"@id":"https:\/\/www.bbmnoticias.com\/labravaradiofm\/2021\/10\/04\/coordina-gobierno-del-estado-ingreso-de-las-fuerzas-del-orden-y-de-la-fgeo-en-san-esteban-atatlahuca-y-guerrero-grande\/#breadcrumb"},"inLanguage":"es","potentialAction":[{"@type":"ReadAction","target":["https:\/\/www.bbmnoticias.com\/labravaradiofm\/2021\/10\/04\/coordina-gobierno-del-estado-ingreso-de-las-fuerzas-del-orden-y-de-la-fgeo-en-san-esteban-atatlahuca-y-guerrero-grande\/"]}]},{"@type":"ImageObject","inLanguage":"es","@id":"https:\/\/www.bbmnoticias.com\/labravaradiofm\/2021\/10\/04\/coordina-gobierno-del-estado-ingreso-de-las-fuerzas-del-orden-y-de-la-fgeo-en-san-esteban-atatlahuca-y-guerrero-grande\/#primaryimage","url":"https:\/\/www.bbmnoticias.com\/labravaradiofm\/wp-content\/uploads\/sites\/5\/2021\/10\/local04102021-2.jpeg","contentUrl":"https:\/\/www.bbmnoticias.com\/labravaradiofm\/wp-content\/uploads\/sites\/5\/2021\/10\/local04102021-2.jpeg","width":1280,"height":960},{"@type":"BreadcrumbList","@id":"https:\/\/www.bbmnoticias.com\/labravaradiofm\/2021\/10\/04\/coordina-gobierno-del-estado-ingreso-de-las-fuerzas-del-orden-y-de-la-fgeo-en-san-esteban-atatlahuca-y-guerrero-grande\/#breadcrumb","itemListElement":[{"@type":"ListItem","position":1,"name":"Inicio","item":"https:\/\/www.bbmnoticias.com\/labravaradiofm\/"},{"@type":"ListItem","position":2,"name":"Coordina Gobierno del Estado ingreso de las fuerzas del orden y de la FGEO en San Esteban Atatlahuca y Guerrero Grande"}]},{"@type":"WebSite","@id":"https:\/\/www.bbmnoticias.com\/labravaradiofm\/#website","url":"https:\/\/www.bbmnoticias.com\/labravaradiofm\/","name":"LA BRAVA RADIO","description":"Empresa productora de medios, Radiodifusi\u00f3n, Noticias, tendencias y todo lo que necesitas saber de la pol\u00edtica mexicana e internacional; entretenimiento, espect\u00e1culos, salud y mucho m\u00e1s.","potentialAction":[{"@type":"SearchAction","target":{"@type":"EntryPoint","urlTemplate":"https:\/\/www.bbmnoticias.com\/labravaradiofm\/?s={search_term_string}"},"query-input":{"@type":"PropertyValueSpecification","valueRequired":true,"valueName":"search_term_string"}}],"inLanguage":"es"},{"@type":"Person","@id":"https:\/\/www.bbmnoticias.com\/labravaradiofm\/#\/schema\/person\/68a9e9036ef3c5b55aeb2b71dc8bab45","name":"Staff","image":{"@type":"ImageObject","inLanguage":"es","@id":"https:\/\/secure.gravatar.com\/avatar\/fdd21ad66fd8b98c407f9dee5b5e588cfe7f0d8579ec20fa6527cd59bab7f0f0?s=96&d=mm&r=g","url":"https:\/\/secure.gravatar.com\/avatar\/fdd21ad66fd8b98c407f9dee5b5e588cfe7f0d8579ec20fa6527cd59bab7f0f0?s=96&d=mm&r=g","contentUrl":"https:\/\/secure.gravatar.com\/avatar\/fdd21ad66fd8b98c407f9dee5b5e588cfe7f0d8579ec20fa6527cd59bab7f0f0?s=96&d=mm&r=g","caption":"Staff"},"url":"https:\/\/www.bbmnoticias.com\/labravaradiofm\/author\/redaccion\/"}]}},"_links":{"self":[{"href":"https:\/\/www.bbmnoticias.com\/labravaradiofm\/wp-json\/wp\/v2\/posts\/2992","targetHints":{"allow":["GET"]}}],"collection":[{"href":"https:\/\/www.bbmnoticias.com\/labravaradiofm\/wp-json\/wp\/v2\/posts"}],"about":[{"href":"https:\/\/www.bbmnoticias.com\/labravaradiofm\/wp-json\/wp\/v2\/types\/post"}],"author":[{"embeddable":true,"href":"https:\/\/www.bbmnoticias.com\/labravaradiofm\/wp-json\/wp\/v2\/users\/2"}],"replies":[{"embeddable":true,"href":"https:\/\/www.bbmnoticias.com\/labravaradiofm\/wp-json\/wp\/v2\/comments?post=2992"}],"version-history":[{"count":0,"href":"https:\/\/www.bbmnoticias.com\/labravaradiofm\/wp-json\/wp\/v2\/posts\/2992\/revisions"}],"wp:featuredmedia":[{"embeddable":true,"href":"https:\/\/www.bbmnoticias.com\/labravaradiofm\/wp-json\/wp\/v2\/media\/2993"}],"wp:attachment":[{"href":"https:\/\/www.bbmnoticias.com\/labravaradiofm\/wp-json\/wp\/v2\/media?parent=2992"}],"wp:term":[{"taxonomy":"category","embeddable":true,"href":"https:\/\/www.bbmnoticias.com\/labravaradiofm\/wp-json\/wp\/v2\/categories?post=2992"},{"taxonomy":"post_tag","embeddable":true,"href":"https:\/\/www.bbmnoticias.com\/labravaradiofm\/wp-json\/wp\/v2\/tags?post=2992"}],"curies":[{"name":"wp","href":"https:\/\/api.w.org\/{rel}","templated":true}]}}