{"id":2986,"date":"2021-10-01T20:52:31","date_gmt":"2021-10-02T01:52:31","guid":{"rendered":"https:\/\/www.bbmnoticias.com\/labravaradiofm\/?p=2986"},"modified":"2021-10-01T20:52:32","modified_gmt":"2021-10-02T01:52:32","slug":"fanny-joven-mixe-de-oaxaca-no-se-suicido","status":"publish","type":"post","link":"https:\/\/www.bbmnoticias.com\/labravaradiofm\/2021\/10\/01\/fanny-joven-mixe-de-oaxaca-no-se-suicido\/","title":{"rendered":"Fanny, joven mixe de Oaxaca, no se suicid\u00f3"},"content":{"rendered":"<div style=\"margin-top: 0px; margin-bottom: 0px;\" class=\"sharethis-inline-share-buttons\" ><\/div>\n<p><strong>Oaxaca de Ju\u00e1rez.-<\/strong> El activista mixe<strong>&nbsp;Joaquin Galv\u00e1n<\/strong>&nbsp;notific\u00f3 que el fiscal general del estado de Oaxaca,&nbsp;<strong>Arturo Peimbert Calvo&nbsp;<\/strong>confirm\u00f3 que el caso de Fanny Guadalupe, cuya muerte fue dada a conocer desde el pasado domingo, no se trat\u00f3 de un suicidio.<\/p>\n\n\n\n<figure class=\"wp-block-pullquote\"><blockquote><p>\u201c Ya que la lesi\u00f3n tiene una fuerza adicional\u201d, escribi\u00f3 en su cuenta de Twitter el activista, y agreg\u00f3 que las autoridades correspondientes contin\u00faan con las diligencias, a fin de dar con el o los responsables del feminicidio de la&nbsp;<strong>joven de 16 a\u00f1os<\/strong>.<\/p><\/blockquote><\/figure>\n\n\n\n<p>Ayer, la fiscal\u00eda inform\u00f3 que se investiga tambi\u00e9n la presunta responsabilidad de elementos de la dependencia, mediante su intervenci\u00f3n en el proceso legal en el caso de la joven, antes de los hechos.<\/p>\n\n\n\n<figure class=\"wp-block-pullquote\"><blockquote><p>\u201c Se analiza de manera minuciosa, la actuaci\u00f3n de los funcionarios de la FGEO que han tenido intervenci\u00f3n en los procedimientos legales, tanto en los hechos concretos como en los antecedentes que pudieran estar vinculados, por lo que, a partir de lo dispuesto en la&nbsp;<strong>Ley General de Responsabilidades Administrativas del Estado de Oaxaca<\/strong>, se realiza una indagatoria para determinar si existe alg\u00fan tipo de responsabilidad legal o administrativa y, en caso de hallar omisiones, determinar las sanciones correspondientes\u201d, dijo en un comunicado.<\/p><\/blockquote><\/figure>\n\n\n\n<p>De acuerdo con informaci\u00f3n sobre el caso, Fanny denunci\u00f3 a un agente municipal, quien la habr\u00eda amenazado, as\u00ed como acusado a ella y a su ex pareja de vender droga.<\/p>\n\n\n\n<p>Las <strong>amenazas del funcionario en contra de Fanny&nbsp;<\/strong>fueron dadas a conocer tambi\u00e9n a trav\u00e9s de Twitter por Joaqu\u00edn Galv\u00e1n, as\u00ed como por otros activistas e integrantes de la sociedad civil que han exigido a las autoridades que se investigue el caso, con perspectiva de g\u00e9nero.<\/p>\n\n\n\n<p>Los hechos sucedieron en la comunidad de El Porvenir, perteneciente al municipio de San Juan Cotzoc\u00f3n, en la zona Mixe, desde donde organizaciones y activistas han pedido justicia en el caso, para Fanny y su hija de seis meses de edad, quien qued\u00f3 en orfandad.<\/p>\n","protected":false},"excerpt":{"rendered":"<p>Oaxaca de Ju\u00e1rez.- El activista mixe&nbsp;Joaquin Galv\u00e1n&nbsp;notific\u00f3 que el fiscal general del estado de Oaxaca,&nbsp;Arturo Peimbert Calvo&nbsp;confirm\u00f3 que el caso de Fanny Guadalupe, cuya muerte fue dada a conocer desde el pasado domingo, no se trat\u00f3 de un suicidio. \u201c Ya que la lesi\u00f3n tiene una fuerza adicional\u201d, escribi\u00f3 en su cuenta de Twitter el [&hellip;]<\/p>\n","protected":false},"author":4,"featured_media":2987,"comment_status":"closed","ping_status":"closed","sticky":false,"template":"","format":"standard","meta":{"footnotes":""},"categories":[20],"tags":[],"class_list":{"0":"post-2986","1":"post","2":"type-post","3":"status-publish","4":"format-standard","5":"has-post-thumbnail","7":"category-policiaca"},"yoast_head":"<!-- This site is optimized with the Yoast SEO plugin v27.4 - https:\/\/yoast.com\/product\/yoast-seo-wordpress\/ -->\n<title>Fanny, joven mixe de Oaxaca, no se suicid\u00f3 - LA BRAVA RADIO<\/title>\n<meta name=\"robots\" content=\"index, follow, max-snippet:-1, max-image-preview:large, max-video-preview:-1\" \/>\n<link rel=\"canonical\" href=\"https:\/\/www.bbmnoticias.com\/labravaradiofm\/2021\/10\/01\/fanny-joven-mixe-de-oaxaca-no-se-suicido\/\" \/>\n<meta property=\"og:locale\" content=\"es_MX\" \/>\n<meta property=\"og:type\" content=\"article\" \/>\n<meta property=\"og:title\" content=\"Fanny, joven mixe de Oaxaca, no se suicid\u00f3 - LA BRAVA RADIO\" \/>\n<meta property=\"og:description\" content=\"Oaxaca de Ju\u00e1rez.- El activista mixe&nbsp;Joaquin Galv\u00e1n&nbsp;notific\u00f3 que el fiscal general del estado de Oaxaca,&nbsp;Arturo Peimbert Calvo&nbsp;confirm\u00f3 que el caso de Fanny Guadalupe, cuya muerte fue dada a conocer desde el pasado domingo, no se trat\u00f3 de un suicidio. \u201c Ya que la lesi\u00f3n tiene una fuerza adicional\u201d, escribi\u00f3 en su cuenta de Twitter el [&hellip;]\" \/>\n<meta property=\"og:url\" content=\"https:\/\/www.bbmnoticias.com\/labravaradiofm\/2021\/10\/01\/fanny-joven-mixe-de-oaxaca-no-se-suicido\/\" \/>\n<meta property=\"og:site_name\" content=\"LA BRAVA RADIO\" \/>\n<meta property=\"article:published_time\" content=\"2021-10-02T01:52:31+00:00\" \/>\n<meta property=\"article:modified_time\" content=\"2021-10-02T01:52:32+00:00\" \/>\n<meta property=\"og:image\" content=\"https:\/\/www.bbmnoticias.com\/labravaradiofm\/wp-content\/uploads\/sites\/5\/2021\/10\/policiaca01102021-41.jpg\" \/>\n\t<meta property=\"og:image:width\" content=\"625\" \/>\n\t<meta property=\"og:image:height\" content=\"355\" \/>\n\t<meta property=\"og:image:type\" content=\"image\/jpeg\" \/>\n<meta name=\"author\" content=\"Agencias\" \/>\n<meta name=\"twitter:card\" content=\"summary_large_image\" \/>\n<meta name=\"twitter:label1\" content=\"Escrito por\" \/>\n\t<meta name=\"twitter:data1\" content=\"Agencias\" \/>\n\t<meta name=\"twitter:label2\" content=\"Tiempo de lectura\" \/>\n\t<meta name=\"twitter:data2\" content=\"2 minutos\" \/>\n<script type=\"application\/ld+json\" class=\"yoast-schema-graph\">{\"@context\":\"https:\\\/\\\/schema.org\",\"@graph\":[{\"@type\":\"Article\",\"@id\":\"https:\\\/\\\/www.bbmnoticias.com\\\/labravaradiofm\\\/2021\\\/10\\\/01\\\/fanny-joven-mixe-de-oaxaca-no-se-suicido\\\/#article\",\"isPartOf\":{\"@id\":\"https:\\\/\\\/www.bbmnoticias.com\\\/labravaradiofm\\\/2021\\\/10\\\/01\\\/fanny-joven-mixe-de-oaxaca-no-se-suicido\\\/\"},\"author\":{\"name\":\"Agencias\",\"@id\":\"https:\\\/\\\/www.bbmnoticias.com\\\/labravaradiofm\\\/#\\\/schema\\\/person\\\/000bdaf0a8fb5bff0d537c4d0778e33f\"},\"headline\":\"Fanny, joven mixe de Oaxaca, no se suicid\u00f3\",\"datePublished\":\"2021-10-02T01:52:31+00:00\",\"dateModified\":\"2021-10-02T01:52:32+00:00\",\"mainEntityOfPage\":{\"@id\":\"https:\\\/\\\/www.bbmnoticias.com\\\/labravaradiofm\\\/2021\\\/10\\\/01\\\/fanny-joven-mixe-de-oaxaca-no-se-suicido\\\/\"},\"wordCount\":356,\"image\":{\"@id\":\"https:\\\/\\\/www.bbmnoticias.com\\\/labravaradiofm\\\/2021\\\/10\\\/01\\\/fanny-joven-mixe-de-oaxaca-no-se-suicido\\\/#primaryimage\"},\"thumbnailUrl\":\"https:\\\/\\\/www.bbmnoticias.com\\\/labravaradiofm\\\/wp-content\\\/uploads\\\/sites\\\/5\\\/2021\\\/10\\\/policiaca01102021-41.jpg\",\"articleSection\":[\"POLICIACA\"],\"inLanguage\":\"es\"},{\"@type\":\"WebPage\",\"@id\":\"https:\\\/\\\/www.bbmnoticias.com\\\/labravaradiofm\\\/2021\\\/10\\\/01\\\/fanny-joven-mixe-de-oaxaca-no-se-suicido\\\/\",\"url\":\"https:\\\/\\\/www.bbmnoticias.com\\\/labravaradiofm\\\/2021\\\/10\\\/01\\\/fanny-joven-mixe-de-oaxaca-no-se-suicido\\\/\",\"name\":\"Fanny, joven mixe de Oaxaca, no se suicid\u00f3 - LA BRAVA RADIO\",\"isPartOf\":{\"@id\":\"https:\\\/\\\/www.bbmnoticias.com\\\/labravaradiofm\\\/#website\"},\"primaryImageOfPage\":{\"@id\":\"https:\\\/\\\/www.bbmnoticias.com\\\/labravaradiofm\\\/2021\\\/10\\\/01\\\/fanny-joven-mixe-de-oaxaca-no-se-suicido\\\/#primaryimage\"},\"image\":{\"@id\":\"https:\\\/\\\/www.bbmnoticias.com\\\/labravaradiofm\\\/2021\\\/10\\\/01\\\/fanny-joven-mixe-de-oaxaca-no-se-suicido\\\/#primaryimage\"},\"thumbnailUrl\":\"https:\\\/\\\/www.bbmnoticias.com\\\/labravaradiofm\\\/wp-content\\\/uploads\\\/sites\\\/5\\\/2021\\\/10\\\/policiaca01102021-41.jpg\",\"datePublished\":\"2021-10-02T01:52:31+00:00\",\"dateModified\":\"2021-10-02T01:52:32+00:00\",\"author\":{\"@id\":\"https:\\\/\\\/www.bbmnoticias.com\\\/labravaradiofm\\\/#\\\/schema\\\/person\\\/000bdaf0a8fb5bff0d537c4d0778e33f\"},\"breadcrumb\":{\"@id\":\"https:\\\/\\\/www.bbmnoticias.com\\\/labravaradiofm\\\/2021\\\/10\\\/01\\\/fanny-joven-mixe-de-oaxaca-no-se-suicido\\\/#breadcrumb\"},\"inLanguage\":\"es\",\"potentialAction\":[{\"@type\":\"ReadAction\",\"target\":[\"https:\\\/\\\/www.bbmnoticias.com\\\/labravaradiofm\\\/2021\\\/10\\\/01\\\/fanny-joven-mixe-de-oaxaca-no-se-suicido\\\/\"]}]},{\"@type\":\"ImageObject\",\"inLanguage\":\"es\",\"@id\":\"https:\\\/\\\/www.bbmnoticias.com\\\/labravaradiofm\\\/2021\\\/10\\\/01\\\/fanny-joven-mixe-de-oaxaca-no-se-suicido\\\/#primaryimage\",\"url\":\"https:\\\/\\\/www.bbmnoticias.com\\\/labravaradiofm\\\/wp-content\\\/uploads\\\/sites\\\/5\\\/2021\\\/10\\\/policiaca01102021-41.jpg\",\"contentUrl\":\"https:\\\/\\\/www.bbmnoticias.com\\\/labravaradiofm\\\/wp-content\\\/uploads\\\/sites\\\/5\\\/2021\\\/10\\\/policiaca01102021-41.jpg\",\"width\":625,\"height\":355},{\"@type\":\"BreadcrumbList\",\"@id\":\"https:\\\/\\\/www.bbmnoticias.com\\\/labravaradiofm\\\/2021\\\/10\\\/01\\\/fanny-joven-mixe-de-oaxaca-no-se-suicido\\\/#breadcrumb\",\"itemListElement\":[{\"@type\":\"ListItem\",\"position\":1,\"name\":\"Inicio\",\"item\":\"https:\\\/\\\/www.bbmnoticias.com\\\/labravaradiofm\\\/\"},{\"@type\":\"ListItem\",\"position\":2,\"name\":\"Fanny, joven mixe de Oaxaca, no se suicid\u00f3\"}]},{\"@type\":\"WebSite\",\"@id\":\"https:\\\/\\\/www.bbmnoticias.com\\\/labravaradiofm\\\/#website\",\"url\":\"https:\\\/\\\/www.bbmnoticias.com\\\/labravaradiofm\\\/\",\"name\":\"LA BRAVA RADIO\",\"description\":\"Empresa productora de medios, Radiodifusi\u00f3n, Noticias, tendencias y todo lo que necesitas saber de la pol\u00edtica mexicana e internacional; entretenimiento, espect\u00e1culos, salud y mucho m\u00e1s.\",\"potentialAction\":[{\"@type\":\"SearchAction\",\"target\":{\"@type\":\"EntryPoint\",\"urlTemplate\":\"https:\\\/\\\/www.bbmnoticias.com\\\/labravaradiofm\\\/?s={search_term_string}\"},\"query-input\":{\"@type\":\"PropertyValueSpecification\",\"valueRequired\":true,\"valueName\":\"search_term_string\"}}],\"inLanguage\":\"es\"},{\"@type\":\"Person\",\"@id\":\"https:\\\/\\\/www.bbmnoticias.com\\\/labravaradiofm\\\/#\\\/schema\\\/person\\\/000bdaf0a8fb5bff0d537c4d0778e33f\",\"name\":\"Agencias\",\"image\":{\"@type\":\"ImageObject\",\"inLanguage\":\"es\",\"@id\":\"https:\\\/\\\/secure.gravatar.com\\\/avatar\\\/739e0b61adf9e398b425c36718c8752286da0e8cd90f20ce9a86678abc26aa0d?s=96&d=mm&r=g\",\"url\":\"https:\\\/\\\/secure.gravatar.com\\\/avatar\\\/739e0b61adf9e398b425c36718c8752286da0e8cd90f20ce9a86678abc26aa0d?s=96&d=mm&r=g\",\"contentUrl\":\"https:\\\/\\\/secure.gravatar.com\\\/avatar\\\/739e0b61adf9e398b425c36718c8752286da0e8cd90f20ce9a86678abc26aa0d?s=96&d=mm&r=g\",\"caption\":\"Agencias\"},\"url\":\"https:\\\/\\\/www.bbmnoticias.com\\\/labravaradiofm\\\/author\\\/agencias\\\/\"}]}<\/script>\n<!-- \/ Yoast SEO plugin. -->","yoast_head_json":{"title":"Fanny, joven mixe de Oaxaca, no se suicid\u00f3 - LA BRAVA RADIO","robots":{"index":"index","follow":"follow","max-snippet":"max-snippet:-1","max-image-preview":"max-image-preview:large","max-video-preview":"max-video-preview:-1"},"canonical":"https:\/\/www.bbmnoticias.com\/labravaradiofm\/2021\/10\/01\/fanny-joven-mixe-de-oaxaca-no-se-suicido\/","og_locale":"es_MX","og_type":"article","og_title":"Fanny, joven mixe de Oaxaca, no se suicid\u00f3 - LA BRAVA RADIO","og_description":"Oaxaca de Ju\u00e1rez.- El activista mixe&nbsp;Joaquin Galv\u00e1n&nbsp;notific\u00f3 que el fiscal general del estado de Oaxaca,&nbsp;Arturo Peimbert Calvo&nbsp;confirm\u00f3 que el caso de Fanny Guadalupe, cuya muerte fue dada a conocer desde el pasado domingo, no se trat\u00f3 de un suicidio. \u201c Ya que la lesi\u00f3n tiene una fuerza adicional\u201d, escribi\u00f3 en su cuenta de Twitter el [&hellip;]","og_url":"https:\/\/www.bbmnoticias.com\/labravaradiofm\/2021\/10\/01\/fanny-joven-mixe-de-oaxaca-no-se-suicido\/","og_site_name":"LA BRAVA RADIO","article_published_time":"2021-10-02T01:52:31+00:00","article_modified_time":"2021-10-02T01:52:32+00:00","og_image":[{"width":625,"height":355,"url":"https:\/\/www.bbmnoticias.com\/labravaradiofm\/wp-content\/uploads\/sites\/5\/2021\/10\/policiaca01102021-41.jpg","type":"image\/jpeg"}],"author":"Agencias","twitter_card":"summary_large_image","twitter_misc":{"Escrito por":"Agencias","Tiempo de lectura":"2 minutos"},"schema":{"@context":"https:\/\/schema.org","@graph":[{"@type":"Article","@id":"https:\/\/www.bbmnoticias.com\/labravaradiofm\/2021\/10\/01\/fanny-joven-mixe-de-oaxaca-no-se-suicido\/#article","isPartOf":{"@id":"https:\/\/www.bbmnoticias.com\/labravaradiofm\/2021\/10\/01\/fanny-joven-mixe-de-oaxaca-no-se-suicido\/"},"author":{"name":"Agencias","@id":"https:\/\/www.bbmnoticias.com\/labravaradiofm\/#\/schema\/person\/000bdaf0a8fb5bff0d537c4d0778e33f"},"headline":"Fanny, joven mixe de Oaxaca, no se suicid\u00f3","datePublished":"2021-10-02T01:52:31+00:00","dateModified":"2021-10-02T01:52:32+00:00","mainEntityOfPage":{"@id":"https:\/\/www.bbmnoticias.com\/labravaradiofm\/2021\/10\/01\/fanny-joven-mixe-de-oaxaca-no-se-suicido\/"},"wordCount":356,"image":{"@id":"https:\/\/www.bbmnoticias.com\/labravaradiofm\/2021\/10\/01\/fanny-joven-mixe-de-oaxaca-no-se-suicido\/#primaryimage"},"thumbnailUrl":"https:\/\/www.bbmnoticias.com\/labravaradiofm\/wp-content\/uploads\/sites\/5\/2021\/10\/policiaca01102021-41.jpg","articleSection":["POLICIACA"],"inLanguage":"es"},{"@type":"WebPage","@id":"https:\/\/www.bbmnoticias.com\/labravaradiofm\/2021\/10\/01\/fanny-joven-mixe-de-oaxaca-no-se-suicido\/","url":"https:\/\/www.bbmnoticias.com\/labravaradiofm\/2021\/10\/01\/fanny-joven-mixe-de-oaxaca-no-se-suicido\/","name":"Fanny, joven mixe de Oaxaca, no se suicid\u00f3 - LA BRAVA RADIO","isPartOf":{"@id":"https:\/\/www.bbmnoticias.com\/labravaradiofm\/#website"},"primaryImageOfPage":{"@id":"https:\/\/www.bbmnoticias.com\/labravaradiofm\/2021\/10\/01\/fanny-joven-mixe-de-oaxaca-no-se-suicido\/#primaryimage"},"image":{"@id":"https:\/\/www.bbmnoticias.com\/labravaradiofm\/2021\/10\/01\/fanny-joven-mixe-de-oaxaca-no-se-suicido\/#primaryimage"},"thumbnailUrl":"https:\/\/www.bbmnoticias.com\/labravaradiofm\/wp-content\/uploads\/sites\/5\/2021\/10\/policiaca01102021-41.jpg","datePublished":"2021-10-02T01:52:31+00:00","dateModified":"2021-10-02T01:52:32+00:00","author":{"@id":"https:\/\/www.bbmnoticias.com\/labravaradiofm\/#\/schema\/person\/000bdaf0a8fb5bff0d537c4d0778e33f"},"breadcrumb":{"@id":"https:\/\/www.bbmnoticias.com\/labravaradiofm\/2021\/10\/01\/fanny-joven-mixe-de-oaxaca-no-se-suicido\/#breadcrumb"},"inLanguage":"es","potentialAction":[{"@type":"ReadAction","target":["https:\/\/www.bbmnoticias.com\/labravaradiofm\/2021\/10\/01\/fanny-joven-mixe-de-oaxaca-no-se-suicido\/"]}]},{"@type":"ImageObject","inLanguage":"es","@id":"https:\/\/www.bbmnoticias.com\/labravaradiofm\/2021\/10\/01\/fanny-joven-mixe-de-oaxaca-no-se-suicido\/#primaryimage","url":"https:\/\/www.bbmnoticias.com\/labravaradiofm\/wp-content\/uploads\/sites\/5\/2021\/10\/policiaca01102021-41.jpg","contentUrl":"https:\/\/www.bbmnoticias.com\/labravaradiofm\/wp-content\/uploads\/sites\/5\/2021\/10\/policiaca01102021-41.jpg","width":625,"height":355},{"@type":"BreadcrumbList","@id":"https:\/\/www.bbmnoticias.com\/labravaradiofm\/2021\/10\/01\/fanny-joven-mixe-de-oaxaca-no-se-suicido\/#breadcrumb","itemListElement":[{"@type":"ListItem","position":1,"name":"Inicio","item":"https:\/\/www.bbmnoticias.com\/labravaradiofm\/"},{"@type":"ListItem","position":2,"name":"Fanny, joven mixe de Oaxaca, no se suicid\u00f3"}]},{"@type":"WebSite","@id":"https:\/\/www.bbmnoticias.com\/labravaradiofm\/#website","url":"https:\/\/www.bbmnoticias.com\/labravaradiofm\/","name":"LA BRAVA RADIO","description":"Empresa productora de medios, Radiodifusi\u00f3n, Noticias, tendencias y todo lo que necesitas saber de la pol\u00edtica mexicana e internacional; entretenimiento, espect\u00e1culos, salud y mucho m\u00e1s.","potentialAction":[{"@type":"SearchAction","target":{"@type":"EntryPoint","urlTemplate":"https:\/\/www.bbmnoticias.com\/labravaradiofm\/?s={search_term_string}"},"query-input":{"@type":"PropertyValueSpecification","valueRequired":true,"valueName":"search_term_string"}}],"inLanguage":"es"},{"@type":"Person","@id":"https:\/\/www.bbmnoticias.com\/labravaradiofm\/#\/schema\/person\/000bdaf0a8fb5bff0d537c4d0778e33f","name":"Agencias","image":{"@type":"ImageObject","inLanguage":"es","@id":"https:\/\/secure.gravatar.com\/avatar\/739e0b61adf9e398b425c36718c8752286da0e8cd90f20ce9a86678abc26aa0d?s=96&d=mm&r=g","url":"https:\/\/secure.gravatar.com\/avatar\/739e0b61adf9e398b425c36718c8752286da0e8cd90f20ce9a86678abc26aa0d?s=96&d=mm&r=g","contentUrl":"https:\/\/secure.gravatar.com\/avatar\/739e0b61adf9e398b425c36718c8752286da0e8cd90f20ce9a86678abc26aa0d?s=96&d=mm&r=g","caption":"Agencias"},"url":"https:\/\/www.bbmnoticias.com\/labravaradiofm\/author\/agencias\/"}]}},"_links":{"self":[{"href":"https:\/\/www.bbmnoticias.com\/labravaradiofm\/wp-json\/wp\/v2\/posts\/2986","targetHints":{"allow":["GET"]}}],"collection":[{"href":"https:\/\/www.bbmnoticias.com\/labravaradiofm\/wp-json\/wp\/v2\/posts"}],"about":[{"href":"https:\/\/www.bbmnoticias.com\/labravaradiofm\/wp-json\/wp\/v2\/types\/post"}],"author":[{"embeddable":true,"href":"https:\/\/www.bbmnoticias.com\/labravaradiofm\/wp-json\/wp\/v2\/users\/4"}],"replies":[{"embeddable":true,"href":"https:\/\/www.bbmnoticias.com\/labravaradiofm\/wp-json\/wp\/v2\/comments?post=2986"}],"version-history":[{"count":0,"href":"https:\/\/www.bbmnoticias.com\/labravaradiofm\/wp-json\/wp\/v2\/posts\/2986\/revisions"}],"wp:featuredmedia":[{"embeddable":true,"href":"https:\/\/www.bbmnoticias.com\/labravaradiofm\/wp-json\/wp\/v2\/media\/2987"}],"wp:attachment":[{"href":"https:\/\/www.bbmnoticias.com\/labravaradiofm\/wp-json\/wp\/v2\/media?parent=2986"}],"wp:term":[{"taxonomy":"category","embeddable":true,"href":"https:\/\/www.bbmnoticias.com\/labravaradiofm\/wp-json\/wp\/v2\/categories?post=2986"},{"taxonomy":"post_tag","embeddable":true,"href":"https:\/\/www.bbmnoticias.com\/labravaradiofm\/wp-json\/wp\/v2\/tags?post=2986"}],"curies":[{"name":"wp","href":"https:\/\/api.w.org\/{rel}","templated":true}]}}